{"id":74572,"date":"2022-03-31T07:50:54","date_gmt":"2022-03-31T10:50:54","guid":{"rendered":"https:\/\/www.informelitoral.com.ar\/?p=74572"},"modified":"2022-03-31T08:24:33","modified_gmt":"2022-03-31T11:24:33","slug":"sostienen-que-el-bono-alcanzaria-no-solo-a-las-jubilaciones-y-pensiones-minimas","status":"publish","type":"post","link":"https:\/\/informelitoral.com.ar\/sostienen-que-el-bono-alcanzaria-no-solo-a-las-jubilaciones-y-pensiones-minimas\/","title":{"rendered":"Sostienen que el bono alcanzar\u00eda no solo a las jubilaciones y pensiones m\u00ednimas"},"content":{"rendered":"<p>El Gobierno decidi\u00f3 otorgar un nuevo bono para reforzar los ingresos de jubilados y pensionados con haberes m\u00e1s bajos. Se anunciar\u00e1 en abril, apenas se termine de definir el monto, y\u00a0<b>beneficiar\u00e1 a alrededor de 5 millones de personas<\/b>. Seg\u00fan trascendi\u00f3, el pago extraordinario\u00a0<b>se ubicar\u00eda entre 5 mil y 8 mil pesos para la jubilaci\u00f3n m\u00ednima e ir\u00eda disminuyendo para los haberes un poco m\u00e1s altos<\/b>, hasta determinado monto, aunque fuentes oficiales evitaron referirse a las cifras.<\/p>\n<p>La jubilaci\u00f3n m\u00ednima se encuentra hoy en 32.630 pesos, monto que rige desde marzo hasta junio de este a\u00f1o de acuerdo a la actualizaci\u00f3n trimestral de la ley de movilidad. El \u00faltimo aumento, decretado en febrero, result\u00f3 del 12,28 por ciento. En ese momento se estimaba que la inflaci\u00f3n para enero-marzo ser\u00eda de 12,49 por ciento, es decir, un porcentaje similar al de la movilidad. Sin embargo, el cambio de escenario internacional llev\u00f3 al Gobierno a tomar esta decisi\u00f3n para que los jubilados no pierdan poder adquisitivo.<\/p>\n<p>De hecho, el bono podr\u00eda estar amparado en aquella palabra que el FMI incorpor\u00f3 una vez aprobado el proyecto de acuerdo: \u00abrecalibrar pol\u00edticas\u00bb dados los \u00abriesgos excepcionales\u00bb a los que est\u00e1 expuesto el programa. Es que la disparada de precios de los alimentos est\u00e1 justificada -por lo menos desde el sector privado- en el aumento de los precios internacionales dada la circunstancia excepcional de la guerra Rusia-Ucrania, se\u00f1ala el diario\u00a0<i>P\u00e1gina 12<\/i>.<\/p>\n<p><b>Qu\u00e9 pas\u00f3 hasta ahora<\/b><br \/>\nLa ley de movilidad jubilatoria que rige desde 2021 se determina seg\u00fan un \u00edndice que combina un 50 por ciento de la evoluci\u00f3n de los salarios del Indec y del Ripte (Remuneraci\u00f3n Imponible de Trabajadores Estables) &#8211; el mayor de ambos- y otro 50 por ciento de la recaudaci\u00f3n tributaria de la Anses. Como el aumento de los precios no est\u00e1 contemplado en la f\u00f3rmula, el Estado tiene la posibilidad de compensar con bonos fijos cuando es necesario.<\/p>\n<p>En 2021, la ley de movilidad concret\u00f3 subas en marzo (8,07 por ciento), junio (12,12), septiembre (12,39) y diciembre (12,11 por ciento), acumulando un 52,7 por ciento, apenas por encima de la inflaci\u00f3n, del 50,9 por ciento de 2021.<\/p>\n<p>En paralelo a los aumentos previstos operaron los bonos otorgados por el Ejecutivo. Fueron dos de 1500 pesos en abril y mayo y otro de 5000 pesos en agosto para m\u00e1s de 3,5 millones de jubilados y pensionados que perciben un haber m\u00ednimo. El \u00faltimo bono de fin de a\u00f1o alcanz\u00f3 a 4.7 millones de jubilados y pensionados y fue de 8 mil pesos para los haberes m\u00ednimos, que totalizaron en diciembre 37.061 pesos. Los bonos no se integran al haber y por lo tanto no se utilizan como base de c\u00e1lculo para aplicar la actualizaci\u00f3n prevista por la f\u00f3rmula de movilidad.<\/p>\n","protected":false},"excerpt":{"rendered":"<p>La Anses define el monto del pago extraordinario, que rondar\u00eda los 8.000 pesos y alcanzar\u00eda no solo a las jubilaciones y pensiones m\u00ednimas. Ir\u00eda disminuyendo para los haberes un poco m\u00e1s altos, hasta determinado monto.<\/p>\n","protected":false},"author":8,"featured_media":74188,"comment_status":"open","ping_status":"open","sticky":false,"template":"","format":"standard","meta":{"fifu_image_url":"","fifu_image_alt":"","footnotes":""},"categories":[1594],"tags":[269,2042,2979],"class_list":{"0":"post-74572","1":"post","2":"type-post","3":"status-publish","4":"format-standard","5":"has-post-thumbnail","7":"category-economia","8":"tag-anses","9":"tag-bono","10":"tag-jubilados-y-pensionados"},"yoast_head":"<title>Sostienen que el bono alcanzar\u00eda no solo a las jubilaciones y pensiones m\u00ednimas - Informe Litoral<\/title>\n<meta name=\"robots\" content=\"index, follow, max-snippet:-1, max-image-preview:large, max-video-preview:-1\" \/>\n<link rel=\"canonical\" href=\"https:\/\/informelitoral.com.ar\/sostienen-que-el-bono-alcanzaria-no-solo-a-las-jubilaciones-y-pensiones-minimas\/\" \/>\n<meta property=\"og:locale\" content=\"es_ES\" \/>\n<meta property=\"og:type\" content=\"article\" \/>\n<meta property=\"og:title\" content=\"Sostienen que el bono alcanzar\u00eda no solo a las jubilaciones y pensiones m\u00ednimas - Informe Litoral\" \/>\n<meta property=\"og:description\" content=\"La Anses define el monto del pago extraordinario, que rondar\u00eda los 8.000 pesos y alcanzar\u00eda no solo a las jubilaciones y pensiones m\u00ednimas. Ir\u00eda disminuyendo para los haberes un poco m\u00e1s altos, hasta determinado monto.\" \/>\n<meta property=\"og:url\" content=\"https:\/\/informelitoral.com.ar\/sostienen-que-el-bono-alcanzaria-no-solo-a-las-jubilaciones-y-pensiones-minimas\/\" \/>\n<meta property=\"og:site_name\" content=\"Informe Litoral\" \/>\n<meta property=\"article:publisher\" content=\"https:\/\/www.facebook.com\/informelitoral\/\" \/>\n<meta property=\"article:published_time\" content=\"2022-03-31T10:50:54+00:00\" \/>\n<meta property=\"article:modified_time\" content=\"2022-03-31T11:24:33+00:00\" \/>\n<meta property=\"og:image\" content=\"https:\/\/informelitoral.com.ar\/%77%70%2d%63%6f%6e%74%65%6e%74\/uploads\/2022\/03\/anses-02.jpeg\" \/>\n\t<meta property=\"og:image:width\" content=\"644\" \/>\n\t<meta property=\"og:image:height\" content=\"360\" \/>\n\t<meta property=\"og:image:type\" content=\"image\/jpeg\" \/>\n<meta name=\"author\" content=\"Sebastian\" \/>\n<meta name=\"twitter:card\" content=\"summary_large_image\" \/>\n<meta name=\"twitter:creator\" content=\"@InformeLitoral\" \/>\n<meta name=\"twitter:site\" content=\"@InformeLitoral\" \/>\n<meta name=\"twitter:label1\" content=\"Escrito por\" \/>\n\t<meta name=\"twitter:data1\" content=\"Sebastian\" \/>\n\t<meta name=\"twitter:label2\" content=\"Tiempo de lectura\" \/>\n\t<meta name=\"twitter:data2\" content=\"2 minutos\" \/>\n<script type=\"application\/ld+json\" class=\"yoast-schema-graph\">{\"@context\":\"https:\\\/\\\/schema.org\",\"@graph\":[{\"@type\":\"Article\",\"@id\":\"https:\\\/\\\/informelitoral.com.ar\\\/sostienen-que-el-bono-alcanzaria-no-solo-a-las-jubilaciones-y-pensiones-minimas\\\/#article\",\"isPartOf\":{\"@id\":\"https:\\\/\\\/informelitoral.com.ar\\\/sostienen-que-el-bono-alcanzaria-no-solo-a-las-jubilaciones-y-pensiones-minimas\\\/\"},\"author\":{\"name\":\"Sebastian\",\"@id\":\"https:\\\/\\\/informelitoral.com.ar\\\/#\\\/schema\\\/person\\\/f05f9f461677119578717524b127d6d5\"},\"headline\":\"Sostienen que el bono alcanzar\u00eda no solo a las jubilaciones y pensiones m\u00ednimas\",\"datePublished\":\"2022-03-31T10:50:54+00:00\",\"dateModified\":\"2022-03-31T11:24:33+00:00\",\"mainEntityOfPage\":{\"@id\":\"https:\\\/\\\/informelitoral.com.ar\\\/sostienen-que-el-bono-alcanzaria-no-solo-a-las-jubilaciones-y-pensiones-minimas\\\/\"},\"wordCount\":482,\"commentCount\":0,\"publisher\":{\"@id\":\"https:\\\/\\\/informelitoral.com.ar\\\/#organization\"},\"image\":{\"@id\":\"https:\\\/\\\/informelitoral.com.ar\\\/sostienen-que-el-bono-alcanzaria-no-solo-a-las-jubilaciones-y-pensiones-minimas\\\/#primaryimage\"},\"thumbnailUrl\":\"https:\\\/\\\/informelitoral.com.ar\\\/%77%70%2d%63%6f%6e%74%65%6e%74\\\/uploads\\\/2022\\\/03\\\/anses-02.jpeg\",\"keywords\":[\"Anses\",\"Bono\",\"Jubilados y Pensionados\"],\"articleSection\":[\"Econom\u00eda\"],\"inLanguage\":\"es\",\"potentialAction\":[{\"@type\":\"CommentAction\",\"name\":\"Comment\",\"target\":[\"https:\\\/\\\/informelitoral.com.ar\\\/sostienen-que-el-bono-alcanzaria-no-solo-a-las-jubilaciones-y-pensiones-minimas\\\/#respond\"]}]},{\"@type\":\"WebPage\",\"@id\":\"https:\\\/\\\/informelitoral.com.ar\\\/sostienen-que-el-bono-alcanzaria-no-solo-a-las-jubilaciones-y-pensiones-minimas\\\/\",\"url\":\"https:\\\/\\\/informelitoral.com.ar\\\/sostienen-que-el-bono-alcanzaria-no-solo-a-las-jubilaciones-y-pensiones-minimas\\\/\",\"name\":\"Sostienen que el bono alcanzar\u00eda no solo a las jubilaciones y pensiones m\u00ednimas - Informe Litoral\",\"isPartOf\":{\"@id\":\"https:\\\/\\\/informelitoral.com.ar\\\/#website\"},\"primaryImageOfPage\":{\"@id\":\"https:\\\/\\\/informelitoral.com.ar\\\/sostienen-que-el-bono-alcanzaria-no-solo-a-las-jubilaciones-y-pensiones-minimas\\\/#primaryimage\"},\"image\":{\"@id\":\"https:\\\/\\\/informelitoral.com.ar\\\/sostienen-que-el-bono-alcanzaria-no-solo-a-las-jubilaciones-y-pensiones-minimas\\\/#primaryimage\"},\"thumbnailUrl\":\"https:\\\/\\\/informelitoral.com.ar\\\/%77%70%2d%63%6f%6e%74%65%6e%74\\\/uploads\\\/2022\\\/03\\\/anses-02.jpeg\",\"datePublished\":\"2022-03-31T10:50:54+00:00\",\"dateModified\":\"2022-03-31T11:24:33+00:00\",\"breadcrumb\":{\"@id\":\"https:\\\/\\\/informelitoral.com.ar\\\/sostienen-que-el-bono-alcanzaria-no-solo-a-las-jubilaciones-y-pensiones-minimas\\\/#breadcrumb\"},\"inLanguage\":\"es\",\"potentialAction\":[{\"@type\":\"ReadAction\",\"target\":[\"https:\\\/\\\/informelitoral.com.ar\\\/sostienen-que-el-bono-alcanzaria-no-solo-a-las-jubilaciones-y-pensiones-minimas\\\/\"]}]},{\"@type\":\"ImageObject\",\"inLanguage\":\"es\",\"@id\":\"https:\\\/\\\/informelitoral.com.ar\\\/sostienen-que-el-bono-alcanzaria-no-solo-a-las-jubilaciones-y-pensiones-minimas\\\/#primaryimage\",\"url\":\"https:\\\/\\\/informelitoral.com.ar\\\/%77%70%2d%63%6f%6e%74%65%6e%74\\\/uploads\\\/2022\\\/03\\\/anses-02.jpeg\",\"contentUrl\":\"https:\\\/\\\/informelitoral.com.ar\\\/%77%70%2d%63%6f%6e%74%65%6e%74\\\/uploads\\\/2022\\\/03\\\/anses-02.jpeg\",\"width\":644,\"height\":360},{\"@type\":\"BreadcrumbList\",\"@id\":\"https:\\\/\\\/informelitoral.com.ar\\\/sostienen-que-el-bono-alcanzaria-no-solo-a-las-jubilaciones-y-pensiones-minimas\\\/#breadcrumb\",\"itemListElement\":[{\"@type\":\"ListItem\",\"position\":1,\"name\":\"Portada\",\"item\":\"https:\\\/\\\/informelitoral.com.ar\\\/\"},{\"@type\":\"ListItem\",\"position\":2,\"name\":\"Sostienen que el bono alcanzar\u00eda no solo a las jubilaciones y pensiones m\u00ednimas\"}]},{\"@type\":\"WebSite\",\"@id\":\"https:\\\/\\\/informelitoral.com.ar\\\/#website\",\"url\":\"https:\\\/\\\/informelitoral.com.ar\\\/\",\"name\":\"Informe Litoral\",\"description\":\"&quot;Nos informamos&quot; \",\"publisher\":{\"@id\":\"https:\\\/\\\/informelitoral.com.ar\\\/#organization\"},\"potentialAction\":[{\"@type\":\"SearchAction\",\"target\":{\"@type\":\"EntryPoint\",\"urlTemplate\":\"https:\\\/\\\/informelitoral.com.ar\\\/?s={search_term_string}\"},\"query-input\":{\"@type\":\"PropertyValueSpecification\",\"valueRequired\":true,\"valueName\":\"search_term_string\"}}],\"inLanguage\":\"es\"},{\"@type\":\"Organization\",\"@id\":\"https:\\\/\\\/informelitoral.com.ar\\\/#organization\",\"name\":\"Informe Litoral\",\"url\":\"https:\\\/\\\/informelitoral.com.ar\\\/\",\"logo\":{\"@type\":\"ImageObject\",\"inLanguage\":\"es\",\"@id\":\"https:\\\/\\\/informelitoral.com.ar\\\/#\\\/schema\\\/logo\\\/image\\\/\",\"url\":\"https:\\\/\\\/informelitoral.com.ar\\\/%77%70%2d%63%6f%6e%74%65%6e%74\\\/uploads\\\/2021\\\/01\\\/circulo.png\",\"contentUrl\":\"https:\\\/\\\/informelitoral.com.ar\\\/%77%70%2d%63%6f%6e%74%65%6e%74\\\/uploads\\\/2021\\\/01\\\/circulo.png\",\"width\":723,\"height\":731,\"caption\":\"Informe Litoral\"},\"image\":{\"@id\":\"https:\\\/\\\/informelitoral.com.ar\\\/#\\\/schema\\\/logo\\\/image\\\/\"},\"sameAs\":[\"https:\\\/\\\/www.facebook.com\\\/informelitoral\\\/\",\"https:\\\/\\\/x.com\\\/InformeLitoral\",\"https:\\\/\\\/www.instagram.com\\\/informelitoral\\\/\",\"https:\\\/\\\/www.youtube.com\\\/channel\\\/UCua4Qvz8Icb6MYqhoq9xLXw\"]},{\"@type\":\"Person\",\"@id\":\"https:\\\/\\\/informelitoral.com.ar\\\/#\\\/schema\\\/person\\\/f05f9f461677119578717524b127d6d5\",\"name\":\"Sebastian\",\"image\":{\"@type\":\"ImageObject\",\"inLanguage\":\"es\",\"@id\":\"https:\\\/\\\/secure.gravatar.com\\\/avatar\\\/b71bf7481d447dfb9583c7f2798e7cc64de6efb9067b74633ed8c31059a3bd82?s=96&d=mm&r=g\",\"url\":\"https:\\\/\\\/secure.gravatar.com\\\/avatar\\\/b71bf7481d447dfb9583c7f2798e7cc64de6efb9067b74633ed8c31059a3bd82?s=96&d=mm&r=g\",\"contentUrl\":\"https:\\\/\\\/secure.gravatar.com\\\/avatar\\\/b71bf7481d447dfb9583c7f2798e7cc64de6efb9067b74633ed8c31059a3bd82?s=96&d=mm&r=g\",\"caption\":\"Sebastian\"},\"url\":\"https:\\\/\\\/informelitoral.com.ar\\\/author\\\/sebastian\\\/\"}]}<\/script>","yoast_head_json":{"title":"Sostienen que el bono alcanzar\u00eda no solo a las jubilaciones y pensiones m\u00ednimas - Informe Litoral","robots":{"index":"index","follow":"follow","max-snippet":"max-snippet:-1","max-image-preview":"max-image-preview:large","max-video-preview":"max-video-preview:-1"},"canonical":"https:\/\/informelitoral.com.ar\/sostienen-que-el-bono-alcanzaria-no-solo-a-las-jubilaciones-y-pensiones-minimas\/","og_locale":"es_ES","og_type":"article","og_title":"Sostienen que el bono alcanzar\u00eda no solo a las jubilaciones y pensiones m\u00ednimas - Informe Litoral","og_description":"La Anses define el monto del pago extraordinario, que rondar\u00eda los 8.000 pesos y alcanzar\u00eda no solo a las jubilaciones y pensiones m\u00ednimas. Ir\u00eda disminuyendo para los haberes un poco m\u00e1s altos, hasta determinado monto.","og_url":"https:\/\/informelitoral.com.ar\/sostienen-que-el-bono-alcanzaria-no-solo-a-las-jubilaciones-y-pensiones-minimas\/","og_site_name":"Informe Litoral","article_publisher":"https:\/\/www.facebook.com\/informelitoral\/","article_published_time":"2022-03-31T10:50:54+00:00","article_modified_time":"2022-03-31T11:24:33+00:00","og_image":[{"width":644,"height":360,"url":"https:\/\/informelitoral.com.ar\/%77%70%2d%63%6f%6e%74%65%6e%74\/uploads\/2022\/03\/anses-02.jpeg","type":"image\/jpeg"}],"author":"Sebastian","twitter_card":"summary_large_image","twitter_creator":"@InformeLitoral","twitter_site":"@InformeLitoral","twitter_misc":{"Escrito por":"Sebastian","Tiempo de lectura":"2 minutos"},"schema":{"@context":"https:\/\/schema.org","@graph":[{"@type":"Article","@id":"https:\/\/informelitoral.com.ar\/sostienen-que-el-bono-alcanzaria-no-solo-a-las-jubilaciones-y-pensiones-minimas\/#article","isPartOf":{"@id":"https:\/\/informelitoral.com.ar\/sostienen-que-el-bono-alcanzaria-no-solo-a-las-jubilaciones-y-pensiones-minimas\/"},"author":{"name":"Sebastian","@id":"https:\/\/informelitoral.com.ar\/#\/schema\/person\/f05f9f461677119578717524b127d6d5"},"headline":"Sostienen que el bono alcanzar\u00eda no solo a las jubilaciones y pensiones m\u00ednimas","datePublished":"2022-03-31T10:50:54+00:00","dateModified":"2022-03-31T11:24:33+00:00","mainEntityOfPage":{"@id":"https:\/\/informelitoral.com.ar\/sostienen-que-el-bono-alcanzaria-no-solo-a-las-jubilaciones-y-pensiones-minimas\/"},"wordCount":482,"commentCount":0,"publisher":{"@id":"https:\/\/informelitoral.com.ar\/#organization"},"image":{"@id":"https:\/\/informelitoral.com.ar\/sostienen-que-el-bono-alcanzaria-no-solo-a-las-jubilaciones-y-pensiones-minimas\/#primaryimage"},"thumbnailUrl":"https:\/\/informelitoral.com.ar\/%77%70%2d%63%6f%6e%74%65%6e%74\/uploads\/2022\/03\/anses-02.jpeg","keywords":["Anses","Bono","Jubilados y Pensionados"],"articleSection":["Econom\u00eda"],"inLanguage":"es","potentialAction":[{"@type":"CommentAction","name":"Comment","target":["https:\/\/informelitoral.com.ar\/sostienen-que-el-bono-alcanzaria-no-solo-a-las-jubilaciones-y-pensiones-minimas\/#respond"]}]},{"@type":"WebPage","@id":"https:\/\/informelitoral.com.ar\/sostienen-que-el-bono-alcanzaria-no-solo-a-las-jubilaciones-y-pensiones-minimas\/","url":"https:\/\/informelitoral.com.ar\/sostienen-que-el-bono-alcanzaria-no-solo-a-las-jubilaciones-y-pensiones-minimas\/","name":"Sostienen que el bono alcanzar\u00eda no solo a las jubilaciones y pensiones m\u00ednimas - Informe Litoral","isPartOf":{"@id":"https:\/\/informelitoral.com.ar\/#website"},"primaryImageOfPage":{"@id":"https:\/\/informelitoral.com.ar\/sostienen-que-el-bono-alcanzaria-no-solo-a-las-jubilaciones-y-pensiones-minimas\/#primaryimage"},"image":{"@id":"https:\/\/informelitoral.com.ar\/sostienen-que-el-bono-alcanzaria-no-solo-a-las-jubilaciones-y-pensiones-minimas\/#primaryimage"},"thumbnailUrl":"https:\/\/informelitoral.com.ar\/%77%70%2d%63%6f%6e%74%65%6e%74\/uploads\/2022\/03\/anses-02.jpeg","datePublished":"2022-03-31T10:50:54+00:00","dateModified":"2022-03-31T11:24:33+00:00","breadcrumb":{"@id":"https:\/\/informelitoral.com.ar\/sostienen-que-el-bono-alcanzaria-no-solo-a-las-jubilaciones-y-pensiones-minimas\/#breadcrumb"},"inLanguage":"es","potentialAction":[{"@type":"ReadAction","target":["https:\/\/informelitoral.com.ar\/sostienen-que-el-bono-alcanzaria-no-solo-a-las-jubilaciones-y-pensiones-minimas\/"]}]},{"@type":"ImageObject","inLanguage":"es","@id":"https:\/\/informelitoral.com.ar\/sostienen-que-el-bono-alcanzaria-no-solo-a-las-jubilaciones-y-pensiones-minimas\/#primaryimage","url":"https:\/\/informelitoral.com.ar\/%77%70%2d%63%6f%6e%74%65%6e%74\/uploads\/2022\/03\/anses-02.jpeg","contentUrl":"https:\/\/informelitoral.com.ar\/%77%70%2d%63%6f%6e%74%65%6e%74\/uploads\/2022\/03\/anses-02.jpeg","width":644,"height":360},{"@type":"BreadcrumbList","@id":"https:\/\/informelitoral.com.ar\/sostienen-que-el-bono-alcanzaria-no-solo-a-las-jubilaciones-y-pensiones-minimas\/#breadcrumb","itemListElement":[{"@type":"ListItem","position":1,"name":"Portada","item":"https:\/\/informelitoral.com.ar\/"},{"@type":"ListItem","position":2,"name":"Sostienen que el bono alcanzar\u00eda no solo a las jubilaciones y pensiones m\u00ednimas"}]},{"@type":"WebSite","@id":"https:\/\/informelitoral.com.ar\/#website","url":"https:\/\/informelitoral.com.ar\/","name":"Informe Litoral","description":"&quot;Nos informamos&quot; ","publisher":{"@id":"https:\/\/informelitoral.com.ar\/#organization"},"potentialAction":[{"@type":"SearchAction","target":{"@type":"EntryPoint","urlTemplate":"https:\/\/informelitoral.com.ar\/?s={search_term_string}"},"query-input":{"@type":"PropertyValueSpecification","valueRequired":true,"valueName":"search_term_string"}}],"inLanguage":"es"},{"@type":"Organization","@id":"https:\/\/informelitoral.com.ar\/#organization","name":"Informe Litoral","url":"https:\/\/informelitoral.com.ar\/","logo":{"@type":"ImageObject","inLanguage":"es","@id":"https:\/\/informelitoral.com.ar\/#\/schema\/logo\/image\/","url":"https:\/\/informelitoral.com.ar\/%77%70%2d%63%6f%6e%74%65%6e%74\/uploads\/2021\/01\/circulo.png","contentUrl":"https:\/\/informelitoral.com.ar\/%77%70%2d%63%6f%6e%74%65%6e%74\/uploads\/2021\/01\/circulo.png","width":723,"height":731,"caption":"Informe Litoral"},"image":{"@id":"https:\/\/informelitoral.com.ar\/#\/schema\/logo\/image\/"},"sameAs":["https:\/\/www.facebook.com\/informelitoral\/","https:\/\/x.com\/InformeLitoral","https:\/\/www.instagram.com\/informelitoral\/","https:\/\/www.youtube.com\/channel\/UCua4Qvz8Icb6MYqhoq9xLXw"]},{"@type":"Person","@id":"https:\/\/informelitoral.com.ar\/#\/schema\/person\/f05f9f461677119578717524b127d6d5","name":"Sebastian","image":{"@type":"ImageObject","inLanguage":"es","@id":"https:\/\/secure.gravatar.com\/avatar\/b71bf7481d447dfb9583c7f2798e7cc64de6efb9067b74633ed8c31059a3bd82?s=96&d=mm&r=g","url":"https:\/\/secure.gravatar.com\/avatar\/b71bf7481d447dfb9583c7f2798e7cc64de6efb9067b74633ed8c31059a3bd82?s=96&d=mm&r=g","contentUrl":"https:\/\/secure.gravatar.com\/avatar\/b71bf7481d447dfb9583c7f2798e7cc64de6efb9067b74633ed8c31059a3bd82?s=96&d=mm&r=g","caption":"Sebastian"},"url":"https:\/\/informelitoral.com.ar\/author\/sebastian\/"}]}},"_links":{"self":[{"href":"https:\/\/informelitoral.com.ar\/%77%70%2d%6a%73%6f%6e\/wp\/v2\/posts\/74572","targetHints":{"allow":["GET"]}}],"collection":[{"href":"https:\/\/informelitoral.com.ar\/%77%70%2d%6a%73%6f%6e\/wp\/v2\/posts"}],"about":[{"href":"https:\/\/informelitoral.com.ar\/%77%70%2d%6a%73%6f%6e\/wp\/v2\/types\/post"}],"author":[{"embeddable":true,"href":"https:\/\/informelitoral.com.ar\/%77%70%2d%6a%73%6f%6e\/wp\/v2\/users\/8"}],"replies":[{"embeddable":true,"href":"https:\/\/informelitoral.com.ar\/%77%70%2d%6a%73%6f%6e\/wp\/v2\/comments?post=74572"}],"version-history":[{"count":0,"href":"https:\/\/informelitoral.com.ar\/%77%70%2d%6a%73%6f%6e\/wp\/v2\/posts\/74572\/revisions"}],"wp:featuredmedia":[{"embeddable":true,"href":"https:\/\/informelitoral.com.ar\/%77%70%2d%6a%73%6f%6e\/wp\/v2\/media\/74188"}],"wp:attachment":[{"href":"https:\/\/informelitoral.com.ar\/%77%70%2d%6a%73%6f%6e\/wp\/v2\/media?parent=74572"}],"wp:term":[{"taxonomy":"category","embeddable":true,"href":"https:\/\/informelitoral.com.ar\/%77%70%2d%6a%73%6f%6e\/wp\/v2\/categories?post=74572"},{"taxonomy":"post_tag","embeddable":true,"href":"https:\/\/informelitoral.com.ar\/%77%70%2d%6a%73%6f%6e\/wp\/v2\/tags?post=74572"}],"curies":[{"name":"wp","href":"https:\/\/api.w.org\/{rel}","templated":true}]}}