{"id":74533,"date":"2022-03-30T18:10:06","date_gmt":"2022-03-30T21:10:06","guid":{"rendered":"https:\/\/www.informelitoral.com.ar\/?p=74533"},"modified":"2022-03-30T18:12:59","modified_gmt":"2022-03-30T21:12:59","slug":"inauguraron-el-edificio-propio-para-el-jardin-maternal-municipal-de-valle-maria","status":"publish","type":"post","link":"https:\/\/informelitoral.com.ar\/inauguraron-el-edificio-propio-para-el-jardin-maternal-municipal-de-valle-maria\/","title":{"rendered":"Inauguraron el edificio propio para el Jard\u00edn Maternal Municipal de Valle Mar\u00eda"},"content":{"rendered":"<p class=\"rtejustify\">Durante el acto inaugural, el intendente, <strong>Mario Sokolovsky<\/strong>, expres\u00f3 su emoci\u00f3n y su felicidad al poder ver concretada esta obra; recordando que fue hace ya 35 a\u00f1os cuando se inaugur\u00f3 el \u00faltimo edificio para una instituci\u00f3n educativa en la localidad: \u201c<em>No se inaugura todos los d\u00edas, ni todos los a\u00f1os, un edificio escolar; por lo que el d\u00eda de hoy representa un gran orgullo para nuestro pueblo<\/em>\u201d, destac\u00f3.<\/p>\n<p class=\"rtejustify\"><a href=\"https:\/\/www.informelitoral.com.ar\/%77%70%2d%63%6f%6e%74%65%6e%74\/uploads\/2022\/03\/jardin_portada_01.jpg\"><img loading=\"lazy\" decoding=\"async\" class=\"aligncenter wp-image-74534 size-full\" src=\"https:\/\/www.informelitoral.com.ar\/%77%70%2d%63%6f%6e%74%65%6e%74\/uploads\/2022\/03\/jardin_portada_01.jpg\" alt=\"\" width=\"848\" height=\"477\" srcset=\"https:\/\/informelitoral.com.ar\/%77%70%2d%63%6f%6e%74%65%6e%74\/uploads\/2022\/03\/jardin_portada_01.jpg 848w, https:\/\/informelitoral.com.ar\/%77%70%2d%63%6f%6e%74%65%6e%74\/uploads\/2022\/03\/jardin_portada_01-300x169.jpg 300w, https:\/\/informelitoral.com.ar\/%77%70%2d%63%6f%6e%74%65%6e%74\/uploads\/2022\/03\/jardin_portada_01-768x432.jpg 768w, https:\/\/informelitoral.com.ar\/%77%70%2d%63%6f%6e%74%65%6e%74\/uploads\/2022\/03\/jardin_portada_01-696x392.jpg 696w, https:\/\/informelitoral.com.ar\/%77%70%2d%63%6f%6e%74%65%6e%74\/uploads\/2022\/03\/jardin_portada_01-747x420.jpg 747w\" sizes=\"auto, (max-width: 848px) 100vw, 848px\" \/><\/a><\/p>\n<p class=\"rtejustify\">El intendente transmiti\u00f3 las palabras de <strong>Sonia Sokolovsky,<\/strong> encargada del \u00e1rea de Desarrollo Social de la Municipalidad, que \u2013 asegur\u00f3 el mandatario \u2013 expresan el sentir de todos en la Municipalidad:<\/p>\n<p class=\"rtejustify\">\u201c<em>Sentimos una enorme felicidad y satisfacci\u00f3n de poder darles hoy un edificio pensado, dise\u00f1ado y llevado a cabo para los m\u00e1s peque\u00f1os. Ser\u00e1n ellos y ellas quienes le dar\u00e1n vida cada d\u00eda, en cada momento, con sus voces, sus risas, sus juegos y sus trabajitos, donde se expresen creativamente. <\/em><em>De nuestra parte, seguiremos dando todo lo necesario para que as\u00ed sea: un lugar seguro donde puedan sentirse felices, contenidos, y sus padres tranquilos y confiados de que nuestro principal objetivo fue, es, y seguir\u00e1 siendo brindarles la mejor atenci\u00f3n y el cuidado que, sin dudas, se merecen<\/em>.\u201d<\/p>\n<p class=\"rtejustify\">El intendente Sokolovsky agradeci\u00f3 a todo el personal de la Municipalidad que particip\u00f3 para hacer posible esta obra. Asimismo, extendi\u00f3 el agradecimiento hacia <strong>Arsenio Ortman,<\/strong> ya que la obra ven\u00eda siendo gestionada desde el per\u00edodo de su mandato. Y expres\u00f3 tambi\u00e9n su gratitud hacia la senadora<strong> Claudia Gieco<\/strong> y del diputado<strong> Jorge C\u00e1ceres,<\/strong> por su apoyo; al gobernador Bordet y a todo su equipo de trabajo; a la ministra <strong>Marisa Paira<\/strong>; a <strong>Enrique Cresto<\/strong> y su equipo de trabajo; al presidente de la Naci\u00f3n, <strong>Alberto Fern\u00e1ndez<\/strong>; al ministro de obras p\u00fablicas, <strong>Gabriel Katopodis<\/strong>; a <strong>Mart\u00edn M\u00fclle<\/strong>r y a todas las autoridades de Educaci\u00f3n; a las autoridades y abanderados de las escuelas locales que participaron del acto; y al personal del Jard\u00edn.<\/p>\n<p class=\"rtejustify\">Por su parte, el secretario de Gobierno, <strong>Lisandro Kranewitter,<\/strong> brind\u00f3 detalles acerca de la obra, que fue efectuada con fondos logrados a partir el programa <em>\u201cArgentina Hace\u201d.<\/em><\/p>\n<h4><strong>Detalles del edificio\u00a0<\/strong><\/h4>\n<p class=\"rtejustify\">Se trata de un edificio de cerca de 550 metros cuadrados cubiertos, con tres \u00e1mplias salas. Una de estas salas est\u00e1 especialmente preparada para lactantes \u2013con un sector de cunas y una sala de lactancia. Las instalaciones incluyen, adem\u00e1s, un SUM, una cocina, oficinas, dep\u00f3sito, lavadero, y un patio.<\/p>\n<p class=\"rtejustify\">La iluminaci\u00f3n y ventilaci\u00f3n son elementos fundamentales en el dise\u00f1o; as\u00ed como la adecuaci\u00f3n a los m\u00e1s chiquitos, que se puede observar, por ejemplo, en los ba\u00f1os de salas y en los piletones con grifer\u00edas autom\u00e1ticas, que se ubican a 50 cent\u00edmetros del piso.<\/p>\n<p class=\"rtejustify\">\u201c<em>Sin miedo a equivocarme, les digo que este es el edificio m\u00e1s completo que tenemos en Valle Mar\u00eda<\/em>\u201d, asegur\u00f3 Kranewitter y destac\u00f3 el hecho de que, a pesar de que la construcci\u00f3n fue influida por las dificultades propias de la pandemia de Covid, \u201c<em>se trabajaron 105 d\u00edas: 5 meses y una semana. De modo que, de no haber sido afectados por la pandemia, no s\u00f3lo lo hubi\u00e9semos terminado en 6 meses, sino que nos hubiesen sobrado 3 semanas. Eso es un claro ejemplo de que, cuando nos fijamos una meta y nos ponemos a trabajar en equipo, el objetivo se logra, y est\u00e1 a mis espaldas<\/em>.\u201d<\/p>\n<p class=\"rtejustify\">El secretario de Gobierno agradeci\u00f3 a todas las personas que trabajaron en el Jard\u00edn. A la constructora local que, adem\u00e1s de realizar el trabajo con responsabilidad, enarbol\u00f3 la bandera de la igualdad de g\u00e9nero, que es algo a destacar. A todos los terciarizados y proveedores que trabajaron para poder cumplir con la meta en tiempo y forma. Al personal que se encarg\u00f3 de la limpieza. A los y las vecinas que ofrecieron su ayuda desinteresada. A <strong>Alejandra Sokolovsky,<\/strong> por todas las horas invertidas en esta obra. Y a <strong>Carolina\u00a0<\/strong><b>Jord\u00e1n<\/b>, \u201cquien se encarg\u00f3 de rendir cada centavo que ingres\u00f3 por esta obra, seguramente la actividad menos visible, pero no menos importante de este proyecto\u00bb. \u201c<em>Sin cada uno de ellos, nada de esto hubiera sido posible<\/em>\u201d, afirm\u00f3.<\/p>\n<p class=\"rtejustify\">La ministra de Desarrollo Social, <strong>Marisa Paira<\/strong>, junto al intendente fueron los encargados de descubrir la placa en el frente del edificio y de realizar el simb\u00f3lico corte de cintas.<\/p>\n<p class=\"rtejustify\">Al dirigir sus palabras, la ministra salud\u00f3 y felicit\u00f3 a toda la comunidad y a las familias que integran el Jard\u00edn. Asimismo, hizo hincapi\u00e9 en la importancia que representa para el Estado el poder garantizar espacios de derechos, como es el Jard\u00edn Maternal. En este sentido, destac\u00f3 el rol del Plan Nacional de Primera Infancia, \u201c<em>cuyo objetivo es garantizar un cuidado de calidad para todos los ni\u00f1os y ni\u00f1as de nuestro pa\u00eds<\/em>\u201d.<\/p>\n<p class=\"rtejustify\">La ministra Paira subray\u00f3 las palabras de la directora de nivel inicial de la Provincia de Entre R\u00edos, Patricia L\u00f3pez, quien manifest\u00f3 la necesidad de seguir una \u201c<em>pedagog\u00eda del cuidado<\/em>\u201d, donde el eje est\u00e9 en \u201c<em>fortalecer a la familia, cuidar, acercar derechos y, tambi\u00e9n, educar<\/em>\u201d.<\/p>\n<p class=\"rtejustify\">Paira transmiti\u00f3 la intenci\u00f3n del gobernador de trabajar de la mano con el Gobierno nacional, para acercar la posibilidad, a cada gobierno local de la provincia, de tener los espacios de cuidado necesarios. Esto en el marco de la ley de los mil d\u00edas: \u201c<em>Estamos convencidos que acompa\u00f1ar el desarrollo de los ni\u00f1os y ni\u00f1as durante sus primeros tres a\u00f1os es fundamental; porque lo que no hagamos ah\u00ed, marca desigualdades que despu\u00e9s no las podemos retomar<\/em>\u201d, destac\u00f3 la ministra.<\/p>\n<p class=\"rtejustify\">El delegado territorial del Enohsa en Entre R\u00edos, <strong>Nicol\u00e1s Mathieu<\/strong>, por su parte, felicit\u00f3 a todo el equipo del municipio que trabaj\u00f3 para hacer posible esta obra.<\/p>\n<p class=\"rtejustify\">\u201c<em>Estas son las obras m\u00e1s lindas \u2013\u00a0<\/em>asegur\u00f3<em>\u00a0\u2013 porque m\u00e1s all\u00e1 de dar respuestas a las necesidades de la comunidad, y m\u00e1s all\u00e1 de generar puestos de trabajo, demuestran tambi\u00e9n que hay un Estado presente, que abraza a la familia y que trabaja pensando en los ni\u00f1os<\/em>\u201d.<\/p>\n<p class=\"rtejustify\">Mathieu acerc\u00f3 al intendente la invitaci\u00f3n de Enrique Cresto, director de Enohsa, del ministro Katopodis, y de todo el ministerio de obras p\u00fablicas, de continuar trabajando juntos: \u201c<em>lo que nos une es el deseo por una Valle Mar\u00eda mejor, un Entre r\u00edos Mejor y un pa\u00eds mejor. Y esto se va a hacer si lo haceos de esta manera: trabajando juntos, generando trabajo, generando oportunidades ,y pensando en los que m\u00e1s lo necesitan<\/em>\u201d, expres\u00f3.<\/p>\n","protected":false},"excerpt":{"rendered":"<p>Se trata de un edificio de cerca de 550 metros cuadrados cubiertos, con tres amplias salas. Las instalaciones incluyen, adem\u00e1s, un SUM, una cocina, oficinas, dep\u00f3sito, lavadero, y un patio.<\/p>\n","protected":false},"author":2,"featured_media":74535,"comment_status":"open","ping_status":"open","sticky":false,"template":"","format":"standard","meta":{"fifu_image_url":"","fifu_image_alt":"","footnotes":""},"categories":[5],"tags":[111,2714,201,61],"class_list":{"0":"post-74533","1":"post","2":"type-post","3":"status-publish","4":"format-standard","5":"has-post-thumbnail","7":"category-zonales","8":"tag-municipales","9":"tag-municipalidad-de-valle-maria","10":"tag-municipios","11":"tag-valle-maria"},"yoast_head":"<title>Inauguraron el edificio propio para el Jard\u00edn Maternal Municipal de Valle Mar\u00eda - Informe Litoral<\/title>\n<meta name=\"robots\" content=\"index, follow, max-snippet:-1, max-image-preview:large, max-video-preview:-1\" \/>\n<link rel=\"canonical\" href=\"https:\/\/informelitoral.com.ar\/inauguraron-el-edificio-propio-para-el-jardin-maternal-municipal-de-valle-maria\/\" \/>\n<meta property=\"og:locale\" content=\"es_ES\" \/>\n<meta property=\"og:type\" content=\"article\" \/>\n<meta property=\"og:title\" content=\"Inauguraron el edificio propio para el Jard\u00edn Maternal Municipal de Valle Mar\u00eda - Informe Litoral\" \/>\n<meta property=\"og:description\" content=\"Se trata de un edificio de cerca de 550 metros cuadrados cubiertos, con tres amplias salas. Las instalaciones incluyen, adem\u00e1s, un SUM, una cocina, oficinas, dep\u00f3sito, lavadero, y un patio.\" \/>\n<meta property=\"og:url\" content=\"https:\/\/informelitoral.com.ar\/inauguraron-el-edificio-propio-para-el-jardin-maternal-municipal-de-valle-maria\/\" \/>\n<meta property=\"og:site_name\" content=\"Informe Litoral\" \/>\n<meta property=\"article:publisher\" content=\"https:\/\/www.facebook.com\/informelitoral\/\" \/>\n<meta property=\"article:published_time\" content=\"2022-03-30T21:10:06+00:00\" \/>\n<meta property=\"article:modified_time\" content=\"2022-03-30T21:12:59+00:00\" \/>\n<meta property=\"og:image\" content=\"https:\/\/informelitoral.com.ar\/%77%70%2d%63%6f%6e%74%65%6e%74\/uploads\/2022\/03\/jardin19-scaled.jpg\" \/>\n\t<meta property=\"og:image:width\" content=\"2560\" \/>\n\t<meta property=\"og:image:height\" content=\"1920\" \/>\n\t<meta property=\"og:image:type\" content=\"image\/jpeg\" \/>\n<meta name=\"author\" content=\"Gonzalo Schmidt\" \/>\n<meta name=\"twitter:card\" content=\"summary_large_image\" \/>\n<meta name=\"twitter:creator\" content=\"@InformeLitoral\" \/>\n<meta name=\"twitter:site\" content=\"@InformeLitoral\" \/>\n<meta name=\"twitter:label1\" content=\"Escrito por\" \/>\n\t<meta name=\"twitter:data1\" content=\"Gonzalo Schmidt\" \/>\n\t<meta name=\"twitter:label2\" content=\"Tiempo de lectura\" \/>\n\t<meta name=\"twitter:data2\" content=\"6 minutos\" \/>\n<script type=\"application\/ld+json\" class=\"yoast-schema-graph\">{\"@context\":\"https:\\\/\\\/schema.org\",\"@graph\":[{\"@type\":\"Article\",\"@id\":\"https:\\\/\\\/informelitoral.com.ar\\\/inauguraron-el-edificio-propio-para-el-jardin-maternal-municipal-de-valle-maria\\\/#article\",\"isPartOf\":{\"@id\":\"https:\\\/\\\/informelitoral.com.ar\\\/inauguraron-el-edificio-propio-para-el-jardin-maternal-municipal-de-valle-maria\\\/\"},\"author\":{\"name\":\"Gonzalo Schmidt\",\"@id\":\"https:\\\/\\\/informelitoral.com.ar\\\/#\\\/schema\\\/person\\\/b9d00407c836482871ef1d57bf8e3180\"},\"headline\":\"Inauguraron el edificio propio para el Jard\u00edn Maternal Municipal de Valle Mar\u00eda\",\"datePublished\":\"2022-03-30T21:10:06+00:00\",\"dateModified\":\"2022-03-30T21:12:59+00:00\",\"mainEntityOfPage\":{\"@id\":\"https:\\\/\\\/informelitoral.com.ar\\\/inauguraron-el-edificio-propio-para-el-jardin-maternal-municipal-de-valle-maria\\\/\"},\"wordCount\":1126,\"commentCount\":0,\"publisher\":{\"@id\":\"https:\\\/\\\/informelitoral.com.ar\\\/#organization\"},\"image\":{\"@id\":\"https:\\\/\\\/informelitoral.com.ar\\\/inauguraron-el-edificio-propio-para-el-jardin-maternal-municipal-de-valle-maria\\\/#primaryimage\"},\"thumbnailUrl\":\"https:\\\/\\\/informelitoral.com.ar\\\/%77%70%2d%63%6f%6e%74%65%6e%74\\\/uploads\\\/2022\\\/03\\\/jardin19-scaled.jpg\",\"keywords\":[\"Municipales\",\"Municipalidad de Valle Mar\u00eda\",\"Municipios\",\"Valle Mar\u00eda\"],\"articleSection\":[\"Departamento Diamante\"],\"inLanguage\":\"es\",\"potentialAction\":[{\"@type\":\"CommentAction\",\"name\":\"Comment\",\"target\":[\"https:\\\/\\\/informelitoral.com.ar\\\/inauguraron-el-edificio-propio-para-el-jardin-maternal-municipal-de-valle-maria\\\/#respond\"]}]},{\"@type\":\"WebPage\",\"@id\":\"https:\\\/\\\/informelitoral.com.ar\\\/inauguraron-el-edificio-propio-para-el-jardin-maternal-municipal-de-valle-maria\\\/\",\"url\":\"https:\\\/\\\/informelitoral.com.ar\\\/inauguraron-el-edificio-propio-para-el-jardin-maternal-municipal-de-valle-maria\\\/\",\"name\":\"Inauguraron el edificio propio para el Jard\u00edn Maternal Municipal de Valle Mar\u00eda - Informe Litoral\",\"isPartOf\":{\"@id\":\"https:\\\/\\\/informelitoral.com.ar\\\/#website\"},\"primaryImageOfPage\":{\"@id\":\"https:\\\/\\\/informelitoral.com.ar\\\/inauguraron-el-edificio-propio-para-el-jardin-maternal-municipal-de-valle-maria\\\/#primaryimage\"},\"image\":{\"@id\":\"https:\\\/\\\/informelitoral.com.ar\\\/inauguraron-el-edificio-propio-para-el-jardin-maternal-municipal-de-valle-maria\\\/#primaryimage\"},\"thumbnailUrl\":\"https:\\\/\\\/informelitoral.com.ar\\\/%77%70%2d%63%6f%6e%74%65%6e%74\\\/uploads\\\/2022\\\/03\\\/jardin19-scaled.jpg\",\"datePublished\":\"2022-03-30T21:10:06+00:00\",\"dateModified\":\"2022-03-30T21:12:59+00:00\",\"breadcrumb\":{\"@id\":\"https:\\\/\\\/informelitoral.com.ar\\\/inauguraron-el-edificio-propio-para-el-jardin-maternal-municipal-de-valle-maria\\\/#breadcrumb\"},\"inLanguage\":\"es\",\"potentialAction\":[{\"@type\":\"ReadAction\",\"target\":[\"https:\\\/\\\/informelitoral.com.ar\\\/inauguraron-el-edificio-propio-para-el-jardin-maternal-municipal-de-valle-maria\\\/\"]}]},{\"@type\":\"ImageObject\",\"inLanguage\":\"es\",\"@id\":\"https:\\\/\\\/informelitoral.com.ar\\\/inauguraron-el-edificio-propio-para-el-jardin-maternal-municipal-de-valle-maria\\\/#primaryimage\",\"url\":\"https:\\\/\\\/informelitoral.com.ar\\\/%77%70%2d%63%6f%6e%74%65%6e%74\\\/uploads\\\/2022\\\/03\\\/jardin19-scaled.jpg\",\"contentUrl\":\"https:\\\/\\\/informelitoral.com.ar\\\/%77%70%2d%63%6f%6e%74%65%6e%74\\\/uploads\\\/2022\\\/03\\\/jardin19-scaled.jpg\",\"width\":2560,\"height\":1920},{\"@type\":\"BreadcrumbList\",\"@id\":\"https:\\\/\\\/informelitoral.com.ar\\\/inauguraron-el-edificio-propio-para-el-jardin-maternal-municipal-de-valle-maria\\\/#breadcrumb\",\"itemListElement\":[{\"@type\":\"ListItem\",\"position\":1,\"name\":\"Portada\",\"item\":\"https:\\\/\\\/informelitoral.com.ar\\\/\"},{\"@type\":\"ListItem\",\"position\":2,\"name\":\"Inauguraron el edificio propio para el Jard\u00edn Maternal Municipal de Valle Mar\u00eda\"}]},{\"@type\":\"WebSite\",\"@id\":\"https:\\\/\\\/informelitoral.com.ar\\\/#website\",\"url\":\"https:\\\/\\\/informelitoral.com.ar\\\/\",\"name\":\"Informe Litoral\",\"description\":\"&quot;Nos informamos&quot; \",\"publisher\":{\"@id\":\"https:\\\/\\\/informelitoral.com.ar\\\/#organization\"},\"potentialAction\":[{\"@type\":\"SearchAction\",\"target\":{\"@type\":\"EntryPoint\",\"urlTemplate\":\"https:\\\/\\\/informelitoral.com.ar\\\/?s={search_term_string}\"},\"query-input\":{\"@type\":\"PropertyValueSpecification\",\"valueRequired\":true,\"valueName\":\"search_term_string\"}}],\"inLanguage\":\"es\"},{\"@type\":\"Organization\",\"@id\":\"https:\\\/\\\/informelitoral.com.ar\\\/#organization\",\"name\":\"Informe Litoral\",\"url\":\"https:\\\/\\\/informelitoral.com.ar\\\/\",\"logo\":{\"@type\":\"ImageObject\",\"inLanguage\":\"es\",\"@id\":\"https:\\\/\\\/informelitoral.com.ar\\\/#\\\/schema\\\/logo\\\/image\\\/\",\"url\":\"https:\\\/\\\/informelitoral.com.ar\\\/%77%70%2d%63%6f%6e%74%65%6e%74\\\/uploads\\\/2021\\\/01\\\/circulo.png\",\"contentUrl\":\"https:\\\/\\\/informelitoral.com.ar\\\/%77%70%2d%63%6f%6e%74%65%6e%74\\\/uploads\\\/2021\\\/01\\\/circulo.png\",\"width\":723,\"height\":731,\"caption\":\"Informe Litoral\"},\"image\":{\"@id\":\"https:\\\/\\\/informelitoral.com.ar\\\/#\\\/schema\\\/logo\\\/image\\\/\"},\"sameAs\":[\"https:\\\/\\\/www.facebook.com\\\/informelitoral\\\/\",\"https:\\\/\\\/x.com\\\/InformeLitoral\",\"https:\\\/\\\/www.instagram.com\\\/informelitoral\\\/\",\"https:\\\/\\\/www.youtube.com\\\/channel\\\/UCua4Qvz8Icb6MYqhoq9xLXw\"]},{\"@type\":\"Person\",\"@id\":\"https:\\\/\\\/informelitoral.com.ar\\\/#\\\/schema\\\/person\\\/b9d00407c836482871ef1d57bf8e3180\",\"name\":\"Gonzalo Schmidt\",\"image\":{\"@type\":\"ImageObject\",\"inLanguage\":\"es\",\"@id\":\"https:\\\/\\\/secure.gravatar.com\\\/avatar\\\/31a1a7b66ff2de83bd0e9fd79d026630d2d99e55e8bfe501287647b4fd9743de?s=96&d=mm&r=g\",\"url\":\"https:\\\/\\\/secure.gravatar.com\\\/avatar\\\/31a1a7b66ff2de83bd0e9fd79d026630d2d99e55e8bfe501287647b4fd9743de?s=96&d=mm&r=g\",\"contentUrl\":\"https:\\\/\\\/secure.gravatar.com\\\/avatar\\\/31a1a7b66ff2de83bd0e9fd79d026630d2d99e55e8bfe501287647b4fd9743de?s=96&d=mm&r=g\",\"caption\":\"Gonzalo Schmidt\"},\"description\":\"Sitio web de noticias de la provincia de Entre R\u00edos, Argentina. Informaci\u00f3n y entretenimiento. Informe Litoral, nos informamos.\",\"sameAs\":[\"http:\\\/\\\/www.isletasnoticias.com.ar\"],\"url\":\"https:\\\/\\\/informelitoral.com.ar\\\/author\\\/gonzalo\\\/\"}]}<\/script>","yoast_head_json":{"title":"Inauguraron el edificio propio para el Jard\u00edn Maternal Municipal de Valle Mar\u00eda - Informe Litoral","robots":{"index":"index","follow":"follow","max-snippet":"max-snippet:-1","max-image-preview":"max-image-preview:large","max-video-preview":"max-video-preview:-1"},"canonical":"https:\/\/informelitoral.com.ar\/inauguraron-el-edificio-propio-para-el-jardin-maternal-municipal-de-valle-maria\/","og_locale":"es_ES","og_type":"article","og_title":"Inauguraron el edificio propio para el Jard\u00edn Maternal Municipal de Valle Mar\u00eda - Informe Litoral","og_description":"Se trata de un edificio de cerca de 550 metros cuadrados cubiertos, con tres amplias salas. Las instalaciones incluyen, adem\u00e1s, un SUM, una cocina, oficinas, dep\u00f3sito, lavadero, y un patio.","og_url":"https:\/\/informelitoral.com.ar\/inauguraron-el-edificio-propio-para-el-jardin-maternal-municipal-de-valle-maria\/","og_site_name":"Informe Litoral","article_publisher":"https:\/\/www.facebook.com\/informelitoral\/","article_published_time":"2022-03-30T21:10:06+00:00","article_modified_time":"2022-03-30T21:12:59+00:00","og_image":[{"width":2560,"height":1920,"url":"https:\/\/informelitoral.com.ar\/%77%70%2d%63%6f%6e%74%65%6e%74\/uploads\/2022\/03\/jardin19-scaled.jpg","type":"image\/jpeg"}],"author":"Gonzalo Schmidt","twitter_card":"summary_large_image","twitter_creator":"@InformeLitoral","twitter_site":"@InformeLitoral","twitter_misc":{"Escrito por":"Gonzalo Schmidt","Tiempo de lectura":"6 minutos"},"schema":{"@context":"https:\/\/schema.org","@graph":[{"@type":"Article","@id":"https:\/\/informelitoral.com.ar\/inauguraron-el-edificio-propio-para-el-jardin-maternal-municipal-de-valle-maria\/#article","isPartOf":{"@id":"https:\/\/informelitoral.com.ar\/inauguraron-el-edificio-propio-para-el-jardin-maternal-municipal-de-valle-maria\/"},"author":{"name":"Gonzalo Schmidt","@id":"https:\/\/informelitoral.com.ar\/#\/schema\/person\/b9d00407c836482871ef1d57bf8e3180"},"headline":"Inauguraron el edificio propio para el Jard\u00edn Maternal Municipal de Valle Mar\u00eda","datePublished":"2022-03-30T21:10:06+00:00","dateModified":"2022-03-30T21:12:59+00:00","mainEntityOfPage":{"@id":"https:\/\/informelitoral.com.ar\/inauguraron-el-edificio-propio-para-el-jardin-maternal-municipal-de-valle-maria\/"},"wordCount":1126,"commentCount":0,"publisher":{"@id":"https:\/\/informelitoral.com.ar\/#organization"},"image":{"@id":"https:\/\/informelitoral.com.ar\/inauguraron-el-edificio-propio-para-el-jardin-maternal-municipal-de-valle-maria\/#primaryimage"},"thumbnailUrl":"https:\/\/informelitoral.com.ar\/%77%70%2d%63%6f%6e%74%65%6e%74\/uploads\/2022\/03\/jardin19-scaled.jpg","keywords":["Municipales","Municipalidad de Valle Mar\u00eda","Municipios","Valle Mar\u00eda"],"articleSection":["Departamento Diamante"],"inLanguage":"es","potentialAction":[{"@type":"CommentAction","name":"Comment","target":["https:\/\/informelitoral.com.ar\/inauguraron-el-edificio-propio-para-el-jardin-maternal-municipal-de-valle-maria\/#respond"]}]},{"@type":"WebPage","@id":"https:\/\/informelitoral.com.ar\/inauguraron-el-edificio-propio-para-el-jardin-maternal-municipal-de-valle-maria\/","url":"https:\/\/informelitoral.com.ar\/inauguraron-el-edificio-propio-para-el-jardin-maternal-municipal-de-valle-maria\/","name":"Inauguraron el edificio propio para el Jard\u00edn Maternal Municipal de Valle Mar\u00eda - Informe Litoral","isPartOf":{"@id":"https:\/\/informelitoral.com.ar\/#website"},"primaryImageOfPage":{"@id":"https:\/\/informelitoral.com.ar\/inauguraron-el-edificio-propio-para-el-jardin-maternal-municipal-de-valle-maria\/#primaryimage"},"image":{"@id":"https:\/\/informelitoral.com.ar\/inauguraron-el-edificio-propio-para-el-jardin-maternal-municipal-de-valle-maria\/#primaryimage"},"thumbnailUrl":"https:\/\/informelitoral.com.ar\/%77%70%2d%63%6f%6e%74%65%6e%74\/uploads\/2022\/03\/jardin19-scaled.jpg","datePublished":"2022-03-30T21:10:06+00:00","dateModified":"2022-03-30T21:12:59+00:00","breadcrumb":{"@id":"https:\/\/informelitoral.com.ar\/inauguraron-el-edificio-propio-para-el-jardin-maternal-municipal-de-valle-maria\/#breadcrumb"},"inLanguage":"es","potentialAction":[{"@type":"ReadAction","target":["https:\/\/informelitoral.com.ar\/inauguraron-el-edificio-propio-para-el-jardin-maternal-municipal-de-valle-maria\/"]}]},{"@type":"ImageObject","inLanguage":"es","@id":"https:\/\/informelitoral.com.ar\/inauguraron-el-edificio-propio-para-el-jardin-maternal-municipal-de-valle-maria\/#primaryimage","url":"https:\/\/informelitoral.com.ar\/%77%70%2d%63%6f%6e%74%65%6e%74\/uploads\/2022\/03\/jardin19-scaled.jpg","contentUrl":"https:\/\/informelitoral.com.ar\/%77%70%2d%63%6f%6e%74%65%6e%74\/uploads\/2022\/03\/jardin19-scaled.jpg","width":2560,"height":1920},{"@type":"BreadcrumbList","@id":"https:\/\/informelitoral.com.ar\/inauguraron-el-edificio-propio-para-el-jardin-maternal-municipal-de-valle-maria\/#breadcrumb","itemListElement":[{"@type":"ListItem","position":1,"name":"Portada","item":"https:\/\/informelitoral.com.ar\/"},{"@type":"ListItem","position":2,"name":"Inauguraron el edificio propio para el Jard\u00edn Maternal Municipal de Valle Mar\u00eda"}]},{"@type":"WebSite","@id":"https:\/\/informelitoral.com.ar\/#website","url":"https:\/\/informelitoral.com.ar\/","name":"Informe Litoral","description":"&quot;Nos informamos&quot; ","publisher":{"@id":"https:\/\/informelitoral.com.ar\/#organization"},"potentialAction":[{"@type":"SearchAction","target":{"@type":"EntryPoint","urlTemplate":"https:\/\/informelitoral.com.ar\/?s={search_term_string}"},"query-input":{"@type":"PropertyValueSpecification","valueRequired":true,"valueName":"search_term_string"}}],"inLanguage":"es"},{"@type":"Organization","@id":"https:\/\/informelitoral.com.ar\/#organization","name":"Informe Litoral","url":"https:\/\/informelitoral.com.ar\/","logo":{"@type":"ImageObject","inLanguage":"es","@id":"https:\/\/informelitoral.com.ar\/#\/schema\/logo\/image\/","url":"https:\/\/informelitoral.com.ar\/%77%70%2d%63%6f%6e%74%65%6e%74\/uploads\/2021\/01\/circulo.png","contentUrl":"https:\/\/informelitoral.com.ar\/%77%70%2d%63%6f%6e%74%65%6e%74\/uploads\/2021\/01\/circulo.png","width":723,"height":731,"caption":"Informe Litoral"},"image":{"@id":"https:\/\/informelitoral.com.ar\/#\/schema\/logo\/image\/"},"sameAs":["https:\/\/www.facebook.com\/informelitoral\/","https:\/\/x.com\/InformeLitoral","https:\/\/www.instagram.com\/informelitoral\/","https:\/\/www.youtube.com\/channel\/UCua4Qvz8Icb6MYqhoq9xLXw"]},{"@type":"Person","@id":"https:\/\/informelitoral.com.ar\/#\/schema\/person\/b9d00407c836482871ef1d57bf8e3180","name":"Gonzalo Schmidt","image":{"@type":"ImageObject","inLanguage":"es","@id":"https:\/\/secure.gravatar.com\/avatar\/31a1a7b66ff2de83bd0e9fd79d026630d2d99e55e8bfe501287647b4fd9743de?s=96&d=mm&r=g","url":"https:\/\/secure.gravatar.com\/avatar\/31a1a7b66ff2de83bd0e9fd79d026630d2d99e55e8bfe501287647b4fd9743de?s=96&d=mm&r=g","contentUrl":"https:\/\/secure.gravatar.com\/avatar\/31a1a7b66ff2de83bd0e9fd79d026630d2d99e55e8bfe501287647b4fd9743de?s=96&d=mm&r=g","caption":"Gonzalo Schmidt"},"description":"Sitio web de noticias de la provincia de Entre R\u00edos, Argentina. Informaci\u00f3n y entretenimiento. Informe Litoral, nos informamos.","sameAs":["http:\/\/www.isletasnoticias.com.ar"],"url":"https:\/\/informelitoral.com.ar\/author\/gonzalo\/"}]}},"_links":{"self":[{"href":"https:\/\/informelitoral.com.ar\/%77%70%2d%6a%73%6f%6e\/wp\/v2\/posts\/74533","targetHints":{"allow":["GET"]}}],"collection":[{"href":"https:\/\/informelitoral.com.ar\/%77%70%2d%6a%73%6f%6e\/wp\/v2\/posts"}],"about":[{"href":"https:\/\/informelitoral.com.ar\/%77%70%2d%6a%73%6f%6e\/wp\/v2\/types\/post"}],"author":[{"embeddable":true,"href":"https:\/\/informelitoral.com.ar\/%77%70%2d%6a%73%6f%6e\/wp\/v2\/users\/2"}],"replies":[{"embeddable":true,"href":"https:\/\/informelitoral.com.ar\/%77%70%2d%6a%73%6f%6e\/wp\/v2\/comments?post=74533"}],"version-history":[{"count":0,"href":"https:\/\/informelitoral.com.ar\/%77%70%2d%6a%73%6f%6e\/wp\/v2\/posts\/74533\/revisions"}],"wp:featuredmedia":[{"embeddable":true,"href":"https:\/\/informelitoral.com.ar\/%77%70%2d%6a%73%6f%6e\/wp\/v2\/media\/74535"}],"wp:attachment":[{"href":"https:\/\/informelitoral.com.ar\/%77%70%2d%6a%73%6f%6e\/wp\/v2\/media?parent=74533"}],"wp:term":[{"taxonomy":"category","embeddable":true,"href":"https:\/\/informelitoral.com.ar\/%77%70%2d%6a%73%6f%6e\/wp\/v2\/categories?post=74533"},{"taxonomy":"post_tag","embeddable":true,"href":"https:\/\/informelitoral.com.ar\/%77%70%2d%6a%73%6f%6e\/wp\/v2\/tags?post=74533"}],"curies":[{"name":"wp","href":"https:\/\/api.w.org\/{rel}","templated":true}]}}