{"id":74481,"date":"2022-03-30T10:15:50","date_gmt":"2022-03-30T13:15:50","guid":{"rendered":"https:\/\/www.informelitoral.com.ar\/?p=74481"},"modified":"2022-03-30T18:41:06","modified_gmt":"2022-03-30T21:41:06","slug":"las-tunas-transitaba-en-moto-y-llevaba-una-carabina-con-mira-telescopica","status":"publish","type":"post","link":"https:\/\/informelitoral.com.ar\/las-tunas-transitaba-en-moto-y-llevaba-una-carabina-con-mira-telescopica\/","title":{"rendered":"Las Tunas: Transitaba en moto y llevaba una carabina con mira telesc\u00f3pica"},"content":{"rendered":"<p>En horas de la siesta del pasado s\u00e1bado una dotaci\u00f3n de la Brigada Paran\u00e1, a cargo del Crio. Leandro Peralta, intercept\u00f3 a un motociclista que circulaba en una Yamaha YBR por la Ruta N\u00ba 18 en la zona de Las Tunas, con un arma de fuego.<\/p>\n<p>Por disposici\u00f3n de la Unidad Fiscal de Investigaci\u00f3n y Litigaci\u00f3n en Turno, a cargo del Dr. Mart\u00edn Wasinger, el arma secuestrada fue remitida a la Secci\u00f3n Bal\u00edstica de la Direcci\u00f3n Criminal\u00edstica, a los fines de ser peritada. En tanto, desde la Brigada se instruyeron las actuaciones pertinentes por infracci\u00f3n al Art. 189 Bis del C\u00f3digo Penal Argentino, quedando el motociclista supeditado a la causa.<\/p>\n<p>De esta manera, la tarea de control practicada por brigadistas en territorios despoblados, permiti\u00f3 quitar de circulaci\u00f3n un arma que se encontraba en poder de un civil, sin validaci\u00f3n para su portaci\u00f3n.<\/p>\n","protected":false},"excerpt":{"rendered":"<p>Los brigadistas constataron que el sujeto no pose\u00eda la condici\u00f3n de Leg\u00edtimo Usuario ni ten\u00eda la documentaci\u00f3n respectiva, por lo que se procedi\u00f3 a la incautaci\u00f3n de la carabina Magtech 7022 calibre.22, con mira telesc\u00f3pica.<\/p>\n","protected":false},"author":8,"featured_media":74482,"comment_status":"open","ping_status":"open","sticky":false,"template":"","format":"standard","meta":{"fifu_image_url":"","fifu_image_alt":"","footnotes":""},"categories":[14],"tags":[3459,2619],"class_list":{"0":"post-74481","1":"post","2":"type-post","3":"status-publish","4":"format-standard","5":"has-post-thumbnail","7":"category-policiales","8":"tag-arma","9":"tag-secuestro"},"yoast_head":"<title>Las Tunas: Transitaba en moto y llevaba una carabina con mira telesc\u00f3pica - Informe Litoral<\/title>\n<meta name=\"robots\" content=\"index, follow, max-snippet:-1, max-image-preview:large, max-video-preview:-1\" \/>\n<link rel=\"canonical\" href=\"https:\/\/informelitoral.com.ar\/las-tunas-transitaba-en-moto-y-llevaba-una-carabina-con-mira-telescopica\/\" \/>\n<meta property=\"og:locale\" content=\"es_ES\" \/>\n<meta property=\"og:type\" content=\"article\" \/>\n<meta property=\"og:title\" content=\"Las Tunas: Transitaba en moto y llevaba una carabina con mira telesc\u00f3pica - Informe Litoral\" \/>\n<meta property=\"og:description\" content=\"Los brigadistas constataron que el sujeto no pose\u00eda la condici\u00f3n de Leg\u00edtimo Usuario ni ten\u00eda la documentaci\u00f3n respectiva, por lo que se procedi\u00f3 a la incautaci\u00f3n de la carabina Magtech 7022 calibre.22, con mira telesc\u00f3pica.\" \/>\n<meta property=\"og:url\" content=\"https:\/\/informelitoral.com.ar\/las-tunas-transitaba-en-moto-y-llevaba-una-carabina-con-mira-telescopica\/\" \/>\n<meta property=\"og:site_name\" content=\"Informe Litoral\" \/>\n<meta property=\"article:publisher\" content=\"https:\/\/www.facebook.com\/informelitoral\/\" \/>\n<meta property=\"article:published_time\" content=\"2022-03-30T13:15:50+00:00\" \/>\n<meta property=\"article:modified_time\" content=\"2022-03-30T21:41:06+00:00\" \/>\n<meta property=\"og:image\" content=\"https:\/\/informelitoral.com.ar\/%77%70%2d%63%6f%6e%74%65%6e%74\/uploads\/2022\/03\/LAS-TUNAS.jpg\" \/>\n\t<meta property=\"og:image:width\" content=\"1200\" \/>\n\t<meta property=\"og:image:height\" content=\"900\" \/>\n\t<meta property=\"og:image:type\" content=\"image\/jpeg\" \/>\n<meta name=\"author\" content=\"Sebastian\" \/>\n<meta name=\"twitter:card\" content=\"summary_large_image\" \/>\n<meta name=\"twitter:creator\" content=\"@InformeLitoral\" \/>\n<meta name=\"twitter:site\" content=\"@InformeLitoral\" \/>\n<meta name=\"twitter:label1\" content=\"Escrito por\" \/>\n\t<meta name=\"twitter:data1\" content=\"Sebastian\" \/>\n\t<meta name=\"twitter:label2\" content=\"Tiempo de lectura\" \/>\n\t<meta name=\"twitter:data2\" content=\"1 minuto\" \/>\n<script type=\"application\/ld+json\" class=\"yoast-schema-graph\">{\"@context\":\"https:\\\/\\\/schema.org\",\"@graph\":[{\"@type\":\"Article\",\"@id\":\"https:\\\/\\\/informelitoral.com.ar\\\/las-tunas-transitaba-en-moto-y-llevaba-una-carabina-con-mira-telescopica\\\/#article\",\"isPartOf\":{\"@id\":\"https:\\\/\\\/informelitoral.com.ar\\\/las-tunas-transitaba-en-moto-y-llevaba-una-carabina-con-mira-telescopica\\\/\"},\"author\":{\"name\":\"Sebastian\",\"@id\":\"https:\\\/\\\/informelitoral.com.ar\\\/#\\\/schema\\\/person\\\/f05f9f461677119578717524b127d6d5\"},\"headline\":\"Las Tunas: Transitaba en moto y llevaba una carabina con mira telesc\u00f3pica\",\"datePublished\":\"2022-03-30T13:15:50+00:00\",\"dateModified\":\"2022-03-30T21:41:06+00:00\",\"mainEntityOfPage\":{\"@id\":\"https:\\\/\\\/informelitoral.com.ar\\\/las-tunas-transitaba-en-moto-y-llevaba-una-carabina-con-mira-telescopica\\\/\"},\"wordCount\":168,\"commentCount\":0,\"publisher\":{\"@id\":\"https:\\\/\\\/informelitoral.com.ar\\\/#organization\"},\"image\":{\"@id\":\"https:\\\/\\\/informelitoral.com.ar\\\/las-tunas-transitaba-en-moto-y-llevaba-una-carabina-con-mira-telescopica\\\/#primaryimage\"},\"thumbnailUrl\":\"https:\\\/\\\/informelitoral.com.ar\\\/%77%70%2d%63%6f%6e%74%65%6e%74\\\/uploads\\\/2022\\\/03\\\/LAS-TUNAS.jpg\",\"keywords\":[\"Arma\",\"Secuestro\"],\"articleSection\":[\"Policiales\"],\"inLanguage\":\"es\",\"potentialAction\":[{\"@type\":\"CommentAction\",\"name\":\"Comment\",\"target\":[\"https:\\\/\\\/informelitoral.com.ar\\\/las-tunas-transitaba-en-moto-y-llevaba-una-carabina-con-mira-telescopica\\\/#respond\"]}]},{\"@type\":\"WebPage\",\"@id\":\"https:\\\/\\\/informelitoral.com.ar\\\/las-tunas-transitaba-en-moto-y-llevaba-una-carabina-con-mira-telescopica\\\/\",\"url\":\"https:\\\/\\\/informelitoral.com.ar\\\/las-tunas-transitaba-en-moto-y-llevaba-una-carabina-con-mira-telescopica\\\/\",\"name\":\"Las Tunas: Transitaba en moto y llevaba una carabina con mira telesc\u00f3pica - Informe Litoral\",\"isPartOf\":{\"@id\":\"https:\\\/\\\/informelitoral.com.ar\\\/#website\"},\"primaryImageOfPage\":{\"@id\":\"https:\\\/\\\/informelitoral.com.ar\\\/las-tunas-transitaba-en-moto-y-llevaba-una-carabina-con-mira-telescopica\\\/#primaryimage\"},\"image\":{\"@id\":\"https:\\\/\\\/informelitoral.com.ar\\\/las-tunas-transitaba-en-moto-y-llevaba-una-carabina-con-mira-telescopica\\\/#primaryimage\"},\"thumbnailUrl\":\"https:\\\/\\\/informelitoral.com.ar\\\/%77%70%2d%63%6f%6e%74%65%6e%74\\\/uploads\\\/2022\\\/03\\\/LAS-TUNAS.jpg\",\"datePublished\":\"2022-03-30T13:15:50+00:00\",\"dateModified\":\"2022-03-30T21:41:06+00:00\",\"breadcrumb\":{\"@id\":\"https:\\\/\\\/informelitoral.com.ar\\\/las-tunas-transitaba-en-moto-y-llevaba-una-carabina-con-mira-telescopica\\\/#breadcrumb\"},\"inLanguage\":\"es\",\"potentialAction\":[{\"@type\":\"ReadAction\",\"target\":[\"https:\\\/\\\/informelitoral.com.ar\\\/las-tunas-transitaba-en-moto-y-llevaba-una-carabina-con-mira-telescopica\\\/\"]}]},{\"@type\":\"ImageObject\",\"inLanguage\":\"es\",\"@id\":\"https:\\\/\\\/informelitoral.com.ar\\\/las-tunas-transitaba-en-moto-y-llevaba-una-carabina-con-mira-telescopica\\\/#primaryimage\",\"url\":\"https:\\\/\\\/informelitoral.com.ar\\\/%77%70%2d%63%6f%6e%74%65%6e%74\\\/uploads\\\/2022\\\/03\\\/LAS-TUNAS.jpg\",\"contentUrl\":\"https:\\\/\\\/informelitoral.com.ar\\\/%77%70%2d%63%6f%6e%74%65%6e%74\\\/uploads\\\/2022\\\/03\\\/LAS-TUNAS.jpg\",\"width\":1200,\"height\":900},{\"@type\":\"BreadcrumbList\",\"@id\":\"https:\\\/\\\/informelitoral.com.ar\\\/las-tunas-transitaba-en-moto-y-llevaba-una-carabina-con-mira-telescopica\\\/#breadcrumb\",\"itemListElement\":[{\"@type\":\"ListItem\",\"position\":1,\"name\":\"Portada\",\"item\":\"https:\\\/\\\/informelitoral.com.ar\\\/\"},{\"@type\":\"ListItem\",\"position\":2,\"name\":\"Las Tunas: Transitaba en moto y llevaba una carabina con mira telesc\u00f3pica\"}]},{\"@type\":\"WebSite\",\"@id\":\"https:\\\/\\\/informelitoral.com.ar\\\/#website\",\"url\":\"https:\\\/\\\/informelitoral.com.ar\\\/\",\"name\":\"Informe Litoral\",\"description\":\"&quot;Nos informamos&quot; \",\"publisher\":{\"@id\":\"https:\\\/\\\/informelitoral.com.ar\\\/#organization\"},\"potentialAction\":[{\"@type\":\"SearchAction\",\"target\":{\"@type\":\"EntryPoint\",\"urlTemplate\":\"https:\\\/\\\/informelitoral.com.ar\\\/?s={search_term_string}\"},\"query-input\":{\"@type\":\"PropertyValueSpecification\",\"valueRequired\":true,\"valueName\":\"search_term_string\"}}],\"inLanguage\":\"es\"},{\"@type\":\"Organization\",\"@id\":\"https:\\\/\\\/informelitoral.com.ar\\\/#organization\",\"name\":\"Informe Litoral\",\"url\":\"https:\\\/\\\/informelitoral.com.ar\\\/\",\"logo\":{\"@type\":\"ImageObject\",\"inLanguage\":\"es\",\"@id\":\"https:\\\/\\\/informelitoral.com.ar\\\/#\\\/schema\\\/logo\\\/image\\\/\",\"url\":\"https:\\\/\\\/informelitoral.com.ar\\\/%77%70%2d%63%6f%6e%74%65%6e%74\\\/uploads\\\/2021\\\/01\\\/circulo.png\",\"contentUrl\":\"https:\\\/\\\/informelitoral.com.ar\\\/%77%70%2d%63%6f%6e%74%65%6e%74\\\/uploads\\\/2021\\\/01\\\/circulo.png\",\"width\":723,\"height\":731,\"caption\":\"Informe Litoral\"},\"image\":{\"@id\":\"https:\\\/\\\/informelitoral.com.ar\\\/#\\\/schema\\\/logo\\\/image\\\/\"},\"sameAs\":[\"https:\\\/\\\/www.facebook.com\\\/informelitoral\\\/\",\"https:\\\/\\\/x.com\\\/InformeLitoral\",\"https:\\\/\\\/www.instagram.com\\\/informelitoral\\\/\",\"https:\\\/\\\/www.youtube.com\\\/channel\\\/UCua4Qvz8Icb6MYqhoq9xLXw\"]},{\"@type\":\"Person\",\"@id\":\"https:\\\/\\\/informelitoral.com.ar\\\/#\\\/schema\\\/person\\\/f05f9f461677119578717524b127d6d5\",\"name\":\"Sebastian\",\"image\":{\"@type\":\"ImageObject\",\"inLanguage\":\"es\",\"@id\":\"https:\\\/\\\/secure.gravatar.com\\\/avatar\\\/b71bf7481d447dfb9583c7f2798e7cc64de6efb9067b74633ed8c31059a3bd82?s=96&d=mm&r=g\",\"url\":\"https:\\\/\\\/secure.gravatar.com\\\/avatar\\\/b71bf7481d447dfb9583c7f2798e7cc64de6efb9067b74633ed8c31059a3bd82?s=96&d=mm&r=g\",\"contentUrl\":\"https:\\\/\\\/secure.gravatar.com\\\/avatar\\\/b71bf7481d447dfb9583c7f2798e7cc64de6efb9067b74633ed8c31059a3bd82?s=96&d=mm&r=g\",\"caption\":\"Sebastian\"},\"url\":\"https:\\\/\\\/informelitoral.com.ar\\\/author\\\/sebastian\\\/\"}]}<\/script>","yoast_head_json":{"title":"Las Tunas: Transitaba en moto y llevaba una carabina con mira telesc\u00f3pica - Informe Litoral","robots":{"index":"index","follow":"follow","max-snippet":"max-snippet:-1","max-image-preview":"max-image-preview:large","max-video-preview":"max-video-preview:-1"},"canonical":"https:\/\/informelitoral.com.ar\/las-tunas-transitaba-en-moto-y-llevaba-una-carabina-con-mira-telescopica\/","og_locale":"es_ES","og_type":"article","og_title":"Las Tunas: Transitaba en moto y llevaba una carabina con mira telesc\u00f3pica - Informe Litoral","og_description":"Los brigadistas constataron que el sujeto no pose\u00eda la condici\u00f3n de Leg\u00edtimo Usuario ni ten\u00eda la documentaci\u00f3n respectiva, por lo que se procedi\u00f3 a la incautaci\u00f3n de la carabina Magtech 7022 calibre.22, con mira telesc\u00f3pica.","og_url":"https:\/\/informelitoral.com.ar\/las-tunas-transitaba-en-moto-y-llevaba-una-carabina-con-mira-telescopica\/","og_site_name":"Informe Litoral","article_publisher":"https:\/\/www.facebook.com\/informelitoral\/","article_published_time":"2022-03-30T13:15:50+00:00","article_modified_time":"2022-03-30T21:41:06+00:00","og_image":[{"width":1200,"height":900,"url":"https:\/\/informelitoral.com.ar\/%77%70%2d%63%6f%6e%74%65%6e%74\/uploads\/2022\/03\/LAS-TUNAS.jpg","type":"image\/jpeg"}],"author":"Sebastian","twitter_card":"summary_large_image","twitter_creator":"@InformeLitoral","twitter_site":"@InformeLitoral","twitter_misc":{"Escrito por":"Sebastian","Tiempo de lectura":"1 minuto"},"schema":{"@context":"https:\/\/schema.org","@graph":[{"@type":"Article","@id":"https:\/\/informelitoral.com.ar\/las-tunas-transitaba-en-moto-y-llevaba-una-carabina-con-mira-telescopica\/#article","isPartOf":{"@id":"https:\/\/informelitoral.com.ar\/las-tunas-transitaba-en-moto-y-llevaba-una-carabina-con-mira-telescopica\/"},"author":{"name":"Sebastian","@id":"https:\/\/informelitoral.com.ar\/#\/schema\/person\/f05f9f461677119578717524b127d6d5"},"headline":"Las Tunas: Transitaba en moto y llevaba una carabina con mira telesc\u00f3pica","datePublished":"2022-03-30T13:15:50+00:00","dateModified":"2022-03-30T21:41:06+00:00","mainEntityOfPage":{"@id":"https:\/\/informelitoral.com.ar\/las-tunas-transitaba-en-moto-y-llevaba-una-carabina-con-mira-telescopica\/"},"wordCount":168,"commentCount":0,"publisher":{"@id":"https:\/\/informelitoral.com.ar\/#organization"},"image":{"@id":"https:\/\/informelitoral.com.ar\/las-tunas-transitaba-en-moto-y-llevaba-una-carabina-con-mira-telescopica\/#primaryimage"},"thumbnailUrl":"https:\/\/informelitoral.com.ar\/%77%70%2d%63%6f%6e%74%65%6e%74\/uploads\/2022\/03\/LAS-TUNAS.jpg","keywords":["Arma","Secuestro"],"articleSection":["Policiales"],"inLanguage":"es","potentialAction":[{"@type":"CommentAction","name":"Comment","target":["https:\/\/informelitoral.com.ar\/las-tunas-transitaba-en-moto-y-llevaba-una-carabina-con-mira-telescopica\/#respond"]}]},{"@type":"WebPage","@id":"https:\/\/informelitoral.com.ar\/las-tunas-transitaba-en-moto-y-llevaba-una-carabina-con-mira-telescopica\/","url":"https:\/\/informelitoral.com.ar\/las-tunas-transitaba-en-moto-y-llevaba-una-carabina-con-mira-telescopica\/","name":"Las Tunas: Transitaba en moto y llevaba una carabina con mira telesc\u00f3pica - Informe Litoral","isPartOf":{"@id":"https:\/\/informelitoral.com.ar\/#website"},"primaryImageOfPage":{"@id":"https:\/\/informelitoral.com.ar\/las-tunas-transitaba-en-moto-y-llevaba-una-carabina-con-mira-telescopica\/#primaryimage"},"image":{"@id":"https:\/\/informelitoral.com.ar\/las-tunas-transitaba-en-moto-y-llevaba-una-carabina-con-mira-telescopica\/#primaryimage"},"thumbnailUrl":"https:\/\/informelitoral.com.ar\/%77%70%2d%63%6f%6e%74%65%6e%74\/uploads\/2022\/03\/LAS-TUNAS.jpg","datePublished":"2022-03-30T13:15:50+00:00","dateModified":"2022-03-30T21:41:06+00:00","breadcrumb":{"@id":"https:\/\/informelitoral.com.ar\/las-tunas-transitaba-en-moto-y-llevaba-una-carabina-con-mira-telescopica\/#breadcrumb"},"inLanguage":"es","potentialAction":[{"@type":"ReadAction","target":["https:\/\/informelitoral.com.ar\/las-tunas-transitaba-en-moto-y-llevaba-una-carabina-con-mira-telescopica\/"]}]},{"@type":"ImageObject","inLanguage":"es","@id":"https:\/\/informelitoral.com.ar\/las-tunas-transitaba-en-moto-y-llevaba-una-carabina-con-mira-telescopica\/#primaryimage","url":"https:\/\/informelitoral.com.ar\/%77%70%2d%63%6f%6e%74%65%6e%74\/uploads\/2022\/03\/LAS-TUNAS.jpg","contentUrl":"https:\/\/informelitoral.com.ar\/%77%70%2d%63%6f%6e%74%65%6e%74\/uploads\/2022\/03\/LAS-TUNAS.jpg","width":1200,"height":900},{"@type":"BreadcrumbList","@id":"https:\/\/informelitoral.com.ar\/las-tunas-transitaba-en-moto-y-llevaba-una-carabina-con-mira-telescopica\/#breadcrumb","itemListElement":[{"@type":"ListItem","position":1,"name":"Portada","item":"https:\/\/informelitoral.com.ar\/"},{"@type":"ListItem","position":2,"name":"Las Tunas: Transitaba en moto y llevaba una carabina con mira telesc\u00f3pica"}]},{"@type":"WebSite","@id":"https:\/\/informelitoral.com.ar\/#website","url":"https:\/\/informelitoral.com.ar\/","name":"Informe Litoral","description":"&quot;Nos informamos&quot; ","publisher":{"@id":"https:\/\/informelitoral.com.ar\/#organization"},"potentialAction":[{"@type":"SearchAction","target":{"@type":"EntryPoint","urlTemplate":"https:\/\/informelitoral.com.ar\/?s={search_term_string}"},"query-input":{"@type":"PropertyValueSpecification","valueRequired":true,"valueName":"search_term_string"}}],"inLanguage":"es"},{"@type":"Organization","@id":"https:\/\/informelitoral.com.ar\/#organization","name":"Informe Litoral","url":"https:\/\/informelitoral.com.ar\/","logo":{"@type":"ImageObject","inLanguage":"es","@id":"https:\/\/informelitoral.com.ar\/#\/schema\/logo\/image\/","url":"https:\/\/informelitoral.com.ar\/%77%70%2d%63%6f%6e%74%65%6e%74\/uploads\/2021\/01\/circulo.png","contentUrl":"https:\/\/informelitoral.com.ar\/%77%70%2d%63%6f%6e%74%65%6e%74\/uploads\/2021\/01\/circulo.png","width":723,"height":731,"caption":"Informe Litoral"},"image":{"@id":"https:\/\/informelitoral.com.ar\/#\/schema\/logo\/image\/"},"sameAs":["https:\/\/www.facebook.com\/informelitoral\/","https:\/\/x.com\/InformeLitoral","https:\/\/www.instagram.com\/informelitoral\/","https:\/\/www.youtube.com\/channel\/UCua4Qvz8Icb6MYqhoq9xLXw"]},{"@type":"Person","@id":"https:\/\/informelitoral.com.ar\/#\/schema\/person\/f05f9f461677119578717524b127d6d5","name":"Sebastian","image":{"@type":"ImageObject","inLanguage":"es","@id":"https:\/\/secure.gravatar.com\/avatar\/b71bf7481d447dfb9583c7f2798e7cc64de6efb9067b74633ed8c31059a3bd82?s=96&d=mm&r=g","url":"https:\/\/secure.gravatar.com\/avatar\/b71bf7481d447dfb9583c7f2798e7cc64de6efb9067b74633ed8c31059a3bd82?s=96&d=mm&r=g","contentUrl":"https:\/\/secure.gravatar.com\/avatar\/b71bf7481d447dfb9583c7f2798e7cc64de6efb9067b74633ed8c31059a3bd82?s=96&d=mm&r=g","caption":"Sebastian"},"url":"https:\/\/informelitoral.com.ar\/author\/sebastian\/"}]}},"_links":{"self":[{"href":"https:\/\/informelitoral.com.ar\/%77%70%2d%6a%73%6f%6e\/wp\/v2\/posts\/74481","targetHints":{"allow":["GET"]}}],"collection":[{"href":"https:\/\/informelitoral.com.ar\/%77%70%2d%6a%73%6f%6e\/wp\/v2\/posts"}],"about":[{"href":"https:\/\/informelitoral.com.ar\/%77%70%2d%6a%73%6f%6e\/wp\/v2\/types\/post"}],"author":[{"embeddable":true,"href":"https:\/\/informelitoral.com.ar\/%77%70%2d%6a%73%6f%6e\/wp\/v2\/users\/8"}],"replies":[{"embeddable":true,"href":"https:\/\/informelitoral.com.ar\/%77%70%2d%6a%73%6f%6e\/wp\/v2\/comments?post=74481"}],"version-history":[{"count":0,"href":"https:\/\/informelitoral.com.ar\/%77%70%2d%6a%73%6f%6e\/wp\/v2\/posts\/74481\/revisions"}],"wp:featuredmedia":[{"embeddable":true,"href":"https:\/\/informelitoral.com.ar\/%77%70%2d%6a%73%6f%6e\/wp\/v2\/media\/74482"}],"wp:attachment":[{"href":"https:\/\/informelitoral.com.ar\/%77%70%2d%6a%73%6f%6e\/wp\/v2\/media?parent=74481"}],"wp:term":[{"taxonomy":"category","embeddable":true,"href":"https:\/\/informelitoral.com.ar\/%77%70%2d%6a%73%6f%6e\/wp\/v2\/categories?post=74481"},{"taxonomy":"post_tag","embeddable":true,"href":"https:\/\/informelitoral.com.ar\/%77%70%2d%6a%73%6f%6e\/wp\/v2\/tags?post=74481"}],"curies":[{"name":"wp","href":"https:\/\/api.w.org\/{rel}","templated":true}]}}