{"id":74265,"date":"2022-03-27T19:08:47","date_gmt":"2022-03-27T22:08:47","guid":{"rendered":"https:\/\/www.informelitoral.com.ar\/?p=74265"},"modified":"2022-03-27T19:19:03","modified_gmt":"2022-03-27T22:19:03","slug":"la-emprendedora-ramirense-que-logro-crecer-gracias-a-su-esfuerzo-y-al-programa-municipal-de-microcreditos","status":"publish","type":"post","link":"https:\/\/informelitoral.com.ar\/la-emprendedora-ramirense-que-logro-crecer-gracias-a-su-esfuerzo-y-al-programa-municipal-de-microcreditos\/","title":{"rendered":"La emprendedora ramirense que logr\u00f3 crecer gracias a su esfuerzo y al Programa Municipal de Microcr\u00e9ditos"},"content":{"rendered":"<p>Cuando la articulaci\u00f3n entre el sector p\u00fablico y privado funciona se perciben los resultados. M\u00e1s a\u00fan cuando tiene que ver con el impulso a los peque\u00f1os y medianos emprendedores, que muchas veces con su propio esfuerzo se les dificulta llegar a ciertos objetivos, sin el apoyo gubernamental.<\/p>\n<p>Uno de estos casos es el de la<strong> peluquera ramirense Yanet Kretzer.<\/strong> Durante muchos a\u00f1os realiz\u00f3 esta actividad desde su casa, hasta que <span style=\"background-color: #ffff00;\"><strong>en diciembre del 2021 recibi\u00f3 un Microcr\u00e9dito en el marco del Programa Municipal de Microcr\u00e9ditos<\/strong> <\/span>de la Secretar\u00eda de Gobierno de la Municipalidad de General Ram\u00edrez.<\/p>\n<p><span style=\"background-color: #ffff00;\"><strong>El aporte del municipio le permiti\u00f3 abrir su local, Stylo en la galer\u00eda comercial de la Cooperativa Agr\u00edcola Uni\u00f3n Regional Limitada -CAUR-<\/strong>;<\/span> en la c\u00e9ntrica esquina de Belgrano y Libertad.<\/p>\n<p><em><strong>\u201cEstoy muy feliz, porque con este microcr\u00e9dito pude dejar el peque\u00f1o local de mi casa y mudarme al centro\u201d,<\/strong><\/em> relat\u00f3 Kretzer.<\/p>\n<p>En ese marco a\u00f1adi\u00f3 que<em><strong> \u201cdesde febrero estoy ac\u00e1, me siento muy c\u00f3moda en este lugar y se nota la diferencia ya que circula mucha m\u00e1s gente\u201d,<\/strong><\/em> reconoci\u00f3.<\/p>\n<h4><strong>Sobre el Programa Municipal de Microcr\u00e9ditos\u00a0<\/strong><\/h4>\n<p>El programa se lanz\u00f3 oficialmente en mayo de 2019. En ese momento fue presentado como una nueva herramienta que apunta a fortalecer el desarrollo econ\u00f3mico ramirense, ofreciendo <strong>apoyo financiero accesible y blando a los emprendedores locales.<\/strong><\/p>\n<figure id=\"attachment_74271\" aria-describedby=\"caption-attachment-74271\" style=\"width: 960px\" class=\"wp-caption aligncenter\"><a href=\"https:\/\/www.informelitoral.com.ar\/%77%70%2d%63%6f%6e%74%65%6e%74\/uploads\/2022\/03\/61029176_1294016700749249_4359708610817687552_n.jpg\"><img loading=\"lazy\" decoding=\"async\" class=\"wp-image-74271 size-full\" src=\"https:\/\/www.informelitoral.com.ar\/%77%70%2d%63%6f%6e%74%65%6e%74\/uploads\/2022\/03\/61029176_1294016700749249_4359708610817687552_n.jpg\" alt=\"\" width=\"960\" height=\"640\" srcset=\"https:\/\/informelitoral.com.ar\/%77%70%2d%63%6f%6e%74%65%6e%74\/uploads\/2022\/03\/61029176_1294016700749249_4359708610817687552_n.jpg 960w, https:\/\/informelitoral.com.ar\/%77%70%2d%63%6f%6e%74%65%6e%74\/uploads\/2022\/03\/61029176_1294016700749249_4359708610817687552_n-300x200.jpg 300w, https:\/\/informelitoral.com.ar\/%77%70%2d%63%6f%6e%74%65%6e%74\/uploads\/2022\/03\/61029176_1294016700749249_4359708610817687552_n-768x512.jpg 768w, https:\/\/informelitoral.com.ar\/%77%70%2d%63%6f%6e%74%65%6e%74\/uploads\/2022\/03\/61029176_1294016700749249_4359708610817687552_n-696x464.jpg 696w, https:\/\/informelitoral.com.ar\/%77%70%2d%63%6f%6e%74%65%6e%74\/uploads\/2022\/03\/61029176_1294016700749249_4359708610817687552_n-630x420.jpg 630w\" sizes=\"auto, (max-width: 960px) 100vw, 960px\" \/><\/a><figcaption id=\"caption-attachment-74271\" class=\"wp-caption-text\">Acto de presentaci\u00f3n del programa en mayo de 2019.<\/figcaption><\/figure>\n<p>En cuanto a los\u00a0<strong>rubros alcanzados<\/strong>, la primera etapa incluy\u00f3 <strong>emprendimientos productivos<\/strong>\u00a0(cultivo de plantas y \u00e1rboles, producci\u00f3n de velas, apicultura, fabricaci\u00f3n de sellos de pol\u00edmero, fabricaci\u00f3n de sillas ergon\u00f3micas), de<strong>\u00a0servicios<\/strong>\u00a0(academia de corte y confecci\u00f3n),\u00a0<strong>comerciales<\/strong>\u00a0(venta de lencer\u00eda y ropa deportiva) y\u00a0<strong>elaboraci\u00f3n de alimentos<\/strong>\u00a0(panader\u00eda y poller\u00eda).<\/p>\n<p>Es la primera vez que el Estado Municipal otorga este tipo de cr\u00e9ditos y que apuntan a fortalecer el sector productivo local financi\u00e1ndolo con\u00a0<strong>tasas subsidiadas<\/strong>\u00a0(la mitad de la tasa activa seg\u00fan la cartera general del Banco de la Naci\u00f3n Argentina) y<strong>\u00a0seis meses de gracia donde s\u00f3lo se abonar\u00e1 inter\u00e9s<\/strong>, luego del mismo se pagar\u00e1 la cuota completa (inter\u00e9s y capital).<\/p>\n<p><strong>El programa se retroalimenta a medida que los beneficiarios van abonando sus cuotas<\/strong>, es decir que se genera un fondo que permitir\u00e1 financiar a m\u00e1s emprendedores de la ciudad.<\/p>\n<p>El otorgamiento del cr\u00e9dito incluye una<strong>\u00a0instancia de capacitaci\u00f3n<\/strong> dictada por el municipio que abarca aspectos tales como determinaci\u00f3n del modelo de negocio, c\u00e1lculo de costos y determinaci\u00f3n del precio de venta, estrategias de ventas.<em> (IL)<\/em><\/p>\n<h4><em><strong>M\u00c1S SOBRE EL TEMA:\u00a0<\/strong><\/em><\/h4>\n<blockquote class=\"wp-embedded-content\" data-secret=\"eovB1kkEhu\"><p><a href=\"https:\/\/www.informelitoral.com.ar\/general-ramirez-funcionarios-visitaron-emprendedores-que-recibieron-microcreditos-municipales\/\">General Ram\u00edrez: funcionarios visitaron emprendedores que recibieron microcr\u00e9ditos municipales<\/a><\/p><\/blockquote>\n<p><iframe loading=\"lazy\" class=\"wp-embedded-content\" sandbox=\"allow-scripts\" security=\"restricted\" style=\"position: absolute; clip: rect(1px, 1px, 1px, 1px);\" title=\"\u00abGeneral Ram\u00edrez: funcionarios visitaron emprendedores que recibieron microcr\u00e9ditos municipales\u00bb \u2014 Informe Litoral\" src=\"https:\/\/www.informelitoral.com.ar\/general-ramirez-funcionarios-visitaron-emprendedores-que-recibieron-microcreditos-municipales\/embed\/#?secret=072jxAUhyH#?secret=eovB1kkEhu\" data-secret=\"eovB1kkEhu\" width=\"600\" height=\"338\" frameborder=\"0\" marginwidth=\"0\" marginheight=\"0\" scrolling=\"no\"><\/iframe><\/p>\n<blockquote class=\"wp-embedded-content\" data-secret=\"3Lt7eFp7n7\"><p><a href=\"https:\/\/www.informelitoral.com.ar\/general-ramirez-destacan-la-importancia-de-los-microcreditos-para-los-emprendedores\/\">General Ram\u00edrez: Destacan la importancia de los microcr\u00e9ditos para los emprendedores<\/a><\/p><\/blockquote>\n<p><iframe loading=\"lazy\" class=\"wp-embedded-content\" sandbox=\"allow-scripts\" security=\"restricted\" style=\"position: absolute; clip: rect(1px, 1px, 1px, 1px);\" title=\"\u00abGeneral Ram\u00edrez: Destacan la importancia de los microcr\u00e9ditos para los emprendedores\u00bb \u2014 Informe Litoral\" src=\"https:\/\/www.informelitoral.com.ar\/general-ramirez-destacan-la-importancia-de-los-microcreditos-para-los-emprendedores\/embed\/#?secret=2lA8ekrOaB#?secret=3Lt7eFp7n7\" data-secret=\"3Lt7eFp7n7\" width=\"600\" height=\"338\" frameborder=\"0\" marginwidth=\"0\" marginheight=\"0\" scrolling=\"no\"><\/iframe><\/p>\n<blockquote class=\"wp-embedded-content\" data-secret=\"GdKurA5WeR\"><p><a href=\"https:\/\/www.informelitoral.com.ar\/general-ramirez-presenta-su-programa-de-microcreditos-en-otras-localidades\/\">General Ram\u00edrez presenta su programa de microcr\u00e9ditos en otras localidades<\/a><\/p><\/blockquote>\n<p><iframe loading=\"lazy\" class=\"wp-embedded-content\" sandbox=\"allow-scripts\" security=\"restricted\" style=\"position: absolute; clip: rect(1px, 1px, 1px, 1px);\" title=\"\u00abGeneral Ram\u00edrez presenta su programa de microcr\u00e9ditos en otras localidades\u00bb \u2014 Informe Litoral\" src=\"https:\/\/www.informelitoral.com.ar\/general-ramirez-presenta-su-programa-de-microcreditos-en-otras-localidades\/embed\/#?secret=yX1BSXvSk7#?secret=GdKurA5WeR\" data-secret=\"GdKurA5WeR\" width=\"600\" height=\"338\" frameborder=\"0\" marginwidth=\"0\" marginheight=\"0\" scrolling=\"no\"><\/iframe><\/p>\n<blockquote class=\"wp-embedded-content\" data-secret=\"0npMihAzhL\"><p><a href=\"https:\/\/www.informelitoral.com.ar\/en-ramirez-entregaron-los-primeros-nueve-microcreditos-a-emprendedores\/\">En Ram\u00edrez entregaron los primeros nueve microcr\u00e9ditos a emprendedores<\/a><\/p><\/blockquote>\n<p><iframe loading=\"lazy\" class=\"wp-embedded-content\" sandbox=\"allow-scripts\" security=\"restricted\" style=\"position: absolute; clip: rect(1px, 1px, 1px, 1px);\" title=\"\u00abEn Ram\u00edrez entregaron los primeros nueve microcr\u00e9ditos a emprendedores\u00bb \u2014 Informe Litoral\" src=\"https:\/\/www.informelitoral.com.ar\/en-ramirez-entregaron-los-primeros-nueve-microcreditos-a-emprendedores\/embed\/#?secret=yQkiPUqiCi#?secret=0npMihAzhL\" data-secret=\"0npMihAzhL\" width=\"600\" height=\"338\" frameborder=\"0\" marginwidth=\"0\" marginheight=\"0\" scrolling=\"no\"><\/iframe><\/p>\n","protected":false},"excerpt":{"rendered":"<p>Yanet Kretzer es peluquera y pudo dejar su peque\u00f1o local en su casa y abrir un sal\u00f3n en el moderno espacio de Galer\u00eda CAUR. \u00abMe siento muy c\u00f3moda en este lugar y se nota la diferencia ya que circula mucha m\u00e1s gente\u201d.<\/p>\n","protected":false},"author":2,"featured_media":74266,"comment_status":"open","ping_status":"open","sticky":false,"template":"","format":"standard","meta":{"fifu_image_url":"","fifu_image_alt":"","footnotes":""},"categories":[5],"tags":[3340,552,556,602,111,1433,27],"class_list":{"0":"post-74265","1":"post","2":"type-post","3":"status-publish","4":"format-standard","5":"has-post-thumbnail","7":"category-zonales","8":"tag-emprendedoras","9":"tag-emprendedores","10":"tag-general-ramirez","11":"tag-microcreditos","12":"tag-municipales","13":"tag-municipalidad-de-general-ramirez","14":"tag-ramirez"},"yoast_head":"<title>La emprendedora ramirense que logr\u00f3 crecer gracias a su esfuerzo y al Programa Municipal de Microcr\u00e9ditos - Informe Litoral<\/title>\n<meta name=\"robots\" content=\"index, follow, max-snippet:-1, max-image-preview:large, max-video-preview:-1\" \/>\n<link rel=\"canonical\" href=\"https:\/\/informelitoral.com.ar\/la-emprendedora-ramirense-que-logro-crecer-gracias-a-su-esfuerzo-y-al-programa-municipal-de-microcreditos\/\" \/>\n<meta property=\"og:locale\" content=\"es_ES\" \/>\n<meta property=\"og:type\" content=\"article\" \/>\n<meta property=\"og:title\" content=\"La emprendedora ramirense que logr\u00f3 crecer gracias a su esfuerzo y al Programa Municipal de Microcr\u00e9ditos - Informe Litoral\" \/>\n<meta property=\"og:description\" content=\"Yanet Kretzer es peluquera y pudo dejar su peque\u00f1o local en su casa y abrir un sal\u00f3n en el moderno espacio de Galer\u00eda CAUR. &quot;Me siento muy c\u00f3moda en este lugar y se nota la diferencia ya que circula mucha m\u00e1s gente\u201d.\" \/>\n<meta property=\"og:url\" content=\"https:\/\/informelitoral.com.ar\/la-emprendedora-ramirense-que-logro-crecer-gracias-a-su-esfuerzo-y-al-programa-municipal-de-microcreditos\/\" \/>\n<meta property=\"og:site_name\" content=\"Informe Litoral\" \/>\n<meta property=\"article:publisher\" content=\"https:\/\/www.facebook.com\/informelitoral\/\" \/>\n<meta property=\"article:published_time\" content=\"2022-03-27T22:08:47+00:00\" \/>\n<meta property=\"article:modified_time\" content=\"2022-03-27T22:19:03+00:00\" \/>\n<meta property=\"og:image\" content=\"https:\/\/informelitoral.com.ar\/%77%70%2d%63%6f%6e%74%65%6e%74\/uploads\/2022\/03\/277107240_354092606757791_3271840590229548385_n.jpg\" \/>\n\t<meta property=\"og:image:width\" content=\"810\" \/>\n\t<meta property=\"og:image:height\" content=\"540\" \/>\n\t<meta property=\"og:image:type\" content=\"image\/jpeg\" \/>\n<meta name=\"author\" content=\"Gonzalo Schmidt\" \/>\n<meta name=\"twitter:card\" content=\"summary_large_image\" \/>\n<meta name=\"twitter:creator\" content=\"@InformeLitoral\" \/>\n<meta name=\"twitter:site\" content=\"@InformeLitoral\" \/>\n<meta name=\"twitter:label1\" content=\"Escrito por\" \/>\n\t<meta name=\"twitter:data1\" content=\"Gonzalo Schmidt\" \/>\n\t<meta name=\"twitter:label2\" content=\"Tiempo de lectura\" \/>\n\t<meta name=\"twitter:data2\" content=\"2 minutos\" \/>\n<script type=\"application\/ld+json\" class=\"yoast-schema-graph\">{\"@context\":\"https:\\\/\\\/schema.org\",\"@graph\":[{\"@type\":\"Article\",\"@id\":\"https:\\\/\\\/informelitoral.com.ar\\\/la-emprendedora-ramirense-que-logro-crecer-gracias-a-su-esfuerzo-y-al-programa-municipal-de-microcreditos\\\/#article\",\"isPartOf\":{\"@id\":\"https:\\\/\\\/informelitoral.com.ar\\\/la-emprendedora-ramirense-que-logro-crecer-gracias-a-su-esfuerzo-y-al-programa-municipal-de-microcreditos\\\/\"},\"author\":{\"name\":\"Gonzalo Schmidt\",\"@id\":\"https:\\\/\\\/informelitoral.com.ar\\\/#\\\/schema\\\/person\\\/b9d00407c836482871ef1d57bf8e3180\"},\"headline\":\"La emprendedora ramirense que logr\u00f3 crecer gracias a su esfuerzo y al Programa Municipal de Microcr\u00e9ditos\",\"datePublished\":\"2022-03-27T22:08:47+00:00\",\"dateModified\":\"2022-03-27T22:19:03+00:00\",\"mainEntityOfPage\":{\"@id\":\"https:\\\/\\\/informelitoral.com.ar\\\/la-emprendedora-ramirense-que-logro-crecer-gracias-a-su-esfuerzo-y-al-programa-municipal-de-microcreditos\\\/\"},\"wordCount\":500,\"commentCount\":0,\"publisher\":{\"@id\":\"https:\\\/\\\/informelitoral.com.ar\\\/#organization\"},\"image\":{\"@id\":\"https:\\\/\\\/informelitoral.com.ar\\\/la-emprendedora-ramirense-que-logro-crecer-gracias-a-su-esfuerzo-y-al-programa-municipal-de-microcreditos\\\/#primaryimage\"},\"thumbnailUrl\":\"https:\\\/\\\/informelitoral.com.ar\\\/%77%70%2d%63%6f%6e%74%65%6e%74\\\/uploads\\\/2022\\\/03\\\/277107240_354092606757791_3271840590229548385_n.jpg\",\"keywords\":[\"Emprendedoras\",\"Emprendedores\",\"General Ram\u00edrez\",\"Microcr\u00e9ditos\",\"Municipales\",\"Municipalidad de General Ram\u00edrez\",\"Ram\u00edrez\"],\"articleSection\":[\"Departamento Diamante\"],\"inLanguage\":\"es\",\"potentialAction\":[{\"@type\":\"CommentAction\",\"name\":\"Comment\",\"target\":[\"https:\\\/\\\/informelitoral.com.ar\\\/la-emprendedora-ramirense-que-logro-crecer-gracias-a-su-esfuerzo-y-al-programa-municipal-de-microcreditos\\\/#respond\"]}]},{\"@type\":\"WebPage\",\"@id\":\"https:\\\/\\\/informelitoral.com.ar\\\/la-emprendedora-ramirense-que-logro-crecer-gracias-a-su-esfuerzo-y-al-programa-municipal-de-microcreditos\\\/\",\"url\":\"https:\\\/\\\/informelitoral.com.ar\\\/la-emprendedora-ramirense-que-logro-crecer-gracias-a-su-esfuerzo-y-al-programa-municipal-de-microcreditos\\\/\",\"name\":\"La emprendedora ramirense que logr\u00f3 crecer gracias a su esfuerzo y al Programa Municipal de Microcr\u00e9ditos - Informe Litoral\",\"isPartOf\":{\"@id\":\"https:\\\/\\\/informelitoral.com.ar\\\/#website\"},\"primaryImageOfPage\":{\"@id\":\"https:\\\/\\\/informelitoral.com.ar\\\/la-emprendedora-ramirense-que-logro-crecer-gracias-a-su-esfuerzo-y-al-programa-municipal-de-microcreditos\\\/#primaryimage\"},\"image\":{\"@id\":\"https:\\\/\\\/informelitoral.com.ar\\\/la-emprendedora-ramirense-que-logro-crecer-gracias-a-su-esfuerzo-y-al-programa-municipal-de-microcreditos\\\/#primaryimage\"},\"thumbnailUrl\":\"https:\\\/\\\/informelitoral.com.ar\\\/%77%70%2d%63%6f%6e%74%65%6e%74\\\/uploads\\\/2022\\\/03\\\/277107240_354092606757791_3271840590229548385_n.jpg\",\"datePublished\":\"2022-03-27T22:08:47+00:00\",\"dateModified\":\"2022-03-27T22:19:03+00:00\",\"breadcrumb\":{\"@id\":\"https:\\\/\\\/informelitoral.com.ar\\\/la-emprendedora-ramirense-que-logro-crecer-gracias-a-su-esfuerzo-y-al-programa-municipal-de-microcreditos\\\/#breadcrumb\"},\"inLanguage\":\"es\",\"potentialAction\":[{\"@type\":\"ReadAction\",\"target\":[\"https:\\\/\\\/informelitoral.com.ar\\\/la-emprendedora-ramirense-que-logro-crecer-gracias-a-su-esfuerzo-y-al-programa-municipal-de-microcreditos\\\/\"]}]},{\"@type\":\"ImageObject\",\"inLanguage\":\"es\",\"@id\":\"https:\\\/\\\/informelitoral.com.ar\\\/la-emprendedora-ramirense-que-logro-crecer-gracias-a-su-esfuerzo-y-al-programa-municipal-de-microcreditos\\\/#primaryimage\",\"url\":\"https:\\\/\\\/informelitoral.com.ar\\\/%77%70%2d%63%6f%6e%74%65%6e%74\\\/uploads\\\/2022\\\/03\\\/277107240_354092606757791_3271840590229548385_n.jpg\",\"contentUrl\":\"https:\\\/\\\/informelitoral.com.ar\\\/%77%70%2d%63%6f%6e%74%65%6e%74\\\/uploads\\\/2022\\\/03\\\/277107240_354092606757791_3271840590229548385_n.jpg\",\"width\":810,\"height\":540},{\"@type\":\"BreadcrumbList\",\"@id\":\"https:\\\/\\\/informelitoral.com.ar\\\/la-emprendedora-ramirense-que-logro-crecer-gracias-a-su-esfuerzo-y-al-programa-municipal-de-microcreditos\\\/#breadcrumb\",\"itemListElement\":[{\"@type\":\"ListItem\",\"position\":1,\"name\":\"Portada\",\"item\":\"https:\\\/\\\/informelitoral.com.ar\\\/\"},{\"@type\":\"ListItem\",\"position\":2,\"name\":\"La emprendedora ramirense que logr\u00f3 crecer gracias a su esfuerzo y al Programa Municipal de Microcr\u00e9ditos\"}]},{\"@type\":\"WebSite\",\"@id\":\"https:\\\/\\\/informelitoral.com.ar\\\/#website\",\"url\":\"https:\\\/\\\/informelitoral.com.ar\\\/\",\"name\":\"Informe Litoral\",\"description\":\"&quot;Nos informamos&quot; \",\"publisher\":{\"@id\":\"https:\\\/\\\/informelitoral.com.ar\\\/#organization\"},\"potentialAction\":[{\"@type\":\"SearchAction\",\"target\":{\"@type\":\"EntryPoint\",\"urlTemplate\":\"https:\\\/\\\/informelitoral.com.ar\\\/?s={search_term_string}\"},\"query-input\":{\"@type\":\"PropertyValueSpecification\",\"valueRequired\":true,\"valueName\":\"search_term_string\"}}],\"inLanguage\":\"es\"},{\"@type\":\"Organization\",\"@id\":\"https:\\\/\\\/informelitoral.com.ar\\\/#organization\",\"name\":\"Informe Litoral\",\"url\":\"https:\\\/\\\/informelitoral.com.ar\\\/\",\"logo\":{\"@type\":\"ImageObject\",\"inLanguage\":\"es\",\"@id\":\"https:\\\/\\\/informelitoral.com.ar\\\/#\\\/schema\\\/logo\\\/image\\\/\",\"url\":\"https:\\\/\\\/informelitoral.com.ar\\\/%77%70%2d%63%6f%6e%74%65%6e%74\\\/uploads\\\/2021\\\/01\\\/circulo.png\",\"contentUrl\":\"https:\\\/\\\/informelitoral.com.ar\\\/%77%70%2d%63%6f%6e%74%65%6e%74\\\/uploads\\\/2021\\\/01\\\/circulo.png\",\"width\":723,\"height\":731,\"caption\":\"Informe Litoral\"},\"image\":{\"@id\":\"https:\\\/\\\/informelitoral.com.ar\\\/#\\\/schema\\\/logo\\\/image\\\/\"},\"sameAs\":[\"https:\\\/\\\/www.facebook.com\\\/informelitoral\\\/\",\"https:\\\/\\\/x.com\\\/InformeLitoral\",\"https:\\\/\\\/www.instagram.com\\\/informelitoral\\\/\",\"https:\\\/\\\/www.youtube.com\\\/channel\\\/UCua4Qvz8Icb6MYqhoq9xLXw\"]},{\"@type\":\"Person\",\"@id\":\"https:\\\/\\\/informelitoral.com.ar\\\/#\\\/schema\\\/person\\\/b9d00407c836482871ef1d57bf8e3180\",\"name\":\"Gonzalo Schmidt\",\"image\":{\"@type\":\"ImageObject\",\"inLanguage\":\"es\",\"@id\":\"https:\\\/\\\/secure.gravatar.com\\\/avatar\\\/31a1a7b66ff2de83bd0e9fd79d026630d2d99e55e8bfe501287647b4fd9743de?s=96&d=mm&r=g\",\"url\":\"https:\\\/\\\/secure.gravatar.com\\\/avatar\\\/31a1a7b66ff2de83bd0e9fd79d026630d2d99e55e8bfe501287647b4fd9743de?s=96&d=mm&r=g\",\"contentUrl\":\"https:\\\/\\\/secure.gravatar.com\\\/avatar\\\/31a1a7b66ff2de83bd0e9fd79d026630d2d99e55e8bfe501287647b4fd9743de?s=96&d=mm&r=g\",\"caption\":\"Gonzalo Schmidt\"},\"description\":\"Sitio web de noticias de la provincia de Entre R\u00edos, Argentina. Informaci\u00f3n y entretenimiento. Informe Litoral, nos informamos.\",\"sameAs\":[\"http:\\\/\\\/www.isletasnoticias.com.ar\"],\"url\":\"https:\\\/\\\/informelitoral.com.ar\\\/author\\\/gonzalo\\\/\"}]}<\/script>","yoast_head_json":{"title":"La emprendedora ramirense que logr\u00f3 crecer gracias a su esfuerzo y al Programa Municipal de Microcr\u00e9ditos - Informe Litoral","robots":{"index":"index","follow":"follow","max-snippet":"max-snippet:-1","max-image-preview":"max-image-preview:large","max-video-preview":"max-video-preview:-1"},"canonical":"https:\/\/informelitoral.com.ar\/la-emprendedora-ramirense-que-logro-crecer-gracias-a-su-esfuerzo-y-al-programa-municipal-de-microcreditos\/","og_locale":"es_ES","og_type":"article","og_title":"La emprendedora ramirense que logr\u00f3 crecer gracias a su esfuerzo y al Programa Municipal de Microcr\u00e9ditos - Informe Litoral","og_description":"Yanet Kretzer es peluquera y pudo dejar su peque\u00f1o local en su casa y abrir un sal\u00f3n en el moderno espacio de Galer\u00eda CAUR. \"Me siento muy c\u00f3moda en este lugar y se nota la diferencia ya que circula mucha m\u00e1s gente\u201d.","og_url":"https:\/\/informelitoral.com.ar\/la-emprendedora-ramirense-que-logro-crecer-gracias-a-su-esfuerzo-y-al-programa-municipal-de-microcreditos\/","og_site_name":"Informe Litoral","article_publisher":"https:\/\/www.facebook.com\/informelitoral\/","article_published_time":"2022-03-27T22:08:47+00:00","article_modified_time":"2022-03-27T22:19:03+00:00","og_image":[{"width":810,"height":540,"url":"https:\/\/informelitoral.com.ar\/%77%70%2d%63%6f%6e%74%65%6e%74\/uploads\/2022\/03\/277107240_354092606757791_3271840590229548385_n.jpg","type":"image\/jpeg"}],"author":"Gonzalo Schmidt","twitter_card":"summary_large_image","twitter_creator":"@InformeLitoral","twitter_site":"@InformeLitoral","twitter_misc":{"Escrito por":"Gonzalo Schmidt","Tiempo de lectura":"2 minutos"},"schema":{"@context":"https:\/\/schema.org","@graph":[{"@type":"Article","@id":"https:\/\/informelitoral.com.ar\/la-emprendedora-ramirense-que-logro-crecer-gracias-a-su-esfuerzo-y-al-programa-municipal-de-microcreditos\/#article","isPartOf":{"@id":"https:\/\/informelitoral.com.ar\/la-emprendedora-ramirense-que-logro-crecer-gracias-a-su-esfuerzo-y-al-programa-municipal-de-microcreditos\/"},"author":{"name":"Gonzalo Schmidt","@id":"https:\/\/informelitoral.com.ar\/#\/schema\/person\/b9d00407c836482871ef1d57bf8e3180"},"headline":"La emprendedora ramirense que logr\u00f3 crecer gracias a su esfuerzo y al Programa Municipal de Microcr\u00e9ditos","datePublished":"2022-03-27T22:08:47+00:00","dateModified":"2022-03-27T22:19:03+00:00","mainEntityOfPage":{"@id":"https:\/\/informelitoral.com.ar\/la-emprendedora-ramirense-que-logro-crecer-gracias-a-su-esfuerzo-y-al-programa-municipal-de-microcreditos\/"},"wordCount":500,"commentCount":0,"publisher":{"@id":"https:\/\/informelitoral.com.ar\/#organization"},"image":{"@id":"https:\/\/informelitoral.com.ar\/la-emprendedora-ramirense-que-logro-crecer-gracias-a-su-esfuerzo-y-al-programa-municipal-de-microcreditos\/#primaryimage"},"thumbnailUrl":"https:\/\/informelitoral.com.ar\/%77%70%2d%63%6f%6e%74%65%6e%74\/uploads\/2022\/03\/277107240_354092606757791_3271840590229548385_n.jpg","keywords":["Emprendedoras","Emprendedores","General Ram\u00edrez","Microcr\u00e9ditos","Municipales","Municipalidad de General Ram\u00edrez","Ram\u00edrez"],"articleSection":["Departamento Diamante"],"inLanguage":"es","potentialAction":[{"@type":"CommentAction","name":"Comment","target":["https:\/\/informelitoral.com.ar\/la-emprendedora-ramirense-que-logro-crecer-gracias-a-su-esfuerzo-y-al-programa-municipal-de-microcreditos\/#respond"]}]},{"@type":"WebPage","@id":"https:\/\/informelitoral.com.ar\/la-emprendedora-ramirense-que-logro-crecer-gracias-a-su-esfuerzo-y-al-programa-municipal-de-microcreditos\/","url":"https:\/\/informelitoral.com.ar\/la-emprendedora-ramirense-que-logro-crecer-gracias-a-su-esfuerzo-y-al-programa-municipal-de-microcreditos\/","name":"La emprendedora ramirense que logr\u00f3 crecer gracias a su esfuerzo y al Programa Municipal de Microcr\u00e9ditos - Informe Litoral","isPartOf":{"@id":"https:\/\/informelitoral.com.ar\/#website"},"primaryImageOfPage":{"@id":"https:\/\/informelitoral.com.ar\/la-emprendedora-ramirense-que-logro-crecer-gracias-a-su-esfuerzo-y-al-programa-municipal-de-microcreditos\/#primaryimage"},"image":{"@id":"https:\/\/informelitoral.com.ar\/la-emprendedora-ramirense-que-logro-crecer-gracias-a-su-esfuerzo-y-al-programa-municipal-de-microcreditos\/#primaryimage"},"thumbnailUrl":"https:\/\/informelitoral.com.ar\/%77%70%2d%63%6f%6e%74%65%6e%74\/uploads\/2022\/03\/277107240_354092606757791_3271840590229548385_n.jpg","datePublished":"2022-03-27T22:08:47+00:00","dateModified":"2022-03-27T22:19:03+00:00","breadcrumb":{"@id":"https:\/\/informelitoral.com.ar\/la-emprendedora-ramirense-que-logro-crecer-gracias-a-su-esfuerzo-y-al-programa-municipal-de-microcreditos\/#breadcrumb"},"inLanguage":"es","potentialAction":[{"@type":"ReadAction","target":["https:\/\/informelitoral.com.ar\/la-emprendedora-ramirense-que-logro-crecer-gracias-a-su-esfuerzo-y-al-programa-municipal-de-microcreditos\/"]}]},{"@type":"ImageObject","inLanguage":"es","@id":"https:\/\/informelitoral.com.ar\/la-emprendedora-ramirense-que-logro-crecer-gracias-a-su-esfuerzo-y-al-programa-municipal-de-microcreditos\/#primaryimage","url":"https:\/\/informelitoral.com.ar\/%77%70%2d%63%6f%6e%74%65%6e%74\/uploads\/2022\/03\/277107240_354092606757791_3271840590229548385_n.jpg","contentUrl":"https:\/\/informelitoral.com.ar\/%77%70%2d%63%6f%6e%74%65%6e%74\/uploads\/2022\/03\/277107240_354092606757791_3271840590229548385_n.jpg","width":810,"height":540},{"@type":"BreadcrumbList","@id":"https:\/\/informelitoral.com.ar\/la-emprendedora-ramirense-que-logro-crecer-gracias-a-su-esfuerzo-y-al-programa-municipal-de-microcreditos\/#breadcrumb","itemListElement":[{"@type":"ListItem","position":1,"name":"Portada","item":"https:\/\/informelitoral.com.ar\/"},{"@type":"ListItem","position":2,"name":"La emprendedora ramirense que logr\u00f3 crecer gracias a su esfuerzo y al Programa Municipal de Microcr\u00e9ditos"}]},{"@type":"WebSite","@id":"https:\/\/informelitoral.com.ar\/#website","url":"https:\/\/informelitoral.com.ar\/","name":"Informe Litoral","description":"&quot;Nos informamos&quot; ","publisher":{"@id":"https:\/\/informelitoral.com.ar\/#organization"},"potentialAction":[{"@type":"SearchAction","target":{"@type":"EntryPoint","urlTemplate":"https:\/\/informelitoral.com.ar\/?s={search_term_string}"},"query-input":{"@type":"PropertyValueSpecification","valueRequired":true,"valueName":"search_term_string"}}],"inLanguage":"es"},{"@type":"Organization","@id":"https:\/\/informelitoral.com.ar\/#organization","name":"Informe Litoral","url":"https:\/\/informelitoral.com.ar\/","logo":{"@type":"ImageObject","inLanguage":"es","@id":"https:\/\/informelitoral.com.ar\/#\/schema\/logo\/image\/","url":"https:\/\/informelitoral.com.ar\/%77%70%2d%63%6f%6e%74%65%6e%74\/uploads\/2021\/01\/circulo.png","contentUrl":"https:\/\/informelitoral.com.ar\/%77%70%2d%63%6f%6e%74%65%6e%74\/uploads\/2021\/01\/circulo.png","width":723,"height":731,"caption":"Informe Litoral"},"image":{"@id":"https:\/\/informelitoral.com.ar\/#\/schema\/logo\/image\/"},"sameAs":["https:\/\/www.facebook.com\/informelitoral\/","https:\/\/x.com\/InformeLitoral","https:\/\/www.instagram.com\/informelitoral\/","https:\/\/www.youtube.com\/channel\/UCua4Qvz8Icb6MYqhoq9xLXw"]},{"@type":"Person","@id":"https:\/\/informelitoral.com.ar\/#\/schema\/person\/b9d00407c836482871ef1d57bf8e3180","name":"Gonzalo Schmidt","image":{"@type":"ImageObject","inLanguage":"es","@id":"https:\/\/secure.gravatar.com\/avatar\/31a1a7b66ff2de83bd0e9fd79d026630d2d99e55e8bfe501287647b4fd9743de?s=96&d=mm&r=g","url":"https:\/\/secure.gravatar.com\/avatar\/31a1a7b66ff2de83bd0e9fd79d026630d2d99e55e8bfe501287647b4fd9743de?s=96&d=mm&r=g","contentUrl":"https:\/\/secure.gravatar.com\/avatar\/31a1a7b66ff2de83bd0e9fd79d026630d2d99e55e8bfe501287647b4fd9743de?s=96&d=mm&r=g","caption":"Gonzalo Schmidt"},"description":"Sitio web de noticias de la provincia de Entre R\u00edos, Argentina. Informaci\u00f3n y entretenimiento. Informe Litoral, nos informamos.","sameAs":["http:\/\/www.isletasnoticias.com.ar"],"url":"https:\/\/informelitoral.com.ar\/author\/gonzalo\/"}]}},"_links":{"self":[{"href":"https:\/\/informelitoral.com.ar\/%77%70%2d%6a%73%6f%6e\/wp\/v2\/posts\/74265","targetHints":{"allow":["GET"]}}],"collection":[{"href":"https:\/\/informelitoral.com.ar\/%77%70%2d%6a%73%6f%6e\/wp\/v2\/posts"}],"about":[{"href":"https:\/\/informelitoral.com.ar\/%77%70%2d%6a%73%6f%6e\/wp\/v2\/types\/post"}],"author":[{"embeddable":true,"href":"https:\/\/informelitoral.com.ar\/%77%70%2d%6a%73%6f%6e\/wp\/v2\/users\/2"}],"replies":[{"embeddable":true,"href":"https:\/\/informelitoral.com.ar\/%77%70%2d%6a%73%6f%6e\/wp\/v2\/comments?post=74265"}],"version-history":[{"count":0,"href":"https:\/\/informelitoral.com.ar\/%77%70%2d%6a%73%6f%6e\/wp\/v2\/posts\/74265\/revisions"}],"wp:featuredmedia":[{"embeddable":true,"href":"https:\/\/informelitoral.com.ar\/%77%70%2d%6a%73%6f%6e\/wp\/v2\/media\/74266"}],"wp:attachment":[{"href":"https:\/\/informelitoral.com.ar\/%77%70%2d%6a%73%6f%6e\/wp\/v2\/media?parent=74265"}],"wp:term":[{"taxonomy":"category","embeddable":true,"href":"https:\/\/informelitoral.com.ar\/%77%70%2d%6a%73%6f%6e\/wp\/v2\/categories?post=74265"},{"taxonomy":"post_tag","embeddable":true,"href":"https:\/\/informelitoral.com.ar\/%77%70%2d%6a%73%6f%6e\/wp\/v2\/tags?post=74265"}],"curies":[{"name":"wp","href":"https:\/\/api.w.org\/{rel}","templated":true}]}}