{"id":74144,"date":"2022-03-25T09:22:11","date_gmt":"2022-03-25T12:22:11","guid":{"rendered":"https:\/\/www.informelitoral.com.ar\/?p=74144"},"modified":"2022-03-25T09:22:11","modified_gmt":"2022-03-25T12:22:11","slug":"oficializaron-la-suba-escalonada-del-salario-minimo-que-comenzara-en-abril","status":"publish","type":"post","link":"https:\/\/informelitoral.com.ar\/oficializaron-la-suba-escalonada-del-salario-minimo-que-comenzara-en-abril\/","title":{"rendered":"Oficializaron la suba escalonada del salario m\u00ednimo que comenzar\u00e1 en abril"},"content":{"rendered":"<p>El Gobierno public\u00f3 en el Bolet\u00edn Oficial la resoluci\u00f3n que lleva desde abril el salario m\u00ednimo, vital y m\u00f3vil (SMVM) a $38.940 para todos los trabajadores mensualizados que cumplen la jornada legal completa de trabajo, mientras que la hora para los trabajadores jornalizados pasa a ser de $194,70.<\/p>\n<p>La medida qued\u00f3 oficializada con la Resoluci\u00f3n 4\/2022, que lleva la firma del ministro de Trabajo, Claudio Moroni, y que da precisiones sobre la suba de 45% del salario m\u00ednimo. El incremento se aplicar\u00e1 en cuatro tramos y se fij\u00f3 una posible instancia de revisi\u00f3n en agosto.<\/p>\n<p>El incremento fue acordado durante el plenario del Consejo del Salario, convocado por el Ministerio de Trabajo el pasado 16 de marzo. De esta manera, el salario m\u00ednimo que se ubica en $ 33.000 brutos pasar\u00e1 a $ 47.850 para diciembre.<\/p>\n<p>Adem\u00e1s del aumento del 18% previsto a partir del 1 de abril, se dispuso una suba de 10% en junio, 10% en agosto y 7% en diciembre.<\/p>\n<p>De esta manera, el salario m\u00ednimo pasar\u00e1 en junio a $ 42.240, mientras que el valor de la hora para los trabajadores jornalizados ser\u00e1 de $ 211,20.<\/p>\n<p>En tanto que a partir del 1\u00b0 de agosto, el salario ser\u00e1 de $ 45.540, y el valor de la hora para los jornalizados llegar\u00e1 a $ 227,70. Para diciembre se prev\u00e9 completar el esquema de aumentos y el m\u00ednimo ser\u00e1 de $ 47.850 mientras que el valor de la hora para los jornalizados llegar\u00e1 a $ 239,30.<\/p>\n<p>En el mismo sentido, el Gobierno aument\u00f3 las prestaciones por desempleo, que tendr\u00e1n, de la misma forma, un esquema de subas gradual. A partir de abril, el monto m\u00ednimo pasar\u00e1 a $ 10.817 y el m\u00e1ximo a $ 18.028. Para junio pasar\u00e1n a $ 11.733 y $ 19.556, respectivamente; mientras que en agosto llegar\u00e1n a $ 12.650 y $ 21.083. En diciembre, el m\u00ednimo por desempleo ser\u00e1 de $13.292 y el m\u00e1ximo $ 22.153.<\/p>\n","protected":false},"excerpt":{"rendered":"<p>La medida qued\u00f3 oficializada con la Resoluci\u00f3n 4\/2022, que da precisiones sobre la suba de 45% del salario m\u00ednimo. El incremento se aplicar\u00e1 en cuatro tramos y se fij\u00f3 una posible instancia de revisi\u00f3n en agosto.<\/p>\n","protected":false},"author":8,"featured_media":74145,"comment_status":"open","ping_status":"open","sticky":false,"template":"","format":"standard","meta":{"fifu_image_url":"","fifu_image_alt":"","footnotes":""},"categories":[1594],"tags":[3439],"class_list":{"0":"post-74144","1":"post","2":"type-post","3":"status-publish","4":"format-standard","5":"has-post-thumbnail","7":"category-economia","8":"tag-suba-de-salario"},"yoast_head":"<title>Oficializaron la suba escalonada del salario m\u00ednimo que comenzar\u00e1 en abril - Informe Litoral<\/title>\n<meta name=\"robots\" content=\"index, follow, max-snippet:-1, max-image-preview:large, max-video-preview:-1\" \/>\n<link rel=\"canonical\" href=\"https:\/\/informelitoral.com.ar\/oficializaron-la-suba-escalonada-del-salario-minimo-que-comenzara-en-abril\/\" \/>\n<meta property=\"og:locale\" content=\"es_ES\" \/>\n<meta property=\"og:type\" content=\"article\" \/>\n<meta property=\"og:title\" content=\"Oficializaron la suba escalonada del salario m\u00ednimo que comenzar\u00e1 en abril - Informe Litoral\" \/>\n<meta property=\"og:description\" content=\"La medida qued\u00f3 oficializada con la Resoluci\u00f3n 4\/2022, que da precisiones sobre la suba de 45% del salario m\u00ednimo. El incremento se aplicar\u00e1 en cuatro tramos y se fij\u00f3 una posible instancia de revisi\u00f3n en agosto.\" \/>\n<meta property=\"og:url\" content=\"https:\/\/informelitoral.com.ar\/oficializaron-la-suba-escalonada-del-salario-minimo-que-comenzara-en-abril\/\" \/>\n<meta property=\"og:site_name\" content=\"Informe Litoral\" \/>\n<meta property=\"article:publisher\" content=\"https:\/\/www.facebook.com\/informelitoral\/\" \/>\n<meta property=\"article:published_time\" content=\"2022-03-25T12:22:11+00:00\" \/>\n<meta property=\"og:image\" content=\"https:\/\/informelitoral.com.ar\/%77%70%2d%63%6f%6e%74%65%6e%74\/uploads\/2022\/03\/o_1647463918.jpg\" \/>\n\t<meta property=\"og:image:width\" content=\"800\" \/>\n\t<meta property=\"og:image:height\" content=\"450\" \/>\n\t<meta property=\"og:image:type\" content=\"image\/jpeg\" \/>\n<meta name=\"author\" content=\"Sebastian\" \/>\n<meta name=\"twitter:card\" content=\"summary_large_image\" \/>\n<meta name=\"twitter:creator\" content=\"@InformeLitoral\" \/>\n<meta name=\"twitter:site\" content=\"@InformeLitoral\" \/>\n<meta name=\"twitter:label1\" content=\"Escrito por\" \/>\n\t<meta name=\"twitter:data1\" content=\"Sebastian\" \/>\n\t<meta name=\"twitter:label2\" content=\"Tiempo de lectura\" \/>\n\t<meta name=\"twitter:data2\" content=\"1 minuto\" \/>\n<script type=\"application\/ld+json\" class=\"yoast-schema-graph\">{\"@context\":\"https:\\\/\\\/schema.org\",\"@graph\":[{\"@type\":\"Article\",\"@id\":\"https:\\\/\\\/informelitoral.com.ar\\\/oficializaron-la-suba-escalonada-del-salario-minimo-que-comenzara-en-abril\\\/#article\",\"isPartOf\":{\"@id\":\"https:\\\/\\\/informelitoral.com.ar\\\/oficializaron-la-suba-escalonada-del-salario-minimo-que-comenzara-en-abril\\\/\"},\"author\":{\"name\":\"Sebastian\",\"@id\":\"https:\\\/\\\/informelitoral.com.ar\\\/#\\\/schema\\\/person\\\/f05f9f461677119578717524b127d6d5\"},\"headline\":\"Oficializaron la suba escalonada del salario m\u00ednimo que comenzar\u00e1 en abril\",\"datePublished\":\"2022-03-25T12:22:11+00:00\",\"mainEntityOfPage\":{\"@id\":\"https:\\\/\\\/informelitoral.com.ar\\\/oficializaron-la-suba-escalonada-del-salario-minimo-que-comenzara-en-abril\\\/\"},\"wordCount\":310,\"commentCount\":0,\"publisher\":{\"@id\":\"https:\\\/\\\/informelitoral.com.ar\\\/#organization\"},\"image\":{\"@id\":\"https:\\\/\\\/informelitoral.com.ar\\\/oficializaron-la-suba-escalonada-del-salario-minimo-que-comenzara-en-abril\\\/#primaryimage\"},\"thumbnailUrl\":\"https:\\\/\\\/informelitoral.com.ar\\\/%77%70%2d%63%6f%6e%74%65%6e%74\\\/uploads\\\/2022\\\/03\\\/o_1647463918.jpg\",\"keywords\":[\"Suba de salario\"],\"articleSection\":[\"Econom\u00eda\"],\"inLanguage\":\"es\",\"potentialAction\":[{\"@type\":\"CommentAction\",\"name\":\"Comment\",\"target\":[\"https:\\\/\\\/informelitoral.com.ar\\\/oficializaron-la-suba-escalonada-del-salario-minimo-que-comenzara-en-abril\\\/#respond\"]}]},{\"@type\":\"WebPage\",\"@id\":\"https:\\\/\\\/informelitoral.com.ar\\\/oficializaron-la-suba-escalonada-del-salario-minimo-que-comenzara-en-abril\\\/\",\"url\":\"https:\\\/\\\/informelitoral.com.ar\\\/oficializaron-la-suba-escalonada-del-salario-minimo-que-comenzara-en-abril\\\/\",\"name\":\"Oficializaron la suba escalonada del salario m\u00ednimo que comenzar\u00e1 en abril - Informe Litoral\",\"isPartOf\":{\"@id\":\"https:\\\/\\\/informelitoral.com.ar\\\/#website\"},\"primaryImageOfPage\":{\"@id\":\"https:\\\/\\\/informelitoral.com.ar\\\/oficializaron-la-suba-escalonada-del-salario-minimo-que-comenzara-en-abril\\\/#primaryimage\"},\"image\":{\"@id\":\"https:\\\/\\\/informelitoral.com.ar\\\/oficializaron-la-suba-escalonada-del-salario-minimo-que-comenzara-en-abril\\\/#primaryimage\"},\"thumbnailUrl\":\"https:\\\/\\\/informelitoral.com.ar\\\/%77%70%2d%63%6f%6e%74%65%6e%74\\\/uploads\\\/2022\\\/03\\\/o_1647463918.jpg\",\"datePublished\":\"2022-03-25T12:22:11+00:00\",\"breadcrumb\":{\"@id\":\"https:\\\/\\\/informelitoral.com.ar\\\/oficializaron-la-suba-escalonada-del-salario-minimo-que-comenzara-en-abril\\\/#breadcrumb\"},\"inLanguage\":\"es\",\"potentialAction\":[{\"@type\":\"ReadAction\",\"target\":[\"https:\\\/\\\/informelitoral.com.ar\\\/oficializaron-la-suba-escalonada-del-salario-minimo-que-comenzara-en-abril\\\/\"]}]},{\"@type\":\"ImageObject\",\"inLanguage\":\"es\",\"@id\":\"https:\\\/\\\/informelitoral.com.ar\\\/oficializaron-la-suba-escalonada-del-salario-minimo-que-comenzara-en-abril\\\/#primaryimage\",\"url\":\"https:\\\/\\\/informelitoral.com.ar\\\/%77%70%2d%63%6f%6e%74%65%6e%74\\\/uploads\\\/2022\\\/03\\\/o_1647463918.jpg\",\"contentUrl\":\"https:\\\/\\\/informelitoral.com.ar\\\/%77%70%2d%63%6f%6e%74%65%6e%74\\\/uploads\\\/2022\\\/03\\\/o_1647463918.jpg\",\"width\":800,\"height\":450},{\"@type\":\"BreadcrumbList\",\"@id\":\"https:\\\/\\\/informelitoral.com.ar\\\/oficializaron-la-suba-escalonada-del-salario-minimo-que-comenzara-en-abril\\\/#breadcrumb\",\"itemListElement\":[{\"@type\":\"ListItem\",\"position\":1,\"name\":\"Portada\",\"item\":\"https:\\\/\\\/informelitoral.com.ar\\\/\"},{\"@type\":\"ListItem\",\"position\":2,\"name\":\"Oficializaron la suba escalonada del salario m\u00ednimo que comenzar\u00e1 en abril\"}]},{\"@type\":\"WebSite\",\"@id\":\"https:\\\/\\\/informelitoral.com.ar\\\/#website\",\"url\":\"https:\\\/\\\/informelitoral.com.ar\\\/\",\"name\":\"Informe Litoral\",\"description\":\"&quot;Nos informamos&quot; \",\"publisher\":{\"@id\":\"https:\\\/\\\/informelitoral.com.ar\\\/#organization\"},\"potentialAction\":[{\"@type\":\"SearchAction\",\"target\":{\"@type\":\"EntryPoint\",\"urlTemplate\":\"https:\\\/\\\/informelitoral.com.ar\\\/?s={search_term_string}\"},\"query-input\":{\"@type\":\"PropertyValueSpecification\",\"valueRequired\":true,\"valueName\":\"search_term_string\"}}],\"inLanguage\":\"es\"},{\"@type\":\"Organization\",\"@id\":\"https:\\\/\\\/informelitoral.com.ar\\\/#organization\",\"name\":\"Informe Litoral\",\"url\":\"https:\\\/\\\/informelitoral.com.ar\\\/\",\"logo\":{\"@type\":\"ImageObject\",\"inLanguage\":\"es\",\"@id\":\"https:\\\/\\\/informelitoral.com.ar\\\/#\\\/schema\\\/logo\\\/image\\\/\",\"url\":\"https:\\\/\\\/informelitoral.com.ar\\\/%77%70%2d%63%6f%6e%74%65%6e%74\\\/uploads\\\/2021\\\/01\\\/circulo.png\",\"contentUrl\":\"https:\\\/\\\/informelitoral.com.ar\\\/%77%70%2d%63%6f%6e%74%65%6e%74\\\/uploads\\\/2021\\\/01\\\/circulo.png\",\"width\":723,\"height\":731,\"caption\":\"Informe Litoral\"},\"image\":{\"@id\":\"https:\\\/\\\/informelitoral.com.ar\\\/#\\\/schema\\\/logo\\\/image\\\/\"},\"sameAs\":[\"https:\\\/\\\/www.facebook.com\\\/informelitoral\\\/\",\"https:\\\/\\\/x.com\\\/InformeLitoral\",\"https:\\\/\\\/www.instagram.com\\\/informelitoral\\\/\",\"https:\\\/\\\/www.youtube.com\\\/channel\\\/UCua4Qvz8Icb6MYqhoq9xLXw\"]},{\"@type\":\"Person\",\"@id\":\"https:\\\/\\\/informelitoral.com.ar\\\/#\\\/schema\\\/person\\\/f05f9f461677119578717524b127d6d5\",\"name\":\"Sebastian\",\"image\":{\"@type\":\"ImageObject\",\"inLanguage\":\"es\",\"@id\":\"https:\\\/\\\/secure.gravatar.com\\\/avatar\\\/b71bf7481d447dfb9583c7f2798e7cc64de6efb9067b74633ed8c31059a3bd82?s=96&d=mm&r=g\",\"url\":\"https:\\\/\\\/secure.gravatar.com\\\/avatar\\\/b71bf7481d447dfb9583c7f2798e7cc64de6efb9067b74633ed8c31059a3bd82?s=96&d=mm&r=g\",\"contentUrl\":\"https:\\\/\\\/secure.gravatar.com\\\/avatar\\\/b71bf7481d447dfb9583c7f2798e7cc64de6efb9067b74633ed8c31059a3bd82?s=96&d=mm&r=g\",\"caption\":\"Sebastian\"},\"url\":\"https:\\\/\\\/informelitoral.com.ar\\\/author\\\/sebastian\\\/\"}]}<\/script>","yoast_head_json":{"title":"Oficializaron la suba escalonada del salario m\u00ednimo que comenzar\u00e1 en abril - Informe Litoral","robots":{"index":"index","follow":"follow","max-snippet":"max-snippet:-1","max-image-preview":"max-image-preview:large","max-video-preview":"max-video-preview:-1"},"canonical":"https:\/\/informelitoral.com.ar\/oficializaron-la-suba-escalonada-del-salario-minimo-que-comenzara-en-abril\/","og_locale":"es_ES","og_type":"article","og_title":"Oficializaron la suba escalonada del salario m\u00ednimo que comenzar\u00e1 en abril - Informe Litoral","og_description":"La medida qued\u00f3 oficializada con la Resoluci\u00f3n 4\/2022, que da precisiones sobre la suba de 45% del salario m\u00ednimo. El incremento se aplicar\u00e1 en cuatro tramos y se fij\u00f3 una posible instancia de revisi\u00f3n en agosto.","og_url":"https:\/\/informelitoral.com.ar\/oficializaron-la-suba-escalonada-del-salario-minimo-que-comenzara-en-abril\/","og_site_name":"Informe Litoral","article_publisher":"https:\/\/www.facebook.com\/informelitoral\/","article_published_time":"2022-03-25T12:22:11+00:00","og_image":[{"width":800,"height":450,"url":"https:\/\/informelitoral.com.ar\/%77%70%2d%63%6f%6e%74%65%6e%74\/uploads\/2022\/03\/o_1647463918.jpg","type":"image\/jpeg"}],"author":"Sebastian","twitter_card":"summary_large_image","twitter_creator":"@InformeLitoral","twitter_site":"@InformeLitoral","twitter_misc":{"Escrito por":"Sebastian","Tiempo de lectura":"1 minuto"},"schema":{"@context":"https:\/\/schema.org","@graph":[{"@type":"Article","@id":"https:\/\/informelitoral.com.ar\/oficializaron-la-suba-escalonada-del-salario-minimo-que-comenzara-en-abril\/#article","isPartOf":{"@id":"https:\/\/informelitoral.com.ar\/oficializaron-la-suba-escalonada-del-salario-minimo-que-comenzara-en-abril\/"},"author":{"name":"Sebastian","@id":"https:\/\/informelitoral.com.ar\/#\/schema\/person\/f05f9f461677119578717524b127d6d5"},"headline":"Oficializaron la suba escalonada del salario m\u00ednimo que comenzar\u00e1 en abril","datePublished":"2022-03-25T12:22:11+00:00","mainEntityOfPage":{"@id":"https:\/\/informelitoral.com.ar\/oficializaron-la-suba-escalonada-del-salario-minimo-que-comenzara-en-abril\/"},"wordCount":310,"commentCount":0,"publisher":{"@id":"https:\/\/informelitoral.com.ar\/#organization"},"image":{"@id":"https:\/\/informelitoral.com.ar\/oficializaron-la-suba-escalonada-del-salario-minimo-que-comenzara-en-abril\/#primaryimage"},"thumbnailUrl":"https:\/\/informelitoral.com.ar\/%77%70%2d%63%6f%6e%74%65%6e%74\/uploads\/2022\/03\/o_1647463918.jpg","keywords":["Suba de salario"],"articleSection":["Econom\u00eda"],"inLanguage":"es","potentialAction":[{"@type":"CommentAction","name":"Comment","target":["https:\/\/informelitoral.com.ar\/oficializaron-la-suba-escalonada-del-salario-minimo-que-comenzara-en-abril\/#respond"]}]},{"@type":"WebPage","@id":"https:\/\/informelitoral.com.ar\/oficializaron-la-suba-escalonada-del-salario-minimo-que-comenzara-en-abril\/","url":"https:\/\/informelitoral.com.ar\/oficializaron-la-suba-escalonada-del-salario-minimo-que-comenzara-en-abril\/","name":"Oficializaron la suba escalonada del salario m\u00ednimo que comenzar\u00e1 en abril - Informe Litoral","isPartOf":{"@id":"https:\/\/informelitoral.com.ar\/#website"},"primaryImageOfPage":{"@id":"https:\/\/informelitoral.com.ar\/oficializaron-la-suba-escalonada-del-salario-minimo-que-comenzara-en-abril\/#primaryimage"},"image":{"@id":"https:\/\/informelitoral.com.ar\/oficializaron-la-suba-escalonada-del-salario-minimo-que-comenzara-en-abril\/#primaryimage"},"thumbnailUrl":"https:\/\/informelitoral.com.ar\/%77%70%2d%63%6f%6e%74%65%6e%74\/uploads\/2022\/03\/o_1647463918.jpg","datePublished":"2022-03-25T12:22:11+00:00","breadcrumb":{"@id":"https:\/\/informelitoral.com.ar\/oficializaron-la-suba-escalonada-del-salario-minimo-que-comenzara-en-abril\/#breadcrumb"},"inLanguage":"es","potentialAction":[{"@type":"ReadAction","target":["https:\/\/informelitoral.com.ar\/oficializaron-la-suba-escalonada-del-salario-minimo-que-comenzara-en-abril\/"]}]},{"@type":"ImageObject","inLanguage":"es","@id":"https:\/\/informelitoral.com.ar\/oficializaron-la-suba-escalonada-del-salario-minimo-que-comenzara-en-abril\/#primaryimage","url":"https:\/\/informelitoral.com.ar\/%77%70%2d%63%6f%6e%74%65%6e%74\/uploads\/2022\/03\/o_1647463918.jpg","contentUrl":"https:\/\/informelitoral.com.ar\/%77%70%2d%63%6f%6e%74%65%6e%74\/uploads\/2022\/03\/o_1647463918.jpg","width":800,"height":450},{"@type":"BreadcrumbList","@id":"https:\/\/informelitoral.com.ar\/oficializaron-la-suba-escalonada-del-salario-minimo-que-comenzara-en-abril\/#breadcrumb","itemListElement":[{"@type":"ListItem","position":1,"name":"Portada","item":"https:\/\/informelitoral.com.ar\/"},{"@type":"ListItem","position":2,"name":"Oficializaron la suba escalonada del salario m\u00ednimo que comenzar\u00e1 en abril"}]},{"@type":"WebSite","@id":"https:\/\/informelitoral.com.ar\/#website","url":"https:\/\/informelitoral.com.ar\/","name":"Informe Litoral","description":"&quot;Nos informamos&quot; ","publisher":{"@id":"https:\/\/informelitoral.com.ar\/#organization"},"potentialAction":[{"@type":"SearchAction","target":{"@type":"EntryPoint","urlTemplate":"https:\/\/informelitoral.com.ar\/?s={search_term_string}"},"query-input":{"@type":"PropertyValueSpecification","valueRequired":true,"valueName":"search_term_string"}}],"inLanguage":"es"},{"@type":"Organization","@id":"https:\/\/informelitoral.com.ar\/#organization","name":"Informe Litoral","url":"https:\/\/informelitoral.com.ar\/","logo":{"@type":"ImageObject","inLanguage":"es","@id":"https:\/\/informelitoral.com.ar\/#\/schema\/logo\/image\/","url":"https:\/\/informelitoral.com.ar\/%77%70%2d%63%6f%6e%74%65%6e%74\/uploads\/2021\/01\/circulo.png","contentUrl":"https:\/\/informelitoral.com.ar\/%77%70%2d%63%6f%6e%74%65%6e%74\/uploads\/2021\/01\/circulo.png","width":723,"height":731,"caption":"Informe Litoral"},"image":{"@id":"https:\/\/informelitoral.com.ar\/#\/schema\/logo\/image\/"},"sameAs":["https:\/\/www.facebook.com\/informelitoral\/","https:\/\/x.com\/InformeLitoral","https:\/\/www.instagram.com\/informelitoral\/","https:\/\/www.youtube.com\/channel\/UCua4Qvz8Icb6MYqhoq9xLXw"]},{"@type":"Person","@id":"https:\/\/informelitoral.com.ar\/#\/schema\/person\/f05f9f461677119578717524b127d6d5","name":"Sebastian","image":{"@type":"ImageObject","inLanguage":"es","@id":"https:\/\/secure.gravatar.com\/avatar\/b71bf7481d447dfb9583c7f2798e7cc64de6efb9067b74633ed8c31059a3bd82?s=96&d=mm&r=g","url":"https:\/\/secure.gravatar.com\/avatar\/b71bf7481d447dfb9583c7f2798e7cc64de6efb9067b74633ed8c31059a3bd82?s=96&d=mm&r=g","contentUrl":"https:\/\/secure.gravatar.com\/avatar\/b71bf7481d447dfb9583c7f2798e7cc64de6efb9067b74633ed8c31059a3bd82?s=96&d=mm&r=g","caption":"Sebastian"},"url":"https:\/\/informelitoral.com.ar\/author\/sebastian\/"}]}},"_links":{"self":[{"href":"https:\/\/informelitoral.com.ar\/%77%70%2d%6a%73%6f%6e\/wp\/v2\/posts\/74144","targetHints":{"allow":["GET"]}}],"collection":[{"href":"https:\/\/informelitoral.com.ar\/%77%70%2d%6a%73%6f%6e\/wp\/v2\/posts"}],"about":[{"href":"https:\/\/informelitoral.com.ar\/%77%70%2d%6a%73%6f%6e\/wp\/v2\/types\/post"}],"author":[{"embeddable":true,"href":"https:\/\/informelitoral.com.ar\/%77%70%2d%6a%73%6f%6e\/wp\/v2\/users\/8"}],"replies":[{"embeddable":true,"href":"https:\/\/informelitoral.com.ar\/%77%70%2d%6a%73%6f%6e\/wp\/v2\/comments?post=74144"}],"version-history":[{"count":0,"href":"https:\/\/informelitoral.com.ar\/%77%70%2d%6a%73%6f%6e\/wp\/v2\/posts\/74144\/revisions"}],"wp:featuredmedia":[{"embeddable":true,"href":"https:\/\/informelitoral.com.ar\/%77%70%2d%6a%73%6f%6e\/wp\/v2\/media\/74145"}],"wp:attachment":[{"href":"https:\/\/informelitoral.com.ar\/%77%70%2d%6a%73%6f%6e\/wp\/v2\/media?parent=74144"}],"wp:term":[{"taxonomy":"category","embeddable":true,"href":"https:\/\/informelitoral.com.ar\/%77%70%2d%6a%73%6f%6e\/wp\/v2\/categories?post=74144"},{"taxonomy":"post_tag","embeddable":true,"href":"https:\/\/informelitoral.com.ar\/%77%70%2d%6a%73%6f%6e\/wp\/v2\/tags?post=74144"}],"curies":[{"name":"wp","href":"https:\/\/api.w.org\/{rel}","templated":true}]}}