{"id":74129,"date":"2022-03-25T08:10:06","date_gmt":"2022-03-25T11:10:06","guid":{"rendered":"https:\/\/www.informelitoral.com.ar\/?p=74129"},"modified":"2022-03-25T09:09:20","modified_gmt":"2022-03-25T12:09:20","slug":"gobierno-y-gremios-docentes-retoman-hoy-la-paritaria-salarial-que-pedira-agmer","status":"publish","type":"post","link":"https:\/\/informelitoral.com.ar\/gobierno-y-gremios-docentes-retoman-hoy-la-paritaria-salarial-que-pedira-agmer\/","title":{"rendered":"Gobierno y gremios docentes retoman hoy la paritaria salarial: qu\u00e9 pedir\u00e1 Agmer"},"content":{"rendered":"<p>La Secretar\u00eda de Trabajo, notific\u00f3 a los cuatro gremios docentes y a las autoridades del CGE a retomar las negociaciones paritarias. La reuni\u00f3n ser\u00e1 hoy, a las 11 en la sede laboral.<\/p>\n<p>Al respecto, Agmer anunci\u00f3 que solicitar\u00e1:<\/p>\n<p><i>-Que el aumento del 45,45% se termine de percibir a m\u00e1s tardar en el mes de agosto;<br \/>\n-Que la paritaria quede abierta para analizar evoluci\u00f3n de la inflaci\u00f3n y situaci\u00f3n del c\u00f3digo 029;<br \/>\n-Que el primer tramo del aumento de 21,21% se cobre con el sueldo de marzo o por complementaria de marzo;<br \/>\n-Que se convoque a paritaria salarial no m\u00e1s all\u00e1 del mes de agosto para discutir una nueva pauta salarial para el segundo semestre;<br \/>\n-Que la pauta salarial que se acuerde para el segundo semestre garantice que los salarios de las y los trabajadores, supere el porcentaje de inflaci\u00f3n acumulada en el a\u00f1o;<br \/>\n-Que la diferencia entre el 45,45% y la inflaci\u00f3n acumulada al mes de agosto sea la recomposici\u00f3n genuina para esta primera parte del a\u00f1o.<br \/>\n-Si el gobierno accede a los planteos del Congreso, mandatar a las y los miembros paritarios a firmar un acuerdo manteniendo la paritaria en cuarto intermedio.<\/i><\/p>\n<p>En ese marco, el ministro de Econom\u00eda, Hugo Ballay, destac\u00f3 que \u00abcompartimos el criterio del di\u00e1logo, esta es una decisi\u00f3n del gobernador Gustavo Bordet\u201d, y mencion\u00f3 el Congreso de Agmer de este mi\u00e9rcoles en el que surge la posibilidad de que el gobierno los vuelva a convocar \u201ccon algunas cuestiones relacionadas con la \u00faltima oferta que nosotros hicimos\u00bb.<\/p>\n<p>\u201cNos vamos a sentar nuevamente para evaluar esos puntos que ellos solicitan\u00bb, hizo saber.<\/p>\n<p>Adem\u00e1s, rescat\u00f3 \u00abla decisi\u00f3n del congreso del gremio docente no determin\u00f3 ninguna medida de fuerza en lo inmediato porque es muy dif\u00edcil acercar posiciones y dialogar si los chicos no pueden ir a la escuela por medidas gremiales\u00bb.<\/p>\n<p>El ministro resalt\u00f3 que \u00absiendo muy respetuoso de las medidas, de los derechos de los trabajadores tambi\u00e9n pensamos en los chicos, en la educaci\u00f3n p\u00fablica que no sea cada vez m\u00e1s distante a la privada\u00bb.<\/p>\n<p>Entonces \u00abcon la mayor responsabilidad, como lo hacemos siempre, vamos a sentarnos, vamos a analizar cada uno de los puntos solicitados, pero tambi\u00e9n reconocer esta decisi\u00f3n de que sea con los chicos en la escuela\u00bb.<\/p>\n","protected":false},"excerpt":{"rendered":"<p>Los cuatro gremios docentes y las autoridades provinciales retomar\u00e1n las negociaciones paritarias a las 11. Agmer pedir\u00e1 que el aumento del 45,45% se termine de percibir a m\u00e1s tardar en el mes de agosto, entre otros puntos.<\/p>\n","protected":false},"author":8,"featured_media":74130,"comment_status":"open","ping_status":"open","sticky":false,"template":"","format":"standard","meta":{"fifu_image_url":"","fifu_image_alt":"","footnotes":""},"categories":[6],"tags":[64,2998],"class_list":{"0":"post-74129","1":"post","2":"type-post","3":"status-publish","4":"format-standard","5":"has-post-thumbnail","7":"category-entre-rios","8":"tag-agmer","9":"tag-paritaria-salarial"},"yoast_head":"<title>Gobierno y gremios docentes retoman hoy la paritaria salarial: qu\u00e9 pedir\u00e1 Agmer - Informe Litoral<\/title>\n<meta name=\"robots\" content=\"index, follow, max-snippet:-1, max-image-preview:large, max-video-preview:-1\" \/>\n<link rel=\"canonical\" href=\"https:\/\/informelitoral.com.ar\/gobierno-y-gremios-docentes-retoman-hoy-la-paritaria-salarial-que-pedira-agmer\/\" \/>\n<meta property=\"og:locale\" content=\"es_ES\" \/>\n<meta property=\"og:type\" content=\"article\" \/>\n<meta property=\"og:title\" content=\"Gobierno y gremios docentes retoman hoy la paritaria salarial: qu\u00e9 pedir\u00e1 Agmer - Informe Litoral\" \/>\n<meta property=\"og:description\" content=\"Los cuatro gremios docentes y las autoridades provinciales retomar\u00e1n las negociaciones paritarias a las 11. Agmer pedir\u00e1 que el aumento del 45,45% se termine de percibir a m\u00e1s tardar en el mes de agosto, entre otros puntos.\" \/>\n<meta property=\"og:url\" content=\"https:\/\/informelitoral.com.ar\/gobierno-y-gremios-docentes-retoman-hoy-la-paritaria-salarial-que-pedira-agmer\/\" \/>\n<meta property=\"og:site_name\" content=\"Informe Litoral\" \/>\n<meta property=\"article:publisher\" content=\"https:\/\/www.facebook.com\/informelitoral\/\" \/>\n<meta property=\"article:published_time\" content=\"2022-03-25T11:10:06+00:00\" \/>\n<meta property=\"article:modified_time\" content=\"2022-03-25T12:09:20+00:00\" \/>\n<meta property=\"og:image\" content=\"https:\/\/informelitoral.com.ar\/%77%70%2d%63%6f%6e%74%65%6e%74\/uploads\/2022\/03\/agmer-banderitas.jpg\" \/>\n\t<meta property=\"og:image:width\" content=\"616\" \/>\n\t<meta property=\"og:image:height\" content=\"463\" \/>\n\t<meta property=\"og:image:type\" content=\"image\/jpeg\" \/>\n<meta name=\"author\" content=\"Sebastian\" \/>\n<meta name=\"twitter:card\" content=\"summary_large_image\" \/>\n<meta name=\"twitter:creator\" content=\"@InformeLitoral\" \/>\n<meta name=\"twitter:site\" content=\"@InformeLitoral\" \/>\n<meta name=\"twitter:label1\" content=\"Escrito por\" \/>\n\t<meta name=\"twitter:data1\" content=\"Sebastian\" \/>\n\t<meta name=\"twitter:label2\" content=\"Tiempo de lectura\" \/>\n\t<meta name=\"twitter:data2\" content=\"2 minutos\" \/>\n<script type=\"application\/ld+json\" class=\"yoast-schema-graph\">{\"@context\":\"https:\\\/\\\/schema.org\",\"@graph\":[{\"@type\":\"Article\",\"@id\":\"https:\\\/\\\/informelitoral.com.ar\\\/gobierno-y-gremios-docentes-retoman-hoy-la-paritaria-salarial-que-pedira-agmer\\\/#article\",\"isPartOf\":{\"@id\":\"https:\\\/\\\/informelitoral.com.ar\\\/gobierno-y-gremios-docentes-retoman-hoy-la-paritaria-salarial-que-pedira-agmer\\\/\"},\"author\":{\"name\":\"Sebastian\",\"@id\":\"https:\\\/\\\/informelitoral.com.ar\\\/#\\\/schema\\\/person\\\/f05f9f461677119578717524b127d6d5\"},\"headline\":\"Gobierno y gremios docentes retoman hoy la paritaria salarial: qu\u00e9 pedir\u00e1 Agmer\",\"datePublished\":\"2022-03-25T11:10:06+00:00\",\"dateModified\":\"2022-03-25T12:09:20+00:00\",\"mainEntityOfPage\":{\"@id\":\"https:\\\/\\\/informelitoral.com.ar\\\/gobierno-y-gremios-docentes-retoman-hoy-la-paritaria-salarial-que-pedira-agmer\\\/\"},\"wordCount\":406,\"commentCount\":0,\"publisher\":{\"@id\":\"https:\\\/\\\/informelitoral.com.ar\\\/#organization\"},\"image\":{\"@id\":\"https:\\\/\\\/informelitoral.com.ar\\\/gobierno-y-gremios-docentes-retoman-hoy-la-paritaria-salarial-que-pedira-agmer\\\/#primaryimage\"},\"thumbnailUrl\":\"https:\\\/\\\/informelitoral.com.ar\\\/%77%70%2d%63%6f%6e%74%65%6e%74\\\/uploads\\\/2022\\\/03\\\/agmer-banderitas.jpg\",\"keywords\":[\"Agmer\",\"Paritaria salarial\"],\"articleSection\":[\"Entre R\u00edos\"],\"inLanguage\":\"es\",\"potentialAction\":[{\"@type\":\"CommentAction\",\"name\":\"Comment\",\"target\":[\"https:\\\/\\\/informelitoral.com.ar\\\/gobierno-y-gremios-docentes-retoman-hoy-la-paritaria-salarial-que-pedira-agmer\\\/#respond\"]}]},{\"@type\":\"WebPage\",\"@id\":\"https:\\\/\\\/informelitoral.com.ar\\\/gobierno-y-gremios-docentes-retoman-hoy-la-paritaria-salarial-que-pedira-agmer\\\/\",\"url\":\"https:\\\/\\\/informelitoral.com.ar\\\/gobierno-y-gremios-docentes-retoman-hoy-la-paritaria-salarial-que-pedira-agmer\\\/\",\"name\":\"Gobierno y gremios docentes retoman hoy la paritaria salarial: qu\u00e9 pedir\u00e1 Agmer - Informe Litoral\",\"isPartOf\":{\"@id\":\"https:\\\/\\\/informelitoral.com.ar\\\/#website\"},\"primaryImageOfPage\":{\"@id\":\"https:\\\/\\\/informelitoral.com.ar\\\/gobierno-y-gremios-docentes-retoman-hoy-la-paritaria-salarial-que-pedira-agmer\\\/#primaryimage\"},\"image\":{\"@id\":\"https:\\\/\\\/informelitoral.com.ar\\\/gobierno-y-gremios-docentes-retoman-hoy-la-paritaria-salarial-que-pedira-agmer\\\/#primaryimage\"},\"thumbnailUrl\":\"https:\\\/\\\/informelitoral.com.ar\\\/%77%70%2d%63%6f%6e%74%65%6e%74\\\/uploads\\\/2022\\\/03\\\/agmer-banderitas.jpg\",\"datePublished\":\"2022-03-25T11:10:06+00:00\",\"dateModified\":\"2022-03-25T12:09:20+00:00\",\"breadcrumb\":{\"@id\":\"https:\\\/\\\/informelitoral.com.ar\\\/gobierno-y-gremios-docentes-retoman-hoy-la-paritaria-salarial-que-pedira-agmer\\\/#breadcrumb\"},\"inLanguage\":\"es\",\"potentialAction\":[{\"@type\":\"ReadAction\",\"target\":[\"https:\\\/\\\/informelitoral.com.ar\\\/gobierno-y-gremios-docentes-retoman-hoy-la-paritaria-salarial-que-pedira-agmer\\\/\"]}]},{\"@type\":\"ImageObject\",\"inLanguage\":\"es\",\"@id\":\"https:\\\/\\\/informelitoral.com.ar\\\/gobierno-y-gremios-docentes-retoman-hoy-la-paritaria-salarial-que-pedira-agmer\\\/#primaryimage\",\"url\":\"https:\\\/\\\/informelitoral.com.ar\\\/%77%70%2d%63%6f%6e%74%65%6e%74\\\/uploads\\\/2022\\\/03\\\/agmer-banderitas.jpg\",\"contentUrl\":\"https:\\\/\\\/informelitoral.com.ar\\\/%77%70%2d%63%6f%6e%74%65%6e%74\\\/uploads\\\/2022\\\/03\\\/agmer-banderitas.jpg\",\"width\":616,\"height\":463},{\"@type\":\"BreadcrumbList\",\"@id\":\"https:\\\/\\\/informelitoral.com.ar\\\/gobierno-y-gremios-docentes-retoman-hoy-la-paritaria-salarial-que-pedira-agmer\\\/#breadcrumb\",\"itemListElement\":[{\"@type\":\"ListItem\",\"position\":1,\"name\":\"Portada\",\"item\":\"https:\\\/\\\/informelitoral.com.ar\\\/\"},{\"@type\":\"ListItem\",\"position\":2,\"name\":\"Gobierno y gremios docentes retoman hoy la paritaria salarial: qu\u00e9 pedir\u00e1 Agmer\"}]},{\"@type\":\"WebSite\",\"@id\":\"https:\\\/\\\/informelitoral.com.ar\\\/#website\",\"url\":\"https:\\\/\\\/informelitoral.com.ar\\\/\",\"name\":\"Informe Litoral\",\"description\":\"&quot;Nos informamos&quot; \",\"publisher\":{\"@id\":\"https:\\\/\\\/informelitoral.com.ar\\\/#organization\"},\"potentialAction\":[{\"@type\":\"SearchAction\",\"target\":{\"@type\":\"EntryPoint\",\"urlTemplate\":\"https:\\\/\\\/informelitoral.com.ar\\\/?s={search_term_string}\"},\"query-input\":{\"@type\":\"PropertyValueSpecification\",\"valueRequired\":true,\"valueName\":\"search_term_string\"}}],\"inLanguage\":\"es\"},{\"@type\":\"Organization\",\"@id\":\"https:\\\/\\\/informelitoral.com.ar\\\/#organization\",\"name\":\"Informe Litoral\",\"url\":\"https:\\\/\\\/informelitoral.com.ar\\\/\",\"logo\":{\"@type\":\"ImageObject\",\"inLanguage\":\"es\",\"@id\":\"https:\\\/\\\/informelitoral.com.ar\\\/#\\\/schema\\\/logo\\\/image\\\/\",\"url\":\"https:\\\/\\\/informelitoral.com.ar\\\/%77%70%2d%63%6f%6e%74%65%6e%74\\\/uploads\\\/2021\\\/01\\\/circulo.png\",\"contentUrl\":\"https:\\\/\\\/informelitoral.com.ar\\\/%77%70%2d%63%6f%6e%74%65%6e%74\\\/uploads\\\/2021\\\/01\\\/circulo.png\",\"width\":723,\"height\":731,\"caption\":\"Informe Litoral\"},\"image\":{\"@id\":\"https:\\\/\\\/informelitoral.com.ar\\\/#\\\/schema\\\/logo\\\/image\\\/\"},\"sameAs\":[\"https:\\\/\\\/www.facebook.com\\\/informelitoral\\\/\",\"https:\\\/\\\/x.com\\\/InformeLitoral\",\"https:\\\/\\\/www.instagram.com\\\/informelitoral\\\/\",\"https:\\\/\\\/www.youtube.com\\\/channel\\\/UCua4Qvz8Icb6MYqhoq9xLXw\"]},{\"@type\":\"Person\",\"@id\":\"https:\\\/\\\/informelitoral.com.ar\\\/#\\\/schema\\\/person\\\/f05f9f461677119578717524b127d6d5\",\"name\":\"Sebastian\",\"image\":{\"@type\":\"ImageObject\",\"inLanguage\":\"es\",\"@id\":\"https:\\\/\\\/secure.gravatar.com\\\/avatar\\\/b71bf7481d447dfb9583c7f2798e7cc64de6efb9067b74633ed8c31059a3bd82?s=96&d=mm&r=g\",\"url\":\"https:\\\/\\\/secure.gravatar.com\\\/avatar\\\/b71bf7481d447dfb9583c7f2798e7cc64de6efb9067b74633ed8c31059a3bd82?s=96&d=mm&r=g\",\"contentUrl\":\"https:\\\/\\\/secure.gravatar.com\\\/avatar\\\/b71bf7481d447dfb9583c7f2798e7cc64de6efb9067b74633ed8c31059a3bd82?s=96&d=mm&r=g\",\"caption\":\"Sebastian\"},\"url\":\"https:\\\/\\\/informelitoral.com.ar\\\/author\\\/sebastian\\\/\"}]}<\/script>","yoast_head_json":{"title":"Gobierno y gremios docentes retoman hoy la paritaria salarial: qu\u00e9 pedir\u00e1 Agmer - Informe Litoral","robots":{"index":"index","follow":"follow","max-snippet":"max-snippet:-1","max-image-preview":"max-image-preview:large","max-video-preview":"max-video-preview:-1"},"canonical":"https:\/\/informelitoral.com.ar\/gobierno-y-gremios-docentes-retoman-hoy-la-paritaria-salarial-que-pedira-agmer\/","og_locale":"es_ES","og_type":"article","og_title":"Gobierno y gremios docentes retoman hoy la paritaria salarial: qu\u00e9 pedir\u00e1 Agmer - Informe Litoral","og_description":"Los cuatro gremios docentes y las autoridades provinciales retomar\u00e1n las negociaciones paritarias a las 11. Agmer pedir\u00e1 que el aumento del 45,45% se termine de percibir a m\u00e1s tardar en el mes de agosto, entre otros puntos.","og_url":"https:\/\/informelitoral.com.ar\/gobierno-y-gremios-docentes-retoman-hoy-la-paritaria-salarial-que-pedira-agmer\/","og_site_name":"Informe Litoral","article_publisher":"https:\/\/www.facebook.com\/informelitoral\/","article_published_time":"2022-03-25T11:10:06+00:00","article_modified_time":"2022-03-25T12:09:20+00:00","og_image":[{"width":616,"height":463,"url":"https:\/\/informelitoral.com.ar\/%77%70%2d%63%6f%6e%74%65%6e%74\/uploads\/2022\/03\/agmer-banderitas.jpg","type":"image\/jpeg"}],"author":"Sebastian","twitter_card":"summary_large_image","twitter_creator":"@InformeLitoral","twitter_site":"@InformeLitoral","twitter_misc":{"Escrito por":"Sebastian","Tiempo de lectura":"2 minutos"},"schema":{"@context":"https:\/\/schema.org","@graph":[{"@type":"Article","@id":"https:\/\/informelitoral.com.ar\/gobierno-y-gremios-docentes-retoman-hoy-la-paritaria-salarial-que-pedira-agmer\/#article","isPartOf":{"@id":"https:\/\/informelitoral.com.ar\/gobierno-y-gremios-docentes-retoman-hoy-la-paritaria-salarial-que-pedira-agmer\/"},"author":{"name":"Sebastian","@id":"https:\/\/informelitoral.com.ar\/#\/schema\/person\/f05f9f461677119578717524b127d6d5"},"headline":"Gobierno y gremios docentes retoman hoy la paritaria salarial: qu\u00e9 pedir\u00e1 Agmer","datePublished":"2022-03-25T11:10:06+00:00","dateModified":"2022-03-25T12:09:20+00:00","mainEntityOfPage":{"@id":"https:\/\/informelitoral.com.ar\/gobierno-y-gremios-docentes-retoman-hoy-la-paritaria-salarial-que-pedira-agmer\/"},"wordCount":406,"commentCount":0,"publisher":{"@id":"https:\/\/informelitoral.com.ar\/#organization"},"image":{"@id":"https:\/\/informelitoral.com.ar\/gobierno-y-gremios-docentes-retoman-hoy-la-paritaria-salarial-que-pedira-agmer\/#primaryimage"},"thumbnailUrl":"https:\/\/informelitoral.com.ar\/%77%70%2d%63%6f%6e%74%65%6e%74\/uploads\/2022\/03\/agmer-banderitas.jpg","keywords":["Agmer","Paritaria salarial"],"articleSection":["Entre R\u00edos"],"inLanguage":"es","potentialAction":[{"@type":"CommentAction","name":"Comment","target":["https:\/\/informelitoral.com.ar\/gobierno-y-gremios-docentes-retoman-hoy-la-paritaria-salarial-que-pedira-agmer\/#respond"]}]},{"@type":"WebPage","@id":"https:\/\/informelitoral.com.ar\/gobierno-y-gremios-docentes-retoman-hoy-la-paritaria-salarial-que-pedira-agmer\/","url":"https:\/\/informelitoral.com.ar\/gobierno-y-gremios-docentes-retoman-hoy-la-paritaria-salarial-que-pedira-agmer\/","name":"Gobierno y gremios docentes retoman hoy la paritaria salarial: qu\u00e9 pedir\u00e1 Agmer - Informe Litoral","isPartOf":{"@id":"https:\/\/informelitoral.com.ar\/#website"},"primaryImageOfPage":{"@id":"https:\/\/informelitoral.com.ar\/gobierno-y-gremios-docentes-retoman-hoy-la-paritaria-salarial-que-pedira-agmer\/#primaryimage"},"image":{"@id":"https:\/\/informelitoral.com.ar\/gobierno-y-gremios-docentes-retoman-hoy-la-paritaria-salarial-que-pedira-agmer\/#primaryimage"},"thumbnailUrl":"https:\/\/informelitoral.com.ar\/%77%70%2d%63%6f%6e%74%65%6e%74\/uploads\/2022\/03\/agmer-banderitas.jpg","datePublished":"2022-03-25T11:10:06+00:00","dateModified":"2022-03-25T12:09:20+00:00","breadcrumb":{"@id":"https:\/\/informelitoral.com.ar\/gobierno-y-gremios-docentes-retoman-hoy-la-paritaria-salarial-que-pedira-agmer\/#breadcrumb"},"inLanguage":"es","potentialAction":[{"@type":"ReadAction","target":["https:\/\/informelitoral.com.ar\/gobierno-y-gremios-docentes-retoman-hoy-la-paritaria-salarial-que-pedira-agmer\/"]}]},{"@type":"ImageObject","inLanguage":"es","@id":"https:\/\/informelitoral.com.ar\/gobierno-y-gremios-docentes-retoman-hoy-la-paritaria-salarial-que-pedira-agmer\/#primaryimage","url":"https:\/\/informelitoral.com.ar\/%77%70%2d%63%6f%6e%74%65%6e%74\/uploads\/2022\/03\/agmer-banderitas.jpg","contentUrl":"https:\/\/informelitoral.com.ar\/%77%70%2d%63%6f%6e%74%65%6e%74\/uploads\/2022\/03\/agmer-banderitas.jpg","width":616,"height":463},{"@type":"BreadcrumbList","@id":"https:\/\/informelitoral.com.ar\/gobierno-y-gremios-docentes-retoman-hoy-la-paritaria-salarial-que-pedira-agmer\/#breadcrumb","itemListElement":[{"@type":"ListItem","position":1,"name":"Portada","item":"https:\/\/informelitoral.com.ar\/"},{"@type":"ListItem","position":2,"name":"Gobierno y gremios docentes retoman hoy la paritaria salarial: qu\u00e9 pedir\u00e1 Agmer"}]},{"@type":"WebSite","@id":"https:\/\/informelitoral.com.ar\/#website","url":"https:\/\/informelitoral.com.ar\/","name":"Informe Litoral","description":"&quot;Nos informamos&quot; ","publisher":{"@id":"https:\/\/informelitoral.com.ar\/#organization"},"potentialAction":[{"@type":"SearchAction","target":{"@type":"EntryPoint","urlTemplate":"https:\/\/informelitoral.com.ar\/?s={search_term_string}"},"query-input":{"@type":"PropertyValueSpecification","valueRequired":true,"valueName":"search_term_string"}}],"inLanguage":"es"},{"@type":"Organization","@id":"https:\/\/informelitoral.com.ar\/#organization","name":"Informe Litoral","url":"https:\/\/informelitoral.com.ar\/","logo":{"@type":"ImageObject","inLanguage":"es","@id":"https:\/\/informelitoral.com.ar\/#\/schema\/logo\/image\/","url":"https:\/\/informelitoral.com.ar\/%77%70%2d%63%6f%6e%74%65%6e%74\/uploads\/2021\/01\/circulo.png","contentUrl":"https:\/\/informelitoral.com.ar\/%77%70%2d%63%6f%6e%74%65%6e%74\/uploads\/2021\/01\/circulo.png","width":723,"height":731,"caption":"Informe Litoral"},"image":{"@id":"https:\/\/informelitoral.com.ar\/#\/schema\/logo\/image\/"},"sameAs":["https:\/\/www.facebook.com\/informelitoral\/","https:\/\/x.com\/InformeLitoral","https:\/\/www.instagram.com\/informelitoral\/","https:\/\/www.youtube.com\/channel\/UCua4Qvz8Icb6MYqhoq9xLXw"]},{"@type":"Person","@id":"https:\/\/informelitoral.com.ar\/#\/schema\/person\/f05f9f461677119578717524b127d6d5","name":"Sebastian","image":{"@type":"ImageObject","inLanguage":"es","@id":"https:\/\/secure.gravatar.com\/avatar\/b71bf7481d447dfb9583c7f2798e7cc64de6efb9067b74633ed8c31059a3bd82?s=96&d=mm&r=g","url":"https:\/\/secure.gravatar.com\/avatar\/b71bf7481d447dfb9583c7f2798e7cc64de6efb9067b74633ed8c31059a3bd82?s=96&d=mm&r=g","contentUrl":"https:\/\/secure.gravatar.com\/avatar\/b71bf7481d447dfb9583c7f2798e7cc64de6efb9067b74633ed8c31059a3bd82?s=96&d=mm&r=g","caption":"Sebastian"},"url":"https:\/\/informelitoral.com.ar\/author\/sebastian\/"}]}},"_links":{"self":[{"href":"https:\/\/informelitoral.com.ar\/%77%70%2d%6a%73%6f%6e\/wp\/v2\/posts\/74129","targetHints":{"allow":["GET"]}}],"collection":[{"href":"https:\/\/informelitoral.com.ar\/%77%70%2d%6a%73%6f%6e\/wp\/v2\/posts"}],"about":[{"href":"https:\/\/informelitoral.com.ar\/%77%70%2d%6a%73%6f%6e\/wp\/v2\/types\/post"}],"author":[{"embeddable":true,"href":"https:\/\/informelitoral.com.ar\/%77%70%2d%6a%73%6f%6e\/wp\/v2\/users\/8"}],"replies":[{"embeddable":true,"href":"https:\/\/informelitoral.com.ar\/%77%70%2d%6a%73%6f%6e\/wp\/v2\/comments?post=74129"}],"version-history":[{"count":0,"href":"https:\/\/informelitoral.com.ar\/%77%70%2d%6a%73%6f%6e\/wp\/v2\/posts\/74129\/revisions"}],"wp:featuredmedia":[{"embeddable":true,"href":"https:\/\/informelitoral.com.ar\/%77%70%2d%6a%73%6f%6e\/wp\/v2\/media\/74130"}],"wp:attachment":[{"href":"https:\/\/informelitoral.com.ar\/%77%70%2d%6a%73%6f%6e\/wp\/v2\/media?parent=74129"}],"wp:term":[{"taxonomy":"category","embeddable":true,"href":"https:\/\/informelitoral.com.ar\/%77%70%2d%6a%73%6f%6e\/wp\/v2\/categories?post=74129"},{"taxonomy":"post_tag","embeddable":true,"href":"https:\/\/informelitoral.com.ar\/%77%70%2d%6a%73%6f%6e\/wp\/v2\/tags?post=74129"}],"curies":[{"name":"wp","href":"https:\/\/api.w.org\/{rel}","templated":true}]}}