{"id":74117,"date":"2022-03-25T08:13:34","date_gmt":"2022-03-25T11:13:34","guid":{"rendered":"https:\/\/www.informelitoral.com.ar\/?p=74117"},"modified":"2022-03-25T08:21:47","modified_gmt":"2022-03-25T11:21:47","slug":"la-intensidad-del-viento-disminuyo-y-pronostican-tiempo-estable-en-entre-rios","status":"publish","type":"post","link":"https:\/\/informelitoral.com.ar\/la-intensidad-del-viento-disminuyo-y-pronostican-tiempo-estable-en-entre-rios\/","title":{"rendered":"La intensidad del viento disminuy\u00f3 y pronostican tiempo estable en Entre R\u00edos"},"content":{"rendered":"<p>Tal como estaba pronosticado, la ciclog\u00e9nesis provoc\u00f3 fuertes vientos el jueves. En la capital entrerriana alcanzaron los 80 kil\u00f3metros por horas. No obstante, el meteor\u00f3logo Alejandro G\u00f3mez indic\u00f3 que hoy \u201clas condiciones estar\u00edan mejorando, con disminuci\u00f3n de nubosidad y viento. Para la tarde esperamos tener cielo parcialmente nublado y vientos d\u00e9biles del sudoeste\u201d. Las temperaturas m\u00e1ximas previstas para hoy estar\u00edan entre los 22 y 24 grados.<\/p>\n<p>Se prev\u00e9 que durante el fin de semana se mantendr\u00e1 esta situaci\u00f3n, por lo que en horas de ausencia de sol se notar\u00e1 el descenso de la marcas, con m\u00ednimas que rondar\u00edan los 13 y 14 grados en Entre R\u00edos.<\/p>\n<p>En nuestra provincia la disminuci\u00f3n de la nubosidad que se dar\u00e1 hoy, har\u00e1 que el tiempo estable se instale y perdure al menos durante todo el fin de semana, con presencia de sol y ambiente seco.<\/p>\n<p><img decoding=\"async\" src=\"https:\/\/elonce-media.elonce.com\/fotos-nuevo\/2022\/03\/25\/o_1648199860.jpg\" \/><\/p>\n<p><img decoding=\"async\" src=\"https:\/\/elonce-media.elonce.com\/fotos-nuevo\/2022\/03\/25\/o_1648199882.jpg\" \/><\/p>\n","protected":false},"excerpt":{"rendered":"<p>En algunas zonas de Entre R\u00edos hoy podr\u00edan producirse lloviznas. Luego, el tiempo estable se instalar\u00e1 y perdurar\u00e1 el fin de semana, con ambiente seco. Durante las noches y ma\u00f1anas las temperaturas ser\u00e1n relativamente bajas.<\/p>\n","protected":false},"author":8,"featured_media":74121,"comment_status":"open","ping_status":"open","sticky":false,"template":"","format":"standard","meta":{"fifu_image_url":"","fifu_image_alt":"","footnotes":""},"categories":[6],"tags":[113],"class_list":{"0":"post-74117","1":"post","2":"type-post","3":"status-publish","4":"format-standard","5":"has-post-thumbnail","7":"category-entre-rios","8":"tag-smn"},"yoast_head":"<title>La intensidad del viento disminuy\u00f3 y pronostican tiempo estable en Entre R\u00edos - Informe Litoral<\/title>\n<meta name=\"robots\" content=\"index, follow, max-snippet:-1, max-image-preview:large, max-video-preview:-1\" \/>\n<link rel=\"canonical\" href=\"https:\/\/informelitoral.com.ar\/la-intensidad-del-viento-disminuyo-y-pronostican-tiempo-estable-en-entre-rios\/\" \/>\n<meta property=\"og:locale\" content=\"es_ES\" \/>\n<meta property=\"og:type\" content=\"article\" \/>\n<meta property=\"og:title\" content=\"La intensidad del viento disminuy\u00f3 y pronostican tiempo estable en Entre R\u00edos - Informe Litoral\" \/>\n<meta property=\"og:description\" content=\"En algunas zonas de Entre R\u00edos hoy podr\u00edan producirse lloviznas. Luego, el tiempo estable se instalar\u00e1 y perdurar\u00e1 el fin de semana, con ambiente seco. Durante las noches y ma\u00f1anas las temperaturas ser\u00e1n relativamente bajas.\" \/>\n<meta property=\"og:url\" content=\"https:\/\/informelitoral.com.ar\/la-intensidad-del-viento-disminuyo-y-pronostican-tiempo-estable-en-entre-rios\/\" \/>\n<meta property=\"og:site_name\" content=\"Informe Litoral\" \/>\n<meta property=\"article:publisher\" content=\"https:\/\/www.facebook.com\/informelitoral\/\" \/>\n<meta property=\"article:published_time\" content=\"2022-03-25T11:13:34+00:00\" \/>\n<meta property=\"article:modified_time\" content=\"2022-03-25T11:21:47+00:00\" \/>\n<meta property=\"og:image\" content=\"https:\/\/informelitoral.com.ar\/%77%70%2d%63%6f%6e%74%65%6e%74\/uploads\/2022\/03\/49d9797c07d0f8913486cf3689d604d4.jpeg\" \/>\n\t<meta property=\"og:image:width\" content=\"960\" \/>\n\t<meta property=\"og:image:height\" content=\"640\" \/>\n\t<meta property=\"og:image:type\" content=\"image\/jpeg\" \/>\n<meta name=\"author\" content=\"Sebastian\" \/>\n<meta name=\"twitter:card\" content=\"summary_large_image\" \/>\n<meta name=\"twitter:creator\" content=\"@InformeLitoral\" \/>\n<meta name=\"twitter:site\" content=\"@InformeLitoral\" \/>\n<meta name=\"twitter:label1\" content=\"Escrito por\" \/>\n\t<meta name=\"twitter:data1\" content=\"Sebastian\" \/>\n\t<meta name=\"twitter:label2\" content=\"Tiempo de lectura\" \/>\n\t<meta name=\"twitter:data2\" content=\"1 minuto\" \/>\n<script type=\"application\/ld+json\" class=\"yoast-schema-graph\">{\"@context\":\"https:\\\/\\\/schema.org\",\"@graph\":[{\"@type\":\"Article\",\"@id\":\"https:\\\/\\\/informelitoral.com.ar\\\/la-intensidad-del-viento-disminuyo-y-pronostican-tiempo-estable-en-entre-rios\\\/#article\",\"isPartOf\":{\"@id\":\"https:\\\/\\\/informelitoral.com.ar\\\/la-intensidad-del-viento-disminuyo-y-pronostican-tiempo-estable-en-entre-rios\\\/\"},\"author\":{\"name\":\"Sebastian\",\"@id\":\"https:\\\/\\\/informelitoral.com.ar\\\/#\\\/schema\\\/person\\\/f05f9f461677119578717524b127d6d5\"},\"headline\":\"La intensidad del viento disminuy\u00f3 y pronostican tiempo estable en Entre R\u00edos\",\"datePublished\":\"2022-03-25T11:13:34+00:00\",\"dateModified\":\"2022-03-25T11:21:47+00:00\",\"mainEntityOfPage\":{\"@id\":\"https:\\\/\\\/informelitoral.com.ar\\\/la-intensidad-del-viento-disminuyo-y-pronostican-tiempo-estable-en-entre-rios\\\/\"},\"wordCount\":164,\"commentCount\":0,\"publisher\":{\"@id\":\"https:\\\/\\\/informelitoral.com.ar\\\/#organization\"},\"image\":{\"@id\":\"https:\\\/\\\/informelitoral.com.ar\\\/la-intensidad-del-viento-disminuyo-y-pronostican-tiempo-estable-en-entre-rios\\\/#primaryimage\"},\"thumbnailUrl\":\"https:\\\/\\\/informelitoral.com.ar\\\/%77%70%2d%63%6f%6e%74%65%6e%74\\\/uploads\\\/2022\\\/03\\\/49d9797c07d0f8913486cf3689d604d4.jpeg\",\"keywords\":[\"SMN\"],\"articleSection\":[\"Entre R\u00edos\"],\"inLanguage\":\"es\",\"potentialAction\":[{\"@type\":\"CommentAction\",\"name\":\"Comment\",\"target\":[\"https:\\\/\\\/informelitoral.com.ar\\\/la-intensidad-del-viento-disminuyo-y-pronostican-tiempo-estable-en-entre-rios\\\/#respond\"]}]},{\"@type\":\"WebPage\",\"@id\":\"https:\\\/\\\/informelitoral.com.ar\\\/la-intensidad-del-viento-disminuyo-y-pronostican-tiempo-estable-en-entre-rios\\\/\",\"url\":\"https:\\\/\\\/informelitoral.com.ar\\\/la-intensidad-del-viento-disminuyo-y-pronostican-tiempo-estable-en-entre-rios\\\/\",\"name\":\"La intensidad del viento disminuy\u00f3 y pronostican tiempo estable en Entre R\u00edos - Informe Litoral\",\"isPartOf\":{\"@id\":\"https:\\\/\\\/informelitoral.com.ar\\\/#website\"},\"primaryImageOfPage\":{\"@id\":\"https:\\\/\\\/informelitoral.com.ar\\\/la-intensidad-del-viento-disminuyo-y-pronostican-tiempo-estable-en-entre-rios\\\/#primaryimage\"},\"image\":{\"@id\":\"https:\\\/\\\/informelitoral.com.ar\\\/la-intensidad-del-viento-disminuyo-y-pronostican-tiempo-estable-en-entre-rios\\\/#primaryimage\"},\"thumbnailUrl\":\"https:\\\/\\\/informelitoral.com.ar\\\/%77%70%2d%63%6f%6e%74%65%6e%74\\\/uploads\\\/2022\\\/03\\\/49d9797c07d0f8913486cf3689d604d4.jpeg\",\"datePublished\":\"2022-03-25T11:13:34+00:00\",\"dateModified\":\"2022-03-25T11:21:47+00:00\",\"breadcrumb\":{\"@id\":\"https:\\\/\\\/informelitoral.com.ar\\\/la-intensidad-del-viento-disminuyo-y-pronostican-tiempo-estable-en-entre-rios\\\/#breadcrumb\"},\"inLanguage\":\"es\",\"potentialAction\":[{\"@type\":\"ReadAction\",\"target\":[\"https:\\\/\\\/informelitoral.com.ar\\\/la-intensidad-del-viento-disminuyo-y-pronostican-tiempo-estable-en-entre-rios\\\/\"]}]},{\"@type\":\"ImageObject\",\"inLanguage\":\"es\",\"@id\":\"https:\\\/\\\/informelitoral.com.ar\\\/la-intensidad-del-viento-disminuyo-y-pronostican-tiempo-estable-en-entre-rios\\\/#primaryimage\",\"url\":\"https:\\\/\\\/informelitoral.com.ar\\\/%77%70%2d%63%6f%6e%74%65%6e%74\\\/uploads\\\/2022\\\/03\\\/49d9797c07d0f8913486cf3689d604d4.jpeg\",\"contentUrl\":\"https:\\\/\\\/informelitoral.com.ar\\\/%77%70%2d%63%6f%6e%74%65%6e%74\\\/uploads\\\/2022\\\/03\\\/49d9797c07d0f8913486cf3689d604d4.jpeg\",\"width\":960,\"height\":640},{\"@type\":\"BreadcrumbList\",\"@id\":\"https:\\\/\\\/informelitoral.com.ar\\\/la-intensidad-del-viento-disminuyo-y-pronostican-tiempo-estable-en-entre-rios\\\/#breadcrumb\",\"itemListElement\":[{\"@type\":\"ListItem\",\"position\":1,\"name\":\"Portada\",\"item\":\"https:\\\/\\\/informelitoral.com.ar\\\/\"},{\"@type\":\"ListItem\",\"position\":2,\"name\":\"La intensidad del viento disminuy\u00f3 y pronostican tiempo estable en Entre R\u00edos\"}]},{\"@type\":\"WebSite\",\"@id\":\"https:\\\/\\\/informelitoral.com.ar\\\/#website\",\"url\":\"https:\\\/\\\/informelitoral.com.ar\\\/\",\"name\":\"Informe Litoral\",\"description\":\"&quot;Nos informamos&quot; \",\"publisher\":{\"@id\":\"https:\\\/\\\/informelitoral.com.ar\\\/#organization\"},\"potentialAction\":[{\"@type\":\"SearchAction\",\"target\":{\"@type\":\"EntryPoint\",\"urlTemplate\":\"https:\\\/\\\/informelitoral.com.ar\\\/?s={search_term_string}\"},\"query-input\":{\"@type\":\"PropertyValueSpecification\",\"valueRequired\":true,\"valueName\":\"search_term_string\"}}],\"inLanguage\":\"es\"},{\"@type\":\"Organization\",\"@id\":\"https:\\\/\\\/informelitoral.com.ar\\\/#organization\",\"name\":\"Informe Litoral\",\"url\":\"https:\\\/\\\/informelitoral.com.ar\\\/\",\"logo\":{\"@type\":\"ImageObject\",\"inLanguage\":\"es\",\"@id\":\"https:\\\/\\\/informelitoral.com.ar\\\/#\\\/schema\\\/logo\\\/image\\\/\",\"url\":\"https:\\\/\\\/informelitoral.com.ar\\\/%77%70%2d%63%6f%6e%74%65%6e%74\\\/uploads\\\/2021\\\/01\\\/circulo.png\",\"contentUrl\":\"https:\\\/\\\/informelitoral.com.ar\\\/%77%70%2d%63%6f%6e%74%65%6e%74\\\/uploads\\\/2021\\\/01\\\/circulo.png\",\"width\":723,\"height\":731,\"caption\":\"Informe Litoral\"},\"image\":{\"@id\":\"https:\\\/\\\/informelitoral.com.ar\\\/#\\\/schema\\\/logo\\\/image\\\/\"},\"sameAs\":[\"https:\\\/\\\/www.facebook.com\\\/informelitoral\\\/\",\"https:\\\/\\\/x.com\\\/InformeLitoral\",\"https:\\\/\\\/www.instagram.com\\\/informelitoral\\\/\",\"https:\\\/\\\/www.youtube.com\\\/channel\\\/UCua4Qvz8Icb6MYqhoq9xLXw\"]},{\"@type\":\"Person\",\"@id\":\"https:\\\/\\\/informelitoral.com.ar\\\/#\\\/schema\\\/person\\\/f05f9f461677119578717524b127d6d5\",\"name\":\"Sebastian\",\"image\":{\"@type\":\"ImageObject\",\"inLanguage\":\"es\",\"@id\":\"https:\\\/\\\/secure.gravatar.com\\\/avatar\\\/b71bf7481d447dfb9583c7f2798e7cc64de6efb9067b74633ed8c31059a3bd82?s=96&d=mm&r=g\",\"url\":\"https:\\\/\\\/secure.gravatar.com\\\/avatar\\\/b71bf7481d447dfb9583c7f2798e7cc64de6efb9067b74633ed8c31059a3bd82?s=96&d=mm&r=g\",\"contentUrl\":\"https:\\\/\\\/secure.gravatar.com\\\/avatar\\\/b71bf7481d447dfb9583c7f2798e7cc64de6efb9067b74633ed8c31059a3bd82?s=96&d=mm&r=g\",\"caption\":\"Sebastian\"},\"url\":\"https:\\\/\\\/informelitoral.com.ar\\\/author\\\/sebastian\\\/\"}]}<\/script>","yoast_head_json":{"title":"La intensidad del viento disminuy\u00f3 y pronostican tiempo estable en Entre R\u00edos - Informe Litoral","robots":{"index":"index","follow":"follow","max-snippet":"max-snippet:-1","max-image-preview":"max-image-preview:large","max-video-preview":"max-video-preview:-1"},"canonical":"https:\/\/informelitoral.com.ar\/la-intensidad-del-viento-disminuyo-y-pronostican-tiempo-estable-en-entre-rios\/","og_locale":"es_ES","og_type":"article","og_title":"La intensidad del viento disminuy\u00f3 y pronostican tiempo estable en Entre R\u00edos - Informe Litoral","og_description":"En algunas zonas de Entre R\u00edos hoy podr\u00edan producirse lloviznas. Luego, el tiempo estable se instalar\u00e1 y perdurar\u00e1 el fin de semana, con ambiente seco. Durante las noches y ma\u00f1anas las temperaturas ser\u00e1n relativamente bajas.","og_url":"https:\/\/informelitoral.com.ar\/la-intensidad-del-viento-disminuyo-y-pronostican-tiempo-estable-en-entre-rios\/","og_site_name":"Informe Litoral","article_publisher":"https:\/\/www.facebook.com\/informelitoral\/","article_published_time":"2022-03-25T11:13:34+00:00","article_modified_time":"2022-03-25T11:21:47+00:00","og_image":[{"width":960,"height":640,"url":"https:\/\/informelitoral.com.ar\/%77%70%2d%63%6f%6e%74%65%6e%74\/uploads\/2022\/03\/49d9797c07d0f8913486cf3689d604d4.jpeg","type":"image\/jpeg"}],"author":"Sebastian","twitter_card":"summary_large_image","twitter_creator":"@InformeLitoral","twitter_site":"@InformeLitoral","twitter_misc":{"Escrito por":"Sebastian","Tiempo de lectura":"1 minuto"},"schema":{"@context":"https:\/\/schema.org","@graph":[{"@type":"Article","@id":"https:\/\/informelitoral.com.ar\/la-intensidad-del-viento-disminuyo-y-pronostican-tiempo-estable-en-entre-rios\/#article","isPartOf":{"@id":"https:\/\/informelitoral.com.ar\/la-intensidad-del-viento-disminuyo-y-pronostican-tiempo-estable-en-entre-rios\/"},"author":{"name":"Sebastian","@id":"https:\/\/informelitoral.com.ar\/#\/schema\/person\/f05f9f461677119578717524b127d6d5"},"headline":"La intensidad del viento disminuy\u00f3 y pronostican tiempo estable en Entre R\u00edos","datePublished":"2022-03-25T11:13:34+00:00","dateModified":"2022-03-25T11:21:47+00:00","mainEntityOfPage":{"@id":"https:\/\/informelitoral.com.ar\/la-intensidad-del-viento-disminuyo-y-pronostican-tiempo-estable-en-entre-rios\/"},"wordCount":164,"commentCount":0,"publisher":{"@id":"https:\/\/informelitoral.com.ar\/#organization"},"image":{"@id":"https:\/\/informelitoral.com.ar\/la-intensidad-del-viento-disminuyo-y-pronostican-tiempo-estable-en-entre-rios\/#primaryimage"},"thumbnailUrl":"https:\/\/informelitoral.com.ar\/%77%70%2d%63%6f%6e%74%65%6e%74\/uploads\/2022\/03\/49d9797c07d0f8913486cf3689d604d4.jpeg","keywords":["SMN"],"articleSection":["Entre R\u00edos"],"inLanguage":"es","potentialAction":[{"@type":"CommentAction","name":"Comment","target":["https:\/\/informelitoral.com.ar\/la-intensidad-del-viento-disminuyo-y-pronostican-tiempo-estable-en-entre-rios\/#respond"]}]},{"@type":"WebPage","@id":"https:\/\/informelitoral.com.ar\/la-intensidad-del-viento-disminuyo-y-pronostican-tiempo-estable-en-entre-rios\/","url":"https:\/\/informelitoral.com.ar\/la-intensidad-del-viento-disminuyo-y-pronostican-tiempo-estable-en-entre-rios\/","name":"La intensidad del viento disminuy\u00f3 y pronostican tiempo estable en Entre R\u00edos - Informe Litoral","isPartOf":{"@id":"https:\/\/informelitoral.com.ar\/#website"},"primaryImageOfPage":{"@id":"https:\/\/informelitoral.com.ar\/la-intensidad-del-viento-disminuyo-y-pronostican-tiempo-estable-en-entre-rios\/#primaryimage"},"image":{"@id":"https:\/\/informelitoral.com.ar\/la-intensidad-del-viento-disminuyo-y-pronostican-tiempo-estable-en-entre-rios\/#primaryimage"},"thumbnailUrl":"https:\/\/informelitoral.com.ar\/%77%70%2d%63%6f%6e%74%65%6e%74\/uploads\/2022\/03\/49d9797c07d0f8913486cf3689d604d4.jpeg","datePublished":"2022-03-25T11:13:34+00:00","dateModified":"2022-03-25T11:21:47+00:00","breadcrumb":{"@id":"https:\/\/informelitoral.com.ar\/la-intensidad-del-viento-disminuyo-y-pronostican-tiempo-estable-en-entre-rios\/#breadcrumb"},"inLanguage":"es","potentialAction":[{"@type":"ReadAction","target":["https:\/\/informelitoral.com.ar\/la-intensidad-del-viento-disminuyo-y-pronostican-tiempo-estable-en-entre-rios\/"]}]},{"@type":"ImageObject","inLanguage":"es","@id":"https:\/\/informelitoral.com.ar\/la-intensidad-del-viento-disminuyo-y-pronostican-tiempo-estable-en-entre-rios\/#primaryimage","url":"https:\/\/informelitoral.com.ar\/%77%70%2d%63%6f%6e%74%65%6e%74\/uploads\/2022\/03\/49d9797c07d0f8913486cf3689d604d4.jpeg","contentUrl":"https:\/\/informelitoral.com.ar\/%77%70%2d%63%6f%6e%74%65%6e%74\/uploads\/2022\/03\/49d9797c07d0f8913486cf3689d604d4.jpeg","width":960,"height":640},{"@type":"BreadcrumbList","@id":"https:\/\/informelitoral.com.ar\/la-intensidad-del-viento-disminuyo-y-pronostican-tiempo-estable-en-entre-rios\/#breadcrumb","itemListElement":[{"@type":"ListItem","position":1,"name":"Portada","item":"https:\/\/informelitoral.com.ar\/"},{"@type":"ListItem","position":2,"name":"La intensidad del viento disminuy\u00f3 y pronostican tiempo estable en Entre R\u00edos"}]},{"@type":"WebSite","@id":"https:\/\/informelitoral.com.ar\/#website","url":"https:\/\/informelitoral.com.ar\/","name":"Informe Litoral","description":"&quot;Nos informamos&quot; ","publisher":{"@id":"https:\/\/informelitoral.com.ar\/#organization"},"potentialAction":[{"@type":"SearchAction","target":{"@type":"EntryPoint","urlTemplate":"https:\/\/informelitoral.com.ar\/?s={search_term_string}"},"query-input":{"@type":"PropertyValueSpecification","valueRequired":true,"valueName":"search_term_string"}}],"inLanguage":"es"},{"@type":"Organization","@id":"https:\/\/informelitoral.com.ar\/#organization","name":"Informe Litoral","url":"https:\/\/informelitoral.com.ar\/","logo":{"@type":"ImageObject","inLanguage":"es","@id":"https:\/\/informelitoral.com.ar\/#\/schema\/logo\/image\/","url":"https:\/\/informelitoral.com.ar\/%77%70%2d%63%6f%6e%74%65%6e%74\/uploads\/2021\/01\/circulo.png","contentUrl":"https:\/\/informelitoral.com.ar\/%77%70%2d%63%6f%6e%74%65%6e%74\/uploads\/2021\/01\/circulo.png","width":723,"height":731,"caption":"Informe Litoral"},"image":{"@id":"https:\/\/informelitoral.com.ar\/#\/schema\/logo\/image\/"},"sameAs":["https:\/\/www.facebook.com\/informelitoral\/","https:\/\/x.com\/InformeLitoral","https:\/\/www.instagram.com\/informelitoral\/","https:\/\/www.youtube.com\/channel\/UCua4Qvz8Icb6MYqhoq9xLXw"]},{"@type":"Person","@id":"https:\/\/informelitoral.com.ar\/#\/schema\/person\/f05f9f461677119578717524b127d6d5","name":"Sebastian","image":{"@type":"ImageObject","inLanguage":"es","@id":"https:\/\/secure.gravatar.com\/avatar\/b71bf7481d447dfb9583c7f2798e7cc64de6efb9067b74633ed8c31059a3bd82?s=96&d=mm&r=g","url":"https:\/\/secure.gravatar.com\/avatar\/b71bf7481d447dfb9583c7f2798e7cc64de6efb9067b74633ed8c31059a3bd82?s=96&d=mm&r=g","contentUrl":"https:\/\/secure.gravatar.com\/avatar\/b71bf7481d447dfb9583c7f2798e7cc64de6efb9067b74633ed8c31059a3bd82?s=96&d=mm&r=g","caption":"Sebastian"},"url":"https:\/\/informelitoral.com.ar\/author\/sebastian\/"}]}},"_links":{"self":[{"href":"https:\/\/informelitoral.com.ar\/%77%70%2d%6a%73%6f%6e\/wp\/v2\/posts\/74117","targetHints":{"allow":["GET"]}}],"collection":[{"href":"https:\/\/informelitoral.com.ar\/%77%70%2d%6a%73%6f%6e\/wp\/v2\/posts"}],"about":[{"href":"https:\/\/informelitoral.com.ar\/%77%70%2d%6a%73%6f%6e\/wp\/v2\/types\/post"}],"author":[{"embeddable":true,"href":"https:\/\/informelitoral.com.ar\/%77%70%2d%6a%73%6f%6e\/wp\/v2\/users\/8"}],"replies":[{"embeddable":true,"href":"https:\/\/informelitoral.com.ar\/%77%70%2d%6a%73%6f%6e\/wp\/v2\/comments?post=74117"}],"version-history":[{"count":0,"href":"https:\/\/informelitoral.com.ar\/%77%70%2d%6a%73%6f%6e\/wp\/v2\/posts\/74117\/revisions"}],"wp:featuredmedia":[{"embeddable":true,"href":"https:\/\/informelitoral.com.ar\/%77%70%2d%6a%73%6f%6e\/wp\/v2\/media\/74121"}],"wp:attachment":[{"href":"https:\/\/informelitoral.com.ar\/%77%70%2d%6a%73%6f%6e\/wp\/v2\/media?parent=74117"}],"wp:term":[{"taxonomy":"category","embeddable":true,"href":"https:\/\/informelitoral.com.ar\/%77%70%2d%6a%73%6f%6e\/wp\/v2\/categories?post=74117"},{"taxonomy":"post_tag","embeddable":true,"href":"https:\/\/informelitoral.com.ar\/%77%70%2d%6a%73%6f%6e\/wp\/v2\/tags?post=74117"}],"curies":[{"name":"wp","href":"https:\/\/api.w.org\/{rel}","templated":true}]}}