{"id":73947,"date":"2022-03-23T10:07:27","date_gmt":"2022-03-23T13:07:27","guid":{"rendered":"https:\/\/www.informelitoral.com.ar\/?p=73947"},"modified":"2022-03-23T17:13:10","modified_gmt":"2022-03-23T20:13:10","slug":"la-camara-de-inmobiliarias-rurales-tiene-nuevo-presidente","status":"publish","type":"post","link":"https:\/\/informelitoral.com.ar\/la-camara-de-inmobiliarias-rurales-tiene-nuevo-presidente\/","title":{"rendered":"La C\u00e1mara de Inmobiliarias Rurales tiene nuevo presidente"},"content":{"rendered":"<p>La C\u00e1mara Argentina de Inmobiliarias Rurales (CAIR) comunic\u00f3 que luego de su asamblea anual ordinaria realizada recientemente, los socios de la instituci\u00f3n eligieron a\u00a0<b>Jos\u00e9 Mar\u00eda Bauz\u00e1 -Foto-<\/b>\u00a0(de la firma JMB y cia. S.A) como su nuevo presidente para el per\u00edodo 2022\/23, en reemplazo de\u00a0Juan Jos\u00e9 Madero.<\/p>\n<div>Por su parte,\u00a0<b>Lucas Palma<\/b>\u00a0(de la empresa Palma &amp; Palma Campos y Estancias) ser\u00e1 vicepresidente de la C\u00e1mara e\u00a0<b>Ignacio Salinas\u00a0<\/b>(de Salinas y Asociados), el secretario de la instituci\u00f3n.<\/div>\n<div>\n<div>La C\u00e1mara se hab\u00eda sumado, hace pocos d\u00edas, al\u00a0<strong>rechazo generalizado<\/strong>\u00a0contra el\u00a0<strong>cierre de exportaciones de harina y aceite de soja<\/strong>, en un comunicado en el que cuestion\u00f3 con dureza esta medida del Gobierno.<\/div>\n<div><\/div>\n<div><strong>\u201cCon retroceso, no hay avance\u201d<\/strong>, se titula el texto difundido por CAIR en el que expres\u00f3 \u201cgran preocupaci\u00f3n frente a las\u00a0<strong>nuevas e improvisadas medidas<\/strong> anunciadas por el Poder Ejecutivo Nacional en relaci\u00f3n al cierre de exportaciones para el aceite y la harina de soja\u201d.<\/div>\n<\/div>\n","protected":false},"excerpt":{"rendered":"<p>Jos\u00e9 Mar\u00eda Bauz\u00e1 asume el cargo que deja Juan Jos\u00e9 Madero. El nuevo directivo tendr\u00e1 un plazo de gesti\u00f3n por un a\u00f1o.<\/p>\n","protected":false},"author":8,"featured_media":73458,"comment_status":"open","ping_status":"open","sticky":false,"template":"","format":"standard","meta":{"fifu_image_url":"","fifu_image_alt":"","footnotes":""},"categories":[10],"tags":[3425],"class_list":{"0":"post-73947","1":"post","2":"type-post","3":"status-publish","4":"format-standard","5":"has-post-thumbnail","7":"category-campo","8":"tag-camara-de-inmobiliarias-rurales"},"yoast_head":"<title>La C\u00e1mara de Inmobiliarias Rurales tiene nuevo presidente - Informe Litoral<\/title>\n<meta name=\"robots\" content=\"index, follow, max-snippet:-1, max-image-preview:large, max-video-preview:-1\" \/>\n<link rel=\"canonical\" href=\"https:\/\/informelitoral.com.ar\/la-camara-de-inmobiliarias-rurales-tiene-nuevo-presidente\/\" \/>\n<meta property=\"og:locale\" content=\"es_ES\" \/>\n<meta property=\"og:type\" content=\"article\" \/>\n<meta property=\"og:title\" content=\"La C\u00e1mara de Inmobiliarias Rurales tiene nuevo presidente - Informe Litoral\" \/>\n<meta property=\"og:description\" content=\"Jos\u00e9 Mar\u00eda Bauz\u00e1 asume el cargo que deja Juan Jos\u00e9 Madero. El nuevo directivo tendr\u00e1 un plazo de gesti\u00f3n por un a\u00f1o.\" \/>\n<meta property=\"og:url\" content=\"https:\/\/informelitoral.com.ar\/la-camara-de-inmobiliarias-rurales-tiene-nuevo-presidente\/\" \/>\n<meta property=\"og:site_name\" content=\"Informe Litoral\" \/>\n<meta property=\"article:publisher\" content=\"https:\/\/www.facebook.com\/informelitoral\/\" \/>\n<meta property=\"article:published_time\" content=\"2022-03-23T13:07:27+00:00\" \/>\n<meta property=\"article:modified_time\" content=\"2022-03-23T20:13:10+00:00\" \/>\n<meta property=\"og:image\" content=\"https:\/\/informelitoral.com.ar\/%77%70%2d%63%6f%6e%74%65%6e%74\/uploads\/2022\/03\/1576513650652-1-696x391-1.jpg\" \/>\n\t<meta property=\"og:image:width\" content=\"696\" \/>\n\t<meta property=\"og:image:height\" content=\"391\" \/>\n\t<meta property=\"og:image:type\" content=\"image\/jpeg\" \/>\n<meta name=\"author\" content=\"Sebastian\" \/>\n<meta name=\"twitter:card\" content=\"summary_large_image\" \/>\n<meta name=\"twitter:creator\" content=\"@InformeLitoral\" \/>\n<meta name=\"twitter:site\" content=\"@InformeLitoral\" \/>\n<meta name=\"twitter:label1\" content=\"Escrito por\" \/>\n\t<meta name=\"twitter:data1\" content=\"Sebastian\" \/>\n\t<meta name=\"twitter:label2\" content=\"Tiempo de lectura\" \/>\n\t<meta name=\"twitter:data2\" content=\"1 minuto\" \/>\n<script type=\"application\/ld+json\" class=\"yoast-schema-graph\">{\"@context\":\"https:\\\/\\\/schema.org\",\"@graph\":[{\"@type\":\"Article\",\"@id\":\"https:\\\/\\\/informelitoral.com.ar\\\/la-camara-de-inmobiliarias-rurales-tiene-nuevo-presidente\\\/#article\",\"isPartOf\":{\"@id\":\"https:\\\/\\\/informelitoral.com.ar\\\/la-camara-de-inmobiliarias-rurales-tiene-nuevo-presidente\\\/\"},\"author\":{\"name\":\"Sebastian\",\"@id\":\"https:\\\/\\\/informelitoral.com.ar\\\/#\\\/schema\\\/person\\\/f05f9f461677119578717524b127d6d5\"},\"headline\":\"La C\u00e1mara de Inmobiliarias Rurales tiene nuevo presidente\",\"datePublished\":\"2022-03-23T13:07:27+00:00\",\"dateModified\":\"2022-03-23T20:13:10+00:00\",\"mainEntityOfPage\":{\"@id\":\"https:\\\/\\\/informelitoral.com.ar\\\/la-camara-de-inmobiliarias-rurales-tiene-nuevo-presidente\\\/\"},\"wordCount\":180,\"commentCount\":0,\"publisher\":{\"@id\":\"https:\\\/\\\/informelitoral.com.ar\\\/#organization\"},\"image\":{\"@id\":\"https:\\\/\\\/informelitoral.com.ar\\\/la-camara-de-inmobiliarias-rurales-tiene-nuevo-presidente\\\/#primaryimage\"},\"thumbnailUrl\":\"https:\\\/\\\/informelitoral.com.ar\\\/%77%70%2d%63%6f%6e%74%65%6e%74\\\/uploads\\\/2022\\\/03\\\/1576513650652-1-696x391-1.jpg\",\"keywords\":[\"C\u00e1mara de Inmobiliarias Rurales\"],\"articleSection\":[\"Campo\"],\"inLanguage\":\"es\",\"potentialAction\":[{\"@type\":\"CommentAction\",\"name\":\"Comment\",\"target\":[\"https:\\\/\\\/informelitoral.com.ar\\\/la-camara-de-inmobiliarias-rurales-tiene-nuevo-presidente\\\/#respond\"]}]},{\"@type\":\"WebPage\",\"@id\":\"https:\\\/\\\/informelitoral.com.ar\\\/la-camara-de-inmobiliarias-rurales-tiene-nuevo-presidente\\\/\",\"url\":\"https:\\\/\\\/informelitoral.com.ar\\\/la-camara-de-inmobiliarias-rurales-tiene-nuevo-presidente\\\/\",\"name\":\"La C\u00e1mara de Inmobiliarias Rurales tiene nuevo presidente - Informe Litoral\",\"isPartOf\":{\"@id\":\"https:\\\/\\\/informelitoral.com.ar\\\/#website\"},\"primaryImageOfPage\":{\"@id\":\"https:\\\/\\\/informelitoral.com.ar\\\/la-camara-de-inmobiliarias-rurales-tiene-nuevo-presidente\\\/#primaryimage\"},\"image\":{\"@id\":\"https:\\\/\\\/informelitoral.com.ar\\\/la-camara-de-inmobiliarias-rurales-tiene-nuevo-presidente\\\/#primaryimage\"},\"thumbnailUrl\":\"https:\\\/\\\/informelitoral.com.ar\\\/%77%70%2d%63%6f%6e%74%65%6e%74\\\/uploads\\\/2022\\\/03\\\/1576513650652-1-696x391-1.jpg\",\"datePublished\":\"2022-03-23T13:07:27+00:00\",\"dateModified\":\"2022-03-23T20:13:10+00:00\",\"breadcrumb\":{\"@id\":\"https:\\\/\\\/informelitoral.com.ar\\\/la-camara-de-inmobiliarias-rurales-tiene-nuevo-presidente\\\/#breadcrumb\"},\"inLanguage\":\"es\",\"potentialAction\":[{\"@type\":\"ReadAction\",\"target\":[\"https:\\\/\\\/informelitoral.com.ar\\\/la-camara-de-inmobiliarias-rurales-tiene-nuevo-presidente\\\/\"]}]},{\"@type\":\"ImageObject\",\"inLanguage\":\"es\",\"@id\":\"https:\\\/\\\/informelitoral.com.ar\\\/la-camara-de-inmobiliarias-rurales-tiene-nuevo-presidente\\\/#primaryimage\",\"url\":\"https:\\\/\\\/informelitoral.com.ar\\\/%77%70%2d%63%6f%6e%74%65%6e%74\\\/uploads\\\/2022\\\/03\\\/1576513650652-1-696x391-1.jpg\",\"contentUrl\":\"https:\\\/\\\/informelitoral.com.ar\\\/%77%70%2d%63%6f%6e%74%65%6e%74\\\/uploads\\\/2022\\\/03\\\/1576513650652-1-696x391-1.jpg\",\"width\":696,\"height\":391},{\"@type\":\"BreadcrumbList\",\"@id\":\"https:\\\/\\\/informelitoral.com.ar\\\/la-camara-de-inmobiliarias-rurales-tiene-nuevo-presidente\\\/#breadcrumb\",\"itemListElement\":[{\"@type\":\"ListItem\",\"position\":1,\"name\":\"Portada\",\"item\":\"https:\\\/\\\/informelitoral.com.ar\\\/\"},{\"@type\":\"ListItem\",\"position\":2,\"name\":\"La C\u00e1mara de Inmobiliarias Rurales tiene nuevo presidente\"}]},{\"@type\":\"WebSite\",\"@id\":\"https:\\\/\\\/informelitoral.com.ar\\\/#website\",\"url\":\"https:\\\/\\\/informelitoral.com.ar\\\/\",\"name\":\"Informe Litoral\",\"description\":\"&quot;Nos informamos&quot; \",\"publisher\":{\"@id\":\"https:\\\/\\\/informelitoral.com.ar\\\/#organization\"},\"potentialAction\":[{\"@type\":\"SearchAction\",\"target\":{\"@type\":\"EntryPoint\",\"urlTemplate\":\"https:\\\/\\\/informelitoral.com.ar\\\/?s={search_term_string}\"},\"query-input\":{\"@type\":\"PropertyValueSpecification\",\"valueRequired\":true,\"valueName\":\"search_term_string\"}}],\"inLanguage\":\"es\"},{\"@type\":\"Organization\",\"@id\":\"https:\\\/\\\/informelitoral.com.ar\\\/#organization\",\"name\":\"Informe Litoral\",\"url\":\"https:\\\/\\\/informelitoral.com.ar\\\/\",\"logo\":{\"@type\":\"ImageObject\",\"inLanguage\":\"es\",\"@id\":\"https:\\\/\\\/informelitoral.com.ar\\\/#\\\/schema\\\/logo\\\/image\\\/\",\"url\":\"https:\\\/\\\/informelitoral.com.ar\\\/%77%70%2d%63%6f%6e%74%65%6e%74\\\/uploads\\\/2021\\\/01\\\/circulo.png\",\"contentUrl\":\"https:\\\/\\\/informelitoral.com.ar\\\/%77%70%2d%63%6f%6e%74%65%6e%74\\\/uploads\\\/2021\\\/01\\\/circulo.png\",\"width\":723,\"height\":731,\"caption\":\"Informe Litoral\"},\"image\":{\"@id\":\"https:\\\/\\\/informelitoral.com.ar\\\/#\\\/schema\\\/logo\\\/image\\\/\"},\"sameAs\":[\"https:\\\/\\\/www.facebook.com\\\/informelitoral\\\/\",\"https:\\\/\\\/x.com\\\/InformeLitoral\",\"https:\\\/\\\/www.instagram.com\\\/informelitoral\\\/\",\"https:\\\/\\\/www.youtube.com\\\/channel\\\/UCua4Qvz8Icb6MYqhoq9xLXw\"]},{\"@type\":\"Person\",\"@id\":\"https:\\\/\\\/informelitoral.com.ar\\\/#\\\/schema\\\/person\\\/f05f9f461677119578717524b127d6d5\",\"name\":\"Sebastian\",\"image\":{\"@type\":\"ImageObject\",\"inLanguage\":\"es\",\"@id\":\"https:\\\/\\\/secure.gravatar.com\\\/avatar\\\/b71bf7481d447dfb9583c7f2798e7cc64de6efb9067b74633ed8c31059a3bd82?s=96&d=mm&r=g\",\"url\":\"https:\\\/\\\/secure.gravatar.com\\\/avatar\\\/b71bf7481d447dfb9583c7f2798e7cc64de6efb9067b74633ed8c31059a3bd82?s=96&d=mm&r=g\",\"contentUrl\":\"https:\\\/\\\/secure.gravatar.com\\\/avatar\\\/b71bf7481d447dfb9583c7f2798e7cc64de6efb9067b74633ed8c31059a3bd82?s=96&d=mm&r=g\",\"caption\":\"Sebastian\"},\"url\":\"https:\\\/\\\/informelitoral.com.ar\\\/author\\\/sebastian\\\/\"}]}<\/script>","yoast_head_json":{"title":"La C\u00e1mara de Inmobiliarias Rurales tiene nuevo presidente - Informe Litoral","robots":{"index":"index","follow":"follow","max-snippet":"max-snippet:-1","max-image-preview":"max-image-preview:large","max-video-preview":"max-video-preview:-1"},"canonical":"https:\/\/informelitoral.com.ar\/la-camara-de-inmobiliarias-rurales-tiene-nuevo-presidente\/","og_locale":"es_ES","og_type":"article","og_title":"La C\u00e1mara de Inmobiliarias Rurales tiene nuevo presidente - Informe Litoral","og_description":"Jos\u00e9 Mar\u00eda Bauz\u00e1 asume el cargo que deja Juan Jos\u00e9 Madero. El nuevo directivo tendr\u00e1 un plazo de gesti\u00f3n por un a\u00f1o.","og_url":"https:\/\/informelitoral.com.ar\/la-camara-de-inmobiliarias-rurales-tiene-nuevo-presidente\/","og_site_name":"Informe Litoral","article_publisher":"https:\/\/www.facebook.com\/informelitoral\/","article_published_time":"2022-03-23T13:07:27+00:00","article_modified_time":"2022-03-23T20:13:10+00:00","og_image":[{"width":696,"height":391,"url":"https:\/\/informelitoral.com.ar\/%77%70%2d%63%6f%6e%74%65%6e%74\/uploads\/2022\/03\/1576513650652-1-696x391-1.jpg","type":"image\/jpeg"}],"author":"Sebastian","twitter_card":"summary_large_image","twitter_creator":"@InformeLitoral","twitter_site":"@InformeLitoral","twitter_misc":{"Escrito por":"Sebastian","Tiempo de lectura":"1 minuto"},"schema":{"@context":"https:\/\/schema.org","@graph":[{"@type":"Article","@id":"https:\/\/informelitoral.com.ar\/la-camara-de-inmobiliarias-rurales-tiene-nuevo-presidente\/#article","isPartOf":{"@id":"https:\/\/informelitoral.com.ar\/la-camara-de-inmobiliarias-rurales-tiene-nuevo-presidente\/"},"author":{"name":"Sebastian","@id":"https:\/\/informelitoral.com.ar\/#\/schema\/person\/f05f9f461677119578717524b127d6d5"},"headline":"La C\u00e1mara de Inmobiliarias Rurales tiene nuevo presidente","datePublished":"2022-03-23T13:07:27+00:00","dateModified":"2022-03-23T20:13:10+00:00","mainEntityOfPage":{"@id":"https:\/\/informelitoral.com.ar\/la-camara-de-inmobiliarias-rurales-tiene-nuevo-presidente\/"},"wordCount":180,"commentCount":0,"publisher":{"@id":"https:\/\/informelitoral.com.ar\/#organization"},"image":{"@id":"https:\/\/informelitoral.com.ar\/la-camara-de-inmobiliarias-rurales-tiene-nuevo-presidente\/#primaryimage"},"thumbnailUrl":"https:\/\/informelitoral.com.ar\/%77%70%2d%63%6f%6e%74%65%6e%74\/uploads\/2022\/03\/1576513650652-1-696x391-1.jpg","keywords":["C\u00e1mara de Inmobiliarias Rurales"],"articleSection":["Campo"],"inLanguage":"es","potentialAction":[{"@type":"CommentAction","name":"Comment","target":["https:\/\/informelitoral.com.ar\/la-camara-de-inmobiliarias-rurales-tiene-nuevo-presidente\/#respond"]}]},{"@type":"WebPage","@id":"https:\/\/informelitoral.com.ar\/la-camara-de-inmobiliarias-rurales-tiene-nuevo-presidente\/","url":"https:\/\/informelitoral.com.ar\/la-camara-de-inmobiliarias-rurales-tiene-nuevo-presidente\/","name":"La C\u00e1mara de Inmobiliarias Rurales tiene nuevo presidente - Informe Litoral","isPartOf":{"@id":"https:\/\/informelitoral.com.ar\/#website"},"primaryImageOfPage":{"@id":"https:\/\/informelitoral.com.ar\/la-camara-de-inmobiliarias-rurales-tiene-nuevo-presidente\/#primaryimage"},"image":{"@id":"https:\/\/informelitoral.com.ar\/la-camara-de-inmobiliarias-rurales-tiene-nuevo-presidente\/#primaryimage"},"thumbnailUrl":"https:\/\/informelitoral.com.ar\/%77%70%2d%63%6f%6e%74%65%6e%74\/uploads\/2022\/03\/1576513650652-1-696x391-1.jpg","datePublished":"2022-03-23T13:07:27+00:00","dateModified":"2022-03-23T20:13:10+00:00","breadcrumb":{"@id":"https:\/\/informelitoral.com.ar\/la-camara-de-inmobiliarias-rurales-tiene-nuevo-presidente\/#breadcrumb"},"inLanguage":"es","potentialAction":[{"@type":"ReadAction","target":["https:\/\/informelitoral.com.ar\/la-camara-de-inmobiliarias-rurales-tiene-nuevo-presidente\/"]}]},{"@type":"ImageObject","inLanguage":"es","@id":"https:\/\/informelitoral.com.ar\/la-camara-de-inmobiliarias-rurales-tiene-nuevo-presidente\/#primaryimage","url":"https:\/\/informelitoral.com.ar\/%77%70%2d%63%6f%6e%74%65%6e%74\/uploads\/2022\/03\/1576513650652-1-696x391-1.jpg","contentUrl":"https:\/\/informelitoral.com.ar\/%77%70%2d%63%6f%6e%74%65%6e%74\/uploads\/2022\/03\/1576513650652-1-696x391-1.jpg","width":696,"height":391},{"@type":"BreadcrumbList","@id":"https:\/\/informelitoral.com.ar\/la-camara-de-inmobiliarias-rurales-tiene-nuevo-presidente\/#breadcrumb","itemListElement":[{"@type":"ListItem","position":1,"name":"Portada","item":"https:\/\/informelitoral.com.ar\/"},{"@type":"ListItem","position":2,"name":"La C\u00e1mara de Inmobiliarias Rurales tiene nuevo presidente"}]},{"@type":"WebSite","@id":"https:\/\/informelitoral.com.ar\/#website","url":"https:\/\/informelitoral.com.ar\/","name":"Informe Litoral","description":"&quot;Nos informamos&quot; ","publisher":{"@id":"https:\/\/informelitoral.com.ar\/#organization"},"potentialAction":[{"@type":"SearchAction","target":{"@type":"EntryPoint","urlTemplate":"https:\/\/informelitoral.com.ar\/?s={search_term_string}"},"query-input":{"@type":"PropertyValueSpecification","valueRequired":true,"valueName":"search_term_string"}}],"inLanguage":"es"},{"@type":"Organization","@id":"https:\/\/informelitoral.com.ar\/#organization","name":"Informe Litoral","url":"https:\/\/informelitoral.com.ar\/","logo":{"@type":"ImageObject","inLanguage":"es","@id":"https:\/\/informelitoral.com.ar\/#\/schema\/logo\/image\/","url":"https:\/\/informelitoral.com.ar\/%77%70%2d%63%6f%6e%74%65%6e%74\/uploads\/2021\/01\/circulo.png","contentUrl":"https:\/\/informelitoral.com.ar\/%77%70%2d%63%6f%6e%74%65%6e%74\/uploads\/2021\/01\/circulo.png","width":723,"height":731,"caption":"Informe Litoral"},"image":{"@id":"https:\/\/informelitoral.com.ar\/#\/schema\/logo\/image\/"},"sameAs":["https:\/\/www.facebook.com\/informelitoral\/","https:\/\/x.com\/InformeLitoral","https:\/\/www.instagram.com\/informelitoral\/","https:\/\/www.youtube.com\/channel\/UCua4Qvz8Icb6MYqhoq9xLXw"]},{"@type":"Person","@id":"https:\/\/informelitoral.com.ar\/#\/schema\/person\/f05f9f461677119578717524b127d6d5","name":"Sebastian","image":{"@type":"ImageObject","inLanguage":"es","@id":"https:\/\/secure.gravatar.com\/avatar\/b71bf7481d447dfb9583c7f2798e7cc64de6efb9067b74633ed8c31059a3bd82?s=96&d=mm&r=g","url":"https:\/\/secure.gravatar.com\/avatar\/b71bf7481d447dfb9583c7f2798e7cc64de6efb9067b74633ed8c31059a3bd82?s=96&d=mm&r=g","contentUrl":"https:\/\/secure.gravatar.com\/avatar\/b71bf7481d447dfb9583c7f2798e7cc64de6efb9067b74633ed8c31059a3bd82?s=96&d=mm&r=g","caption":"Sebastian"},"url":"https:\/\/informelitoral.com.ar\/author\/sebastian\/"}]}},"_links":{"self":[{"href":"https:\/\/informelitoral.com.ar\/%77%70%2d%6a%73%6f%6e\/wp\/v2\/posts\/73947","targetHints":{"allow":["GET"]}}],"collection":[{"href":"https:\/\/informelitoral.com.ar\/%77%70%2d%6a%73%6f%6e\/wp\/v2\/posts"}],"about":[{"href":"https:\/\/informelitoral.com.ar\/%77%70%2d%6a%73%6f%6e\/wp\/v2\/types\/post"}],"author":[{"embeddable":true,"href":"https:\/\/informelitoral.com.ar\/%77%70%2d%6a%73%6f%6e\/wp\/v2\/users\/8"}],"replies":[{"embeddable":true,"href":"https:\/\/informelitoral.com.ar\/%77%70%2d%6a%73%6f%6e\/wp\/v2\/comments?post=73947"}],"version-history":[{"count":0,"href":"https:\/\/informelitoral.com.ar\/%77%70%2d%6a%73%6f%6e\/wp\/v2\/posts\/73947\/revisions"}],"wp:featuredmedia":[{"embeddable":true,"href":"https:\/\/informelitoral.com.ar\/%77%70%2d%6a%73%6f%6e\/wp\/v2\/media\/73458"}],"wp:attachment":[{"href":"https:\/\/informelitoral.com.ar\/%77%70%2d%6a%73%6f%6e\/wp\/v2\/media?parent=73947"}],"wp:term":[{"taxonomy":"category","embeddable":true,"href":"https:\/\/informelitoral.com.ar\/%77%70%2d%6a%73%6f%6e\/wp\/v2\/categories?post=73947"},{"taxonomy":"post_tag","embeddable":true,"href":"https:\/\/informelitoral.com.ar\/%77%70%2d%6a%73%6f%6e\/wp\/v2\/tags?post=73947"}],"curies":[{"name":"wp","href":"https:\/\/api.w.org\/{rel}","templated":true}]}}