{"id":73842,"date":"2022-03-22T10:35:51","date_gmt":"2022-03-22T13:35:51","guid":{"rendered":"https:\/\/www.informelitoral.com.ar\/?p=73842"},"modified":"2022-03-22T10:35:51","modified_gmt":"2022-03-22T13:35:51","slug":"bordet-en-tabossi-en-esta-gestion-de-gobierno-lo-importante-son-las-personas","status":"publish","type":"post","link":"https:\/\/informelitoral.com.ar\/bordet-en-tabossi-en-esta-gestion-de-gobierno-lo-importante-son-las-personas\/","title":{"rendered":"Bordet en Tabossi: \u201cEn esta gesti\u00f3n de gobierno lo importante son las personas\u201d"},"content":{"rendered":"<p>All\u00ed entreg\u00f3 ambulancia, aportes para el parque industrial y la pavimentaci\u00f3n de calles, y firmar convenios para nuevas viviendas.<\/p>\n<p>\u201cTrabajamos junto al gobierno nacional y municipal para lograr obras que son necesarias para la comunidad\u201d, dijo Bordet. En ese marco, junto a la intendenta Liliana Landra, el mandatario dialog\u00f3 con vecinos y el personal del centro de salud.<\/p>\n<p>Record\u00f3 que en su anterior visita a la localidad \u00abse hab\u00eda planteado esta necesidad de contar con esta ambulancia y hemos tomado la decisi\u00f3n de incorporar muchas unidades en la provincia\u201d.<\/p>\n<p>\u00abEsta ambulancia forma parte de 48 m\u00e1s que compramos para poder atender una demanda que estaba muy contenida\u00bb, dijo y agreg\u00f3: \u00abLlevamos m\u00e1s de 100 ambulancias compradas en estos dos a\u00f1os de tracci\u00f3n de gobierno. Primero para poder abastecer de unidades a todo el sistema hospitalario y ahora como lo estamos haciendo para toda la red de atenci\u00f3n primaria que permita que r\u00e1pidamente se traslade una persona a un centro asistencial de mayor complejidad ante una eventualidad o trabajar mucho en accidentologia en ruta\u00bb.<\/p>\n<p>\u00abSiempre es importante para los vecinos, para todos poder contar con esta unidad que tiene para estabilizar, con respirador si llega a ser necesario, la verdad que es muy completa \u00ab, asegur\u00f3.<\/p>\n<p><b>Obras<\/b><\/p>\n<p>Destac\u00f3 que \u00abestar en Tabossi es avanzar en una gesti\u00f3n que venimos haciendo con la intendenta\u00bb. Y record\u00f3 que hablamos de la plaza que quer\u00edan construir y que ya est\u00e1 pr\u00e1cticamente lista, que los juegos est\u00e1n comprados y que pronto se va a inaugurar\u00bb. Agreg\u00f3 que \u00abpronto vamos a inaugurar aqu\u00ed tambi\u00e9n 13 viviendas sociales que est\u00e1n pr\u00e1cticamente terminadas y hemos firmado con IAPV la construcci\u00f3n de 26 viviendas m\u00e1s; y otras cuatro que faltan terminar, as\u00ed que se har\u00e1n 30 nuevas unidades habitacionales para Tabossi\u00bb.<\/p>\n<p>El mandatario se dirigi\u00f3 a la intendenta y dijo que \u00abel proyecto que usted me hab\u00eda planteado cuando estuvimos recorriendo la localidad, la necesidad de poder contar con m\u00e1s cuadras de pavimento y estas 13 cuadras que es un esfuerzo compartido 70 por ciento aporta la provincial y 30 por ciento el municipio\u00bb.<\/p>\n<p><b>Nuevo edificio para la escuela<\/b><\/p>\n<p>En la oportunidad, el gobernador adelant\u00f3 a los vecinos de la localidad que \u201cya est\u00e1 listo el proyecto, tanto el diputado (Gustavo) Zavallo como el senador (Juan Carlos) Kloss est\u00e1n trabajando para resolver la situaci\u00f3n dominial para que podamos licitar muy pronto en los pr\u00f3ximos meses, vamos a estar licitando el nuevo edificio para la escuela secundaria N\u00ba 8 Enrique Tabossi de la localidad, que es una escuela secundaria muy necesaria, hago p\u00fablicamente el compromiso de llevarlo adelante\u201d.<\/p>\n<p><b>Parque industrial<\/b><\/p>\n<p>Asimismo, destac\u00f3 \u201cel hecho de poder llevar adelante esta obra tan importante en el parque industrial de 17 millones de pesos\u201d, y record\u00f3 que cuando era intendente en Concordia \u201cse empezaba a hacer el parque industrial y esta es una ciudad que tiene mucho movimiento\u201d, entonces, \u201cpoder darle esta continuidad Liliana, que es tan importante y poder llevar adelante esta obra de infraestructura en el parque industrial\u201d.<\/p>\n<p>El mandatario destac\u00f3 que \u201choy m\u00e1s all\u00e1 de esta entrega de la ambulancia y aportes es tambi\u00e9n una reuni\u00f3n de trabajo para poder seguir poni\u00e9ndonos de acuerdo y lograr obras que son importantes, cuando hay un gobierno nacional que apoya y hace obras de cord\u00f3n cuneta, cloacas, a nosotros tambi\u00e9n eso nos libera fondos para poder hacer otro tipo de obras como este convenio de pavimento o la escuela secundaria\u201d.<\/p>\n<p>Por \u00faltimo, agradeci\u00f3 \u201ca todos los vecinos y vecinas de Tabossi por la hospitalidad que caracteriza a esta ciudad y es un gusto poder compartir con ustedes\u201d.<\/p>\n<p>De la actividad participaron los ministros de salud, Sonia Vel\u00e1zquez y de Planeamiento, Infraestructura y Servicios, Marcelo Richard; la presidenta de la Fundaci\u00f3n del Grupo Iapser, Mariel \u00c1vila, el senador provincial, Juan Carlos Kloss; el diputado Provincial, Gustavo Zavallo; el presidente de IAPV, Marcelo Bisogni y el secretario de Transporte de la provincia, N\u00e9stor Landra.<\/p>\n<p><b>Desarrollo del parque industrial<\/b><\/p>\n<p>La intendenta de Tabossi, Liliana Landra, dijo que \u00abes una tarde muy feliz porque estamos recibiendo esta nueva unidad de ambulancia para el centro de salud\u00bb, Y resalt\u00f3 que \u00abnos ayudar\u00e1 con el traslado de las personas ya que al ser una localidad peque\u00f1a no contamos con un hospital, entonces esto nos ayuda a coordinar con el Centro de Salud y los distintos hospitales de la zona\u00bb.<\/p>\n<p>La intendenta agradeci\u00f3 los distintos aportes que entreg\u00f3 el gobernador y destac\u00f3 que para la localidad es \u00abmuy importante el desarrollo del parque industrial, porque es fundamental que se instalen industrias, lo que atraer\u00e1 una mejor econom\u00eda para la localidad y mano de obra\u00bb.<\/p>\n<p>Valor\u00f3 adem\u00e1s la firma del convenio por 26 viviendas de IAPV, \u00abm\u00e1s cuatro que estaban en ejecuci\u00f3n y que el municipio lo realizar\u00e1 por administraci\u00f3n\u00bb. Y resalt\u00f3 que \u00abtenemos muchas obras para inaugurar, la verdad que para una localidad peque\u00f1a contar con el apoyo del gobierno provincial y del nacional es fundamental, ya que tenemos demanda de obras y por supuesto desde el municipio no se pueden costear. Teniendo estos apoyo es fundamental para cumplir el requerimiento de los vecinos de cloacas, veredas, de cord\u00f3n cuneta, de viviendas\u00bb.<\/p>\n<p><b>La ambulancia<\/b><\/p>\n<p>En la oportunidad, se entreg\u00f3 una ambulancia al Centro de Salud Tita Rosario Falcon.<\/p>\n<p>Se trata de una ambulancias tipo furg\u00f3n integral marca Mercedes Benz, modelo Sprinter 311CDI Street V1, denominadas de baja complejidad y equipadas con camilla de aluminio, silla de ruedas, tabla de inmovilizaci\u00f3n y traslado, collar cervical, tensi\u00f3metro, estetoscopio, tubo de ox\u00edgeno y panel de gases, entre otros elementos. Las mismas fueron adquiridas mediante licitaci\u00f3n p\u00fablica UCC, con un costo de 5.740.000 pesos cada una.<\/p>\n<p><b>Viviendas<\/b><\/p>\n<p>En ese marco se firmaron dos acta compromiso, una para la construcci\u00f3n de 26 viviendas en el marco del Programa Casa Propia Construir Futuro en la localidad de Tabossi, que cuenta con un presupuesto para su ejecuci\u00f3n de 195.112.995 pesos y, otra para la terminaci\u00f3n de cuatro viviendas en el marco del Programa que impulsa el gobierno provincial Primero Tu Casa que cuenta con un presupuesto de 10.115.825 pesos.<\/p>\n<p><b>Entregas<\/b><\/p>\n<p>El gobernador entreg\u00f3 a la presidenta municipal un aporte para la repavimentaci\u00f3n de calles urbanas de la localidad, un primer desembolso de 6.548.685 pesos correspondientes al 25 por ciento del total de inversi\u00f3n.<\/p>\n<p>Por otra parte, entreg\u00f3 la resoluci\u00f3n a trav\u00e9s de la cual se otorga un aporte no reintegrable de 13 millones de pesos en el marco del Programa Nacional para el Desarrollo de Parques Industriales, destinado a la ejecuci\u00f3n de obras dentro del parque.<\/p>\n","protected":false},"excerpt":{"rendered":"<p>\u201cEstamos desarrollando el potencial de Entre R\u00edos con infraestructura para la producci\u00f3n; inversi\u00f3n en infraestructura sanitaria, y est\u00edmulos al desarrollo social y educativo\u201d, expres\u00f3 hoy el gobernador Gustavo Bordet en Tabossi.<\/p>\n","protected":false},"author":8,"featured_media":73843,"comment_status":"open","ping_status":"open","sticky":false,"template":"","format":"standard","meta":{"fifu_image_url":"","fifu_image_alt":"","footnotes":""},"categories":[6],"tags":[167,283,3417],"class_list":{"0":"post-73842","1":"post","2":"type-post","3":"status-publish","4":"format-standard","5":"has-post-thumbnail","7":"category-entre-rios","8":"tag-gustavo-bordet","9":"tag-obras","10":"tag-parque-industriales"},"yoast_head":"<title>Bordet en Tabossi: \u201cEn esta gesti\u00f3n de gobierno lo importante son las personas\u201d - Informe Litoral<\/title>\n<meta name=\"robots\" content=\"index, follow, max-snippet:-1, max-image-preview:large, max-video-preview:-1\" \/>\n<link rel=\"canonical\" href=\"https:\/\/informelitoral.com.ar\/bordet-en-tabossi-en-esta-gestion-de-gobierno-lo-importante-son-las-personas\/\" \/>\n<meta property=\"og:locale\" content=\"es_ES\" \/>\n<meta property=\"og:type\" content=\"article\" \/>\n<meta property=\"og:title\" content=\"Bordet en Tabossi: \u201cEn esta gesti\u00f3n de gobierno lo importante son las personas\u201d - Informe Litoral\" \/>\n<meta property=\"og:description\" content=\"\u201cEstamos desarrollando el potencial de Entre R\u00edos con infraestructura para la producci\u00f3n; inversi\u00f3n en infraestructura sanitaria, y est\u00edmulos al desarrollo social y educativo\u201d, expres\u00f3 hoy el gobernador Gustavo Bordet en Tabossi.\" \/>\n<meta property=\"og:url\" content=\"https:\/\/informelitoral.com.ar\/bordet-en-tabossi-en-esta-gestion-de-gobierno-lo-importante-son-las-personas\/\" \/>\n<meta property=\"og:site_name\" content=\"Informe Litoral\" \/>\n<meta property=\"article:publisher\" content=\"https:\/\/www.facebook.com\/informelitoral\/\" \/>\n<meta property=\"article:published_time\" content=\"2022-03-22T13:35:51+00:00\" \/>\n<meta property=\"og:image\" content=\"https:\/\/informelitoral.com.ar\/%77%70%2d%63%6f%6e%74%65%6e%74\/uploads\/2022\/03\/p_1647914141.jpg\" \/>\n\t<meta property=\"og:image:width\" content=\"1920\" \/>\n\t<meta property=\"og:image:height\" content=\"800\" \/>\n\t<meta property=\"og:image:type\" content=\"image\/jpeg\" \/>\n<meta name=\"author\" content=\"Sebastian\" \/>\n<meta name=\"twitter:card\" content=\"summary_large_image\" \/>\n<meta name=\"twitter:creator\" content=\"@InformeLitoral\" \/>\n<meta name=\"twitter:site\" content=\"@InformeLitoral\" \/>\n<meta name=\"twitter:label1\" content=\"Escrito por\" \/>\n\t<meta name=\"twitter:data1\" content=\"Sebastian\" \/>\n\t<meta name=\"twitter:label2\" content=\"Tiempo de lectura\" \/>\n\t<meta name=\"twitter:data2\" content=\"6 minutos\" \/>\n<script type=\"application\/ld+json\" class=\"yoast-schema-graph\">{\"@context\":\"https:\\\/\\\/schema.org\",\"@graph\":[{\"@type\":\"Article\",\"@id\":\"https:\\\/\\\/informelitoral.com.ar\\\/bordet-en-tabossi-en-esta-gestion-de-gobierno-lo-importante-son-las-personas\\\/#article\",\"isPartOf\":{\"@id\":\"https:\\\/\\\/informelitoral.com.ar\\\/bordet-en-tabossi-en-esta-gestion-de-gobierno-lo-importante-son-las-personas\\\/\"},\"author\":{\"name\":\"Sebastian\",\"@id\":\"https:\\\/\\\/informelitoral.com.ar\\\/#\\\/schema\\\/person\\\/f05f9f461677119578717524b127d6d5\"},\"headline\":\"Bordet en Tabossi: \u201cEn esta gesti\u00f3n de gobierno lo importante son las personas\u201d\",\"datePublished\":\"2022-03-22T13:35:51+00:00\",\"mainEntityOfPage\":{\"@id\":\"https:\\\/\\\/informelitoral.com.ar\\\/bordet-en-tabossi-en-esta-gestion-de-gobierno-lo-importante-son-las-personas\\\/\"},\"wordCount\":1130,\"commentCount\":0,\"publisher\":{\"@id\":\"https:\\\/\\\/informelitoral.com.ar\\\/#organization\"},\"image\":{\"@id\":\"https:\\\/\\\/informelitoral.com.ar\\\/bordet-en-tabossi-en-esta-gestion-de-gobierno-lo-importante-son-las-personas\\\/#primaryimage\"},\"thumbnailUrl\":\"https:\\\/\\\/informelitoral.com.ar\\\/%77%70%2d%63%6f%6e%74%65%6e%74\\\/uploads\\\/2022\\\/03\\\/p_1647914141.jpg\",\"keywords\":[\"Gustavo Bordet\",\"Obras\",\"Parque Industriales\"],\"articleSection\":[\"Entre R\u00edos\"],\"inLanguage\":\"es\",\"potentialAction\":[{\"@type\":\"CommentAction\",\"name\":\"Comment\",\"target\":[\"https:\\\/\\\/informelitoral.com.ar\\\/bordet-en-tabossi-en-esta-gestion-de-gobierno-lo-importante-son-las-personas\\\/#respond\"]}]},{\"@type\":\"WebPage\",\"@id\":\"https:\\\/\\\/informelitoral.com.ar\\\/bordet-en-tabossi-en-esta-gestion-de-gobierno-lo-importante-son-las-personas\\\/\",\"url\":\"https:\\\/\\\/informelitoral.com.ar\\\/bordet-en-tabossi-en-esta-gestion-de-gobierno-lo-importante-son-las-personas\\\/\",\"name\":\"Bordet en Tabossi: \u201cEn esta gesti\u00f3n de gobierno lo importante son las personas\u201d - Informe Litoral\",\"isPartOf\":{\"@id\":\"https:\\\/\\\/informelitoral.com.ar\\\/#website\"},\"primaryImageOfPage\":{\"@id\":\"https:\\\/\\\/informelitoral.com.ar\\\/bordet-en-tabossi-en-esta-gestion-de-gobierno-lo-importante-son-las-personas\\\/#primaryimage\"},\"image\":{\"@id\":\"https:\\\/\\\/informelitoral.com.ar\\\/bordet-en-tabossi-en-esta-gestion-de-gobierno-lo-importante-son-las-personas\\\/#primaryimage\"},\"thumbnailUrl\":\"https:\\\/\\\/informelitoral.com.ar\\\/%77%70%2d%63%6f%6e%74%65%6e%74\\\/uploads\\\/2022\\\/03\\\/p_1647914141.jpg\",\"datePublished\":\"2022-03-22T13:35:51+00:00\",\"breadcrumb\":{\"@id\":\"https:\\\/\\\/informelitoral.com.ar\\\/bordet-en-tabossi-en-esta-gestion-de-gobierno-lo-importante-son-las-personas\\\/#breadcrumb\"},\"inLanguage\":\"es\",\"potentialAction\":[{\"@type\":\"ReadAction\",\"target\":[\"https:\\\/\\\/informelitoral.com.ar\\\/bordet-en-tabossi-en-esta-gestion-de-gobierno-lo-importante-son-las-personas\\\/\"]}]},{\"@type\":\"ImageObject\",\"inLanguage\":\"es\",\"@id\":\"https:\\\/\\\/informelitoral.com.ar\\\/bordet-en-tabossi-en-esta-gestion-de-gobierno-lo-importante-son-las-personas\\\/#primaryimage\",\"url\":\"https:\\\/\\\/informelitoral.com.ar\\\/%77%70%2d%63%6f%6e%74%65%6e%74\\\/uploads\\\/2022\\\/03\\\/p_1647914141.jpg\",\"contentUrl\":\"https:\\\/\\\/informelitoral.com.ar\\\/%77%70%2d%63%6f%6e%74%65%6e%74\\\/uploads\\\/2022\\\/03\\\/p_1647914141.jpg\",\"width\":1920,\"height\":800},{\"@type\":\"BreadcrumbList\",\"@id\":\"https:\\\/\\\/informelitoral.com.ar\\\/bordet-en-tabossi-en-esta-gestion-de-gobierno-lo-importante-son-las-personas\\\/#breadcrumb\",\"itemListElement\":[{\"@type\":\"ListItem\",\"position\":1,\"name\":\"Portada\",\"item\":\"https:\\\/\\\/informelitoral.com.ar\\\/\"},{\"@type\":\"ListItem\",\"position\":2,\"name\":\"Bordet en Tabossi: \u201cEn esta gesti\u00f3n de gobierno lo importante son las personas\u201d\"}]},{\"@type\":\"WebSite\",\"@id\":\"https:\\\/\\\/informelitoral.com.ar\\\/#website\",\"url\":\"https:\\\/\\\/informelitoral.com.ar\\\/\",\"name\":\"Informe Litoral\",\"description\":\"&quot;Nos informamos&quot; \",\"publisher\":{\"@id\":\"https:\\\/\\\/informelitoral.com.ar\\\/#organization\"},\"potentialAction\":[{\"@type\":\"SearchAction\",\"target\":{\"@type\":\"EntryPoint\",\"urlTemplate\":\"https:\\\/\\\/informelitoral.com.ar\\\/?s={search_term_string}\"},\"query-input\":{\"@type\":\"PropertyValueSpecification\",\"valueRequired\":true,\"valueName\":\"search_term_string\"}}],\"inLanguage\":\"es\"},{\"@type\":\"Organization\",\"@id\":\"https:\\\/\\\/informelitoral.com.ar\\\/#organization\",\"name\":\"Informe Litoral\",\"url\":\"https:\\\/\\\/informelitoral.com.ar\\\/\",\"logo\":{\"@type\":\"ImageObject\",\"inLanguage\":\"es\",\"@id\":\"https:\\\/\\\/informelitoral.com.ar\\\/#\\\/schema\\\/logo\\\/image\\\/\",\"url\":\"https:\\\/\\\/informelitoral.com.ar\\\/%77%70%2d%63%6f%6e%74%65%6e%74\\\/uploads\\\/2021\\\/01\\\/circulo.png\",\"contentUrl\":\"https:\\\/\\\/informelitoral.com.ar\\\/%77%70%2d%63%6f%6e%74%65%6e%74\\\/uploads\\\/2021\\\/01\\\/circulo.png\",\"width\":723,\"height\":731,\"caption\":\"Informe Litoral\"},\"image\":{\"@id\":\"https:\\\/\\\/informelitoral.com.ar\\\/#\\\/schema\\\/logo\\\/image\\\/\"},\"sameAs\":[\"https:\\\/\\\/www.facebook.com\\\/informelitoral\\\/\",\"https:\\\/\\\/x.com\\\/InformeLitoral\",\"https:\\\/\\\/www.instagram.com\\\/informelitoral\\\/\",\"https:\\\/\\\/www.youtube.com\\\/channel\\\/UCua4Qvz8Icb6MYqhoq9xLXw\"]},{\"@type\":\"Person\",\"@id\":\"https:\\\/\\\/informelitoral.com.ar\\\/#\\\/schema\\\/person\\\/f05f9f461677119578717524b127d6d5\",\"name\":\"Sebastian\",\"image\":{\"@type\":\"ImageObject\",\"inLanguage\":\"es\",\"@id\":\"https:\\\/\\\/secure.gravatar.com\\\/avatar\\\/b71bf7481d447dfb9583c7f2798e7cc64de6efb9067b74633ed8c31059a3bd82?s=96&d=mm&r=g\",\"url\":\"https:\\\/\\\/secure.gravatar.com\\\/avatar\\\/b71bf7481d447dfb9583c7f2798e7cc64de6efb9067b74633ed8c31059a3bd82?s=96&d=mm&r=g\",\"contentUrl\":\"https:\\\/\\\/secure.gravatar.com\\\/avatar\\\/b71bf7481d447dfb9583c7f2798e7cc64de6efb9067b74633ed8c31059a3bd82?s=96&d=mm&r=g\",\"caption\":\"Sebastian\"},\"url\":\"https:\\\/\\\/informelitoral.com.ar\\\/author\\\/sebastian\\\/\"}]}<\/script>","yoast_head_json":{"title":"Bordet en Tabossi: \u201cEn esta gesti\u00f3n de gobierno lo importante son las personas\u201d - Informe Litoral","robots":{"index":"index","follow":"follow","max-snippet":"max-snippet:-1","max-image-preview":"max-image-preview:large","max-video-preview":"max-video-preview:-1"},"canonical":"https:\/\/informelitoral.com.ar\/bordet-en-tabossi-en-esta-gestion-de-gobierno-lo-importante-son-las-personas\/","og_locale":"es_ES","og_type":"article","og_title":"Bordet en Tabossi: \u201cEn esta gesti\u00f3n de gobierno lo importante son las personas\u201d - Informe Litoral","og_description":"\u201cEstamos desarrollando el potencial de Entre R\u00edos con infraestructura para la producci\u00f3n; inversi\u00f3n en infraestructura sanitaria, y est\u00edmulos al desarrollo social y educativo\u201d, expres\u00f3 hoy el gobernador Gustavo Bordet en Tabossi.","og_url":"https:\/\/informelitoral.com.ar\/bordet-en-tabossi-en-esta-gestion-de-gobierno-lo-importante-son-las-personas\/","og_site_name":"Informe Litoral","article_publisher":"https:\/\/www.facebook.com\/informelitoral\/","article_published_time":"2022-03-22T13:35:51+00:00","og_image":[{"width":1920,"height":800,"url":"https:\/\/informelitoral.com.ar\/%77%70%2d%63%6f%6e%74%65%6e%74\/uploads\/2022\/03\/p_1647914141.jpg","type":"image\/jpeg"}],"author":"Sebastian","twitter_card":"summary_large_image","twitter_creator":"@InformeLitoral","twitter_site":"@InformeLitoral","twitter_misc":{"Escrito por":"Sebastian","Tiempo de lectura":"6 minutos"},"schema":{"@context":"https:\/\/schema.org","@graph":[{"@type":"Article","@id":"https:\/\/informelitoral.com.ar\/bordet-en-tabossi-en-esta-gestion-de-gobierno-lo-importante-son-las-personas\/#article","isPartOf":{"@id":"https:\/\/informelitoral.com.ar\/bordet-en-tabossi-en-esta-gestion-de-gobierno-lo-importante-son-las-personas\/"},"author":{"name":"Sebastian","@id":"https:\/\/informelitoral.com.ar\/#\/schema\/person\/f05f9f461677119578717524b127d6d5"},"headline":"Bordet en Tabossi: \u201cEn esta gesti\u00f3n de gobierno lo importante son las personas\u201d","datePublished":"2022-03-22T13:35:51+00:00","mainEntityOfPage":{"@id":"https:\/\/informelitoral.com.ar\/bordet-en-tabossi-en-esta-gestion-de-gobierno-lo-importante-son-las-personas\/"},"wordCount":1130,"commentCount":0,"publisher":{"@id":"https:\/\/informelitoral.com.ar\/#organization"},"image":{"@id":"https:\/\/informelitoral.com.ar\/bordet-en-tabossi-en-esta-gestion-de-gobierno-lo-importante-son-las-personas\/#primaryimage"},"thumbnailUrl":"https:\/\/informelitoral.com.ar\/%77%70%2d%63%6f%6e%74%65%6e%74\/uploads\/2022\/03\/p_1647914141.jpg","keywords":["Gustavo Bordet","Obras","Parque Industriales"],"articleSection":["Entre R\u00edos"],"inLanguage":"es","potentialAction":[{"@type":"CommentAction","name":"Comment","target":["https:\/\/informelitoral.com.ar\/bordet-en-tabossi-en-esta-gestion-de-gobierno-lo-importante-son-las-personas\/#respond"]}]},{"@type":"WebPage","@id":"https:\/\/informelitoral.com.ar\/bordet-en-tabossi-en-esta-gestion-de-gobierno-lo-importante-son-las-personas\/","url":"https:\/\/informelitoral.com.ar\/bordet-en-tabossi-en-esta-gestion-de-gobierno-lo-importante-son-las-personas\/","name":"Bordet en Tabossi: \u201cEn esta gesti\u00f3n de gobierno lo importante son las personas\u201d - Informe Litoral","isPartOf":{"@id":"https:\/\/informelitoral.com.ar\/#website"},"primaryImageOfPage":{"@id":"https:\/\/informelitoral.com.ar\/bordet-en-tabossi-en-esta-gestion-de-gobierno-lo-importante-son-las-personas\/#primaryimage"},"image":{"@id":"https:\/\/informelitoral.com.ar\/bordet-en-tabossi-en-esta-gestion-de-gobierno-lo-importante-son-las-personas\/#primaryimage"},"thumbnailUrl":"https:\/\/informelitoral.com.ar\/%77%70%2d%63%6f%6e%74%65%6e%74\/uploads\/2022\/03\/p_1647914141.jpg","datePublished":"2022-03-22T13:35:51+00:00","breadcrumb":{"@id":"https:\/\/informelitoral.com.ar\/bordet-en-tabossi-en-esta-gestion-de-gobierno-lo-importante-son-las-personas\/#breadcrumb"},"inLanguage":"es","potentialAction":[{"@type":"ReadAction","target":["https:\/\/informelitoral.com.ar\/bordet-en-tabossi-en-esta-gestion-de-gobierno-lo-importante-son-las-personas\/"]}]},{"@type":"ImageObject","inLanguage":"es","@id":"https:\/\/informelitoral.com.ar\/bordet-en-tabossi-en-esta-gestion-de-gobierno-lo-importante-son-las-personas\/#primaryimage","url":"https:\/\/informelitoral.com.ar\/%77%70%2d%63%6f%6e%74%65%6e%74\/uploads\/2022\/03\/p_1647914141.jpg","contentUrl":"https:\/\/informelitoral.com.ar\/%77%70%2d%63%6f%6e%74%65%6e%74\/uploads\/2022\/03\/p_1647914141.jpg","width":1920,"height":800},{"@type":"BreadcrumbList","@id":"https:\/\/informelitoral.com.ar\/bordet-en-tabossi-en-esta-gestion-de-gobierno-lo-importante-son-las-personas\/#breadcrumb","itemListElement":[{"@type":"ListItem","position":1,"name":"Portada","item":"https:\/\/informelitoral.com.ar\/"},{"@type":"ListItem","position":2,"name":"Bordet en Tabossi: \u201cEn esta gesti\u00f3n de gobierno lo importante son las personas\u201d"}]},{"@type":"WebSite","@id":"https:\/\/informelitoral.com.ar\/#website","url":"https:\/\/informelitoral.com.ar\/","name":"Informe Litoral","description":"&quot;Nos informamos&quot; ","publisher":{"@id":"https:\/\/informelitoral.com.ar\/#organization"},"potentialAction":[{"@type":"SearchAction","target":{"@type":"EntryPoint","urlTemplate":"https:\/\/informelitoral.com.ar\/?s={search_term_string}"},"query-input":{"@type":"PropertyValueSpecification","valueRequired":true,"valueName":"search_term_string"}}],"inLanguage":"es"},{"@type":"Organization","@id":"https:\/\/informelitoral.com.ar\/#organization","name":"Informe Litoral","url":"https:\/\/informelitoral.com.ar\/","logo":{"@type":"ImageObject","inLanguage":"es","@id":"https:\/\/informelitoral.com.ar\/#\/schema\/logo\/image\/","url":"https:\/\/informelitoral.com.ar\/%77%70%2d%63%6f%6e%74%65%6e%74\/uploads\/2021\/01\/circulo.png","contentUrl":"https:\/\/informelitoral.com.ar\/%77%70%2d%63%6f%6e%74%65%6e%74\/uploads\/2021\/01\/circulo.png","width":723,"height":731,"caption":"Informe Litoral"},"image":{"@id":"https:\/\/informelitoral.com.ar\/#\/schema\/logo\/image\/"},"sameAs":["https:\/\/www.facebook.com\/informelitoral\/","https:\/\/x.com\/InformeLitoral","https:\/\/www.instagram.com\/informelitoral\/","https:\/\/www.youtube.com\/channel\/UCua4Qvz8Icb6MYqhoq9xLXw"]},{"@type":"Person","@id":"https:\/\/informelitoral.com.ar\/#\/schema\/person\/f05f9f461677119578717524b127d6d5","name":"Sebastian","image":{"@type":"ImageObject","inLanguage":"es","@id":"https:\/\/secure.gravatar.com\/avatar\/b71bf7481d447dfb9583c7f2798e7cc64de6efb9067b74633ed8c31059a3bd82?s=96&d=mm&r=g","url":"https:\/\/secure.gravatar.com\/avatar\/b71bf7481d447dfb9583c7f2798e7cc64de6efb9067b74633ed8c31059a3bd82?s=96&d=mm&r=g","contentUrl":"https:\/\/secure.gravatar.com\/avatar\/b71bf7481d447dfb9583c7f2798e7cc64de6efb9067b74633ed8c31059a3bd82?s=96&d=mm&r=g","caption":"Sebastian"},"url":"https:\/\/informelitoral.com.ar\/author\/sebastian\/"}]}},"_links":{"self":[{"href":"https:\/\/informelitoral.com.ar\/%77%70%2d%6a%73%6f%6e\/wp\/v2\/posts\/73842","targetHints":{"allow":["GET"]}}],"collection":[{"href":"https:\/\/informelitoral.com.ar\/%77%70%2d%6a%73%6f%6e\/wp\/v2\/posts"}],"about":[{"href":"https:\/\/informelitoral.com.ar\/%77%70%2d%6a%73%6f%6e\/wp\/v2\/types\/post"}],"author":[{"embeddable":true,"href":"https:\/\/informelitoral.com.ar\/%77%70%2d%6a%73%6f%6e\/wp\/v2\/users\/8"}],"replies":[{"embeddable":true,"href":"https:\/\/informelitoral.com.ar\/%77%70%2d%6a%73%6f%6e\/wp\/v2\/comments?post=73842"}],"version-history":[{"count":0,"href":"https:\/\/informelitoral.com.ar\/%77%70%2d%6a%73%6f%6e\/wp\/v2\/posts\/73842\/revisions"}],"wp:featuredmedia":[{"embeddable":true,"href":"https:\/\/informelitoral.com.ar\/%77%70%2d%6a%73%6f%6e\/wp\/v2\/media\/73843"}],"wp:attachment":[{"href":"https:\/\/informelitoral.com.ar\/%77%70%2d%6a%73%6f%6e\/wp\/v2\/media?parent=73842"}],"wp:term":[{"taxonomy":"category","embeddable":true,"href":"https:\/\/informelitoral.com.ar\/%77%70%2d%6a%73%6f%6e\/wp\/v2\/categories?post=73842"},{"taxonomy":"post_tag","embeddable":true,"href":"https:\/\/informelitoral.com.ar\/%77%70%2d%6a%73%6f%6e\/wp\/v2\/tags?post=73842"}],"curies":[{"name":"wp","href":"https:\/\/api.w.org\/{rel}","templated":true}]}}