{"id":73740,"date":"2022-03-21T08:20:47","date_gmt":"2022-03-21T11:20:47","guid":{"rendered":"https:\/\/www.informelitoral.com.ar\/?p=73740"},"modified":"2022-03-21T17:16:43","modified_gmt":"2022-03-21T20:16:43","slug":"bordet-inauguro-el-tramo-del-acceso-a-la-aldea-brasilera","status":"publish","type":"post","link":"https:\/\/informelitoral.com.ar\/bordet-inauguro-el-tramo-del-acceso-a-la-aldea-brasilera\/","title":{"rendered":"Bordet inaugur\u00f3 el tramo del acceso a la Aldea Brasilera"},"content":{"rendered":"<p>El primer mandatario entrerriano fue recibido por el intendente anfitri\u00f3n Hugo Ram\u00edrez y miembros del gabinete municipal, en el marco de la Fiesta Patronal de la comunidad en honor a San Jos\u00e9, donde recorri\u00f3 la Parroquia hom\u00f3nima, tambi\u00e9n la remodelaci\u00f3n de la plaza y parte de las calles asfaltadas.<\/p>\n<p>Acompa\u00f1aron a Bordet la ministra de Desarrollo Social, Marisa Paira; la administradora de Vialidad Provincial, Alicia Ben\u00edtez; la presidente de la Fundaci\u00f3n Iapser, Mariel \u00c1vila; el legislador Jorge C\u00e1ceres y presidentes de juntas de Gobierno de la zona, entre otras autoridades.<\/p>\n<p>En ese marco, Bordet dijo que \u201cla gesti\u00f3n del intendente Hugo Ram\u00edrez fueron cruciales para llevar adelante estas obras que con Vialidad nacional se encar\u00f3 para repavimentar y pavimentaci\u00f3n en las cuadras que faltaban para llegar y rodear el cementerio, adem\u00e1s de una ampliaci\u00f3n m\u00e1s. El municipio, por su parte, viene trabajando fuertemente en un plan de pavimentaci\u00f3n\u00bb.<\/p>\n<p>Detall\u00f3 luego que \u00abse est\u00e1 concluyendo un sal\u00f3n de usos m\u00faltiples en la Escuela Nina N\u00ba 9, adem\u00e1s de un proyecto de ampliaci\u00f3n de la escuela con m\u00e1s aulas que demandar\u00e1 una inversi\u00f3n 81 millones de pesos y que en las pr\u00f3ximas semanas ser\u00e1 la licitaci\u00f3n porque ya est\u00e1 en marcha\u00bb.<\/p>\n<p>En otro orden, Bordet indic\u00f3 que \u00abcon el intendente, la ministra de Desarrollo Social, y la Compa\u00f1\u00eda Entrerriana de Tierras para poder adquirir terrenos que posibilitar\u00e1n la construcci\u00f3n de viviendas en Aldea Brasilera a trav\u00e9s del Instituto Aut\u00e1rquico de Planeamiento y Vivienda (IAPV).<\/p>\n<p>Trabajando en conjunto -como lo venimos haciendo desde un principio de gesti\u00f3n con el intendente de Aldea Brasilera que le pone mucho empuje a la gesti\u00f3n- posibilita el entendimiento con Naci\u00f3n y provincia para articular las acciones y obras de gobierno en esta zona que son tan necesarias\u00bb.<\/p>\n<p>Consultado sobre el avance de obras en otras localidades de la zona, el mandatario dijo que \u00abest\u00e1 muy avanzada la obra de acceso a Aldea Protestante. Creo que en uno meses la estamos terminando y lo que sigue es Aldea Salto para hacer el pavimento que hab\u00edamos comprometido. Luego iremos por Puerto Alvear\u00bb. Dicho esto, record\u00f3 que cuando inici\u00f3 su gesti\u00f3n, estaba realmente destruido el tramo Diamante-Paran\u00e1 de la ruta 11. \u00abNos pusimos a trabajar, primero para reconstruir toda la ruta 11, luego hicimos el acceso a Paran\u00e1-Oro Verde en doble v\u00eda que qued\u00f3 magn\u00edfico, y despu\u00e9s empezamos a trabajar en los accesos laterales. Empezamos por varias aldeas, Aldea Spatzenkutter, Aldea Brasilera ahora, estamos en Aldea Protestante y seguiremos como Aldea Salto y luego con Puerto Alvear. Cuando concluya la gesti\u00f3n quedar\u00e1 finalizado ese tramo\u00bb, detall\u00f3.<\/p>\n","protected":false},"excerpt":{"rendered":"<p>El gobernador Gustavo Bordet, encabez\u00f3 el acto por el cual se inaugur\u00f3 el tramo del acceso a Aldea Brasilera. Fue en horas del mediod\u00eda de este s\u00e1bado, donde tambi\u00e9n dialog\u00f3 con docentes y vecinos de la zona.<\/p>\n","protected":false},"author":8,"featured_media":73741,"comment_status":"open","ping_status":"open","sticky":false,"template":"","format":"standard","meta":{"fifu_image_url":"","fifu_image_alt":"","footnotes":""},"categories":[5],"tags":[199,167,175,283],"class_list":{"0":"post-73740","1":"post","2":"type-post","3":"status-publish","4":"format-standard","5":"has-post-thumbnail","7":"category-zonales","8":"tag-aldea-brasilera","9":"tag-gustavo-bordet","10":"tag-inauguracion","11":"tag-obras"},"yoast_head":"<title>Bordet inaugur\u00f3 el tramo del acceso a la Aldea Brasilera - Informe Litoral<\/title>\n<meta name=\"robots\" content=\"index, follow, max-snippet:-1, max-image-preview:large, max-video-preview:-1\" \/>\n<link rel=\"canonical\" href=\"https:\/\/informelitoral.com.ar\/bordet-inauguro-el-tramo-del-acceso-a-la-aldea-brasilera\/\" \/>\n<meta property=\"og:locale\" content=\"es_ES\" \/>\n<meta property=\"og:type\" content=\"article\" \/>\n<meta property=\"og:title\" content=\"Bordet inaugur\u00f3 el tramo del acceso a la Aldea Brasilera - Informe Litoral\" \/>\n<meta property=\"og:description\" content=\"El gobernador Gustavo Bordet, encabez\u00f3 el acto por el cual se inaugur\u00f3 el tramo del acceso a Aldea Brasilera. Fue en horas del mediod\u00eda de este s\u00e1bado, donde tambi\u00e9n dialog\u00f3 con docentes y vecinos de la zona.\" \/>\n<meta property=\"og:url\" content=\"https:\/\/informelitoral.com.ar\/bordet-inauguro-el-tramo-del-acceso-a-la-aldea-brasilera\/\" \/>\n<meta property=\"og:site_name\" content=\"Informe Litoral\" \/>\n<meta property=\"article:publisher\" content=\"https:\/\/www.facebook.com\/informelitoral\/\" \/>\n<meta property=\"article:published_time\" content=\"2022-03-21T11:20:47+00:00\" \/>\n<meta property=\"article:modified_time\" content=\"2022-03-21T20:16:43+00:00\" \/>\n<meta property=\"og:image\" content=\"https:\/\/informelitoral.com.ar\/%77%70%2d%63%6f%6e%74%65%6e%74\/uploads\/2022\/03\/BORDET-1.jpg\" \/>\n\t<meta property=\"og:image:width\" content=\"1200\" \/>\n\t<meta property=\"og:image:height\" content=\"746\" \/>\n\t<meta property=\"og:image:type\" content=\"image\/jpeg\" \/>\n<meta name=\"author\" content=\"Sebastian\" \/>\n<meta name=\"twitter:card\" content=\"summary_large_image\" \/>\n<meta name=\"twitter:creator\" content=\"@InformeLitoral\" \/>\n<meta name=\"twitter:site\" content=\"@InformeLitoral\" \/>\n<meta name=\"twitter:label1\" content=\"Escrito por\" \/>\n\t<meta name=\"twitter:data1\" content=\"Sebastian\" \/>\n\t<meta name=\"twitter:label2\" content=\"Tiempo de lectura\" \/>\n\t<meta name=\"twitter:data2\" content=\"2 minutos\" \/>\n<script type=\"application\/ld+json\" class=\"yoast-schema-graph\">{\"@context\":\"https:\\\/\\\/schema.org\",\"@graph\":[{\"@type\":\"Article\",\"@id\":\"https:\\\/\\\/informelitoral.com.ar\\\/bordet-inauguro-el-tramo-del-acceso-a-la-aldea-brasilera\\\/#article\",\"isPartOf\":{\"@id\":\"https:\\\/\\\/informelitoral.com.ar\\\/bordet-inauguro-el-tramo-del-acceso-a-la-aldea-brasilera\\\/\"},\"author\":{\"name\":\"Sebastian\",\"@id\":\"https:\\\/\\\/informelitoral.com.ar\\\/#\\\/schema\\\/person\\\/f05f9f461677119578717524b127d6d5\"},\"headline\":\"Bordet inaugur\u00f3 el tramo del acceso a la Aldea Brasilera\",\"datePublished\":\"2022-03-21T11:20:47+00:00\",\"dateModified\":\"2022-03-21T20:16:43+00:00\",\"mainEntityOfPage\":{\"@id\":\"https:\\\/\\\/informelitoral.com.ar\\\/bordet-inauguro-el-tramo-del-acceso-a-la-aldea-brasilera\\\/\"},\"wordCount\":471,\"commentCount\":0,\"publisher\":{\"@id\":\"https:\\\/\\\/informelitoral.com.ar\\\/#organization\"},\"image\":{\"@id\":\"https:\\\/\\\/informelitoral.com.ar\\\/bordet-inauguro-el-tramo-del-acceso-a-la-aldea-brasilera\\\/#primaryimage\"},\"thumbnailUrl\":\"https:\\\/\\\/informelitoral.com.ar\\\/%77%70%2d%63%6f%6e%74%65%6e%74\\\/uploads\\\/2022\\\/03\\\/BORDET-1.jpg\",\"keywords\":[\"Aldea Brasilera\",\"Gustavo Bordet\",\"Inauguraci\u00f3n\",\"Obras\"],\"articleSection\":[\"Departamento Diamante\"],\"inLanguage\":\"es\",\"potentialAction\":[{\"@type\":\"CommentAction\",\"name\":\"Comment\",\"target\":[\"https:\\\/\\\/informelitoral.com.ar\\\/bordet-inauguro-el-tramo-del-acceso-a-la-aldea-brasilera\\\/#respond\"]}]},{\"@type\":\"WebPage\",\"@id\":\"https:\\\/\\\/informelitoral.com.ar\\\/bordet-inauguro-el-tramo-del-acceso-a-la-aldea-brasilera\\\/\",\"url\":\"https:\\\/\\\/informelitoral.com.ar\\\/bordet-inauguro-el-tramo-del-acceso-a-la-aldea-brasilera\\\/\",\"name\":\"Bordet inaugur\u00f3 el tramo del acceso a la Aldea Brasilera - Informe Litoral\",\"isPartOf\":{\"@id\":\"https:\\\/\\\/informelitoral.com.ar\\\/#website\"},\"primaryImageOfPage\":{\"@id\":\"https:\\\/\\\/informelitoral.com.ar\\\/bordet-inauguro-el-tramo-del-acceso-a-la-aldea-brasilera\\\/#primaryimage\"},\"image\":{\"@id\":\"https:\\\/\\\/informelitoral.com.ar\\\/bordet-inauguro-el-tramo-del-acceso-a-la-aldea-brasilera\\\/#primaryimage\"},\"thumbnailUrl\":\"https:\\\/\\\/informelitoral.com.ar\\\/%77%70%2d%63%6f%6e%74%65%6e%74\\\/uploads\\\/2022\\\/03\\\/BORDET-1.jpg\",\"datePublished\":\"2022-03-21T11:20:47+00:00\",\"dateModified\":\"2022-03-21T20:16:43+00:00\",\"breadcrumb\":{\"@id\":\"https:\\\/\\\/informelitoral.com.ar\\\/bordet-inauguro-el-tramo-del-acceso-a-la-aldea-brasilera\\\/#breadcrumb\"},\"inLanguage\":\"es\",\"potentialAction\":[{\"@type\":\"ReadAction\",\"target\":[\"https:\\\/\\\/informelitoral.com.ar\\\/bordet-inauguro-el-tramo-del-acceso-a-la-aldea-brasilera\\\/\"]}]},{\"@type\":\"ImageObject\",\"inLanguage\":\"es\",\"@id\":\"https:\\\/\\\/informelitoral.com.ar\\\/bordet-inauguro-el-tramo-del-acceso-a-la-aldea-brasilera\\\/#primaryimage\",\"url\":\"https:\\\/\\\/informelitoral.com.ar\\\/%77%70%2d%63%6f%6e%74%65%6e%74\\\/uploads\\\/2022\\\/03\\\/BORDET-1.jpg\",\"contentUrl\":\"https:\\\/\\\/informelitoral.com.ar\\\/%77%70%2d%63%6f%6e%74%65%6e%74\\\/uploads\\\/2022\\\/03\\\/BORDET-1.jpg\",\"width\":1200,\"height\":746},{\"@type\":\"BreadcrumbList\",\"@id\":\"https:\\\/\\\/informelitoral.com.ar\\\/bordet-inauguro-el-tramo-del-acceso-a-la-aldea-brasilera\\\/#breadcrumb\",\"itemListElement\":[{\"@type\":\"ListItem\",\"position\":1,\"name\":\"Portada\",\"item\":\"https:\\\/\\\/informelitoral.com.ar\\\/\"},{\"@type\":\"ListItem\",\"position\":2,\"name\":\"Bordet inaugur\u00f3 el tramo del acceso a la Aldea Brasilera\"}]},{\"@type\":\"WebSite\",\"@id\":\"https:\\\/\\\/informelitoral.com.ar\\\/#website\",\"url\":\"https:\\\/\\\/informelitoral.com.ar\\\/\",\"name\":\"Informe Litoral\",\"description\":\"&quot;Nos informamos&quot; \",\"publisher\":{\"@id\":\"https:\\\/\\\/informelitoral.com.ar\\\/#organization\"},\"potentialAction\":[{\"@type\":\"SearchAction\",\"target\":{\"@type\":\"EntryPoint\",\"urlTemplate\":\"https:\\\/\\\/informelitoral.com.ar\\\/?s={search_term_string}\"},\"query-input\":{\"@type\":\"PropertyValueSpecification\",\"valueRequired\":true,\"valueName\":\"search_term_string\"}}],\"inLanguage\":\"es\"},{\"@type\":\"Organization\",\"@id\":\"https:\\\/\\\/informelitoral.com.ar\\\/#organization\",\"name\":\"Informe Litoral\",\"url\":\"https:\\\/\\\/informelitoral.com.ar\\\/\",\"logo\":{\"@type\":\"ImageObject\",\"inLanguage\":\"es\",\"@id\":\"https:\\\/\\\/informelitoral.com.ar\\\/#\\\/schema\\\/logo\\\/image\\\/\",\"url\":\"https:\\\/\\\/informelitoral.com.ar\\\/%77%70%2d%63%6f%6e%74%65%6e%74\\\/uploads\\\/2021\\\/01\\\/circulo.png\",\"contentUrl\":\"https:\\\/\\\/informelitoral.com.ar\\\/%77%70%2d%63%6f%6e%74%65%6e%74\\\/uploads\\\/2021\\\/01\\\/circulo.png\",\"width\":723,\"height\":731,\"caption\":\"Informe Litoral\"},\"image\":{\"@id\":\"https:\\\/\\\/informelitoral.com.ar\\\/#\\\/schema\\\/logo\\\/image\\\/\"},\"sameAs\":[\"https:\\\/\\\/www.facebook.com\\\/informelitoral\\\/\",\"https:\\\/\\\/x.com\\\/InformeLitoral\",\"https:\\\/\\\/www.instagram.com\\\/informelitoral\\\/\",\"https:\\\/\\\/www.youtube.com\\\/channel\\\/UCua4Qvz8Icb6MYqhoq9xLXw\"]},{\"@type\":\"Person\",\"@id\":\"https:\\\/\\\/informelitoral.com.ar\\\/#\\\/schema\\\/person\\\/f05f9f461677119578717524b127d6d5\",\"name\":\"Sebastian\",\"image\":{\"@type\":\"ImageObject\",\"inLanguage\":\"es\",\"@id\":\"https:\\\/\\\/secure.gravatar.com\\\/avatar\\\/b71bf7481d447dfb9583c7f2798e7cc64de6efb9067b74633ed8c31059a3bd82?s=96&d=mm&r=g\",\"url\":\"https:\\\/\\\/secure.gravatar.com\\\/avatar\\\/b71bf7481d447dfb9583c7f2798e7cc64de6efb9067b74633ed8c31059a3bd82?s=96&d=mm&r=g\",\"contentUrl\":\"https:\\\/\\\/secure.gravatar.com\\\/avatar\\\/b71bf7481d447dfb9583c7f2798e7cc64de6efb9067b74633ed8c31059a3bd82?s=96&d=mm&r=g\",\"caption\":\"Sebastian\"},\"url\":\"https:\\\/\\\/informelitoral.com.ar\\\/author\\\/sebastian\\\/\"}]}<\/script>","yoast_head_json":{"title":"Bordet inaugur\u00f3 el tramo del acceso a la Aldea Brasilera - Informe Litoral","robots":{"index":"index","follow":"follow","max-snippet":"max-snippet:-1","max-image-preview":"max-image-preview:large","max-video-preview":"max-video-preview:-1"},"canonical":"https:\/\/informelitoral.com.ar\/bordet-inauguro-el-tramo-del-acceso-a-la-aldea-brasilera\/","og_locale":"es_ES","og_type":"article","og_title":"Bordet inaugur\u00f3 el tramo del acceso a la Aldea Brasilera - Informe Litoral","og_description":"El gobernador Gustavo Bordet, encabez\u00f3 el acto por el cual se inaugur\u00f3 el tramo del acceso a Aldea Brasilera. Fue en horas del mediod\u00eda de este s\u00e1bado, donde tambi\u00e9n dialog\u00f3 con docentes y vecinos de la zona.","og_url":"https:\/\/informelitoral.com.ar\/bordet-inauguro-el-tramo-del-acceso-a-la-aldea-brasilera\/","og_site_name":"Informe Litoral","article_publisher":"https:\/\/www.facebook.com\/informelitoral\/","article_published_time":"2022-03-21T11:20:47+00:00","article_modified_time":"2022-03-21T20:16:43+00:00","og_image":[{"width":1200,"height":746,"url":"https:\/\/informelitoral.com.ar\/%77%70%2d%63%6f%6e%74%65%6e%74\/uploads\/2022\/03\/BORDET-1.jpg","type":"image\/jpeg"}],"author":"Sebastian","twitter_card":"summary_large_image","twitter_creator":"@InformeLitoral","twitter_site":"@InformeLitoral","twitter_misc":{"Escrito por":"Sebastian","Tiempo de lectura":"2 minutos"},"schema":{"@context":"https:\/\/schema.org","@graph":[{"@type":"Article","@id":"https:\/\/informelitoral.com.ar\/bordet-inauguro-el-tramo-del-acceso-a-la-aldea-brasilera\/#article","isPartOf":{"@id":"https:\/\/informelitoral.com.ar\/bordet-inauguro-el-tramo-del-acceso-a-la-aldea-brasilera\/"},"author":{"name":"Sebastian","@id":"https:\/\/informelitoral.com.ar\/#\/schema\/person\/f05f9f461677119578717524b127d6d5"},"headline":"Bordet inaugur\u00f3 el tramo del acceso a la Aldea Brasilera","datePublished":"2022-03-21T11:20:47+00:00","dateModified":"2022-03-21T20:16:43+00:00","mainEntityOfPage":{"@id":"https:\/\/informelitoral.com.ar\/bordet-inauguro-el-tramo-del-acceso-a-la-aldea-brasilera\/"},"wordCount":471,"commentCount":0,"publisher":{"@id":"https:\/\/informelitoral.com.ar\/#organization"},"image":{"@id":"https:\/\/informelitoral.com.ar\/bordet-inauguro-el-tramo-del-acceso-a-la-aldea-brasilera\/#primaryimage"},"thumbnailUrl":"https:\/\/informelitoral.com.ar\/%77%70%2d%63%6f%6e%74%65%6e%74\/uploads\/2022\/03\/BORDET-1.jpg","keywords":["Aldea Brasilera","Gustavo Bordet","Inauguraci\u00f3n","Obras"],"articleSection":["Departamento Diamante"],"inLanguage":"es","potentialAction":[{"@type":"CommentAction","name":"Comment","target":["https:\/\/informelitoral.com.ar\/bordet-inauguro-el-tramo-del-acceso-a-la-aldea-brasilera\/#respond"]}]},{"@type":"WebPage","@id":"https:\/\/informelitoral.com.ar\/bordet-inauguro-el-tramo-del-acceso-a-la-aldea-brasilera\/","url":"https:\/\/informelitoral.com.ar\/bordet-inauguro-el-tramo-del-acceso-a-la-aldea-brasilera\/","name":"Bordet inaugur\u00f3 el tramo del acceso a la Aldea Brasilera - Informe Litoral","isPartOf":{"@id":"https:\/\/informelitoral.com.ar\/#website"},"primaryImageOfPage":{"@id":"https:\/\/informelitoral.com.ar\/bordet-inauguro-el-tramo-del-acceso-a-la-aldea-brasilera\/#primaryimage"},"image":{"@id":"https:\/\/informelitoral.com.ar\/bordet-inauguro-el-tramo-del-acceso-a-la-aldea-brasilera\/#primaryimage"},"thumbnailUrl":"https:\/\/informelitoral.com.ar\/%77%70%2d%63%6f%6e%74%65%6e%74\/uploads\/2022\/03\/BORDET-1.jpg","datePublished":"2022-03-21T11:20:47+00:00","dateModified":"2022-03-21T20:16:43+00:00","breadcrumb":{"@id":"https:\/\/informelitoral.com.ar\/bordet-inauguro-el-tramo-del-acceso-a-la-aldea-brasilera\/#breadcrumb"},"inLanguage":"es","potentialAction":[{"@type":"ReadAction","target":["https:\/\/informelitoral.com.ar\/bordet-inauguro-el-tramo-del-acceso-a-la-aldea-brasilera\/"]}]},{"@type":"ImageObject","inLanguage":"es","@id":"https:\/\/informelitoral.com.ar\/bordet-inauguro-el-tramo-del-acceso-a-la-aldea-brasilera\/#primaryimage","url":"https:\/\/informelitoral.com.ar\/%77%70%2d%63%6f%6e%74%65%6e%74\/uploads\/2022\/03\/BORDET-1.jpg","contentUrl":"https:\/\/informelitoral.com.ar\/%77%70%2d%63%6f%6e%74%65%6e%74\/uploads\/2022\/03\/BORDET-1.jpg","width":1200,"height":746},{"@type":"BreadcrumbList","@id":"https:\/\/informelitoral.com.ar\/bordet-inauguro-el-tramo-del-acceso-a-la-aldea-brasilera\/#breadcrumb","itemListElement":[{"@type":"ListItem","position":1,"name":"Portada","item":"https:\/\/informelitoral.com.ar\/"},{"@type":"ListItem","position":2,"name":"Bordet inaugur\u00f3 el tramo del acceso a la Aldea Brasilera"}]},{"@type":"WebSite","@id":"https:\/\/informelitoral.com.ar\/#website","url":"https:\/\/informelitoral.com.ar\/","name":"Informe Litoral","description":"&quot;Nos informamos&quot; ","publisher":{"@id":"https:\/\/informelitoral.com.ar\/#organization"},"potentialAction":[{"@type":"SearchAction","target":{"@type":"EntryPoint","urlTemplate":"https:\/\/informelitoral.com.ar\/?s={search_term_string}"},"query-input":{"@type":"PropertyValueSpecification","valueRequired":true,"valueName":"search_term_string"}}],"inLanguage":"es"},{"@type":"Organization","@id":"https:\/\/informelitoral.com.ar\/#organization","name":"Informe Litoral","url":"https:\/\/informelitoral.com.ar\/","logo":{"@type":"ImageObject","inLanguage":"es","@id":"https:\/\/informelitoral.com.ar\/#\/schema\/logo\/image\/","url":"https:\/\/informelitoral.com.ar\/%77%70%2d%63%6f%6e%74%65%6e%74\/uploads\/2021\/01\/circulo.png","contentUrl":"https:\/\/informelitoral.com.ar\/%77%70%2d%63%6f%6e%74%65%6e%74\/uploads\/2021\/01\/circulo.png","width":723,"height":731,"caption":"Informe Litoral"},"image":{"@id":"https:\/\/informelitoral.com.ar\/#\/schema\/logo\/image\/"},"sameAs":["https:\/\/www.facebook.com\/informelitoral\/","https:\/\/x.com\/InformeLitoral","https:\/\/www.instagram.com\/informelitoral\/","https:\/\/www.youtube.com\/channel\/UCua4Qvz8Icb6MYqhoq9xLXw"]},{"@type":"Person","@id":"https:\/\/informelitoral.com.ar\/#\/schema\/person\/f05f9f461677119578717524b127d6d5","name":"Sebastian","image":{"@type":"ImageObject","inLanguage":"es","@id":"https:\/\/secure.gravatar.com\/avatar\/b71bf7481d447dfb9583c7f2798e7cc64de6efb9067b74633ed8c31059a3bd82?s=96&d=mm&r=g","url":"https:\/\/secure.gravatar.com\/avatar\/b71bf7481d447dfb9583c7f2798e7cc64de6efb9067b74633ed8c31059a3bd82?s=96&d=mm&r=g","contentUrl":"https:\/\/secure.gravatar.com\/avatar\/b71bf7481d447dfb9583c7f2798e7cc64de6efb9067b74633ed8c31059a3bd82?s=96&d=mm&r=g","caption":"Sebastian"},"url":"https:\/\/informelitoral.com.ar\/author\/sebastian\/"}]}},"_links":{"self":[{"href":"https:\/\/informelitoral.com.ar\/%77%70%2d%6a%73%6f%6e\/wp\/v2\/posts\/73740","targetHints":{"allow":["GET"]}}],"collection":[{"href":"https:\/\/informelitoral.com.ar\/%77%70%2d%6a%73%6f%6e\/wp\/v2\/posts"}],"about":[{"href":"https:\/\/informelitoral.com.ar\/%77%70%2d%6a%73%6f%6e\/wp\/v2\/types\/post"}],"author":[{"embeddable":true,"href":"https:\/\/informelitoral.com.ar\/%77%70%2d%6a%73%6f%6e\/wp\/v2\/users\/8"}],"replies":[{"embeddable":true,"href":"https:\/\/informelitoral.com.ar\/%77%70%2d%6a%73%6f%6e\/wp\/v2\/comments?post=73740"}],"version-history":[{"count":0,"href":"https:\/\/informelitoral.com.ar\/%77%70%2d%6a%73%6f%6e\/wp\/v2\/posts\/73740\/revisions"}],"wp:featuredmedia":[{"embeddable":true,"href":"https:\/\/informelitoral.com.ar\/%77%70%2d%6a%73%6f%6e\/wp\/v2\/media\/73741"}],"wp:attachment":[{"href":"https:\/\/informelitoral.com.ar\/%77%70%2d%6a%73%6f%6e\/wp\/v2\/media?parent=73740"}],"wp:term":[{"taxonomy":"category","embeddable":true,"href":"https:\/\/informelitoral.com.ar\/%77%70%2d%6a%73%6f%6e\/wp\/v2\/categories?post=73740"},{"taxonomy":"post_tag","embeddable":true,"href":"https:\/\/informelitoral.com.ar\/%77%70%2d%6a%73%6f%6e\/wp\/v2\/tags?post=73740"}],"curies":[{"name":"wp","href":"https:\/\/api.w.org\/{rel}","templated":true}]}}