{"id":7371,"date":"2014-07-07T09:12:56","date_gmt":"2014-07-07T12:12:56","guid":{"rendered":"http:\/\/www.isletasnoticias.com.ar\/?p=7371"},"modified":"2014-07-07T09:12:56","modified_gmt":"2014-07-07T12:12:56","slug":"hay-1-700-personas-evacuadas-en-concordia","status":"publish","type":"post","link":"https:\/\/informelitoral.com.ar\/hay-1-700-personas-evacuadas-en-concordia\/","title":{"rendered":"Hay 1.700 personas evacuadas en Concordia"},"content":{"rendered":"<p><strong><span style=\"color: #000000;\">Defensa Civil inform\u00f3 este domingo por la noche que hay 300 familias autoevacuadas y 182 en alojadas en los refugios. Urribarri pidi\u00f3 \u201credoblar esfuerzos\u201d para atender las consecuencias de la creciente.<a href=\"http:\/\/www.isletasnoticias.com.ar\/%77%70%2d%63%6f%6e%74%65%6e%74\/uploads\/2014\/07\/fotos_aereas_concordia_3.jpg_2069580699.jpg\"><img loading=\"lazy\" decoding=\"async\" class=\"aligncenter wp-image-7372\" src=\"http:\/\/www.isletasnoticias.com.ar\/%77%70%2d%63%6f%6e%74%65%6e%74\/uploads\/2014\/07\/fotos_aereas_concordia_3.jpg_2069580699-300x199.jpg\" alt=\"fotos_aereas_concordia_3.jpg_2069580699\" width=\"500\" height=\"333\" srcset=\"https:\/\/informelitoral.com.ar\/%77%70%2d%63%6f%6e%74%65%6e%74\/uploads\/2014\/07\/fotos_aereas_concordia_3.jpg_2069580699-300x199.jpg 300w, https:\/\/informelitoral.com.ar\/%77%70%2d%63%6f%6e%74%65%6e%74\/uploads\/2014\/07\/fotos_aereas_concordia_3.jpg_2069580699.jpg 761w\" sizes=\"auto, (max-width: 500px) 100vw, 500px\" \/><\/a><\/span><\/strong><\/p>\n<p class=\"first\" style=\"color: #535353;\">Las familias evacuadas en Concordia por la crecida del r\u00edo Uruguay ascend\u00edan este domingo a la noche de 482, o 1.700 personas. El r\u00edo hab\u00eda aumentado 15 cent\u00edmetros para alcanzar por la tarde la marca de 13,60 metros en el puerto de esa ciudad.<\/p>\n<p style=\"color: #535353;\">La Junta Municipal de Defensa Civil se\u00f1al\u00f3 en un informe difundido por la noche que del total de familias evacuadas, 182 se encuentran en los distintos refugios de la red de centros de evacuados, mientras que las 300 restantes se autoevacuaron.<\/p>\n<p style=\"color: #535353;\">En ese sentido, el intendente local, <strong>Gustavo Bordet<\/strong>, indic\u00f3: \u00abEstamos lejos de las 1.200 familias asistidas en 2009, gracias al traslado de m\u00e1s de 400 familias que anteriormente viv\u00edan en zonas inundables\u00bb.<\/p>\n<p style=\"color: #535353;\">M\u00e1s temprano se hab\u00eda conocido la cifra de m\u00e1s de 800 familias evacuadas, pero el intendente sali\u00f3 a aclarar que en realidad eran m\u00e1s de 300. M\u00e1s tarde la cifra oficial se elev\u00f3.<\/p>\n<p style=\"color: #535353;\">El r\u00edo Uruguay alcanz\u00f3 los 13,60 metros de altura en Concordia, 15 cent\u00edmetros m\u00e1s que el s\u00e1bado, y contin\u00faa en estado de evacuaci\u00f3n, inform\u00f3 la agencia T\u00e9lam y reprodujo <em>UNO.\u00a0<\/em><\/p>\n<p style=\"color: #535353;\">El \u00e1rea de Hidrolog\u00eda de la Comisi\u00f3n T\u00e9cnica Mixta de Salto Grande detall\u00f3 que las compuertas del embalse \u00abliberan un promedio de 24.000 metros c\u00fabicos de agua por segundo\u00bb, tras recibir el cauce de las \u00abprecipitaciones que afectaron a ciudades del noreste entrerriano, como Federaci\u00f3n, en donde cayeron m\u00e1s de 100 mil\u00edmetros\u00bb.<\/p>\n<p style=\"color: #535353;\">Explicaron que pese a que esto producir\u00e1 que la altura de los r\u00edos siga creciendo en las pr\u00f3ximas horas, \u00abno superar\u00e1 los 14 metros en el puerto de Concordia\u00bb.<\/p>\n<p style=\"color: #535353;\">En Concepci\u00f3n del Uruguay el r\u00edo registr\u00f3 este domingo una altura de 6,16 metros -0,20 m\u00e1s que ayer- y contin\u00faa en estado de alerta, por lo que preventivamente se evacuaron m\u00e1s de 50 familias.<\/p>\n<p style=\"color: #535353;\">En tanto, el puerto de Col\u00f3n marc\u00f3 hoy 7,97 metros, 7 cent\u00edmetros m\u00e1s que ayer e ingres\u00f3 al estado de alerta, por lo que el municipio de la ciudad comenz\u00f3 el traslado de las familias de distintos barrios aleda\u00f1os al r\u00edo.<\/p>\n<p style=\"color: #535353;\">El intendente de esa localidad, Mariano Rebord, indic\u00f3 que realizar\u00e1n el traslado de las familias en condiciones de extrema vulnerabilidad.<\/p>\n<p style=\"color: #535353;\">El gobernador de la provincia de Entre R\u00edos, Sergio Urribarri, se encuentra en Concordia trabajando en las medidas de evacuaci\u00f3n y prevenci\u00f3n.<\/p>\n<p style=\"color: #535353;\">Desde all\u00ed asegur\u00f3 que \u00abdebemos redoblar esfuerzos para que atender de la mejor forma posible a las familias que sufren las consecuencias de la creciente\u00bb.<\/p>\n<p style=\"color: #535353;\"><strong>Urribarri pidi\u00f3 \u201credoblar esfuerzos\u201d<\/strong><\/p>\n<p style=\"color: #535353;\">Una nueva reuni\u00f3n de la Junta de Defensa Civil, encabezada por el gobernador se realiz\u00f3 este domingo por la ma\u00f1ana en Concordia para evaluar la situaci\u00f3n de la creciente, teniendo en cuenta las intensas precipitaciones que se han estado registrando en las \u00faltimas horas sobre las cuencas altas. El mandatario pidi\u00f3 \u201credoblar esfuerzos para que atender de la mejor forma posible a las familias que sufren las consecuencias de la creciente\u201d.<\/p>\n<p style=\"color: #535353;\">Durante el encuentro, los responsables de cada \u00e1rea dieron un panorama de situaci\u00f3n: operativo de evacuaciones y refugios, asistencia alimentaria, controles m\u00e9dicos. Se consign\u00f3 que el protocolo de actuaci\u00f3n est\u00e1 funcionando correctamente.<\/p>\n<p style=\"color: #535353;\">De acuerdo al \u00faltimo parte de Hidrolog\u00eda de la Comisi\u00f3n Mixta de Salto Grande, el aporte en las \u00faltimas 24 horas fue de 32,062 m3\/s; evacuado a las 8, 22,943 m3\/s y el nivel del embalse a las 8, fue de 32,19 metros.<\/p>\n<p style=\"color: #535353;\">Seg\u00fan se inform\u00f3, se han producido intensas precipitaciones en la cuenca media e inmediata de aporte al embalse de Salto Grande. Las mismas han incrementado los caudales de ingreso, que el s\u00e1bado fueron de 32,000 m3\/s, por lo que ha sido consecuentemente necesario aumentar el caudal evacuado por la presa a 24,000 m3\/s.<\/p>\n<p style=\"color: #535353;\">Con esta maniobra el nivel en los puertos de Salto y Concordia seguir\u00e1 increment\u00e1ndose sin superar los 14 metros (escala Concordia). De acuerdo a estos \u00faltimos datos, se dispuso evacuar hasta cota 14, habilitar otras dependencias en las instalaciones del Regimiento para alojar a m\u00e1s familias y se mantiene la decisi\u00f3n de no utilizar las escuelas como centros de evacuados.<\/p>\n<p style=\"color: #535353;\">Se inform\u00f3 adem\u00e1s la Defensa Sur est\u00e1 funcionando bien y con seis bombas habilitadas.<\/p>\n<p style=\"color: #535353;\">Participaron del encuentro, el intendente de Concordia, Gustavo Bordet; el vice intendente, Alejandro Casa\u00f1as; el senador provincial, Enrique Cresto; el delegado de la Comisi\u00f3n T\u00e9cnica Mixta de Salto Grande, N\u00e9stor Berterame y t\u00e9cnicos del Departamento de Hidrolog\u00eda de la Comisi\u00f3n T\u00e9cnica Mixta.<\/p>\n","protected":false},"excerpt":{"rendered":"<p>Defensa Civil inform&oacute; este domingo por la noche que hay 300 familias autoevacuadas y 182 en alojadas en los refugios. Urribarri pidi&oacute; &ldquo;redoblar esfuerzos&rdquo; para atender las consecuencias de la creciente. Las familias evacuadas en Concordia por la crecida del r&iacute;o Uruguay ascend&iacute;an este domingo a la noche de 482, o 1.700 personas. El r&iacute;o [&hellip;]<\/p>\n","protected":false},"author":2,"featured_media":0,"comment_status":"open","ping_status":"open","sticky":false,"template":"","format":"standard","meta":{"fifu_image_url":"","fifu_image_alt":"","footnotes":""},"categories":[6],"tags":[],"class_list":{"0":"post-7371","1":"post","2":"type-post","3":"status-publish","4":"format-standard","6":"category-entre-rios"},"yoast_head":"<title>Hay 1.700 personas evacuadas en Concordia - Informe Litoral<\/title>\n<meta name=\"robots\" content=\"index, follow, max-snippet:-1, max-image-preview:large, max-video-preview:-1\" \/>\n<link rel=\"canonical\" href=\"https:\/\/informelitoral.com.ar\/hay-1-700-personas-evacuadas-en-concordia\/\" \/>\n<meta property=\"og:locale\" content=\"es_ES\" \/>\n<meta property=\"og:type\" content=\"article\" \/>\n<meta property=\"og:title\" content=\"Hay 1.700 personas evacuadas en Concordia - Informe Litoral\" \/>\n<meta property=\"og:description\" content=\"Defensa Civil inform&oacute; este domingo por la noche que hay 300 familias autoevacuadas y 182 en alojadas en los refugios. Urribarri pidi&oacute; &ldquo;redoblar esfuerzos&rdquo; para atender las consecuencias de la creciente. Las familias evacuadas en Concordia por la crecida del r&iacute;o Uruguay ascend&iacute;an este domingo a la noche de 482, o 1.700 personas. El r&iacute;o [&hellip;]\" \/>\n<meta property=\"og:url\" content=\"https:\/\/informelitoral.com.ar\/hay-1-700-personas-evacuadas-en-concordia\/\" \/>\n<meta property=\"og:site_name\" content=\"Informe Litoral\" \/>\n<meta property=\"article:publisher\" content=\"https:\/\/www.facebook.com\/informelitoral\/\" \/>\n<meta property=\"article:published_time\" content=\"2014-07-07T12:12:56+00:00\" \/>\n<meta property=\"og:image\" content=\"https:\/\/informelitoral.com.ar\/%77%70%2d%63%6f%6e%74%65%6e%74\/uploads\/2014\/07\/fotos_aereas_concordia_3.jpg_2069580699.jpg\" \/>\n\t<meta property=\"og:image:width\" content=\"761\" \/>\n\t<meta property=\"og:image:height\" content=\"507\" \/>\n\t<meta property=\"og:image:type\" content=\"image\/jpeg\" \/>\n<meta name=\"author\" content=\"Gonzalo Schmidt\" \/>\n<meta name=\"twitter:card\" content=\"summary_large_image\" \/>\n<meta name=\"twitter:creator\" content=\"@InformeLitoral\" \/>\n<meta name=\"twitter:site\" content=\"@InformeLitoral\" \/>\n<meta name=\"twitter:label1\" content=\"Escrito por\" \/>\n\t<meta name=\"twitter:data1\" content=\"Gonzalo Schmidt\" \/>\n\t<meta name=\"twitter:label2\" content=\"Tiempo de lectura\" \/>\n\t<meta name=\"twitter:data2\" content=\"4 minutos\" \/>\n<script type=\"application\/ld+json\" class=\"yoast-schema-graph\">{\"@context\":\"https:\\\/\\\/schema.org\",\"@graph\":[{\"@type\":\"Article\",\"@id\":\"https:\\\/\\\/informelitoral.com.ar\\\/hay-1-700-personas-evacuadas-en-concordia\\\/#article\",\"isPartOf\":{\"@id\":\"https:\\\/\\\/informelitoral.com.ar\\\/hay-1-700-personas-evacuadas-en-concordia\\\/\"},\"author\":{\"name\":\"Gonzalo Schmidt\",\"@id\":\"https:\\\/\\\/informelitoral.com.ar\\\/#\\\/schema\\\/person\\\/b9d00407c836482871ef1d57bf8e3180\"},\"headline\":\"Hay 1.700 personas evacuadas en Concordia\",\"datePublished\":\"2014-07-07T12:12:56+00:00\",\"mainEntityOfPage\":{\"@id\":\"https:\\\/\\\/informelitoral.com.ar\\\/hay-1-700-personas-evacuadas-en-concordia\\\/\"},\"wordCount\":795,\"commentCount\":0,\"publisher\":{\"@id\":\"https:\\\/\\\/informelitoral.com.ar\\\/#organization\"},\"image\":{\"@id\":\"https:\\\/\\\/informelitoral.com.ar\\\/hay-1-700-personas-evacuadas-en-concordia\\\/#primaryimage\"},\"thumbnailUrl\":\"http:\\\/\\\/www.isletasnoticias.com.ar\\\/%77%70%2d%63%6f%6e%74%65%6e%74\\\/uploads\\\/2014\\\/07\\\/fotos_aereas_concordia_3.jpg_2069580699-300x199.jpg\",\"articleSection\":[\"Entre R\u00edos\"],\"inLanguage\":\"es\",\"potentialAction\":[{\"@type\":\"CommentAction\",\"name\":\"Comment\",\"target\":[\"https:\\\/\\\/informelitoral.com.ar\\\/hay-1-700-personas-evacuadas-en-concordia\\\/#respond\"]}]},{\"@type\":\"WebPage\",\"@id\":\"https:\\\/\\\/informelitoral.com.ar\\\/hay-1-700-personas-evacuadas-en-concordia\\\/\",\"url\":\"https:\\\/\\\/informelitoral.com.ar\\\/hay-1-700-personas-evacuadas-en-concordia\\\/\",\"name\":\"Hay 1.700 personas evacuadas en Concordia - Informe Litoral\",\"isPartOf\":{\"@id\":\"https:\\\/\\\/informelitoral.com.ar\\\/#website\"},\"primaryImageOfPage\":{\"@id\":\"https:\\\/\\\/informelitoral.com.ar\\\/hay-1-700-personas-evacuadas-en-concordia\\\/#primaryimage\"},\"image\":{\"@id\":\"https:\\\/\\\/informelitoral.com.ar\\\/hay-1-700-personas-evacuadas-en-concordia\\\/#primaryimage\"},\"thumbnailUrl\":\"http:\\\/\\\/www.isletasnoticias.com.ar\\\/%77%70%2d%63%6f%6e%74%65%6e%74\\\/uploads\\\/2014\\\/07\\\/fotos_aereas_concordia_3.jpg_2069580699-300x199.jpg\",\"datePublished\":\"2014-07-07T12:12:56+00:00\",\"breadcrumb\":{\"@id\":\"https:\\\/\\\/informelitoral.com.ar\\\/hay-1-700-personas-evacuadas-en-concordia\\\/#breadcrumb\"},\"inLanguage\":\"es\",\"potentialAction\":[{\"@type\":\"ReadAction\",\"target\":[\"https:\\\/\\\/informelitoral.com.ar\\\/hay-1-700-personas-evacuadas-en-concordia\\\/\"]}]},{\"@type\":\"ImageObject\",\"inLanguage\":\"es\",\"@id\":\"https:\\\/\\\/informelitoral.com.ar\\\/hay-1-700-personas-evacuadas-en-concordia\\\/#primaryimage\",\"url\":\"http:\\\/\\\/www.isletasnoticias.com.ar\\\/%77%70%2d%63%6f%6e%74%65%6e%74\\\/uploads\\\/2014\\\/07\\\/fotos_aereas_concordia_3.jpg_2069580699-300x199.jpg\",\"contentUrl\":\"http:\\\/\\\/www.isletasnoticias.com.ar\\\/%77%70%2d%63%6f%6e%74%65%6e%74\\\/uploads\\\/2014\\\/07\\\/fotos_aereas_concordia_3.jpg_2069580699-300x199.jpg\"},{\"@type\":\"BreadcrumbList\",\"@id\":\"https:\\\/\\\/informelitoral.com.ar\\\/hay-1-700-personas-evacuadas-en-concordia\\\/#breadcrumb\",\"itemListElement\":[{\"@type\":\"ListItem\",\"position\":1,\"name\":\"Portada\",\"item\":\"https:\\\/\\\/informelitoral.com.ar\\\/\"},{\"@type\":\"ListItem\",\"position\":2,\"name\":\"Hay 1.700 personas evacuadas en Concordia\"}]},{\"@type\":\"WebSite\",\"@id\":\"https:\\\/\\\/informelitoral.com.ar\\\/#website\",\"url\":\"https:\\\/\\\/informelitoral.com.ar\\\/\",\"name\":\"Informe Litoral\",\"description\":\"&quot;Nos informamos&quot; \",\"publisher\":{\"@id\":\"https:\\\/\\\/informelitoral.com.ar\\\/#organization\"},\"potentialAction\":[{\"@type\":\"SearchAction\",\"target\":{\"@type\":\"EntryPoint\",\"urlTemplate\":\"https:\\\/\\\/informelitoral.com.ar\\\/?s={search_term_string}\"},\"query-input\":{\"@type\":\"PropertyValueSpecification\",\"valueRequired\":true,\"valueName\":\"search_term_string\"}}],\"inLanguage\":\"es\"},{\"@type\":\"Organization\",\"@id\":\"https:\\\/\\\/informelitoral.com.ar\\\/#organization\",\"name\":\"Informe Litoral\",\"url\":\"https:\\\/\\\/informelitoral.com.ar\\\/\",\"logo\":{\"@type\":\"ImageObject\",\"inLanguage\":\"es\",\"@id\":\"https:\\\/\\\/informelitoral.com.ar\\\/#\\\/schema\\\/logo\\\/image\\\/\",\"url\":\"https:\\\/\\\/informelitoral.com.ar\\\/%77%70%2d%63%6f%6e%74%65%6e%74\\\/uploads\\\/2021\\\/01\\\/circulo.png\",\"contentUrl\":\"https:\\\/\\\/informelitoral.com.ar\\\/%77%70%2d%63%6f%6e%74%65%6e%74\\\/uploads\\\/2021\\\/01\\\/circulo.png\",\"width\":723,\"height\":731,\"caption\":\"Informe Litoral\"},\"image\":{\"@id\":\"https:\\\/\\\/informelitoral.com.ar\\\/#\\\/schema\\\/logo\\\/image\\\/\"},\"sameAs\":[\"https:\\\/\\\/www.facebook.com\\\/informelitoral\\\/\",\"https:\\\/\\\/x.com\\\/InformeLitoral\",\"https:\\\/\\\/www.instagram.com\\\/informelitoral\\\/\",\"https:\\\/\\\/www.youtube.com\\\/channel\\\/UCua4Qvz8Icb6MYqhoq9xLXw\"]},{\"@type\":\"Person\",\"@id\":\"https:\\\/\\\/informelitoral.com.ar\\\/#\\\/schema\\\/person\\\/b9d00407c836482871ef1d57bf8e3180\",\"name\":\"Gonzalo Schmidt\",\"image\":{\"@type\":\"ImageObject\",\"inLanguage\":\"es\",\"@id\":\"https:\\\/\\\/secure.gravatar.com\\\/avatar\\\/31a1a7b66ff2de83bd0e9fd79d026630d2d99e55e8bfe501287647b4fd9743de?s=96&d=mm&r=g\",\"url\":\"https:\\\/\\\/secure.gravatar.com\\\/avatar\\\/31a1a7b66ff2de83bd0e9fd79d026630d2d99e55e8bfe501287647b4fd9743de?s=96&d=mm&r=g\",\"contentUrl\":\"https:\\\/\\\/secure.gravatar.com\\\/avatar\\\/31a1a7b66ff2de83bd0e9fd79d026630d2d99e55e8bfe501287647b4fd9743de?s=96&d=mm&r=g\",\"caption\":\"Gonzalo Schmidt\"},\"description\":\"Sitio web de noticias de la provincia de Entre R\u00edos, Argentina. Informaci\u00f3n y entretenimiento. Informe Litoral, nos informamos.\",\"sameAs\":[\"http:\\\/\\\/www.isletasnoticias.com.ar\"],\"url\":\"https:\\\/\\\/informelitoral.com.ar\\\/author\\\/gonzalo\\\/\"}]}<\/script>","yoast_head_json":{"title":"Hay 1.700 personas evacuadas en Concordia - Informe Litoral","robots":{"index":"index","follow":"follow","max-snippet":"max-snippet:-1","max-image-preview":"max-image-preview:large","max-video-preview":"max-video-preview:-1"},"canonical":"https:\/\/informelitoral.com.ar\/hay-1-700-personas-evacuadas-en-concordia\/","og_locale":"es_ES","og_type":"article","og_title":"Hay 1.700 personas evacuadas en Concordia - Informe Litoral","og_description":"Defensa Civil inform&oacute; este domingo por la noche que hay 300 familias autoevacuadas y 182 en alojadas en los refugios. Urribarri pidi&oacute; &ldquo;redoblar esfuerzos&rdquo; para atender las consecuencias de la creciente. Las familias evacuadas en Concordia por la crecida del r&iacute;o Uruguay ascend&iacute;an este domingo a la noche de 482, o 1.700 personas. El r&iacute;o [&hellip;]","og_url":"https:\/\/informelitoral.com.ar\/hay-1-700-personas-evacuadas-en-concordia\/","og_site_name":"Informe Litoral","article_publisher":"https:\/\/www.facebook.com\/informelitoral\/","article_published_time":"2014-07-07T12:12:56+00:00","og_image":[{"width":761,"height":507,"url":"https:\/\/informelitoral.com.ar\/%77%70%2d%63%6f%6e%74%65%6e%74\/uploads\/2014\/07\/fotos_aereas_concordia_3.jpg_2069580699.jpg","type":"image\/jpeg"}],"author":"Gonzalo Schmidt","twitter_card":"summary_large_image","twitter_creator":"@InformeLitoral","twitter_site":"@InformeLitoral","twitter_misc":{"Escrito por":"Gonzalo Schmidt","Tiempo de lectura":"4 minutos"},"schema":{"@context":"https:\/\/schema.org","@graph":[{"@type":"Article","@id":"https:\/\/informelitoral.com.ar\/hay-1-700-personas-evacuadas-en-concordia\/#article","isPartOf":{"@id":"https:\/\/informelitoral.com.ar\/hay-1-700-personas-evacuadas-en-concordia\/"},"author":{"name":"Gonzalo Schmidt","@id":"https:\/\/informelitoral.com.ar\/#\/schema\/person\/b9d00407c836482871ef1d57bf8e3180"},"headline":"Hay 1.700 personas evacuadas en Concordia","datePublished":"2014-07-07T12:12:56+00:00","mainEntityOfPage":{"@id":"https:\/\/informelitoral.com.ar\/hay-1-700-personas-evacuadas-en-concordia\/"},"wordCount":795,"commentCount":0,"publisher":{"@id":"https:\/\/informelitoral.com.ar\/#organization"},"image":{"@id":"https:\/\/informelitoral.com.ar\/hay-1-700-personas-evacuadas-en-concordia\/#primaryimage"},"thumbnailUrl":"http:\/\/www.isletasnoticias.com.ar\/%77%70%2d%63%6f%6e%74%65%6e%74\/uploads\/2014\/07\/fotos_aereas_concordia_3.jpg_2069580699-300x199.jpg","articleSection":["Entre R\u00edos"],"inLanguage":"es","potentialAction":[{"@type":"CommentAction","name":"Comment","target":["https:\/\/informelitoral.com.ar\/hay-1-700-personas-evacuadas-en-concordia\/#respond"]}]},{"@type":"WebPage","@id":"https:\/\/informelitoral.com.ar\/hay-1-700-personas-evacuadas-en-concordia\/","url":"https:\/\/informelitoral.com.ar\/hay-1-700-personas-evacuadas-en-concordia\/","name":"Hay 1.700 personas evacuadas en Concordia - Informe Litoral","isPartOf":{"@id":"https:\/\/informelitoral.com.ar\/#website"},"primaryImageOfPage":{"@id":"https:\/\/informelitoral.com.ar\/hay-1-700-personas-evacuadas-en-concordia\/#primaryimage"},"image":{"@id":"https:\/\/informelitoral.com.ar\/hay-1-700-personas-evacuadas-en-concordia\/#primaryimage"},"thumbnailUrl":"http:\/\/www.isletasnoticias.com.ar\/%77%70%2d%63%6f%6e%74%65%6e%74\/uploads\/2014\/07\/fotos_aereas_concordia_3.jpg_2069580699-300x199.jpg","datePublished":"2014-07-07T12:12:56+00:00","breadcrumb":{"@id":"https:\/\/informelitoral.com.ar\/hay-1-700-personas-evacuadas-en-concordia\/#breadcrumb"},"inLanguage":"es","potentialAction":[{"@type":"ReadAction","target":["https:\/\/informelitoral.com.ar\/hay-1-700-personas-evacuadas-en-concordia\/"]}]},{"@type":"ImageObject","inLanguage":"es","@id":"https:\/\/informelitoral.com.ar\/hay-1-700-personas-evacuadas-en-concordia\/#primaryimage","url":"http:\/\/www.isletasnoticias.com.ar\/%77%70%2d%63%6f%6e%74%65%6e%74\/uploads\/2014\/07\/fotos_aereas_concordia_3.jpg_2069580699-300x199.jpg","contentUrl":"http:\/\/www.isletasnoticias.com.ar\/%77%70%2d%63%6f%6e%74%65%6e%74\/uploads\/2014\/07\/fotos_aereas_concordia_3.jpg_2069580699-300x199.jpg"},{"@type":"BreadcrumbList","@id":"https:\/\/informelitoral.com.ar\/hay-1-700-personas-evacuadas-en-concordia\/#breadcrumb","itemListElement":[{"@type":"ListItem","position":1,"name":"Portada","item":"https:\/\/informelitoral.com.ar\/"},{"@type":"ListItem","position":2,"name":"Hay 1.700 personas evacuadas en Concordia"}]},{"@type":"WebSite","@id":"https:\/\/informelitoral.com.ar\/#website","url":"https:\/\/informelitoral.com.ar\/","name":"Informe Litoral","description":"&quot;Nos informamos&quot; ","publisher":{"@id":"https:\/\/informelitoral.com.ar\/#organization"},"potentialAction":[{"@type":"SearchAction","target":{"@type":"EntryPoint","urlTemplate":"https:\/\/informelitoral.com.ar\/?s={search_term_string}"},"query-input":{"@type":"PropertyValueSpecification","valueRequired":true,"valueName":"search_term_string"}}],"inLanguage":"es"},{"@type":"Organization","@id":"https:\/\/informelitoral.com.ar\/#organization","name":"Informe Litoral","url":"https:\/\/informelitoral.com.ar\/","logo":{"@type":"ImageObject","inLanguage":"es","@id":"https:\/\/informelitoral.com.ar\/#\/schema\/logo\/image\/","url":"https:\/\/informelitoral.com.ar\/%77%70%2d%63%6f%6e%74%65%6e%74\/uploads\/2021\/01\/circulo.png","contentUrl":"https:\/\/informelitoral.com.ar\/%77%70%2d%63%6f%6e%74%65%6e%74\/uploads\/2021\/01\/circulo.png","width":723,"height":731,"caption":"Informe Litoral"},"image":{"@id":"https:\/\/informelitoral.com.ar\/#\/schema\/logo\/image\/"},"sameAs":["https:\/\/www.facebook.com\/informelitoral\/","https:\/\/x.com\/InformeLitoral","https:\/\/www.instagram.com\/informelitoral\/","https:\/\/www.youtube.com\/channel\/UCua4Qvz8Icb6MYqhoq9xLXw"]},{"@type":"Person","@id":"https:\/\/informelitoral.com.ar\/#\/schema\/person\/b9d00407c836482871ef1d57bf8e3180","name":"Gonzalo Schmidt","image":{"@type":"ImageObject","inLanguage":"es","@id":"https:\/\/secure.gravatar.com\/avatar\/31a1a7b66ff2de83bd0e9fd79d026630d2d99e55e8bfe501287647b4fd9743de?s=96&d=mm&r=g","url":"https:\/\/secure.gravatar.com\/avatar\/31a1a7b66ff2de83bd0e9fd79d026630d2d99e55e8bfe501287647b4fd9743de?s=96&d=mm&r=g","contentUrl":"https:\/\/secure.gravatar.com\/avatar\/31a1a7b66ff2de83bd0e9fd79d026630d2d99e55e8bfe501287647b4fd9743de?s=96&d=mm&r=g","caption":"Gonzalo Schmidt"},"description":"Sitio web de noticias de la provincia de Entre R\u00edos, Argentina. Informaci\u00f3n y entretenimiento. Informe Litoral, nos informamos.","sameAs":["http:\/\/www.isletasnoticias.com.ar"],"url":"https:\/\/informelitoral.com.ar\/author\/gonzalo\/"}]}},"_links":{"self":[{"href":"https:\/\/informelitoral.com.ar\/%77%70%2d%6a%73%6f%6e\/wp\/v2\/posts\/7371","targetHints":{"allow":["GET"]}}],"collection":[{"href":"https:\/\/informelitoral.com.ar\/%77%70%2d%6a%73%6f%6e\/wp\/v2\/posts"}],"about":[{"href":"https:\/\/informelitoral.com.ar\/%77%70%2d%6a%73%6f%6e\/wp\/v2\/types\/post"}],"author":[{"embeddable":true,"href":"https:\/\/informelitoral.com.ar\/%77%70%2d%6a%73%6f%6e\/wp\/v2\/users\/2"}],"replies":[{"embeddable":true,"href":"https:\/\/informelitoral.com.ar\/%77%70%2d%6a%73%6f%6e\/wp\/v2\/comments?post=7371"}],"version-history":[{"count":0,"href":"https:\/\/informelitoral.com.ar\/%77%70%2d%6a%73%6f%6e\/wp\/v2\/posts\/7371\/revisions"}],"wp:attachment":[{"href":"https:\/\/informelitoral.com.ar\/%77%70%2d%6a%73%6f%6e\/wp\/v2\/media?parent=7371"}],"wp:term":[{"taxonomy":"category","embeddable":true,"href":"https:\/\/informelitoral.com.ar\/%77%70%2d%6a%73%6f%6e\/wp\/v2\/categories?post=7371"},{"taxonomy":"post_tag","embeddable":true,"href":"https:\/\/informelitoral.com.ar\/%77%70%2d%6a%73%6f%6e\/wp\/v2\/tags?post=7371"}],"curies":[{"name":"wp","href":"https:\/\/api.w.org\/{rel}","templated":true}]}}