{"id":73677,"date":"2022-03-18T17:34:31","date_gmt":"2022-03-18T20:34:31","guid":{"rendered":"https:\/\/www.informelitoral.com.ar\/?p=73677"},"modified":"2022-03-18T17:34:31","modified_gmt":"2022-03-18T20:34:31","slug":"bordet-resalto-la-decision-de-generar-obras-y-politicas-publicas-para-afianzar-el-desarrollo-turistico","status":"publish","type":"post","link":"https:\/\/informelitoral.com.ar\/bordet-resalto-la-decision-de-generar-obras-y-politicas-publicas-para-afianzar-el-desarrollo-turistico\/","title":{"rendered":"Bordet resalt\u00f3 la decisi\u00f3n de generar obras y pol\u00edticas p\u00fablicas para afianzar el desarrollo tur\u00edstico"},"content":{"rendered":"<p>As\u00ed lo manifest\u00f3 el mandatario en la apertura de sobres de la licitaci\u00f3n del Portal de Interpretaci\u00f3n con Informaci\u00f3n Tur\u00edstica \u201cPobladores y Paisajes Entrerrianos\u201d, de Victoria, que se realiz\u00f3 este viernes en el Sal\u00f3n Tiro Federal de la ciudad, el cual se ubicar\u00e1 en la intersecci\u00f3n rotatoria de la ruta provincial 11 y conexi\u00f3n Rosario-Victoria, ruta nacional 174.<\/p>\n<p>En la oportunidad, el mandatario dijo que \u00abse est\u00e1 dando comienzo al proceso de construcci\u00f3n de este centro de interpretaci\u00f3n, que se decidi\u00f3 realizar en Victoria porque tiene todas las caracter\u00edsticas de una ciudad donde el turismo viene avanzando de manera muy intensa\u00bb.<\/p>\n<p>En ese marco, entendi\u00f3 que \u00abgenerar obras y pol\u00edticas p\u00fablicas que propendan a afianzar el desarrollo tur\u00edstico que la ciudad y la regi\u00f3n tienen, es un cometido com\u00fan que todos llevamos adelante\u00bb. Dicho esto, el mandatario felicit\u00f3 a los prestadores tur\u00edsticos de Victoria \u00abpor el gran esfuerzo que han puesto durante todo este tiempo para poder realizar las inversiones que hoy la ciudad tiene\u00bb.<\/p>\n<p>Dijo que Victoria \u00abes una ciudad que tiene muy buena gastronom\u00eda y hoteler\u00eda, adem\u00e1s de ofrecer distintos circuitos alternativos. Lo que hacemos desde el gobierno es acompa\u00f1ar al sector privado. Entendemos que tiene que haber una \u00edntima relaci\u00f3n de trabajo entre el sector p\u00fablico y privado cuando se trata de turismo. Realizar una obra de infraestructura como es este centro de interpretaci\u00f3n propende a mejorar las condiciones estructurales para que vengan m\u00e1s turistas\u00bb, remarc\u00f3.<\/p>\n<p>En esa misma l\u00ednea, mencion\u00f3 otras obras p\u00fablicas, \u201ccomo la ampliaci\u00f3n de la red de gas, que cost\u00f3, llev\u00f3 tiempo, esfuerzo y que requiri\u00f3 derribar varias barreras burocr\u00e1ticas, pero al final se concluy\u00f3. Est\u00e1 lista para conectar y esto dar\u00e1 sustentabilidad a una zona tur\u00edstica y termal que necesita de energ\u00eda como el gas natural. Adem\u00e1s, con otro tipo de acciones que permanentemente estamos llevando adelante\u00bb, acot\u00f3.<\/p>\n<p>\u00abEn Victoria podemos lograr muchas de las acciones por la forma de trabajo. Es mucho m\u00e1s f\u00e1cil cuando nos ponemos de acuerdo entre todos para lograr un mismo objetivo. Con las gestiones que permanentemente realiza la vicegobernadora, el senador Bagnat, el intendente Maiocco, la diputada Jarovlasky, cuando se tira para el mismo lado, para adelante, se solucionan los problemas, se realizan las acciones de gobierno y las obras p\u00fablicas que son necesarias. Esta es una forma de trabajar\u00bb, insisti\u00f3.<\/p>\n<p>Por \u00faltimo, Bordet agradeci\u00f3 la hospitalidad de Victoria, \u00abuna ciudad en la que me gusta estar. Renuevo mi agradecimiento y compromiso de seguir trabajando lo que queda de gesti\u00f3n para terminar las obras iniciadas y empezar otras. Esa es justamente la pol\u00edtica p\u00fablica: obras que empieza una gesti\u00f3n y que la termina la otra, pero que no pueden detenerse ni frenarse. En ese camino nos encontrar\u00e1n trabajando juntos para que Victoria sea, como ya lo es, una ciudad tur\u00edstica de preponderancia e importancia en Entre R\u00edos\u00bb, concluy\u00f3.<\/p>\n<p><b>Dar respuestas<\/b><\/p>\n<p>En tanto, la vicegobernadora Laura Stratta afirm\u00f3 que \u00abestamos hoy aqu\u00ed ratificando un compromiso de trabajo y un modo de gestionar que tiene que ver con dar respuestas en territorio\u00bb.<\/p>\n<p>Y resalt\u00f3: \u00abComparto la alegr\u00eda con el intendente de Victoria porque esta es una obra que ratifica nuestro compromiso con el turismo. Y el turismo, en Victoria como en nuestra provincia, es motor de desarrollo local, significa generaci\u00f3n de puestos de trabajo; y tambi\u00e9n nos ayuda a mover la econom\u00eda, porque no solamente crecen los prestadores, sino que tambi\u00e9n lo hace la ciudad\u00bb.<\/p>\n<p>Hizo notar \u00abtodas las obras que se est\u00e1n llevando adelante en Victoria, como la Variante de la ruta 11, que se hizo en el plazo de ejecuci\u00f3n que estaba estipulado, pese a que termin\u00f3 siendo una obra mucho m\u00e1s profunda y distinta que la que se plante\u00f3, justamente para tener ese corredor, que es tan importante, con la calidad que la ciudad y la regi\u00f3n se merecen\u00bb.<\/p>\n<p>Tambi\u00e9n mencion\u00f3 las obras de la escuela N\u00ba 47, de la N\u00ba 48, de la Agrot\u00e9cnica; el hospital; las ampliaciones de la red de gas; la cuenca de Ezpeleta. \u00abSon obras, acciones concretas que vienen a transformar la vida, a sentar las bases del desarrollo de la ciudad\u00bb, apunt\u00f3.<\/p>\n<p>Para ello, entendi\u00f3 que \u00abes importante la articulaci\u00f3n entre el gobierno, local, el provincial y el nacional, pero tambi\u00e9n con los prestadores tur\u00edsticos que nos acompa\u00f1an. Creemos mucho en la articulaci\u00f3n p\u00fablico -privada, porque as\u00ed damos respuestas integrales a las grandes demandas que nos plantea nuestra sociedad\u00bb.<\/p>\n<p>\u00abCreo que en cada rinc\u00f3n de nuestro territorio ese es el modo que tenemos de gestionar: escuchar para generar las respuestas integrales; trabajar en equipo para ser mejores funcionarios y tomar mejores decisiones\u00bb, acot\u00f3.<\/p>\n<p>Por \u00faltimo, reafirm\u00f3 \u00abla definici\u00f3n pol\u00edtica de nuestro gobernador y de nuestro Presidente de poner al turismo en la agenda p\u00fablica; Previaje ha sido una pol\u00edtica p\u00fablica exitosa y as\u00ed como hemos acompa\u00f1ado desde el gobierno nacional, hay estrategias que hacemos desde la provincia para poder tambi\u00e9n seguir fortaleciendo este c\u00edrculo virtuoso que significa el turismo en Entre R\u00edos\u00bb.<\/p>\n<p><b>Carta de presentaci\u00f3n<\/b><\/p>\n<p>Por su parte, el intendente Domingo Maiocco se\u00f1al\u00f3 que \u00abeste portal que va a ser nuestra carta de presentaci\u00f3n de la ciudad por el lugar en el cual va a estar establecido, en el ingreso a la ciudad, en un remanente de suelo que hab\u00eda quedado de la provincia, junto a la rotonda\u00bb.<\/p>\n<p>Destac\u00f3 que \u00abvenimos de una temporada muy buena de diciembre, enero y febrero, donde hemos tenido la visita de 280.000 personas, que han dejado en Victoria m\u00e1s de 1.000 millones de pesos, cifra que ha sido distribuida en muchos actores de la ciudad, como la gastronom\u00eda, la hoteler\u00eda y lo que tiene que ver con el accionar tur\u00edstico\u00bb.<\/p>\n<p>\u00abEstamos convencidos de que el turismo es una de las actividades, sobre todo a partir de la habilitaci\u00f3n de la conexi\u00f3n Victoria- Rosario, que tuvo un crecimiento muy grande\u00bb, apunt\u00f3 y se\u00f1al\u00f3 que \u00abparticularmente los fines de semana mucha gente transita por esta zona e ingresa a Victoria\u00bb.<\/p>\n<p>De este modo, valor\u00f3 la posibilidad que brindar\u00e1 este portal de \u00abofrecer todas las virtudes y los paisajes naturales que tiene nuestra provincia y en particular Victoria, que es elegido por su naturaleza, su tranquilidad y su seguridad\u00bb.<\/p>\n<p>Se\u00f1al\u00f3 que esto se logr\u00f3 con \u00abarticulaciones en conjunto entre el gobierno provincial, el municipal y el nacional\u00bb; y agradeci\u00f3 luego a la provincia \u00abporque est\u00e1s obra con dineros municipales no son posible. Si no contamos con el destino de los dineros provinciales y nacionales, estas obras de importancia no llegan a Victoria\u00bb.<\/p>\n<p>Acompa\u00f1aron a Bordet, la vicegobernadora Laura Stratta y el intendente de Victoria, Domingo Maiocco; los ministros de Planeamiento, Infraestructura y Servicios, Marcelo Richard; de Producci\u00f3n, Turismo y Desarrollo Econ\u00f3mico, Juan Jos\u00e9 Bahillo; la presidenta de la Fundaci\u00f3n Iapser, Mariel \u00c1vila; la directora Administradora de Vialidad, Alicia Ben\u00edtez; los legisladores Gast\u00f3n Bagnat y Gracia Jaroslavsky, y presidentes de juntas de gobierno de localidades vecinas, entre otras autoridades provinciales y municipales.<\/p>\n<p>En la oportunidad se entreg\u00f3 un aporte para la junta de gobierno de Distrito Pajonal para la compra de un tractor.<\/p>\n<p><b>Caracter\u00edsticas del Portal<\/b><\/p>\n<p>El Portal de Interpretaci\u00f3n con Informaci\u00f3n Tur\u00edstica Pobladores y Paisajes Entrerrianos es un espacio de ingreso de la provincia de Entre R\u00edos para motivar la curiosidad de los viajeros, donde se brinde informaci\u00f3n actualizada de atractivos y servicios tur\u00edsticos de la ciudad de Victoria y la provincia, fomentando el conocimiento y la valoraci\u00f3n de la diversidad natural, cultural e hist\u00f3rica de la regi\u00f3n.<\/p>\n<p>El predio se ubica en la intersecci\u00f3n rotatoria en ruta provincial 11 y conexi\u00f3n Rosario-Victoria, ruta nacional 174, con una superficie de 9.573,90 m2. La propuesta arquitect\u00f3nica tom\u00f3 como premisa no modificar el perfil natural del terreno. En el acto de apertura se present\u00f3 el oferente Empresa ING. Federico Tubio. El plazo de ejecuci\u00f3n previsto es de 365 d\u00edas corridos.<\/p>\n<p>El edificio contempla un hall de ingreso, una oficina de recepci\u00f3n, el sal\u00f3n de exposiciones y un \u00e1rea de apoyo donde se ubican los sanitarios, el taller, \u00e1rea de mantenimiento y el lugar de guardado. La superficie cubierta propuesta es de 298 m2.<\/p>\n<p>La obra se localiza en terrenos pertenecientes al gobierno provincial y consiste en la construcci\u00f3n de un centro de interpretaci\u00f3n y portal de acceso a la ciudad de Victoria de 298 m\u00b2 con un acceso para comercializaci\u00f3n de artesan\u00edas, sala de recepci\u00f3n, sala de exhibici\u00f3n, sal\u00f3n de usos m\u00faltiples, dep\u00f3sitos, sanitarios para ambos sexos y uno adaptado para personas con discapacidad y \u00e1rea para el personal, coloc\u00e1ndose en el exterior los contenidos de exhibici\u00f3n al aire libre de los pueblos originarios, del ecosistema y de los colonos de la provincia, un play\u00f3n para ascenso y descenso de visitantes y una playa de estacionamiento para autos particulares, micros y combis de turismo.<\/p>\n<p>Otra premisa fundamental en el proyecto fue garantizar el adecuado ingreso y egreso vehicular al lugar, pensando para derivar en forma segura a los visitantes desde las rutas al predio del Portal, utilizando en el dise\u00f1o las ventajas de la proximidad de la rotonda vial. De esta manera, el proyecto propone dividir en dos \u00e1reas a partir del camino de ingreso y egreso vehicular. Un \u00e1rea de estacionamiento de una superficie aproximada de 2.690 m2, y un \u00e1rea de exhibici\u00f3n de 2.700 m2 aproximadamen<\/p>\n","protected":false},"excerpt":{"rendered":"<p>\u00abLlevamos adelante pol\u00edticas p\u00fablicas y obras de infraestructura para seguir consolidando a nuestra provincia como uno de los principales destinos tur\u00edsticos\u00bb, afirm\u00f3 el gobernador Gustavo Bordet, quien destac\u00f3 la decisi\u00f3n pol\u00edtica de acompa\u00f1ar al sector privado en esta actividad.<\/p>\n","protected":false},"author":8,"featured_media":73678,"comment_status":"open","ping_status":"open","sticky":false,"template":"","format":"standard","meta":{"fifu_image_url":"","fifu_image_alt":"","footnotes":""},"categories":[6],"tags":[3399,167,283],"class_list":{"0":"post-73677","1":"post","2":"type-post","3":"status-publish","4":"format-standard","5":"has-post-thumbnail","7":"category-entre-rios","8":"tag-desarrollo-turistico","9":"tag-gustavo-bordet","10":"tag-obras"},"yoast_head":"<title>Bordet resalt\u00f3 la decisi\u00f3n de generar obras y pol\u00edticas p\u00fablicas para afianzar el desarrollo tur\u00edstico - Informe Litoral<\/title>\n<meta name=\"robots\" content=\"index, follow, max-snippet:-1, max-image-preview:large, max-video-preview:-1\" \/>\n<link rel=\"canonical\" href=\"https:\/\/informelitoral.com.ar\/bordet-resalto-la-decision-de-generar-obras-y-politicas-publicas-para-afianzar-el-desarrollo-turistico\/\" \/>\n<meta property=\"og:locale\" content=\"es_ES\" \/>\n<meta property=\"og:type\" content=\"article\" \/>\n<meta property=\"og:title\" content=\"Bordet resalt\u00f3 la decisi\u00f3n de generar obras y pol\u00edticas p\u00fablicas para afianzar el desarrollo tur\u00edstico - Informe Litoral\" \/>\n<meta property=\"og:description\" content=\"&quot;Llevamos adelante pol\u00edticas p\u00fablicas y obras de infraestructura para seguir consolidando a nuestra provincia como uno de los principales destinos tur\u00edsticos&quot;, afirm\u00f3 el gobernador Gustavo Bordet, quien destac\u00f3 la decisi\u00f3n pol\u00edtica de acompa\u00f1ar al sector privado en esta actividad.\" \/>\n<meta property=\"og:url\" content=\"https:\/\/informelitoral.com.ar\/bordet-resalto-la-decision-de-generar-obras-y-politicas-publicas-para-afianzar-el-desarrollo-turistico\/\" \/>\n<meta property=\"og:site_name\" content=\"Informe Litoral\" \/>\n<meta property=\"article:publisher\" content=\"https:\/\/www.facebook.com\/informelitoral\/\" \/>\n<meta property=\"article:published_time\" content=\"2022-03-18T20:34:31+00:00\" \/>\n<meta property=\"og:image\" content=\"https:\/\/informelitoral.com.ar\/%77%70%2d%63%6f%6e%74%65%6e%74\/uploads\/2022\/03\/p_1647623502.jpg\" \/>\n\t<meta property=\"og:image:width\" content=\"1920\" \/>\n\t<meta property=\"og:image:height\" content=\"800\" \/>\n\t<meta property=\"og:image:type\" content=\"image\/jpeg\" \/>\n<meta name=\"author\" content=\"Sebastian\" \/>\n<meta name=\"twitter:card\" content=\"summary_large_image\" \/>\n<meta name=\"twitter:creator\" content=\"@InformeLitoral\" \/>\n<meta name=\"twitter:site\" content=\"@InformeLitoral\" \/>\n<meta name=\"twitter:label1\" content=\"Escrito por\" \/>\n\t<meta name=\"twitter:data1\" content=\"Sebastian\" \/>\n\t<meta name=\"twitter:label2\" content=\"Tiempo de lectura\" \/>\n\t<meta name=\"twitter:data2\" content=\"8 minutos\" \/>\n<script type=\"application\/ld+json\" class=\"yoast-schema-graph\">{\"@context\":\"https:\\\/\\\/schema.org\",\"@graph\":[{\"@type\":\"Article\",\"@id\":\"https:\\\/\\\/informelitoral.com.ar\\\/bordet-resalto-la-decision-de-generar-obras-y-politicas-publicas-para-afianzar-el-desarrollo-turistico\\\/#article\",\"isPartOf\":{\"@id\":\"https:\\\/\\\/informelitoral.com.ar\\\/bordet-resalto-la-decision-de-generar-obras-y-politicas-publicas-para-afianzar-el-desarrollo-turistico\\\/\"},\"author\":{\"name\":\"Sebastian\",\"@id\":\"https:\\\/\\\/informelitoral.com.ar\\\/#\\\/schema\\\/person\\\/f05f9f461677119578717524b127d6d5\"},\"headline\":\"Bordet resalt\u00f3 la decisi\u00f3n de generar obras y pol\u00edticas p\u00fablicas para afianzar el desarrollo tur\u00edstico\",\"datePublished\":\"2022-03-18T20:34:31+00:00\",\"mainEntityOfPage\":{\"@id\":\"https:\\\/\\\/informelitoral.com.ar\\\/bordet-resalto-la-decision-de-generar-obras-y-politicas-publicas-para-afianzar-el-desarrollo-turistico\\\/\"},\"wordCount\":1652,\"commentCount\":0,\"publisher\":{\"@id\":\"https:\\\/\\\/informelitoral.com.ar\\\/#organization\"},\"image\":{\"@id\":\"https:\\\/\\\/informelitoral.com.ar\\\/bordet-resalto-la-decision-de-generar-obras-y-politicas-publicas-para-afianzar-el-desarrollo-turistico\\\/#primaryimage\"},\"thumbnailUrl\":\"https:\\\/\\\/informelitoral.com.ar\\\/%77%70%2d%63%6f%6e%74%65%6e%74\\\/uploads\\\/2022\\\/03\\\/p_1647623502.jpg\",\"keywords\":[\"Desarrollo tur\u00edstico\",\"Gustavo Bordet\",\"Obras\"],\"articleSection\":[\"Entre R\u00edos\"],\"inLanguage\":\"es\",\"potentialAction\":[{\"@type\":\"CommentAction\",\"name\":\"Comment\",\"target\":[\"https:\\\/\\\/informelitoral.com.ar\\\/bordet-resalto-la-decision-de-generar-obras-y-politicas-publicas-para-afianzar-el-desarrollo-turistico\\\/#respond\"]}]},{\"@type\":\"WebPage\",\"@id\":\"https:\\\/\\\/informelitoral.com.ar\\\/bordet-resalto-la-decision-de-generar-obras-y-politicas-publicas-para-afianzar-el-desarrollo-turistico\\\/\",\"url\":\"https:\\\/\\\/informelitoral.com.ar\\\/bordet-resalto-la-decision-de-generar-obras-y-politicas-publicas-para-afianzar-el-desarrollo-turistico\\\/\",\"name\":\"Bordet resalt\u00f3 la decisi\u00f3n de generar obras y pol\u00edticas p\u00fablicas para afianzar el desarrollo tur\u00edstico - Informe Litoral\",\"isPartOf\":{\"@id\":\"https:\\\/\\\/informelitoral.com.ar\\\/#website\"},\"primaryImageOfPage\":{\"@id\":\"https:\\\/\\\/informelitoral.com.ar\\\/bordet-resalto-la-decision-de-generar-obras-y-politicas-publicas-para-afianzar-el-desarrollo-turistico\\\/#primaryimage\"},\"image\":{\"@id\":\"https:\\\/\\\/informelitoral.com.ar\\\/bordet-resalto-la-decision-de-generar-obras-y-politicas-publicas-para-afianzar-el-desarrollo-turistico\\\/#primaryimage\"},\"thumbnailUrl\":\"https:\\\/\\\/informelitoral.com.ar\\\/%77%70%2d%63%6f%6e%74%65%6e%74\\\/uploads\\\/2022\\\/03\\\/p_1647623502.jpg\",\"datePublished\":\"2022-03-18T20:34:31+00:00\",\"breadcrumb\":{\"@id\":\"https:\\\/\\\/informelitoral.com.ar\\\/bordet-resalto-la-decision-de-generar-obras-y-politicas-publicas-para-afianzar-el-desarrollo-turistico\\\/#breadcrumb\"},\"inLanguage\":\"es\",\"potentialAction\":[{\"@type\":\"ReadAction\",\"target\":[\"https:\\\/\\\/informelitoral.com.ar\\\/bordet-resalto-la-decision-de-generar-obras-y-politicas-publicas-para-afianzar-el-desarrollo-turistico\\\/\"]}]},{\"@type\":\"ImageObject\",\"inLanguage\":\"es\",\"@id\":\"https:\\\/\\\/informelitoral.com.ar\\\/bordet-resalto-la-decision-de-generar-obras-y-politicas-publicas-para-afianzar-el-desarrollo-turistico\\\/#primaryimage\",\"url\":\"https:\\\/\\\/informelitoral.com.ar\\\/%77%70%2d%63%6f%6e%74%65%6e%74\\\/uploads\\\/2022\\\/03\\\/p_1647623502.jpg\",\"contentUrl\":\"https:\\\/\\\/informelitoral.com.ar\\\/%77%70%2d%63%6f%6e%74%65%6e%74\\\/uploads\\\/2022\\\/03\\\/p_1647623502.jpg\",\"width\":1920,\"height\":800},{\"@type\":\"BreadcrumbList\",\"@id\":\"https:\\\/\\\/informelitoral.com.ar\\\/bordet-resalto-la-decision-de-generar-obras-y-politicas-publicas-para-afianzar-el-desarrollo-turistico\\\/#breadcrumb\",\"itemListElement\":[{\"@type\":\"ListItem\",\"position\":1,\"name\":\"Portada\",\"item\":\"https:\\\/\\\/informelitoral.com.ar\\\/\"},{\"@type\":\"ListItem\",\"position\":2,\"name\":\"Bordet resalt\u00f3 la decisi\u00f3n de generar obras y pol\u00edticas p\u00fablicas para afianzar el desarrollo tur\u00edstico\"}]},{\"@type\":\"WebSite\",\"@id\":\"https:\\\/\\\/informelitoral.com.ar\\\/#website\",\"url\":\"https:\\\/\\\/informelitoral.com.ar\\\/\",\"name\":\"Informe Litoral\",\"description\":\"&quot;Nos informamos&quot; \",\"publisher\":{\"@id\":\"https:\\\/\\\/informelitoral.com.ar\\\/#organization\"},\"potentialAction\":[{\"@type\":\"SearchAction\",\"target\":{\"@type\":\"EntryPoint\",\"urlTemplate\":\"https:\\\/\\\/informelitoral.com.ar\\\/?s={search_term_string}\"},\"query-input\":{\"@type\":\"PropertyValueSpecification\",\"valueRequired\":true,\"valueName\":\"search_term_string\"}}],\"inLanguage\":\"es\"},{\"@type\":\"Organization\",\"@id\":\"https:\\\/\\\/informelitoral.com.ar\\\/#organization\",\"name\":\"Informe Litoral\",\"url\":\"https:\\\/\\\/informelitoral.com.ar\\\/\",\"logo\":{\"@type\":\"ImageObject\",\"inLanguage\":\"es\",\"@id\":\"https:\\\/\\\/informelitoral.com.ar\\\/#\\\/schema\\\/logo\\\/image\\\/\",\"url\":\"https:\\\/\\\/informelitoral.com.ar\\\/%77%70%2d%63%6f%6e%74%65%6e%74\\\/uploads\\\/2021\\\/01\\\/circulo.png\",\"contentUrl\":\"https:\\\/\\\/informelitoral.com.ar\\\/%77%70%2d%63%6f%6e%74%65%6e%74\\\/uploads\\\/2021\\\/01\\\/circulo.png\",\"width\":723,\"height\":731,\"caption\":\"Informe Litoral\"},\"image\":{\"@id\":\"https:\\\/\\\/informelitoral.com.ar\\\/#\\\/schema\\\/logo\\\/image\\\/\"},\"sameAs\":[\"https:\\\/\\\/www.facebook.com\\\/informelitoral\\\/\",\"https:\\\/\\\/x.com\\\/InformeLitoral\",\"https:\\\/\\\/www.instagram.com\\\/informelitoral\\\/\",\"https:\\\/\\\/www.youtube.com\\\/channel\\\/UCua4Qvz8Icb6MYqhoq9xLXw\"]},{\"@type\":\"Person\",\"@id\":\"https:\\\/\\\/informelitoral.com.ar\\\/#\\\/schema\\\/person\\\/f05f9f461677119578717524b127d6d5\",\"name\":\"Sebastian\",\"image\":{\"@type\":\"ImageObject\",\"inLanguage\":\"es\",\"@id\":\"https:\\\/\\\/secure.gravatar.com\\\/avatar\\\/b71bf7481d447dfb9583c7f2798e7cc64de6efb9067b74633ed8c31059a3bd82?s=96&d=mm&r=g\",\"url\":\"https:\\\/\\\/secure.gravatar.com\\\/avatar\\\/b71bf7481d447dfb9583c7f2798e7cc64de6efb9067b74633ed8c31059a3bd82?s=96&d=mm&r=g\",\"contentUrl\":\"https:\\\/\\\/secure.gravatar.com\\\/avatar\\\/b71bf7481d447dfb9583c7f2798e7cc64de6efb9067b74633ed8c31059a3bd82?s=96&d=mm&r=g\",\"caption\":\"Sebastian\"},\"url\":\"https:\\\/\\\/informelitoral.com.ar\\\/author\\\/sebastian\\\/\"}]}<\/script>","yoast_head_json":{"title":"Bordet resalt\u00f3 la decisi\u00f3n de generar obras y pol\u00edticas p\u00fablicas para afianzar el desarrollo tur\u00edstico - Informe Litoral","robots":{"index":"index","follow":"follow","max-snippet":"max-snippet:-1","max-image-preview":"max-image-preview:large","max-video-preview":"max-video-preview:-1"},"canonical":"https:\/\/informelitoral.com.ar\/bordet-resalto-la-decision-de-generar-obras-y-politicas-publicas-para-afianzar-el-desarrollo-turistico\/","og_locale":"es_ES","og_type":"article","og_title":"Bordet resalt\u00f3 la decisi\u00f3n de generar obras y pol\u00edticas p\u00fablicas para afianzar el desarrollo tur\u00edstico - Informe Litoral","og_description":"\"Llevamos adelante pol\u00edticas p\u00fablicas y obras de infraestructura para seguir consolidando a nuestra provincia como uno de los principales destinos tur\u00edsticos\", afirm\u00f3 el gobernador Gustavo Bordet, quien destac\u00f3 la decisi\u00f3n pol\u00edtica de acompa\u00f1ar al sector privado en esta actividad.","og_url":"https:\/\/informelitoral.com.ar\/bordet-resalto-la-decision-de-generar-obras-y-politicas-publicas-para-afianzar-el-desarrollo-turistico\/","og_site_name":"Informe Litoral","article_publisher":"https:\/\/www.facebook.com\/informelitoral\/","article_published_time":"2022-03-18T20:34:31+00:00","og_image":[{"width":1920,"height":800,"url":"https:\/\/informelitoral.com.ar\/%77%70%2d%63%6f%6e%74%65%6e%74\/uploads\/2022\/03\/p_1647623502.jpg","type":"image\/jpeg"}],"author":"Sebastian","twitter_card":"summary_large_image","twitter_creator":"@InformeLitoral","twitter_site":"@InformeLitoral","twitter_misc":{"Escrito por":"Sebastian","Tiempo de lectura":"8 minutos"},"schema":{"@context":"https:\/\/schema.org","@graph":[{"@type":"Article","@id":"https:\/\/informelitoral.com.ar\/bordet-resalto-la-decision-de-generar-obras-y-politicas-publicas-para-afianzar-el-desarrollo-turistico\/#article","isPartOf":{"@id":"https:\/\/informelitoral.com.ar\/bordet-resalto-la-decision-de-generar-obras-y-politicas-publicas-para-afianzar-el-desarrollo-turistico\/"},"author":{"name":"Sebastian","@id":"https:\/\/informelitoral.com.ar\/#\/schema\/person\/f05f9f461677119578717524b127d6d5"},"headline":"Bordet resalt\u00f3 la decisi\u00f3n de generar obras y pol\u00edticas p\u00fablicas para afianzar el desarrollo tur\u00edstico","datePublished":"2022-03-18T20:34:31+00:00","mainEntityOfPage":{"@id":"https:\/\/informelitoral.com.ar\/bordet-resalto-la-decision-de-generar-obras-y-politicas-publicas-para-afianzar-el-desarrollo-turistico\/"},"wordCount":1652,"commentCount":0,"publisher":{"@id":"https:\/\/informelitoral.com.ar\/#organization"},"image":{"@id":"https:\/\/informelitoral.com.ar\/bordet-resalto-la-decision-de-generar-obras-y-politicas-publicas-para-afianzar-el-desarrollo-turistico\/#primaryimage"},"thumbnailUrl":"https:\/\/informelitoral.com.ar\/%77%70%2d%63%6f%6e%74%65%6e%74\/uploads\/2022\/03\/p_1647623502.jpg","keywords":["Desarrollo tur\u00edstico","Gustavo Bordet","Obras"],"articleSection":["Entre R\u00edos"],"inLanguage":"es","potentialAction":[{"@type":"CommentAction","name":"Comment","target":["https:\/\/informelitoral.com.ar\/bordet-resalto-la-decision-de-generar-obras-y-politicas-publicas-para-afianzar-el-desarrollo-turistico\/#respond"]}]},{"@type":"WebPage","@id":"https:\/\/informelitoral.com.ar\/bordet-resalto-la-decision-de-generar-obras-y-politicas-publicas-para-afianzar-el-desarrollo-turistico\/","url":"https:\/\/informelitoral.com.ar\/bordet-resalto-la-decision-de-generar-obras-y-politicas-publicas-para-afianzar-el-desarrollo-turistico\/","name":"Bordet resalt\u00f3 la decisi\u00f3n de generar obras y pol\u00edticas p\u00fablicas para afianzar el desarrollo tur\u00edstico - Informe Litoral","isPartOf":{"@id":"https:\/\/informelitoral.com.ar\/#website"},"primaryImageOfPage":{"@id":"https:\/\/informelitoral.com.ar\/bordet-resalto-la-decision-de-generar-obras-y-politicas-publicas-para-afianzar-el-desarrollo-turistico\/#primaryimage"},"image":{"@id":"https:\/\/informelitoral.com.ar\/bordet-resalto-la-decision-de-generar-obras-y-politicas-publicas-para-afianzar-el-desarrollo-turistico\/#primaryimage"},"thumbnailUrl":"https:\/\/informelitoral.com.ar\/%77%70%2d%63%6f%6e%74%65%6e%74\/uploads\/2022\/03\/p_1647623502.jpg","datePublished":"2022-03-18T20:34:31+00:00","breadcrumb":{"@id":"https:\/\/informelitoral.com.ar\/bordet-resalto-la-decision-de-generar-obras-y-politicas-publicas-para-afianzar-el-desarrollo-turistico\/#breadcrumb"},"inLanguage":"es","potentialAction":[{"@type":"ReadAction","target":["https:\/\/informelitoral.com.ar\/bordet-resalto-la-decision-de-generar-obras-y-politicas-publicas-para-afianzar-el-desarrollo-turistico\/"]}]},{"@type":"ImageObject","inLanguage":"es","@id":"https:\/\/informelitoral.com.ar\/bordet-resalto-la-decision-de-generar-obras-y-politicas-publicas-para-afianzar-el-desarrollo-turistico\/#primaryimage","url":"https:\/\/informelitoral.com.ar\/%77%70%2d%63%6f%6e%74%65%6e%74\/uploads\/2022\/03\/p_1647623502.jpg","contentUrl":"https:\/\/informelitoral.com.ar\/%77%70%2d%63%6f%6e%74%65%6e%74\/uploads\/2022\/03\/p_1647623502.jpg","width":1920,"height":800},{"@type":"BreadcrumbList","@id":"https:\/\/informelitoral.com.ar\/bordet-resalto-la-decision-de-generar-obras-y-politicas-publicas-para-afianzar-el-desarrollo-turistico\/#breadcrumb","itemListElement":[{"@type":"ListItem","position":1,"name":"Portada","item":"https:\/\/informelitoral.com.ar\/"},{"@type":"ListItem","position":2,"name":"Bordet resalt\u00f3 la decisi\u00f3n de generar obras y pol\u00edticas p\u00fablicas para afianzar el desarrollo tur\u00edstico"}]},{"@type":"WebSite","@id":"https:\/\/informelitoral.com.ar\/#website","url":"https:\/\/informelitoral.com.ar\/","name":"Informe Litoral","description":"&quot;Nos informamos&quot; ","publisher":{"@id":"https:\/\/informelitoral.com.ar\/#organization"},"potentialAction":[{"@type":"SearchAction","target":{"@type":"EntryPoint","urlTemplate":"https:\/\/informelitoral.com.ar\/?s={search_term_string}"},"query-input":{"@type":"PropertyValueSpecification","valueRequired":true,"valueName":"search_term_string"}}],"inLanguage":"es"},{"@type":"Organization","@id":"https:\/\/informelitoral.com.ar\/#organization","name":"Informe Litoral","url":"https:\/\/informelitoral.com.ar\/","logo":{"@type":"ImageObject","inLanguage":"es","@id":"https:\/\/informelitoral.com.ar\/#\/schema\/logo\/image\/","url":"https:\/\/informelitoral.com.ar\/%77%70%2d%63%6f%6e%74%65%6e%74\/uploads\/2021\/01\/circulo.png","contentUrl":"https:\/\/informelitoral.com.ar\/%77%70%2d%63%6f%6e%74%65%6e%74\/uploads\/2021\/01\/circulo.png","width":723,"height":731,"caption":"Informe Litoral"},"image":{"@id":"https:\/\/informelitoral.com.ar\/#\/schema\/logo\/image\/"},"sameAs":["https:\/\/www.facebook.com\/informelitoral\/","https:\/\/x.com\/InformeLitoral","https:\/\/www.instagram.com\/informelitoral\/","https:\/\/www.youtube.com\/channel\/UCua4Qvz8Icb6MYqhoq9xLXw"]},{"@type":"Person","@id":"https:\/\/informelitoral.com.ar\/#\/schema\/person\/f05f9f461677119578717524b127d6d5","name":"Sebastian","image":{"@type":"ImageObject","inLanguage":"es","@id":"https:\/\/secure.gravatar.com\/avatar\/b71bf7481d447dfb9583c7f2798e7cc64de6efb9067b74633ed8c31059a3bd82?s=96&d=mm&r=g","url":"https:\/\/secure.gravatar.com\/avatar\/b71bf7481d447dfb9583c7f2798e7cc64de6efb9067b74633ed8c31059a3bd82?s=96&d=mm&r=g","contentUrl":"https:\/\/secure.gravatar.com\/avatar\/b71bf7481d447dfb9583c7f2798e7cc64de6efb9067b74633ed8c31059a3bd82?s=96&d=mm&r=g","caption":"Sebastian"},"url":"https:\/\/informelitoral.com.ar\/author\/sebastian\/"}]}},"_links":{"self":[{"href":"https:\/\/informelitoral.com.ar\/%77%70%2d%6a%73%6f%6e\/wp\/v2\/posts\/73677","targetHints":{"allow":["GET"]}}],"collection":[{"href":"https:\/\/informelitoral.com.ar\/%77%70%2d%6a%73%6f%6e\/wp\/v2\/posts"}],"about":[{"href":"https:\/\/informelitoral.com.ar\/%77%70%2d%6a%73%6f%6e\/wp\/v2\/types\/post"}],"author":[{"embeddable":true,"href":"https:\/\/informelitoral.com.ar\/%77%70%2d%6a%73%6f%6e\/wp\/v2\/users\/8"}],"replies":[{"embeddable":true,"href":"https:\/\/informelitoral.com.ar\/%77%70%2d%6a%73%6f%6e\/wp\/v2\/comments?post=73677"}],"version-history":[{"count":0,"href":"https:\/\/informelitoral.com.ar\/%77%70%2d%6a%73%6f%6e\/wp\/v2\/posts\/73677\/revisions"}],"wp:featuredmedia":[{"embeddable":true,"href":"https:\/\/informelitoral.com.ar\/%77%70%2d%6a%73%6f%6e\/wp\/v2\/media\/73678"}],"wp:attachment":[{"href":"https:\/\/informelitoral.com.ar\/%77%70%2d%6a%73%6f%6e\/wp\/v2\/media?parent=73677"}],"wp:term":[{"taxonomy":"category","embeddable":true,"href":"https:\/\/informelitoral.com.ar\/%77%70%2d%6a%73%6f%6e\/wp\/v2\/categories?post=73677"},{"taxonomy":"post_tag","embeddable":true,"href":"https:\/\/informelitoral.com.ar\/%77%70%2d%6a%73%6f%6e\/wp\/v2\/tags?post=73677"}],"curies":[{"name":"wp","href":"https:\/\/api.w.org\/{rel}","templated":true}]}}