{"id":73571,"date":"2022-03-17T16:23:58","date_gmt":"2022-03-17T19:23:58","guid":{"rendered":"https:\/\/www.informelitoral.com.ar\/?p=73571"},"modified":"2022-03-17T16:23:58","modified_gmt":"2022-03-17T19:23:58","slug":"bordet-muy-lejos-en-el-tiempo-quedo-la-discrecionalidad-para-nombrar-a-quienes-tienen-la-tarea-de-impartir-justicia","status":"publish","type":"post","link":"https:\/\/informelitoral.com.ar\/bordet-muy-lejos-en-el-tiempo-quedo-la-discrecionalidad-para-nombrar-a-quienes-tienen-la-tarea-de-impartir-justicia\/","title":{"rendered":"Bordet: \u201cMuy lejos en el tiempo qued\u00f3 la discrecionalidad para nombrar a quienes tienen la tarea de impartir justicia\u201d"},"content":{"rendered":"<p>Fue durante la inauguraci\u00f3n de las Jornadas Nacionales del Foro Federal de Consejos de la Magistratura, que se realizan en Paran\u00e1.<\/p>\n<p>Ante referentes judiciales de distintos puntos del pa\u00eds, el mandatario valor\u00f3 la importancia del Consejo de la Magistratura y destac\u00f3 los avances logrados para la selecci\u00f3n de jueces, fiscales y defensores.<br \/>\n\u201cAtr\u00e1s y muy lejos en el tiempo qued\u00f3 la discrecionalidad para nombrar a quienes tienen la importante tarea de impartir justicia. Cuanto m\u00e1s democr\u00e1tica sea la selecci\u00f3n de nuestros jueces, fiscales y defensores, m\u00e1s ganaremos en calidad institucional, pero fundamentalmente m\u00e1s ganar\u00e1n nuestros ciudadanos en poder garantizar sus derechos, en tener un servicio de justicia que propenda justamente a tener la equidad que tiene que primar siempre por sobre todas las cosas\u00bb, asegur\u00f3.<br \/>\n\u00abPara quienes tenemos funciones de gobierno y tomamos decisiones, el hecho de ser sede de una reuni\u00f3n en la que se discute, sugiere y decide es muy importante. Y es muy importante tener un sustento que surja de amplios consensos, como los que se generan en esta convocatoria, para tener la mejor certeza a la hora de tomar una decisi\u00f3n\u00bb, apunt\u00f3 Bordet.<br \/>\nMencion\u00f3 luego que en su gesti\u00f3n, \u00abrespetando todas intervenciones del Consejo de la Magistratura en la Entre R\u00edos, hemos estado siempre atentos a todas las sugerencias e intentando regularizar y concursar todos los cargos pendientes que surjan de los ex\u00e1menes de oposici\u00f3n y antecedentes\u00bb.<br \/>\nEn otro tramo, Bordet entendi\u00f3 que \u00abhay una din\u00e1mica que se genera en los tiempos modernos donde las instituciones tienen que estar cada vez m\u00e1s cerca de los reclamos, del acontecer y el devenir cotidiano que la sociedad demanda e impone\u201d, dijo y explic\u00f3: \u201cEsto ocurre ampliamente en todos los sectores de la vida ciudadana e institucional. A todos quienes tenemos funciones en los poderes Ejecutivo, Legislativo o Judicial, siempre hay un reclamo de estar en conocimiento cabal de lo que los usos y costumbres, de que la modernidad y el avance de sistemas de informaci\u00f3n y comunicaci\u00f3n, la rapidez con la que evolucionan nuestras sociedades y la amplitud de nuevos derechos que se van generando, logren una cercan\u00eda y estar integrado a lo que es el conocimiento territorial y social para impartir justicia con equidad\u00bb.<br \/>\nApunt\u00f3: \u201cUno entiende que las formaciones acad\u00e9micas y doctrinarias son siempre muy importantes, pero tambi\u00e9n lo es el sentido com\u00fan, el conocer, el tener un conocimiento de la realidad acabada, cercana y territorial\u00bb.<\/p>\n<p>Luego manifest\u00f3: \u00abComo entrerrianos, el hecho de tener este Foro significa un fortalecimiento de nuestras instituciones, y fundamentalmente de nuestro Poder Judicial en lo que refiere a la selecci\u00f3n de jueces\u201d.<\/p>\n<p>Igualdades y valores<br \/>\nLa titular de la cartera de Gobierno y Justicia, salud\u00f3 la posibilidad de que esta Jornada Nacional se lleve adelante en Entre R\u00edos y expres\u00f3: \u201c\u201cEstas instancias son importantes para construir entre todos igualdades y valores. Lo mucho o poco que podamos hacer en la cotidianeidad se ver\u00e1 enriquecido en estos foros donde se intercambia con miradas m\u00faltiples y las distintas experiencias\u201d.<\/p>\n<p>Asimismo, mencion\u00f3 la importancia del temario en el cual se desarrolla esta 29\u00b0 edici\u00f3n de Fofecma. \u201cLos temas que han elegido para este Foro son excelentes, desde la evaluaci\u00f3n psicol\u00f3gica para los aspirantes a ocupar cargos hasta c\u00f3mo se punt\u00faa. Esto revela una mirada que denota qu\u00e9 jueces queremos, qu\u00e9 defensores y fiscales y hacia d\u00f3nde miramos dentro de esta sociedad que tiene otros requerimientos\u201d, subray\u00f3 la ministra.<\/p>\n<p>En esta misma l\u00ednea continu\u00f3: \u201cHoy nos est\u00e1 pidiendo lenguaje sencillo en las sentencias y que los miembros del Poder Judicial conozcan la realidad econ\u00f3mica y social de la comunidad, as\u00ed como los recursos con los que cuenta el Estado. Desde la funci\u00f3n judicial hay implicancias e impactos de las sentencias que repercuten mucho sobre ese estado de cosas y sobre las sociedades en que vivimos por eso, es importante que sigamos dando lugar a estos encuentros\u201d, complet\u00f3 Rosario Romero.<\/p>\n<p>Autoridades<br \/>\nDel acto de apertura de la 29\u00aa Jornadas Nacionales del Foro Federal de Consejos de la Magistratura y Jurados de Enjuiciamiento de la Rep\u00fablica Argentina (Fofecma), realizado en el Centro Provincial de Convenciones de Paran\u00e1, participaron, junto al gobernador, la vicegobernadora Laura Stratta; el intendente Ad\u00e1n Bahl; la ministra de Gobierno, Rosario Romero; la presidenta del Superior Tribunal de Justicia de Entre R\u00edos, Susana Medina; el presidente de la C\u00e1mara de Diputados, \u00c1ngel Giano; la presidenta del Consejo de la Magistratura de C\u00f3rdoba y titular del Foro Federal, Mar\u00eda Marta C\u00e1ceres de Bollatti; el presidente del Consejo de la Magistratura de Entre R\u00edos, Mariano Churruar\u00edn; y del Defensor General, Maximiliano Ben\u00edtez; adem\u00e1s de consejeros y consejeras de distintas provincias, entre otras autoridades.<\/p>\n<p>Esp\u00edritu federal<br \/>\nPor su parte, la titular del Foro Federal, Mar\u00eda Marta C\u00e1ceres de Bollatti, explic\u00f3 que el Fofecma es un foro de Consejos de la Magistratura y Jurados de Enjuiciamiento, y apunt\u00f3 que su esencia es el federalismo. \u201cInterpretamos que cumplimos con ese esp\u00edritu federal organizando nuestras asambleas en cada una de las provincias argentinas\u00bb, remarc\u00f3 y agradeci\u00f3 la receptividad que tuvieron en Entre R\u00edos.<\/p>\n<p>Detall\u00f3 que la tem\u00e1tica de esta jornada \u201ces fundamental\u00bb y apunt\u00f3 que tiene que ver con \u00abcu\u00e1les son los est\u00e1ndares y criterios de evaluaci\u00f3n, desde una mirada din\u00e1mica, ya que permanentemente las sociedades y las nuevas pautas jur\u00eddicas y judiciales nos est\u00e1n exigiendo que actualicemos tambi\u00e9n nuestros esquemas y nuestros est\u00e1ndares de evaluaci\u00f3n\u201d.<\/p>\n<p>\u201cPersonalmente creo que lo que son habilidades duras, todo lo que es la prueba t\u00e9cnica, es muy importante. No puede ser juez o funcionario judicial quien no sabe de derecho; pero creo que hay que comenzar a marcar la importancia de tener personas comprometidas con el servicio de justicia, con la \u00e9tica judicial, con la perspectiva de g\u00e9nero, con lenguaje claro, con pautas de oralidad. Y todos esos son nuevos desaf\u00edo para quienes tenemos la responsabilidad de evaluar; nosotros como organismos, consejos y jurados de enjuiciamiento tenemos una funci\u00f3n important\u00edsima en colaborar para mejorar la confianza y la credibilidad en la justicia\u201d, concluy\u00f3<\/p>\n","protected":false},"excerpt":{"rendered":"<p>\u201cCuanto m\u00e1s democr\u00e1tica sea la selecci\u00f3n de nuestros jueces, fiscales y defensores, m\u00e1s ganaremos en calidad institucional, pero fundamentalmente m\u00e1s ganar\u00e1n nuestros ciudadanos en poder garantizar sus derechos\u201d, expres\u00f3 el gobernador Gustavo Bordet.<\/p>\n","protected":false},"author":8,"featured_media":73572,"comment_status":"open","ping_status":"open","sticky":false,"template":"","format":"standard","meta":{"fifu_image_url":"","fifu_image_alt":"","footnotes":""},"categories":[16],"tags":[3390,167,175],"class_list":{"0":"post-73571","1":"post","2":"type-post","3":"status-publish","4":"format-standard","5":"has-post-thumbnail","7":"category-politi","8":"tag-foro-federal-de-consejos-de-la-magistratura","9":"tag-gustavo-bordet","10":"tag-inauguracion"},"yoast_head":"<title>Bordet: \u201cMuy lejos en el tiempo qued\u00f3 la discrecionalidad para nombrar a quienes tienen la tarea de impartir justicia\u201d - Informe Litoral<\/title>\n<meta name=\"robots\" content=\"index, follow, max-snippet:-1, max-image-preview:large, max-video-preview:-1\" \/>\n<link rel=\"canonical\" href=\"https:\/\/informelitoral.com.ar\/bordet-muy-lejos-en-el-tiempo-quedo-la-discrecionalidad-para-nombrar-a-quienes-tienen-la-tarea-de-impartir-justicia\/\" \/>\n<meta property=\"og:locale\" content=\"es_ES\" \/>\n<meta property=\"og:type\" content=\"article\" \/>\n<meta property=\"og:title\" content=\"Bordet: \u201cMuy lejos en el tiempo qued\u00f3 la discrecionalidad para nombrar a quienes tienen la tarea de impartir justicia\u201d - Informe Litoral\" \/>\n<meta property=\"og:description\" content=\"\u201cCuanto m\u00e1s democr\u00e1tica sea la selecci\u00f3n de nuestros jueces, fiscales y defensores, m\u00e1s ganaremos en calidad institucional, pero fundamentalmente m\u00e1s ganar\u00e1n nuestros ciudadanos en poder garantizar sus derechos\u201d, expres\u00f3 el gobernador Gustavo Bordet.\" \/>\n<meta property=\"og:url\" content=\"https:\/\/informelitoral.com.ar\/bordet-muy-lejos-en-el-tiempo-quedo-la-discrecionalidad-para-nombrar-a-quienes-tienen-la-tarea-de-impartir-justicia\/\" \/>\n<meta property=\"og:site_name\" content=\"Informe Litoral\" \/>\n<meta property=\"article:publisher\" content=\"https:\/\/www.facebook.com\/informelitoral\/\" \/>\n<meta property=\"article:published_time\" content=\"2022-03-17T19:23:58+00:00\" \/>\n<meta property=\"og:image\" content=\"https:\/\/informelitoral.com.ar\/%77%70%2d%63%6f%6e%74%65%6e%74\/uploads\/2022\/03\/x_1647536196.jpg\" \/>\n\t<meta property=\"og:image:width\" content=\"1920\" \/>\n\t<meta property=\"og:image:height\" content=\"1280\" \/>\n\t<meta property=\"og:image:type\" content=\"image\/jpeg\" \/>\n<meta name=\"author\" content=\"Sebastian\" \/>\n<meta name=\"twitter:card\" content=\"summary_large_image\" \/>\n<meta name=\"twitter:creator\" content=\"@InformeLitoral\" \/>\n<meta name=\"twitter:site\" content=\"@InformeLitoral\" \/>\n<meta name=\"twitter:label1\" content=\"Escrito por\" \/>\n\t<meta name=\"twitter:data1\" content=\"Sebastian\" \/>\n\t<meta name=\"twitter:label2\" content=\"Tiempo de lectura\" \/>\n\t<meta name=\"twitter:data2\" content=\"5 minutos\" \/>\n<script type=\"application\/ld+json\" class=\"yoast-schema-graph\">{\"@context\":\"https:\\\/\\\/schema.org\",\"@graph\":[{\"@type\":\"Article\",\"@id\":\"https:\\\/\\\/informelitoral.com.ar\\\/bordet-muy-lejos-en-el-tiempo-quedo-la-discrecionalidad-para-nombrar-a-quienes-tienen-la-tarea-de-impartir-justicia\\\/#article\",\"isPartOf\":{\"@id\":\"https:\\\/\\\/informelitoral.com.ar\\\/bordet-muy-lejos-en-el-tiempo-quedo-la-discrecionalidad-para-nombrar-a-quienes-tienen-la-tarea-de-impartir-justicia\\\/\"},\"author\":{\"name\":\"Sebastian\",\"@id\":\"https:\\\/\\\/informelitoral.com.ar\\\/#\\\/schema\\\/person\\\/f05f9f461677119578717524b127d6d5\"},\"headline\":\"Bordet: \u201cMuy lejos en el tiempo qued\u00f3 la discrecionalidad para nombrar a quienes tienen la tarea de impartir justicia\u201d\",\"datePublished\":\"2022-03-17T19:23:58+00:00\",\"mainEntityOfPage\":{\"@id\":\"https:\\\/\\\/informelitoral.com.ar\\\/bordet-muy-lejos-en-el-tiempo-quedo-la-discrecionalidad-para-nombrar-a-quienes-tienen-la-tarea-de-impartir-justicia\\\/\"},\"wordCount\":1073,\"commentCount\":0,\"publisher\":{\"@id\":\"https:\\\/\\\/informelitoral.com.ar\\\/#organization\"},\"image\":{\"@id\":\"https:\\\/\\\/informelitoral.com.ar\\\/bordet-muy-lejos-en-el-tiempo-quedo-la-discrecionalidad-para-nombrar-a-quienes-tienen-la-tarea-de-impartir-justicia\\\/#primaryimage\"},\"thumbnailUrl\":\"https:\\\/\\\/informelitoral.com.ar\\\/%77%70%2d%63%6f%6e%74%65%6e%74\\\/uploads\\\/2022\\\/03\\\/x_1647536196.jpg\",\"keywords\":[\"Foro Federal de Consejos de la Magistratura\",\"Gustavo Bordet\",\"Inauguraci\u00f3n\"],\"articleSection\":[\"Politica\"],\"inLanguage\":\"es\",\"potentialAction\":[{\"@type\":\"CommentAction\",\"name\":\"Comment\",\"target\":[\"https:\\\/\\\/informelitoral.com.ar\\\/bordet-muy-lejos-en-el-tiempo-quedo-la-discrecionalidad-para-nombrar-a-quienes-tienen-la-tarea-de-impartir-justicia\\\/#respond\"]}]},{\"@type\":\"WebPage\",\"@id\":\"https:\\\/\\\/informelitoral.com.ar\\\/bordet-muy-lejos-en-el-tiempo-quedo-la-discrecionalidad-para-nombrar-a-quienes-tienen-la-tarea-de-impartir-justicia\\\/\",\"url\":\"https:\\\/\\\/informelitoral.com.ar\\\/bordet-muy-lejos-en-el-tiempo-quedo-la-discrecionalidad-para-nombrar-a-quienes-tienen-la-tarea-de-impartir-justicia\\\/\",\"name\":\"Bordet: \u201cMuy lejos en el tiempo qued\u00f3 la discrecionalidad para nombrar a quienes tienen la tarea de impartir justicia\u201d - Informe Litoral\",\"isPartOf\":{\"@id\":\"https:\\\/\\\/informelitoral.com.ar\\\/#website\"},\"primaryImageOfPage\":{\"@id\":\"https:\\\/\\\/informelitoral.com.ar\\\/bordet-muy-lejos-en-el-tiempo-quedo-la-discrecionalidad-para-nombrar-a-quienes-tienen-la-tarea-de-impartir-justicia\\\/#primaryimage\"},\"image\":{\"@id\":\"https:\\\/\\\/informelitoral.com.ar\\\/bordet-muy-lejos-en-el-tiempo-quedo-la-discrecionalidad-para-nombrar-a-quienes-tienen-la-tarea-de-impartir-justicia\\\/#primaryimage\"},\"thumbnailUrl\":\"https:\\\/\\\/informelitoral.com.ar\\\/%77%70%2d%63%6f%6e%74%65%6e%74\\\/uploads\\\/2022\\\/03\\\/x_1647536196.jpg\",\"datePublished\":\"2022-03-17T19:23:58+00:00\",\"breadcrumb\":{\"@id\":\"https:\\\/\\\/informelitoral.com.ar\\\/bordet-muy-lejos-en-el-tiempo-quedo-la-discrecionalidad-para-nombrar-a-quienes-tienen-la-tarea-de-impartir-justicia\\\/#breadcrumb\"},\"inLanguage\":\"es\",\"potentialAction\":[{\"@type\":\"ReadAction\",\"target\":[\"https:\\\/\\\/informelitoral.com.ar\\\/bordet-muy-lejos-en-el-tiempo-quedo-la-discrecionalidad-para-nombrar-a-quienes-tienen-la-tarea-de-impartir-justicia\\\/\"]}]},{\"@type\":\"ImageObject\",\"inLanguage\":\"es\",\"@id\":\"https:\\\/\\\/informelitoral.com.ar\\\/bordet-muy-lejos-en-el-tiempo-quedo-la-discrecionalidad-para-nombrar-a-quienes-tienen-la-tarea-de-impartir-justicia\\\/#primaryimage\",\"url\":\"https:\\\/\\\/informelitoral.com.ar\\\/%77%70%2d%63%6f%6e%74%65%6e%74\\\/uploads\\\/2022\\\/03\\\/x_1647536196.jpg\",\"contentUrl\":\"https:\\\/\\\/informelitoral.com.ar\\\/%77%70%2d%63%6f%6e%74%65%6e%74\\\/uploads\\\/2022\\\/03\\\/x_1647536196.jpg\",\"width\":1920,\"height\":1280},{\"@type\":\"BreadcrumbList\",\"@id\":\"https:\\\/\\\/informelitoral.com.ar\\\/bordet-muy-lejos-en-el-tiempo-quedo-la-discrecionalidad-para-nombrar-a-quienes-tienen-la-tarea-de-impartir-justicia\\\/#breadcrumb\",\"itemListElement\":[{\"@type\":\"ListItem\",\"position\":1,\"name\":\"Portada\",\"item\":\"https:\\\/\\\/informelitoral.com.ar\\\/\"},{\"@type\":\"ListItem\",\"position\":2,\"name\":\"Bordet: \u201cMuy lejos en el tiempo qued\u00f3 la discrecionalidad para nombrar a quienes tienen la tarea de impartir justicia\u201d\"}]},{\"@type\":\"WebSite\",\"@id\":\"https:\\\/\\\/informelitoral.com.ar\\\/#website\",\"url\":\"https:\\\/\\\/informelitoral.com.ar\\\/\",\"name\":\"Informe Litoral\",\"description\":\"&quot;Nos informamos&quot; \",\"publisher\":{\"@id\":\"https:\\\/\\\/informelitoral.com.ar\\\/#organization\"},\"potentialAction\":[{\"@type\":\"SearchAction\",\"target\":{\"@type\":\"EntryPoint\",\"urlTemplate\":\"https:\\\/\\\/informelitoral.com.ar\\\/?s={search_term_string}\"},\"query-input\":{\"@type\":\"PropertyValueSpecification\",\"valueRequired\":true,\"valueName\":\"search_term_string\"}}],\"inLanguage\":\"es\"},{\"@type\":\"Organization\",\"@id\":\"https:\\\/\\\/informelitoral.com.ar\\\/#organization\",\"name\":\"Informe Litoral\",\"url\":\"https:\\\/\\\/informelitoral.com.ar\\\/\",\"logo\":{\"@type\":\"ImageObject\",\"inLanguage\":\"es\",\"@id\":\"https:\\\/\\\/informelitoral.com.ar\\\/#\\\/schema\\\/logo\\\/image\\\/\",\"url\":\"https:\\\/\\\/informelitoral.com.ar\\\/%77%70%2d%63%6f%6e%74%65%6e%74\\\/uploads\\\/2021\\\/01\\\/circulo.png\",\"contentUrl\":\"https:\\\/\\\/informelitoral.com.ar\\\/%77%70%2d%63%6f%6e%74%65%6e%74\\\/uploads\\\/2021\\\/01\\\/circulo.png\",\"width\":723,\"height\":731,\"caption\":\"Informe Litoral\"},\"image\":{\"@id\":\"https:\\\/\\\/informelitoral.com.ar\\\/#\\\/schema\\\/logo\\\/image\\\/\"},\"sameAs\":[\"https:\\\/\\\/www.facebook.com\\\/informelitoral\\\/\",\"https:\\\/\\\/x.com\\\/InformeLitoral\",\"https:\\\/\\\/www.instagram.com\\\/informelitoral\\\/\",\"https:\\\/\\\/www.youtube.com\\\/channel\\\/UCua4Qvz8Icb6MYqhoq9xLXw\"]},{\"@type\":\"Person\",\"@id\":\"https:\\\/\\\/informelitoral.com.ar\\\/#\\\/schema\\\/person\\\/f05f9f461677119578717524b127d6d5\",\"name\":\"Sebastian\",\"image\":{\"@type\":\"ImageObject\",\"inLanguage\":\"es\",\"@id\":\"https:\\\/\\\/secure.gravatar.com\\\/avatar\\\/b71bf7481d447dfb9583c7f2798e7cc64de6efb9067b74633ed8c31059a3bd82?s=96&d=mm&r=g\",\"url\":\"https:\\\/\\\/secure.gravatar.com\\\/avatar\\\/b71bf7481d447dfb9583c7f2798e7cc64de6efb9067b74633ed8c31059a3bd82?s=96&d=mm&r=g\",\"contentUrl\":\"https:\\\/\\\/secure.gravatar.com\\\/avatar\\\/b71bf7481d447dfb9583c7f2798e7cc64de6efb9067b74633ed8c31059a3bd82?s=96&d=mm&r=g\",\"caption\":\"Sebastian\"},\"url\":\"https:\\\/\\\/informelitoral.com.ar\\\/author\\\/sebastian\\\/\"}]}<\/script>","yoast_head_json":{"title":"Bordet: \u201cMuy lejos en el tiempo qued\u00f3 la discrecionalidad para nombrar a quienes tienen la tarea de impartir justicia\u201d - Informe Litoral","robots":{"index":"index","follow":"follow","max-snippet":"max-snippet:-1","max-image-preview":"max-image-preview:large","max-video-preview":"max-video-preview:-1"},"canonical":"https:\/\/informelitoral.com.ar\/bordet-muy-lejos-en-el-tiempo-quedo-la-discrecionalidad-para-nombrar-a-quienes-tienen-la-tarea-de-impartir-justicia\/","og_locale":"es_ES","og_type":"article","og_title":"Bordet: \u201cMuy lejos en el tiempo qued\u00f3 la discrecionalidad para nombrar a quienes tienen la tarea de impartir justicia\u201d - Informe Litoral","og_description":"\u201cCuanto m\u00e1s democr\u00e1tica sea la selecci\u00f3n de nuestros jueces, fiscales y defensores, m\u00e1s ganaremos en calidad institucional, pero fundamentalmente m\u00e1s ganar\u00e1n nuestros ciudadanos en poder garantizar sus derechos\u201d, expres\u00f3 el gobernador Gustavo Bordet.","og_url":"https:\/\/informelitoral.com.ar\/bordet-muy-lejos-en-el-tiempo-quedo-la-discrecionalidad-para-nombrar-a-quienes-tienen-la-tarea-de-impartir-justicia\/","og_site_name":"Informe Litoral","article_publisher":"https:\/\/www.facebook.com\/informelitoral\/","article_published_time":"2022-03-17T19:23:58+00:00","og_image":[{"width":1920,"height":1280,"url":"https:\/\/informelitoral.com.ar\/%77%70%2d%63%6f%6e%74%65%6e%74\/uploads\/2022\/03\/x_1647536196.jpg","type":"image\/jpeg"}],"author":"Sebastian","twitter_card":"summary_large_image","twitter_creator":"@InformeLitoral","twitter_site":"@InformeLitoral","twitter_misc":{"Escrito por":"Sebastian","Tiempo de lectura":"5 minutos"},"schema":{"@context":"https:\/\/schema.org","@graph":[{"@type":"Article","@id":"https:\/\/informelitoral.com.ar\/bordet-muy-lejos-en-el-tiempo-quedo-la-discrecionalidad-para-nombrar-a-quienes-tienen-la-tarea-de-impartir-justicia\/#article","isPartOf":{"@id":"https:\/\/informelitoral.com.ar\/bordet-muy-lejos-en-el-tiempo-quedo-la-discrecionalidad-para-nombrar-a-quienes-tienen-la-tarea-de-impartir-justicia\/"},"author":{"name":"Sebastian","@id":"https:\/\/informelitoral.com.ar\/#\/schema\/person\/f05f9f461677119578717524b127d6d5"},"headline":"Bordet: \u201cMuy lejos en el tiempo qued\u00f3 la discrecionalidad para nombrar a quienes tienen la tarea de impartir justicia\u201d","datePublished":"2022-03-17T19:23:58+00:00","mainEntityOfPage":{"@id":"https:\/\/informelitoral.com.ar\/bordet-muy-lejos-en-el-tiempo-quedo-la-discrecionalidad-para-nombrar-a-quienes-tienen-la-tarea-de-impartir-justicia\/"},"wordCount":1073,"commentCount":0,"publisher":{"@id":"https:\/\/informelitoral.com.ar\/#organization"},"image":{"@id":"https:\/\/informelitoral.com.ar\/bordet-muy-lejos-en-el-tiempo-quedo-la-discrecionalidad-para-nombrar-a-quienes-tienen-la-tarea-de-impartir-justicia\/#primaryimage"},"thumbnailUrl":"https:\/\/informelitoral.com.ar\/%77%70%2d%63%6f%6e%74%65%6e%74\/uploads\/2022\/03\/x_1647536196.jpg","keywords":["Foro Federal de Consejos de la Magistratura","Gustavo Bordet","Inauguraci\u00f3n"],"articleSection":["Politica"],"inLanguage":"es","potentialAction":[{"@type":"CommentAction","name":"Comment","target":["https:\/\/informelitoral.com.ar\/bordet-muy-lejos-en-el-tiempo-quedo-la-discrecionalidad-para-nombrar-a-quienes-tienen-la-tarea-de-impartir-justicia\/#respond"]}]},{"@type":"WebPage","@id":"https:\/\/informelitoral.com.ar\/bordet-muy-lejos-en-el-tiempo-quedo-la-discrecionalidad-para-nombrar-a-quienes-tienen-la-tarea-de-impartir-justicia\/","url":"https:\/\/informelitoral.com.ar\/bordet-muy-lejos-en-el-tiempo-quedo-la-discrecionalidad-para-nombrar-a-quienes-tienen-la-tarea-de-impartir-justicia\/","name":"Bordet: \u201cMuy lejos en el tiempo qued\u00f3 la discrecionalidad para nombrar a quienes tienen la tarea de impartir justicia\u201d - Informe Litoral","isPartOf":{"@id":"https:\/\/informelitoral.com.ar\/#website"},"primaryImageOfPage":{"@id":"https:\/\/informelitoral.com.ar\/bordet-muy-lejos-en-el-tiempo-quedo-la-discrecionalidad-para-nombrar-a-quienes-tienen-la-tarea-de-impartir-justicia\/#primaryimage"},"image":{"@id":"https:\/\/informelitoral.com.ar\/bordet-muy-lejos-en-el-tiempo-quedo-la-discrecionalidad-para-nombrar-a-quienes-tienen-la-tarea-de-impartir-justicia\/#primaryimage"},"thumbnailUrl":"https:\/\/informelitoral.com.ar\/%77%70%2d%63%6f%6e%74%65%6e%74\/uploads\/2022\/03\/x_1647536196.jpg","datePublished":"2022-03-17T19:23:58+00:00","breadcrumb":{"@id":"https:\/\/informelitoral.com.ar\/bordet-muy-lejos-en-el-tiempo-quedo-la-discrecionalidad-para-nombrar-a-quienes-tienen-la-tarea-de-impartir-justicia\/#breadcrumb"},"inLanguage":"es","potentialAction":[{"@type":"ReadAction","target":["https:\/\/informelitoral.com.ar\/bordet-muy-lejos-en-el-tiempo-quedo-la-discrecionalidad-para-nombrar-a-quienes-tienen-la-tarea-de-impartir-justicia\/"]}]},{"@type":"ImageObject","inLanguage":"es","@id":"https:\/\/informelitoral.com.ar\/bordet-muy-lejos-en-el-tiempo-quedo-la-discrecionalidad-para-nombrar-a-quienes-tienen-la-tarea-de-impartir-justicia\/#primaryimage","url":"https:\/\/informelitoral.com.ar\/%77%70%2d%63%6f%6e%74%65%6e%74\/uploads\/2022\/03\/x_1647536196.jpg","contentUrl":"https:\/\/informelitoral.com.ar\/%77%70%2d%63%6f%6e%74%65%6e%74\/uploads\/2022\/03\/x_1647536196.jpg","width":1920,"height":1280},{"@type":"BreadcrumbList","@id":"https:\/\/informelitoral.com.ar\/bordet-muy-lejos-en-el-tiempo-quedo-la-discrecionalidad-para-nombrar-a-quienes-tienen-la-tarea-de-impartir-justicia\/#breadcrumb","itemListElement":[{"@type":"ListItem","position":1,"name":"Portada","item":"https:\/\/informelitoral.com.ar\/"},{"@type":"ListItem","position":2,"name":"Bordet: \u201cMuy lejos en el tiempo qued\u00f3 la discrecionalidad para nombrar a quienes tienen la tarea de impartir justicia\u201d"}]},{"@type":"WebSite","@id":"https:\/\/informelitoral.com.ar\/#website","url":"https:\/\/informelitoral.com.ar\/","name":"Informe Litoral","description":"&quot;Nos informamos&quot; ","publisher":{"@id":"https:\/\/informelitoral.com.ar\/#organization"},"potentialAction":[{"@type":"SearchAction","target":{"@type":"EntryPoint","urlTemplate":"https:\/\/informelitoral.com.ar\/?s={search_term_string}"},"query-input":{"@type":"PropertyValueSpecification","valueRequired":true,"valueName":"search_term_string"}}],"inLanguage":"es"},{"@type":"Organization","@id":"https:\/\/informelitoral.com.ar\/#organization","name":"Informe Litoral","url":"https:\/\/informelitoral.com.ar\/","logo":{"@type":"ImageObject","inLanguage":"es","@id":"https:\/\/informelitoral.com.ar\/#\/schema\/logo\/image\/","url":"https:\/\/informelitoral.com.ar\/%77%70%2d%63%6f%6e%74%65%6e%74\/uploads\/2021\/01\/circulo.png","contentUrl":"https:\/\/informelitoral.com.ar\/%77%70%2d%63%6f%6e%74%65%6e%74\/uploads\/2021\/01\/circulo.png","width":723,"height":731,"caption":"Informe Litoral"},"image":{"@id":"https:\/\/informelitoral.com.ar\/#\/schema\/logo\/image\/"},"sameAs":["https:\/\/www.facebook.com\/informelitoral\/","https:\/\/x.com\/InformeLitoral","https:\/\/www.instagram.com\/informelitoral\/","https:\/\/www.youtube.com\/channel\/UCua4Qvz8Icb6MYqhoq9xLXw"]},{"@type":"Person","@id":"https:\/\/informelitoral.com.ar\/#\/schema\/person\/f05f9f461677119578717524b127d6d5","name":"Sebastian","image":{"@type":"ImageObject","inLanguage":"es","@id":"https:\/\/secure.gravatar.com\/avatar\/b71bf7481d447dfb9583c7f2798e7cc64de6efb9067b74633ed8c31059a3bd82?s=96&d=mm&r=g","url":"https:\/\/secure.gravatar.com\/avatar\/b71bf7481d447dfb9583c7f2798e7cc64de6efb9067b74633ed8c31059a3bd82?s=96&d=mm&r=g","contentUrl":"https:\/\/secure.gravatar.com\/avatar\/b71bf7481d447dfb9583c7f2798e7cc64de6efb9067b74633ed8c31059a3bd82?s=96&d=mm&r=g","caption":"Sebastian"},"url":"https:\/\/informelitoral.com.ar\/author\/sebastian\/"}]}},"_links":{"self":[{"href":"https:\/\/informelitoral.com.ar\/%77%70%2d%6a%73%6f%6e\/wp\/v2\/posts\/73571","targetHints":{"allow":["GET"]}}],"collection":[{"href":"https:\/\/informelitoral.com.ar\/%77%70%2d%6a%73%6f%6e\/wp\/v2\/posts"}],"about":[{"href":"https:\/\/informelitoral.com.ar\/%77%70%2d%6a%73%6f%6e\/wp\/v2\/types\/post"}],"author":[{"embeddable":true,"href":"https:\/\/informelitoral.com.ar\/%77%70%2d%6a%73%6f%6e\/wp\/v2\/users\/8"}],"replies":[{"embeddable":true,"href":"https:\/\/informelitoral.com.ar\/%77%70%2d%6a%73%6f%6e\/wp\/v2\/comments?post=73571"}],"version-history":[{"count":0,"href":"https:\/\/informelitoral.com.ar\/%77%70%2d%6a%73%6f%6e\/wp\/v2\/posts\/73571\/revisions"}],"wp:featuredmedia":[{"embeddable":true,"href":"https:\/\/informelitoral.com.ar\/%77%70%2d%6a%73%6f%6e\/wp\/v2\/media\/73572"}],"wp:attachment":[{"href":"https:\/\/informelitoral.com.ar\/%77%70%2d%6a%73%6f%6e\/wp\/v2\/media?parent=73571"}],"wp:term":[{"taxonomy":"category","embeddable":true,"href":"https:\/\/informelitoral.com.ar\/%77%70%2d%6a%73%6f%6e\/wp\/v2\/categories?post=73571"},{"taxonomy":"post_tag","embeddable":true,"href":"https:\/\/informelitoral.com.ar\/%77%70%2d%6a%73%6f%6e\/wp\/v2\/tags?post=73571"}],"curies":[{"name":"wp","href":"https:\/\/api.w.org\/{rel}","templated":true}]}}