{"id":7357,"date":"2014-07-06T21:03:42","date_gmt":"2014-07-07T00:03:42","guid":{"rendered":"http:\/\/www.isletasnoticias.com.ar\/?p=7357"},"modified":"2014-07-06T21:09:27","modified_gmt":"2014-07-07T00:09:27","slug":"diputado-monge-destaco-que-la-idea-de-unen-es-resolver-los-problemas-de-fondo","status":"publish","type":"post","link":"https:\/\/informelitoral.com.ar\/diputado-monge-destaco-que-la-idea-de-unen-es-resolver-los-problemas-de-fondo\/","title":{"rendered":"Diputado Monge destac\u00f3 que la intenci\u00f3n de UNEN es \u00abresolver los problemas de fondo\u00bb"},"content":{"rendered":"<p><strong>El diputado provincial <em>Jorge Monge (UCR)<\/em>, en declaraciones a <em>IN<\/em>, pidi\u00f3 \u201chacer una gran convocatoria y dejar las diferencias de lado en las cosas trascendentales\u201d. Adem\u00e1s, valor\u00f3 nuevamente la militancia de los j\u00f3venes del partido y afirm\u00f3 que el fraude a ATER \u201ctiene que investigarse hasta las \u00faltimas consecuencias\u201d.<a href=\"http:\/\/www.isletasnoticias.com.ar\/%77%70%2d%63%6f%6e%74%65%6e%74\/uploads\/2013\/10\/diputado-jorge-monge.jpg\"><img loading=\"lazy\" decoding=\"async\" class=\"aligncenter wp-image-3791\" src=\"http:\/\/www.isletasnoticias.com.ar\/%77%70%2d%63%6f%6e%74%65%6e%74\/uploads\/2013\/10\/diputado-jorge-monge-300x195.jpg\" alt=\"diputado-jorge-monge\" width=\"500\" height=\"325\" srcset=\"https:\/\/informelitoral.com.ar\/%77%70%2d%63%6f%6e%74%65%6e%74\/uploads\/2013\/10\/diputado-jorge-monge-300x195.jpg 300w, https:\/\/informelitoral.com.ar\/%77%70%2d%63%6f%6e%74%65%6e%74\/uploads\/2013\/10\/diputado-jorge-monge.jpg 722w\" sizes=\"auto, (max-width: 500px) 100vw, 500px\" \/><\/a> <\/strong><\/p>\n<p>En declaraciones a <strong><em>ISLETAS NOTICIAS<\/em><\/strong>, el diputado provincial de la Uni\u00f3n C\u00edvica Radical, <strong>Jorge Monge<\/strong>, destac\u00f3 que el Primer Encuentro de J\u00f3venes Radicales del Departamento Diamante que se desarroll\u00f3 el s\u00e1bado 28 de junio en la localidad, \u201cfue una experiencia importante que han organizado los j\u00f3venes radicales de Isletas y nosotros participamos para tratar de transmitir experiencia, porque en mi caso, tuve la suerte de ser presidente de la Juventud Radical de Entre R\u00edos e integr\u00e9 durante 4 a\u00f1os el Comit\u00e9 Nacional de la JR. Nos parece importante que se formen, discutan y debatan ideas\u201d.<\/p>\n<p>En relaci\u00f3n a la conformaci\u00f3n del Frente Amplio UNEN a nivel provincial, el legislador adelant\u00f3 que \u201cen pocos d\u00edas m\u00e1s en Entre R\u00edos se va a replicar esta nueva alternativa que se est\u00e1 planteando a nivel nacional. Somos un grupo importante de dirigentes que pensamos parecido en las grandes cuestiones de la sociedad argentina, como es crear m\u00e1s ciudadan\u00eda, ir eliminando el clientelismo pol\u00edtico, que vuelva el respeto a las instituciones, una reinserci\u00f3n de la argentina en el mundo porque en esta d\u00e9cada se perdi\u00f3 prestigio y seriedad, recrear la cultura del trabajo, seguridad jur\u00eddica para que hayan inversiones con lo cual se logra desarrollo e inclusi\u00f3n social, entre otros temas que resuelvan los problemas de fondo y no s\u00f3lo sean parches para ganar elecciones Todos eso requiere de un gobierno serio que no cambie las reglas de juego permanentemente y para eso hay que hacer una gran convocatoria y dejar las diferencias de lado en las cuestiones trascendentales\u201d, afirm\u00f3.<\/p>\n<p>Por otro lado y en relaci\u00f3n a uno de los temas candentes a nivel provincial, como el fraude a la Administradora Tributaria de Entre R\u00edos (ATER), expres\u00f3 que \u201cen ese sentido con la diputada <span style=\"color: #545454;\">\u00a0(Mar\u00eda Ema)\u00a0<\/span>Barga\u00f1a presentamos una ampliaci\u00f3n de denuncia ante el juzgado N\u00b0 6 de la Dra. Marina Barbagelata a los fines de que se presenten nuevas pruebas y se ampl\u00ede el plazo de investigaci\u00f3n. Creemos que son muchos millones m\u00e1s que los que se han anunciado en los medios de comunicaci\u00f3n y los responsables de ese hecho tambi\u00e9n son m\u00e1s. Hasta el momento es la causa de corrupci\u00f3n m\u00e1s importante de la historia de Entre R\u00edos y tiene que investigarse hasta las \u00faltimas consecuencias, por eso solicitamos a la jueza que cite a los grandes contribuyentes de la provincia\u201d, remarc\u00f3 el diamantino.<\/p>\n","protected":false},"excerpt":{"rendered":"<p>El diputado provincial Jorge Monge (UCR), en declaraciones a IN, pidi&oacute; &ldquo;hacer una gran convocatoria y dejar las diferencias de lado en las cosas trascendentales&rdquo;. Adem&aacute;s, valor&oacute; nuevamente la militancia de los j&oacute;venes del partido y afirm&oacute; que el fraude a ATER &ldquo;tiene que investigarse hasta las &uacute;ltimas consecuencias&rdquo;. En declaraciones a ISLETAS NOTICIAS, el [&hellip;]<\/p>\n","protected":false},"author":2,"featured_media":0,"comment_status":"open","ping_status":"open","sticky":false,"template":"","format":"standard","meta":{"fifu_image_url":"","fifu_image_alt":"","footnotes":""},"categories":[16],"tags":[],"class_list":{"0":"post-7357","1":"post","2":"type-post","3":"status-publish","4":"format-standard","6":"category-politi"},"yoast_head":"<title>Diputado Monge destac\u00f3 que la intenci\u00f3n de UNEN es &quot;resolver los problemas de fondo&quot; - Informe Litoral<\/title>\n<meta name=\"robots\" content=\"index, follow, max-snippet:-1, max-image-preview:large, max-video-preview:-1\" \/>\n<link rel=\"canonical\" href=\"https:\/\/informelitoral.com.ar\/diputado-monge-destaco-que-la-idea-de-unen-es-resolver-los-problemas-de-fondo\/\" \/>\n<meta property=\"og:locale\" content=\"es_ES\" \/>\n<meta property=\"og:type\" content=\"article\" \/>\n<meta property=\"og:title\" content=\"Diputado Monge destac\u00f3 que la intenci\u00f3n de UNEN es &quot;resolver los problemas de fondo&quot; - Informe Litoral\" \/>\n<meta property=\"og:description\" content=\"El diputado provincial Jorge Monge (UCR), en declaraciones a IN, pidi&oacute; &ldquo;hacer una gran convocatoria y dejar las diferencias de lado en las cosas trascendentales&rdquo;. Adem&aacute;s, valor&oacute; nuevamente la militancia de los j&oacute;venes del partido y afirm&oacute; que el fraude a ATER &ldquo;tiene que investigarse hasta las &uacute;ltimas consecuencias&rdquo;. En declaraciones a ISLETAS NOTICIAS, el [&hellip;]\" \/>\n<meta property=\"og:url\" content=\"https:\/\/informelitoral.com.ar\/diputado-monge-destaco-que-la-idea-de-unen-es-resolver-los-problemas-de-fondo\/\" \/>\n<meta property=\"og:site_name\" content=\"Informe Litoral\" \/>\n<meta property=\"article:publisher\" content=\"https:\/\/www.facebook.com\/informelitoral\/\" \/>\n<meta property=\"article:published_time\" content=\"2014-07-07T00:03:42+00:00\" \/>\n<meta property=\"article:modified_time\" content=\"2014-07-07T00:09:27+00:00\" \/>\n<meta property=\"og:image\" content=\"https:\/\/informelitoral.com.ar\/%77%70%2d%63%6f%6e%74%65%6e%74\/uploads\/2013\/10\/diputado-jorge-monge.jpg\" \/>\n\t<meta property=\"og:image:width\" content=\"722\" \/>\n\t<meta property=\"og:image:height\" content=\"470\" \/>\n\t<meta property=\"og:image:type\" content=\"image\/jpeg\" \/>\n<meta name=\"author\" content=\"Gonzalo Schmidt\" \/>\n<meta name=\"twitter:card\" content=\"summary_large_image\" \/>\n<meta name=\"twitter:creator\" content=\"@InformeLitoral\" \/>\n<meta name=\"twitter:site\" content=\"@InformeLitoral\" \/>\n<meta name=\"twitter:label1\" content=\"Escrito por\" \/>\n\t<meta name=\"twitter:data1\" content=\"Gonzalo Schmidt\" \/>\n\t<meta name=\"twitter:label2\" content=\"Tiempo de lectura\" \/>\n\t<meta name=\"twitter:data2\" content=\"2 minutos\" \/>\n<script type=\"application\/ld+json\" class=\"yoast-schema-graph\">{\"@context\":\"https:\\\/\\\/schema.org\",\"@graph\":[{\"@type\":\"Article\",\"@id\":\"https:\\\/\\\/informelitoral.com.ar\\\/diputado-monge-destaco-que-la-idea-de-unen-es-resolver-los-problemas-de-fondo\\\/#article\",\"isPartOf\":{\"@id\":\"https:\\\/\\\/informelitoral.com.ar\\\/diputado-monge-destaco-que-la-idea-de-unen-es-resolver-los-problemas-de-fondo\\\/\"},\"author\":{\"name\":\"Gonzalo Schmidt\",\"@id\":\"https:\\\/\\\/informelitoral.com.ar\\\/#\\\/schema\\\/person\\\/b9d00407c836482871ef1d57bf8e3180\"},\"headline\":\"Diputado Monge destac\u00f3 que la intenci\u00f3n de UNEN es \u00abresolver los problemas de fondo\u00bb\",\"datePublished\":\"2014-07-07T00:03:42+00:00\",\"dateModified\":\"2014-07-07T00:09:27+00:00\",\"mainEntityOfPage\":{\"@id\":\"https:\\\/\\\/informelitoral.com.ar\\\/diputado-monge-destaco-que-la-idea-de-unen-es-resolver-los-problemas-de-fondo\\\/\"},\"wordCount\":488,\"commentCount\":0,\"publisher\":{\"@id\":\"https:\\\/\\\/informelitoral.com.ar\\\/#organization\"},\"image\":{\"@id\":\"https:\\\/\\\/informelitoral.com.ar\\\/diputado-monge-destaco-que-la-idea-de-unen-es-resolver-los-problemas-de-fondo\\\/#primaryimage\"},\"thumbnailUrl\":\"http:\\\/\\\/www.isletasnoticias.com.ar\\\/%77%70%2d%63%6f%6e%74%65%6e%74\\\/uploads\\\/2013\\\/10\\\/diputado-jorge-monge-300x195.jpg\",\"articleSection\":[\"Politica\"],\"inLanguage\":\"es\",\"potentialAction\":[{\"@type\":\"CommentAction\",\"name\":\"Comment\",\"target\":[\"https:\\\/\\\/informelitoral.com.ar\\\/diputado-monge-destaco-que-la-idea-de-unen-es-resolver-los-problemas-de-fondo\\\/#respond\"]}]},{\"@type\":\"WebPage\",\"@id\":\"https:\\\/\\\/informelitoral.com.ar\\\/diputado-monge-destaco-que-la-idea-de-unen-es-resolver-los-problemas-de-fondo\\\/\",\"url\":\"https:\\\/\\\/informelitoral.com.ar\\\/diputado-monge-destaco-que-la-idea-de-unen-es-resolver-los-problemas-de-fondo\\\/\",\"name\":\"Diputado Monge destac\u00f3 que la intenci\u00f3n de UNEN es \\\"resolver los problemas de fondo\\\" - Informe Litoral\",\"isPartOf\":{\"@id\":\"https:\\\/\\\/informelitoral.com.ar\\\/#website\"},\"primaryImageOfPage\":{\"@id\":\"https:\\\/\\\/informelitoral.com.ar\\\/diputado-monge-destaco-que-la-idea-de-unen-es-resolver-los-problemas-de-fondo\\\/#primaryimage\"},\"image\":{\"@id\":\"https:\\\/\\\/informelitoral.com.ar\\\/diputado-monge-destaco-que-la-idea-de-unen-es-resolver-los-problemas-de-fondo\\\/#primaryimage\"},\"thumbnailUrl\":\"http:\\\/\\\/www.isletasnoticias.com.ar\\\/%77%70%2d%63%6f%6e%74%65%6e%74\\\/uploads\\\/2013\\\/10\\\/diputado-jorge-monge-300x195.jpg\",\"datePublished\":\"2014-07-07T00:03:42+00:00\",\"dateModified\":\"2014-07-07T00:09:27+00:00\",\"breadcrumb\":{\"@id\":\"https:\\\/\\\/informelitoral.com.ar\\\/diputado-monge-destaco-que-la-idea-de-unen-es-resolver-los-problemas-de-fondo\\\/#breadcrumb\"},\"inLanguage\":\"es\",\"potentialAction\":[{\"@type\":\"ReadAction\",\"target\":[\"https:\\\/\\\/informelitoral.com.ar\\\/diputado-monge-destaco-que-la-idea-de-unen-es-resolver-los-problemas-de-fondo\\\/\"]}]},{\"@type\":\"ImageObject\",\"inLanguage\":\"es\",\"@id\":\"https:\\\/\\\/informelitoral.com.ar\\\/diputado-monge-destaco-que-la-idea-de-unen-es-resolver-los-problemas-de-fondo\\\/#primaryimage\",\"url\":\"http:\\\/\\\/www.isletasnoticias.com.ar\\\/%77%70%2d%63%6f%6e%74%65%6e%74\\\/uploads\\\/2013\\\/10\\\/diputado-jorge-monge-300x195.jpg\",\"contentUrl\":\"http:\\\/\\\/www.isletasnoticias.com.ar\\\/%77%70%2d%63%6f%6e%74%65%6e%74\\\/uploads\\\/2013\\\/10\\\/diputado-jorge-monge-300x195.jpg\"},{\"@type\":\"BreadcrumbList\",\"@id\":\"https:\\\/\\\/informelitoral.com.ar\\\/diputado-monge-destaco-que-la-idea-de-unen-es-resolver-los-problemas-de-fondo\\\/#breadcrumb\",\"itemListElement\":[{\"@type\":\"ListItem\",\"position\":1,\"name\":\"Portada\",\"item\":\"https:\\\/\\\/informelitoral.com.ar\\\/\"},{\"@type\":\"ListItem\",\"position\":2,\"name\":\"Diputado Monge destac\u00f3 que la intenci\u00f3n de UNEN es \u00abresolver los problemas de fondo\u00bb\"}]},{\"@type\":\"WebSite\",\"@id\":\"https:\\\/\\\/informelitoral.com.ar\\\/#website\",\"url\":\"https:\\\/\\\/informelitoral.com.ar\\\/\",\"name\":\"Informe Litoral\",\"description\":\"&quot;Nos informamos&quot; \",\"publisher\":{\"@id\":\"https:\\\/\\\/informelitoral.com.ar\\\/#organization\"},\"potentialAction\":[{\"@type\":\"SearchAction\",\"target\":{\"@type\":\"EntryPoint\",\"urlTemplate\":\"https:\\\/\\\/informelitoral.com.ar\\\/?s={search_term_string}\"},\"query-input\":{\"@type\":\"PropertyValueSpecification\",\"valueRequired\":true,\"valueName\":\"search_term_string\"}}],\"inLanguage\":\"es\"},{\"@type\":\"Organization\",\"@id\":\"https:\\\/\\\/informelitoral.com.ar\\\/#organization\",\"name\":\"Informe Litoral\",\"url\":\"https:\\\/\\\/informelitoral.com.ar\\\/\",\"logo\":{\"@type\":\"ImageObject\",\"inLanguage\":\"es\",\"@id\":\"https:\\\/\\\/informelitoral.com.ar\\\/#\\\/schema\\\/logo\\\/image\\\/\",\"url\":\"https:\\\/\\\/informelitoral.com.ar\\\/%77%70%2d%63%6f%6e%74%65%6e%74\\\/uploads\\\/2021\\\/01\\\/circulo.png\",\"contentUrl\":\"https:\\\/\\\/informelitoral.com.ar\\\/%77%70%2d%63%6f%6e%74%65%6e%74\\\/uploads\\\/2021\\\/01\\\/circulo.png\",\"width\":723,\"height\":731,\"caption\":\"Informe Litoral\"},\"image\":{\"@id\":\"https:\\\/\\\/informelitoral.com.ar\\\/#\\\/schema\\\/logo\\\/image\\\/\"},\"sameAs\":[\"https:\\\/\\\/www.facebook.com\\\/informelitoral\\\/\",\"https:\\\/\\\/x.com\\\/InformeLitoral\",\"https:\\\/\\\/www.instagram.com\\\/informelitoral\\\/\",\"https:\\\/\\\/www.youtube.com\\\/channel\\\/UCua4Qvz8Icb6MYqhoq9xLXw\"]},{\"@type\":\"Person\",\"@id\":\"https:\\\/\\\/informelitoral.com.ar\\\/#\\\/schema\\\/person\\\/b9d00407c836482871ef1d57bf8e3180\",\"name\":\"Gonzalo Schmidt\",\"image\":{\"@type\":\"ImageObject\",\"inLanguage\":\"es\",\"@id\":\"https:\\\/\\\/secure.gravatar.com\\\/avatar\\\/31a1a7b66ff2de83bd0e9fd79d026630d2d99e55e8bfe501287647b4fd9743de?s=96&d=mm&r=g\",\"url\":\"https:\\\/\\\/secure.gravatar.com\\\/avatar\\\/31a1a7b66ff2de83bd0e9fd79d026630d2d99e55e8bfe501287647b4fd9743de?s=96&d=mm&r=g\",\"contentUrl\":\"https:\\\/\\\/secure.gravatar.com\\\/avatar\\\/31a1a7b66ff2de83bd0e9fd79d026630d2d99e55e8bfe501287647b4fd9743de?s=96&d=mm&r=g\",\"caption\":\"Gonzalo Schmidt\"},\"description\":\"Sitio web de noticias de la provincia de Entre R\u00edos, Argentina. Informaci\u00f3n y entretenimiento. Informe Litoral, nos informamos.\",\"sameAs\":[\"http:\\\/\\\/www.isletasnoticias.com.ar\"],\"url\":\"https:\\\/\\\/informelitoral.com.ar\\\/author\\\/gonzalo\\\/\"}]}<\/script>","yoast_head_json":{"title":"Diputado Monge destac\u00f3 que la intenci\u00f3n de UNEN es \"resolver los problemas de fondo\" - Informe Litoral","robots":{"index":"index","follow":"follow","max-snippet":"max-snippet:-1","max-image-preview":"max-image-preview:large","max-video-preview":"max-video-preview:-1"},"canonical":"https:\/\/informelitoral.com.ar\/diputado-monge-destaco-que-la-idea-de-unen-es-resolver-los-problemas-de-fondo\/","og_locale":"es_ES","og_type":"article","og_title":"Diputado Monge destac\u00f3 que la intenci\u00f3n de UNEN es \"resolver los problemas de fondo\" - Informe Litoral","og_description":"El diputado provincial Jorge Monge (UCR), en declaraciones a IN, pidi&oacute; &ldquo;hacer una gran convocatoria y dejar las diferencias de lado en las cosas trascendentales&rdquo;. Adem&aacute;s, valor&oacute; nuevamente la militancia de los j&oacute;venes del partido y afirm&oacute; que el fraude a ATER &ldquo;tiene que investigarse hasta las &uacute;ltimas consecuencias&rdquo;. En declaraciones a ISLETAS NOTICIAS, el [&hellip;]","og_url":"https:\/\/informelitoral.com.ar\/diputado-monge-destaco-que-la-idea-de-unen-es-resolver-los-problemas-de-fondo\/","og_site_name":"Informe Litoral","article_publisher":"https:\/\/www.facebook.com\/informelitoral\/","article_published_time":"2014-07-07T00:03:42+00:00","article_modified_time":"2014-07-07T00:09:27+00:00","og_image":[{"width":722,"height":470,"url":"https:\/\/informelitoral.com.ar\/%77%70%2d%63%6f%6e%74%65%6e%74\/uploads\/2013\/10\/diputado-jorge-monge.jpg","type":"image\/jpeg"}],"author":"Gonzalo Schmidt","twitter_card":"summary_large_image","twitter_creator":"@InformeLitoral","twitter_site":"@InformeLitoral","twitter_misc":{"Escrito por":"Gonzalo Schmidt","Tiempo de lectura":"2 minutos"},"schema":{"@context":"https:\/\/schema.org","@graph":[{"@type":"Article","@id":"https:\/\/informelitoral.com.ar\/diputado-monge-destaco-que-la-idea-de-unen-es-resolver-los-problemas-de-fondo\/#article","isPartOf":{"@id":"https:\/\/informelitoral.com.ar\/diputado-monge-destaco-que-la-idea-de-unen-es-resolver-los-problemas-de-fondo\/"},"author":{"name":"Gonzalo Schmidt","@id":"https:\/\/informelitoral.com.ar\/#\/schema\/person\/b9d00407c836482871ef1d57bf8e3180"},"headline":"Diputado Monge destac\u00f3 que la intenci\u00f3n de UNEN es \u00abresolver los problemas de fondo\u00bb","datePublished":"2014-07-07T00:03:42+00:00","dateModified":"2014-07-07T00:09:27+00:00","mainEntityOfPage":{"@id":"https:\/\/informelitoral.com.ar\/diputado-monge-destaco-que-la-idea-de-unen-es-resolver-los-problemas-de-fondo\/"},"wordCount":488,"commentCount":0,"publisher":{"@id":"https:\/\/informelitoral.com.ar\/#organization"},"image":{"@id":"https:\/\/informelitoral.com.ar\/diputado-monge-destaco-que-la-idea-de-unen-es-resolver-los-problemas-de-fondo\/#primaryimage"},"thumbnailUrl":"http:\/\/www.isletasnoticias.com.ar\/%77%70%2d%63%6f%6e%74%65%6e%74\/uploads\/2013\/10\/diputado-jorge-monge-300x195.jpg","articleSection":["Politica"],"inLanguage":"es","potentialAction":[{"@type":"CommentAction","name":"Comment","target":["https:\/\/informelitoral.com.ar\/diputado-monge-destaco-que-la-idea-de-unen-es-resolver-los-problemas-de-fondo\/#respond"]}]},{"@type":"WebPage","@id":"https:\/\/informelitoral.com.ar\/diputado-monge-destaco-que-la-idea-de-unen-es-resolver-los-problemas-de-fondo\/","url":"https:\/\/informelitoral.com.ar\/diputado-monge-destaco-que-la-idea-de-unen-es-resolver-los-problemas-de-fondo\/","name":"Diputado Monge destac\u00f3 que la intenci\u00f3n de UNEN es \"resolver los problemas de fondo\" - Informe Litoral","isPartOf":{"@id":"https:\/\/informelitoral.com.ar\/#website"},"primaryImageOfPage":{"@id":"https:\/\/informelitoral.com.ar\/diputado-monge-destaco-que-la-idea-de-unen-es-resolver-los-problemas-de-fondo\/#primaryimage"},"image":{"@id":"https:\/\/informelitoral.com.ar\/diputado-monge-destaco-que-la-idea-de-unen-es-resolver-los-problemas-de-fondo\/#primaryimage"},"thumbnailUrl":"http:\/\/www.isletasnoticias.com.ar\/%77%70%2d%63%6f%6e%74%65%6e%74\/uploads\/2013\/10\/diputado-jorge-monge-300x195.jpg","datePublished":"2014-07-07T00:03:42+00:00","dateModified":"2014-07-07T00:09:27+00:00","breadcrumb":{"@id":"https:\/\/informelitoral.com.ar\/diputado-monge-destaco-que-la-idea-de-unen-es-resolver-los-problemas-de-fondo\/#breadcrumb"},"inLanguage":"es","potentialAction":[{"@type":"ReadAction","target":["https:\/\/informelitoral.com.ar\/diputado-monge-destaco-que-la-idea-de-unen-es-resolver-los-problemas-de-fondo\/"]}]},{"@type":"ImageObject","inLanguage":"es","@id":"https:\/\/informelitoral.com.ar\/diputado-monge-destaco-que-la-idea-de-unen-es-resolver-los-problemas-de-fondo\/#primaryimage","url":"http:\/\/www.isletasnoticias.com.ar\/%77%70%2d%63%6f%6e%74%65%6e%74\/uploads\/2013\/10\/diputado-jorge-monge-300x195.jpg","contentUrl":"http:\/\/www.isletasnoticias.com.ar\/%77%70%2d%63%6f%6e%74%65%6e%74\/uploads\/2013\/10\/diputado-jorge-monge-300x195.jpg"},{"@type":"BreadcrumbList","@id":"https:\/\/informelitoral.com.ar\/diputado-monge-destaco-que-la-idea-de-unen-es-resolver-los-problemas-de-fondo\/#breadcrumb","itemListElement":[{"@type":"ListItem","position":1,"name":"Portada","item":"https:\/\/informelitoral.com.ar\/"},{"@type":"ListItem","position":2,"name":"Diputado Monge destac\u00f3 que la intenci\u00f3n de UNEN es \u00abresolver los problemas de fondo\u00bb"}]},{"@type":"WebSite","@id":"https:\/\/informelitoral.com.ar\/#website","url":"https:\/\/informelitoral.com.ar\/","name":"Informe Litoral","description":"&quot;Nos informamos&quot; ","publisher":{"@id":"https:\/\/informelitoral.com.ar\/#organization"},"potentialAction":[{"@type":"SearchAction","target":{"@type":"EntryPoint","urlTemplate":"https:\/\/informelitoral.com.ar\/?s={search_term_string}"},"query-input":{"@type":"PropertyValueSpecification","valueRequired":true,"valueName":"search_term_string"}}],"inLanguage":"es"},{"@type":"Organization","@id":"https:\/\/informelitoral.com.ar\/#organization","name":"Informe Litoral","url":"https:\/\/informelitoral.com.ar\/","logo":{"@type":"ImageObject","inLanguage":"es","@id":"https:\/\/informelitoral.com.ar\/#\/schema\/logo\/image\/","url":"https:\/\/informelitoral.com.ar\/%77%70%2d%63%6f%6e%74%65%6e%74\/uploads\/2021\/01\/circulo.png","contentUrl":"https:\/\/informelitoral.com.ar\/%77%70%2d%63%6f%6e%74%65%6e%74\/uploads\/2021\/01\/circulo.png","width":723,"height":731,"caption":"Informe Litoral"},"image":{"@id":"https:\/\/informelitoral.com.ar\/#\/schema\/logo\/image\/"},"sameAs":["https:\/\/www.facebook.com\/informelitoral\/","https:\/\/x.com\/InformeLitoral","https:\/\/www.instagram.com\/informelitoral\/","https:\/\/www.youtube.com\/channel\/UCua4Qvz8Icb6MYqhoq9xLXw"]},{"@type":"Person","@id":"https:\/\/informelitoral.com.ar\/#\/schema\/person\/b9d00407c836482871ef1d57bf8e3180","name":"Gonzalo Schmidt","image":{"@type":"ImageObject","inLanguage":"es","@id":"https:\/\/secure.gravatar.com\/avatar\/31a1a7b66ff2de83bd0e9fd79d026630d2d99e55e8bfe501287647b4fd9743de?s=96&d=mm&r=g","url":"https:\/\/secure.gravatar.com\/avatar\/31a1a7b66ff2de83bd0e9fd79d026630d2d99e55e8bfe501287647b4fd9743de?s=96&d=mm&r=g","contentUrl":"https:\/\/secure.gravatar.com\/avatar\/31a1a7b66ff2de83bd0e9fd79d026630d2d99e55e8bfe501287647b4fd9743de?s=96&d=mm&r=g","caption":"Gonzalo Schmidt"},"description":"Sitio web de noticias de la provincia de Entre R\u00edos, Argentina. Informaci\u00f3n y entretenimiento. Informe Litoral, nos informamos.","sameAs":["http:\/\/www.isletasnoticias.com.ar"],"url":"https:\/\/informelitoral.com.ar\/author\/gonzalo\/"}]}},"_links":{"self":[{"href":"https:\/\/informelitoral.com.ar\/%77%70%2d%6a%73%6f%6e\/wp\/v2\/posts\/7357","targetHints":{"allow":["GET"]}}],"collection":[{"href":"https:\/\/informelitoral.com.ar\/%77%70%2d%6a%73%6f%6e\/wp\/v2\/posts"}],"about":[{"href":"https:\/\/informelitoral.com.ar\/%77%70%2d%6a%73%6f%6e\/wp\/v2\/types\/post"}],"author":[{"embeddable":true,"href":"https:\/\/informelitoral.com.ar\/%77%70%2d%6a%73%6f%6e\/wp\/v2\/users\/2"}],"replies":[{"embeddable":true,"href":"https:\/\/informelitoral.com.ar\/%77%70%2d%6a%73%6f%6e\/wp\/v2\/comments?post=7357"}],"version-history":[{"count":0,"href":"https:\/\/informelitoral.com.ar\/%77%70%2d%6a%73%6f%6e\/wp\/v2\/posts\/7357\/revisions"}],"wp:attachment":[{"href":"https:\/\/informelitoral.com.ar\/%77%70%2d%6a%73%6f%6e\/wp\/v2\/media?parent=7357"}],"wp:term":[{"taxonomy":"category","embeddable":true,"href":"https:\/\/informelitoral.com.ar\/%77%70%2d%6a%73%6f%6e\/wp\/v2\/categories?post=7357"},{"taxonomy":"post_tag","embeddable":true,"href":"https:\/\/informelitoral.com.ar\/%77%70%2d%6a%73%6f%6e\/wp\/v2\/tags?post=7357"}],"curies":[{"name":"wp","href":"https:\/\/api.w.org\/{rel}","templated":true}]}}