{"id":73525,"date":"2022-03-17T07:50:54","date_gmt":"2022-03-17T10:50:54","guid":{"rendered":"https:\/\/www.informelitoral.com.ar\/?p=73525"},"modified":"2022-03-17T08:43:40","modified_gmt":"2022-03-17T11:43:40","slug":"frigorificos-exportadores-seguiran-dentro-del-programa-cortes-cuidados","status":"publish","type":"post","link":"https:\/\/informelitoral.com.ar\/frigorificos-exportadores-seguiran-dentro-del-programa-cortes-cuidados\/","title":{"rendered":"Frigor\u00edficos exportadores seguir\u00e1n dentro del programa Cortes Cuidados"},"content":{"rendered":"<p>Los frigor\u00edficos integrantes del Consorcio de Exportadores de Carnes (ABC) continuar\u00e1n participando del programa Cortes Cuidados tras la intimaci\u00f3n del Gobierno nacional, afirm\u00f3 hoy el presidente de la c\u00e1mara empresaria, Mario Ravettino.<\/p>\n<p>De esta manera, las empresas exportadoras dieron marcha atr\u00e1s en la decisi\u00f3n de abandonar el programa acordado, que prev\u00e9 la oferta de 6.000 toneladas mensuales de siete cortes populares de carne vacuna a precios por debajo de los del mercados.<\/p>\n<p>La c\u00e1mara tom\u00f3 la decisi\u00f3n tras las reuni\u00f3n que mantuvo hoy con el ministro de Agricultura, Ganader\u00eda y Pesca, Juli\u00e1n Dom\u00ednguez, quien les advirti\u00f3 que de abandonar la provisi\u00f3n de dichos cortes se les impedir\u00eda continuar con los programas de exportaci\u00f3n.<\/p>\n<p>El secretario de Comercio Interior, Roberto Feletti, hab\u00eda intimado ayer a ABC a continuar dentro de los pactado a riesgo de que se aplique la Ley de Abastecimiento sobre las empresas.<\/p>\n<p>En febrero, el Gobierno Nacional renov\u00f3 el acuerdo con los frigor\u00edficos exportadores y las grandes cadenas de supermercados la comercializaci\u00f3n de 6.000 toneladas mensuales de siete cortes de carne vacuna en todo el pa\u00eds, a precios por debajo de los del mercado.<\/p>\n<p>Dicho plan se estableci\u00f3 hasta fin de a\u00f1o, con revisiones a lo largo de este per\u00edodo. La pr\u00f3xima se llevar\u00eda a cabo en abril.<\/p>\n<p>A la fecha, los precios acordados son para la tira de asado de $699; vac\u00edo a $749; matambre a $779; falda a $449; tapa de asado a $639; nalga a $799 y paleta a $649.<\/p>\n<p>El dirigente empresario sostuvo que durante el encuentro que mantuvieron con Dom\u00ednguez, \u00abcada uno pudo exponer con tranquilidad y tiempo nuestras posiciones. Quedamos en una mesa de trabajo para poder avanzar en los diferentes temas\u00bb.<\/p>\n<p>Ravettino agreg\u00f3 que en el encuentro con Dom\u00ednguez \u00abse aclararon todas las cuestiones de acuerdo a la transparencia respecto a la asignaci\u00f3n de exportaciones y a la informaci\u00f3n recibida\u00bb, luego de que integrantes del ABC dejaran entrever ayer en medios period\u00edsticos problemas en dicho sistema.<\/p>\n<p>&nbsp;<\/p>\n","protected":false},"excerpt":{"rendered":"<p>Los frigor\u00edficos integrantes del Consorcio de Exportadores de Carnes (ABC) continuar\u00e1n participando del programa Cortes Cuidados tras la intimaci\u00f3n del Gobierno nacional, afirm\u00f3 hoy el presidente de la c\u00e1mara empresaria, Mario Ravettino.<\/p>\n","protected":false},"author":8,"featured_media":73526,"comment_status":"open","ping_status":"open","sticky":false,"template":"","format":"standard","meta":{"fifu_image_url":"","fifu_image_alt":"","footnotes":""},"categories":[1594],"tags":[3111,1061],"class_list":{"0":"post-73525","1":"post","2":"type-post","3":"status-publish","4":"format-standard","5":"has-post-thumbnail","7":"category-economia","8":"tag-cortes-cuidados","9":"tag-frigorificos"},"yoast_head":"<title>Frigor\u00edficos exportadores seguir\u00e1n dentro del programa Cortes Cuidados - Informe Litoral<\/title>\n<meta name=\"robots\" content=\"index, follow, max-snippet:-1, max-image-preview:large, max-video-preview:-1\" \/>\n<link rel=\"canonical\" href=\"https:\/\/informelitoral.com.ar\/frigorificos-exportadores-seguiran-dentro-del-programa-cortes-cuidados\/\" \/>\n<meta property=\"og:locale\" content=\"es_ES\" \/>\n<meta property=\"og:type\" content=\"article\" \/>\n<meta property=\"og:title\" content=\"Frigor\u00edficos exportadores seguir\u00e1n dentro del programa Cortes Cuidados - Informe Litoral\" \/>\n<meta property=\"og:description\" content=\"Los frigor\u00edficos integrantes del Consorcio de Exportadores de Carnes (ABC) continuar\u00e1n participando del programa Cortes Cuidados tras la intimaci\u00f3n del Gobierno nacional, afirm\u00f3 hoy el presidente de la c\u00e1mara empresaria, Mario Ravettino.\" \/>\n<meta property=\"og:url\" content=\"https:\/\/informelitoral.com.ar\/frigorificos-exportadores-seguiran-dentro-del-programa-cortes-cuidados\/\" \/>\n<meta property=\"og:site_name\" content=\"Informe Litoral\" \/>\n<meta property=\"article:publisher\" content=\"https:\/\/www.facebook.com\/informelitoral\/\" \/>\n<meta property=\"article:published_time\" content=\"2022-03-17T10:50:54+00:00\" \/>\n<meta property=\"article:modified_time\" content=\"2022-03-17T11:43:40+00:00\" \/>\n<meta property=\"og:image\" content=\"https:\/\/informelitoral.com.ar\/%77%70%2d%63%6f%6e%74%65%6e%74\/uploads\/2022\/03\/5ba14f082bd7c_1180_664.jpg\" \/>\n\t<meta property=\"og:image:width\" content=\"1180\" \/>\n\t<meta property=\"og:image:height\" content=\"664\" \/>\n\t<meta property=\"og:image:type\" content=\"image\/jpeg\" \/>\n<meta name=\"author\" content=\"Sebastian\" \/>\n<meta name=\"twitter:card\" content=\"summary_large_image\" \/>\n<meta name=\"twitter:creator\" content=\"@InformeLitoral\" \/>\n<meta name=\"twitter:site\" content=\"@InformeLitoral\" \/>\n<meta name=\"twitter:label1\" content=\"Escrito por\" \/>\n\t<meta name=\"twitter:data1\" content=\"Sebastian\" \/>\n\t<meta name=\"twitter:label2\" content=\"Tiempo de lectura\" \/>\n\t<meta name=\"twitter:data2\" content=\"2 minutos\" \/>\n<script type=\"application\/ld+json\" class=\"yoast-schema-graph\">{\"@context\":\"https:\\\/\\\/schema.org\",\"@graph\":[{\"@type\":\"Article\",\"@id\":\"https:\\\/\\\/informelitoral.com.ar\\\/frigorificos-exportadores-seguiran-dentro-del-programa-cortes-cuidados\\\/#article\",\"isPartOf\":{\"@id\":\"https:\\\/\\\/informelitoral.com.ar\\\/frigorificos-exportadores-seguiran-dentro-del-programa-cortes-cuidados\\\/\"},\"author\":{\"name\":\"Sebastian\",\"@id\":\"https:\\\/\\\/informelitoral.com.ar\\\/#\\\/schema\\\/person\\\/f05f9f461677119578717524b127d6d5\"},\"headline\":\"Frigor\u00edficos exportadores seguir\u00e1n dentro del programa Cortes Cuidados\",\"datePublished\":\"2022-03-17T10:50:54+00:00\",\"dateModified\":\"2022-03-17T11:43:40+00:00\",\"mainEntityOfPage\":{\"@id\":\"https:\\\/\\\/informelitoral.com.ar\\\/frigorificos-exportadores-seguiran-dentro-del-programa-cortes-cuidados\\\/\"},\"wordCount\":356,\"commentCount\":0,\"publisher\":{\"@id\":\"https:\\\/\\\/informelitoral.com.ar\\\/#organization\"},\"image\":{\"@id\":\"https:\\\/\\\/informelitoral.com.ar\\\/frigorificos-exportadores-seguiran-dentro-del-programa-cortes-cuidados\\\/#primaryimage\"},\"thumbnailUrl\":\"https:\\\/\\\/informelitoral.com.ar\\\/%77%70%2d%63%6f%6e%74%65%6e%74\\\/uploads\\\/2022\\\/03\\\/5ba14f082bd7c_1180_664.jpg\",\"keywords\":[\"Cortes Cuidados\",\"Frigor\u00edficos\"],\"articleSection\":[\"Econom\u00eda\"],\"inLanguage\":\"es\",\"potentialAction\":[{\"@type\":\"CommentAction\",\"name\":\"Comment\",\"target\":[\"https:\\\/\\\/informelitoral.com.ar\\\/frigorificos-exportadores-seguiran-dentro-del-programa-cortes-cuidados\\\/#respond\"]}]},{\"@type\":\"WebPage\",\"@id\":\"https:\\\/\\\/informelitoral.com.ar\\\/frigorificos-exportadores-seguiran-dentro-del-programa-cortes-cuidados\\\/\",\"url\":\"https:\\\/\\\/informelitoral.com.ar\\\/frigorificos-exportadores-seguiran-dentro-del-programa-cortes-cuidados\\\/\",\"name\":\"Frigor\u00edficos exportadores seguir\u00e1n dentro del programa Cortes Cuidados - Informe Litoral\",\"isPartOf\":{\"@id\":\"https:\\\/\\\/informelitoral.com.ar\\\/#website\"},\"primaryImageOfPage\":{\"@id\":\"https:\\\/\\\/informelitoral.com.ar\\\/frigorificos-exportadores-seguiran-dentro-del-programa-cortes-cuidados\\\/#primaryimage\"},\"image\":{\"@id\":\"https:\\\/\\\/informelitoral.com.ar\\\/frigorificos-exportadores-seguiran-dentro-del-programa-cortes-cuidados\\\/#primaryimage\"},\"thumbnailUrl\":\"https:\\\/\\\/informelitoral.com.ar\\\/%77%70%2d%63%6f%6e%74%65%6e%74\\\/uploads\\\/2022\\\/03\\\/5ba14f082bd7c_1180_664.jpg\",\"datePublished\":\"2022-03-17T10:50:54+00:00\",\"dateModified\":\"2022-03-17T11:43:40+00:00\",\"breadcrumb\":{\"@id\":\"https:\\\/\\\/informelitoral.com.ar\\\/frigorificos-exportadores-seguiran-dentro-del-programa-cortes-cuidados\\\/#breadcrumb\"},\"inLanguage\":\"es\",\"potentialAction\":[{\"@type\":\"ReadAction\",\"target\":[\"https:\\\/\\\/informelitoral.com.ar\\\/frigorificos-exportadores-seguiran-dentro-del-programa-cortes-cuidados\\\/\"]}]},{\"@type\":\"ImageObject\",\"inLanguage\":\"es\",\"@id\":\"https:\\\/\\\/informelitoral.com.ar\\\/frigorificos-exportadores-seguiran-dentro-del-programa-cortes-cuidados\\\/#primaryimage\",\"url\":\"https:\\\/\\\/informelitoral.com.ar\\\/%77%70%2d%63%6f%6e%74%65%6e%74\\\/uploads\\\/2022\\\/03\\\/5ba14f082bd7c_1180_664.jpg\",\"contentUrl\":\"https:\\\/\\\/informelitoral.com.ar\\\/%77%70%2d%63%6f%6e%74%65%6e%74\\\/uploads\\\/2022\\\/03\\\/5ba14f082bd7c_1180_664.jpg\",\"width\":1180,\"height\":664},{\"@type\":\"BreadcrumbList\",\"@id\":\"https:\\\/\\\/informelitoral.com.ar\\\/frigorificos-exportadores-seguiran-dentro-del-programa-cortes-cuidados\\\/#breadcrumb\",\"itemListElement\":[{\"@type\":\"ListItem\",\"position\":1,\"name\":\"Portada\",\"item\":\"https:\\\/\\\/informelitoral.com.ar\\\/\"},{\"@type\":\"ListItem\",\"position\":2,\"name\":\"Frigor\u00edficos exportadores seguir\u00e1n dentro del programa Cortes Cuidados\"}]},{\"@type\":\"WebSite\",\"@id\":\"https:\\\/\\\/informelitoral.com.ar\\\/#website\",\"url\":\"https:\\\/\\\/informelitoral.com.ar\\\/\",\"name\":\"Informe Litoral\",\"description\":\"&quot;Nos informamos&quot; \",\"publisher\":{\"@id\":\"https:\\\/\\\/informelitoral.com.ar\\\/#organization\"},\"potentialAction\":[{\"@type\":\"SearchAction\",\"target\":{\"@type\":\"EntryPoint\",\"urlTemplate\":\"https:\\\/\\\/informelitoral.com.ar\\\/?s={search_term_string}\"},\"query-input\":{\"@type\":\"PropertyValueSpecification\",\"valueRequired\":true,\"valueName\":\"search_term_string\"}}],\"inLanguage\":\"es\"},{\"@type\":\"Organization\",\"@id\":\"https:\\\/\\\/informelitoral.com.ar\\\/#organization\",\"name\":\"Informe Litoral\",\"url\":\"https:\\\/\\\/informelitoral.com.ar\\\/\",\"logo\":{\"@type\":\"ImageObject\",\"inLanguage\":\"es\",\"@id\":\"https:\\\/\\\/informelitoral.com.ar\\\/#\\\/schema\\\/logo\\\/image\\\/\",\"url\":\"https:\\\/\\\/informelitoral.com.ar\\\/%77%70%2d%63%6f%6e%74%65%6e%74\\\/uploads\\\/2021\\\/01\\\/circulo.png\",\"contentUrl\":\"https:\\\/\\\/informelitoral.com.ar\\\/%77%70%2d%63%6f%6e%74%65%6e%74\\\/uploads\\\/2021\\\/01\\\/circulo.png\",\"width\":723,\"height\":731,\"caption\":\"Informe Litoral\"},\"image\":{\"@id\":\"https:\\\/\\\/informelitoral.com.ar\\\/#\\\/schema\\\/logo\\\/image\\\/\"},\"sameAs\":[\"https:\\\/\\\/www.facebook.com\\\/informelitoral\\\/\",\"https:\\\/\\\/x.com\\\/InformeLitoral\",\"https:\\\/\\\/www.instagram.com\\\/informelitoral\\\/\",\"https:\\\/\\\/www.youtube.com\\\/channel\\\/UCua4Qvz8Icb6MYqhoq9xLXw\"]},{\"@type\":\"Person\",\"@id\":\"https:\\\/\\\/informelitoral.com.ar\\\/#\\\/schema\\\/person\\\/f05f9f461677119578717524b127d6d5\",\"name\":\"Sebastian\",\"image\":{\"@type\":\"ImageObject\",\"inLanguage\":\"es\",\"@id\":\"https:\\\/\\\/secure.gravatar.com\\\/avatar\\\/b71bf7481d447dfb9583c7f2798e7cc64de6efb9067b74633ed8c31059a3bd82?s=96&d=mm&r=g\",\"url\":\"https:\\\/\\\/secure.gravatar.com\\\/avatar\\\/b71bf7481d447dfb9583c7f2798e7cc64de6efb9067b74633ed8c31059a3bd82?s=96&d=mm&r=g\",\"contentUrl\":\"https:\\\/\\\/secure.gravatar.com\\\/avatar\\\/b71bf7481d447dfb9583c7f2798e7cc64de6efb9067b74633ed8c31059a3bd82?s=96&d=mm&r=g\",\"caption\":\"Sebastian\"},\"url\":\"https:\\\/\\\/informelitoral.com.ar\\\/author\\\/sebastian\\\/\"}]}<\/script>","yoast_head_json":{"title":"Frigor\u00edficos exportadores seguir\u00e1n dentro del programa Cortes Cuidados - Informe Litoral","robots":{"index":"index","follow":"follow","max-snippet":"max-snippet:-1","max-image-preview":"max-image-preview:large","max-video-preview":"max-video-preview:-1"},"canonical":"https:\/\/informelitoral.com.ar\/frigorificos-exportadores-seguiran-dentro-del-programa-cortes-cuidados\/","og_locale":"es_ES","og_type":"article","og_title":"Frigor\u00edficos exportadores seguir\u00e1n dentro del programa Cortes Cuidados - Informe Litoral","og_description":"Los frigor\u00edficos integrantes del Consorcio de Exportadores de Carnes (ABC) continuar\u00e1n participando del programa Cortes Cuidados tras la intimaci\u00f3n del Gobierno nacional, afirm\u00f3 hoy el presidente de la c\u00e1mara empresaria, Mario Ravettino.","og_url":"https:\/\/informelitoral.com.ar\/frigorificos-exportadores-seguiran-dentro-del-programa-cortes-cuidados\/","og_site_name":"Informe Litoral","article_publisher":"https:\/\/www.facebook.com\/informelitoral\/","article_published_time":"2022-03-17T10:50:54+00:00","article_modified_time":"2022-03-17T11:43:40+00:00","og_image":[{"width":1180,"height":664,"url":"https:\/\/informelitoral.com.ar\/%77%70%2d%63%6f%6e%74%65%6e%74\/uploads\/2022\/03\/5ba14f082bd7c_1180_664.jpg","type":"image\/jpeg"}],"author":"Sebastian","twitter_card":"summary_large_image","twitter_creator":"@InformeLitoral","twitter_site":"@InformeLitoral","twitter_misc":{"Escrito por":"Sebastian","Tiempo de lectura":"2 minutos"},"schema":{"@context":"https:\/\/schema.org","@graph":[{"@type":"Article","@id":"https:\/\/informelitoral.com.ar\/frigorificos-exportadores-seguiran-dentro-del-programa-cortes-cuidados\/#article","isPartOf":{"@id":"https:\/\/informelitoral.com.ar\/frigorificos-exportadores-seguiran-dentro-del-programa-cortes-cuidados\/"},"author":{"name":"Sebastian","@id":"https:\/\/informelitoral.com.ar\/#\/schema\/person\/f05f9f461677119578717524b127d6d5"},"headline":"Frigor\u00edficos exportadores seguir\u00e1n dentro del programa Cortes Cuidados","datePublished":"2022-03-17T10:50:54+00:00","dateModified":"2022-03-17T11:43:40+00:00","mainEntityOfPage":{"@id":"https:\/\/informelitoral.com.ar\/frigorificos-exportadores-seguiran-dentro-del-programa-cortes-cuidados\/"},"wordCount":356,"commentCount":0,"publisher":{"@id":"https:\/\/informelitoral.com.ar\/#organization"},"image":{"@id":"https:\/\/informelitoral.com.ar\/frigorificos-exportadores-seguiran-dentro-del-programa-cortes-cuidados\/#primaryimage"},"thumbnailUrl":"https:\/\/informelitoral.com.ar\/%77%70%2d%63%6f%6e%74%65%6e%74\/uploads\/2022\/03\/5ba14f082bd7c_1180_664.jpg","keywords":["Cortes Cuidados","Frigor\u00edficos"],"articleSection":["Econom\u00eda"],"inLanguage":"es","potentialAction":[{"@type":"CommentAction","name":"Comment","target":["https:\/\/informelitoral.com.ar\/frigorificos-exportadores-seguiran-dentro-del-programa-cortes-cuidados\/#respond"]}]},{"@type":"WebPage","@id":"https:\/\/informelitoral.com.ar\/frigorificos-exportadores-seguiran-dentro-del-programa-cortes-cuidados\/","url":"https:\/\/informelitoral.com.ar\/frigorificos-exportadores-seguiran-dentro-del-programa-cortes-cuidados\/","name":"Frigor\u00edficos exportadores seguir\u00e1n dentro del programa Cortes Cuidados - Informe Litoral","isPartOf":{"@id":"https:\/\/informelitoral.com.ar\/#website"},"primaryImageOfPage":{"@id":"https:\/\/informelitoral.com.ar\/frigorificos-exportadores-seguiran-dentro-del-programa-cortes-cuidados\/#primaryimage"},"image":{"@id":"https:\/\/informelitoral.com.ar\/frigorificos-exportadores-seguiran-dentro-del-programa-cortes-cuidados\/#primaryimage"},"thumbnailUrl":"https:\/\/informelitoral.com.ar\/%77%70%2d%63%6f%6e%74%65%6e%74\/uploads\/2022\/03\/5ba14f082bd7c_1180_664.jpg","datePublished":"2022-03-17T10:50:54+00:00","dateModified":"2022-03-17T11:43:40+00:00","breadcrumb":{"@id":"https:\/\/informelitoral.com.ar\/frigorificos-exportadores-seguiran-dentro-del-programa-cortes-cuidados\/#breadcrumb"},"inLanguage":"es","potentialAction":[{"@type":"ReadAction","target":["https:\/\/informelitoral.com.ar\/frigorificos-exportadores-seguiran-dentro-del-programa-cortes-cuidados\/"]}]},{"@type":"ImageObject","inLanguage":"es","@id":"https:\/\/informelitoral.com.ar\/frigorificos-exportadores-seguiran-dentro-del-programa-cortes-cuidados\/#primaryimage","url":"https:\/\/informelitoral.com.ar\/%77%70%2d%63%6f%6e%74%65%6e%74\/uploads\/2022\/03\/5ba14f082bd7c_1180_664.jpg","contentUrl":"https:\/\/informelitoral.com.ar\/%77%70%2d%63%6f%6e%74%65%6e%74\/uploads\/2022\/03\/5ba14f082bd7c_1180_664.jpg","width":1180,"height":664},{"@type":"BreadcrumbList","@id":"https:\/\/informelitoral.com.ar\/frigorificos-exportadores-seguiran-dentro-del-programa-cortes-cuidados\/#breadcrumb","itemListElement":[{"@type":"ListItem","position":1,"name":"Portada","item":"https:\/\/informelitoral.com.ar\/"},{"@type":"ListItem","position":2,"name":"Frigor\u00edficos exportadores seguir\u00e1n dentro del programa Cortes Cuidados"}]},{"@type":"WebSite","@id":"https:\/\/informelitoral.com.ar\/#website","url":"https:\/\/informelitoral.com.ar\/","name":"Informe Litoral","description":"&quot;Nos informamos&quot; ","publisher":{"@id":"https:\/\/informelitoral.com.ar\/#organization"},"potentialAction":[{"@type":"SearchAction","target":{"@type":"EntryPoint","urlTemplate":"https:\/\/informelitoral.com.ar\/?s={search_term_string}"},"query-input":{"@type":"PropertyValueSpecification","valueRequired":true,"valueName":"search_term_string"}}],"inLanguage":"es"},{"@type":"Organization","@id":"https:\/\/informelitoral.com.ar\/#organization","name":"Informe Litoral","url":"https:\/\/informelitoral.com.ar\/","logo":{"@type":"ImageObject","inLanguage":"es","@id":"https:\/\/informelitoral.com.ar\/#\/schema\/logo\/image\/","url":"https:\/\/informelitoral.com.ar\/%77%70%2d%63%6f%6e%74%65%6e%74\/uploads\/2021\/01\/circulo.png","contentUrl":"https:\/\/informelitoral.com.ar\/%77%70%2d%63%6f%6e%74%65%6e%74\/uploads\/2021\/01\/circulo.png","width":723,"height":731,"caption":"Informe Litoral"},"image":{"@id":"https:\/\/informelitoral.com.ar\/#\/schema\/logo\/image\/"},"sameAs":["https:\/\/www.facebook.com\/informelitoral\/","https:\/\/x.com\/InformeLitoral","https:\/\/www.instagram.com\/informelitoral\/","https:\/\/www.youtube.com\/channel\/UCua4Qvz8Icb6MYqhoq9xLXw"]},{"@type":"Person","@id":"https:\/\/informelitoral.com.ar\/#\/schema\/person\/f05f9f461677119578717524b127d6d5","name":"Sebastian","image":{"@type":"ImageObject","inLanguage":"es","@id":"https:\/\/secure.gravatar.com\/avatar\/b71bf7481d447dfb9583c7f2798e7cc64de6efb9067b74633ed8c31059a3bd82?s=96&d=mm&r=g","url":"https:\/\/secure.gravatar.com\/avatar\/b71bf7481d447dfb9583c7f2798e7cc64de6efb9067b74633ed8c31059a3bd82?s=96&d=mm&r=g","contentUrl":"https:\/\/secure.gravatar.com\/avatar\/b71bf7481d447dfb9583c7f2798e7cc64de6efb9067b74633ed8c31059a3bd82?s=96&d=mm&r=g","caption":"Sebastian"},"url":"https:\/\/informelitoral.com.ar\/author\/sebastian\/"}]}},"_links":{"self":[{"href":"https:\/\/informelitoral.com.ar\/%77%70%2d%6a%73%6f%6e\/wp\/v2\/posts\/73525","targetHints":{"allow":["GET"]}}],"collection":[{"href":"https:\/\/informelitoral.com.ar\/%77%70%2d%6a%73%6f%6e\/wp\/v2\/posts"}],"about":[{"href":"https:\/\/informelitoral.com.ar\/%77%70%2d%6a%73%6f%6e\/wp\/v2\/types\/post"}],"author":[{"embeddable":true,"href":"https:\/\/informelitoral.com.ar\/%77%70%2d%6a%73%6f%6e\/wp\/v2\/users\/8"}],"replies":[{"embeddable":true,"href":"https:\/\/informelitoral.com.ar\/%77%70%2d%6a%73%6f%6e\/wp\/v2\/comments?post=73525"}],"version-history":[{"count":0,"href":"https:\/\/informelitoral.com.ar\/%77%70%2d%6a%73%6f%6e\/wp\/v2\/posts\/73525\/revisions"}],"wp:featuredmedia":[{"embeddable":true,"href":"https:\/\/informelitoral.com.ar\/%77%70%2d%6a%73%6f%6e\/wp\/v2\/media\/73526"}],"wp:attachment":[{"href":"https:\/\/informelitoral.com.ar\/%77%70%2d%6a%73%6f%6e\/wp\/v2\/media?parent=73525"}],"wp:term":[{"taxonomy":"category","embeddable":true,"href":"https:\/\/informelitoral.com.ar\/%77%70%2d%6a%73%6f%6e\/wp\/v2\/categories?post=73525"},{"taxonomy":"post_tag","embeddable":true,"href":"https:\/\/informelitoral.com.ar\/%77%70%2d%6a%73%6f%6e\/wp\/v2\/tags?post=73525"}],"curies":[{"name":"wp","href":"https:\/\/api.w.org\/{rel}","templated":true}]}}