{"id":7341,"date":"2014-07-03T15:43:20","date_gmt":"2014-07-03T18:43:20","guid":{"rendered":"http:\/\/www.isletasnoticias.com.ar\/?p=7341"},"modified":"2014-07-03T15:46:29","modified_gmt":"2014-07-03T18:46:29","slug":"eichmann-jr-la-intencion-es-trabajar-en-conjunto-con-los-mayores-para-congeniar-la-innovacion-y-la-experiencia","status":"publish","type":"post","link":"https:\/\/informelitoral.com.ar\/eichmann-jr-la-intencion-es-trabajar-en-conjunto-con-los-mayores-para-congeniar-la-innovacion-y-la-experiencia\/","title":{"rendered":"Eichmann (JR): \u00abLa intenci\u00f3n es trabajar en conjunto con los mayores para congeniar la innovaci\u00f3n y la experiencia\u201d"},"content":{"rendered":"<p><strong>De esta forma, el presidente de la Juventud Radical local,<em> Lucas Eichmann<\/em>, mostr\u00f3 la intenci\u00f3n de los j\u00f3venes radicales, de integrar las listas el a\u00f1o pr\u00f3ximo. Afirm\u00f3 que la idea es seguir trabajando para \u00abconsolidar el radicalismo\u00bb. \u00abHay que escuchar, proponer y estar al lado de la gente en la medida de las posibilidades\u00bb, afirm\u00f3.<a href=\"http:\/\/www.isletasnoticias.com.ar\/%77%70%2d%63%6f%6e%74%65%6e%74\/uploads\/2014\/06\/Lucas-Eichmann.jpg\"><img loading=\"lazy\" decoding=\"async\" class=\"alignright wp-image-7280 size-medium\" src=\"http:\/\/www.isletasnoticias.com.ar\/%77%70%2d%63%6f%6e%74%65%6e%74\/uploads\/2014\/06\/Lucas-Eichmann-195x300.jpg\" alt=\"Lucas Eichmann\" width=\"195\" height=\"300\" \/><\/a><\/strong><\/p>\n<p>El pasado s\u00e1bado se desarroll\u00f3 en Isletas, en Primer Encuentro de J\u00f3venes Radicales del Departamento Diamante. Al respecto, el presidente de la Juventud Radical local, <strong>Lucas Fabricio Eichmann<\/strong>, \u00a0expres\u00f3 que \u201cpara nosotros fue un d\u00eda hist\u00f3rico. Estamos muy contentos de tener la presencia de pares, con el objetivo de consolidar al radicalismo de cara al 2015, pero tambi\u00e9n a mediano y largo plazo. Estamos frente a una oportunidad interesante, m\u00e1s a\u00fan ahora con la conformaci\u00f3n del Frente Amplio UNEN donde nuestro partido va a ocupar un rol protag\u00f3nico. Estamos haciendo un gran esfuerzo y este es el camino que debe seguir la UCR para lograr nuestros objetivos y trabajar por el sistema democr\u00e1tico y el bien de los argentinos\u201d, remarc\u00f3.<\/p>\n<p>Al ser consultado sobre el rol que ocupar\u00e1 la JR en las elecciones del 2015, adelant\u00f3: \u201cVamos a continuar con este tipo de encuentros, fomentando la participaci\u00f3n pol\u00edtica de los j\u00f3venes. De cara al futuro, uno de los lineamientos que se plate\u00f3 en el Encuentro Provincial de Juventudes \u00a0que se desarroll\u00f3 en Sauce de Luna, es llevar candidatos en las listas de concejales y por qu\u00e9 no de diputados y lo mismo en las comunas. La intenci\u00f3n es trabajar en conjunto con los mayores para congeniar la innovaci\u00f3n y la experiencia\u201d, afirm\u00f3.<\/p>\n<p>\u201cEsto es un trabajo permanente por lo que constantemente estamos invitando a j\u00f3venes a que se sumen porque la pol\u00edtica necesita de nosotros. Nos sentimos sumamente contentos con estos m\u00e1s de dos a\u00f1os de presencia en la localidad porque nunca se hab\u00eda dado antes\u201d, valor\u00f3 Eichmann y enumer\u00f3 que es este tiempo \u201ctrabajamos mucho con la parte educativa, como fue pintar la fachada exterior de la Escuela Agrot\u00e9cnica; tambi\u00e9n en materia ambiental, presentamos nuestro proyecto para declarar a la localidad Libre de Fraking; colaboramos con las iglesias; destacamentos policiales, entre otros. Hay que escuchar, proponer y estar al lado de la gente en la medida de las posibilidades\u201d, sentenci\u00f3.<\/p>\n<p>Por \u00faltimo, aprovech\u00f3 para \u201cagradecer a los dirigentes y a los chicos que han participado de la jornada. Jorge (Monge) siempre nos apoy\u00f3, al igual que la presidente de la JR provincial Alejandra Barboza, que es una gran dirigente, al igual que el Comit\u00e9 Departamental y la JR Diamante\u201d.<\/p>\n","protected":false},"excerpt":{"rendered":"<p>De esta forma, el presidente de la Juventud Radical local, Lucas Eichmann, mostr&oacute; la intenci&oacute;n de los j&oacute;venes radicales, de integrar las listas el a&ntilde;o pr&oacute;ximo. Afirm&oacute; que la idea es seguir trabajando para &laquo;consolidar el radicalismo&raquo;. &laquo;Hay que escuchar, proponer y estar al lado de la gente en la medida de las posibilidades&raquo;, afirm&oacute;. [&hellip;]<\/p>\n","protected":false},"author":2,"featured_media":0,"comment_status":"open","ping_status":"open","sticky":false,"template":"","format":"standard","meta":{"fifu_image_url":"","fifu_image_alt":"","footnotes":""},"categories":[4,16],"tags":[],"class_list":{"0":"post-7341","1":"post","2":"type-post","3":"status-publish","4":"format-standard","6":"category-locales","7":"category-politi"},"yoast_head":"<title>Eichmann (JR): &quot;La intenci\u00f3n es trabajar en conjunto con los mayores para congeniar la innovaci\u00f3n y la experiencia\u201d - Informe Litoral<\/title>\n<meta name=\"robots\" content=\"index, follow, max-snippet:-1, max-image-preview:large, max-video-preview:-1\" \/>\n<link rel=\"canonical\" href=\"https:\/\/informelitoral.com.ar\/eichmann-jr-la-intencion-es-trabajar-en-conjunto-con-los-mayores-para-congeniar-la-innovacion-y-la-experiencia\/\" \/>\n<meta property=\"og:locale\" content=\"es_ES\" \/>\n<meta property=\"og:type\" content=\"article\" \/>\n<meta property=\"og:title\" content=\"Eichmann (JR): &quot;La intenci\u00f3n es trabajar en conjunto con los mayores para congeniar la innovaci\u00f3n y la experiencia\u201d - Informe Litoral\" \/>\n<meta property=\"og:description\" content=\"De esta forma, el presidente de la Juventud Radical local, Lucas Eichmann, mostr&oacute; la intenci&oacute;n de los j&oacute;venes radicales, de integrar las listas el a&ntilde;o pr&oacute;ximo. Afirm&oacute; que la idea es seguir trabajando para &laquo;consolidar el radicalismo&raquo;. &laquo;Hay que escuchar, proponer y estar al lado de la gente en la medida de las posibilidades&raquo;, afirm&oacute;. [&hellip;]\" \/>\n<meta property=\"og:url\" content=\"https:\/\/informelitoral.com.ar\/eichmann-jr-la-intencion-es-trabajar-en-conjunto-con-los-mayores-para-congeniar-la-innovacion-y-la-experiencia\/\" \/>\n<meta property=\"og:site_name\" content=\"Informe Litoral\" \/>\n<meta property=\"article:publisher\" content=\"https:\/\/www.facebook.com\/informelitoral\/\" \/>\n<meta property=\"article:published_time\" content=\"2014-07-03T18:43:20+00:00\" \/>\n<meta property=\"article:modified_time\" content=\"2014-07-03T18:46:29+00:00\" \/>\n<meta property=\"og:image\" content=\"https:\/\/informelitoral.com.ar\/%77%70%2d%63%6f%6e%74%65%6e%74\/uploads\/2014\/06\/Lucas-Eichmann.jpg\" \/>\n\t<meta property=\"og:image:width\" content=\"456\" \/>\n\t<meta property=\"og:image:height\" content=\"698\" \/>\n\t<meta property=\"og:image:type\" content=\"image\/jpeg\" \/>\n<meta name=\"author\" content=\"Gonzalo Schmidt\" \/>\n<meta name=\"twitter:card\" content=\"summary_large_image\" \/>\n<meta name=\"twitter:creator\" content=\"@InformeLitoral\" \/>\n<meta name=\"twitter:site\" content=\"@InformeLitoral\" \/>\n<meta name=\"twitter:label1\" content=\"Escrito por\" \/>\n\t<meta name=\"twitter:data1\" content=\"Gonzalo Schmidt\" \/>\n\t<meta name=\"twitter:label2\" content=\"Tiempo de lectura\" \/>\n\t<meta name=\"twitter:data2\" content=\"2 minutos\" \/>\n<script type=\"application\/ld+json\" class=\"yoast-schema-graph\">{\"@context\":\"https:\\\/\\\/schema.org\",\"@graph\":[{\"@type\":\"Article\",\"@id\":\"https:\\\/\\\/informelitoral.com.ar\\\/eichmann-jr-la-intencion-es-trabajar-en-conjunto-con-los-mayores-para-congeniar-la-innovacion-y-la-experiencia\\\/#article\",\"isPartOf\":{\"@id\":\"https:\\\/\\\/informelitoral.com.ar\\\/eichmann-jr-la-intencion-es-trabajar-en-conjunto-con-los-mayores-para-congeniar-la-innovacion-y-la-experiencia\\\/\"},\"author\":{\"name\":\"Gonzalo Schmidt\",\"@id\":\"https:\\\/\\\/informelitoral.com.ar\\\/#\\\/schema\\\/person\\\/b9d00407c836482871ef1d57bf8e3180\"},\"headline\":\"Eichmann (JR): \u00abLa intenci\u00f3n es trabajar en conjunto con los mayores para congeniar la innovaci\u00f3n y la experiencia\u201d\",\"datePublished\":\"2014-07-03T18:43:20+00:00\",\"dateModified\":\"2014-07-03T18:46:29+00:00\",\"mainEntityOfPage\":{\"@id\":\"https:\\\/\\\/informelitoral.com.ar\\\/eichmann-jr-la-intencion-es-trabajar-en-conjunto-con-los-mayores-para-congeniar-la-innovacion-y-la-experiencia\\\/\"},\"wordCount\":469,\"commentCount\":0,\"publisher\":{\"@id\":\"https:\\\/\\\/informelitoral.com.ar\\\/#organization\"},\"image\":{\"@id\":\"https:\\\/\\\/informelitoral.com.ar\\\/eichmann-jr-la-intencion-es-trabajar-en-conjunto-con-los-mayores-para-congeniar-la-innovacion-y-la-experiencia\\\/#primaryimage\"},\"thumbnailUrl\":\"http:\\\/\\\/www.isletasnoticias.com.ar\\\/%77%70%2d%63%6f%6e%74%65%6e%74\\\/uploads\\\/2014\\\/06\\\/Lucas-Eichmann-195x300.jpg\",\"articleSection\":[\"Isletas\",\"Politica\"],\"inLanguage\":\"es\",\"potentialAction\":[{\"@type\":\"CommentAction\",\"name\":\"Comment\",\"target\":[\"https:\\\/\\\/informelitoral.com.ar\\\/eichmann-jr-la-intencion-es-trabajar-en-conjunto-con-los-mayores-para-congeniar-la-innovacion-y-la-experiencia\\\/#respond\"]}]},{\"@type\":\"WebPage\",\"@id\":\"https:\\\/\\\/informelitoral.com.ar\\\/eichmann-jr-la-intencion-es-trabajar-en-conjunto-con-los-mayores-para-congeniar-la-innovacion-y-la-experiencia\\\/\",\"url\":\"https:\\\/\\\/informelitoral.com.ar\\\/eichmann-jr-la-intencion-es-trabajar-en-conjunto-con-los-mayores-para-congeniar-la-innovacion-y-la-experiencia\\\/\",\"name\":\"Eichmann (JR): \\\"La intenci\u00f3n es trabajar en conjunto con los mayores para congeniar la innovaci\u00f3n y la experiencia\u201d - Informe Litoral\",\"isPartOf\":{\"@id\":\"https:\\\/\\\/informelitoral.com.ar\\\/#website\"},\"primaryImageOfPage\":{\"@id\":\"https:\\\/\\\/informelitoral.com.ar\\\/eichmann-jr-la-intencion-es-trabajar-en-conjunto-con-los-mayores-para-congeniar-la-innovacion-y-la-experiencia\\\/#primaryimage\"},\"image\":{\"@id\":\"https:\\\/\\\/informelitoral.com.ar\\\/eichmann-jr-la-intencion-es-trabajar-en-conjunto-con-los-mayores-para-congeniar-la-innovacion-y-la-experiencia\\\/#primaryimage\"},\"thumbnailUrl\":\"http:\\\/\\\/www.isletasnoticias.com.ar\\\/%77%70%2d%63%6f%6e%74%65%6e%74\\\/uploads\\\/2014\\\/06\\\/Lucas-Eichmann-195x300.jpg\",\"datePublished\":\"2014-07-03T18:43:20+00:00\",\"dateModified\":\"2014-07-03T18:46:29+00:00\",\"breadcrumb\":{\"@id\":\"https:\\\/\\\/informelitoral.com.ar\\\/eichmann-jr-la-intencion-es-trabajar-en-conjunto-con-los-mayores-para-congeniar-la-innovacion-y-la-experiencia\\\/#breadcrumb\"},\"inLanguage\":\"es\",\"potentialAction\":[{\"@type\":\"ReadAction\",\"target\":[\"https:\\\/\\\/informelitoral.com.ar\\\/eichmann-jr-la-intencion-es-trabajar-en-conjunto-con-los-mayores-para-congeniar-la-innovacion-y-la-experiencia\\\/\"]}]},{\"@type\":\"ImageObject\",\"inLanguage\":\"es\",\"@id\":\"https:\\\/\\\/informelitoral.com.ar\\\/eichmann-jr-la-intencion-es-trabajar-en-conjunto-con-los-mayores-para-congeniar-la-innovacion-y-la-experiencia\\\/#primaryimage\",\"url\":\"http:\\\/\\\/www.isletasnoticias.com.ar\\\/%77%70%2d%63%6f%6e%74%65%6e%74\\\/uploads\\\/2014\\\/06\\\/Lucas-Eichmann-195x300.jpg\",\"contentUrl\":\"http:\\\/\\\/www.isletasnoticias.com.ar\\\/%77%70%2d%63%6f%6e%74%65%6e%74\\\/uploads\\\/2014\\\/06\\\/Lucas-Eichmann-195x300.jpg\"},{\"@type\":\"BreadcrumbList\",\"@id\":\"https:\\\/\\\/informelitoral.com.ar\\\/eichmann-jr-la-intencion-es-trabajar-en-conjunto-con-los-mayores-para-congeniar-la-innovacion-y-la-experiencia\\\/#breadcrumb\",\"itemListElement\":[{\"@type\":\"ListItem\",\"position\":1,\"name\":\"Portada\",\"item\":\"https:\\\/\\\/informelitoral.com.ar\\\/\"},{\"@type\":\"ListItem\",\"position\":2,\"name\":\"Eichmann (JR): \u00abLa intenci\u00f3n es trabajar en conjunto con los mayores para congeniar la innovaci\u00f3n y la experiencia\u201d\"}]},{\"@type\":\"WebSite\",\"@id\":\"https:\\\/\\\/informelitoral.com.ar\\\/#website\",\"url\":\"https:\\\/\\\/informelitoral.com.ar\\\/\",\"name\":\"Informe Litoral\",\"description\":\"&quot;Nos informamos&quot; \",\"publisher\":{\"@id\":\"https:\\\/\\\/informelitoral.com.ar\\\/#organization\"},\"potentialAction\":[{\"@type\":\"SearchAction\",\"target\":{\"@type\":\"EntryPoint\",\"urlTemplate\":\"https:\\\/\\\/informelitoral.com.ar\\\/?s={search_term_string}\"},\"query-input\":{\"@type\":\"PropertyValueSpecification\",\"valueRequired\":true,\"valueName\":\"search_term_string\"}}],\"inLanguage\":\"es\"},{\"@type\":\"Organization\",\"@id\":\"https:\\\/\\\/informelitoral.com.ar\\\/#organization\",\"name\":\"Informe Litoral\",\"url\":\"https:\\\/\\\/informelitoral.com.ar\\\/\",\"logo\":{\"@type\":\"ImageObject\",\"inLanguage\":\"es\",\"@id\":\"https:\\\/\\\/informelitoral.com.ar\\\/#\\\/schema\\\/logo\\\/image\\\/\",\"url\":\"https:\\\/\\\/informelitoral.com.ar\\\/%77%70%2d%63%6f%6e%74%65%6e%74\\\/uploads\\\/2021\\\/01\\\/circulo.png\",\"contentUrl\":\"https:\\\/\\\/informelitoral.com.ar\\\/%77%70%2d%63%6f%6e%74%65%6e%74\\\/uploads\\\/2021\\\/01\\\/circulo.png\",\"width\":723,\"height\":731,\"caption\":\"Informe Litoral\"},\"image\":{\"@id\":\"https:\\\/\\\/informelitoral.com.ar\\\/#\\\/schema\\\/logo\\\/image\\\/\"},\"sameAs\":[\"https:\\\/\\\/www.facebook.com\\\/informelitoral\\\/\",\"https:\\\/\\\/x.com\\\/InformeLitoral\",\"https:\\\/\\\/www.instagram.com\\\/informelitoral\\\/\",\"https:\\\/\\\/www.youtube.com\\\/channel\\\/UCua4Qvz8Icb6MYqhoq9xLXw\"]},{\"@type\":\"Person\",\"@id\":\"https:\\\/\\\/informelitoral.com.ar\\\/#\\\/schema\\\/person\\\/b9d00407c836482871ef1d57bf8e3180\",\"name\":\"Gonzalo Schmidt\",\"image\":{\"@type\":\"ImageObject\",\"inLanguage\":\"es\",\"@id\":\"https:\\\/\\\/secure.gravatar.com\\\/avatar\\\/31a1a7b66ff2de83bd0e9fd79d026630d2d99e55e8bfe501287647b4fd9743de?s=96&d=mm&r=g\",\"url\":\"https:\\\/\\\/secure.gravatar.com\\\/avatar\\\/31a1a7b66ff2de83bd0e9fd79d026630d2d99e55e8bfe501287647b4fd9743de?s=96&d=mm&r=g\",\"contentUrl\":\"https:\\\/\\\/secure.gravatar.com\\\/avatar\\\/31a1a7b66ff2de83bd0e9fd79d026630d2d99e55e8bfe501287647b4fd9743de?s=96&d=mm&r=g\",\"caption\":\"Gonzalo Schmidt\"},\"description\":\"Sitio web de noticias de la provincia de Entre R\u00edos, Argentina. Informaci\u00f3n y entretenimiento. Informe Litoral, nos informamos.\",\"sameAs\":[\"http:\\\/\\\/www.isletasnoticias.com.ar\"],\"url\":\"https:\\\/\\\/informelitoral.com.ar\\\/author\\\/gonzalo\\\/\"}]}<\/script>","yoast_head_json":{"title":"Eichmann (JR): \"La intenci\u00f3n es trabajar en conjunto con los mayores para congeniar la innovaci\u00f3n y la experiencia\u201d - Informe Litoral","robots":{"index":"index","follow":"follow","max-snippet":"max-snippet:-1","max-image-preview":"max-image-preview:large","max-video-preview":"max-video-preview:-1"},"canonical":"https:\/\/informelitoral.com.ar\/eichmann-jr-la-intencion-es-trabajar-en-conjunto-con-los-mayores-para-congeniar-la-innovacion-y-la-experiencia\/","og_locale":"es_ES","og_type":"article","og_title":"Eichmann (JR): \"La intenci\u00f3n es trabajar en conjunto con los mayores para congeniar la innovaci\u00f3n y la experiencia\u201d - Informe Litoral","og_description":"De esta forma, el presidente de la Juventud Radical local, Lucas Eichmann, mostr&oacute; la intenci&oacute;n de los j&oacute;venes radicales, de integrar las listas el a&ntilde;o pr&oacute;ximo. Afirm&oacute; que la idea es seguir trabajando para &laquo;consolidar el radicalismo&raquo;. &laquo;Hay que escuchar, proponer y estar al lado de la gente en la medida de las posibilidades&raquo;, afirm&oacute;. [&hellip;]","og_url":"https:\/\/informelitoral.com.ar\/eichmann-jr-la-intencion-es-trabajar-en-conjunto-con-los-mayores-para-congeniar-la-innovacion-y-la-experiencia\/","og_site_name":"Informe Litoral","article_publisher":"https:\/\/www.facebook.com\/informelitoral\/","article_published_time":"2014-07-03T18:43:20+00:00","article_modified_time":"2014-07-03T18:46:29+00:00","og_image":[{"width":456,"height":698,"url":"https:\/\/informelitoral.com.ar\/%77%70%2d%63%6f%6e%74%65%6e%74\/uploads\/2014\/06\/Lucas-Eichmann.jpg","type":"image\/jpeg"}],"author":"Gonzalo Schmidt","twitter_card":"summary_large_image","twitter_creator":"@InformeLitoral","twitter_site":"@InformeLitoral","twitter_misc":{"Escrito por":"Gonzalo Schmidt","Tiempo de lectura":"2 minutos"},"schema":{"@context":"https:\/\/schema.org","@graph":[{"@type":"Article","@id":"https:\/\/informelitoral.com.ar\/eichmann-jr-la-intencion-es-trabajar-en-conjunto-con-los-mayores-para-congeniar-la-innovacion-y-la-experiencia\/#article","isPartOf":{"@id":"https:\/\/informelitoral.com.ar\/eichmann-jr-la-intencion-es-trabajar-en-conjunto-con-los-mayores-para-congeniar-la-innovacion-y-la-experiencia\/"},"author":{"name":"Gonzalo Schmidt","@id":"https:\/\/informelitoral.com.ar\/#\/schema\/person\/b9d00407c836482871ef1d57bf8e3180"},"headline":"Eichmann (JR): \u00abLa intenci\u00f3n es trabajar en conjunto con los mayores para congeniar la innovaci\u00f3n y la experiencia\u201d","datePublished":"2014-07-03T18:43:20+00:00","dateModified":"2014-07-03T18:46:29+00:00","mainEntityOfPage":{"@id":"https:\/\/informelitoral.com.ar\/eichmann-jr-la-intencion-es-trabajar-en-conjunto-con-los-mayores-para-congeniar-la-innovacion-y-la-experiencia\/"},"wordCount":469,"commentCount":0,"publisher":{"@id":"https:\/\/informelitoral.com.ar\/#organization"},"image":{"@id":"https:\/\/informelitoral.com.ar\/eichmann-jr-la-intencion-es-trabajar-en-conjunto-con-los-mayores-para-congeniar-la-innovacion-y-la-experiencia\/#primaryimage"},"thumbnailUrl":"http:\/\/www.isletasnoticias.com.ar\/%77%70%2d%63%6f%6e%74%65%6e%74\/uploads\/2014\/06\/Lucas-Eichmann-195x300.jpg","articleSection":["Isletas","Politica"],"inLanguage":"es","potentialAction":[{"@type":"CommentAction","name":"Comment","target":["https:\/\/informelitoral.com.ar\/eichmann-jr-la-intencion-es-trabajar-en-conjunto-con-los-mayores-para-congeniar-la-innovacion-y-la-experiencia\/#respond"]}]},{"@type":"WebPage","@id":"https:\/\/informelitoral.com.ar\/eichmann-jr-la-intencion-es-trabajar-en-conjunto-con-los-mayores-para-congeniar-la-innovacion-y-la-experiencia\/","url":"https:\/\/informelitoral.com.ar\/eichmann-jr-la-intencion-es-trabajar-en-conjunto-con-los-mayores-para-congeniar-la-innovacion-y-la-experiencia\/","name":"Eichmann (JR): \"La intenci\u00f3n es trabajar en conjunto con los mayores para congeniar la innovaci\u00f3n y la experiencia\u201d - Informe Litoral","isPartOf":{"@id":"https:\/\/informelitoral.com.ar\/#website"},"primaryImageOfPage":{"@id":"https:\/\/informelitoral.com.ar\/eichmann-jr-la-intencion-es-trabajar-en-conjunto-con-los-mayores-para-congeniar-la-innovacion-y-la-experiencia\/#primaryimage"},"image":{"@id":"https:\/\/informelitoral.com.ar\/eichmann-jr-la-intencion-es-trabajar-en-conjunto-con-los-mayores-para-congeniar-la-innovacion-y-la-experiencia\/#primaryimage"},"thumbnailUrl":"http:\/\/www.isletasnoticias.com.ar\/%77%70%2d%63%6f%6e%74%65%6e%74\/uploads\/2014\/06\/Lucas-Eichmann-195x300.jpg","datePublished":"2014-07-03T18:43:20+00:00","dateModified":"2014-07-03T18:46:29+00:00","breadcrumb":{"@id":"https:\/\/informelitoral.com.ar\/eichmann-jr-la-intencion-es-trabajar-en-conjunto-con-los-mayores-para-congeniar-la-innovacion-y-la-experiencia\/#breadcrumb"},"inLanguage":"es","potentialAction":[{"@type":"ReadAction","target":["https:\/\/informelitoral.com.ar\/eichmann-jr-la-intencion-es-trabajar-en-conjunto-con-los-mayores-para-congeniar-la-innovacion-y-la-experiencia\/"]}]},{"@type":"ImageObject","inLanguage":"es","@id":"https:\/\/informelitoral.com.ar\/eichmann-jr-la-intencion-es-trabajar-en-conjunto-con-los-mayores-para-congeniar-la-innovacion-y-la-experiencia\/#primaryimage","url":"http:\/\/www.isletasnoticias.com.ar\/%77%70%2d%63%6f%6e%74%65%6e%74\/uploads\/2014\/06\/Lucas-Eichmann-195x300.jpg","contentUrl":"http:\/\/www.isletasnoticias.com.ar\/%77%70%2d%63%6f%6e%74%65%6e%74\/uploads\/2014\/06\/Lucas-Eichmann-195x300.jpg"},{"@type":"BreadcrumbList","@id":"https:\/\/informelitoral.com.ar\/eichmann-jr-la-intencion-es-trabajar-en-conjunto-con-los-mayores-para-congeniar-la-innovacion-y-la-experiencia\/#breadcrumb","itemListElement":[{"@type":"ListItem","position":1,"name":"Portada","item":"https:\/\/informelitoral.com.ar\/"},{"@type":"ListItem","position":2,"name":"Eichmann (JR): \u00abLa intenci\u00f3n es trabajar en conjunto con los mayores para congeniar la innovaci\u00f3n y la experiencia\u201d"}]},{"@type":"WebSite","@id":"https:\/\/informelitoral.com.ar\/#website","url":"https:\/\/informelitoral.com.ar\/","name":"Informe Litoral","description":"&quot;Nos informamos&quot; ","publisher":{"@id":"https:\/\/informelitoral.com.ar\/#organization"},"potentialAction":[{"@type":"SearchAction","target":{"@type":"EntryPoint","urlTemplate":"https:\/\/informelitoral.com.ar\/?s={search_term_string}"},"query-input":{"@type":"PropertyValueSpecification","valueRequired":true,"valueName":"search_term_string"}}],"inLanguage":"es"},{"@type":"Organization","@id":"https:\/\/informelitoral.com.ar\/#organization","name":"Informe Litoral","url":"https:\/\/informelitoral.com.ar\/","logo":{"@type":"ImageObject","inLanguage":"es","@id":"https:\/\/informelitoral.com.ar\/#\/schema\/logo\/image\/","url":"https:\/\/informelitoral.com.ar\/%77%70%2d%63%6f%6e%74%65%6e%74\/uploads\/2021\/01\/circulo.png","contentUrl":"https:\/\/informelitoral.com.ar\/%77%70%2d%63%6f%6e%74%65%6e%74\/uploads\/2021\/01\/circulo.png","width":723,"height":731,"caption":"Informe Litoral"},"image":{"@id":"https:\/\/informelitoral.com.ar\/#\/schema\/logo\/image\/"},"sameAs":["https:\/\/www.facebook.com\/informelitoral\/","https:\/\/x.com\/InformeLitoral","https:\/\/www.instagram.com\/informelitoral\/","https:\/\/www.youtube.com\/channel\/UCua4Qvz8Icb6MYqhoq9xLXw"]},{"@type":"Person","@id":"https:\/\/informelitoral.com.ar\/#\/schema\/person\/b9d00407c836482871ef1d57bf8e3180","name":"Gonzalo Schmidt","image":{"@type":"ImageObject","inLanguage":"es","@id":"https:\/\/secure.gravatar.com\/avatar\/31a1a7b66ff2de83bd0e9fd79d026630d2d99e55e8bfe501287647b4fd9743de?s=96&d=mm&r=g","url":"https:\/\/secure.gravatar.com\/avatar\/31a1a7b66ff2de83bd0e9fd79d026630d2d99e55e8bfe501287647b4fd9743de?s=96&d=mm&r=g","contentUrl":"https:\/\/secure.gravatar.com\/avatar\/31a1a7b66ff2de83bd0e9fd79d026630d2d99e55e8bfe501287647b4fd9743de?s=96&d=mm&r=g","caption":"Gonzalo Schmidt"},"description":"Sitio web de noticias de la provincia de Entre R\u00edos, Argentina. Informaci\u00f3n y entretenimiento. Informe Litoral, nos informamos.","sameAs":["http:\/\/www.isletasnoticias.com.ar"],"url":"https:\/\/informelitoral.com.ar\/author\/gonzalo\/"}]}},"_links":{"self":[{"href":"https:\/\/informelitoral.com.ar\/%77%70%2d%6a%73%6f%6e\/wp\/v2\/posts\/7341","targetHints":{"allow":["GET"]}}],"collection":[{"href":"https:\/\/informelitoral.com.ar\/%77%70%2d%6a%73%6f%6e\/wp\/v2\/posts"}],"about":[{"href":"https:\/\/informelitoral.com.ar\/%77%70%2d%6a%73%6f%6e\/wp\/v2\/types\/post"}],"author":[{"embeddable":true,"href":"https:\/\/informelitoral.com.ar\/%77%70%2d%6a%73%6f%6e\/wp\/v2\/users\/2"}],"replies":[{"embeddable":true,"href":"https:\/\/informelitoral.com.ar\/%77%70%2d%6a%73%6f%6e\/wp\/v2\/comments?post=7341"}],"version-history":[{"count":0,"href":"https:\/\/informelitoral.com.ar\/%77%70%2d%6a%73%6f%6e\/wp\/v2\/posts\/7341\/revisions"}],"wp:attachment":[{"href":"https:\/\/informelitoral.com.ar\/%77%70%2d%6a%73%6f%6e\/wp\/v2\/media?parent=7341"}],"wp:term":[{"taxonomy":"category","embeddable":true,"href":"https:\/\/informelitoral.com.ar\/%77%70%2d%6a%73%6f%6e\/wp\/v2\/categories?post=7341"},{"taxonomy":"post_tag","embeddable":true,"href":"https:\/\/informelitoral.com.ar\/%77%70%2d%6a%73%6f%6e\/wp\/v2\/tags?post=7341"}],"curies":[{"name":"wp","href":"https:\/\/api.w.org\/{rel}","templated":true}]}}