{"id":734,"date":"2013-04-04T00:12:18","date_gmt":"2013-04-04T03:12:18","guid":{"rendered":"http:\/\/www.isletasnoticias.com.ar\/?p=734"},"modified":"2013-04-04T00:14:01","modified_gmt":"2013-04-04T03:14:01","slug":"el-papa-francisco-envio-un-mensaje-a-los-argentinos-por-la-tragedia","status":"publish","type":"post","link":"https:\/\/informelitoral.com.ar\/el-papa-francisco-envio-un-mensaje-a-los-argentinos-por-la-tragedia\/","title":{"rendered":"El papa Francisco envi\u00f3 un mensaje a los argentinos por la tragedia"},"content":{"rendered":"<p><strong>El Sumo Pont\u00edfice<\/strong><strong>\u00a0se mostr\u00f3 <em>\u00abprofundamente apenado\u00bb<\/em> por la cat\u00e1strofe que afect\u00f3 a la zona metropolitana. Prometi\u00f3 <em>\u00absufragios al Se\u00f1or por el Eterno descanso de los fallecidos\u00bb.<\/em><\/strong><\/p>\n<div><img loading=\"lazy\" decoding=\"async\" class=\"size-medium wp-image-735 alignleft\" style=\"color: #0000ee;\" alt=\"papa\" src=\"http:\/\/www.isletasnoticias.com.ar\/%77%70%2d%63%6f%6e%74%65%6e%74\/uploads\/2013\/04\/papa-300x225.jpg\" width=\"300\" height=\"225\" srcset=\"https:\/\/informelitoral.com.ar\/%77%70%2d%63%6f%6e%74%65%6e%74\/uploads\/2013\/04\/papa-300x225.jpg 300w, https:\/\/informelitoral.com.ar\/%77%70%2d%63%6f%6e%74%65%6e%74\/uploads\/2013\/04\/papa.jpg 600w\" sizes=\"auto, (max-width: 300px) 100vw, 300px\" \/>A \u00faltima hora del mi\u00e9rcoles, el Arzobispado de Buenos Aires dio a conocer el mensaje que el <strong>papa Francisco<\/strong> envi\u00f3 a todos los argentinos con motivo de la cat\u00e1strofe natural que azot\u00f3 a la Capital Federal, el Gran Buenos Aires y el partido de La Plata.<\/div>\n<div><\/div>\n<div>A continuaci\u00f3n, el mensaje enviado por el secretario de Estado del Vaticano, <strong>Tarcisio Bertone<\/strong>, en nombre del Sumo Pont\u00edfice:\u00a0<em>El Papa Francisco, profundamente apenado por la noticia de los graves da\u00f1os producidos por las lluvias torrenciales de los \u00faltimos d\u00edas, ofrece sufragios al Se\u00f1or por el Eterno descanso de los fallecidos, al mismo tiempo que desea expresar su paternal cercan\u00eda espiritual a todos los damnificados y sus familiares.<\/em><em>Asimismo, el Santo P<\/em><em>adre alienta a las Instituciones civiles y eclesi\u00e1sticas, as\u00ed como a las personas de buena voluntad, a prestar con caridad y esp\u00edritu de solidaridad cristiana la necesaria ayuda a cuantos han perdido sus hogares o sus bienes personales. Con esos sentimientos, el Sumo Pont\u00edfice imparte a los afectados y a cuantos les socorren la confortadora Bendici\u00f3n Apost\u00f3lica, como signo de cercan\u00eda al querido Pueblo Argentino.<\/em><\/p>\n<p><em id=\"__mceDel\"><br \/>\n<img decoding=\"async\" alt=\"\" src=\"http:\/\/www.infobae.com\/adjuntos\/jpg\/2013\/04\/649589.jpg\" \/><\/em><\/p>\n<div><\/div>\n<p>&nbsp;<\/p>\n<div><\/div>\n<div><\/div>\n<div><\/div>\n<\/div>\n<p>Fuente: Infobae.<\/p>\n","protected":false},"excerpt":{"rendered":"<p>El Sumo Pont&iacute;fice&nbsp;se mostr&oacute; &laquo;profundamente apenado&raquo; por la cat&aacute;strofe que afect&oacute; a la zona metropolitana. Prometi&oacute; &laquo;sufragios al Se&ntilde;or por el Eterno descanso de los fallecidos&raquo;. A &uacute;ltima hora del mi&eacute;rcoles, el Arzobispado de Buenos Aires dio a conocer el mensaje que el papa Francisco envi&oacute; a todos los argentinos con motivo de la cat&aacute;strofe [&hellip;]<\/p>\n","protected":false},"author":2,"featured_media":0,"comment_status":"open","ping_status":"open","sticky":false,"template":"","format":"standard","meta":{"fifu_image_url":"","fifu_image_alt":"","footnotes":""},"categories":[8,7],"tags":[],"class_list":{"0":"post-734","1":"post","2":"type-post","3":"status-publish","4":"format-standard","6":"category-internacionales","7":"category-nacionales"},"yoast_head":"<title>El papa Francisco envi\u00f3 un mensaje a los argentinos por la tragedia - Informe Litoral<\/title>\n<meta name=\"robots\" content=\"index, follow, max-snippet:-1, max-image-preview:large, max-video-preview:-1\" \/>\n<link rel=\"canonical\" href=\"https:\/\/informelitoral.com.ar\/el-papa-francisco-envio-un-mensaje-a-los-argentinos-por-la-tragedia\/\" \/>\n<meta property=\"og:locale\" content=\"es_ES\" \/>\n<meta property=\"og:type\" content=\"article\" \/>\n<meta property=\"og:title\" content=\"El papa Francisco envi\u00f3 un mensaje a los argentinos por la tragedia - Informe Litoral\" \/>\n<meta property=\"og:description\" content=\"El Sumo Pont&iacute;fice&nbsp;se mostr&oacute; &laquo;profundamente apenado&raquo; por la cat&aacute;strofe que afect&oacute; a la zona metropolitana. Prometi&oacute; &laquo;sufragios al Se&ntilde;or por el Eterno descanso de los fallecidos&raquo;. A &uacute;ltima hora del mi&eacute;rcoles, el Arzobispado de Buenos Aires dio a conocer el mensaje que el papa Francisco envi&oacute; a todos los argentinos con motivo de la cat&aacute;strofe [&hellip;]\" \/>\n<meta property=\"og:url\" content=\"https:\/\/informelitoral.com.ar\/el-papa-francisco-envio-un-mensaje-a-los-argentinos-por-la-tragedia\/\" \/>\n<meta property=\"og:site_name\" content=\"Informe Litoral\" \/>\n<meta property=\"article:publisher\" content=\"https:\/\/www.facebook.com\/informelitoral\/\" \/>\n<meta property=\"article:published_time\" content=\"2013-04-04T03:12:18+00:00\" \/>\n<meta property=\"article:modified_time\" content=\"2013-04-04T03:14:01+00:00\" \/>\n<meta property=\"og:image\" content=\"https:\/\/informelitoral.com.ar\/%77%70%2d%63%6f%6e%74%65%6e%74\/uploads\/2013\/04\/papa.jpg\" \/>\n\t<meta property=\"og:image:width\" content=\"600\" \/>\n\t<meta property=\"og:image:height\" content=\"450\" \/>\n\t<meta property=\"og:image:type\" content=\"image\/jpeg\" \/>\n<meta name=\"author\" content=\"Gonzalo Schmidt\" \/>\n<meta name=\"twitter:card\" content=\"summary_large_image\" \/>\n<meta name=\"twitter:creator\" content=\"@InformeLitoral\" \/>\n<meta name=\"twitter:site\" content=\"@InformeLitoral\" \/>\n<meta name=\"twitter:label1\" content=\"Escrito por\" \/>\n\t<meta name=\"twitter:data1\" content=\"Gonzalo Schmidt\" \/>\n\t<meta name=\"twitter:label2\" content=\"Tiempo de lectura\" \/>\n\t<meta name=\"twitter:data2\" content=\"1 minuto\" \/>\n<script type=\"application\/ld+json\" class=\"yoast-schema-graph\">{\"@context\":\"https:\\\/\\\/schema.org\",\"@graph\":[{\"@type\":\"Article\",\"@id\":\"https:\\\/\\\/informelitoral.com.ar\\\/el-papa-francisco-envio-un-mensaje-a-los-argentinos-por-la-tragedia\\\/#article\",\"isPartOf\":{\"@id\":\"https:\\\/\\\/informelitoral.com.ar\\\/el-papa-francisco-envio-un-mensaje-a-los-argentinos-por-la-tragedia\\\/\"},\"author\":{\"name\":\"Gonzalo Schmidt\",\"@id\":\"https:\\\/\\\/informelitoral.com.ar\\\/#\\\/schema\\\/person\\\/b9d00407c836482871ef1d57bf8e3180\"},\"headline\":\"El papa Francisco envi\u00f3 un mensaje a los argentinos por la tragedia\",\"datePublished\":\"2013-04-04T03:12:18+00:00\",\"dateModified\":\"2013-04-04T03:14:01+00:00\",\"mainEntityOfPage\":{\"@id\":\"https:\\\/\\\/informelitoral.com.ar\\\/el-papa-francisco-envio-un-mensaje-a-los-argentinos-por-la-tragedia\\\/\"},\"wordCount\":242,\"commentCount\":0,\"publisher\":{\"@id\":\"https:\\\/\\\/informelitoral.com.ar\\\/#organization\"},\"image\":{\"@id\":\"https:\\\/\\\/informelitoral.com.ar\\\/el-papa-francisco-envio-un-mensaje-a-los-argentinos-por-la-tragedia\\\/#primaryimage\"},\"thumbnailUrl\":\"http:\\\/\\\/www.isletasnoticias.com.ar\\\/%77%70%2d%63%6f%6e%74%65%6e%74\\\/uploads\\\/2013\\\/04\\\/papa-300x225.jpg\",\"articleSection\":[\"Internacionales\",\"Nacionales\"],\"inLanguage\":\"es\",\"potentialAction\":[{\"@type\":\"CommentAction\",\"name\":\"Comment\",\"target\":[\"https:\\\/\\\/informelitoral.com.ar\\\/el-papa-francisco-envio-un-mensaje-a-los-argentinos-por-la-tragedia\\\/#respond\"]}]},{\"@type\":\"WebPage\",\"@id\":\"https:\\\/\\\/informelitoral.com.ar\\\/el-papa-francisco-envio-un-mensaje-a-los-argentinos-por-la-tragedia\\\/\",\"url\":\"https:\\\/\\\/informelitoral.com.ar\\\/el-papa-francisco-envio-un-mensaje-a-los-argentinos-por-la-tragedia\\\/\",\"name\":\"El papa Francisco envi\u00f3 un mensaje a los argentinos por la tragedia - Informe Litoral\",\"isPartOf\":{\"@id\":\"https:\\\/\\\/informelitoral.com.ar\\\/#website\"},\"primaryImageOfPage\":{\"@id\":\"https:\\\/\\\/informelitoral.com.ar\\\/el-papa-francisco-envio-un-mensaje-a-los-argentinos-por-la-tragedia\\\/#primaryimage\"},\"image\":{\"@id\":\"https:\\\/\\\/informelitoral.com.ar\\\/el-papa-francisco-envio-un-mensaje-a-los-argentinos-por-la-tragedia\\\/#primaryimage\"},\"thumbnailUrl\":\"http:\\\/\\\/www.isletasnoticias.com.ar\\\/%77%70%2d%63%6f%6e%74%65%6e%74\\\/uploads\\\/2013\\\/04\\\/papa-300x225.jpg\",\"datePublished\":\"2013-04-04T03:12:18+00:00\",\"dateModified\":\"2013-04-04T03:14:01+00:00\",\"breadcrumb\":{\"@id\":\"https:\\\/\\\/informelitoral.com.ar\\\/el-papa-francisco-envio-un-mensaje-a-los-argentinos-por-la-tragedia\\\/#breadcrumb\"},\"inLanguage\":\"es\",\"potentialAction\":[{\"@type\":\"ReadAction\",\"target\":[\"https:\\\/\\\/informelitoral.com.ar\\\/el-papa-francisco-envio-un-mensaje-a-los-argentinos-por-la-tragedia\\\/\"]}]},{\"@type\":\"ImageObject\",\"inLanguage\":\"es\",\"@id\":\"https:\\\/\\\/informelitoral.com.ar\\\/el-papa-francisco-envio-un-mensaje-a-los-argentinos-por-la-tragedia\\\/#primaryimage\",\"url\":\"http:\\\/\\\/www.isletasnoticias.com.ar\\\/%77%70%2d%63%6f%6e%74%65%6e%74\\\/uploads\\\/2013\\\/04\\\/papa-300x225.jpg\",\"contentUrl\":\"http:\\\/\\\/www.isletasnoticias.com.ar\\\/%77%70%2d%63%6f%6e%74%65%6e%74\\\/uploads\\\/2013\\\/04\\\/papa-300x225.jpg\"},{\"@type\":\"BreadcrumbList\",\"@id\":\"https:\\\/\\\/informelitoral.com.ar\\\/el-papa-francisco-envio-un-mensaje-a-los-argentinos-por-la-tragedia\\\/#breadcrumb\",\"itemListElement\":[{\"@type\":\"ListItem\",\"position\":1,\"name\":\"Portada\",\"item\":\"https:\\\/\\\/informelitoral.com.ar\\\/\"},{\"@type\":\"ListItem\",\"position\":2,\"name\":\"El papa Francisco envi\u00f3 un mensaje a los argentinos por la tragedia\"}]},{\"@type\":\"WebSite\",\"@id\":\"https:\\\/\\\/informelitoral.com.ar\\\/#website\",\"url\":\"https:\\\/\\\/informelitoral.com.ar\\\/\",\"name\":\"Informe Litoral\",\"description\":\"&quot;Nos informamos&quot; \",\"publisher\":{\"@id\":\"https:\\\/\\\/informelitoral.com.ar\\\/#organization\"},\"potentialAction\":[{\"@type\":\"SearchAction\",\"target\":{\"@type\":\"EntryPoint\",\"urlTemplate\":\"https:\\\/\\\/informelitoral.com.ar\\\/?s={search_term_string}\"},\"query-input\":{\"@type\":\"PropertyValueSpecification\",\"valueRequired\":true,\"valueName\":\"search_term_string\"}}],\"inLanguage\":\"es\"},{\"@type\":\"Organization\",\"@id\":\"https:\\\/\\\/informelitoral.com.ar\\\/#organization\",\"name\":\"Informe Litoral\",\"url\":\"https:\\\/\\\/informelitoral.com.ar\\\/\",\"logo\":{\"@type\":\"ImageObject\",\"inLanguage\":\"es\",\"@id\":\"https:\\\/\\\/informelitoral.com.ar\\\/#\\\/schema\\\/logo\\\/image\\\/\",\"url\":\"https:\\\/\\\/informelitoral.com.ar\\\/%77%70%2d%63%6f%6e%74%65%6e%74\\\/uploads\\\/2021\\\/01\\\/circulo.png\",\"contentUrl\":\"https:\\\/\\\/informelitoral.com.ar\\\/%77%70%2d%63%6f%6e%74%65%6e%74\\\/uploads\\\/2021\\\/01\\\/circulo.png\",\"width\":723,\"height\":731,\"caption\":\"Informe Litoral\"},\"image\":{\"@id\":\"https:\\\/\\\/informelitoral.com.ar\\\/#\\\/schema\\\/logo\\\/image\\\/\"},\"sameAs\":[\"https:\\\/\\\/www.facebook.com\\\/informelitoral\\\/\",\"https:\\\/\\\/x.com\\\/InformeLitoral\",\"https:\\\/\\\/www.instagram.com\\\/informelitoral\\\/\",\"https:\\\/\\\/www.youtube.com\\\/channel\\\/UCua4Qvz8Icb6MYqhoq9xLXw\"]},{\"@type\":\"Person\",\"@id\":\"https:\\\/\\\/informelitoral.com.ar\\\/#\\\/schema\\\/person\\\/b9d00407c836482871ef1d57bf8e3180\",\"name\":\"Gonzalo Schmidt\",\"image\":{\"@type\":\"ImageObject\",\"inLanguage\":\"es\",\"@id\":\"https:\\\/\\\/secure.gravatar.com\\\/avatar\\\/31a1a7b66ff2de83bd0e9fd79d026630d2d99e55e8bfe501287647b4fd9743de?s=96&d=mm&r=g\",\"url\":\"https:\\\/\\\/secure.gravatar.com\\\/avatar\\\/31a1a7b66ff2de83bd0e9fd79d026630d2d99e55e8bfe501287647b4fd9743de?s=96&d=mm&r=g\",\"contentUrl\":\"https:\\\/\\\/secure.gravatar.com\\\/avatar\\\/31a1a7b66ff2de83bd0e9fd79d026630d2d99e55e8bfe501287647b4fd9743de?s=96&d=mm&r=g\",\"caption\":\"Gonzalo Schmidt\"},\"description\":\"Sitio web de noticias de la provincia de Entre R\u00edos, Argentina. Informaci\u00f3n y entretenimiento. Informe Litoral, nos informamos.\",\"sameAs\":[\"http:\\\/\\\/www.isletasnoticias.com.ar\"],\"url\":\"https:\\\/\\\/informelitoral.com.ar\\\/author\\\/gonzalo\\\/\"}]}<\/script>","yoast_head_json":{"title":"El papa Francisco envi\u00f3 un mensaje a los argentinos por la tragedia - Informe Litoral","robots":{"index":"index","follow":"follow","max-snippet":"max-snippet:-1","max-image-preview":"max-image-preview:large","max-video-preview":"max-video-preview:-1"},"canonical":"https:\/\/informelitoral.com.ar\/el-papa-francisco-envio-un-mensaje-a-los-argentinos-por-la-tragedia\/","og_locale":"es_ES","og_type":"article","og_title":"El papa Francisco envi\u00f3 un mensaje a los argentinos por la tragedia - Informe Litoral","og_description":"El Sumo Pont&iacute;fice&nbsp;se mostr&oacute; &laquo;profundamente apenado&raquo; por la cat&aacute;strofe que afect&oacute; a la zona metropolitana. Prometi&oacute; &laquo;sufragios al Se&ntilde;or por el Eterno descanso de los fallecidos&raquo;. A &uacute;ltima hora del mi&eacute;rcoles, el Arzobispado de Buenos Aires dio a conocer el mensaje que el papa Francisco envi&oacute; a todos los argentinos con motivo de la cat&aacute;strofe [&hellip;]","og_url":"https:\/\/informelitoral.com.ar\/el-papa-francisco-envio-un-mensaje-a-los-argentinos-por-la-tragedia\/","og_site_name":"Informe Litoral","article_publisher":"https:\/\/www.facebook.com\/informelitoral\/","article_published_time":"2013-04-04T03:12:18+00:00","article_modified_time":"2013-04-04T03:14:01+00:00","og_image":[{"width":600,"height":450,"url":"https:\/\/informelitoral.com.ar\/%77%70%2d%63%6f%6e%74%65%6e%74\/uploads\/2013\/04\/papa.jpg","type":"image\/jpeg"}],"author":"Gonzalo Schmidt","twitter_card":"summary_large_image","twitter_creator":"@InformeLitoral","twitter_site":"@InformeLitoral","twitter_misc":{"Escrito por":"Gonzalo Schmidt","Tiempo de lectura":"1 minuto"},"schema":{"@context":"https:\/\/schema.org","@graph":[{"@type":"Article","@id":"https:\/\/informelitoral.com.ar\/el-papa-francisco-envio-un-mensaje-a-los-argentinos-por-la-tragedia\/#article","isPartOf":{"@id":"https:\/\/informelitoral.com.ar\/el-papa-francisco-envio-un-mensaje-a-los-argentinos-por-la-tragedia\/"},"author":{"name":"Gonzalo Schmidt","@id":"https:\/\/informelitoral.com.ar\/#\/schema\/person\/b9d00407c836482871ef1d57bf8e3180"},"headline":"El papa Francisco envi\u00f3 un mensaje a los argentinos por la tragedia","datePublished":"2013-04-04T03:12:18+00:00","dateModified":"2013-04-04T03:14:01+00:00","mainEntityOfPage":{"@id":"https:\/\/informelitoral.com.ar\/el-papa-francisco-envio-un-mensaje-a-los-argentinos-por-la-tragedia\/"},"wordCount":242,"commentCount":0,"publisher":{"@id":"https:\/\/informelitoral.com.ar\/#organization"},"image":{"@id":"https:\/\/informelitoral.com.ar\/el-papa-francisco-envio-un-mensaje-a-los-argentinos-por-la-tragedia\/#primaryimage"},"thumbnailUrl":"http:\/\/www.isletasnoticias.com.ar\/%77%70%2d%63%6f%6e%74%65%6e%74\/uploads\/2013\/04\/papa-300x225.jpg","articleSection":["Internacionales","Nacionales"],"inLanguage":"es","potentialAction":[{"@type":"CommentAction","name":"Comment","target":["https:\/\/informelitoral.com.ar\/el-papa-francisco-envio-un-mensaje-a-los-argentinos-por-la-tragedia\/#respond"]}]},{"@type":"WebPage","@id":"https:\/\/informelitoral.com.ar\/el-papa-francisco-envio-un-mensaje-a-los-argentinos-por-la-tragedia\/","url":"https:\/\/informelitoral.com.ar\/el-papa-francisco-envio-un-mensaje-a-los-argentinos-por-la-tragedia\/","name":"El papa Francisco envi\u00f3 un mensaje a los argentinos por la tragedia - Informe Litoral","isPartOf":{"@id":"https:\/\/informelitoral.com.ar\/#website"},"primaryImageOfPage":{"@id":"https:\/\/informelitoral.com.ar\/el-papa-francisco-envio-un-mensaje-a-los-argentinos-por-la-tragedia\/#primaryimage"},"image":{"@id":"https:\/\/informelitoral.com.ar\/el-papa-francisco-envio-un-mensaje-a-los-argentinos-por-la-tragedia\/#primaryimage"},"thumbnailUrl":"http:\/\/www.isletasnoticias.com.ar\/%77%70%2d%63%6f%6e%74%65%6e%74\/uploads\/2013\/04\/papa-300x225.jpg","datePublished":"2013-04-04T03:12:18+00:00","dateModified":"2013-04-04T03:14:01+00:00","breadcrumb":{"@id":"https:\/\/informelitoral.com.ar\/el-papa-francisco-envio-un-mensaje-a-los-argentinos-por-la-tragedia\/#breadcrumb"},"inLanguage":"es","potentialAction":[{"@type":"ReadAction","target":["https:\/\/informelitoral.com.ar\/el-papa-francisco-envio-un-mensaje-a-los-argentinos-por-la-tragedia\/"]}]},{"@type":"ImageObject","inLanguage":"es","@id":"https:\/\/informelitoral.com.ar\/el-papa-francisco-envio-un-mensaje-a-los-argentinos-por-la-tragedia\/#primaryimage","url":"http:\/\/www.isletasnoticias.com.ar\/%77%70%2d%63%6f%6e%74%65%6e%74\/uploads\/2013\/04\/papa-300x225.jpg","contentUrl":"http:\/\/www.isletasnoticias.com.ar\/%77%70%2d%63%6f%6e%74%65%6e%74\/uploads\/2013\/04\/papa-300x225.jpg"},{"@type":"BreadcrumbList","@id":"https:\/\/informelitoral.com.ar\/el-papa-francisco-envio-un-mensaje-a-los-argentinos-por-la-tragedia\/#breadcrumb","itemListElement":[{"@type":"ListItem","position":1,"name":"Portada","item":"https:\/\/informelitoral.com.ar\/"},{"@type":"ListItem","position":2,"name":"El papa Francisco envi\u00f3 un mensaje a los argentinos por la tragedia"}]},{"@type":"WebSite","@id":"https:\/\/informelitoral.com.ar\/#website","url":"https:\/\/informelitoral.com.ar\/","name":"Informe Litoral","description":"&quot;Nos informamos&quot; ","publisher":{"@id":"https:\/\/informelitoral.com.ar\/#organization"},"potentialAction":[{"@type":"SearchAction","target":{"@type":"EntryPoint","urlTemplate":"https:\/\/informelitoral.com.ar\/?s={search_term_string}"},"query-input":{"@type":"PropertyValueSpecification","valueRequired":true,"valueName":"search_term_string"}}],"inLanguage":"es"},{"@type":"Organization","@id":"https:\/\/informelitoral.com.ar\/#organization","name":"Informe Litoral","url":"https:\/\/informelitoral.com.ar\/","logo":{"@type":"ImageObject","inLanguage":"es","@id":"https:\/\/informelitoral.com.ar\/#\/schema\/logo\/image\/","url":"https:\/\/informelitoral.com.ar\/%77%70%2d%63%6f%6e%74%65%6e%74\/uploads\/2021\/01\/circulo.png","contentUrl":"https:\/\/informelitoral.com.ar\/%77%70%2d%63%6f%6e%74%65%6e%74\/uploads\/2021\/01\/circulo.png","width":723,"height":731,"caption":"Informe Litoral"},"image":{"@id":"https:\/\/informelitoral.com.ar\/#\/schema\/logo\/image\/"},"sameAs":["https:\/\/www.facebook.com\/informelitoral\/","https:\/\/x.com\/InformeLitoral","https:\/\/www.instagram.com\/informelitoral\/","https:\/\/www.youtube.com\/channel\/UCua4Qvz8Icb6MYqhoq9xLXw"]},{"@type":"Person","@id":"https:\/\/informelitoral.com.ar\/#\/schema\/person\/b9d00407c836482871ef1d57bf8e3180","name":"Gonzalo Schmidt","image":{"@type":"ImageObject","inLanguage":"es","@id":"https:\/\/secure.gravatar.com\/avatar\/31a1a7b66ff2de83bd0e9fd79d026630d2d99e55e8bfe501287647b4fd9743de?s=96&d=mm&r=g","url":"https:\/\/secure.gravatar.com\/avatar\/31a1a7b66ff2de83bd0e9fd79d026630d2d99e55e8bfe501287647b4fd9743de?s=96&d=mm&r=g","contentUrl":"https:\/\/secure.gravatar.com\/avatar\/31a1a7b66ff2de83bd0e9fd79d026630d2d99e55e8bfe501287647b4fd9743de?s=96&d=mm&r=g","caption":"Gonzalo Schmidt"},"description":"Sitio web de noticias de la provincia de Entre R\u00edos, Argentina. Informaci\u00f3n y entretenimiento. Informe Litoral, nos informamos.","sameAs":["http:\/\/www.isletasnoticias.com.ar"],"url":"https:\/\/informelitoral.com.ar\/author\/gonzalo\/"}]}},"_links":{"self":[{"href":"https:\/\/informelitoral.com.ar\/%77%70%2d%6a%73%6f%6e\/wp\/v2\/posts\/734","targetHints":{"allow":["GET"]}}],"collection":[{"href":"https:\/\/informelitoral.com.ar\/%77%70%2d%6a%73%6f%6e\/wp\/v2\/posts"}],"about":[{"href":"https:\/\/informelitoral.com.ar\/%77%70%2d%6a%73%6f%6e\/wp\/v2\/types\/post"}],"author":[{"embeddable":true,"href":"https:\/\/informelitoral.com.ar\/%77%70%2d%6a%73%6f%6e\/wp\/v2\/users\/2"}],"replies":[{"embeddable":true,"href":"https:\/\/informelitoral.com.ar\/%77%70%2d%6a%73%6f%6e\/wp\/v2\/comments?post=734"}],"version-history":[{"count":0,"href":"https:\/\/informelitoral.com.ar\/%77%70%2d%6a%73%6f%6e\/wp\/v2\/posts\/734\/revisions"}],"wp:attachment":[{"href":"https:\/\/informelitoral.com.ar\/%77%70%2d%6a%73%6f%6e\/wp\/v2\/media?parent=734"}],"wp:term":[{"taxonomy":"category","embeddable":true,"href":"https:\/\/informelitoral.com.ar\/%77%70%2d%6a%73%6f%6e\/wp\/v2\/categories?post=734"},{"taxonomy":"post_tag","embeddable":true,"href":"https:\/\/informelitoral.com.ar\/%77%70%2d%6a%73%6f%6e\/wp\/v2\/tags?post=734"}],"curies":[{"name":"wp","href":"https:\/\/api.w.org\/{rel}","templated":true}]}}