{"id":7338,"date":"2014-07-02T22:25:15","date_gmt":"2014-07-03T01:25:15","guid":{"rendered":"http:\/\/www.isletasnoticias.com.ar\/?p=7338"},"modified":"2014-07-02T22:25:15","modified_gmt":"2014-07-03T01:25:15","slug":"el-conductor-del-auto-que-choco-a-la-hija-de-titi-fernandez-seguira-preso","status":"publish","type":"post","link":"https:\/\/informelitoral.com.ar\/el-conductor-del-auto-que-choco-a-la-hija-de-titi-fernandez-seguira-preso\/","title":{"rendered":"El conductor del auto que choc\u00f3 a la hija de Titi Fern\u00e1ndez seguir\u00e1 preso"},"content":{"rendered":"<p><strong><span style=\"color: #000000;\">Seg\u00fan la prensa local, <em>Marcos Vin\u00edcius da Silva<\/em>, de 21 a\u00f1os, deber\u00e1 responder a los cargos de homicidio culposo.<em> Los detalles.<a href=\"http:\/\/www.isletasnoticias.com.ar\/%77%70%2d%63%6f%6e%74%65%6e%74\/uploads\/2014\/07\/0011237272.jpg\"><img loading=\"lazy\" decoding=\"async\" class=\"aligncenter wp-image-7339\" src=\"http:\/\/www.isletasnoticias.com.ar\/%77%70%2d%63%6f%6e%74%65%6e%74\/uploads\/2014\/07\/0011237272-300x168.jpg\" alt=\"0011237272\" width=\"500\" height=\"281\" srcset=\"https:\/\/informelitoral.com.ar\/%77%70%2d%63%6f%6e%74%65%6e%74\/uploads\/2014\/07\/0011237272-300x168.jpg 300w, https:\/\/informelitoral.com.ar\/%77%70%2d%63%6f%6e%74%65%6e%74\/uploads\/2014\/07\/0011237272.jpg 770w\" sizes=\"auto, (max-width: 500px) 100vw, 500px\" \/><\/a><\/em><\/span><\/strong><\/p>\n<p style=\"color: #000000;\">Lo confirm\u00f3 la prensa local, el conductor <strong>Marcos Vin\u00edcius da Silva<\/strong>, de 21 a\u00f1os, que conduc\u00eda el auto Golf que particip\u00f3 del incidente donde falleci\u00f3 la hija del periodista <strong>Miguel \u00c1ngel Titi Fern\u00e1ndez<\/strong>, <strong>Mar\u00eda Soledad<\/strong>, permanecer\u00e1 preso y podr\u00eda ser condenado a 7 a\u00f1os de prisi\u00f3n.<\/p>\n<p style=\"color: #000000;\">Da Silva deber\u00e1 responder por los cargos de homicidio culposo, aunque no haya tenido intenci\u00f3n de matar, abandono de persona y de haber huido del lugar.<\/p>\n<p style=\"color: #000000;\">\u00ab\u00c9l permanecer\u00e1 preso y podr\u00eda ser condenado a hasta 7 a\u00f1os\u00bb,\u00a0dijo el oficial<strong> Douglas Camarano de Castro<\/strong>, de la ciudad de Oliveira, quien le tom\u00f3 declaraciones a Da Silva y su acompa\u00f1ante, <strong>Rafael Costa Campos<\/strong>, de 23 a\u00f1os.\u00bbLa Polic\u00eda Civil no tiene autoridad para definir una fianza, ser\u00e1 el juez quien tiene que decidir si lo suelta o no\u00bb, indic\u00f3 seg\u00fan consigna el diario brasilero\u00a0<i>O Tempo<\/i>.<\/p>\n<p style=\"color: #000000;\">Los j\u00f3venes, que son de San Pablo, contaron en el destacamento policial que conduc\u00edan por la BR-381 con destino a la ciudad de Varzel\u00e2ndia, en el norte de Minas Gerais, donde tiene parientes.\u00a0Ellos negaron haber chocado con el Fiat Doblo donde se trasladaban los argentinos y continuaron sosteniendo la versi\u00f3n de que hab\u00edan chocado con un cami\u00f3n.<\/p>\n<p style=\"color: #000000;\">Sin embargo, seg\u00fan Camarano, el veh\u00edculo de Da Silva tiene marcas de tinta de color gris, de igual tono al del Fiat Doblo en que estaban las v\u00edctimas. El Golf ser\u00e1 llevado a la ciudad de Oliveira para que se le realicen las pericias correspondientes.<\/p>\n<p style=\"color: #000000;\">Mar\u00eda Soledad Fern\u00e1ndez, hija del conocido periodista deportivo argentino Miguel \u00abTit\u00ed\u00bb Fern\u00e1ndez, muri\u00f3 el mi\u00e9rcoles en un accidente de tr\u00e1nsito tras cubrir la victoria 1-0 de Argentina sobre Suiza en el Mundial, dijo la polic\u00eda brasile\u00f1a.<\/p>\n<p style=\"color: #000000;\">La joven viajaba junto a otros dos colegas desde Sao Paulo a la ciudad de Belo Horizonte, donde est\u00e1 la base de entrenamiento del equipo argentino, cuando su autom\u00f3vil volc\u00f3 y cay\u00f3 en un barranco, aparentemente tras ser impactado por otro veh\u00edculo desde atr\u00e1s.<\/p>\n<p style=\"color: #000000;\">Su padre es un periodista de televisi\u00f3n argentina conocido tambi\u00e9n en el resto de Am\u00e9rica Latina.<br \/>\nLas otras dos personas que viajaban en el auto resultaron con diversos traumatismos pero ese encuentran estables, de acuerdo a reportes de la prensa local.<\/p>\n<p style=\"color: #000000;\">Fuente: <em>Rating Cero<\/em><\/p>\n","protected":false},"excerpt":{"rendered":"<p>Seg&uacute;n la prensa local, Marcos Vin&iacute;cius da Silva, de 21 a&ntilde;os, deber&aacute; responder a los cargos de homicidio culposo. Los detalles. Lo confirm&oacute; la prensa local, el conductor Marcos Vin&iacute;cius da Silva, de 21 a&ntilde;os, que conduc&iacute;a el auto Golf que particip&oacute; del incidente donde falleci&oacute; la hija del periodista Miguel &Aacute;ngel Titi Fern&aacute;ndez, Mar&iacute;a [&hellip;]<\/p>\n","protected":false},"author":2,"featured_media":0,"comment_status":"open","ping_status":"open","sticky":false,"template":"","format":"standard","meta":{"fifu_image_url":"","fifu_image_alt":"","footnotes":""},"categories":[14],"tags":[],"class_list":{"0":"post-7338","1":"post","2":"type-post","3":"status-publish","4":"format-standard","6":"category-policiales"},"yoast_head":"<title>El conductor del auto que choc\u00f3 a la hija de Titi Fern\u00e1ndez seguir\u00e1 preso - Informe Litoral<\/title>\n<meta name=\"robots\" content=\"index, follow, max-snippet:-1, max-image-preview:large, max-video-preview:-1\" \/>\n<link rel=\"canonical\" href=\"https:\/\/informelitoral.com.ar\/el-conductor-del-auto-que-choco-a-la-hija-de-titi-fernandez-seguira-preso\/\" \/>\n<meta property=\"og:locale\" content=\"es_ES\" \/>\n<meta property=\"og:type\" content=\"article\" \/>\n<meta property=\"og:title\" content=\"El conductor del auto que choc\u00f3 a la hija de Titi Fern\u00e1ndez seguir\u00e1 preso - Informe Litoral\" \/>\n<meta property=\"og:description\" content=\"Seg&uacute;n la prensa local, Marcos Vin&iacute;cius da Silva, de 21 a&ntilde;os, deber&aacute; responder a los cargos de homicidio culposo. Los detalles. Lo confirm&oacute; la prensa local, el conductor Marcos Vin&iacute;cius da Silva, de 21 a&ntilde;os, que conduc&iacute;a el auto Golf que particip&oacute; del incidente donde falleci&oacute; la hija del periodista Miguel &Aacute;ngel Titi Fern&aacute;ndez, Mar&iacute;a [&hellip;]\" \/>\n<meta property=\"og:url\" content=\"https:\/\/informelitoral.com.ar\/el-conductor-del-auto-que-choco-a-la-hija-de-titi-fernandez-seguira-preso\/\" \/>\n<meta property=\"og:site_name\" content=\"Informe Litoral\" \/>\n<meta property=\"article:publisher\" content=\"https:\/\/www.facebook.com\/informelitoral\/\" \/>\n<meta property=\"article:published_time\" content=\"2014-07-03T01:25:15+00:00\" \/>\n<meta property=\"og:image\" content=\"https:\/\/informelitoral.com.ar\/%77%70%2d%63%6f%6e%74%65%6e%74\/uploads\/2014\/07\/0011237272.jpg\" \/>\n\t<meta property=\"og:image:width\" content=\"770\" \/>\n\t<meta property=\"og:image:height\" content=\"433\" \/>\n\t<meta property=\"og:image:type\" content=\"image\/jpeg\" \/>\n<meta name=\"author\" content=\"Gonzalo Schmidt\" \/>\n<meta name=\"twitter:card\" content=\"summary_large_image\" \/>\n<meta name=\"twitter:creator\" content=\"@InformeLitoral\" \/>\n<meta name=\"twitter:site\" content=\"@InformeLitoral\" \/>\n<meta name=\"twitter:label1\" content=\"Escrito por\" \/>\n\t<meta name=\"twitter:data1\" content=\"Gonzalo Schmidt\" \/>\n\t<meta name=\"twitter:label2\" content=\"Tiempo de lectura\" \/>\n\t<meta name=\"twitter:data2\" content=\"2 minutos\" \/>\n<script type=\"application\/ld+json\" class=\"yoast-schema-graph\">{\"@context\":\"https:\\\/\\\/schema.org\",\"@graph\":[{\"@type\":\"Article\",\"@id\":\"https:\\\/\\\/informelitoral.com.ar\\\/el-conductor-del-auto-que-choco-a-la-hija-de-titi-fernandez-seguira-preso\\\/#article\",\"isPartOf\":{\"@id\":\"https:\\\/\\\/informelitoral.com.ar\\\/el-conductor-del-auto-que-choco-a-la-hija-de-titi-fernandez-seguira-preso\\\/\"},\"author\":{\"name\":\"Gonzalo Schmidt\",\"@id\":\"https:\\\/\\\/informelitoral.com.ar\\\/#\\\/schema\\\/person\\\/b9d00407c836482871ef1d57bf8e3180\"},\"headline\":\"El conductor del auto que choc\u00f3 a la hija de Titi Fern\u00e1ndez seguir\u00e1 preso\",\"datePublished\":\"2014-07-03T01:25:15+00:00\",\"mainEntityOfPage\":{\"@id\":\"https:\\\/\\\/informelitoral.com.ar\\\/el-conductor-del-auto-que-choco-a-la-hija-de-titi-fernandez-seguira-preso\\\/\"},\"wordCount\":439,\"commentCount\":0,\"publisher\":{\"@id\":\"https:\\\/\\\/informelitoral.com.ar\\\/#organization\"},\"image\":{\"@id\":\"https:\\\/\\\/informelitoral.com.ar\\\/el-conductor-del-auto-que-choco-a-la-hija-de-titi-fernandez-seguira-preso\\\/#primaryimage\"},\"thumbnailUrl\":\"http:\\\/\\\/www.isletasnoticias.com.ar\\\/%77%70%2d%63%6f%6e%74%65%6e%74\\\/uploads\\\/2014\\\/07\\\/0011237272-300x168.jpg\",\"articleSection\":[\"Policiales\"],\"inLanguage\":\"es\",\"potentialAction\":[{\"@type\":\"CommentAction\",\"name\":\"Comment\",\"target\":[\"https:\\\/\\\/informelitoral.com.ar\\\/el-conductor-del-auto-que-choco-a-la-hija-de-titi-fernandez-seguira-preso\\\/#respond\"]}]},{\"@type\":\"WebPage\",\"@id\":\"https:\\\/\\\/informelitoral.com.ar\\\/el-conductor-del-auto-que-choco-a-la-hija-de-titi-fernandez-seguira-preso\\\/\",\"url\":\"https:\\\/\\\/informelitoral.com.ar\\\/el-conductor-del-auto-que-choco-a-la-hija-de-titi-fernandez-seguira-preso\\\/\",\"name\":\"El conductor del auto que choc\u00f3 a la hija de Titi Fern\u00e1ndez seguir\u00e1 preso - Informe Litoral\",\"isPartOf\":{\"@id\":\"https:\\\/\\\/informelitoral.com.ar\\\/#website\"},\"primaryImageOfPage\":{\"@id\":\"https:\\\/\\\/informelitoral.com.ar\\\/el-conductor-del-auto-que-choco-a-la-hija-de-titi-fernandez-seguira-preso\\\/#primaryimage\"},\"image\":{\"@id\":\"https:\\\/\\\/informelitoral.com.ar\\\/el-conductor-del-auto-que-choco-a-la-hija-de-titi-fernandez-seguira-preso\\\/#primaryimage\"},\"thumbnailUrl\":\"http:\\\/\\\/www.isletasnoticias.com.ar\\\/%77%70%2d%63%6f%6e%74%65%6e%74\\\/uploads\\\/2014\\\/07\\\/0011237272-300x168.jpg\",\"datePublished\":\"2014-07-03T01:25:15+00:00\",\"breadcrumb\":{\"@id\":\"https:\\\/\\\/informelitoral.com.ar\\\/el-conductor-del-auto-que-choco-a-la-hija-de-titi-fernandez-seguira-preso\\\/#breadcrumb\"},\"inLanguage\":\"es\",\"potentialAction\":[{\"@type\":\"ReadAction\",\"target\":[\"https:\\\/\\\/informelitoral.com.ar\\\/el-conductor-del-auto-que-choco-a-la-hija-de-titi-fernandez-seguira-preso\\\/\"]}]},{\"@type\":\"ImageObject\",\"inLanguage\":\"es\",\"@id\":\"https:\\\/\\\/informelitoral.com.ar\\\/el-conductor-del-auto-que-choco-a-la-hija-de-titi-fernandez-seguira-preso\\\/#primaryimage\",\"url\":\"http:\\\/\\\/www.isletasnoticias.com.ar\\\/%77%70%2d%63%6f%6e%74%65%6e%74\\\/uploads\\\/2014\\\/07\\\/0011237272-300x168.jpg\",\"contentUrl\":\"http:\\\/\\\/www.isletasnoticias.com.ar\\\/%77%70%2d%63%6f%6e%74%65%6e%74\\\/uploads\\\/2014\\\/07\\\/0011237272-300x168.jpg\"},{\"@type\":\"BreadcrumbList\",\"@id\":\"https:\\\/\\\/informelitoral.com.ar\\\/el-conductor-del-auto-que-choco-a-la-hija-de-titi-fernandez-seguira-preso\\\/#breadcrumb\",\"itemListElement\":[{\"@type\":\"ListItem\",\"position\":1,\"name\":\"Portada\",\"item\":\"https:\\\/\\\/informelitoral.com.ar\\\/\"},{\"@type\":\"ListItem\",\"position\":2,\"name\":\"El conductor del auto que choc\u00f3 a la hija de Titi Fern\u00e1ndez seguir\u00e1 preso\"}]},{\"@type\":\"WebSite\",\"@id\":\"https:\\\/\\\/informelitoral.com.ar\\\/#website\",\"url\":\"https:\\\/\\\/informelitoral.com.ar\\\/\",\"name\":\"Informe Litoral\",\"description\":\"&quot;Nos informamos&quot; \",\"publisher\":{\"@id\":\"https:\\\/\\\/informelitoral.com.ar\\\/#organization\"},\"potentialAction\":[{\"@type\":\"SearchAction\",\"target\":{\"@type\":\"EntryPoint\",\"urlTemplate\":\"https:\\\/\\\/informelitoral.com.ar\\\/?s={search_term_string}\"},\"query-input\":{\"@type\":\"PropertyValueSpecification\",\"valueRequired\":true,\"valueName\":\"search_term_string\"}}],\"inLanguage\":\"es\"},{\"@type\":\"Organization\",\"@id\":\"https:\\\/\\\/informelitoral.com.ar\\\/#organization\",\"name\":\"Informe Litoral\",\"url\":\"https:\\\/\\\/informelitoral.com.ar\\\/\",\"logo\":{\"@type\":\"ImageObject\",\"inLanguage\":\"es\",\"@id\":\"https:\\\/\\\/informelitoral.com.ar\\\/#\\\/schema\\\/logo\\\/image\\\/\",\"url\":\"https:\\\/\\\/informelitoral.com.ar\\\/%77%70%2d%63%6f%6e%74%65%6e%74\\\/uploads\\\/2021\\\/01\\\/circulo.png\",\"contentUrl\":\"https:\\\/\\\/informelitoral.com.ar\\\/%77%70%2d%63%6f%6e%74%65%6e%74\\\/uploads\\\/2021\\\/01\\\/circulo.png\",\"width\":723,\"height\":731,\"caption\":\"Informe Litoral\"},\"image\":{\"@id\":\"https:\\\/\\\/informelitoral.com.ar\\\/#\\\/schema\\\/logo\\\/image\\\/\"},\"sameAs\":[\"https:\\\/\\\/www.facebook.com\\\/informelitoral\\\/\",\"https:\\\/\\\/x.com\\\/InformeLitoral\",\"https:\\\/\\\/www.instagram.com\\\/informelitoral\\\/\",\"https:\\\/\\\/www.youtube.com\\\/channel\\\/UCua4Qvz8Icb6MYqhoq9xLXw\"]},{\"@type\":\"Person\",\"@id\":\"https:\\\/\\\/informelitoral.com.ar\\\/#\\\/schema\\\/person\\\/b9d00407c836482871ef1d57bf8e3180\",\"name\":\"Gonzalo Schmidt\",\"image\":{\"@type\":\"ImageObject\",\"inLanguage\":\"es\",\"@id\":\"https:\\\/\\\/secure.gravatar.com\\\/avatar\\\/31a1a7b66ff2de83bd0e9fd79d026630d2d99e55e8bfe501287647b4fd9743de?s=96&d=mm&r=g\",\"url\":\"https:\\\/\\\/secure.gravatar.com\\\/avatar\\\/31a1a7b66ff2de83bd0e9fd79d026630d2d99e55e8bfe501287647b4fd9743de?s=96&d=mm&r=g\",\"contentUrl\":\"https:\\\/\\\/secure.gravatar.com\\\/avatar\\\/31a1a7b66ff2de83bd0e9fd79d026630d2d99e55e8bfe501287647b4fd9743de?s=96&d=mm&r=g\",\"caption\":\"Gonzalo Schmidt\"},\"description\":\"Sitio web de noticias de la provincia de Entre R\u00edos, Argentina. Informaci\u00f3n y entretenimiento. Informe Litoral, nos informamos.\",\"sameAs\":[\"http:\\\/\\\/www.isletasnoticias.com.ar\"],\"url\":\"https:\\\/\\\/informelitoral.com.ar\\\/author\\\/gonzalo\\\/\"}]}<\/script>","yoast_head_json":{"title":"El conductor del auto que choc\u00f3 a la hija de Titi Fern\u00e1ndez seguir\u00e1 preso - Informe Litoral","robots":{"index":"index","follow":"follow","max-snippet":"max-snippet:-1","max-image-preview":"max-image-preview:large","max-video-preview":"max-video-preview:-1"},"canonical":"https:\/\/informelitoral.com.ar\/el-conductor-del-auto-que-choco-a-la-hija-de-titi-fernandez-seguira-preso\/","og_locale":"es_ES","og_type":"article","og_title":"El conductor del auto que choc\u00f3 a la hija de Titi Fern\u00e1ndez seguir\u00e1 preso - Informe Litoral","og_description":"Seg&uacute;n la prensa local, Marcos Vin&iacute;cius da Silva, de 21 a&ntilde;os, deber&aacute; responder a los cargos de homicidio culposo. Los detalles. Lo confirm&oacute; la prensa local, el conductor Marcos Vin&iacute;cius da Silva, de 21 a&ntilde;os, que conduc&iacute;a el auto Golf que particip&oacute; del incidente donde falleci&oacute; la hija del periodista Miguel &Aacute;ngel Titi Fern&aacute;ndez, Mar&iacute;a [&hellip;]","og_url":"https:\/\/informelitoral.com.ar\/el-conductor-del-auto-que-choco-a-la-hija-de-titi-fernandez-seguira-preso\/","og_site_name":"Informe Litoral","article_publisher":"https:\/\/www.facebook.com\/informelitoral\/","article_published_time":"2014-07-03T01:25:15+00:00","og_image":[{"width":770,"height":433,"url":"https:\/\/informelitoral.com.ar\/%77%70%2d%63%6f%6e%74%65%6e%74\/uploads\/2014\/07\/0011237272.jpg","type":"image\/jpeg"}],"author":"Gonzalo Schmidt","twitter_card":"summary_large_image","twitter_creator":"@InformeLitoral","twitter_site":"@InformeLitoral","twitter_misc":{"Escrito por":"Gonzalo Schmidt","Tiempo de lectura":"2 minutos"},"schema":{"@context":"https:\/\/schema.org","@graph":[{"@type":"Article","@id":"https:\/\/informelitoral.com.ar\/el-conductor-del-auto-que-choco-a-la-hija-de-titi-fernandez-seguira-preso\/#article","isPartOf":{"@id":"https:\/\/informelitoral.com.ar\/el-conductor-del-auto-que-choco-a-la-hija-de-titi-fernandez-seguira-preso\/"},"author":{"name":"Gonzalo Schmidt","@id":"https:\/\/informelitoral.com.ar\/#\/schema\/person\/b9d00407c836482871ef1d57bf8e3180"},"headline":"El conductor del auto que choc\u00f3 a la hija de Titi Fern\u00e1ndez seguir\u00e1 preso","datePublished":"2014-07-03T01:25:15+00:00","mainEntityOfPage":{"@id":"https:\/\/informelitoral.com.ar\/el-conductor-del-auto-que-choco-a-la-hija-de-titi-fernandez-seguira-preso\/"},"wordCount":439,"commentCount":0,"publisher":{"@id":"https:\/\/informelitoral.com.ar\/#organization"},"image":{"@id":"https:\/\/informelitoral.com.ar\/el-conductor-del-auto-que-choco-a-la-hija-de-titi-fernandez-seguira-preso\/#primaryimage"},"thumbnailUrl":"http:\/\/www.isletasnoticias.com.ar\/%77%70%2d%63%6f%6e%74%65%6e%74\/uploads\/2014\/07\/0011237272-300x168.jpg","articleSection":["Policiales"],"inLanguage":"es","potentialAction":[{"@type":"CommentAction","name":"Comment","target":["https:\/\/informelitoral.com.ar\/el-conductor-del-auto-que-choco-a-la-hija-de-titi-fernandez-seguira-preso\/#respond"]}]},{"@type":"WebPage","@id":"https:\/\/informelitoral.com.ar\/el-conductor-del-auto-que-choco-a-la-hija-de-titi-fernandez-seguira-preso\/","url":"https:\/\/informelitoral.com.ar\/el-conductor-del-auto-que-choco-a-la-hija-de-titi-fernandez-seguira-preso\/","name":"El conductor del auto que choc\u00f3 a la hija de Titi Fern\u00e1ndez seguir\u00e1 preso - Informe Litoral","isPartOf":{"@id":"https:\/\/informelitoral.com.ar\/#website"},"primaryImageOfPage":{"@id":"https:\/\/informelitoral.com.ar\/el-conductor-del-auto-que-choco-a-la-hija-de-titi-fernandez-seguira-preso\/#primaryimage"},"image":{"@id":"https:\/\/informelitoral.com.ar\/el-conductor-del-auto-que-choco-a-la-hija-de-titi-fernandez-seguira-preso\/#primaryimage"},"thumbnailUrl":"http:\/\/www.isletasnoticias.com.ar\/%77%70%2d%63%6f%6e%74%65%6e%74\/uploads\/2014\/07\/0011237272-300x168.jpg","datePublished":"2014-07-03T01:25:15+00:00","breadcrumb":{"@id":"https:\/\/informelitoral.com.ar\/el-conductor-del-auto-que-choco-a-la-hija-de-titi-fernandez-seguira-preso\/#breadcrumb"},"inLanguage":"es","potentialAction":[{"@type":"ReadAction","target":["https:\/\/informelitoral.com.ar\/el-conductor-del-auto-que-choco-a-la-hija-de-titi-fernandez-seguira-preso\/"]}]},{"@type":"ImageObject","inLanguage":"es","@id":"https:\/\/informelitoral.com.ar\/el-conductor-del-auto-que-choco-a-la-hija-de-titi-fernandez-seguira-preso\/#primaryimage","url":"http:\/\/www.isletasnoticias.com.ar\/%77%70%2d%63%6f%6e%74%65%6e%74\/uploads\/2014\/07\/0011237272-300x168.jpg","contentUrl":"http:\/\/www.isletasnoticias.com.ar\/%77%70%2d%63%6f%6e%74%65%6e%74\/uploads\/2014\/07\/0011237272-300x168.jpg"},{"@type":"BreadcrumbList","@id":"https:\/\/informelitoral.com.ar\/el-conductor-del-auto-que-choco-a-la-hija-de-titi-fernandez-seguira-preso\/#breadcrumb","itemListElement":[{"@type":"ListItem","position":1,"name":"Portada","item":"https:\/\/informelitoral.com.ar\/"},{"@type":"ListItem","position":2,"name":"El conductor del auto que choc\u00f3 a la hija de Titi Fern\u00e1ndez seguir\u00e1 preso"}]},{"@type":"WebSite","@id":"https:\/\/informelitoral.com.ar\/#website","url":"https:\/\/informelitoral.com.ar\/","name":"Informe Litoral","description":"&quot;Nos informamos&quot; ","publisher":{"@id":"https:\/\/informelitoral.com.ar\/#organization"},"potentialAction":[{"@type":"SearchAction","target":{"@type":"EntryPoint","urlTemplate":"https:\/\/informelitoral.com.ar\/?s={search_term_string}"},"query-input":{"@type":"PropertyValueSpecification","valueRequired":true,"valueName":"search_term_string"}}],"inLanguage":"es"},{"@type":"Organization","@id":"https:\/\/informelitoral.com.ar\/#organization","name":"Informe Litoral","url":"https:\/\/informelitoral.com.ar\/","logo":{"@type":"ImageObject","inLanguage":"es","@id":"https:\/\/informelitoral.com.ar\/#\/schema\/logo\/image\/","url":"https:\/\/informelitoral.com.ar\/%77%70%2d%63%6f%6e%74%65%6e%74\/uploads\/2021\/01\/circulo.png","contentUrl":"https:\/\/informelitoral.com.ar\/%77%70%2d%63%6f%6e%74%65%6e%74\/uploads\/2021\/01\/circulo.png","width":723,"height":731,"caption":"Informe Litoral"},"image":{"@id":"https:\/\/informelitoral.com.ar\/#\/schema\/logo\/image\/"},"sameAs":["https:\/\/www.facebook.com\/informelitoral\/","https:\/\/x.com\/InformeLitoral","https:\/\/www.instagram.com\/informelitoral\/","https:\/\/www.youtube.com\/channel\/UCua4Qvz8Icb6MYqhoq9xLXw"]},{"@type":"Person","@id":"https:\/\/informelitoral.com.ar\/#\/schema\/person\/b9d00407c836482871ef1d57bf8e3180","name":"Gonzalo Schmidt","image":{"@type":"ImageObject","inLanguage":"es","@id":"https:\/\/secure.gravatar.com\/avatar\/31a1a7b66ff2de83bd0e9fd79d026630d2d99e55e8bfe501287647b4fd9743de?s=96&d=mm&r=g","url":"https:\/\/secure.gravatar.com\/avatar\/31a1a7b66ff2de83bd0e9fd79d026630d2d99e55e8bfe501287647b4fd9743de?s=96&d=mm&r=g","contentUrl":"https:\/\/secure.gravatar.com\/avatar\/31a1a7b66ff2de83bd0e9fd79d026630d2d99e55e8bfe501287647b4fd9743de?s=96&d=mm&r=g","caption":"Gonzalo Schmidt"},"description":"Sitio web de noticias de la provincia de Entre R\u00edos, Argentina. Informaci\u00f3n y entretenimiento. Informe Litoral, nos informamos.","sameAs":["http:\/\/www.isletasnoticias.com.ar"],"url":"https:\/\/informelitoral.com.ar\/author\/gonzalo\/"}]}},"_links":{"self":[{"href":"https:\/\/informelitoral.com.ar\/%77%70%2d%6a%73%6f%6e\/wp\/v2\/posts\/7338","targetHints":{"allow":["GET"]}}],"collection":[{"href":"https:\/\/informelitoral.com.ar\/%77%70%2d%6a%73%6f%6e\/wp\/v2\/posts"}],"about":[{"href":"https:\/\/informelitoral.com.ar\/%77%70%2d%6a%73%6f%6e\/wp\/v2\/types\/post"}],"author":[{"embeddable":true,"href":"https:\/\/informelitoral.com.ar\/%77%70%2d%6a%73%6f%6e\/wp\/v2\/users\/2"}],"replies":[{"embeddable":true,"href":"https:\/\/informelitoral.com.ar\/%77%70%2d%6a%73%6f%6e\/wp\/v2\/comments?post=7338"}],"version-history":[{"count":0,"href":"https:\/\/informelitoral.com.ar\/%77%70%2d%6a%73%6f%6e\/wp\/v2\/posts\/7338\/revisions"}],"wp:attachment":[{"href":"https:\/\/informelitoral.com.ar\/%77%70%2d%6a%73%6f%6e\/wp\/v2\/media?parent=7338"}],"wp:term":[{"taxonomy":"category","embeddable":true,"href":"https:\/\/informelitoral.com.ar\/%77%70%2d%6a%73%6f%6e\/wp\/v2\/categories?post=7338"},{"taxonomy":"post_tag","embeddable":true,"href":"https:\/\/informelitoral.com.ar\/%77%70%2d%6a%73%6f%6e\/wp\/v2\/tags?post=7338"}],"curies":[{"name":"wp","href":"https:\/\/api.w.org\/{rel}","templated":true}]}}