{"id":73351,"date":"2022-03-15T08:50:52","date_gmt":"2022-03-15T11:50:52","guid":{"rendered":"https:\/\/www.informelitoral.com.ar\/?p=73351"},"modified":"2022-03-15T09:06:02","modified_gmt":"2022-03-15T12:06:02","slug":"el-gobierno-descarto-un-incremento-de-las-retenciones-a-las-exportaciones-de-granos","status":"publish","type":"post","link":"https:\/\/informelitoral.com.ar\/el-gobierno-descarto-un-incremento-de-las-retenciones-a-las-exportaciones-de-granos\/","title":{"rendered":"El Gobierno descart\u00f3 un incremento de las retenciones a las exportaciones de granos"},"content":{"rendered":"<p>La portavoz presidencial, Gabriela Cerruti, dijo esta tarde que \u00abse est\u00e1n estudiando una cantidad de medidas\u00bb, tras lo cual aclar\u00f3 que \u00abninguna de esas medidas es la suba de la retenci\u00f3n a la producci\u00f3n de ma\u00edz, la soja o el trigo\u00bb.<\/p>\n<p>En la misma sinton\u00eda, el ministro de Econom\u00eda, Mart\u00edn Guzm\u00e1n, afirm\u00f3 que \u00abno se est\u00e1 contemplando un incremento en los derechos de exportaciones de los granos, el trigo, el ma\u00edz, el girasol, el poroto de soja y los dem\u00e1s granos\u00bb.<\/p>\n<p>Durante su presentaci\u00f3n ante un plenario de comisiones del Senado para analizar el acuerdo con el FMI, Guzm\u00e1n enfatiz\u00f3 que s\u00ed se buscar\u00e1 \u00abcontar con instrumentos para poder evitar que haya un efecto desestabilizante en el costo de la canasta alimentaria de millones de argentinas y argentinos\u00bb a ra\u00edz del impacto de la guerra entre Ucrania y Rusia en los precios de los commodities.<\/p>\n<p>\u00abSe presenta la oportunidad de tener una balanza de pagos m\u00e1s favorable, pero el impacto en el precio de los alimentos es significativo y es algo que se viene viendo en las \u00faltimas tres semanas\u00bb, precis\u00f3 Guzm\u00e1n, que sostuvo que \u00abel Gobierno cuenta con limitados instrumentos y siempre se busca llegar a acuerdos primero a efectos de poder lograr que este shock que para la econom\u00eda en su conjunto puede ser positivo no resulte en una presi\u00f3n en el precio de los alimentos que da\u00f1e a millones de argentinas y argentinos\u00bb.<\/p>\n<p>Por otra parte, record\u00f3 que se viene \u00abtrabajando con los fideicomisos, buscando que haya contribuciones voluntarias, que se puedan utilizar para lograr una brecha entre la evoluci\u00f3n del precio internacional y la del precio interno de los alimentos\u00bb.<\/p>\n<p>Sin embargo, enfatiz\u00f3 que se enfrenta \u00abun shock de una magnitud que es dif\u00edcil encontrar precedentes en mucho tiempo\u00bb, por lo que \u00ablas decisiones que se tomen tienen que tener en cuenta la naturaleza del problema\u00bb y que \u00abse buscan siempre alcanzar equilibrios entre los incentivos a la producci\u00f3n y el impacto en la inflaci\u00f3n interna\u00bb.<\/p>\n<p>Este domingo, el Gobierno nacional anunci\u00f3 la decisi\u00f3n de suspender el Registro de Declaraciones Juradas de Venta al Exterior (DJVE) para las exportaciones de harina y aceite de soja, entre otras posiciones arancelarias de la oleaginosa.<\/p>\n<p>Este lunes, el presidente Alberto Fern\u00e1ndez se reuni\u00f3 con el ministro de Agricultura, Juli\u00e1n Dom\u00ednguez, con quien tambi\u00e9n hab\u00eda mantenido un encuentro durante el fin de semana, adem\u00e1s de otros ministros del \u00e1rea econ\u00f3mica, entre ellos el titular del Palacio de Hacienda, Mart\u00edn Guzm\u00e1n; el ministro de Desarrollo Productivo, Mat\u00edas Kulfas y el secretario de Comercio, Roberto Feletti.<\/p>\n<p>All\u00ed analizaron un paquete anti-inflacionario que se podr\u00eda lanzar en los pr\u00f3ximos d\u00edas, que podr\u00eda incluir la ampliaci\u00f3n de precios cuidados por sectores para garantizar la producci\u00f3n; precios m\u00e1ximos para productos de primera necesidad, como la harina; y modificar el decreto del subsidio manufacturado de la exportaci\u00f3n del aceite y harina de soja del 31 al 33%, para ampliar el fideicomiso de alrededor de US$ 450 millones para el trigo, en un eventual acuerdo con los industriales del sector para mantener un precio sost\u00e9n.<\/p>\n<p>Sobre este punto, desde el Gobierno aclararon que hay una \u00abpromoci\u00f3n especial para pagar menos por los productos manufacturados que se puede suspender moment\u00e1neamente\u00bb e indicaron que \u00ablas retenciones se suben por ley\u00bb.<\/p>\n<p>\u00abTenemos que entender que las consecuencias econ\u00f3micas de la guerra ya llegaron a Argentina\u00bb, ejemplific\u00f3 Cerruti en relaci\u00f3n a la falta de aceite en varias partes del mundo y a los consiguientes aumentos de los precios internacionales; y asegur\u00f3 que \u00abla preocupaci\u00f3n del presidente es detener estas subas que se dan en un contexto mundial\u00bb.<\/p>\n","protected":false},"excerpt":{"rendered":"<p>El Gobierno Nacional descart\u00f3 este lunes la posibilidad de instrumentar incrementos en las retenciones a las exportaciones de granos, al tiempo que aclar\u00f3 que s\u00ed buscar\u00e1 evitar un efecto desestabilizante en el costo de la canasta alimentaria a causa de la fuerte suba de los precios de los commodities por el conflicto b\u00e9lico entre Ucrania y Rusia.<\/p>\n","protected":false},"author":8,"featured_media":73353,"comment_status":"open","ping_status":"open","sticky":false,"template":"","format":"standard","meta":{"fifu_image_url":"","fifu_image_alt":"","footnotes":""},"categories":[10],"tags":[76,3366],"class_list":{"0":"post-73351","1":"post","2":"type-post","3":"status-publish","4":"format-standard","5":"has-post-thumbnail","7":"category-campo","8":"tag-gobierno","9":"tag-retenciones-de-exportaciones"},"yoast_head":"<title>El Gobierno descart\u00f3 un incremento de las retenciones a las exportaciones de granos - Informe Litoral<\/title>\n<meta name=\"robots\" content=\"index, follow, max-snippet:-1, max-image-preview:large, max-video-preview:-1\" \/>\n<link rel=\"canonical\" href=\"https:\/\/informelitoral.com.ar\/el-gobierno-descarto-un-incremento-de-las-retenciones-a-las-exportaciones-de-granos\/\" \/>\n<meta property=\"og:locale\" content=\"es_ES\" \/>\n<meta property=\"og:type\" content=\"article\" \/>\n<meta property=\"og:title\" content=\"El Gobierno descart\u00f3 un incremento de las retenciones a las exportaciones de granos - Informe Litoral\" \/>\n<meta property=\"og:description\" content=\"El Gobierno Nacional descart\u00f3 este lunes la posibilidad de instrumentar incrementos en las retenciones a las exportaciones de granos, al tiempo que aclar\u00f3 que s\u00ed buscar\u00e1 evitar un efecto desestabilizante en el costo de la canasta alimentaria a causa de la fuerte suba de los precios de los commodities por el conflicto b\u00e9lico entre Ucrania y Rusia.\" \/>\n<meta property=\"og:url\" content=\"https:\/\/informelitoral.com.ar\/el-gobierno-descarto-un-incremento-de-las-retenciones-a-las-exportaciones-de-granos\/\" \/>\n<meta property=\"og:site_name\" content=\"Informe Litoral\" \/>\n<meta property=\"article:publisher\" content=\"https:\/\/www.facebook.com\/informelitoral\/\" \/>\n<meta property=\"article:published_time\" content=\"2022-03-15T11:50:52+00:00\" \/>\n<meta property=\"article:modified_time\" content=\"2022-03-15T12:06:02+00:00\" \/>\n<meta property=\"og:image\" content=\"https:\/\/informelitoral.com.ar\/%77%70%2d%63%6f%6e%74%65%6e%74\/uploads\/2022\/03\/1647252383680.jpg\" \/>\n\t<meta property=\"og:image:width\" content=\"1311\" \/>\n\t<meta property=\"og:image:height\" content=\"870\" \/>\n\t<meta property=\"og:image:type\" content=\"image\/jpeg\" \/>\n<meta name=\"author\" content=\"Sebastian\" \/>\n<meta name=\"twitter:card\" content=\"summary_large_image\" \/>\n<meta name=\"twitter:creator\" content=\"@InformeLitoral\" \/>\n<meta name=\"twitter:site\" content=\"@InformeLitoral\" \/>\n<meta name=\"twitter:label1\" content=\"Escrito por\" \/>\n\t<meta name=\"twitter:data1\" content=\"Sebastian\" \/>\n\t<meta name=\"twitter:label2\" content=\"Tiempo de lectura\" \/>\n\t<meta name=\"twitter:data2\" content=\"3 minutos\" \/>\n<script type=\"application\/ld+json\" class=\"yoast-schema-graph\">{\"@context\":\"https:\\\/\\\/schema.org\",\"@graph\":[{\"@type\":\"Article\",\"@id\":\"https:\\\/\\\/informelitoral.com.ar\\\/el-gobierno-descarto-un-incremento-de-las-retenciones-a-las-exportaciones-de-granos\\\/#article\",\"isPartOf\":{\"@id\":\"https:\\\/\\\/informelitoral.com.ar\\\/el-gobierno-descarto-un-incremento-de-las-retenciones-a-las-exportaciones-de-granos\\\/\"},\"author\":{\"name\":\"Sebastian\",\"@id\":\"https:\\\/\\\/informelitoral.com.ar\\\/#\\\/schema\\\/person\\\/f05f9f461677119578717524b127d6d5\"},\"headline\":\"El Gobierno descart\u00f3 un incremento de las retenciones a las exportaciones de granos\",\"datePublished\":\"2022-03-15T11:50:52+00:00\",\"dateModified\":\"2022-03-15T12:06:02+00:00\",\"mainEntityOfPage\":{\"@id\":\"https:\\\/\\\/informelitoral.com.ar\\\/el-gobierno-descarto-un-incremento-de-las-retenciones-a-las-exportaciones-de-granos\\\/\"},\"wordCount\":653,\"commentCount\":0,\"publisher\":{\"@id\":\"https:\\\/\\\/informelitoral.com.ar\\\/#organization\"},\"image\":{\"@id\":\"https:\\\/\\\/informelitoral.com.ar\\\/el-gobierno-descarto-un-incremento-de-las-retenciones-a-las-exportaciones-de-granos\\\/#primaryimage\"},\"thumbnailUrl\":\"https:\\\/\\\/informelitoral.com.ar\\\/%77%70%2d%63%6f%6e%74%65%6e%74\\\/uploads\\\/2022\\\/03\\\/1647252383680.jpg\",\"keywords\":[\"Gobierno\",\"Retenciones de exportaciones\"],\"articleSection\":[\"Campo\"],\"inLanguage\":\"es\",\"potentialAction\":[{\"@type\":\"CommentAction\",\"name\":\"Comment\",\"target\":[\"https:\\\/\\\/informelitoral.com.ar\\\/el-gobierno-descarto-un-incremento-de-las-retenciones-a-las-exportaciones-de-granos\\\/#respond\"]}]},{\"@type\":\"WebPage\",\"@id\":\"https:\\\/\\\/informelitoral.com.ar\\\/el-gobierno-descarto-un-incremento-de-las-retenciones-a-las-exportaciones-de-granos\\\/\",\"url\":\"https:\\\/\\\/informelitoral.com.ar\\\/el-gobierno-descarto-un-incremento-de-las-retenciones-a-las-exportaciones-de-granos\\\/\",\"name\":\"El Gobierno descart\u00f3 un incremento de las retenciones a las exportaciones de granos - Informe Litoral\",\"isPartOf\":{\"@id\":\"https:\\\/\\\/informelitoral.com.ar\\\/#website\"},\"primaryImageOfPage\":{\"@id\":\"https:\\\/\\\/informelitoral.com.ar\\\/el-gobierno-descarto-un-incremento-de-las-retenciones-a-las-exportaciones-de-granos\\\/#primaryimage\"},\"image\":{\"@id\":\"https:\\\/\\\/informelitoral.com.ar\\\/el-gobierno-descarto-un-incremento-de-las-retenciones-a-las-exportaciones-de-granos\\\/#primaryimage\"},\"thumbnailUrl\":\"https:\\\/\\\/informelitoral.com.ar\\\/%77%70%2d%63%6f%6e%74%65%6e%74\\\/uploads\\\/2022\\\/03\\\/1647252383680.jpg\",\"datePublished\":\"2022-03-15T11:50:52+00:00\",\"dateModified\":\"2022-03-15T12:06:02+00:00\",\"breadcrumb\":{\"@id\":\"https:\\\/\\\/informelitoral.com.ar\\\/el-gobierno-descarto-un-incremento-de-las-retenciones-a-las-exportaciones-de-granos\\\/#breadcrumb\"},\"inLanguage\":\"es\",\"potentialAction\":[{\"@type\":\"ReadAction\",\"target\":[\"https:\\\/\\\/informelitoral.com.ar\\\/el-gobierno-descarto-un-incremento-de-las-retenciones-a-las-exportaciones-de-granos\\\/\"]}]},{\"@type\":\"ImageObject\",\"inLanguage\":\"es\",\"@id\":\"https:\\\/\\\/informelitoral.com.ar\\\/el-gobierno-descarto-un-incremento-de-las-retenciones-a-las-exportaciones-de-granos\\\/#primaryimage\",\"url\":\"https:\\\/\\\/informelitoral.com.ar\\\/%77%70%2d%63%6f%6e%74%65%6e%74\\\/uploads\\\/2022\\\/03\\\/1647252383680.jpg\",\"contentUrl\":\"https:\\\/\\\/informelitoral.com.ar\\\/%77%70%2d%63%6f%6e%74%65%6e%74\\\/uploads\\\/2022\\\/03\\\/1647252383680.jpg\",\"width\":1311,\"height\":870},{\"@type\":\"BreadcrumbList\",\"@id\":\"https:\\\/\\\/informelitoral.com.ar\\\/el-gobierno-descarto-un-incremento-de-las-retenciones-a-las-exportaciones-de-granos\\\/#breadcrumb\",\"itemListElement\":[{\"@type\":\"ListItem\",\"position\":1,\"name\":\"Portada\",\"item\":\"https:\\\/\\\/informelitoral.com.ar\\\/\"},{\"@type\":\"ListItem\",\"position\":2,\"name\":\"El Gobierno descart\u00f3 un incremento de las retenciones a las exportaciones de granos\"}]},{\"@type\":\"WebSite\",\"@id\":\"https:\\\/\\\/informelitoral.com.ar\\\/#website\",\"url\":\"https:\\\/\\\/informelitoral.com.ar\\\/\",\"name\":\"Informe Litoral\",\"description\":\"&quot;Nos informamos&quot; \",\"publisher\":{\"@id\":\"https:\\\/\\\/informelitoral.com.ar\\\/#organization\"},\"potentialAction\":[{\"@type\":\"SearchAction\",\"target\":{\"@type\":\"EntryPoint\",\"urlTemplate\":\"https:\\\/\\\/informelitoral.com.ar\\\/?s={search_term_string}\"},\"query-input\":{\"@type\":\"PropertyValueSpecification\",\"valueRequired\":true,\"valueName\":\"search_term_string\"}}],\"inLanguage\":\"es\"},{\"@type\":\"Organization\",\"@id\":\"https:\\\/\\\/informelitoral.com.ar\\\/#organization\",\"name\":\"Informe Litoral\",\"url\":\"https:\\\/\\\/informelitoral.com.ar\\\/\",\"logo\":{\"@type\":\"ImageObject\",\"inLanguage\":\"es\",\"@id\":\"https:\\\/\\\/informelitoral.com.ar\\\/#\\\/schema\\\/logo\\\/image\\\/\",\"url\":\"https:\\\/\\\/informelitoral.com.ar\\\/%77%70%2d%63%6f%6e%74%65%6e%74\\\/uploads\\\/2021\\\/01\\\/circulo.png\",\"contentUrl\":\"https:\\\/\\\/informelitoral.com.ar\\\/%77%70%2d%63%6f%6e%74%65%6e%74\\\/uploads\\\/2021\\\/01\\\/circulo.png\",\"width\":723,\"height\":731,\"caption\":\"Informe Litoral\"},\"image\":{\"@id\":\"https:\\\/\\\/informelitoral.com.ar\\\/#\\\/schema\\\/logo\\\/image\\\/\"},\"sameAs\":[\"https:\\\/\\\/www.facebook.com\\\/informelitoral\\\/\",\"https:\\\/\\\/x.com\\\/InformeLitoral\",\"https:\\\/\\\/www.instagram.com\\\/informelitoral\\\/\",\"https:\\\/\\\/www.youtube.com\\\/channel\\\/UCua4Qvz8Icb6MYqhoq9xLXw\"]},{\"@type\":\"Person\",\"@id\":\"https:\\\/\\\/informelitoral.com.ar\\\/#\\\/schema\\\/person\\\/f05f9f461677119578717524b127d6d5\",\"name\":\"Sebastian\",\"image\":{\"@type\":\"ImageObject\",\"inLanguage\":\"es\",\"@id\":\"https:\\\/\\\/secure.gravatar.com\\\/avatar\\\/b71bf7481d447dfb9583c7f2798e7cc64de6efb9067b74633ed8c31059a3bd82?s=96&d=mm&r=g\",\"url\":\"https:\\\/\\\/secure.gravatar.com\\\/avatar\\\/b71bf7481d447dfb9583c7f2798e7cc64de6efb9067b74633ed8c31059a3bd82?s=96&d=mm&r=g\",\"contentUrl\":\"https:\\\/\\\/secure.gravatar.com\\\/avatar\\\/b71bf7481d447dfb9583c7f2798e7cc64de6efb9067b74633ed8c31059a3bd82?s=96&d=mm&r=g\",\"caption\":\"Sebastian\"},\"url\":\"https:\\\/\\\/informelitoral.com.ar\\\/author\\\/sebastian\\\/\"}]}<\/script>","yoast_head_json":{"title":"El Gobierno descart\u00f3 un incremento de las retenciones a las exportaciones de granos - Informe Litoral","robots":{"index":"index","follow":"follow","max-snippet":"max-snippet:-1","max-image-preview":"max-image-preview:large","max-video-preview":"max-video-preview:-1"},"canonical":"https:\/\/informelitoral.com.ar\/el-gobierno-descarto-un-incremento-de-las-retenciones-a-las-exportaciones-de-granos\/","og_locale":"es_ES","og_type":"article","og_title":"El Gobierno descart\u00f3 un incremento de las retenciones a las exportaciones de granos - Informe Litoral","og_description":"El Gobierno Nacional descart\u00f3 este lunes la posibilidad de instrumentar incrementos en las retenciones a las exportaciones de granos, al tiempo que aclar\u00f3 que s\u00ed buscar\u00e1 evitar un efecto desestabilizante en el costo de la canasta alimentaria a causa de la fuerte suba de los precios de los commodities por el conflicto b\u00e9lico entre Ucrania y Rusia.","og_url":"https:\/\/informelitoral.com.ar\/el-gobierno-descarto-un-incremento-de-las-retenciones-a-las-exportaciones-de-granos\/","og_site_name":"Informe Litoral","article_publisher":"https:\/\/www.facebook.com\/informelitoral\/","article_published_time":"2022-03-15T11:50:52+00:00","article_modified_time":"2022-03-15T12:06:02+00:00","og_image":[{"width":1311,"height":870,"url":"https:\/\/informelitoral.com.ar\/%77%70%2d%63%6f%6e%74%65%6e%74\/uploads\/2022\/03\/1647252383680.jpg","type":"image\/jpeg"}],"author":"Sebastian","twitter_card":"summary_large_image","twitter_creator":"@InformeLitoral","twitter_site":"@InformeLitoral","twitter_misc":{"Escrito por":"Sebastian","Tiempo de lectura":"3 minutos"},"schema":{"@context":"https:\/\/schema.org","@graph":[{"@type":"Article","@id":"https:\/\/informelitoral.com.ar\/el-gobierno-descarto-un-incremento-de-las-retenciones-a-las-exportaciones-de-granos\/#article","isPartOf":{"@id":"https:\/\/informelitoral.com.ar\/el-gobierno-descarto-un-incremento-de-las-retenciones-a-las-exportaciones-de-granos\/"},"author":{"name":"Sebastian","@id":"https:\/\/informelitoral.com.ar\/#\/schema\/person\/f05f9f461677119578717524b127d6d5"},"headline":"El Gobierno descart\u00f3 un incremento de las retenciones a las exportaciones de granos","datePublished":"2022-03-15T11:50:52+00:00","dateModified":"2022-03-15T12:06:02+00:00","mainEntityOfPage":{"@id":"https:\/\/informelitoral.com.ar\/el-gobierno-descarto-un-incremento-de-las-retenciones-a-las-exportaciones-de-granos\/"},"wordCount":653,"commentCount":0,"publisher":{"@id":"https:\/\/informelitoral.com.ar\/#organization"},"image":{"@id":"https:\/\/informelitoral.com.ar\/el-gobierno-descarto-un-incremento-de-las-retenciones-a-las-exportaciones-de-granos\/#primaryimage"},"thumbnailUrl":"https:\/\/informelitoral.com.ar\/%77%70%2d%63%6f%6e%74%65%6e%74\/uploads\/2022\/03\/1647252383680.jpg","keywords":["Gobierno","Retenciones de exportaciones"],"articleSection":["Campo"],"inLanguage":"es","potentialAction":[{"@type":"CommentAction","name":"Comment","target":["https:\/\/informelitoral.com.ar\/el-gobierno-descarto-un-incremento-de-las-retenciones-a-las-exportaciones-de-granos\/#respond"]}]},{"@type":"WebPage","@id":"https:\/\/informelitoral.com.ar\/el-gobierno-descarto-un-incremento-de-las-retenciones-a-las-exportaciones-de-granos\/","url":"https:\/\/informelitoral.com.ar\/el-gobierno-descarto-un-incremento-de-las-retenciones-a-las-exportaciones-de-granos\/","name":"El Gobierno descart\u00f3 un incremento de las retenciones a las exportaciones de granos - Informe Litoral","isPartOf":{"@id":"https:\/\/informelitoral.com.ar\/#website"},"primaryImageOfPage":{"@id":"https:\/\/informelitoral.com.ar\/el-gobierno-descarto-un-incremento-de-las-retenciones-a-las-exportaciones-de-granos\/#primaryimage"},"image":{"@id":"https:\/\/informelitoral.com.ar\/el-gobierno-descarto-un-incremento-de-las-retenciones-a-las-exportaciones-de-granos\/#primaryimage"},"thumbnailUrl":"https:\/\/informelitoral.com.ar\/%77%70%2d%63%6f%6e%74%65%6e%74\/uploads\/2022\/03\/1647252383680.jpg","datePublished":"2022-03-15T11:50:52+00:00","dateModified":"2022-03-15T12:06:02+00:00","breadcrumb":{"@id":"https:\/\/informelitoral.com.ar\/el-gobierno-descarto-un-incremento-de-las-retenciones-a-las-exportaciones-de-granos\/#breadcrumb"},"inLanguage":"es","potentialAction":[{"@type":"ReadAction","target":["https:\/\/informelitoral.com.ar\/el-gobierno-descarto-un-incremento-de-las-retenciones-a-las-exportaciones-de-granos\/"]}]},{"@type":"ImageObject","inLanguage":"es","@id":"https:\/\/informelitoral.com.ar\/el-gobierno-descarto-un-incremento-de-las-retenciones-a-las-exportaciones-de-granos\/#primaryimage","url":"https:\/\/informelitoral.com.ar\/%77%70%2d%63%6f%6e%74%65%6e%74\/uploads\/2022\/03\/1647252383680.jpg","contentUrl":"https:\/\/informelitoral.com.ar\/%77%70%2d%63%6f%6e%74%65%6e%74\/uploads\/2022\/03\/1647252383680.jpg","width":1311,"height":870},{"@type":"BreadcrumbList","@id":"https:\/\/informelitoral.com.ar\/el-gobierno-descarto-un-incremento-de-las-retenciones-a-las-exportaciones-de-granos\/#breadcrumb","itemListElement":[{"@type":"ListItem","position":1,"name":"Portada","item":"https:\/\/informelitoral.com.ar\/"},{"@type":"ListItem","position":2,"name":"El Gobierno descart\u00f3 un incremento de las retenciones a las exportaciones de granos"}]},{"@type":"WebSite","@id":"https:\/\/informelitoral.com.ar\/#website","url":"https:\/\/informelitoral.com.ar\/","name":"Informe Litoral","description":"&quot;Nos informamos&quot; ","publisher":{"@id":"https:\/\/informelitoral.com.ar\/#organization"},"potentialAction":[{"@type":"SearchAction","target":{"@type":"EntryPoint","urlTemplate":"https:\/\/informelitoral.com.ar\/?s={search_term_string}"},"query-input":{"@type":"PropertyValueSpecification","valueRequired":true,"valueName":"search_term_string"}}],"inLanguage":"es"},{"@type":"Organization","@id":"https:\/\/informelitoral.com.ar\/#organization","name":"Informe Litoral","url":"https:\/\/informelitoral.com.ar\/","logo":{"@type":"ImageObject","inLanguage":"es","@id":"https:\/\/informelitoral.com.ar\/#\/schema\/logo\/image\/","url":"https:\/\/informelitoral.com.ar\/%77%70%2d%63%6f%6e%74%65%6e%74\/uploads\/2021\/01\/circulo.png","contentUrl":"https:\/\/informelitoral.com.ar\/%77%70%2d%63%6f%6e%74%65%6e%74\/uploads\/2021\/01\/circulo.png","width":723,"height":731,"caption":"Informe Litoral"},"image":{"@id":"https:\/\/informelitoral.com.ar\/#\/schema\/logo\/image\/"},"sameAs":["https:\/\/www.facebook.com\/informelitoral\/","https:\/\/x.com\/InformeLitoral","https:\/\/www.instagram.com\/informelitoral\/","https:\/\/www.youtube.com\/channel\/UCua4Qvz8Icb6MYqhoq9xLXw"]},{"@type":"Person","@id":"https:\/\/informelitoral.com.ar\/#\/schema\/person\/f05f9f461677119578717524b127d6d5","name":"Sebastian","image":{"@type":"ImageObject","inLanguage":"es","@id":"https:\/\/secure.gravatar.com\/avatar\/b71bf7481d447dfb9583c7f2798e7cc64de6efb9067b74633ed8c31059a3bd82?s=96&d=mm&r=g","url":"https:\/\/secure.gravatar.com\/avatar\/b71bf7481d447dfb9583c7f2798e7cc64de6efb9067b74633ed8c31059a3bd82?s=96&d=mm&r=g","contentUrl":"https:\/\/secure.gravatar.com\/avatar\/b71bf7481d447dfb9583c7f2798e7cc64de6efb9067b74633ed8c31059a3bd82?s=96&d=mm&r=g","caption":"Sebastian"},"url":"https:\/\/informelitoral.com.ar\/author\/sebastian\/"}]}},"_links":{"self":[{"href":"https:\/\/informelitoral.com.ar\/%77%70%2d%6a%73%6f%6e\/wp\/v2\/posts\/73351","targetHints":{"allow":["GET"]}}],"collection":[{"href":"https:\/\/informelitoral.com.ar\/%77%70%2d%6a%73%6f%6e\/wp\/v2\/posts"}],"about":[{"href":"https:\/\/informelitoral.com.ar\/%77%70%2d%6a%73%6f%6e\/wp\/v2\/types\/post"}],"author":[{"embeddable":true,"href":"https:\/\/informelitoral.com.ar\/%77%70%2d%6a%73%6f%6e\/wp\/v2\/users\/8"}],"replies":[{"embeddable":true,"href":"https:\/\/informelitoral.com.ar\/%77%70%2d%6a%73%6f%6e\/wp\/v2\/comments?post=73351"}],"version-history":[{"count":0,"href":"https:\/\/informelitoral.com.ar\/%77%70%2d%6a%73%6f%6e\/wp\/v2\/posts\/73351\/revisions"}],"wp:featuredmedia":[{"embeddable":true,"href":"https:\/\/informelitoral.com.ar\/%77%70%2d%6a%73%6f%6e\/wp\/v2\/media\/73353"}],"wp:attachment":[{"href":"https:\/\/informelitoral.com.ar\/%77%70%2d%6a%73%6f%6e\/wp\/v2\/media?parent=73351"}],"wp:term":[{"taxonomy":"category","embeddable":true,"href":"https:\/\/informelitoral.com.ar\/%77%70%2d%6a%73%6f%6e\/wp\/v2\/categories?post=73351"},{"taxonomy":"post_tag","embeddable":true,"href":"https:\/\/informelitoral.com.ar\/%77%70%2d%6a%73%6f%6e\/wp\/v2\/tags?post=73351"}],"curies":[{"name":"wp","href":"https:\/\/api.w.org\/{rel}","templated":true}]}}