{"id":73308,"date":"2022-03-14T15:13:52","date_gmt":"2022-03-14T18:13:52","guid":{"rendered":"https:\/\/www.informelitoral.com.ar\/?p=73308"},"modified":"2022-03-14T15:13:52","modified_gmt":"2022-03-14T18:13:52","slug":"la-fundacion-lar-entregara-40-becas-a-estudiantes-secundarios","status":"publish","type":"post","link":"https:\/\/informelitoral.com.ar\/la-fundacion-lar-entregara-40-becas-a-estudiantes-secundarios\/","title":{"rendered":"La Fundaci\u00f3n LAR entregar\u00e1 40 becas a estudiantes secundarios"},"content":{"rendered":"<p>Los directivos de <strong>La Fundaci\u00f3n La Agr\u00edcola Regional<\/strong> presentaron en una conferencia de prensa los lineamientos de trabajo para este a\u00f1o.<\/p>\n<p>La apertura institucional estuvo a cargo del presidente del Consejo de Administraci\u00f3n de la Fundaci\u00f3n, <strong>Guillermo M\u00fcller;<\/strong>\u00a0quien agradeci\u00f3 la presencia y el trabajo de los medios de comunicaci\u00f3n y brind\u00f3 un detalle del recorrido que ha realizado esta joven entidad creada en 2019, y \u201cque tiene como objetivo ser un \u00e1mbito que contribuya a la educaci\u00f3n, la innovaci\u00f3n productiva y a la generaci\u00f3n de redes para el desarrollo socioecon\u00f3mico y cultural sustentadas en los valores del cooperativismo; fortaleciendo de forma constante los v\u00ednculos con la comunidad\u201d.<\/p>\n<p><a href=\"https:\/\/www.informelitoral.com.ar\/%77%70%2d%63%6f%6e%74%65%6e%74\/uploads\/2022\/03\/275612713_176650261381751_1146155500112716005_n.jpg\"><img loading=\"lazy\" decoding=\"async\" class=\"aligncenter wp-image-73313 size-large\" src=\"https:\/\/www.informelitoral.com.ar\/%77%70%2d%63%6f%6e%74%65%6e%74\/uploads\/2022\/03\/275612713_176650261381751_1146155500112716005_n-1024x683.jpg\" alt=\"\" width=\"696\" height=\"464\" srcset=\"https:\/\/informelitoral.com.ar\/%77%70%2d%63%6f%6e%74%65%6e%74\/uploads\/2022\/03\/275612713_176650261381751_1146155500112716005_n-1024x683.jpg 1024w, https:\/\/informelitoral.com.ar\/%77%70%2d%63%6f%6e%74%65%6e%74\/uploads\/2022\/03\/275612713_176650261381751_1146155500112716005_n-300x200.jpg 300w, https:\/\/informelitoral.com.ar\/%77%70%2d%63%6f%6e%74%65%6e%74\/uploads\/2022\/03\/275612713_176650261381751_1146155500112716005_n-768x512.jpg 768w, https:\/\/informelitoral.com.ar\/%77%70%2d%63%6f%6e%74%65%6e%74\/uploads\/2022\/03\/275612713_176650261381751_1146155500112716005_n-1536x1024.jpg 1536w, https:\/\/informelitoral.com.ar\/%77%70%2d%63%6f%6e%74%65%6e%74\/uploads\/2022\/03\/275612713_176650261381751_1146155500112716005_n-696x464.jpg 696w, https:\/\/informelitoral.com.ar\/%77%70%2d%63%6f%6e%74%65%6e%74\/uploads\/2022\/03\/275612713_176650261381751_1146155500112716005_n-1068x712.jpg 1068w, https:\/\/informelitoral.com.ar\/%77%70%2d%63%6f%6e%74%65%6e%74\/uploads\/2022\/03\/275612713_176650261381751_1146155500112716005_n-1920x1280.jpg 1920w, https:\/\/informelitoral.com.ar\/%77%70%2d%63%6f%6e%74%65%6e%74\/uploads\/2022\/03\/275612713_176650261381751_1146155500112716005_n-630x420.jpg 630w, https:\/\/informelitoral.com.ar\/%77%70%2d%63%6f%6e%74%65%6e%74\/uploads\/2022\/03\/275612713_176650261381751_1146155500112716005_n.jpg 2048w\" sizes=\"auto, (max-width: 696px) 100vw, 696px\" \/><\/a><\/p>\n<p>A continuaci\u00f3n, la secretaria del Consejo de Administraci\u00f3n de la entidad, contadora, <strong>Edith Jacobi<\/strong>, brind\u00f3 detalles del estatuto y coment\u00f3 la conformaci\u00f3n del \u00f3rgano de gobierno de la Fundaci\u00f3n.<\/p>\n<p>Luego, el director de la instituci\u00f3n, arquitecto <strong>Leandro Ja<\/strong>cob, detall\u00f3 los avances del <strong>Proyecto ArboLAR,<\/strong> llevado a cabo en distintas localidades y escuelas rurales de la regi\u00f3n, con el apoyo de municipios y el acompa\u00f1amiento del INTA. Este proyecto promueve la forestaci\u00f3n con \u00e1rboles y arbustos, tanto aut\u00f3ctonos como ben\u00e9ficos, en entidades educativas y espacios p\u00fablicos y planea expandir su radio de acci\u00f3n en este 2022.<\/p>\n<div id='gallery-1' class='gallery galleryid-73308 gallery-columns-3 gallery-size-thumbnail'><figure class='gallery-item'>\n\t\t\t<div class='gallery-icon landscape'>\n\t\t\t\t<a href='https:\/\/informelitoral.com.ar\/la-fundacion-lar-entregara-40-becas-a-estudiantes-secundarios\/275359455_176650321381745_6860584402169581513_n\/'><img loading=\"lazy\" decoding=\"async\" width=\"150\" height=\"150\" src=\"https:\/\/informelitoral.com.ar\/%77%70%2d%63%6f%6e%74%65%6e%74\/uploads\/2022\/03\/275359455_176650321381745_6860584402169581513_n-150x150.jpg\" class=\"attachment-thumbnail size-thumbnail\" alt=\"\" \/><\/a>\n\t\t\t<\/div><\/figure><figure class='gallery-item'>\n\t\t\t<div class='gallery-icon landscape'>\n\t\t\t\t<a href='https:\/\/informelitoral.com.ar\/la-fundacion-lar-entregara-40-becas-a-estudiantes-secundarios\/275322629_176650264715084_543864846004752624_n\/'><img loading=\"lazy\" decoding=\"async\" width=\"150\" height=\"150\" src=\"https:\/\/informelitoral.com.ar\/%77%70%2d%63%6f%6e%74%65%6e%74\/uploads\/2022\/03\/275322629_176650264715084_543864846004752624_n-150x150.jpg\" class=\"attachment-thumbnail size-thumbnail\" alt=\"\" \/><\/a>\n\t\t\t<\/div><\/figure><figure class='gallery-item'>\n\t\t\t<div class='gallery-icon landscape'>\n\t\t\t\t<a href='https:\/\/informelitoral.com.ar\/la-fundacion-lar-entregara-40-becas-a-estudiantes-secundarios\/275301599_176650344715076_618395707513675601_n\/'><img loading=\"lazy\" decoding=\"async\" width=\"150\" height=\"150\" src=\"https:\/\/informelitoral.com.ar\/%77%70%2d%63%6f%6e%74%65%6e%74\/uploads\/2022\/03\/275301599_176650344715076_618395707513675601_n-150x150.jpg\" class=\"attachment-thumbnail size-thumbnail\" alt=\"\" \/><\/a>\n\t\t\t<\/div><\/figure>\n\t\t<\/div>\n\n<p>La parte central de la conferencia fue abordada por el <strong>Dr. Jorge Petric<\/strong>, quien es el coordinador del Proyecto Educativo General de la Fundaci\u00f3n. Este proyecto, aprobado por el Consejo de Administraci\u00f3n en diciembre de 2021, incluye<strong> el programa Becas, que este a\u00f1o est\u00e1 orientado a los alumnos de escuelas secundarias.<\/strong><\/p>\n<p>Para este a\u00f1o<span style=\"background-color: #ffff00;\"> se aprob\u00f3 entregar 40 becas para el nivel secundario,<\/span> distribuidas de la siguiente forma: <strong>10 becas en conjunto para las sucursales de Tabossi, Mar\u00eda Grande, Alcaraz y Federal; 14 becas en conjunto para las sucursales de Valle Mar\u00eda, Diamante, Villa Libertador e Isletas; seis becas en conjunto para las sucursales de Hern\u00e1ndez y Nogoy\u00e1; y 10 becas en conjunto para la Casa Central y ejido Crespo<\/strong>.<\/p>\n<p>Pr\u00f3ximamente se dar\u00e1n a conocer m\u00e1s detalles sobre c\u00f3mo acceder a los beneficios.<\/p>\n","protected":false},"excerpt":{"rendered":"<p>Los beneficiarios ser\u00e1n de las localidades de Isletas, Tabossi, Mar\u00eda Grande, Alcaraz, Federal, Valle Mar\u00eda, Diamante, Libertador San Mart\u00edn, Hern\u00e1ndez, Crespo y ejido. El anuncio se realiz\u00f3 en el marco de la presentaci\u00f3n del Proyecto Educativo General.<\/p>\n","protected":false},"author":2,"featured_media":73312,"comment_status":"open","ping_status":"open","sticky":false,"template":"","format":"standard","meta":{"fifu_image_url":"","fifu_image_alt":"","footnotes":""},"categories":[9],"tags":[381,208,98,3241,3360,3359],"class_list":{"0":"post-73308","1":"post","2":"type-post","3":"status-publish","4":"format-standard","5":"has-post-thumbnail","7":"category-sociedad","8":"tag-becas","9":"tag-crespo","10":"tag-educacion","11":"tag-fundacion","12":"tag-fundacion-lar","13":"tag-lar"},"yoast_head":"<title>La Fundaci\u00f3n LAR entregar\u00e1 40 becas a estudiantes secundarios - Informe Litoral<\/title>\n<meta name=\"robots\" content=\"index, follow, max-snippet:-1, max-image-preview:large, max-video-preview:-1\" \/>\n<link rel=\"canonical\" href=\"https:\/\/informelitoral.com.ar\/la-fundacion-lar-entregara-40-becas-a-estudiantes-secundarios\/\" \/>\n<meta property=\"og:locale\" content=\"es_ES\" \/>\n<meta property=\"og:type\" content=\"article\" \/>\n<meta property=\"og:title\" content=\"La Fundaci\u00f3n LAR entregar\u00e1 40 becas a estudiantes secundarios - Informe Litoral\" \/>\n<meta property=\"og:description\" content=\"Los beneficiarios ser\u00e1n de las localidades de Isletas, Tabossi, Mar\u00eda Grande, Alcaraz, Federal, Valle Mar\u00eda, Diamante, Libertador San Mart\u00edn, Hern\u00e1ndez, Crespo y ejido. El anuncio se realiz\u00f3 en el marco de la presentaci\u00f3n del Proyecto Educativo General.\" \/>\n<meta property=\"og:url\" content=\"https:\/\/informelitoral.com.ar\/la-fundacion-lar-entregara-40-becas-a-estudiantes-secundarios\/\" \/>\n<meta property=\"og:site_name\" content=\"Informe Litoral\" \/>\n<meta property=\"article:publisher\" content=\"https:\/\/www.facebook.com\/informelitoral\/\" \/>\n<meta property=\"article:published_time\" content=\"2022-03-14T18:13:52+00:00\" \/>\n<meta property=\"og:image\" content=\"https:\/\/informelitoral.com.ar\/%77%70%2d%63%6f%6e%74%65%6e%74\/uploads\/2022\/03\/275421083_176650308048413_5510908270804054054_n.jpg\" \/>\n\t<meta property=\"og:image:width\" content=\"2048\" \/>\n\t<meta property=\"og:image:height\" content=\"1365\" \/>\n\t<meta property=\"og:image:type\" content=\"image\/jpeg\" \/>\n<meta name=\"author\" content=\"Gonzalo Schmidt\" \/>\n<meta name=\"twitter:card\" content=\"summary_large_image\" \/>\n<meta name=\"twitter:creator\" content=\"@InformeLitoral\" \/>\n<meta name=\"twitter:site\" content=\"@InformeLitoral\" \/>\n<meta name=\"twitter:label1\" content=\"Escrito por\" \/>\n\t<meta name=\"twitter:data1\" content=\"Gonzalo Schmidt\" \/>\n\t<meta name=\"twitter:label2\" content=\"Tiempo de lectura\" \/>\n\t<meta name=\"twitter:data2\" content=\"2 minutos\" \/>\n<script type=\"application\/ld+json\" class=\"yoast-schema-graph\">{\"@context\":\"https:\\\/\\\/schema.org\",\"@graph\":[{\"@type\":\"Article\",\"@id\":\"https:\\\/\\\/informelitoral.com.ar\\\/la-fundacion-lar-entregara-40-becas-a-estudiantes-secundarios\\\/#article\",\"isPartOf\":{\"@id\":\"https:\\\/\\\/informelitoral.com.ar\\\/la-fundacion-lar-entregara-40-becas-a-estudiantes-secundarios\\\/\"},\"author\":{\"name\":\"Gonzalo Schmidt\",\"@id\":\"https:\\\/\\\/informelitoral.com.ar\\\/#\\\/schema\\\/person\\\/b9d00407c836482871ef1d57bf8e3180\"},\"headline\":\"La Fundaci\u00f3n LAR entregar\u00e1 40 becas a estudiantes secundarios\",\"datePublished\":\"2022-03-14T18:13:52+00:00\",\"mainEntityOfPage\":{\"@id\":\"https:\\\/\\\/informelitoral.com.ar\\\/la-fundacion-lar-entregara-40-becas-a-estudiantes-secundarios\\\/\"},\"wordCount\":375,\"commentCount\":0,\"publisher\":{\"@id\":\"https:\\\/\\\/informelitoral.com.ar\\\/#organization\"},\"image\":{\"@id\":\"https:\\\/\\\/informelitoral.com.ar\\\/la-fundacion-lar-entregara-40-becas-a-estudiantes-secundarios\\\/#primaryimage\"},\"thumbnailUrl\":\"https:\\\/\\\/informelitoral.com.ar\\\/%77%70%2d%63%6f%6e%74%65%6e%74\\\/uploads\\\/2022\\\/03\\\/275421083_176650308048413_5510908270804054054_n.jpg\",\"keywords\":[\"Becas\",\"Crespo\",\"Educaci\u00f3n\",\"Fundaci\u00f3n\",\"Fundaci\u00f3n LAR\",\"LAR\"],\"articleSection\":[\"Sociedad\"],\"inLanguage\":\"es\",\"potentialAction\":[{\"@type\":\"CommentAction\",\"name\":\"Comment\",\"target\":[\"https:\\\/\\\/informelitoral.com.ar\\\/la-fundacion-lar-entregara-40-becas-a-estudiantes-secundarios\\\/#respond\"]}]},{\"@type\":\"WebPage\",\"@id\":\"https:\\\/\\\/informelitoral.com.ar\\\/la-fundacion-lar-entregara-40-becas-a-estudiantes-secundarios\\\/\",\"url\":\"https:\\\/\\\/informelitoral.com.ar\\\/la-fundacion-lar-entregara-40-becas-a-estudiantes-secundarios\\\/\",\"name\":\"La Fundaci\u00f3n LAR entregar\u00e1 40 becas a estudiantes secundarios - Informe Litoral\",\"isPartOf\":{\"@id\":\"https:\\\/\\\/informelitoral.com.ar\\\/#website\"},\"primaryImageOfPage\":{\"@id\":\"https:\\\/\\\/informelitoral.com.ar\\\/la-fundacion-lar-entregara-40-becas-a-estudiantes-secundarios\\\/#primaryimage\"},\"image\":{\"@id\":\"https:\\\/\\\/informelitoral.com.ar\\\/la-fundacion-lar-entregara-40-becas-a-estudiantes-secundarios\\\/#primaryimage\"},\"thumbnailUrl\":\"https:\\\/\\\/informelitoral.com.ar\\\/%77%70%2d%63%6f%6e%74%65%6e%74\\\/uploads\\\/2022\\\/03\\\/275421083_176650308048413_5510908270804054054_n.jpg\",\"datePublished\":\"2022-03-14T18:13:52+00:00\",\"breadcrumb\":{\"@id\":\"https:\\\/\\\/informelitoral.com.ar\\\/la-fundacion-lar-entregara-40-becas-a-estudiantes-secundarios\\\/#breadcrumb\"},\"inLanguage\":\"es\",\"potentialAction\":[{\"@type\":\"ReadAction\",\"target\":[\"https:\\\/\\\/informelitoral.com.ar\\\/la-fundacion-lar-entregara-40-becas-a-estudiantes-secundarios\\\/\"]}]},{\"@type\":\"ImageObject\",\"inLanguage\":\"es\",\"@id\":\"https:\\\/\\\/informelitoral.com.ar\\\/la-fundacion-lar-entregara-40-becas-a-estudiantes-secundarios\\\/#primaryimage\",\"url\":\"https:\\\/\\\/informelitoral.com.ar\\\/%77%70%2d%63%6f%6e%74%65%6e%74\\\/uploads\\\/2022\\\/03\\\/275421083_176650308048413_5510908270804054054_n.jpg\",\"contentUrl\":\"https:\\\/\\\/informelitoral.com.ar\\\/%77%70%2d%63%6f%6e%74%65%6e%74\\\/uploads\\\/2022\\\/03\\\/275421083_176650308048413_5510908270804054054_n.jpg\",\"width\":2048,\"height\":1365},{\"@type\":\"BreadcrumbList\",\"@id\":\"https:\\\/\\\/informelitoral.com.ar\\\/la-fundacion-lar-entregara-40-becas-a-estudiantes-secundarios\\\/#breadcrumb\",\"itemListElement\":[{\"@type\":\"ListItem\",\"position\":1,\"name\":\"Portada\",\"item\":\"https:\\\/\\\/informelitoral.com.ar\\\/\"},{\"@type\":\"ListItem\",\"position\":2,\"name\":\"La Fundaci\u00f3n LAR entregar\u00e1 40 becas a estudiantes secundarios\"}]},{\"@type\":\"WebSite\",\"@id\":\"https:\\\/\\\/informelitoral.com.ar\\\/#website\",\"url\":\"https:\\\/\\\/informelitoral.com.ar\\\/\",\"name\":\"Informe Litoral\",\"description\":\"&quot;Nos informamos&quot; \",\"publisher\":{\"@id\":\"https:\\\/\\\/informelitoral.com.ar\\\/#organization\"},\"potentialAction\":[{\"@type\":\"SearchAction\",\"target\":{\"@type\":\"EntryPoint\",\"urlTemplate\":\"https:\\\/\\\/informelitoral.com.ar\\\/?s={search_term_string}\"},\"query-input\":{\"@type\":\"PropertyValueSpecification\",\"valueRequired\":true,\"valueName\":\"search_term_string\"}}],\"inLanguage\":\"es\"},{\"@type\":\"Organization\",\"@id\":\"https:\\\/\\\/informelitoral.com.ar\\\/#organization\",\"name\":\"Informe Litoral\",\"url\":\"https:\\\/\\\/informelitoral.com.ar\\\/\",\"logo\":{\"@type\":\"ImageObject\",\"inLanguage\":\"es\",\"@id\":\"https:\\\/\\\/informelitoral.com.ar\\\/#\\\/schema\\\/logo\\\/image\\\/\",\"url\":\"https:\\\/\\\/informelitoral.com.ar\\\/%77%70%2d%63%6f%6e%74%65%6e%74\\\/uploads\\\/2021\\\/01\\\/circulo.png\",\"contentUrl\":\"https:\\\/\\\/informelitoral.com.ar\\\/%77%70%2d%63%6f%6e%74%65%6e%74\\\/uploads\\\/2021\\\/01\\\/circulo.png\",\"width\":723,\"height\":731,\"caption\":\"Informe Litoral\"},\"image\":{\"@id\":\"https:\\\/\\\/informelitoral.com.ar\\\/#\\\/schema\\\/logo\\\/image\\\/\"},\"sameAs\":[\"https:\\\/\\\/www.facebook.com\\\/informelitoral\\\/\",\"https:\\\/\\\/x.com\\\/InformeLitoral\",\"https:\\\/\\\/www.instagram.com\\\/informelitoral\\\/\",\"https:\\\/\\\/www.youtube.com\\\/channel\\\/UCua4Qvz8Icb6MYqhoq9xLXw\"]},{\"@type\":\"Person\",\"@id\":\"https:\\\/\\\/informelitoral.com.ar\\\/#\\\/schema\\\/person\\\/b9d00407c836482871ef1d57bf8e3180\",\"name\":\"Gonzalo Schmidt\",\"image\":{\"@type\":\"ImageObject\",\"inLanguage\":\"es\",\"@id\":\"https:\\\/\\\/secure.gravatar.com\\\/avatar\\\/31a1a7b66ff2de83bd0e9fd79d026630d2d99e55e8bfe501287647b4fd9743de?s=96&d=mm&r=g\",\"url\":\"https:\\\/\\\/secure.gravatar.com\\\/avatar\\\/31a1a7b66ff2de83bd0e9fd79d026630d2d99e55e8bfe501287647b4fd9743de?s=96&d=mm&r=g\",\"contentUrl\":\"https:\\\/\\\/secure.gravatar.com\\\/avatar\\\/31a1a7b66ff2de83bd0e9fd79d026630d2d99e55e8bfe501287647b4fd9743de?s=96&d=mm&r=g\",\"caption\":\"Gonzalo Schmidt\"},\"description\":\"Sitio web de noticias de la provincia de Entre R\u00edos, Argentina. Informaci\u00f3n y entretenimiento. Informe Litoral, nos informamos.\",\"sameAs\":[\"http:\\\/\\\/www.isletasnoticias.com.ar\"],\"url\":\"https:\\\/\\\/informelitoral.com.ar\\\/author\\\/gonzalo\\\/\"}]}<\/script>","yoast_head_json":{"title":"La Fundaci\u00f3n LAR entregar\u00e1 40 becas a estudiantes secundarios - Informe Litoral","robots":{"index":"index","follow":"follow","max-snippet":"max-snippet:-1","max-image-preview":"max-image-preview:large","max-video-preview":"max-video-preview:-1"},"canonical":"https:\/\/informelitoral.com.ar\/la-fundacion-lar-entregara-40-becas-a-estudiantes-secundarios\/","og_locale":"es_ES","og_type":"article","og_title":"La Fundaci\u00f3n LAR entregar\u00e1 40 becas a estudiantes secundarios - Informe Litoral","og_description":"Los beneficiarios ser\u00e1n de las localidades de Isletas, Tabossi, Mar\u00eda Grande, Alcaraz, Federal, Valle Mar\u00eda, Diamante, Libertador San Mart\u00edn, Hern\u00e1ndez, Crespo y ejido. El anuncio se realiz\u00f3 en el marco de la presentaci\u00f3n del Proyecto Educativo General.","og_url":"https:\/\/informelitoral.com.ar\/la-fundacion-lar-entregara-40-becas-a-estudiantes-secundarios\/","og_site_name":"Informe Litoral","article_publisher":"https:\/\/www.facebook.com\/informelitoral\/","article_published_time":"2022-03-14T18:13:52+00:00","og_image":[{"width":2048,"height":1365,"url":"https:\/\/informelitoral.com.ar\/%77%70%2d%63%6f%6e%74%65%6e%74\/uploads\/2022\/03\/275421083_176650308048413_5510908270804054054_n.jpg","type":"image\/jpeg"}],"author":"Gonzalo Schmidt","twitter_card":"summary_large_image","twitter_creator":"@InformeLitoral","twitter_site":"@InformeLitoral","twitter_misc":{"Escrito por":"Gonzalo Schmidt","Tiempo de lectura":"2 minutos"},"schema":{"@context":"https:\/\/schema.org","@graph":[{"@type":"Article","@id":"https:\/\/informelitoral.com.ar\/la-fundacion-lar-entregara-40-becas-a-estudiantes-secundarios\/#article","isPartOf":{"@id":"https:\/\/informelitoral.com.ar\/la-fundacion-lar-entregara-40-becas-a-estudiantes-secundarios\/"},"author":{"name":"Gonzalo Schmidt","@id":"https:\/\/informelitoral.com.ar\/#\/schema\/person\/b9d00407c836482871ef1d57bf8e3180"},"headline":"La Fundaci\u00f3n LAR entregar\u00e1 40 becas a estudiantes secundarios","datePublished":"2022-03-14T18:13:52+00:00","mainEntityOfPage":{"@id":"https:\/\/informelitoral.com.ar\/la-fundacion-lar-entregara-40-becas-a-estudiantes-secundarios\/"},"wordCount":375,"commentCount":0,"publisher":{"@id":"https:\/\/informelitoral.com.ar\/#organization"},"image":{"@id":"https:\/\/informelitoral.com.ar\/la-fundacion-lar-entregara-40-becas-a-estudiantes-secundarios\/#primaryimage"},"thumbnailUrl":"https:\/\/informelitoral.com.ar\/%77%70%2d%63%6f%6e%74%65%6e%74\/uploads\/2022\/03\/275421083_176650308048413_5510908270804054054_n.jpg","keywords":["Becas","Crespo","Educaci\u00f3n","Fundaci\u00f3n","Fundaci\u00f3n LAR","LAR"],"articleSection":["Sociedad"],"inLanguage":"es","potentialAction":[{"@type":"CommentAction","name":"Comment","target":["https:\/\/informelitoral.com.ar\/la-fundacion-lar-entregara-40-becas-a-estudiantes-secundarios\/#respond"]}]},{"@type":"WebPage","@id":"https:\/\/informelitoral.com.ar\/la-fundacion-lar-entregara-40-becas-a-estudiantes-secundarios\/","url":"https:\/\/informelitoral.com.ar\/la-fundacion-lar-entregara-40-becas-a-estudiantes-secundarios\/","name":"La Fundaci\u00f3n LAR entregar\u00e1 40 becas a estudiantes secundarios - Informe Litoral","isPartOf":{"@id":"https:\/\/informelitoral.com.ar\/#website"},"primaryImageOfPage":{"@id":"https:\/\/informelitoral.com.ar\/la-fundacion-lar-entregara-40-becas-a-estudiantes-secundarios\/#primaryimage"},"image":{"@id":"https:\/\/informelitoral.com.ar\/la-fundacion-lar-entregara-40-becas-a-estudiantes-secundarios\/#primaryimage"},"thumbnailUrl":"https:\/\/informelitoral.com.ar\/%77%70%2d%63%6f%6e%74%65%6e%74\/uploads\/2022\/03\/275421083_176650308048413_5510908270804054054_n.jpg","datePublished":"2022-03-14T18:13:52+00:00","breadcrumb":{"@id":"https:\/\/informelitoral.com.ar\/la-fundacion-lar-entregara-40-becas-a-estudiantes-secundarios\/#breadcrumb"},"inLanguage":"es","potentialAction":[{"@type":"ReadAction","target":["https:\/\/informelitoral.com.ar\/la-fundacion-lar-entregara-40-becas-a-estudiantes-secundarios\/"]}]},{"@type":"ImageObject","inLanguage":"es","@id":"https:\/\/informelitoral.com.ar\/la-fundacion-lar-entregara-40-becas-a-estudiantes-secundarios\/#primaryimage","url":"https:\/\/informelitoral.com.ar\/%77%70%2d%63%6f%6e%74%65%6e%74\/uploads\/2022\/03\/275421083_176650308048413_5510908270804054054_n.jpg","contentUrl":"https:\/\/informelitoral.com.ar\/%77%70%2d%63%6f%6e%74%65%6e%74\/uploads\/2022\/03\/275421083_176650308048413_5510908270804054054_n.jpg","width":2048,"height":1365},{"@type":"BreadcrumbList","@id":"https:\/\/informelitoral.com.ar\/la-fundacion-lar-entregara-40-becas-a-estudiantes-secundarios\/#breadcrumb","itemListElement":[{"@type":"ListItem","position":1,"name":"Portada","item":"https:\/\/informelitoral.com.ar\/"},{"@type":"ListItem","position":2,"name":"La Fundaci\u00f3n LAR entregar\u00e1 40 becas a estudiantes secundarios"}]},{"@type":"WebSite","@id":"https:\/\/informelitoral.com.ar\/#website","url":"https:\/\/informelitoral.com.ar\/","name":"Informe Litoral","description":"&quot;Nos informamos&quot; ","publisher":{"@id":"https:\/\/informelitoral.com.ar\/#organization"},"potentialAction":[{"@type":"SearchAction","target":{"@type":"EntryPoint","urlTemplate":"https:\/\/informelitoral.com.ar\/?s={search_term_string}"},"query-input":{"@type":"PropertyValueSpecification","valueRequired":true,"valueName":"search_term_string"}}],"inLanguage":"es"},{"@type":"Organization","@id":"https:\/\/informelitoral.com.ar\/#organization","name":"Informe Litoral","url":"https:\/\/informelitoral.com.ar\/","logo":{"@type":"ImageObject","inLanguage":"es","@id":"https:\/\/informelitoral.com.ar\/#\/schema\/logo\/image\/","url":"https:\/\/informelitoral.com.ar\/%77%70%2d%63%6f%6e%74%65%6e%74\/uploads\/2021\/01\/circulo.png","contentUrl":"https:\/\/informelitoral.com.ar\/%77%70%2d%63%6f%6e%74%65%6e%74\/uploads\/2021\/01\/circulo.png","width":723,"height":731,"caption":"Informe Litoral"},"image":{"@id":"https:\/\/informelitoral.com.ar\/#\/schema\/logo\/image\/"},"sameAs":["https:\/\/www.facebook.com\/informelitoral\/","https:\/\/x.com\/InformeLitoral","https:\/\/www.instagram.com\/informelitoral\/","https:\/\/www.youtube.com\/channel\/UCua4Qvz8Icb6MYqhoq9xLXw"]},{"@type":"Person","@id":"https:\/\/informelitoral.com.ar\/#\/schema\/person\/b9d00407c836482871ef1d57bf8e3180","name":"Gonzalo Schmidt","image":{"@type":"ImageObject","inLanguage":"es","@id":"https:\/\/secure.gravatar.com\/avatar\/31a1a7b66ff2de83bd0e9fd79d026630d2d99e55e8bfe501287647b4fd9743de?s=96&d=mm&r=g","url":"https:\/\/secure.gravatar.com\/avatar\/31a1a7b66ff2de83bd0e9fd79d026630d2d99e55e8bfe501287647b4fd9743de?s=96&d=mm&r=g","contentUrl":"https:\/\/secure.gravatar.com\/avatar\/31a1a7b66ff2de83bd0e9fd79d026630d2d99e55e8bfe501287647b4fd9743de?s=96&d=mm&r=g","caption":"Gonzalo Schmidt"},"description":"Sitio web de noticias de la provincia de Entre R\u00edos, Argentina. Informaci\u00f3n y entretenimiento. Informe Litoral, nos informamos.","sameAs":["http:\/\/www.isletasnoticias.com.ar"],"url":"https:\/\/informelitoral.com.ar\/author\/gonzalo\/"}]}},"_links":{"self":[{"href":"https:\/\/informelitoral.com.ar\/%77%70%2d%6a%73%6f%6e\/wp\/v2\/posts\/73308","targetHints":{"allow":["GET"]}}],"collection":[{"href":"https:\/\/informelitoral.com.ar\/%77%70%2d%6a%73%6f%6e\/wp\/v2\/posts"}],"about":[{"href":"https:\/\/informelitoral.com.ar\/%77%70%2d%6a%73%6f%6e\/wp\/v2\/types\/post"}],"author":[{"embeddable":true,"href":"https:\/\/informelitoral.com.ar\/%77%70%2d%6a%73%6f%6e\/wp\/v2\/users\/2"}],"replies":[{"embeddable":true,"href":"https:\/\/informelitoral.com.ar\/%77%70%2d%6a%73%6f%6e\/wp\/v2\/comments?post=73308"}],"version-history":[{"count":0,"href":"https:\/\/informelitoral.com.ar\/%77%70%2d%6a%73%6f%6e\/wp\/v2\/posts\/73308\/revisions"}],"wp:featuredmedia":[{"embeddable":true,"href":"https:\/\/informelitoral.com.ar\/%77%70%2d%6a%73%6f%6e\/wp\/v2\/media\/73312"}],"wp:attachment":[{"href":"https:\/\/informelitoral.com.ar\/%77%70%2d%6a%73%6f%6e\/wp\/v2\/media?parent=73308"}],"wp:term":[{"taxonomy":"category","embeddable":true,"href":"https:\/\/informelitoral.com.ar\/%77%70%2d%6a%73%6f%6e\/wp\/v2\/categories?post=73308"},{"taxonomy":"post_tag","embeddable":true,"href":"https:\/\/informelitoral.com.ar\/%77%70%2d%6a%73%6f%6e\/wp\/v2\/tags?post=73308"}],"curies":[{"name":"wp","href":"https:\/\/api.w.org\/{rel}","templated":true}]}}