{"id":7310,"date":"2014-07-01T12:01:25","date_gmt":"2014-07-01T15:01:25","guid":{"rendered":"http:\/\/www.isletasnoticias.com.ar\/?p=7310"},"modified":"2014-07-01T12:01:39","modified_gmt":"2014-07-01T15:01:39","slug":"horas-antes-del-partido-contra-argentina-murio-el-hermano-del-tecnico-de-suiza","status":"publish","type":"post","link":"https:\/\/informelitoral.com.ar\/horas-antes-del-partido-contra-argentina-murio-el-hermano-del-tecnico-de-suiza\/","title":{"rendered":"Horas antes del partido contra Argentina, muri\u00f3 el hermano del t\u00e9cnico de Suiza"},"content":{"rendered":"<p><strong><span style=\"color: #111111;\">La Asociaci\u00f3n Suiza de F\u00fatbol comunic\u00f3 la mala noticia al alem\u00e1n\u00a0<\/span>Ottmar Hitzfeld,\u00a0<span style=\"color: #111111;\">que hoy debe disputar con su equipo un partido por el pase a los cuartos de final ante el conjunto liderado por\u00a0<\/span><em>Lionel Messi.<a href=\"http:\/\/www.isletasnoticias.com.ar\/%77%70%2d%63%6f%6e%74%65%6e%74\/uploads\/2014\/07\/0011230955.jpg\"><img loading=\"lazy\" decoding=\"async\" class=\"aligncenter wp-image-7311\" src=\"http:\/\/www.isletasnoticias.com.ar\/%77%70%2d%63%6f%6e%74%65%6e%74\/uploads\/2014\/07\/0011230955-300x168.jpg\" alt=\"0011230955\" width=\"500\" height=\"281\" srcset=\"https:\/\/informelitoral.com.ar\/%77%70%2d%63%6f%6e%74%65%6e%74\/uploads\/2014\/07\/0011230955-300x168.jpg 300w, https:\/\/informelitoral.com.ar\/%77%70%2d%63%6f%6e%74%65%6e%74\/uploads\/2014\/07\/0011230955.jpg 770w\" sizes=\"auto, (max-width: 500px) 100vw, 500px\" \/><\/a><\/em><\/strong><\/p>\n<p>\u00abWinfried (81 a\u00f1os), hermano de Ottmar, muri\u00f3 a consecuencia de una leucemia\u00bb, explic\u00f3 a un vocero de la ASF, Marco von Ah. Estaba ingresado en el Basel University Hospital.<\/p>\n<p>\u00abOttmar va a quedarse aqu\u00ed (en Brasil) con su equipo. No responder\u00e1 a preguntas. El equipo no llevar\u00e1 ninguna cinta\u00bb negra de luto en el partido de este martes, a\u00f1adi\u00f3, indicando que el seleccionador de la &#8216;Nati&#8217; ha pedido que se respete su vida privada.<\/p>\n<p>Suiza se enfrenta este martes en Sao Paulo a las 13:00 hora local (16:00 GMT) a la Argentina en octavos de final del Mundial Brasil 2014. Se trata del partido m\u00e1s importante de la carrera como entrenador de Hitzfeld, seg\u00fan su propia definici\u00f3n.<\/p>\n<p>\u00abSiempre me preparo con la base de que habr\u00e1 un partido m\u00e1s, y sabemos que podemos continuar aqu\u00ed\u00bb, declar\u00f3 en la jornada previa. \u00abSer\u00e1 un desaf\u00edo deportivo may\u00fasculo. Definitivamente, el mayor de mi carrera\u00bb, sentenci\u00f3.<\/p>\n<p style=\"color: #111111;\">Hitzfeld y su hermano se criaron en L\u00f6rrach, Baden-Wurttemberg, cerca de la frontera germano-suiza.\u00a0Ottmar jugaba en el TuS Stetten y debut\u00f3 profesionalmente en el FV L\u00f6rrach.<\/p>\n<p style=\"color: #111111;\">En 1971 Hitzfeld fich\u00f3 por el Basilea de Suiza. All\u00ed gan\u00f3 los campeonatos de 1972 y 1973. Incluso fue el goleador de la liga en 1973. Volvi\u00f3 a Alemania para jugar en Sttutgart, volvi\u00f3 a Suiza para jugar en Lugano y el Luzern. All\u00ed se retir\u00f3.<\/p>\n<p style=\"color: #111111;\">En los Juegos Ol\u00edmpicos de Munich &#8217;72\u00a0gan\u00f3 la medalla de oro con la selecci\u00f3n alemana.<\/p>\n<p style=\"color: #111111;\">Dado que no har\u00e1 m\u00e1s apariciones ante la prensa antes del encuentro, su \u00faltima declaraci\u00f3n previa ser\u00e1 aquella en la que demostr\u00f3 su total confianza en superar el desaf\u00edo que implican Lionel Messi y sus compa\u00f1eros: \u00abEstoy optimista porque hemos mejorado mucho. Francia nos meti\u00f3 muchos goles, pero el triunfo contra Honduras nos liber\u00f3,\u00a0me veo en cuartos de final\u00bb<\/p>\n<p><b style=\"font-weight: bold; font-style: inherit;\">Una carrera brillante<\/b><\/p>\n<p>El actual DT de los rojos se inici\u00f3 como entrenador en\u00a0Zug,\u00a0pero r\u00e1pidamente pas\u00f3 al\u00a0Aarau,\u00a0donde obtuvo la Copa Suiza, t\u00edtulo que repiti\u00f3 con el\u00a0Grasshopers,\u00a0donde adem\u00e1s sum\u00f3 su primer campeonato de liga.<\/p>\n<p>El \u00e9xito pronto llam\u00f3 la atenci\u00f3n en Alemania, donde lo fich\u00f3 el\u00a0Borussia Dortmund.\u00a0All\u00ed continu\u00f3 con el su buen pie:\u00a0dos campeonatos de la Bundesliga y una Liga de Campeones.\u00a0Entre 1998 y 2004 lleg\u00f3 a la c\u00faspide de su experiencia en clubes al hacerse cargo del\u00a0Bayern Munich.<\/p>\n<p>El desaf\u00edo no le sent\u00f3 nada mal:\u00a0cuatro t\u00edtulos de Bundesliga, dos Copa Alemana, una Champions League y una Copa Intercontinental,\u00a0en la recordada final contra Boca Juniors por 1-0.<\/p>\n<p>Tras alejarse en 2004, se dedic\u00f3 a trabajar como comentarista antes de ser tentado una vez m\u00e1s por los b\u00e1varos. Acept\u00f3 para volver a ganar:\u00a0Bundesliga y Copa en 2008.\u00a0Desde entonces se hizo cargo del equipo nacional suizo, al que llev\u00f3 al Mundial de 2010 en Sud\u00e1frica -donde debut\u00f3 con victoria 1-0 sobre el campe\u00f3n Espa\u00f1a-, pero luego cay\u00f3 ante Chile y no pudo derrotar a Honduras, lo que impidi\u00f3 su clasificaci\u00f3n octavos de final.<\/p>\n<p>Tampoco se clasific\u00f3 para la Eurocopa 2012, pero s\u00ed para Brasil 2014, y fue cabeza de serie de su grupo. Ha anunciado que despu\u00e9s de este torneo\u00a0se retirar\u00e1.<\/p>\n<p>Fuente: <em>PlayF\u00fatbol<\/em><\/p>\n","protected":false},"excerpt":{"rendered":"<p>La Asociaci&oacute;n Suiza de F&uacute;tbol comunic&oacute; la mala noticia al alem&aacute;n&nbsp;Ottmar Hitzfeld,&nbsp;que hoy debe disputar con su equipo un partido por el pase a los cuartos de final ante el conjunto liderado por&nbsp;Lionel Messi. &laquo;Winfried (81 a&ntilde;os), hermano de Ottmar, muri&oacute; a consecuencia de una leucemia&raquo;, explic&oacute; a un vocero de la ASF, Marco von [&hellip;]<\/p>\n","protected":false},"author":2,"featured_media":0,"comment_status":"open","ping_status":"open","sticky":false,"template":"","format":"standard","meta":{"fifu_image_url":"","fifu_image_alt":"","footnotes":""},"categories":[13],"tags":[],"class_list":{"0":"post-7310","1":"post","2":"type-post","3":"status-publish","4":"format-standard","6":"category-deportes"},"yoast_head":"<title>Horas antes del partido contra Argentina, muri\u00f3 el hermano del t\u00e9cnico de Suiza - Informe Litoral<\/title>\n<meta name=\"robots\" content=\"index, follow, max-snippet:-1, max-image-preview:large, max-video-preview:-1\" \/>\n<link rel=\"canonical\" href=\"https:\/\/informelitoral.com.ar\/horas-antes-del-partido-contra-argentina-murio-el-hermano-del-tecnico-de-suiza\/\" \/>\n<meta property=\"og:locale\" content=\"es_ES\" \/>\n<meta property=\"og:type\" content=\"article\" \/>\n<meta property=\"og:title\" content=\"Horas antes del partido contra Argentina, muri\u00f3 el hermano del t\u00e9cnico de Suiza - Informe Litoral\" \/>\n<meta property=\"og:description\" content=\"La Asociaci&oacute;n Suiza de F&uacute;tbol comunic&oacute; la mala noticia al alem&aacute;n&nbsp;Ottmar Hitzfeld,&nbsp;que hoy debe disputar con su equipo un partido por el pase a los cuartos de final ante el conjunto liderado por&nbsp;Lionel Messi. &laquo;Winfried (81 a&ntilde;os), hermano de Ottmar, muri&oacute; a consecuencia de una leucemia&raquo;, explic&oacute; a un vocero de la ASF, Marco von [&hellip;]\" \/>\n<meta property=\"og:url\" content=\"https:\/\/informelitoral.com.ar\/horas-antes-del-partido-contra-argentina-murio-el-hermano-del-tecnico-de-suiza\/\" \/>\n<meta property=\"og:site_name\" content=\"Informe Litoral\" \/>\n<meta property=\"article:publisher\" content=\"https:\/\/www.facebook.com\/informelitoral\/\" \/>\n<meta property=\"article:published_time\" content=\"2014-07-01T15:01:25+00:00\" \/>\n<meta property=\"article:modified_time\" content=\"2014-07-01T15:01:39+00:00\" \/>\n<meta property=\"og:image\" content=\"https:\/\/informelitoral.com.ar\/%77%70%2d%63%6f%6e%74%65%6e%74\/uploads\/2014\/07\/0011230955.jpg\" \/>\n\t<meta property=\"og:image:width\" content=\"770\" \/>\n\t<meta property=\"og:image:height\" content=\"433\" \/>\n\t<meta property=\"og:image:type\" content=\"image\/jpeg\" \/>\n<meta name=\"author\" content=\"Gonzalo Schmidt\" \/>\n<meta name=\"twitter:card\" content=\"summary_large_image\" \/>\n<meta name=\"twitter:creator\" content=\"@InformeLitoral\" \/>\n<meta name=\"twitter:site\" content=\"@InformeLitoral\" \/>\n<meta name=\"twitter:label1\" content=\"Escrito por\" \/>\n\t<meta name=\"twitter:data1\" content=\"Gonzalo Schmidt\" \/>\n\t<meta name=\"twitter:label2\" content=\"Tiempo de lectura\" \/>\n\t<meta name=\"twitter:data2\" content=\"3 minutos\" \/>\n<script type=\"application\/ld+json\" class=\"yoast-schema-graph\">{\"@context\":\"https:\\\/\\\/schema.org\",\"@graph\":[{\"@type\":\"Article\",\"@id\":\"https:\\\/\\\/informelitoral.com.ar\\\/horas-antes-del-partido-contra-argentina-murio-el-hermano-del-tecnico-de-suiza\\\/#article\",\"isPartOf\":{\"@id\":\"https:\\\/\\\/informelitoral.com.ar\\\/horas-antes-del-partido-contra-argentina-murio-el-hermano-del-tecnico-de-suiza\\\/\"},\"author\":{\"name\":\"Gonzalo Schmidt\",\"@id\":\"https:\\\/\\\/informelitoral.com.ar\\\/#\\\/schema\\\/person\\\/b9d00407c836482871ef1d57bf8e3180\"},\"headline\":\"Horas antes del partido contra Argentina, muri\u00f3 el hermano del t\u00e9cnico de Suiza\",\"datePublished\":\"2014-07-01T15:01:25+00:00\",\"dateModified\":\"2014-07-01T15:01:39+00:00\",\"mainEntityOfPage\":{\"@id\":\"https:\\\/\\\/informelitoral.com.ar\\\/horas-antes-del-partido-contra-argentina-murio-el-hermano-del-tecnico-de-suiza\\\/\"},\"wordCount\":596,\"commentCount\":0,\"publisher\":{\"@id\":\"https:\\\/\\\/informelitoral.com.ar\\\/#organization\"},\"image\":{\"@id\":\"https:\\\/\\\/informelitoral.com.ar\\\/horas-antes-del-partido-contra-argentina-murio-el-hermano-del-tecnico-de-suiza\\\/#primaryimage\"},\"thumbnailUrl\":\"http:\\\/\\\/www.isletasnoticias.com.ar\\\/%77%70%2d%63%6f%6e%74%65%6e%74\\\/uploads\\\/2014\\\/07\\\/0011230955-300x168.jpg\",\"articleSection\":[\"Deportes\"],\"inLanguage\":\"es\",\"potentialAction\":[{\"@type\":\"CommentAction\",\"name\":\"Comment\",\"target\":[\"https:\\\/\\\/informelitoral.com.ar\\\/horas-antes-del-partido-contra-argentina-murio-el-hermano-del-tecnico-de-suiza\\\/#respond\"]}]},{\"@type\":\"WebPage\",\"@id\":\"https:\\\/\\\/informelitoral.com.ar\\\/horas-antes-del-partido-contra-argentina-murio-el-hermano-del-tecnico-de-suiza\\\/\",\"url\":\"https:\\\/\\\/informelitoral.com.ar\\\/horas-antes-del-partido-contra-argentina-murio-el-hermano-del-tecnico-de-suiza\\\/\",\"name\":\"Horas antes del partido contra Argentina, muri\u00f3 el hermano del t\u00e9cnico de Suiza - Informe Litoral\",\"isPartOf\":{\"@id\":\"https:\\\/\\\/informelitoral.com.ar\\\/#website\"},\"primaryImageOfPage\":{\"@id\":\"https:\\\/\\\/informelitoral.com.ar\\\/horas-antes-del-partido-contra-argentina-murio-el-hermano-del-tecnico-de-suiza\\\/#primaryimage\"},\"image\":{\"@id\":\"https:\\\/\\\/informelitoral.com.ar\\\/horas-antes-del-partido-contra-argentina-murio-el-hermano-del-tecnico-de-suiza\\\/#primaryimage\"},\"thumbnailUrl\":\"http:\\\/\\\/www.isletasnoticias.com.ar\\\/%77%70%2d%63%6f%6e%74%65%6e%74\\\/uploads\\\/2014\\\/07\\\/0011230955-300x168.jpg\",\"datePublished\":\"2014-07-01T15:01:25+00:00\",\"dateModified\":\"2014-07-01T15:01:39+00:00\",\"breadcrumb\":{\"@id\":\"https:\\\/\\\/informelitoral.com.ar\\\/horas-antes-del-partido-contra-argentina-murio-el-hermano-del-tecnico-de-suiza\\\/#breadcrumb\"},\"inLanguage\":\"es\",\"potentialAction\":[{\"@type\":\"ReadAction\",\"target\":[\"https:\\\/\\\/informelitoral.com.ar\\\/horas-antes-del-partido-contra-argentina-murio-el-hermano-del-tecnico-de-suiza\\\/\"]}]},{\"@type\":\"ImageObject\",\"inLanguage\":\"es\",\"@id\":\"https:\\\/\\\/informelitoral.com.ar\\\/horas-antes-del-partido-contra-argentina-murio-el-hermano-del-tecnico-de-suiza\\\/#primaryimage\",\"url\":\"http:\\\/\\\/www.isletasnoticias.com.ar\\\/%77%70%2d%63%6f%6e%74%65%6e%74\\\/uploads\\\/2014\\\/07\\\/0011230955-300x168.jpg\",\"contentUrl\":\"http:\\\/\\\/www.isletasnoticias.com.ar\\\/%77%70%2d%63%6f%6e%74%65%6e%74\\\/uploads\\\/2014\\\/07\\\/0011230955-300x168.jpg\"},{\"@type\":\"BreadcrumbList\",\"@id\":\"https:\\\/\\\/informelitoral.com.ar\\\/horas-antes-del-partido-contra-argentina-murio-el-hermano-del-tecnico-de-suiza\\\/#breadcrumb\",\"itemListElement\":[{\"@type\":\"ListItem\",\"position\":1,\"name\":\"Portada\",\"item\":\"https:\\\/\\\/informelitoral.com.ar\\\/\"},{\"@type\":\"ListItem\",\"position\":2,\"name\":\"Horas antes del partido contra Argentina, muri\u00f3 el hermano del t\u00e9cnico de Suiza\"}]},{\"@type\":\"WebSite\",\"@id\":\"https:\\\/\\\/informelitoral.com.ar\\\/#website\",\"url\":\"https:\\\/\\\/informelitoral.com.ar\\\/\",\"name\":\"Informe Litoral\",\"description\":\"&quot;Nos informamos&quot; \",\"publisher\":{\"@id\":\"https:\\\/\\\/informelitoral.com.ar\\\/#organization\"},\"potentialAction\":[{\"@type\":\"SearchAction\",\"target\":{\"@type\":\"EntryPoint\",\"urlTemplate\":\"https:\\\/\\\/informelitoral.com.ar\\\/?s={search_term_string}\"},\"query-input\":{\"@type\":\"PropertyValueSpecification\",\"valueRequired\":true,\"valueName\":\"search_term_string\"}}],\"inLanguage\":\"es\"},{\"@type\":\"Organization\",\"@id\":\"https:\\\/\\\/informelitoral.com.ar\\\/#organization\",\"name\":\"Informe Litoral\",\"url\":\"https:\\\/\\\/informelitoral.com.ar\\\/\",\"logo\":{\"@type\":\"ImageObject\",\"inLanguage\":\"es\",\"@id\":\"https:\\\/\\\/informelitoral.com.ar\\\/#\\\/schema\\\/logo\\\/image\\\/\",\"url\":\"https:\\\/\\\/informelitoral.com.ar\\\/%77%70%2d%63%6f%6e%74%65%6e%74\\\/uploads\\\/2021\\\/01\\\/circulo.png\",\"contentUrl\":\"https:\\\/\\\/informelitoral.com.ar\\\/%77%70%2d%63%6f%6e%74%65%6e%74\\\/uploads\\\/2021\\\/01\\\/circulo.png\",\"width\":723,\"height\":731,\"caption\":\"Informe Litoral\"},\"image\":{\"@id\":\"https:\\\/\\\/informelitoral.com.ar\\\/#\\\/schema\\\/logo\\\/image\\\/\"},\"sameAs\":[\"https:\\\/\\\/www.facebook.com\\\/informelitoral\\\/\",\"https:\\\/\\\/x.com\\\/InformeLitoral\",\"https:\\\/\\\/www.instagram.com\\\/informelitoral\\\/\",\"https:\\\/\\\/www.youtube.com\\\/channel\\\/UCua4Qvz8Icb6MYqhoq9xLXw\"]},{\"@type\":\"Person\",\"@id\":\"https:\\\/\\\/informelitoral.com.ar\\\/#\\\/schema\\\/person\\\/b9d00407c836482871ef1d57bf8e3180\",\"name\":\"Gonzalo Schmidt\",\"image\":{\"@type\":\"ImageObject\",\"inLanguage\":\"es\",\"@id\":\"https:\\\/\\\/secure.gravatar.com\\\/avatar\\\/31a1a7b66ff2de83bd0e9fd79d026630d2d99e55e8bfe501287647b4fd9743de?s=96&d=mm&r=g\",\"url\":\"https:\\\/\\\/secure.gravatar.com\\\/avatar\\\/31a1a7b66ff2de83bd0e9fd79d026630d2d99e55e8bfe501287647b4fd9743de?s=96&d=mm&r=g\",\"contentUrl\":\"https:\\\/\\\/secure.gravatar.com\\\/avatar\\\/31a1a7b66ff2de83bd0e9fd79d026630d2d99e55e8bfe501287647b4fd9743de?s=96&d=mm&r=g\",\"caption\":\"Gonzalo Schmidt\"},\"description\":\"Sitio web de noticias de la provincia de Entre R\u00edos, Argentina. Informaci\u00f3n y entretenimiento. Informe Litoral, nos informamos.\",\"sameAs\":[\"http:\\\/\\\/www.isletasnoticias.com.ar\"],\"url\":\"https:\\\/\\\/informelitoral.com.ar\\\/author\\\/gonzalo\\\/\"}]}<\/script>","yoast_head_json":{"title":"Horas antes del partido contra Argentina, muri\u00f3 el hermano del t\u00e9cnico de Suiza - Informe Litoral","robots":{"index":"index","follow":"follow","max-snippet":"max-snippet:-1","max-image-preview":"max-image-preview:large","max-video-preview":"max-video-preview:-1"},"canonical":"https:\/\/informelitoral.com.ar\/horas-antes-del-partido-contra-argentina-murio-el-hermano-del-tecnico-de-suiza\/","og_locale":"es_ES","og_type":"article","og_title":"Horas antes del partido contra Argentina, muri\u00f3 el hermano del t\u00e9cnico de Suiza - Informe Litoral","og_description":"La Asociaci&oacute;n Suiza de F&uacute;tbol comunic&oacute; la mala noticia al alem&aacute;n&nbsp;Ottmar Hitzfeld,&nbsp;que hoy debe disputar con su equipo un partido por el pase a los cuartos de final ante el conjunto liderado por&nbsp;Lionel Messi. &laquo;Winfried (81 a&ntilde;os), hermano de Ottmar, muri&oacute; a consecuencia de una leucemia&raquo;, explic&oacute; a un vocero de la ASF, Marco von [&hellip;]","og_url":"https:\/\/informelitoral.com.ar\/horas-antes-del-partido-contra-argentina-murio-el-hermano-del-tecnico-de-suiza\/","og_site_name":"Informe Litoral","article_publisher":"https:\/\/www.facebook.com\/informelitoral\/","article_published_time":"2014-07-01T15:01:25+00:00","article_modified_time":"2014-07-01T15:01:39+00:00","og_image":[{"width":770,"height":433,"url":"https:\/\/informelitoral.com.ar\/%77%70%2d%63%6f%6e%74%65%6e%74\/uploads\/2014\/07\/0011230955.jpg","type":"image\/jpeg"}],"author":"Gonzalo Schmidt","twitter_card":"summary_large_image","twitter_creator":"@InformeLitoral","twitter_site":"@InformeLitoral","twitter_misc":{"Escrito por":"Gonzalo Schmidt","Tiempo de lectura":"3 minutos"},"schema":{"@context":"https:\/\/schema.org","@graph":[{"@type":"Article","@id":"https:\/\/informelitoral.com.ar\/horas-antes-del-partido-contra-argentina-murio-el-hermano-del-tecnico-de-suiza\/#article","isPartOf":{"@id":"https:\/\/informelitoral.com.ar\/horas-antes-del-partido-contra-argentina-murio-el-hermano-del-tecnico-de-suiza\/"},"author":{"name":"Gonzalo Schmidt","@id":"https:\/\/informelitoral.com.ar\/#\/schema\/person\/b9d00407c836482871ef1d57bf8e3180"},"headline":"Horas antes del partido contra Argentina, muri\u00f3 el hermano del t\u00e9cnico de Suiza","datePublished":"2014-07-01T15:01:25+00:00","dateModified":"2014-07-01T15:01:39+00:00","mainEntityOfPage":{"@id":"https:\/\/informelitoral.com.ar\/horas-antes-del-partido-contra-argentina-murio-el-hermano-del-tecnico-de-suiza\/"},"wordCount":596,"commentCount":0,"publisher":{"@id":"https:\/\/informelitoral.com.ar\/#organization"},"image":{"@id":"https:\/\/informelitoral.com.ar\/horas-antes-del-partido-contra-argentina-murio-el-hermano-del-tecnico-de-suiza\/#primaryimage"},"thumbnailUrl":"http:\/\/www.isletasnoticias.com.ar\/%77%70%2d%63%6f%6e%74%65%6e%74\/uploads\/2014\/07\/0011230955-300x168.jpg","articleSection":["Deportes"],"inLanguage":"es","potentialAction":[{"@type":"CommentAction","name":"Comment","target":["https:\/\/informelitoral.com.ar\/horas-antes-del-partido-contra-argentina-murio-el-hermano-del-tecnico-de-suiza\/#respond"]}]},{"@type":"WebPage","@id":"https:\/\/informelitoral.com.ar\/horas-antes-del-partido-contra-argentina-murio-el-hermano-del-tecnico-de-suiza\/","url":"https:\/\/informelitoral.com.ar\/horas-antes-del-partido-contra-argentina-murio-el-hermano-del-tecnico-de-suiza\/","name":"Horas antes del partido contra Argentina, muri\u00f3 el hermano del t\u00e9cnico de Suiza - Informe Litoral","isPartOf":{"@id":"https:\/\/informelitoral.com.ar\/#website"},"primaryImageOfPage":{"@id":"https:\/\/informelitoral.com.ar\/horas-antes-del-partido-contra-argentina-murio-el-hermano-del-tecnico-de-suiza\/#primaryimage"},"image":{"@id":"https:\/\/informelitoral.com.ar\/horas-antes-del-partido-contra-argentina-murio-el-hermano-del-tecnico-de-suiza\/#primaryimage"},"thumbnailUrl":"http:\/\/www.isletasnoticias.com.ar\/%77%70%2d%63%6f%6e%74%65%6e%74\/uploads\/2014\/07\/0011230955-300x168.jpg","datePublished":"2014-07-01T15:01:25+00:00","dateModified":"2014-07-01T15:01:39+00:00","breadcrumb":{"@id":"https:\/\/informelitoral.com.ar\/horas-antes-del-partido-contra-argentina-murio-el-hermano-del-tecnico-de-suiza\/#breadcrumb"},"inLanguage":"es","potentialAction":[{"@type":"ReadAction","target":["https:\/\/informelitoral.com.ar\/horas-antes-del-partido-contra-argentina-murio-el-hermano-del-tecnico-de-suiza\/"]}]},{"@type":"ImageObject","inLanguage":"es","@id":"https:\/\/informelitoral.com.ar\/horas-antes-del-partido-contra-argentina-murio-el-hermano-del-tecnico-de-suiza\/#primaryimage","url":"http:\/\/www.isletasnoticias.com.ar\/%77%70%2d%63%6f%6e%74%65%6e%74\/uploads\/2014\/07\/0011230955-300x168.jpg","contentUrl":"http:\/\/www.isletasnoticias.com.ar\/%77%70%2d%63%6f%6e%74%65%6e%74\/uploads\/2014\/07\/0011230955-300x168.jpg"},{"@type":"BreadcrumbList","@id":"https:\/\/informelitoral.com.ar\/horas-antes-del-partido-contra-argentina-murio-el-hermano-del-tecnico-de-suiza\/#breadcrumb","itemListElement":[{"@type":"ListItem","position":1,"name":"Portada","item":"https:\/\/informelitoral.com.ar\/"},{"@type":"ListItem","position":2,"name":"Horas antes del partido contra Argentina, muri\u00f3 el hermano del t\u00e9cnico de Suiza"}]},{"@type":"WebSite","@id":"https:\/\/informelitoral.com.ar\/#website","url":"https:\/\/informelitoral.com.ar\/","name":"Informe Litoral","description":"&quot;Nos informamos&quot; ","publisher":{"@id":"https:\/\/informelitoral.com.ar\/#organization"},"potentialAction":[{"@type":"SearchAction","target":{"@type":"EntryPoint","urlTemplate":"https:\/\/informelitoral.com.ar\/?s={search_term_string}"},"query-input":{"@type":"PropertyValueSpecification","valueRequired":true,"valueName":"search_term_string"}}],"inLanguage":"es"},{"@type":"Organization","@id":"https:\/\/informelitoral.com.ar\/#organization","name":"Informe Litoral","url":"https:\/\/informelitoral.com.ar\/","logo":{"@type":"ImageObject","inLanguage":"es","@id":"https:\/\/informelitoral.com.ar\/#\/schema\/logo\/image\/","url":"https:\/\/informelitoral.com.ar\/%77%70%2d%63%6f%6e%74%65%6e%74\/uploads\/2021\/01\/circulo.png","contentUrl":"https:\/\/informelitoral.com.ar\/%77%70%2d%63%6f%6e%74%65%6e%74\/uploads\/2021\/01\/circulo.png","width":723,"height":731,"caption":"Informe Litoral"},"image":{"@id":"https:\/\/informelitoral.com.ar\/#\/schema\/logo\/image\/"},"sameAs":["https:\/\/www.facebook.com\/informelitoral\/","https:\/\/x.com\/InformeLitoral","https:\/\/www.instagram.com\/informelitoral\/","https:\/\/www.youtube.com\/channel\/UCua4Qvz8Icb6MYqhoq9xLXw"]},{"@type":"Person","@id":"https:\/\/informelitoral.com.ar\/#\/schema\/person\/b9d00407c836482871ef1d57bf8e3180","name":"Gonzalo Schmidt","image":{"@type":"ImageObject","inLanguage":"es","@id":"https:\/\/secure.gravatar.com\/avatar\/31a1a7b66ff2de83bd0e9fd79d026630d2d99e55e8bfe501287647b4fd9743de?s=96&d=mm&r=g","url":"https:\/\/secure.gravatar.com\/avatar\/31a1a7b66ff2de83bd0e9fd79d026630d2d99e55e8bfe501287647b4fd9743de?s=96&d=mm&r=g","contentUrl":"https:\/\/secure.gravatar.com\/avatar\/31a1a7b66ff2de83bd0e9fd79d026630d2d99e55e8bfe501287647b4fd9743de?s=96&d=mm&r=g","caption":"Gonzalo Schmidt"},"description":"Sitio web de noticias de la provincia de Entre R\u00edos, Argentina. Informaci\u00f3n y entretenimiento. Informe Litoral, nos informamos.","sameAs":["http:\/\/www.isletasnoticias.com.ar"],"url":"https:\/\/informelitoral.com.ar\/author\/gonzalo\/"}]}},"_links":{"self":[{"href":"https:\/\/informelitoral.com.ar\/%77%70%2d%6a%73%6f%6e\/wp\/v2\/posts\/7310","targetHints":{"allow":["GET"]}}],"collection":[{"href":"https:\/\/informelitoral.com.ar\/%77%70%2d%6a%73%6f%6e\/wp\/v2\/posts"}],"about":[{"href":"https:\/\/informelitoral.com.ar\/%77%70%2d%6a%73%6f%6e\/wp\/v2\/types\/post"}],"author":[{"embeddable":true,"href":"https:\/\/informelitoral.com.ar\/%77%70%2d%6a%73%6f%6e\/wp\/v2\/users\/2"}],"replies":[{"embeddable":true,"href":"https:\/\/informelitoral.com.ar\/%77%70%2d%6a%73%6f%6e\/wp\/v2\/comments?post=7310"}],"version-history":[{"count":0,"href":"https:\/\/informelitoral.com.ar\/%77%70%2d%6a%73%6f%6e\/wp\/v2\/posts\/7310\/revisions"}],"wp:attachment":[{"href":"https:\/\/informelitoral.com.ar\/%77%70%2d%6a%73%6f%6e\/wp\/v2\/media?parent=7310"}],"wp:term":[{"taxonomy":"category","embeddable":true,"href":"https:\/\/informelitoral.com.ar\/%77%70%2d%6a%73%6f%6e\/wp\/v2\/categories?post=7310"},{"taxonomy":"post_tag","embeddable":true,"href":"https:\/\/informelitoral.com.ar\/%77%70%2d%6a%73%6f%6e\/wp\/v2\/tags?post=7310"}],"curies":[{"name":"wp","href":"https:\/\/api.w.org\/{rel}","templated":true}]}}