{"id":731,"date":"2013-04-03T23:54:08","date_gmt":"2013-04-04T02:54:08","guid":{"rendered":"http:\/\/www.isletasnoticias.com.ar\/?p=731"},"modified":"2013-04-03T23:54:08","modified_gmt":"2013-04-04T02:54:08","slug":"ramirez-el-sabado-robaron-en-un-comercio-de-calle-belgrano","status":"publish","type":"post","link":"https:\/\/informelitoral.com.ar\/ramirez-el-sabado-robaron-en-un-comercio-de-calle-belgrano\/","title":{"rendered":"Ram\u00edrez: el s\u00e1bado robaron en un comercio de calle Belgrano"},"content":{"rendered":"<p><strong>Los ladrones rompieron la vidriera de Cr\u00e9dito Argentino y se llevaron dos notebooks. Hasta el momento no fueron localizados los autores del hecho, que sucedi\u00f3 aproximadamente a las 05:30 del s\u00e1bado.\u00a0<\/strong><\/p>\n<p><img loading=\"lazy\" decoding=\"async\" class=\"size-medium wp-image-732 aligncenter\" title=\"Estado en que qued\u00f3 la vidriera del local, momentos despu\u00e9s del robo\" alt=\"vidriera\" src=\"http:\/\/www.isletasnoticias.com.ar\/%77%70%2d%63%6f%6e%74%65%6e%74\/uploads\/2013\/04\/vidriera-300x224.jpg\" width=\"300\" height=\"224\" srcset=\"https:\/\/informelitoral.com.ar\/%77%70%2d%63%6f%6e%74%65%6e%74\/uploads\/2013\/04\/vidriera-300x224.jpg 300w, https:\/\/informelitoral.com.ar\/%77%70%2d%63%6f%6e%74%65%6e%74\/uploads\/2013\/04\/vidriera-1024x768.jpg 1024w\" sizes=\"auto, (max-width: 300px) 100vw, 300px\" \/><\/p>\n<p>Siendo aproximadamente las 05:30 del s\u00e1bado 31 de marzo,\u00a0en la Comisar\u00eda de Ram\u00edrez, se recibi\u00f3 un llamado telef\u00f3nico de una empresa de seguridad, la cual informaba que se encontraba activada la alarma en el comercio Cr\u00e9dito Argentino, de calle Belgrano 389. Una vez en el lugar, el personal policial se encontr\u00f3 con la vidriera rota, por lo que se dio aviso a la encargada de la sucursal, \u00a0<em>\u00abquien al hacerse presente constat\u00f3 la faltante de dos noteboks, que estaban en exhibici\u00f3n, siendo las mismas propiedad de la casa comercial Compusol, tambi\u00e9n de esta localidad\u00bb<\/em>. Indicaron fuentes policiales.<\/p>\n<p>Por el hecho, se iniciaron las actuaciones prevencionales correspondientes, con conocimiento del Juzgado de Instrucci\u00f3n de Diamante, aunque hasta el momento no hay detenidos. \u00a0La dependencia policial se encuentra abocada a la b\u00fasqueda de los delincuentes o posibles testigos del hecho.<\/p>\n","protected":false},"excerpt":{"rendered":"<p>Los ladrones rompieron la vidriera de Cr&eacute;dito Argentino y se llevaron dos notebooks. Hasta el momento no fueron localizados los autores del hecho, que sucedi&oacute; aproximadamente a las 05:30 del s&aacute;bado.&nbsp; Siendo aproximadamente las 05:30 del s&aacute;bado 31 de marzo,&nbsp;en la Comisar&iacute;a de Ram&iacute;rez, se recibi&oacute; un llamado telef&oacute;nico de una empresa de seguridad, la [&hellip;]<\/p>\n","protected":false},"author":2,"featured_media":0,"comment_status":"open","ping_status":"open","sticky":false,"template":"","format":"standard","meta":{"fifu_image_url":"","fifu_image_alt":"","footnotes":""},"categories":[5,14],"tags":[],"class_list":{"0":"post-731","1":"post","2":"type-post","3":"status-publish","4":"format-standard","6":"category-zonales","7":"category-policiales"},"yoast_head":"<title>Ram\u00edrez: el s\u00e1bado robaron en un comercio de calle Belgrano - Informe Litoral<\/title>\n<meta name=\"robots\" content=\"index, follow, max-snippet:-1, max-image-preview:large, max-video-preview:-1\" \/>\n<link rel=\"canonical\" href=\"https:\/\/informelitoral.com.ar\/ramirez-el-sabado-robaron-en-un-comercio-de-calle-belgrano\/\" \/>\n<meta property=\"og:locale\" content=\"es_ES\" \/>\n<meta property=\"og:type\" content=\"article\" \/>\n<meta property=\"og:title\" content=\"Ram\u00edrez: el s\u00e1bado robaron en un comercio de calle Belgrano - Informe Litoral\" \/>\n<meta property=\"og:description\" content=\"Los ladrones rompieron la vidriera de Cr&eacute;dito Argentino y se llevaron dos notebooks. Hasta el momento no fueron localizados los autores del hecho, que sucedi&oacute; aproximadamente a las 05:30 del s&aacute;bado.&nbsp; Siendo aproximadamente las 05:30 del s&aacute;bado 31 de marzo,&nbsp;en la Comisar&iacute;a de Ram&iacute;rez, se recibi&oacute; un llamado telef&oacute;nico de una empresa de seguridad, la [&hellip;]\" \/>\n<meta property=\"og:url\" content=\"https:\/\/informelitoral.com.ar\/ramirez-el-sabado-robaron-en-un-comercio-de-calle-belgrano\/\" \/>\n<meta property=\"og:site_name\" content=\"Informe Litoral\" \/>\n<meta property=\"article:publisher\" content=\"https:\/\/www.facebook.com\/informelitoral\/\" \/>\n<meta property=\"article:published_time\" content=\"2013-04-04T02:54:08+00:00\" \/>\n<meta property=\"og:image\" content=\"https:\/\/informelitoral.com.ar\/%77%70%2d%63%6f%6e%74%65%6e%74\/uploads\/2013\/04\/vidriera.jpg\" \/>\n\t<meta property=\"og:image:width\" content=\"4288\" \/>\n\t<meta property=\"og:image:height\" content=\"3216\" \/>\n\t<meta property=\"og:image:type\" content=\"image\/jpeg\" \/>\n<meta name=\"author\" content=\"Gonzalo Schmidt\" \/>\n<meta name=\"twitter:card\" content=\"summary_large_image\" \/>\n<meta name=\"twitter:creator\" content=\"@InformeLitoral\" \/>\n<meta name=\"twitter:site\" content=\"@InformeLitoral\" \/>\n<meta name=\"twitter:label1\" content=\"Escrito por\" \/>\n\t<meta name=\"twitter:data1\" content=\"Gonzalo Schmidt\" \/>\n\t<meta name=\"twitter:label2\" content=\"Tiempo de lectura\" \/>\n\t<meta name=\"twitter:data2\" content=\"1 minuto\" \/>\n<script type=\"application\/ld+json\" class=\"yoast-schema-graph\">{\"@context\":\"https:\\\/\\\/schema.org\",\"@graph\":[{\"@type\":\"Article\",\"@id\":\"https:\\\/\\\/informelitoral.com.ar\\\/ramirez-el-sabado-robaron-en-un-comercio-de-calle-belgrano\\\/#article\",\"isPartOf\":{\"@id\":\"https:\\\/\\\/informelitoral.com.ar\\\/ramirez-el-sabado-robaron-en-un-comercio-de-calle-belgrano\\\/\"},\"author\":{\"name\":\"Gonzalo Schmidt\",\"@id\":\"https:\\\/\\\/informelitoral.com.ar\\\/#\\\/schema\\\/person\\\/b9d00407c836482871ef1d57bf8e3180\"},\"headline\":\"Ram\u00edrez: el s\u00e1bado robaron en un comercio de calle Belgrano\",\"datePublished\":\"2013-04-04T02:54:08+00:00\",\"mainEntityOfPage\":{\"@id\":\"https:\\\/\\\/informelitoral.com.ar\\\/ramirez-el-sabado-robaron-en-un-comercio-de-calle-belgrano\\\/\"},\"wordCount\":189,\"commentCount\":0,\"publisher\":{\"@id\":\"https:\\\/\\\/informelitoral.com.ar\\\/#organization\"},\"image\":{\"@id\":\"https:\\\/\\\/informelitoral.com.ar\\\/ramirez-el-sabado-robaron-en-un-comercio-de-calle-belgrano\\\/#primaryimage\"},\"thumbnailUrl\":\"http:\\\/\\\/www.isletasnoticias.com.ar\\\/%77%70%2d%63%6f%6e%74%65%6e%74\\\/uploads\\\/2013\\\/04\\\/vidriera-300x224.jpg\",\"articleSection\":[\"Departamento Diamante\",\"Policiales\"],\"inLanguage\":\"es\",\"potentialAction\":[{\"@type\":\"CommentAction\",\"name\":\"Comment\",\"target\":[\"https:\\\/\\\/informelitoral.com.ar\\\/ramirez-el-sabado-robaron-en-un-comercio-de-calle-belgrano\\\/#respond\"]}]},{\"@type\":\"WebPage\",\"@id\":\"https:\\\/\\\/informelitoral.com.ar\\\/ramirez-el-sabado-robaron-en-un-comercio-de-calle-belgrano\\\/\",\"url\":\"https:\\\/\\\/informelitoral.com.ar\\\/ramirez-el-sabado-robaron-en-un-comercio-de-calle-belgrano\\\/\",\"name\":\"Ram\u00edrez: el s\u00e1bado robaron en un comercio de calle Belgrano - Informe Litoral\",\"isPartOf\":{\"@id\":\"https:\\\/\\\/informelitoral.com.ar\\\/#website\"},\"primaryImageOfPage\":{\"@id\":\"https:\\\/\\\/informelitoral.com.ar\\\/ramirez-el-sabado-robaron-en-un-comercio-de-calle-belgrano\\\/#primaryimage\"},\"image\":{\"@id\":\"https:\\\/\\\/informelitoral.com.ar\\\/ramirez-el-sabado-robaron-en-un-comercio-de-calle-belgrano\\\/#primaryimage\"},\"thumbnailUrl\":\"http:\\\/\\\/www.isletasnoticias.com.ar\\\/%77%70%2d%63%6f%6e%74%65%6e%74\\\/uploads\\\/2013\\\/04\\\/vidriera-300x224.jpg\",\"datePublished\":\"2013-04-04T02:54:08+00:00\",\"breadcrumb\":{\"@id\":\"https:\\\/\\\/informelitoral.com.ar\\\/ramirez-el-sabado-robaron-en-un-comercio-de-calle-belgrano\\\/#breadcrumb\"},\"inLanguage\":\"es\",\"potentialAction\":[{\"@type\":\"ReadAction\",\"target\":[\"https:\\\/\\\/informelitoral.com.ar\\\/ramirez-el-sabado-robaron-en-un-comercio-de-calle-belgrano\\\/\"]}]},{\"@type\":\"ImageObject\",\"inLanguage\":\"es\",\"@id\":\"https:\\\/\\\/informelitoral.com.ar\\\/ramirez-el-sabado-robaron-en-un-comercio-de-calle-belgrano\\\/#primaryimage\",\"url\":\"http:\\\/\\\/www.isletasnoticias.com.ar\\\/%77%70%2d%63%6f%6e%74%65%6e%74\\\/uploads\\\/2013\\\/04\\\/vidriera-300x224.jpg\",\"contentUrl\":\"http:\\\/\\\/www.isletasnoticias.com.ar\\\/%77%70%2d%63%6f%6e%74%65%6e%74\\\/uploads\\\/2013\\\/04\\\/vidriera-300x224.jpg\"},{\"@type\":\"BreadcrumbList\",\"@id\":\"https:\\\/\\\/informelitoral.com.ar\\\/ramirez-el-sabado-robaron-en-un-comercio-de-calle-belgrano\\\/#breadcrumb\",\"itemListElement\":[{\"@type\":\"ListItem\",\"position\":1,\"name\":\"Portada\",\"item\":\"https:\\\/\\\/informelitoral.com.ar\\\/\"},{\"@type\":\"ListItem\",\"position\":2,\"name\":\"Ram\u00edrez: el s\u00e1bado robaron en un comercio de calle Belgrano\"}]},{\"@type\":\"WebSite\",\"@id\":\"https:\\\/\\\/informelitoral.com.ar\\\/#website\",\"url\":\"https:\\\/\\\/informelitoral.com.ar\\\/\",\"name\":\"Informe Litoral\",\"description\":\"&quot;Nos informamos&quot; \",\"publisher\":{\"@id\":\"https:\\\/\\\/informelitoral.com.ar\\\/#organization\"},\"potentialAction\":[{\"@type\":\"SearchAction\",\"target\":{\"@type\":\"EntryPoint\",\"urlTemplate\":\"https:\\\/\\\/informelitoral.com.ar\\\/?s={search_term_string}\"},\"query-input\":{\"@type\":\"PropertyValueSpecification\",\"valueRequired\":true,\"valueName\":\"search_term_string\"}}],\"inLanguage\":\"es\"},{\"@type\":\"Organization\",\"@id\":\"https:\\\/\\\/informelitoral.com.ar\\\/#organization\",\"name\":\"Informe Litoral\",\"url\":\"https:\\\/\\\/informelitoral.com.ar\\\/\",\"logo\":{\"@type\":\"ImageObject\",\"inLanguage\":\"es\",\"@id\":\"https:\\\/\\\/informelitoral.com.ar\\\/#\\\/schema\\\/logo\\\/image\\\/\",\"url\":\"https:\\\/\\\/informelitoral.com.ar\\\/%77%70%2d%63%6f%6e%74%65%6e%74\\\/uploads\\\/2021\\\/01\\\/circulo.png\",\"contentUrl\":\"https:\\\/\\\/informelitoral.com.ar\\\/%77%70%2d%63%6f%6e%74%65%6e%74\\\/uploads\\\/2021\\\/01\\\/circulo.png\",\"width\":723,\"height\":731,\"caption\":\"Informe Litoral\"},\"image\":{\"@id\":\"https:\\\/\\\/informelitoral.com.ar\\\/#\\\/schema\\\/logo\\\/image\\\/\"},\"sameAs\":[\"https:\\\/\\\/www.facebook.com\\\/informelitoral\\\/\",\"https:\\\/\\\/x.com\\\/InformeLitoral\",\"https:\\\/\\\/www.instagram.com\\\/informelitoral\\\/\",\"https:\\\/\\\/www.youtube.com\\\/channel\\\/UCua4Qvz8Icb6MYqhoq9xLXw\"]},{\"@type\":\"Person\",\"@id\":\"https:\\\/\\\/informelitoral.com.ar\\\/#\\\/schema\\\/person\\\/b9d00407c836482871ef1d57bf8e3180\",\"name\":\"Gonzalo Schmidt\",\"image\":{\"@type\":\"ImageObject\",\"inLanguage\":\"es\",\"@id\":\"https:\\\/\\\/secure.gravatar.com\\\/avatar\\\/31a1a7b66ff2de83bd0e9fd79d026630d2d99e55e8bfe501287647b4fd9743de?s=96&d=mm&r=g\",\"url\":\"https:\\\/\\\/secure.gravatar.com\\\/avatar\\\/31a1a7b66ff2de83bd0e9fd79d026630d2d99e55e8bfe501287647b4fd9743de?s=96&d=mm&r=g\",\"contentUrl\":\"https:\\\/\\\/secure.gravatar.com\\\/avatar\\\/31a1a7b66ff2de83bd0e9fd79d026630d2d99e55e8bfe501287647b4fd9743de?s=96&d=mm&r=g\",\"caption\":\"Gonzalo Schmidt\"},\"description\":\"Sitio web de noticias de la provincia de Entre R\u00edos, Argentina. Informaci\u00f3n y entretenimiento. Informe Litoral, nos informamos.\",\"sameAs\":[\"http:\\\/\\\/www.isletasnoticias.com.ar\"],\"url\":\"https:\\\/\\\/informelitoral.com.ar\\\/author\\\/gonzalo\\\/\"}]}<\/script>","yoast_head_json":{"title":"Ram\u00edrez: el s\u00e1bado robaron en un comercio de calle Belgrano - Informe Litoral","robots":{"index":"index","follow":"follow","max-snippet":"max-snippet:-1","max-image-preview":"max-image-preview:large","max-video-preview":"max-video-preview:-1"},"canonical":"https:\/\/informelitoral.com.ar\/ramirez-el-sabado-robaron-en-un-comercio-de-calle-belgrano\/","og_locale":"es_ES","og_type":"article","og_title":"Ram\u00edrez: el s\u00e1bado robaron en un comercio de calle Belgrano - Informe Litoral","og_description":"Los ladrones rompieron la vidriera de Cr&eacute;dito Argentino y se llevaron dos notebooks. Hasta el momento no fueron localizados los autores del hecho, que sucedi&oacute; aproximadamente a las 05:30 del s&aacute;bado.&nbsp; Siendo aproximadamente las 05:30 del s&aacute;bado 31 de marzo,&nbsp;en la Comisar&iacute;a de Ram&iacute;rez, se recibi&oacute; un llamado telef&oacute;nico de una empresa de seguridad, la [&hellip;]","og_url":"https:\/\/informelitoral.com.ar\/ramirez-el-sabado-robaron-en-un-comercio-de-calle-belgrano\/","og_site_name":"Informe Litoral","article_publisher":"https:\/\/www.facebook.com\/informelitoral\/","article_published_time":"2013-04-04T02:54:08+00:00","og_image":[{"width":4288,"height":3216,"url":"https:\/\/informelitoral.com.ar\/%77%70%2d%63%6f%6e%74%65%6e%74\/uploads\/2013\/04\/vidriera.jpg","type":"image\/jpeg"}],"author":"Gonzalo Schmidt","twitter_card":"summary_large_image","twitter_creator":"@InformeLitoral","twitter_site":"@InformeLitoral","twitter_misc":{"Escrito por":"Gonzalo Schmidt","Tiempo de lectura":"1 minuto"},"schema":{"@context":"https:\/\/schema.org","@graph":[{"@type":"Article","@id":"https:\/\/informelitoral.com.ar\/ramirez-el-sabado-robaron-en-un-comercio-de-calle-belgrano\/#article","isPartOf":{"@id":"https:\/\/informelitoral.com.ar\/ramirez-el-sabado-robaron-en-un-comercio-de-calle-belgrano\/"},"author":{"name":"Gonzalo Schmidt","@id":"https:\/\/informelitoral.com.ar\/#\/schema\/person\/b9d00407c836482871ef1d57bf8e3180"},"headline":"Ram\u00edrez: el s\u00e1bado robaron en un comercio de calle Belgrano","datePublished":"2013-04-04T02:54:08+00:00","mainEntityOfPage":{"@id":"https:\/\/informelitoral.com.ar\/ramirez-el-sabado-robaron-en-un-comercio-de-calle-belgrano\/"},"wordCount":189,"commentCount":0,"publisher":{"@id":"https:\/\/informelitoral.com.ar\/#organization"},"image":{"@id":"https:\/\/informelitoral.com.ar\/ramirez-el-sabado-robaron-en-un-comercio-de-calle-belgrano\/#primaryimage"},"thumbnailUrl":"http:\/\/www.isletasnoticias.com.ar\/%77%70%2d%63%6f%6e%74%65%6e%74\/uploads\/2013\/04\/vidriera-300x224.jpg","articleSection":["Departamento Diamante","Policiales"],"inLanguage":"es","potentialAction":[{"@type":"CommentAction","name":"Comment","target":["https:\/\/informelitoral.com.ar\/ramirez-el-sabado-robaron-en-un-comercio-de-calle-belgrano\/#respond"]}]},{"@type":"WebPage","@id":"https:\/\/informelitoral.com.ar\/ramirez-el-sabado-robaron-en-un-comercio-de-calle-belgrano\/","url":"https:\/\/informelitoral.com.ar\/ramirez-el-sabado-robaron-en-un-comercio-de-calle-belgrano\/","name":"Ram\u00edrez: el s\u00e1bado robaron en un comercio de calle Belgrano - Informe Litoral","isPartOf":{"@id":"https:\/\/informelitoral.com.ar\/#website"},"primaryImageOfPage":{"@id":"https:\/\/informelitoral.com.ar\/ramirez-el-sabado-robaron-en-un-comercio-de-calle-belgrano\/#primaryimage"},"image":{"@id":"https:\/\/informelitoral.com.ar\/ramirez-el-sabado-robaron-en-un-comercio-de-calle-belgrano\/#primaryimage"},"thumbnailUrl":"http:\/\/www.isletasnoticias.com.ar\/%77%70%2d%63%6f%6e%74%65%6e%74\/uploads\/2013\/04\/vidriera-300x224.jpg","datePublished":"2013-04-04T02:54:08+00:00","breadcrumb":{"@id":"https:\/\/informelitoral.com.ar\/ramirez-el-sabado-robaron-en-un-comercio-de-calle-belgrano\/#breadcrumb"},"inLanguage":"es","potentialAction":[{"@type":"ReadAction","target":["https:\/\/informelitoral.com.ar\/ramirez-el-sabado-robaron-en-un-comercio-de-calle-belgrano\/"]}]},{"@type":"ImageObject","inLanguage":"es","@id":"https:\/\/informelitoral.com.ar\/ramirez-el-sabado-robaron-en-un-comercio-de-calle-belgrano\/#primaryimage","url":"http:\/\/www.isletasnoticias.com.ar\/%77%70%2d%63%6f%6e%74%65%6e%74\/uploads\/2013\/04\/vidriera-300x224.jpg","contentUrl":"http:\/\/www.isletasnoticias.com.ar\/%77%70%2d%63%6f%6e%74%65%6e%74\/uploads\/2013\/04\/vidriera-300x224.jpg"},{"@type":"BreadcrumbList","@id":"https:\/\/informelitoral.com.ar\/ramirez-el-sabado-robaron-en-un-comercio-de-calle-belgrano\/#breadcrumb","itemListElement":[{"@type":"ListItem","position":1,"name":"Portada","item":"https:\/\/informelitoral.com.ar\/"},{"@type":"ListItem","position":2,"name":"Ram\u00edrez: el s\u00e1bado robaron en un comercio de calle Belgrano"}]},{"@type":"WebSite","@id":"https:\/\/informelitoral.com.ar\/#website","url":"https:\/\/informelitoral.com.ar\/","name":"Informe Litoral","description":"&quot;Nos informamos&quot; ","publisher":{"@id":"https:\/\/informelitoral.com.ar\/#organization"},"potentialAction":[{"@type":"SearchAction","target":{"@type":"EntryPoint","urlTemplate":"https:\/\/informelitoral.com.ar\/?s={search_term_string}"},"query-input":{"@type":"PropertyValueSpecification","valueRequired":true,"valueName":"search_term_string"}}],"inLanguage":"es"},{"@type":"Organization","@id":"https:\/\/informelitoral.com.ar\/#organization","name":"Informe Litoral","url":"https:\/\/informelitoral.com.ar\/","logo":{"@type":"ImageObject","inLanguage":"es","@id":"https:\/\/informelitoral.com.ar\/#\/schema\/logo\/image\/","url":"https:\/\/informelitoral.com.ar\/%77%70%2d%63%6f%6e%74%65%6e%74\/uploads\/2021\/01\/circulo.png","contentUrl":"https:\/\/informelitoral.com.ar\/%77%70%2d%63%6f%6e%74%65%6e%74\/uploads\/2021\/01\/circulo.png","width":723,"height":731,"caption":"Informe Litoral"},"image":{"@id":"https:\/\/informelitoral.com.ar\/#\/schema\/logo\/image\/"},"sameAs":["https:\/\/www.facebook.com\/informelitoral\/","https:\/\/x.com\/InformeLitoral","https:\/\/www.instagram.com\/informelitoral\/","https:\/\/www.youtube.com\/channel\/UCua4Qvz8Icb6MYqhoq9xLXw"]},{"@type":"Person","@id":"https:\/\/informelitoral.com.ar\/#\/schema\/person\/b9d00407c836482871ef1d57bf8e3180","name":"Gonzalo Schmidt","image":{"@type":"ImageObject","inLanguage":"es","@id":"https:\/\/secure.gravatar.com\/avatar\/31a1a7b66ff2de83bd0e9fd79d026630d2d99e55e8bfe501287647b4fd9743de?s=96&d=mm&r=g","url":"https:\/\/secure.gravatar.com\/avatar\/31a1a7b66ff2de83bd0e9fd79d026630d2d99e55e8bfe501287647b4fd9743de?s=96&d=mm&r=g","contentUrl":"https:\/\/secure.gravatar.com\/avatar\/31a1a7b66ff2de83bd0e9fd79d026630d2d99e55e8bfe501287647b4fd9743de?s=96&d=mm&r=g","caption":"Gonzalo Schmidt"},"description":"Sitio web de noticias de la provincia de Entre R\u00edos, Argentina. Informaci\u00f3n y entretenimiento. Informe Litoral, nos informamos.","sameAs":["http:\/\/www.isletasnoticias.com.ar"],"url":"https:\/\/informelitoral.com.ar\/author\/gonzalo\/"}]}},"_links":{"self":[{"href":"https:\/\/informelitoral.com.ar\/%77%70%2d%6a%73%6f%6e\/wp\/v2\/posts\/731","targetHints":{"allow":["GET"]}}],"collection":[{"href":"https:\/\/informelitoral.com.ar\/%77%70%2d%6a%73%6f%6e\/wp\/v2\/posts"}],"about":[{"href":"https:\/\/informelitoral.com.ar\/%77%70%2d%6a%73%6f%6e\/wp\/v2\/types\/post"}],"author":[{"embeddable":true,"href":"https:\/\/informelitoral.com.ar\/%77%70%2d%6a%73%6f%6e\/wp\/v2\/users\/2"}],"replies":[{"embeddable":true,"href":"https:\/\/informelitoral.com.ar\/%77%70%2d%6a%73%6f%6e\/wp\/v2\/comments?post=731"}],"version-history":[{"count":0,"href":"https:\/\/informelitoral.com.ar\/%77%70%2d%6a%73%6f%6e\/wp\/v2\/posts\/731\/revisions"}],"wp:attachment":[{"href":"https:\/\/informelitoral.com.ar\/%77%70%2d%6a%73%6f%6e\/wp\/v2\/media?parent=731"}],"wp:term":[{"taxonomy":"category","embeddable":true,"href":"https:\/\/informelitoral.com.ar\/%77%70%2d%6a%73%6f%6e\/wp\/v2\/categories?post=731"},{"taxonomy":"post_tag","embeddable":true,"href":"https:\/\/informelitoral.com.ar\/%77%70%2d%6a%73%6f%6e\/wp\/v2\/tags?post=731"}],"curies":[{"name":"wp","href":"https:\/\/api.w.org\/{rel}","templated":true}]}}