{"id":73070,"date":"2022-03-09T18:55:21","date_gmt":"2022-03-09T21:55:21","guid":{"rendered":"https:\/\/www.informelitoral.com.ar\/?p=73070"},"modified":"2022-03-09T19:56:13","modified_gmt":"2022-03-09T22:56:13","slug":"se-suspendio-la-noche-de-los-templos-en-el-marco-del-ramirez-festeja","status":"publish","type":"post","link":"https:\/\/informelitoral.com.ar\/se-suspendio-la-noche-de-los-templos-en-el-marco-del-ramirez-festeja\/","title":{"rendered":"Se suspendi\u00f3 la Noche de los Templos en el marco del Ram\u00edrez Festeja"},"content":{"rendered":"<p>Se suspendi\u00f3 la<strong> Noche de los Templos<\/strong>, una tradicional actividad en el marco del <strong><em><a href=\"https:\/\/www.informelitoral.com.ar\/ramirez-festeja-cada-vez-mas-cerca\/\">Ram\u00edrez Festeja.<\/a><\/em><\/strong> La decisi\u00f3n se tom\u00f3 debido a las lluvias que afectan la regi\u00f3n.<\/p>\n<p>Se trataba de un recorrido hist\u00f3rico-cultural y de Fe, que consiste en visitar distintas iglesias de la ciudad. Este a\u00f1o se iba a incorporar una posta en la antigua Sinagoga, (calle Belgrano, actual veterinaria de Cooperativa La Ganadera). All\u00ed se ten\u00eda previsto presentar un trabajo de investigaci\u00f3n hist\u00f3rica sobre la comunidad jud\u00eda, llevado adelante por estudiantes del Instituto de Educaci\u00f3n Secundaria Jes\u00fas de Nazareth.<\/p>\n<p>Las tr\u00e1ffic municipales iban a salir desde Belgrano 431 a las 20:15.<\/p>\n<h3><strong>Cronograma del recorrido que se debi\u00f3 suspender\u00a0<\/strong><\/h3>\n<p>20.30 horas \u2013 Iglesia Sagrado Coraz\u00f3n de Jes\u00fas<br \/>\n20.50 horas \u2013 Ex Sinagoga sobre calle Belgrano (veterinaria \u201cLa Ganadera\u201d).<br \/>\n21.10 horas \u2013 Iglesia Vida Eterna<br \/>\n21.30 horas \u2013 Nueva Obra Evang\u00e9lica<br \/>\n21.50 horas \u2013 Congregaci\u00f3n Evang\u00e9lica Bautista<br \/>\n22.10 horas \u2013 Iglesia Comunidad Cristiana<br \/>\n22.30 horas \u2013 Iglesia Adventista del 7\u00ba D\u00eda<br \/>\n22.50 horas &#8211; Fundaci\u00f3n Hogar de Restauraci\u00f3n Espiritual<br \/>\n23.10 horas &#8211; Congregaci\u00f3n Evang\u00e9lica Alemana<\/p>\n<p>Al finalizar el recorrido se iba a realizar un agasajo en la Congregaci\u00f3n Evang\u00e9lica Alemana culminando con una bendici\u00f3n por la ciudad.<\/p>\n<p><a href=\"https:\/\/www.informelitoral.com.ar\/%77%70%2d%63%6f%6e%74%65%6e%74\/uploads\/2022\/03\/275232434_343038641196521_4197206171736288437_n.jpg\"><img loading=\"lazy\" decoding=\"async\" class=\"aligncenter wp-image-73071 size-full\" src=\"https:\/\/www.informelitoral.com.ar\/%77%70%2d%63%6f%6e%74%65%6e%74\/uploads\/2022\/03\/275232434_343038641196521_4197206171736288437_n.jpg\" alt=\"\" width=\"2048\" height=\"2048\" srcset=\"https:\/\/informelitoral.com.ar\/%77%70%2d%63%6f%6e%74%65%6e%74\/uploads\/2022\/03\/275232434_343038641196521_4197206171736288437_n.jpg 2048w, https:\/\/informelitoral.com.ar\/%77%70%2d%63%6f%6e%74%65%6e%74\/uploads\/2022\/03\/275232434_343038641196521_4197206171736288437_n-300x300.jpg 300w, https:\/\/informelitoral.com.ar\/%77%70%2d%63%6f%6e%74%65%6e%74\/uploads\/2022\/03\/275232434_343038641196521_4197206171736288437_n-1024x1024.jpg 1024w, https:\/\/informelitoral.com.ar\/%77%70%2d%63%6f%6e%74%65%6e%74\/uploads\/2022\/03\/275232434_343038641196521_4197206171736288437_n-150x150.jpg 150w, https:\/\/informelitoral.com.ar\/%77%70%2d%63%6f%6e%74%65%6e%74\/uploads\/2022\/03\/275232434_343038641196521_4197206171736288437_n-768x768.jpg 768w, https:\/\/informelitoral.com.ar\/%77%70%2d%63%6f%6e%74%65%6e%74\/uploads\/2022\/03\/275232434_343038641196521_4197206171736288437_n-1536x1536.jpg 1536w, https:\/\/informelitoral.com.ar\/%77%70%2d%63%6f%6e%74%65%6e%74\/uploads\/2022\/03\/275232434_343038641196521_4197206171736288437_n-696x696.jpg 696w, https:\/\/informelitoral.com.ar\/%77%70%2d%63%6f%6e%74%65%6e%74\/uploads\/2022\/03\/275232434_343038641196521_4197206171736288437_n-1068x1068.jpg 1068w, https:\/\/informelitoral.com.ar\/%77%70%2d%63%6f%6e%74%65%6e%74\/uploads\/2022\/03\/275232434_343038641196521_4197206171736288437_n-1920x1920.jpg 1920w, https:\/\/informelitoral.com.ar\/%77%70%2d%63%6f%6e%74%65%6e%74\/uploads\/2022\/03\/275232434_343038641196521_4197206171736288437_n-420x420.jpg 420w\" sizes=\"auto, (max-width: 2048px) 100vw, 2048px\" \/><\/a><\/p>\n","protected":false},"excerpt":{"rendered":"<p>Es debido a la lluvia que afecta la regi\u00f3n. Se trataba de un recorrido Hist\u00f3rico-Cultural y de Fe, que consiste en visitar distintas iglesias de la ciudad. El cronograma que ten\u00edan previsto. <\/p>\n","protected":false},"author":2,"featured_media":73072,"comment_status":"open","ping_status":"open","sticky":false,"template":"","format":"standard","meta":{"fifu_image_url":"","fifu_image_alt":"","footnotes":""},"categories":[5],"tags":[556,27,1286],"class_list":{"0":"post-73070","1":"post","2":"type-post","3":"status-publish","4":"format-standard","5":"has-post-thumbnail","7":"category-zonales","8":"tag-general-ramirez","9":"tag-ramirez","10":"tag-ramirez-festeja"},"yoast_head":"<title>Se suspendi\u00f3 la Noche de los Templos en el marco del Ram\u00edrez Festeja - Informe Litoral<\/title>\n<meta name=\"robots\" content=\"index, follow, max-snippet:-1, max-image-preview:large, max-video-preview:-1\" \/>\n<link rel=\"canonical\" href=\"https:\/\/informelitoral.com.ar\/se-suspendio-la-noche-de-los-templos-en-el-marco-del-ramirez-festeja\/\" \/>\n<meta property=\"og:locale\" content=\"es_ES\" \/>\n<meta property=\"og:type\" content=\"article\" \/>\n<meta property=\"og:title\" content=\"Se suspendi\u00f3 la Noche de los Templos en el marco del Ram\u00edrez Festeja - Informe Litoral\" \/>\n<meta property=\"og:description\" content=\"Es debido a la lluvia que afecta la regi\u00f3n. Se trataba de un recorrido Hist\u00f3rico-Cultural y de Fe, que consiste en visitar distintas iglesias de la ciudad. El cronograma que ten\u00edan previsto.\" \/>\n<meta property=\"og:url\" content=\"https:\/\/informelitoral.com.ar\/se-suspendio-la-noche-de-los-templos-en-el-marco-del-ramirez-festeja\/\" \/>\n<meta property=\"og:site_name\" content=\"Informe Litoral\" \/>\n<meta property=\"article:publisher\" content=\"https:\/\/www.facebook.com\/informelitoral\/\" \/>\n<meta property=\"article:published_time\" content=\"2022-03-09T21:55:21+00:00\" \/>\n<meta property=\"article:modified_time\" content=\"2022-03-09T22:56:13+00:00\" \/>\n<meta property=\"og:image\" content=\"https:\/\/informelitoral.com.ar\/%77%70%2d%63%6f%6e%74%65%6e%74\/uploads\/2022\/03\/195024966_4063909270321880_5579671523012252953_n.jpg\" \/>\n\t<meta property=\"og:image:width\" content=\"960\" \/>\n\t<meta property=\"og:image:height\" content=\"720\" \/>\n\t<meta property=\"og:image:type\" content=\"image\/jpeg\" \/>\n<meta name=\"author\" content=\"Gonzalo Schmidt\" \/>\n<meta name=\"twitter:card\" content=\"summary_large_image\" \/>\n<meta name=\"twitter:creator\" content=\"@InformeLitoral\" \/>\n<meta name=\"twitter:site\" content=\"@InformeLitoral\" \/>\n<meta name=\"twitter:label1\" content=\"Escrito por\" \/>\n\t<meta name=\"twitter:data1\" content=\"Gonzalo Schmidt\" \/>\n\t<meta name=\"twitter:label2\" content=\"Tiempo de lectura\" \/>\n\t<meta name=\"twitter:data2\" content=\"1 minuto\" \/>\n<script type=\"application\/ld+json\" class=\"yoast-schema-graph\">{\"@context\":\"https:\\\/\\\/schema.org\",\"@graph\":[{\"@type\":\"Article\",\"@id\":\"https:\\\/\\\/informelitoral.com.ar\\\/se-suspendio-la-noche-de-los-templos-en-el-marco-del-ramirez-festeja\\\/#article\",\"isPartOf\":{\"@id\":\"https:\\\/\\\/informelitoral.com.ar\\\/se-suspendio-la-noche-de-los-templos-en-el-marco-del-ramirez-festeja\\\/\"},\"author\":{\"name\":\"Gonzalo Schmidt\",\"@id\":\"https:\\\/\\\/informelitoral.com.ar\\\/#\\\/schema\\\/person\\\/b9d00407c836482871ef1d57bf8e3180\"},\"headline\":\"Se suspendi\u00f3 la Noche de los Templos en el marco del Ram\u00edrez Festeja\",\"datePublished\":\"2022-03-09T21:55:21+00:00\",\"dateModified\":\"2022-03-09T22:56:13+00:00\",\"mainEntityOfPage\":{\"@id\":\"https:\\\/\\\/informelitoral.com.ar\\\/se-suspendio-la-noche-de-los-templos-en-el-marco-del-ramirez-festeja\\\/\"},\"wordCount\":218,\"commentCount\":0,\"publisher\":{\"@id\":\"https:\\\/\\\/informelitoral.com.ar\\\/#organization\"},\"image\":{\"@id\":\"https:\\\/\\\/informelitoral.com.ar\\\/se-suspendio-la-noche-de-los-templos-en-el-marco-del-ramirez-festeja\\\/#primaryimage\"},\"thumbnailUrl\":\"https:\\\/\\\/informelitoral.com.ar\\\/%77%70%2d%63%6f%6e%74%65%6e%74\\\/uploads\\\/2022\\\/03\\\/195024966_4063909270321880_5579671523012252953_n.jpg\",\"keywords\":[\"General Ram\u00edrez\",\"Ram\u00edrez\",\"Ram\u00edrez Festeja\"],\"articleSection\":[\"Departamento Diamante\"],\"inLanguage\":\"es\",\"potentialAction\":[{\"@type\":\"CommentAction\",\"name\":\"Comment\",\"target\":[\"https:\\\/\\\/informelitoral.com.ar\\\/se-suspendio-la-noche-de-los-templos-en-el-marco-del-ramirez-festeja\\\/#respond\"]}]},{\"@type\":\"WebPage\",\"@id\":\"https:\\\/\\\/informelitoral.com.ar\\\/se-suspendio-la-noche-de-los-templos-en-el-marco-del-ramirez-festeja\\\/\",\"url\":\"https:\\\/\\\/informelitoral.com.ar\\\/se-suspendio-la-noche-de-los-templos-en-el-marco-del-ramirez-festeja\\\/\",\"name\":\"Se suspendi\u00f3 la Noche de los Templos en el marco del Ram\u00edrez Festeja - Informe Litoral\",\"isPartOf\":{\"@id\":\"https:\\\/\\\/informelitoral.com.ar\\\/#website\"},\"primaryImageOfPage\":{\"@id\":\"https:\\\/\\\/informelitoral.com.ar\\\/se-suspendio-la-noche-de-los-templos-en-el-marco-del-ramirez-festeja\\\/#primaryimage\"},\"image\":{\"@id\":\"https:\\\/\\\/informelitoral.com.ar\\\/se-suspendio-la-noche-de-los-templos-en-el-marco-del-ramirez-festeja\\\/#primaryimage\"},\"thumbnailUrl\":\"https:\\\/\\\/informelitoral.com.ar\\\/%77%70%2d%63%6f%6e%74%65%6e%74\\\/uploads\\\/2022\\\/03\\\/195024966_4063909270321880_5579671523012252953_n.jpg\",\"datePublished\":\"2022-03-09T21:55:21+00:00\",\"dateModified\":\"2022-03-09T22:56:13+00:00\",\"breadcrumb\":{\"@id\":\"https:\\\/\\\/informelitoral.com.ar\\\/se-suspendio-la-noche-de-los-templos-en-el-marco-del-ramirez-festeja\\\/#breadcrumb\"},\"inLanguage\":\"es\",\"potentialAction\":[{\"@type\":\"ReadAction\",\"target\":[\"https:\\\/\\\/informelitoral.com.ar\\\/se-suspendio-la-noche-de-los-templos-en-el-marco-del-ramirez-festeja\\\/\"]}]},{\"@type\":\"ImageObject\",\"inLanguage\":\"es\",\"@id\":\"https:\\\/\\\/informelitoral.com.ar\\\/se-suspendio-la-noche-de-los-templos-en-el-marco-del-ramirez-festeja\\\/#primaryimage\",\"url\":\"https:\\\/\\\/informelitoral.com.ar\\\/%77%70%2d%63%6f%6e%74%65%6e%74\\\/uploads\\\/2022\\\/03\\\/195024966_4063909270321880_5579671523012252953_n.jpg\",\"contentUrl\":\"https:\\\/\\\/informelitoral.com.ar\\\/%77%70%2d%63%6f%6e%74%65%6e%74\\\/uploads\\\/2022\\\/03\\\/195024966_4063909270321880_5579671523012252953_n.jpg\",\"width\":960,\"height\":720,\"caption\":\"Imagen ilustrativa. An\u00edbal Erbes.\"},{\"@type\":\"BreadcrumbList\",\"@id\":\"https:\\\/\\\/informelitoral.com.ar\\\/se-suspendio-la-noche-de-los-templos-en-el-marco-del-ramirez-festeja\\\/#breadcrumb\",\"itemListElement\":[{\"@type\":\"ListItem\",\"position\":1,\"name\":\"Portada\",\"item\":\"https:\\\/\\\/informelitoral.com.ar\\\/\"},{\"@type\":\"ListItem\",\"position\":2,\"name\":\"Se suspendi\u00f3 la Noche de los Templos en el marco del Ram\u00edrez Festeja\"}]},{\"@type\":\"WebSite\",\"@id\":\"https:\\\/\\\/informelitoral.com.ar\\\/#website\",\"url\":\"https:\\\/\\\/informelitoral.com.ar\\\/\",\"name\":\"Informe Litoral\",\"description\":\"&quot;Nos informamos&quot; \",\"publisher\":{\"@id\":\"https:\\\/\\\/informelitoral.com.ar\\\/#organization\"},\"potentialAction\":[{\"@type\":\"SearchAction\",\"target\":{\"@type\":\"EntryPoint\",\"urlTemplate\":\"https:\\\/\\\/informelitoral.com.ar\\\/?s={search_term_string}\"},\"query-input\":{\"@type\":\"PropertyValueSpecification\",\"valueRequired\":true,\"valueName\":\"search_term_string\"}}],\"inLanguage\":\"es\"},{\"@type\":\"Organization\",\"@id\":\"https:\\\/\\\/informelitoral.com.ar\\\/#organization\",\"name\":\"Informe Litoral\",\"url\":\"https:\\\/\\\/informelitoral.com.ar\\\/\",\"logo\":{\"@type\":\"ImageObject\",\"inLanguage\":\"es\",\"@id\":\"https:\\\/\\\/informelitoral.com.ar\\\/#\\\/schema\\\/logo\\\/image\\\/\",\"url\":\"https:\\\/\\\/informelitoral.com.ar\\\/%77%70%2d%63%6f%6e%74%65%6e%74\\\/uploads\\\/2021\\\/01\\\/circulo.png\",\"contentUrl\":\"https:\\\/\\\/informelitoral.com.ar\\\/%77%70%2d%63%6f%6e%74%65%6e%74\\\/uploads\\\/2021\\\/01\\\/circulo.png\",\"width\":723,\"height\":731,\"caption\":\"Informe Litoral\"},\"image\":{\"@id\":\"https:\\\/\\\/informelitoral.com.ar\\\/#\\\/schema\\\/logo\\\/image\\\/\"},\"sameAs\":[\"https:\\\/\\\/www.facebook.com\\\/informelitoral\\\/\",\"https:\\\/\\\/x.com\\\/InformeLitoral\",\"https:\\\/\\\/www.instagram.com\\\/informelitoral\\\/\",\"https:\\\/\\\/www.youtube.com\\\/channel\\\/UCua4Qvz8Icb6MYqhoq9xLXw\"]},{\"@type\":\"Person\",\"@id\":\"https:\\\/\\\/informelitoral.com.ar\\\/#\\\/schema\\\/person\\\/b9d00407c836482871ef1d57bf8e3180\",\"name\":\"Gonzalo Schmidt\",\"image\":{\"@type\":\"ImageObject\",\"inLanguage\":\"es\",\"@id\":\"https:\\\/\\\/secure.gravatar.com\\\/avatar\\\/31a1a7b66ff2de83bd0e9fd79d026630d2d99e55e8bfe501287647b4fd9743de?s=96&d=mm&r=g\",\"url\":\"https:\\\/\\\/secure.gravatar.com\\\/avatar\\\/31a1a7b66ff2de83bd0e9fd79d026630d2d99e55e8bfe501287647b4fd9743de?s=96&d=mm&r=g\",\"contentUrl\":\"https:\\\/\\\/secure.gravatar.com\\\/avatar\\\/31a1a7b66ff2de83bd0e9fd79d026630d2d99e55e8bfe501287647b4fd9743de?s=96&d=mm&r=g\",\"caption\":\"Gonzalo Schmidt\"},\"description\":\"Sitio web de noticias de la provincia de Entre R\u00edos, Argentina. Informaci\u00f3n y entretenimiento. Informe Litoral, nos informamos.\",\"sameAs\":[\"http:\\\/\\\/www.isletasnoticias.com.ar\"],\"url\":\"https:\\\/\\\/informelitoral.com.ar\\\/author\\\/gonzalo\\\/\"}]}<\/script>","yoast_head_json":{"title":"Se suspendi\u00f3 la Noche de los Templos en el marco del Ram\u00edrez Festeja - Informe Litoral","robots":{"index":"index","follow":"follow","max-snippet":"max-snippet:-1","max-image-preview":"max-image-preview:large","max-video-preview":"max-video-preview:-1"},"canonical":"https:\/\/informelitoral.com.ar\/se-suspendio-la-noche-de-los-templos-en-el-marco-del-ramirez-festeja\/","og_locale":"es_ES","og_type":"article","og_title":"Se suspendi\u00f3 la Noche de los Templos en el marco del Ram\u00edrez Festeja - Informe Litoral","og_description":"Es debido a la lluvia que afecta la regi\u00f3n. Se trataba de un recorrido Hist\u00f3rico-Cultural y de Fe, que consiste en visitar distintas iglesias de la ciudad. El cronograma que ten\u00edan previsto.","og_url":"https:\/\/informelitoral.com.ar\/se-suspendio-la-noche-de-los-templos-en-el-marco-del-ramirez-festeja\/","og_site_name":"Informe Litoral","article_publisher":"https:\/\/www.facebook.com\/informelitoral\/","article_published_time":"2022-03-09T21:55:21+00:00","article_modified_time":"2022-03-09T22:56:13+00:00","og_image":[{"width":960,"height":720,"url":"https:\/\/informelitoral.com.ar\/%77%70%2d%63%6f%6e%74%65%6e%74\/uploads\/2022\/03\/195024966_4063909270321880_5579671523012252953_n.jpg","type":"image\/jpeg"}],"author":"Gonzalo Schmidt","twitter_card":"summary_large_image","twitter_creator":"@InformeLitoral","twitter_site":"@InformeLitoral","twitter_misc":{"Escrito por":"Gonzalo Schmidt","Tiempo de lectura":"1 minuto"},"schema":{"@context":"https:\/\/schema.org","@graph":[{"@type":"Article","@id":"https:\/\/informelitoral.com.ar\/se-suspendio-la-noche-de-los-templos-en-el-marco-del-ramirez-festeja\/#article","isPartOf":{"@id":"https:\/\/informelitoral.com.ar\/se-suspendio-la-noche-de-los-templos-en-el-marco-del-ramirez-festeja\/"},"author":{"name":"Gonzalo Schmidt","@id":"https:\/\/informelitoral.com.ar\/#\/schema\/person\/b9d00407c836482871ef1d57bf8e3180"},"headline":"Se suspendi\u00f3 la Noche de los Templos en el marco del Ram\u00edrez Festeja","datePublished":"2022-03-09T21:55:21+00:00","dateModified":"2022-03-09T22:56:13+00:00","mainEntityOfPage":{"@id":"https:\/\/informelitoral.com.ar\/se-suspendio-la-noche-de-los-templos-en-el-marco-del-ramirez-festeja\/"},"wordCount":218,"commentCount":0,"publisher":{"@id":"https:\/\/informelitoral.com.ar\/#organization"},"image":{"@id":"https:\/\/informelitoral.com.ar\/se-suspendio-la-noche-de-los-templos-en-el-marco-del-ramirez-festeja\/#primaryimage"},"thumbnailUrl":"https:\/\/informelitoral.com.ar\/%77%70%2d%63%6f%6e%74%65%6e%74\/uploads\/2022\/03\/195024966_4063909270321880_5579671523012252953_n.jpg","keywords":["General Ram\u00edrez","Ram\u00edrez","Ram\u00edrez Festeja"],"articleSection":["Departamento Diamante"],"inLanguage":"es","potentialAction":[{"@type":"CommentAction","name":"Comment","target":["https:\/\/informelitoral.com.ar\/se-suspendio-la-noche-de-los-templos-en-el-marco-del-ramirez-festeja\/#respond"]}]},{"@type":"WebPage","@id":"https:\/\/informelitoral.com.ar\/se-suspendio-la-noche-de-los-templos-en-el-marco-del-ramirez-festeja\/","url":"https:\/\/informelitoral.com.ar\/se-suspendio-la-noche-de-los-templos-en-el-marco-del-ramirez-festeja\/","name":"Se suspendi\u00f3 la Noche de los Templos en el marco del Ram\u00edrez Festeja - Informe Litoral","isPartOf":{"@id":"https:\/\/informelitoral.com.ar\/#website"},"primaryImageOfPage":{"@id":"https:\/\/informelitoral.com.ar\/se-suspendio-la-noche-de-los-templos-en-el-marco-del-ramirez-festeja\/#primaryimage"},"image":{"@id":"https:\/\/informelitoral.com.ar\/se-suspendio-la-noche-de-los-templos-en-el-marco-del-ramirez-festeja\/#primaryimage"},"thumbnailUrl":"https:\/\/informelitoral.com.ar\/%77%70%2d%63%6f%6e%74%65%6e%74\/uploads\/2022\/03\/195024966_4063909270321880_5579671523012252953_n.jpg","datePublished":"2022-03-09T21:55:21+00:00","dateModified":"2022-03-09T22:56:13+00:00","breadcrumb":{"@id":"https:\/\/informelitoral.com.ar\/se-suspendio-la-noche-de-los-templos-en-el-marco-del-ramirez-festeja\/#breadcrumb"},"inLanguage":"es","potentialAction":[{"@type":"ReadAction","target":["https:\/\/informelitoral.com.ar\/se-suspendio-la-noche-de-los-templos-en-el-marco-del-ramirez-festeja\/"]}]},{"@type":"ImageObject","inLanguage":"es","@id":"https:\/\/informelitoral.com.ar\/se-suspendio-la-noche-de-los-templos-en-el-marco-del-ramirez-festeja\/#primaryimage","url":"https:\/\/informelitoral.com.ar\/%77%70%2d%63%6f%6e%74%65%6e%74\/uploads\/2022\/03\/195024966_4063909270321880_5579671523012252953_n.jpg","contentUrl":"https:\/\/informelitoral.com.ar\/%77%70%2d%63%6f%6e%74%65%6e%74\/uploads\/2022\/03\/195024966_4063909270321880_5579671523012252953_n.jpg","width":960,"height":720,"caption":"Imagen ilustrativa. An\u00edbal Erbes."},{"@type":"BreadcrumbList","@id":"https:\/\/informelitoral.com.ar\/se-suspendio-la-noche-de-los-templos-en-el-marco-del-ramirez-festeja\/#breadcrumb","itemListElement":[{"@type":"ListItem","position":1,"name":"Portada","item":"https:\/\/informelitoral.com.ar\/"},{"@type":"ListItem","position":2,"name":"Se suspendi\u00f3 la Noche de los Templos en el marco del Ram\u00edrez Festeja"}]},{"@type":"WebSite","@id":"https:\/\/informelitoral.com.ar\/#website","url":"https:\/\/informelitoral.com.ar\/","name":"Informe Litoral","description":"&quot;Nos informamos&quot; ","publisher":{"@id":"https:\/\/informelitoral.com.ar\/#organization"},"potentialAction":[{"@type":"SearchAction","target":{"@type":"EntryPoint","urlTemplate":"https:\/\/informelitoral.com.ar\/?s={search_term_string}"},"query-input":{"@type":"PropertyValueSpecification","valueRequired":true,"valueName":"search_term_string"}}],"inLanguage":"es"},{"@type":"Organization","@id":"https:\/\/informelitoral.com.ar\/#organization","name":"Informe Litoral","url":"https:\/\/informelitoral.com.ar\/","logo":{"@type":"ImageObject","inLanguage":"es","@id":"https:\/\/informelitoral.com.ar\/#\/schema\/logo\/image\/","url":"https:\/\/informelitoral.com.ar\/%77%70%2d%63%6f%6e%74%65%6e%74\/uploads\/2021\/01\/circulo.png","contentUrl":"https:\/\/informelitoral.com.ar\/%77%70%2d%63%6f%6e%74%65%6e%74\/uploads\/2021\/01\/circulo.png","width":723,"height":731,"caption":"Informe Litoral"},"image":{"@id":"https:\/\/informelitoral.com.ar\/#\/schema\/logo\/image\/"},"sameAs":["https:\/\/www.facebook.com\/informelitoral\/","https:\/\/x.com\/InformeLitoral","https:\/\/www.instagram.com\/informelitoral\/","https:\/\/www.youtube.com\/channel\/UCua4Qvz8Icb6MYqhoq9xLXw"]},{"@type":"Person","@id":"https:\/\/informelitoral.com.ar\/#\/schema\/person\/b9d00407c836482871ef1d57bf8e3180","name":"Gonzalo Schmidt","image":{"@type":"ImageObject","inLanguage":"es","@id":"https:\/\/secure.gravatar.com\/avatar\/31a1a7b66ff2de83bd0e9fd79d026630d2d99e55e8bfe501287647b4fd9743de?s=96&d=mm&r=g","url":"https:\/\/secure.gravatar.com\/avatar\/31a1a7b66ff2de83bd0e9fd79d026630d2d99e55e8bfe501287647b4fd9743de?s=96&d=mm&r=g","contentUrl":"https:\/\/secure.gravatar.com\/avatar\/31a1a7b66ff2de83bd0e9fd79d026630d2d99e55e8bfe501287647b4fd9743de?s=96&d=mm&r=g","caption":"Gonzalo Schmidt"},"description":"Sitio web de noticias de la provincia de Entre R\u00edos, Argentina. Informaci\u00f3n y entretenimiento. Informe Litoral, nos informamos.","sameAs":["http:\/\/www.isletasnoticias.com.ar"],"url":"https:\/\/informelitoral.com.ar\/author\/gonzalo\/"}]}},"_links":{"self":[{"href":"https:\/\/informelitoral.com.ar\/%77%70%2d%6a%73%6f%6e\/wp\/v2\/posts\/73070","targetHints":{"allow":["GET"]}}],"collection":[{"href":"https:\/\/informelitoral.com.ar\/%77%70%2d%6a%73%6f%6e\/wp\/v2\/posts"}],"about":[{"href":"https:\/\/informelitoral.com.ar\/%77%70%2d%6a%73%6f%6e\/wp\/v2\/types\/post"}],"author":[{"embeddable":true,"href":"https:\/\/informelitoral.com.ar\/%77%70%2d%6a%73%6f%6e\/wp\/v2\/users\/2"}],"replies":[{"embeddable":true,"href":"https:\/\/informelitoral.com.ar\/%77%70%2d%6a%73%6f%6e\/wp\/v2\/comments?post=73070"}],"version-history":[{"count":0,"href":"https:\/\/informelitoral.com.ar\/%77%70%2d%6a%73%6f%6e\/wp\/v2\/posts\/73070\/revisions"}],"wp:featuredmedia":[{"embeddable":true,"href":"https:\/\/informelitoral.com.ar\/%77%70%2d%6a%73%6f%6e\/wp\/v2\/media\/73072"}],"wp:attachment":[{"href":"https:\/\/informelitoral.com.ar\/%77%70%2d%6a%73%6f%6e\/wp\/v2\/media?parent=73070"}],"wp:term":[{"taxonomy":"category","embeddable":true,"href":"https:\/\/informelitoral.com.ar\/%77%70%2d%6a%73%6f%6e\/wp\/v2\/categories?post=73070"},{"taxonomy":"post_tag","embeddable":true,"href":"https:\/\/informelitoral.com.ar\/%77%70%2d%6a%73%6f%6e\/wp\/v2\/tags?post=73070"}],"curies":[{"name":"wp","href":"https:\/\/api.w.org\/{rel}","templated":true}]}}