{"id":73064,"date":"2022-03-09T18:11:38","date_gmt":"2022-03-09T21:11:38","guid":{"rendered":"https:\/\/www.informelitoral.com.ar\/?p=73064"},"modified":"2022-03-09T18:11:38","modified_gmt":"2022-03-09T21:11:38","slug":"el-presidente-firmo-acuerdos-de-cooperacion-con-su-par-de-republica-dominicana","status":"publish","type":"post","link":"https:\/\/informelitoral.com.ar\/el-presidente-firmo-acuerdos-de-cooperacion-con-su-par-de-republica-dominicana\/","title":{"rendered":"El Presidente firm\u00f3 acuerdos de cooperaci\u00f3n con su par de Rep\u00fablica Dominicana"},"content":{"rendered":"<p>El presidente Alberto Fern\u00e1ndez recibi\u00f3 este mediod\u00eda en la Casa Rosada a su par de Rep\u00fablica Dominicana, Luis Abinader Corona, con quien comparti\u00f3 un almuerzo de trabajo y encabez\u00f3 la firma de una declaraci\u00f3n conjunta para promover el desarrollo hidrocarbur\u00edfero entre ambos pa\u00edses, entre otros acuerdos productivos y de cooperaci\u00f3n sanitaria.<\/p>\n<p>\u00abCon el Presidente tenemos una mirada com\u00fan sobre los problemas que enfrentan el mundo y la regi\u00f3n, y pudimos corroborar a lo largo de este tiempo de conversaci\u00f3n que esas preocupaciones tienen que ver con la necesidad de lograr una mejor hermandad entre los pueblos de Latinoam\u00e9rica y el Caribe, y definitivamente llegar al desarrollo social que nuestros pueblos necesitan\u00bb, explic\u00f3 el mandatario argentino en declaraciones a la prensa que brind\u00f3 junto a Abinader Corona, en el Sal\u00f3n Blanco de la Casa de Gobierno.<\/p>\n<p>Y destac\u00f3 asimismo las \u00abenormes coincidencias\u00bb en temas de la agenda bilateral e internacional, as\u00ed como las oportunidades que existen para incrementar las inversiones y el comercio bilateral de servicios como el desarrollo tecnol\u00f3gico y satelital.<br \/>\n\u00abPara nosotros ser\u00eda un enorme placer poder trabajar con ustedes a trav\u00e9s del INVAP y desde las universidades nacionales que est\u00e1n trabajando en esta materia\u00bb, precis\u00f3 al respecto Fern\u00e1ndez y a\u00f1adi\u00f3: \u00abCreemos que tanto los sat\u00e9lites que ya Argentina tiene en funcionamiento como los que vamos a construir a partir de ahora pueden servir mucho para prepararnos ante el cambio clim\u00e1tico en Centroam\u00e9rica y el Caribe\u00bb.<\/p>\n<p>En tanto, Abinader resalt\u00f3 \u00abque los acuerdos bilaterales han sido extendidos a otras \u00e1reas que van a ser de mucha importancia para la Rep\u00fablica Dominicana, y en colaboraci\u00f3n con la tecnolog\u00eda de punta argentina\u00bb.<br \/>\nY remarc\u00f3, puntualmente, \u00abque la asesor\u00eda para la industria vin\u00edcola va a ser de gran ayuda\u00bb para Rep\u00fablica Dominicana, en tanto que inform\u00f3 que \u00aben el caso del acuerdo en materia de trasplantes empezaremos por el \u00e1rea pedi\u00e1trica, pero vamos a extenderla a otras \u00e1reas para salvar cada vez m\u00e1s vidas\u00bb.<\/p>\n<p>Luego de mantener un encuentro bilateral, Fern\u00e1ndez, junto a la primera dama, Fabiola Ya\u00f1ez, ofreci\u00f3 a su par y la primera dama de Rep\u00fablica Dominicana un almuerzo en el Sal\u00f3n Eva Per\u00f3n.<br \/>\nAcompa\u00f1aron al mandatario argentino durante la actividad los ministros de Relaciones Exteriores, Comercio Internacional y Culto, Santiago Cafiero; Salud, Carla Vizzotti; Agricultura, Ganader\u00eda y Pesca, Juli\u00e1n Dom\u00ednguez; y el presidente de la C\u00e1mara de Diputados de la Naci\u00f3n, Sergio Massa.<\/p>\n<p>Durante la ceremonia, la jefa de la cartera sanitaria suscribi\u00f3 la hoja de ruta para la implementaci\u00f3n de un convenio de cooperaci\u00f3n y asistencia t\u00e9cnica entre el Instituto Nacional Central \u00danico Coordinador de Ablaci\u00f3n e Implante de la Argentina (INCUCAI) y el Instituto Nacional de Coordinaci\u00f3n de Trasplantes de Rep\u00fablica Dominicana (INCORT), con el objetivo de avanzar en un programa de trasplante hep\u00e1tico pedi\u00e1trico en ese pa\u00eds, y que fue suscrito en enero de este a\u00f1o.<br \/>\nEn tanto, el ministro de Agricultura, Ganader\u00eda y Pesca, Juli\u00e1n Dom\u00ednguez, firm\u00f3 un acuerdo de cooperaci\u00f3n t\u00e9cnica para mejorar las pr\u00e1cticas en producci\u00f3n vin\u00edcola entre ambos pa\u00edses, y un Memor\u00e1ndum de Entendimiento en materia sanitaria y fitosanitaria.<\/p>\n<p>Durante la audiencia previa con Abinader Corona, Fern\u00e1ndez valor\u00f3 el accionar de Cascos Blancos en materia de asistencia humanitaria y expres\u00f3 la voluntad de profundizar el intercambio y cooperaci\u00f3n en la relaci\u00f3n bilateral y con la regi\u00f3n en general.<br \/>\nAgradeci\u00f3 asimismo el apoyo recibido para su asunci\u00f3n como Presidente Pro Tempore de la CELAC, as\u00ed como tambi\u00e9n el permanente acompa\u00f1amiento en la cuesti\u00f3n Malvinas, tanto a nivel bilateral como en los foros multilaterales.<\/p>\n<p>La comitiva dominicana que lleg\u00f3 anoche al pa\u00eds est\u00e1 integrada por la primera dama, Raquel Arbaje; los ministros de Relaciones Exteriores, Roberto \u00c1lvarez Gil; y de Industria y Comercio y Mipymes, V\u00edctor Bison\u00f3 Haza; el presidente de la Refiner\u00eda Dominicana de Petr\u00f3leo (REFIDOMSA), Leonardo Aguilera; y el embajador en Argentina, Gustavo Enrique Hernando Castillo.<\/p>\n","protected":false},"excerpt":{"rendered":"<p>Alberto Fern\u00e1ndez se\u00f1al\u00f3 el \u00abinter\u00e9s\u00bb del Gobierno argentino en que \u00abla empresa de energ\u00eda nacional de Rep\u00fablica Dominicana trabaje con YPF en la explotaci\u00f3n de Vaca Muerta\u00bb para poder as\u00ed \u00abemprender proyectos conjuntos\u00bb.<\/p>\n","protected":false},"author":8,"featured_media":73066,"comment_status":"open","ping_status":"open","sticky":false,"template":"","format":"standard","meta":{"fifu_image_url":"","fifu_image_alt":"","footnotes":""},"categories":[16],"tags":[2039,1311,3314],"class_list":{"0":"post-73064","1":"post","2":"type-post","3":"status-publish","4":"format-standard","5":"has-post-thumbnail","7":"category-politi","8":"tag-acuerdo","9":"tag-alberto-fernandez","10":"tag-republica-dominicana"},"yoast_head":"<title>El Presidente firm\u00f3 acuerdos de cooperaci\u00f3n con su par de Rep\u00fablica Dominicana - Informe Litoral<\/title>\n<meta name=\"robots\" content=\"index, follow, max-snippet:-1, max-image-preview:large, max-video-preview:-1\" \/>\n<link rel=\"canonical\" href=\"https:\/\/informelitoral.com.ar\/el-presidente-firmo-acuerdos-de-cooperacion-con-su-par-de-republica-dominicana\/\" \/>\n<meta property=\"og:locale\" content=\"es_ES\" \/>\n<meta property=\"og:type\" content=\"article\" \/>\n<meta property=\"og:title\" content=\"El Presidente firm\u00f3 acuerdos de cooperaci\u00f3n con su par de Rep\u00fablica Dominicana - Informe Litoral\" \/>\n<meta property=\"og:description\" content=\"Alberto Fern\u00e1ndez se\u00f1al\u00f3 el &quot;inter\u00e9s&quot; del Gobierno argentino en que &quot;la empresa de energ\u00eda nacional de Rep\u00fablica Dominicana trabaje con YPF en la explotaci\u00f3n de Vaca Muerta&quot; para poder as\u00ed &quot;emprender proyectos conjuntos&quot;.\" \/>\n<meta property=\"og:url\" content=\"https:\/\/informelitoral.com.ar\/el-presidente-firmo-acuerdos-de-cooperacion-con-su-par-de-republica-dominicana\/\" \/>\n<meta property=\"og:site_name\" content=\"Informe Litoral\" \/>\n<meta property=\"article:publisher\" content=\"https:\/\/www.facebook.com\/informelitoral\/\" \/>\n<meta property=\"article:published_time\" content=\"2022-03-09T21:11:38+00:00\" \/>\n<meta property=\"og:image\" content=\"https:\/\/informelitoral.com.ar\/%77%70%2d%63%6f%6e%74%65%6e%74\/uploads\/2022\/03\/o_1646856239.jpg\" \/>\n\t<meta property=\"og:image:width\" content=\"800\" \/>\n\t<meta property=\"og:image:height\" content=\"450\" \/>\n\t<meta property=\"og:image:type\" content=\"image\/jpeg\" \/>\n<meta name=\"author\" content=\"Sebastian\" \/>\n<meta name=\"twitter:card\" content=\"summary_large_image\" \/>\n<meta name=\"twitter:creator\" content=\"@InformeLitoral\" \/>\n<meta name=\"twitter:site\" content=\"@InformeLitoral\" \/>\n<meta name=\"twitter:label1\" content=\"Escrito por\" \/>\n\t<meta name=\"twitter:data1\" content=\"Sebastian\" \/>\n\t<meta name=\"twitter:label2\" content=\"Tiempo de lectura\" \/>\n\t<meta name=\"twitter:data2\" content=\"4 minutos\" \/>\n<script type=\"application\/ld+json\" class=\"yoast-schema-graph\">{\"@context\":\"https:\\\/\\\/schema.org\",\"@graph\":[{\"@type\":\"Article\",\"@id\":\"https:\\\/\\\/informelitoral.com.ar\\\/el-presidente-firmo-acuerdos-de-cooperacion-con-su-par-de-republica-dominicana\\\/#article\",\"isPartOf\":{\"@id\":\"https:\\\/\\\/informelitoral.com.ar\\\/el-presidente-firmo-acuerdos-de-cooperacion-con-su-par-de-republica-dominicana\\\/\"},\"author\":{\"name\":\"Sebastian\",\"@id\":\"https:\\\/\\\/informelitoral.com.ar\\\/#\\\/schema\\\/person\\\/f05f9f461677119578717524b127d6d5\"},\"headline\":\"El Presidente firm\u00f3 acuerdos de cooperaci\u00f3n con su par de Rep\u00fablica Dominicana\",\"datePublished\":\"2022-03-09T21:11:38+00:00\",\"mainEntityOfPage\":{\"@id\":\"https:\\\/\\\/informelitoral.com.ar\\\/el-presidente-firmo-acuerdos-de-cooperacion-con-su-par-de-republica-dominicana\\\/\"},\"wordCount\":720,\"commentCount\":0,\"publisher\":{\"@id\":\"https:\\\/\\\/informelitoral.com.ar\\\/#organization\"},\"image\":{\"@id\":\"https:\\\/\\\/informelitoral.com.ar\\\/el-presidente-firmo-acuerdos-de-cooperacion-con-su-par-de-republica-dominicana\\\/#primaryimage\"},\"thumbnailUrl\":\"https:\\\/\\\/informelitoral.com.ar\\\/%77%70%2d%63%6f%6e%74%65%6e%74\\\/uploads\\\/2022\\\/03\\\/o_1646856239.jpg\",\"keywords\":[\"Acuerdo\",\"Alberto Fern\u00e1ndez\",\"Rep\u00fablica Dominicana\"],\"articleSection\":[\"Politica\"],\"inLanguage\":\"es\",\"potentialAction\":[{\"@type\":\"CommentAction\",\"name\":\"Comment\",\"target\":[\"https:\\\/\\\/informelitoral.com.ar\\\/el-presidente-firmo-acuerdos-de-cooperacion-con-su-par-de-republica-dominicana\\\/#respond\"]}]},{\"@type\":\"WebPage\",\"@id\":\"https:\\\/\\\/informelitoral.com.ar\\\/el-presidente-firmo-acuerdos-de-cooperacion-con-su-par-de-republica-dominicana\\\/\",\"url\":\"https:\\\/\\\/informelitoral.com.ar\\\/el-presidente-firmo-acuerdos-de-cooperacion-con-su-par-de-republica-dominicana\\\/\",\"name\":\"El Presidente firm\u00f3 acuerdos de cooperaci\u00f3n con su par de Rep\u00fablica Dominicana - Informe Litoral\",\"isPartOf\":{\"@id\":\"https:\\\/\\\/informelitoral.com.ar\\\/#website\"},\"primaryImageOfPage\":{\"@id\":\"https:\\\/\\\/informelitoral.com.ar\\\/el-presidente-firmo-acuerdos-de-cooperacion-con-su-par-de-republica-dominicana\\\/#primaryimage\"},\"image\":{\"@id\":\"https:\\\/\\\/informelitoral.com.ar\\\/el-presidente-firmo-acuerdos-de-cooperacion-con-su-par-de-republica-dominicana\\\/#primaryimage\"},\"thumbnailUrl\":\"https:\\\/\\\/informelitoral.com.ar\\\/%77%70%2d%63%6f%6e%74%65%6e%74\\\/uploads\\\/2022\\\/03\\\/o_1646856239.jpg\",\"datePublished\":\"2022-03-09T21:11:38+00:00\",\"breadcrumb\":{\"@id\":\"https:\\\/\\\/informelitoral.com.ar\\\/el-presidente-firmo-acuerdos-de-cooperacion-con-su-par-de-republica-dominicana\\\/#breadcrumb\"},\"inLanguage\":\"es\",\"potentialAction\":[{\"@type\":\"ReadAction\",\"target\":[\"https:\\\/\\\/informelitoral.com.ar\\\/el-presidente-firmo-acuerdos-de-cooperacion-con-su-par-de-republica-dominicana\\\/\"]}]},{\"@type\":\"ImageObject\",\"inLanguage\":\"es\",\"@id\":\"https:\\\/\\\/informelitoral.com.ar\\\/el-presidente-firmo-acuerdos-de-cooperacion-con-su-par-de-republica-dominicana\\\/#primaryimage\",\"url\":\"https:\\\/\\\/informelitoral.com.ar\\\/%77%70%2d%63%6f%6e%74%65%6e%74\\\/uploads\\\/2022\\\/03\\\/o_1646856239.jpg\",\"contentUrl\":\"https:\\\/\\\/informelitoral.com.ar\\\/%77%70%2d%63%6f%6e%74%65%6e%74\\\/uploads\\\/2022\\\/03\\\/o_1646856239.jpg\",\"width\":800,\"height\":450},{\"@type\":\"BreadcrumbList\",\"@id\":\"https:\\\/\\\/informelitoral.com.ar\\\/el-presidente-firmo-acuerdos-de-cooperacion-con-su-par-de-republica-dominicana\\\/#breadcrumb\",\"itemListElement\":[{\"@type\":\"ListItem\",\"position\":1,\"name\":\"Portada\",\"item\":\"https:\\\/\\\/informelitoral.com.ar\\\/\"},{\"@type\":\"ListItem\",\"position\":2,\"name\":\"El Presidente firm\u00f3 acuerdos de cooperaci\u00f3n con su par de Rep\u00fablica Dominicana\"}]},{\"@type\":\"WebSite\",\"@id\":\"https:\\\/\\\/informelitoral.com.ar\\\/#website\",\"url\":\"https:\\\/\\\/informelitoral.com.ar\\\/\",\"name\":\"Informe Litoral\",\"description\":\"&quot;Nos informamos&quot; \",\"publisher\":{\"@id\":\"https:\\\/\\\/informelitoral.com.ar\\\/#organization\"},\"potentialAction\":[{\"@type\":\"SearchAction\",\"target\":{\"@type\":\"EntryPoint\",\"urlTemplate\":\"https:\\\/\\\/informelitoral.com.ar\\\/?s={search_term_string}\"},\"query-input\":{\"@type\":\"PropertyValueSpecification\",\"valueRequired\":true,\"valueName\":\"search_term_string\"}}],\"inLanguage\":\"es\"},{\"@type\":\"Organization\",\"@id\":\"https:\\\/\\\/informelitoral.com.ar\\\/#organization\",\"name\":\"Informe Litoral\",\"url\":\"https:\\\/\\\/informelitoral.com.ar\\\/\",\"logo\":{\"@type\":\"ImageObject\",\"inLanguage\":\"es\",\"@id\":\"https:\\\/\\\/informelitoral.com.ar\\\/#\\\/schema\\\/logo\\\/image\\\/\",\"url\":\"https:\\\/\\\/informelitoral.com.ar\\\/%77%70%2d%63%6f%6e%74%65%6e%74\\\/uploads\\\/2021\\\/01\\\/circulo.png\",\"contentUrl\":\"https:\\\/\\\/informelitoral.com.ar\\\/%77%70%2d%63%6f%6e%74%65%6e%74\\\/uploads\\\/2021\\\/01\\\/circulo.png\",\"width\":723,\"height\":731,\"caption\":\"Informe Litoral\"},\"image\":{\"@id\":\"https:\\\/\\\/informelitoral.com.ar\\\/#\\\/schema\\\/logo\\\/image\\\/\"},\"sameAs\":[\"https:\\\/\\\/www.facebook.com\\\/informelitoral\\\/\",\"https:\\\/\\\/x.com\\\/InformeLitoral\",\"https:\\\/\\\/www.instagram.com\\\/informelitoral\\\/\",\"https:\\\/\\\/www.youtube.com\\\/channel\\\/UCua4Qvz8Icb6MYqhoq9xLXw\"]},{\"@type\":\"Person\",\"@id\":\"https:\\\/\\\/informelitoral.com.ar\\\/#\\\/schema\\\/person\\\/f05f9f461677119578717524b127d6d5\",\"name\":\"Sebastian\",\"image\":{\"@type\":\"ImageObject\",\"inLanguage\":\"es\",\"@id\":\"https:\\\/\\\/secure.gravatar.com\\\/avatar\\\/b71bf7481d447dfb9583c7f2798e7cc64de6efb9067b74633ed8c31059a3bd82?s=96&d=mm&r=g\",\"url\":\"https:\\\/\\\/secure.gravatar.com\\\/avatar\\\/b71bf7481d447dfb9583c7f2798e7cc64de6efb9067b74633ed8c31059a3bd82?s=96&d=mm&r=g\",\"contentUrl\":\"https:\\\/\\\/secure.gravatar.com\\\/avatar\\\/b71bf7481d447dfb9583c7f2798e7cc64de6efb9067b74633ed8c31059a3bd82?s=96&d=mm&r=g\",\"caption\":\"Sebastian\"},\"url\":\"https:\\\/\\\/informelitoral.com.ar\\\/author\\\/sebastian\\\/\"}]}<\/script>","yoast_head_json":{"title":"El Presidente firm\u00f3 acuerdos de cooperaci\u00f3n con su par de Rep\u00fablica Dominicana - Informe Litoral","robots":{"index":"index","follow":"follow","max-snippet":"max-snippet:-1","max-image-preview":"max-image-preview:large","max-video-preview":"max-video-preview:-1"},"canonical":"https:\/\/informelitoral.com.ar\/el-presidente-firmo-acuerdos-de-cooperacion-con-su-par-de-republica-dominicana\/","og_locale":"es_ES","og_type":"article","og_title":"El Presidente firm\u00f3 acuerdos de cooperaci\u00f3n con su par de Rep\u00fablica Dominicana - Informe Litoral","og_description":"Alberto Fern\u00e1ndez se\u00f1al\u00f3 el \"inter\u00e9s\" del Gobierno argentino en que \"la empresa de energ\u00eda nacional de Rep\u00fablica Dominicana trabaje con YPF en la explotaci\u00f3n de Vaca Muerta\" para poder as\u00ed \"emprender proyectos conjuntos\".","og_url":"https:\/\/informelitoral.com.ar\/el-presidente-firmo-acuerdos-de-cooperacion-con-su-par-de-republica-dominicana\/","og_site_name":"Informe Litoral","article_publisher":"https:\/\/www.facebook.com\/informelitoral\/","article_published_time":"2022-03-09T21:11:38+00:00","og_image":[{"width":800,"height":450,"url":"https:\/\/informelitoral.com.ar\/%77%70%2d%63%6f%6e%74%65%6e%74\/uploads\/2022\/03\/o_1646856239.jpg","type":"image\/jpeg"}],"author":"Sebastian","twitter_card":"summary_large_image","twitter_creator":"@InformeLitoral","twitter_site":"@InformeLitoral","twitter_misc":{"Escrito por":"Sebastian","Tiempo de lectura":"4 minutos"},"schema":{"@context":"https:\/\/schema.org","@graph":[{"@type":"Article","@id":"https:\/\/informelitoral.com.ar\/el-presidente-firmo-acuerdos-de-cooperacion-con-su-par-de-republica-dominicana\/#article","isPartOf":{"@id":"https:\/\/informelitoral.com.ar\/el-presidente-firmo-acuerdos-de-cooperacion-con-su-par-de-republica-dominicana\/"},"author":{"name":"Sebastian","@id":"https:\/\/informelitoral.com.ar\/#\/schema\/person\/f05f9f461677119578717524b127d6d5"},"headline":"El Presidente firm\u00f3 acuerdos de cooperaci\u00f3n con su par de Rep\u00fablica Dominicana","datePublished":"2022-03-09T21:11:38+00:00","mainEntityOfPage":{"@id":"https:\/\/informelitoral.com.ar\/el-presidente-firmo-acuerdos-de-cooperacion-con-su-par-de-republica-dominicana\/"},"wordCount":720,"commentCount":0,"publisher":{"@id":"https:\/\/informelitoral.com.ar\/#organization"},"image":{"@id":"https:\/\/informelitoral.com.ar\/el-presidente-firmo-acuerdos-de-cooperacion-con-su-par-de-republica-dominicana\/#primaryimage"},"thumbnailUrl":"https:\/\/informelitoral.com.ar\/%77%70%2d%63%6f%6e%74%65%6e%74\/uploads\/2022\/03\/o_1646856239.jpg","keywords":["Acuerdo","Alberto Fern\u00e1ndez","Rep\u00fablica Dominicana"],"articleSection":["Politica"],"inLanguage":"es","potentialAction":[{"@type":"CommentAction","name":"Comment","target":["https:\/\/informelitoral.com.ar\/el-presidente-firmo-acuerdos-de-cooperacion-con-su-par-de-republica-dominicana\/#respond"]}]},{"@type":"WebPage","@id":"https:\/\/informelitoral.com.ar\/el-presidente-firmo-acuerdos-de-cooperacion-con-su-par-de-republica-dominicana\/","url":"https:\/\/informelitoral.com.ar\/el-presidente-firmo-acuerdos-de-cooperacion-con-su-par-de-republica-dominicana\/","name":"El Presidente firm\u00f3 acuerdos de cooperaci\u00f3n con su par de Rep\u00fablica Dominicana - Informe Litoral","isPartOf":{"@id":"https:\/\/informelitoral.com.ar\/#website"},"primaryImageOfPage":{"@id":"https:\/\/informelitoral.com.ar\/el-presidente-firmo-acuerdos-de-cooperacion-con-su-par-de-republica-dominicana\/#primaryimage"},"image":{"@id":"https:\/\/informelitoral.com.ar\/el-presidente-firmo-acuerdos-de-cooperacion-con-su-par-de-republica-dominicana\/#primaryimage"},"thumbnailUrl":"https:\/\/informelitoral.com.ar\/%77%70%2d%63%6f%6e%74%65%6e%74\/uploads\/2022\/03\/o_1646856239.jpg","datePublished":"2022-03-09T21:11:38+00:00","breadcrumb":{"@id":"https:\/\/informelitoral.com.ar\/el-presidente-firmo-acuerdos-de-cooperacion-con-su-par-de-republica-dominicana\/#breadcrumb"},"inLanguage":"es","potentialAction":[{"@type":"ReadAction","target":["https:\/\/informelitoral.com.ar\/el-presidente-firmo-acuerdos-de-cooperacion-con-su-par-de-republica-dominicana\/"]}]},{"@type":"ImageObject","inLanguage":"es","@id":"https:\/\/informelitoral.com.ar\/el-presidente-firmo-acuerdos-de-cooperacion-con-su-par-de-republica-dominicana\/#primaryimage","url":"https:\/\/informelitoral.com.ar\/%77%70%2d%63%6f%6e%74%65%6e%74\/uploads\/2022\/03\/o_1646856239.jpg","contentUrl":"https:\/\/informelitoral.com.ar\/%77%70%2d%63%6f%6e%74%65%6e%74\/uploads\/2022\/03\/o_1646856239.jpg","width":800,"height":450},{"@type":"BreadcrumbList","@id":"https:\/\/informelitoral.com.ar\/el-presidente-firmo-acuerdos-de-cooperacion-con-su-par-de-republica-dominicana\/#breadcrumb","itemListElement":[{"@type":"ListItem","position":1,"name":"Portada","item":"https:\/\/informelitoral.com.ar\/"},{"@type":"ListItem","position":2,"name":"El Presidente firm\u00f3 acuerdos de cooperaci\u00f3n con su par de Rep\u00fablica Dominicana"}]},{"@type":"WebSite","@id":"https:\/\/informelitoral.com.ar\/#website","url":"https:\/\/informelitoral.com.ar\/","name":"Informe Litoral","description":"&quot;Nos informamos&quot; ","publisher":{"@id":"https:\/\/informelitoral.com.ar\/#organization"},"potentialAction":[{"@type":"SearchAction","target":{"@type":"EntryPoint","urlTemplate":"https:\/\/informelitoral.com.ar\/?s={search_term_string}"},"query-input":{"@type":"PropertyValueSpecification","valueRequired":true,"valueName":"search_term_string"}}],"inLanguage":"es"},{"@type":"Organization","@id":"https:\/\/informelitoral.com.ar\/#organization","name":"Informe Litoral","url":"https:\/\/informelitoral.com.ar\/","logo":{"@type":"ImageObject","inLanguage":"es","@id":"https:\/\/informelitoral.com.ar\/#\/schema\/logo\/image\/","url":"https:\/\/informelitoral.com.ar\/%77%70%2d%63%6f%6e%74%65%6e%74\/uploads\/2021\/01\/circulo.png","contentUrl":"https:\/\/informelitoral.com.ar\/%77%70%2d%63%6f%6e%74%65%6e%74\/uploads\/2021\/01\/circulo.png","width":723,"height":731,"caption":"Informe Litoral"},"image":{"@id":"https:\/\/informelitoral.com.ar\/#\/schema\/logo\/image\/"},"sameAs":["https:\/\/www.facebook.com\/informelitoral\/","https:\/\/x.com\/InformeLitoral","https:\/\/www.instagram.com\/informelitoral\/","https:\/\/www.youtube.com\/channel\/UCua4Qvz8Icb6MYqhoq9xLXw"]},{"@type":"Person","@id":"https:\/\/informelitoral.com.ar\/#\/schema\/person\/f05f9f461677119578717524b127d6d5","name":"Sebastian","image":{"@type":"ImageObject","inLanguage":"es","@id":"https:\/\/secure.gravatar.com\/avatar\/b71bf7481d447dfb9583c7f2798e7cc64de6efb9067b74633ed8c31059a3bd82?s=96&d=mm&r=g","url":"https:\/\/secure.gravatar.com\/avatar\/b71bf7481d447dfb9583c7f2798e7cc64de6efb9067b74633ed8c31059a3bd82?s=96&d=mm&r=g","contentUrl":"https:\/\/secure.gravatar.com\/avatar\/b71bf7481d447dfb9583c7f2798e7cc64de6efb9067b74633ed8c31059a3bd82?s=96&d=mm&r=g","caption":"Sebastian"},"url":"https:\/\/informelitoral.com.ar\/author\/sebastian\/"}]}},"_links":{"self":[{"href":"https:\/\/informelitoral.com.ar\/%77%70%2d%6a%73%6f%6e\/wp\/v2\/posts\/73064","targetHints":{"allow":["GET"]}}],"collection":[{"href":"https:\/\/informelitoral.com.ar\/%77%70%2d%6a%73%6f%6e\/wp\/v2\/posts"}],"about":[{"href":"https:\/\/informelitoral.com.ar\/%77%70%2d%6a%73%6f%6e\/wp\/v2\/types\/post"}],"author":[{"embeddable":true,"href":"https:\/\/informelitoral.com.ar\/%77%70%2d%6a%73%6f%6e\/wp\/v2\/users\/8"}],"replies":[{"embeddable":true,"href":"https:\/\/informelitoral.com.ar\/%77%70%2d%6a%73%6f%6e\/wp\/v2\/comments?post=73064"}],"version-history":[{"count":0,"href":"https:\/\/informelitoral.com.ar\/%77%70%2d%6a%73%6f%6e\/wp\/v2\/posts\/73064\/revisions"}],"wp:featuredmedia":[{"embeddable":true,"href":"https:\/\/informelitoral.com.ar\/%77%70%2d%6a%73%6f%6e\/wp\/v2\/media\/73066"}],"wp:attachment":[{"href":"https:\/\/informelitoral.com.ar\/%77%70%2d%6a%73%6f%6e\/wp\/v2\/media?parent=73064"}],"wp:term":[{"taxonomy":"category","embeddable":true,"href":"https:\/\/informelitoral.com.ar\/%77%70%2d%6a%73%6f%6e\/wp\/v2\/categories?post=73064"},{"taxonomy":"post_tag","embeddable":true,"href":"https:\/\/informelitoral.com.ar\/%77%70%2d%6a%73%6f%6e\/wp\/v2\/tags?post=73064"}],"curies":[{"name":"wp","href":"https:\/\/api.w.org\/{rel}","templated":true}]}}