{"id":73061,"date":"2022-03-09T17:23:04","date_gmt":"2022-03-09T20:23:04","guid":{"rendered":"https:\/\/www.informelitoral.com.ar\/?p=73061"},"modified":"2022-03-09T17:23:04","modified_gmt":"2022-03-09T20:23:04","slug":"bordet-pidio-buena-fe-a-los-gremios-docentes-y-negociar-con-los-chicos-en-las-aulas","status":"publish","type":"post","link":"https:\/\/informelitoral.com.ar\/bordet-pidio-buena-fe-a-los-gremios-docentes-y-negociar-con-los-chicos-en-las-aulas\/","title":{"rendered":"Bordet pidi\u00f3 \u201cbuena fe\u201d a los gremios docentes y negociar \u201ccon los chicos en las aulas\u201d"},"content":{"rendered":"<p>Bordet confirm\u00f3 que \u201clos docentes este a\u00f1o van a ganar por encima de la inflaci\u00f3n\u201d y, en ese marco, inst\u00f3 a los gremios a negociar \u201ccon buena fe\u201d. \u201cDialogamos, pero los chicos tienen que tener clases, sino perjudicamos a nuestros ni\u00f1os, generamos una brecha muy desigual entre la educaci\u00f3n p\u00fablica y la privada que s\u00ed tiene clases porque est\u00e1n concurriendo normalmente; y en la escuela p\u00fablica concurre el 50 por ciento\u201d, advirti\u00f3.<\/p>\n<p>\u201cHemos hecho la mejor propuesta que hay para el sector, que supera la que acord\u00f3 Ctera a nivel nacional. Ac\u00e1 se puede discutir, pero con los chicos en las aulas\u201d, expres\u00f3 este mi\u00e9rcoles Bordet. Adem\u00e1s subray\u00f3 que los gremios \u201cnos pidieron una contrapropuesta, aceptamos los tres puntos que nos plantearon, pero inexplicablemente despu\u00e9s a esos puntos que nos pidieron los rechazaron\u00bb.<\/p>\n<p>\u00abLa verdad, lamento esta situaci\u00f3n porque ac\u00e1 se puede discutir, pero los chicos tienen que estar en las aulas. Nosotros siempre tenemos vocaci\u00f3n de di\u00e1logo y de encontrar la soluci\u00f3n a los conflictos\u201d, agreg\u00f3.<\/p>\n<p>El mandatario manifest\u00f3 que \u201centendemos que hay que ir a una recuperaci\u00f3n del salario, por eso hicimos una oferta realmente importante: estamos hablando de ac\u00e1 a septiembre de desembolsar un 45,45 por ciento de aumento\u201d, de los cuales un 21,21 por ciento se hace en marzo, a lo que se suman tres tramos de 8,08 por ciento y \u201cse revisa en septiembre si la inflaci\u00f3n super\u00f3; se acuerdan otras metas para fin de a\u00f1o\u00bb.<\/p>\n<p>\u201cCreo que tenemos que encontrar este camino de di\u00e1logo; nosotros siempre nos mantenemos dispuestos a seguir conversando, pero mientras haya paros programados para adelante, esto impide y obstaculiza poder encontrar las soluciones que hoy est\u00e1 reclamando nuestro sistema educativo\u201d, enfatiz\u00f3.<\/p>\n<p>En ese marco, advirti\u00f3 que \u00abestamos discutiendo, por lo que mientras no se acepte la propuesta esta no se efectiviza; esto est\u00e1 claro. Y adem\u00e1s se descuentan los d\u00edas de paro, porque es injustificado realizar paros cuando estamos en plena negociaci\u00f3n\u00bb.<\/p>\n","protected":false},"excerpt":{"rendered":"<p>\u00abLa verdad, lamento esta situaci\u00f3n\u201d, expres\u00f3 el gobernador Gustavo Bordet en relaci\u00f3n a los paros determinados por la dirigencia gremial docente. Pidi\u00f3 dialogar \u201cde buena fe\u201d, \u201ccon los chicos en las aulas\u201d, y agradeci\u00f3 a los docentes que fueron a dar clases a pesar de las medidas de fuerza.<\/p>\n","protected":false},"author":8,"featured_media":73062,"comment_status":"open","ping_status":"open","sticky":false,"template":"","format":"standard","meta":{"fifu_image_url":"","fifu_image_alt":"","footnotes":""},"categories":[6],"tags":[1199,167],"class_list":{"0":"post-73061","1":"post","2":"type-post","3":"status-publish","4":"format-standard","5":"has-post-thumbnail","7":"category-entre-rios","8":"tag-gremios-docentes","9":"tag-gustavo-bordet"},"yoast_head":"<title>Bordet pidi\u00f3 \u201cbuena fe\u201d a los gremios docentes y negociar \u201ccon los chicos en las aulas\u201d - Informe Litoral<\/title>\n<meta name=\"robots\" content=\"index, follow, max-snippet:-1, max-image-preview:large, max-video-preview:-1\" \/>\n<link rel=\"canonical\" href=\"https:\/\/informelitoral.com.ar\/bordet-pidio-buena-fe-a-los-gremios-docentes-y-negociar-con-los-chicos-en-las-aulas\/\" \/>\n<meta property=\"og:locale\" content=\"es_ES\" \/>\n<meta property=\"og:type\" content=\"article\" \/>\n<meta property=\"og:title\" content=\"Bordet pidi\u00f3 \u201cbuena fe\u201d a los gremios docentes y negociar \u201ccon los chicos en las aulas\u201d - Informe Litoral\" \/>\n<meta property=\"og:description\" content=\"&quot;La verdad, lamento esta situaci\u00f3n\u201d, expres\u00f3 el gobernador Gustavo Bordet en relaci\u00f3n a los paros determinados por la dirigencia gremial docente. Pidi\u00f3 dialogar \u201cde buena fe\u201d, \u201ccon los chicos en las aulas\u201d, y agradeci\u00f3 a los docentes que fueron a dar clases a pesar de las medidas de fuerza.\" \/>\n<meta property=\"og:url\" content=\"https:\/\/informelitoral.com.ar\/bordet-pidio-buena-fe-a-los-gremios-docentes-y-negociar-con-los-chicos-en-las-aulas\/\" \/>\n<meta property=\"og:site_name\" content=\"Informe Litoral\" \/>\n<meta property=\"article:publisher\" content=\"https:\/\/www.facebook.com\/informelitoral\/\" \/>\n<meta property=\"article:published_time\" content=\"2022-03-09T20:23:04+00:00\" \/>\n<meta property=\"og:image\" content=\"https:\/\/informelitoral.com.ar\/%77%70%2d%63%6f%6e%74%65%6e%74\/uploads\/2022\/03\/p_1627929955.jpg\" \/>\n\t<meta property=\"og:image:width\" content=\"1920\" \/>\n\t<meta property=\"og:image:height\" content=\"800\" \/>\n\t<meta property=\"og:image:type\" content=\"image\/jpeg\" \/>\n<meta name=\"author\" content=\"Sebastian\" \/>\n<meta name=\"twitter:card\" content=\"summary_large_image\" \/>\n<meta name=\"twitter:creator\" content=\"@InformeLitoral\" \/>\n<meta name=\"twitter:site\" content=\"@InformeLitoral\" \/>\n<meta name=\"twitter:label1\" content=\"Escrito por\" \/>\n\t<meta name=\"twitter:data1\" content=\"Sebastian\" \/>\n\t<meta name=\"twitter:label2\" content=\"Tiempo de lectura\" \/>\n\t<meta name=\"twitter:data2\" content=\"2 minutos\" \/>\n<script type=\"application\/ld+json\" class=\"yoast-schema-graph\">{\"@context\":\"https:\\\/\\\/schema.org\",\"@graph\":[{\"@type\":\"Article\",\"@id\":\"https:\\\/\\\/informelitoral.com.ar\\\/bordet-pidio-buena-fe-a-los-gremios-docentes-y-negociar-con-los-chicos-en-las-aulas\\\/#article\",\"isPartOf\":{\"@id\":\"https:\\\/\\\/informelitoral.com.ar\\\/bordet-pidio-buena-fe-a-los-gremios-docentes-y-negociar-con-los-chicos-en-las-aulas\\\/\"},\"author\":{\"name\":\"Sebastian\",\"@id\":\"https:\\\/\\\/informelitoral.com.ar\\\/#\\\/schema\\\/person\\\/f05f9f461677119578717524b127d6d5\"},\"headline\":\"Bordet pidi\u00f3 \u201cbuena fe\u201d a los gremios docentes y negociar \u201ccon los chicos en las aulas\u201d\",\"datePublished\":\"2022-03-09T20:23:04+00:00\",\"mainEntityOfPage\":{\"@id\":\"https:\\\/\\\/informelitoral.com.ar\\\/bordet-pidio-buena-fe-a-los-gremios-docentes-y-negociar-con-los-chicos-en-las-aulas\\\/\"},\"wordCount\":355,\"commentCount\":0,\"publisher\":{\"@id\":\"https:\\\/\\\/informelitoral.com.ar\\\/#organization\"},\"image\":{\"@id\":\"https:\\\/\\\/informelitoral.com.ar\\\/bordet-pidio-buena-fe-a-los-gremios-docentes-y-negociar-con-los-chicos-en-las-aulas\\\/#primaryimage\"},\"thumbnailUrl\":\"https:\\\/\\\/informelitoral.com.ar\\\/%77%70%2d%63%6f%6e%74%65%6e%74\\\/uploads\\\/2022\\\/03\\\/p_1627929955.jpg\",\"keywords\":[\"Gremios docentes\",\"Gustavo Bordet\"],\"articleSection\":[\"Entre R\u00edos\"],\"inLanguage\":\"es\",\"potentialAction\":[{\"@type\":\"CommentAction\",\"name\":\"Comment\",\"target\":[\"https:\\\/\\\/informelitoral.com.ar\\\/bordet-pidio-buena-fe-a-los-gremios-docentes-y-negociar-con-los-chicos-en-las-aulas\\\/#respond\"]}]},{\"@type\":\"WebPage\",\"@id\":\"https:\\\/\\\/informelitoral.com.ar\\\/bordet-pidio-buena-fe-a-los-gremios-docentes-y-negociar-con-los-chicos-en-las-aulas\\\/\",\"url\":\"https:\\\/\\\/informelitoral.com.ar\\\/bordet-pidio-buena-fe-a-los-gremios-docentes-y-negociar-con-los-chicos-en-las-aulas\\\/\",\"name\":\"Bordet pidi\u00f3 \u201cbuena fe\u201d a los gremios docentes y negociar \u201ccon los chicos en las aulas\u201d - Informe Litoral\",\"isPartOf\":{\"@id\":\"https:\\\/\\\/informelitoral.com.ar\\\/#website\"},\"primaryImageOfPage\":{\"@id\":\"https:\\\/\\\/informelitoral.com.ar\\\/bordet-pidio-buena-fe-a-los-gremios-docentes-y-negociar-con-los-chicos-en-las-aulas\\\/#primaryimage\"},\"image\":{\"@id\":\"https:\\\/\\\/informelitoral.com.ar\\\/bordet-pidio-buena-fe-a-los-gremios-docentes-y-negociar-con-los-chicos-en-las-aulas\\\/#primaryimage\"},\"thumbnailUrl\":\"https:\\\/\\\/informelitoral.com.ar\\\/%77%70%2d%63%6f%6e%74%65%6e%74\\\/uploads\\\/2022\\\/03\\\/p_1627929955.jpg\",\"datePublished\":\"2022-03-09T20:23:04+00:00\",\"breadcrumb\":{\"@id\":\"https:\\\/\\\/informelitoral.com.ar\\\/bordet-pidio-buena-fe-a-los-gremios-docentes-y-negociar-con-los-chicos-en-las-aulas\\\/#breadcrumb\"},\"inLanguage\":\"es\",\"potentialAction\":[{\"@type\":\"ReadAction\",\"target\":[\"https:\\\/\\\/informelitoral.com.ar\\\/bordet-pidio-buena-fe-a-los-gremios-docentes-y-negociar-con-los-chicos-en-las-aulas\\\/\"]}]},{\"@type\":\"ImageObject\",\"inLanguage\":\"es\",\"@id\":\"https:\\\/\\\/informelitoral.com.ar\\\/bordet-pidio-buena-fe-a-los-gremios-docentes-y-negociar-con-los-chicos-en-las-aulas\\\/#primaryimage\",\"url\":\"https:\\\/\\\/informelitoral.com.ar\\\/%77%70%2d%63%6f%6e%74%65%6e%74\\\/uploads\\\/2022\\\/03\\\/p_1627929955.jpg\",\"contentUrl\":\"https:\\\/\\\/informelitoral.com.ar\\\/%77%70%2d%63%6f%6e%74%65%6e%74\\\/uploads\\\/2022\\\/03\\\/p_1627929955.jpg\",\"width\":1920,\"height\":800},{\"@type\":\"BreadcrumbList\",\"@id\":\"https:\\\/\\\/informelitoral.com.ar\\\/bordet-pidio-buena-fe-a-los-gremios-docentes-y-negociar-con-los-chicos-en-las-aulas\\\/#breadcrumb\",\"itemListElement\":[{\"@type\":\"ListItem\",\"position\":1,\"name\":\"Portada\",\"item\":\"https:\\\/\\\/informelitoral.com.ar\\\/\"},{\"@type\":\"ListItem\",\"position\":2,\"name\":\"Bordet pidi\u00f3 \u201cbuena fe\u201d a los gremios docentes y negociar \u201ccon los chicos en las aulas\u201d\"}]},{\"@type\":\"WebSite\",\"@id\":\"https:\\\/\\\/informelitoral.com.ar\\\/#website\",\"url\":\"https:\\\/\\\/informelitoral.com.ar\\\/\",\"name\":\"Informe Litoral\",\"description\":\"&quot;Nos informamos&quot; \",\"publisher\":{\"@id\":\"https:\\\/\\\/informelitoral.com.ar\\\/#organization\"},\"potentialAction\":[{\"@type\":\"SearchAction\",\"target\":{\"@type\":\"EntryPoint\",\"urlTemplate\":\"https:\\\/\\\/informelitoral.com.ar\\\/?s={search_term_string}\"},\"query-input\":{\"@type\":\"PropertyValueSpecification\",\"valueRequired\":true,\"valueName\":\"search_term_string\"}}],\"inLanguage\":\"es\"},{\"@type\":\"Organization\",\"@id\":\"https:\\\/\\\/informelitoral.com.ar\\\/#organization\",\"name\":\"Informe Litoral\",\"url\":\"https:\\\/\\\/informelitoral.com.ar\\\/\",\"logo\":{\"@type\":\"ImageObject\",\"inLanguage\":\"es\",\"@id\":\"https:\\\/\\\/informelitoral.com.ar\\\/#\\\/schema\\\/logo\\\/image\\\/\",\"url\":\"https:\\\/\\\/informelitoral.com.ar\\\/%77%70%2d%63%6f%6e%74%65%6e%74\\\/uploads\\\/2021\\\/01\\\/circulo.png\",\"contentUrl\":\"https:\\\/\\\/informelitoral.com.ar\\\/%77%70%2d%63%6f%6e%74%65%6e%74\\\/uploads\\\/2021\\\/01\\\/circulo.png\",\"width\":723,\"height\":731,\"caption\":\"Informe Litoral\"},\"image\":{\"@id\":\"https:\\\/\\\/informelitoral.com.ar\\\/#\\\/schema\\\/logo\\\/image\\\/\"},\"sameAs\":[\"https:\\\/\\\/www.facebook.com\\\/informelitoral\\\/\",\"https:\\\/\\\/x.com\\\/InformeLitoral\",\"https:\\\/\\\/www.instagram.com\\\/informelitoral\\\/\",\"https:\\\/\\\/www.youtube.com\\\/channel\\\/UCua4Qvz8Icb6MYqhoq9xLXw\"]},{\"@type\":\"Person\",\"@id\":\"https:\\\/\\\/informelitoral.com.ar\\\/#\\\/schema\\\/person\\\/f05f9f461677119578717524b127d6d5\",\"name\":\"Sebastian\",\"image\":{\"@type\":\"ImageObject\",\"inLanguage\":\"es\",\"@id\":\"https:\\\/\\\/secure.gravatar.com\\\/avatar\\\/b71bf7481d447dfb9583c7f2798e7cc64de6efb9067b74633ed8c31059a3bd82?s=96&d=mm&r=g\",\"url\":\"https:\\\/\\\/secure.gravatar.com\\\/avatar\\\/b71bf7481d447dfb9583c7f2798e7cc64de6efb9067b74633ed8c31059a3bd82?s=96&d=mm&r=g\",\"contentUrl\":\"https:\\\/\\\/secure.gravatar.com\\\/avatar\\\/b71bf7481d447dfb9583c7f2798e7cc64de6efb9067b74633ed8c31059a3bd82?s=96&d=mm&r=g\",\"caption\":\"Sebastian\"},\"url\":\"https:\\\/\\\/informelitoral.com.ar\\\/author\\\/sebastian\\\/\"}]}<\/script>","yoast_head_json":{"title":"Bordet pidi\u00f3 \u201cbuena fe\u201d a los gremios docentes y negociar \u201ccon los chicos en las aulas\u201d - Informe Litoral","robots":{"index":"index","follow":"follow","max-snippet":"max-snippet:-1","max-image-preview":"max-image-preview:large","max-video-preview":"max-video-preview:-1"},"canonical":"https:\/\/informelitoral.com.ar\/bordet-pidio-buena-fe-a-los-gremios-docentes-y-negociar-con-los-chicos-en-las-aulas\/","og_locale":"es_ES","og_type":"article","og_title":"Bordet pidi\u00f3 \u201cbuena fe\u201d a los gremios docentes y negociar \u201ccon los chicos en las aulas\u201d - Informe Litoral","og_description":"\"La verdad, lamento esta situaci\u00f3n\u201d, expres\u00f3 el gobernador Gustavo Bordet en relaci\u00f3n a los paros determinados por la dirigencia gremial docente. Pidi\u00f3 dialogar \u201cde buena fe\u201d, \u201ccon los chicos en las aulas\u201d, y agradeci\u00f3 a los docentes que fueron a dar clases a pesar de las medidas de fuerza.","og_url":"https:\/\/informelitoral.com.ar\/bordet-pidio-buena-fe-a-los-gremios-docentes-y-negociar-con-los-chicos-en-las-aulas\/","og_site_name":"Informe Litoral","article_publisher":"https:\/\/www.facebook.com\/informelitoral\/","article_published_time":"2022-03-09T20:23:04+00:00","og_image":[{"width":1920,"height":800,"url":"https:\/\/informelitoral.com.ar\/%77%70%2d%63%6f%6e%74%65%6e%74\/uploads\/2022\/03\/p_1627929955.jpg","type":"image\/jpeg"}],"author":"Sebastian","twitter_card":"summary_large_image","twitter_creator":"@InformeLitoral","twitter_site":"@InformeLitoral","twitter_misc":{"Escrito por":"Sebastian","Tiempo de lectura":"2 minutos"},"schema":{"@context":"https:\/\/schema.org","@graph":[{"@type":"Article","@id":"https:\/\/informelitoral.com.ar\/bordet-pidio-buena-fe-a-los-gremios-docentes-y-negociar-con-los-chicos-en-las-aulas\/#article","isPartOf":{"@id":"https:\/\/informelitoral.com.ar\/bordet-pidio-buena-fe-a-los-gremios-docentes-y-negociar-con-los-chicos-en-las-aulas\/"},"author":{"name":"Sebastian","@id":"https:\/\/informelitoral.com.ar\/#\/schema\/person\/f05f9f461677119578717524b127d6d5"},"headline":"Bordet pidi\u00f3 \u201cbuena fe\u201d a los gremios docentes y negociar \u201ccon los chicos en las aulas\u201d","datePublished":"2022-03-09T20:23:04+00:00","mainEntityOfPage":{"@id":"https:\/\/informelitoral.com.ar\/bordet-pidio-buena-fe-a-los-gremios-docentes-y-negociar-con-los-chicos-en-las-aulas\/"},"wordCount":355,"commentCount":0,"publisher":{"@id":"https:\/\/informelitoral.com.ar\/#organization"},"image":{"@id":"https:\/\/informelitoral.com.ar\/bordet-pidio-buena-fe-a-los-gremios-docentes-y-negociar-con-los-chicos-en-las-aulas\/#primaryimage"},"thumbnailUrl":"https:\/\/informelitoral.com.ar\/%77%70%2d%63%6f%6e%74%65%6e%74\/uploads\/2022\/03\/p_1627929955.jpg","keywords":["Gremios docentes","Gustavo Bordet"],"articleSection":["Entre R\u00edos"],"inLanguage":"es","potentialAction":[{"@type":"CommentAction","name":"Comment","target":["https:\/\/informelitoral.com.ar\/bordet-pidio-buena-fe-a-los-gremios-docentes-y-negociar-con-los-chicos-en-las-aulas\/#respond"]}]},{"@type":"WebPage","@id":"https:\/\/informelitoral.com.ar\/bordet-pidio-buena-fe-a-los-gremios-docentes-y-negociar-con-los-chicos-en-las-aulas\/","url":"https:\/\/informelitoral.com.ar\/bordet-pidio-buena-fe-a-los-gremios-docentes-y-negociar-con-los-chicos-en-las-aulas\/","name":"Bordet pidi\u00f3 \u201cbuena fe\u201d a los gremios docentes y negociar \u201ccon los chicos en las aulas\u201d - Informe Litoral","isPartOf":{"@id":"https:\/\/informelitoral.com.ar\/#website"},"primaryImageOfPage":{"@id":"https:\/\/informelitoral.com.ar\/bordet-pidio-buena-fe-a-los-gremios-docentes-y-negociar-con-los-chicos-en-las-aulas\/#primaryimage"},"image":{"@id":"https:\/\/informelitoral.com.ar\/bordet-pidio-buena-fe-a-los-gremios-docentes-y-negociar-con-los-chicos-en-las-aulas\/#primaryimage"},"thumbnailUrl":"https:\/\/informelitoral.com.ar\/%77%70%2d%63%6f%6e%74%65%6e%74\/uploads\/2022\/03\/p_1627929955.jpg","datePublished":"2022-03-09T20:23:04+00:00","breadcrumb":{"@id":"https:\/\/informelitoral.com.ar\/bordet-pidio-buena-fe-a-los-gremios-docentes-y-negociar-con-los-chicos-en-las-aulas\/#breadcrumb"},"inLanguage":"es","potentialAction":[{"@type":"ReadAction","target":["https:\/\/informelitoral.com.ar\/bordet-pidio-buena-fe-a-los-gremios-docentes-y-negociar-con-los-chicos-en-las-aulas\/"]}]},{"@type":"ImageObject","inLanguage":"es","@id":"https:\/\/informelitoral.com.ar\/bordet-pidio-buena-fe-a-los-gremios-docentes-y-negociar-con-los-chicos-en-las-aulas\/#primaryimage","url":"https:\/\/informelitoral.com.ar\/%77%70%2d%63%6f%6e%74%65%6e%74\/uploads\/2022\/03\/p_1627929955.jpg","contentUrl":"https:\/\/informelitoral.com.ar\/%77%70%2d%63%6f%6e%74%65%6e%74\/uploads\/2022\/03\/p_1627929955.jpg","width":1920,"height":800},{"@type":"BreadcrumbList","@id":"https:\/\/informelitoral.com.ar\/bordet-pidio-buena-fe-a-los-gremios-docentes-y-negociar-con-los-chicos-en-las-aulas\/#breadcrumb","itemListElement":[{"@type":"ListItem","position":1,"name":"Portada","item":"https:\/\/informelitoral.com.ar\/"},{"@type":"ListItem","position":2,"name":"Bordet pidi\u00f3 \u201cbuena fe\u201d a los gremios docentes y negociar \u201ccon los chicos en las aulas\u201d"}]},{"@type":"WebSite","@id":"https:\/\/informelitoral.com.ar\/#website","url":"https:\/\/informelitoral.com.ar\/","name":"Informe Litoral","description":"&quot;Nos informamos&quot; ","publisher":{"@id":"https:\/\/informelitoral.com.ar\/#organization"},"potentialAction":[{"@type":"SearchAction","target":{"@type":"EntryPoint","urlTemplate":"https:\/\/informelitoral.com.ar\/?s={search_term_string}"},"query-input":{"@type":"PropertyValueSpecification","valueRequired":true,"valueName":"search_term_string"}}],"inLanguage":"es"},{"@type":"Organization","@id":"https:\/\/informelitoral.com.ar\/#organization","name":"Informe Litoral","url":"https:\/\/informelitoral.com.ar\/","logo":{"@type":"ImageObject","inLanguage":"es","@id":"https:\/\/informelitoral.com.ar\/#\/schema\/logo\/image\/","url":"https:\/\/informelitoral.com.ar\/%77%70%2d%63%6f%6e%74%65%6e%74\/uploads\/2021\/01\/circulo.png","contentUrl":"https:\/\/informelitoral.com.ar\/%77%70%2d%63%6f%6e%74%65%6e%74\/uploads\/2021\/01\/circulo.png","width":723,"height":731,"caption":"Informe Litoral"},"image":{"@id":"https:\/\/informelitoral.com.ar\/#\/schema\/logo\/image\/"},"sameAs":["https:\/\/www.facebook.com\/informelitoral\/","https:\/\/x.com\/InformeLitoral","https:\/\/www.instagram.com\/informelitoral\/","https:\/\/www.youtube.com\/channel\/UCua4Qvz8Icb6MYqhoq9xLXw"]},{"@type":"Person","@id":"https:\/\/informelitoral.com.ar\/#\/schema\/person\/f05f9f461677119578717524b127d6d5","name":"Sebastian","image":{"@type":"ImageObject","inLanguage":"es","@id":"https:\/\/secure.gravatar.com\/avatar\/b71bf7481d447dfb9583c7f2798e7cc64de6efb9067b74633ed8c31059a3bd82?s=96&d=mm&r=g","url":"https:\/\/secure.gravatar.com\/avatar\/b71bf7481d447dfb9583c7f2798e7cc64de6efb9067b74633ed8c31059a3bd82?s=96&d=mm&r=g","contentUrl":"https:\/\/secure.gravatar.com\/avatar\/b71bf7481d447dfb9583c7f2798e7cc64de6efb9067b74633ed8c31059a3bd82?s=96&d=mm&r=g","caption":"Sebastian"},"url":"https:\/\/informelitoral.com.ar\/author\/sebastian\/"}]}},"_links":{"self":[{"href":"https:\/\/informelitoral.com.ar\/%77%70%2d%6a%73%6f%6e\/wp\/v2\/posts\/73061","targetHints":{"allow":["GET"]}}],"collection":[{"href":"https:\/\/informelitoral.com.ar\/%77%70%2d%6a%73%6f%6e\/wp\/v2\/posts"}],"about":[{"href":"https:\/\/informelitoral.com.ar\/%77%70%2d%6a%73%6f%6e\/wp\/v2\/types\/post"}],"author":[{"embeddable":true,"href":"https:\/\/informelitoral.com.ar\/%77%70%2d%6a%73%6f%6e\/wp\/v2\/users\/8"}],"replies":[{"embeddable":true,"href":"https:\/\/informelitoral.com.ar\/%77%70%2d%6a%73%6f%6e\/wp\/v2\/comments?post=73061"}],"version-history":[{"count":0,"href":"https:\/\/informelitoral.com.ar\/%77%70%2d%6a%73%6f%6e\/wp\/v2\/posts\/73061\/revisions"}],"wp:featuredmedia":[{"embeddable":true,"href":"https:\/\/informelitoral.com.ar\/%77%70%2d%6a%73%6f%6e\/wp\/v2\/media\/73062"}],"wp:attachment":[{"href":"https:\/\/informelitoral.com.ar\/%77%70%2d%6a%73%6f%6e\/wp\/v2\/media?parent=73061"}],"wp:term":[{"taxonomy":"category","embeddable":true,"href":"https:\/\/informelitoral.com.ar\/%77%70%2d%6a%73%6f%6e\/wp\/v2\/categories?post=73061"},{"taxonomy":"post_tag","embeddable":true,"href":"https:\/\/informelitoral.com.ar\/%77%70%2d%6a%73%6f%6e\/wp\/v2\/tags?post=73061"}],"curies":[{"name":"wp","href":"https:\/\/api.w.org\/{rel}","templated":true}]}}