{"id":7304,"date":"2014-06-30T23:21:04","date_gmt":"2014-07-01T02:21:04","guid":{"rendered":"http:\/\/www.isletasnoticias.com.ar\/?p=7304"},"modified":"2014-06-30T23:28:35","modified_gmt":"2014-07-01T02:28:35","slug":"isletas-diputados-declaro-de-interes-a-tierra-adentro-turismo-rural%e2%80%8f","status":"publish","type":"post","link":"https:\/\/informelitoral.com.ar\/isletas-diputados-declaro-de-interes-a-tierra-adentro-turismo-rural%e2%80%8f\/","title":{"rendered":"Isletas: Diputados declar\u00f3 de Inter\u00e9s a Tierra Adentro Turismo Rural\u200f"},"content":{"rendered":"<p><strong>Tras la iniciativa del diputado <em>Jorge Monge (UCR)<\/em>, la C\u00e1mara de Diputados de la provincia declar\u00f3 de Inter\u00e9s al emprendimiento local Tierra Adentro Turismo Rural. El s\u00e1bado \u00faltimo, el legislador entreg\u00f3 el Proyecto de Resoluci\u00f3n a la propietaria del lugar. <em>Proyecto completo adjunto.\u00a0<\/em><\/strong><\/p>\n<figure id=\"attachment_7305\" aria-describedby=\"caption-attachment-7305\" style=\"width: 500px\" class=\"wp-caption aligncenter\"><a href=\"http:\/\/www.isletasnoticias.com.ar\/%77%70%2d%63%6f%6e%74%65%6e%74\/uploads\/2014\/06\/Tierra-Adentro-1.jpg\"><img loading=\"lazy\" decoding=\"async\" class=\"wp-image-7305\" src=\"http:\/\/www.isletasnoticias.com.ar\/%77%70%2d%63%6f%6e%74%65%6e%74\/uploads\/2014\/06\/Tierra-Adentro-1-300x225.jpg\" alt=\"Tierra Adentro 1\" width=\"500\" height=\"375\" srcset=\"https:\/\/informelitoral.com.ar\/%77%70%2d%63%6f%6e%74%65%6e%74\/uploads\/2014\/06\/Tierra-Adentro-1-300x225.jpg 300w, https:\/\/informelitoral.com.ar\/%77%70%2d%63%6f%6e%74%65%6e%74\/uploads\/2014\/06\/Tierra-Adentro-1-1024x768.jpg 1024w, https:\/\/informelitoral.com.ar\/%77%70%2d%63%6f%6e%74%65%6e%74\/uploads\/2014\/06\/Tierra-Adentro-1.jpg 2048w\" sizes=\"auto, (max-width: 500px) 100vw, 500px\" \/><\/a><figcaption id=\"caption-attachment-7305\" class=\"wp-caption-text\">Jorge Monge, Blanca Schmidt y Nancy Eichmann Sch\u00f6nhals.<\/figcaption><\/figure>\n<p>El diputado provincial <strong>Jorge Daniel Monge (UCR-Diamante)<\/strong> present\u00f3 un \u00a0Proyecto de Resoluci\u00f3n, que fue aprobado por la C\u00e1mara de Diputados de la provincia, mediante el cual, se declara de inter\u00e9s para la C\u00e1mara Baja a Tierra Adentro Turismo Rural.<\/p>\n<p>\u00abSin lugar a dudas estamos frente a un proyecto de importancia, no s\u00f3lo para este distrito rural, sino para una m\u00e1s amplia regi\u00f3n y, no obstante que su nomenclatura hace menci\u00f3n solo al &#8216;turismo&#8217;, \u00a0se puede observar un verdadero entramado de aspectos, que de hecho trasciende a esta actividad para involucrar \u00a0a todo lo atinente a\u00a0 la historia comarcana, a la identidad, \u00a0a la cultura y tradiciones del poblador rural y de \u00a0las significativas corrientes migratorias que arribaron a Isletas y al Departamento de Diamante a fines del Siglo XIX y principios del XX\u00bb, sostiene uno de los p\u00e1rrafos de la iniciativa que fue enviada a <strong><em>ISLETAS NOTICIAS. \u00a0 \u00a0 \u00a0<\/em><\/strong><\/p>\n<p>El propio legislador, junto a la secretaria de la Junta de Gobierno local <strong>Blanca Schmidt<\/strong>, entregaron el s\u00e1bado \u00faltimo el proyecto aprobado a la propietaria del flamante emprendimiento,<strong> Nancy Eichmann<\/strong>.<\/p>\n<p>Bajar proyecto completo:<a href=\"http:\/\/www.isletasnoticias.com.ar\/%77%70%2d%63%6f%6e%74%65%6e%74\/uploads\/2014\/06\/Proyecto.doc\">Proyecto<\/a><\/p>\n","protected":false},"excerpt":{"rendered":"<p>Tras la iniciativa del diputado Jorge Monge (UCR), la C&aacute;mara de Diputados de la provincia declar&oacute; de Inter&eacute;s al emprendimiento local Tierra Adentro Turismo Rural. El s&aacute;bado &uacute;ltimo, el legislador entreg&oacute; el Proyecto de Resoluci&oacute;n a la propietaria del lugar. Proyecto completo adjunto.&nbsp; El diputado provincial Jorge Daniel Monge (UCR-Diamante) present&oacute; un &nbsp;Proyecto de Resoluci&oacute;n, [&hellip;]<\/p>\n","protected":false},"author":2,"featured_media":0,"comment_status":"open","ping_status":"open","sticky":false,"template":"","format":"standard","meta":{"fifu_image_url":"","fifu_image_alt":"","footnotes":""},"categories":[4,16],"tags":[],"class_list":{"0":"post-7304","1":"post","2":"type-post","3":"status-publish","4":"format-standard","6":"category-locales","7":"category-politi"},"yoast_head":"<title>Isletas: Diputados declar\u00f3 de Inter\u00e9s a Tierra Adentro Turismo Rural\u200f - Informe Litoral<\/title>\n<meta name=\"robots\" content=\"index, follow, max-snippet:-1, max-image-preview:large, max-video-preview:-1\" \/>\n<link rel=\"canonical\" href=\"https:\/\/informelitoral.com.ar\/isletas-diputados-declaro-de-interes-a-tierra-adentro-turismo-rural\u200f\/\" \/>\n<meta property=\"og:locale\" content=\"es_ES\" \/>\n<meta property=\"og:type\" content=\"article\" \/>\n<meta property=\"og:title\" content=\"Isletas: Diputados declar\u00f3 de Inter\u00e9s a Tierra Adentro Turismo Rural\u200f - Informe Litoral\" \/>\n<meta property=\"og:description\" content=\"Tras la iniciativa del diputado Jorge Monge (UCR), la C&aacute;mara de Diputados de la provincia declar&oacute; de Inter&eacute;s al emprendimiento local Tierra Adentro Turismo Rural. El s&aacute;bado &uacute;ltimo, el legislador entreg&oacute; el Proyecto de Resoluci&oacute;n a la propietaria del lugar. Proyecto completo adjunto.&nbsp; El diputado provincial Jorge Daniel Monge (UCR-Diamante) present&oacute; un &nbsp;Proyecto de Resoluci&oacute;n, [&hellip;]\" \/>\n<meta property=\"og:url\" content=\"https:\/\/informelitoral.com.ar\/isletas-diputados-declaro-de-interes-a-tierra-adentro-turismo-rural\u200f\/\" \/>\n<meta property=\"og:site_name\" content=\"Informe Litoral\" \/>\n<meta property=\"article:publisher\" content=\"https:\/\/www.facebook.com\/informelitoral\/\" \/>\n<meta property=\"article:published_time\" content=\"2014-07-01T02:21:04+00:00\" \/>\n<meta property=\"article:modified_time\" content=\"2014-07-01T02:28:35+00:00\" \/>\n<meta property=\"og:image\" content=\"https:\/\/informelitoral.com.ar\/%77%70%2d%63%6f%6e%74%65%6e%74\/uploads\/2014\/06\/Tierra-Adentro-1.jpg\" \/>\n\t<meta property=\"og:image:width\" content=\"2048\" \/>\n\t<meta property=\"og:image:height\" content=\"1536\" \/>\n\t<meta property=\"og:image:type\" content=\"image\/jpeg\" \/>\n<meta name=\"author\" content=\"Gonzalo Schmidt\" \/>\n<meta name=\"twitter:card\" content=\"summary_large_image\" \/>\n<meta name=\"twitter:creator\" content=\"@InformeLitoral\" \/>\n<meta name=\"twitter:site\" content=\"@InformeLitoral\" \/>\n<meta name=\"twitter:label1\" content=\"Escrito por\" \/>\n\t<meta name=\"twitter:data1\" content=\"Gonzalo Schmidt\" \/>\n\t<meta name=\"twitter:label2\" content=\"Tiempo de lectura\" \/>\n\t<meta name=\"twitter:data2\" content=\"1 minuto\" \/>\n<script type=\"application\/ld+json\" class=\"yoast-schema-graph\">{\"@context\":\"https:\\\/\\\/schema.org\",\"@graph\":[{\"@type\":\"Article\",\"@id\":\"https:\\\/\\\/informelitoral.com.ar\\\/isletas-diputados-declaro-de-interes-a-tierra-adentro-turismo-rural%e2%80%8f\\\/#article\",\"isPartOf\":{\"@id\":\"https:\\\/\\\/informelitoral.com.ar\\\/isletas-diputados-declaro-de-interes-a-tierra-adentro-turismo-rural%e2%80%8f\\\/\"},\"author\":{\"name\":\"Gonzalo Schmidt\",\"@id\":\"https:\\\/\\\/informelitoral.com.ar\\\/#\\\/schema\\\/person\\\/b9d00407c836482871ef1d57bf8e3180\"},\"headline\":\"Isletas: Diputados declar\u00f3 de Inter\u00e9s a Tierra Adentro Turismo Rural\u200f\",\"datePublished\":\"2014-07-01T02:21:04+00:00\",\"dateModified\":\"2014-07-01T02:28:35+00:00\",\"mainEntityOfPage\":{\"@id\":\"https:\\\/\\\/informelitoral.com.ar\\\/isletas-diputados-declaro-de-interes-a-tierra-adentro-turismo-rural%e2%80%8f\\\/\"},\"wordCount\":265,\"commentCount\":0,\"publisher\":{\"@id\":\"https:\\\/\\\/informelitoral.com.ar\\\/#organization\"},\"image\":{\"@id\":\"https:\\\/\\\/informelitoral.com.ar\\\/isletas-diputados-declaro-de-interes-a-tierra-adentro-turismo-rural%e2%80%8f\\\/#primaryimage\"},\"thumbnailUrl\":\"http:\\\/\\\/www.isletasnoticias.com.ar\\\/%77%70%2d%63%6f%6e%74%65%6e%74\\\/uploads\\\/2014\\\/06\\\/Tierra-Adentro-1-300x225.jpg\",\"articleSection\":[\"Isletas\",\"Politica\"],\"inLanguage\":\"es\",\"potentialAction\":[{\"@type\":\"CommentAction\",\"name\":\"Comment\",\"target\":[\"https:\\\/\\\/informelitoral.com.ar\\\/isletas-diputados-declaro-de-interes-a-tierra-adentro-turismo-rural%e2%80%8f\\\/#respond\"]}]},{\"@type\":\"WebPage\",\"@id\":\"https:\\\/\\\/informelitoral.com.ar\\\/isletas-diputados-declaro-de-interes-a-tierra-adentro-turismo-rural%e2%80%8f\\\/\",\"url\":\"https:\\\/\\\/informelitoral.com.ar\\\/isletas-diputados-declaro-de-interes-a-tierra-adentro-turismo-rural%e2%80%8f\\\/\",\"name\":\"Isletas: Diputados declar\u00f3 de Inter\u00e9s a Tierra Adentro Turismo Rural\u200f - Informe Litoral\",\"isPartOf\":{\"@id\":\"https:\\\/\\\/informelitoral.com.ar\\\/#website\"},\"primaryImageOfPage\":{\"@id\":\"https:\\\/\\\/informelitoral.com.ar\\\/isletas-diputados-declaro-de-interes-a-tierra-adentro-turismo-rural%e2%80%8f\\\/#primaryimage\"},\"image\":{\"@id\":\"https:\\\/\\\/informelitoral.com.ar\\\/isletas-diputados-declaro-de-interes-a-tierra-adentro-turismo-rural%e2%80%8f\\\/#primaryimage\"},\"thumbnailUrl\":\"http:\\\/\\\/www.isletasnoticias.com.ar\\\/%77%70%2d%63%6f%6e%74%65%6e%74\\\/uploads\\\/2014\\\/06\\\/Tierra-Adentro-1-300x225.jpg\",\"datePublished\":\"2014-07-01T02:21:04+00:00\",\"dateModified\":\"2014-07-01T02:28:35+00:00\",\"breadcrumb\":{\"@id\":\"https:\\\/\\\/informelitoral.com.ar\\\/isletas-diputados-declaro-de-interes-a-tierra-adentro-turismo-rural%e2%80%8f\\\/#breadcrumb\"},\"inLanguage\":\"es\",\"potentialAction\":[{\"@type\":\"ReadAction\",\"target\":[\"https:\\\/\\\/informelitoral.com.ar\\\/isletas-diputados-declaro-de-interes-a-tierra-adentro-turismo-rural%e2%80%8f\\\/\"]}]},{\"@type\":\"ImageObject\",\"inLanguage\":\"es\",\"@id\":\"https:\\\/\\\/informelitoral.com.ar\\\/isletas-diputados-declaro-de-interes-a-tierra-adentro-turismo-rural%e2%80%8f\\\/#primaryimage\",\"url\":\"http:\\\/\\\/www.isletasnoticias.com.ar\\\/%77%70%2d%63%6f%6e%74%65%6e%74\\\/uploads\\\/2014\\\/06\\\/Tierra-Adentro-1-300x225.jpg\",\"contentUrl\":\"http:\\\/\\\/www.isletasnoticias.com.ar\\\/%77%70%2d%63%6f%6e%74%65%6e%74\\\/uploads\\\/2014\\\/06\\\/Tierra-Adentro-1-300x225.jpg\"},{\"@type\":\"BreadcrumbList\",\"@id\":\"https:\\\/\\\/informelitoral.com.ar\\\/isletas-diputados-declaro-de-interes-a-tierra-adentro-turismo-rural%e2%80%8f\\\/#breadcrumb\",\"itemListElement\":[{\"@type\":\"ListItem\",\"position\":1,\"name\":\"Portada\",\"item\":\"https:\\\/\\\/informelitoral.com.ar\\\/\"},{\"@type\":\"ListItem\",\"position\":2,\"name\":\"Isletas: Diputados declar\u00f3 de Inter\u00e9s a Tierra Adentro Turismo Rural\u200f\"}]},{\"@type\":\"WebSite\",\"@id\":\"https:\\\/\\\/informelitoral.com.ar\\\/#website\",\"url\":\"https:\\\/\\\/informelitoral.com.ar\\\/\",\"name\":\"Informe Litoral\",\"description\":\"&quot;Nos informamos&quot; \",\"publisher\":{\"@id\":\"https:\\\/\\\/informelitoral.com.ar\\\/#organization\"},\"potentialAction\":[{\"@type\":\"SearchAction\",\"target\":{\"@type\":\"EntryPoint\",\"urlTemplate\":\"https:\\\/\\\/informelitoral.com.ar\\\/?s={search_term_string}\"},\"query-input\":{\"@type\":\"PropertyValueSpecification\",\"valueRequired\":true,\"valueName\":\"search_term_string\"}}],\"inLanguage\":\"es\"},{\"@type\":\"Organization\",\"@id\":\"https:\\\/\\\/informelitoral.com.ar\\\/#organization\",\"name\":\"Informe Litoral\",\"url\":\"https:\\\/\\\/informelitoral.com.ar\\\/\",\"logo\":{\"@type\":\"ImageObject\",\"inLanguage\":\"es\",\"@id\":\"https:\\\/\\\/informelitoral.com.ar\\\/#\\\/schema\\\/logo\\\/image\\\/\",\"url\":\"https:\\\/\\\/informelitoral.com.ar\\\/%77%70%2d%63%6f%6e%74%65%6e%74\\\/uploads\\\/2021\\\/01\\\/circulo.png\",\"contentUrl\":\"https:\\\/\\\/informelitoral.com.ar\\\/%77%70%2d%63%6f%6e%74%65%6e%74\\\/uploads\\\/2021\\\/01\\\/circulo.png\",\"width\":723,\"height\":731,\"caption\":\"Informe Litoral\"},\"image\":{\"@id\":\"https:\\\/\\\/informelitoral.com.ar\\\/#\\\/schema\\\/logo\\\/image\\\/\"},\"sameAs\":[\"https:\\\/\\\/www.facebook.com\\\/informelitoral\\\/\",\"https:\\\/\\\/x.com\\\/InformeLitoral\",\"https:\\\/\\\/www.instagram.com\\\/informelitoral\\\/\",\"https:\\\/\\\/www.youtube.com\\\/channel\\\/UCua4Qvz8Icb6MYqhoq9xLXw\"]},{\"@type\":\"Person\",\"@id\":\"https:\\\/\\\/informelitoral.com.ar\\\/#\\\/schema\\\/person\\\/b9d00407c836482871ef1d57bf8e3180\",\"name\":\"Gonzalo Schmidt\",\"image\":{\"@type\":\"ImageObject\",\"inLanguage\":\"es\",\"@id\":\"https:\\\/\\\/secure.gravatar.com\\\/avatar\\\/31a1a7b66ff2de83bd0e9fd79d026630d2d99e55e8bfe501287647b4fd9743de?s=96&d=mm&r=g\",\"url\":\"https:\\\/\\\/secure.gravatar.com\\\/avatar\\\/31a1a7b66ff2de83bd0e9fd79d026630d2d99e55e8bfe501287647b4fd9743de?s=96&d=mm&r=g\",\"contentUrl\":\"https:\\\/\\\/secure.gravatar.com\\\/avatar\\\/31a1a7b66ff2de83bd0e9fd79d026630d2d99e55e8bfe501287647b4fd9743de?s=96&d=mm&r=g\",\"caption\":\"Gonzalo Schmidt\"},\"description\":\"Sitio web de noticias de la provincia de Entre R\u00edos, Argentina. Informaci\u00f3n y entretenimiento. Informe Litoral, nos informamos.\",\"sameAs\":[\"http:\\\/\\\/www.isletasnoticias.com.ar\"],\"url\":\"https:\\\/\\\/informelitoral.com.ar\\\/author\\\/gonzalo\\\/\"}]}<\/script>","yoast_head_json":{"title":"Isletas: Diputados declar\u00f3 de Inter\u00e9s a Tierra Adentro Turismo Rural\u200f - Informe Litoral","robots":{"index":"index","follow":"follow","max-snippet":"max-snippet:-1","max-image-preview":"max-image-preview:large","max-video-preview":"max-video-preview:-1"},"canonical":"https:\/\/informelitoral.com.ar\/isletas-diputados-declaro-de-interes-a-tierra-adentro-turismo-rural\u200f\/","og_locale":"es_ES","og_type":"article","og_title":"Isletas: Diputados declar\u00f3 de Inter\u00e9s a Tierra Adentro Turismo Rural\u200f - Informe Litoral","og_description":"Tras la iniciativa del diputado Jorge Monge (UCR), la C&aacute;mara de Diputados de la provincia declar&oacute; de Inter&eacute;s al emprendimiento local Tierra Adentro Turismo Rural. El s&aacute;bado &uacute;ltimo, el legislador entreg&oacute; el Proyecto de Resoluci&oacute;n a la propietaria del lugar. Proyecto completo adjunto.&nbsp; El diputado provincial Jorge Daniel Monge (UCR-Diamante) present&oacute; un &nbsp;Proyecto de Resoluci&oacute;n, [&hellip;]","og_url":"https:\/\/informelitoral.com.ar\/isletas-diputados-declaro-de-interes-a-tierra-adentro-turismo-rural\u200f\/","og_site_name":"Informe Litoral","article_publisher":"https:\/\/www.facebook.com\/informelitoral\/","article_published_time":"2014-07-01T02:21:04+00:00","article_modified_time":"2014-07-01T02:28:35+00:00","og_image":[{"width":2048,"height":1536,"url":"https:\/\/informelitoral.com.ar\/%77%70%2d%63%6f%6e%74%65%6e%74\/uploads\/2014\/06\/Tierra-Adentro-1.jpg","type":"image\/jpeg"}],"author":"Gonzalo Schmidt","twitter_card":"summary_large_image","twitter_creator":"@InformeLitoral","twitter_site":"@InformeLitoral","twitter_misc":{"Escrito por":"Gonzalo Schmidt","Tiempo de lectura":"1 minuto"},"schema":{"@context":"https:\/\/schema.org","@graph":[{"@type":"Article","@id":"https:\/\/informelitoral.com.ar\/isletas-diputados-declaro-de-interes-a-tierra-adentro-turismo-rural%e2%80%8f\/#article","isPartOf":{"@id":"https:\/\/informelitoral.com.ar\/isletas-diputados-declaro-de-interes-a-tierra-adentro-turismo-rural%e2%80%8f\/"},"author":{"name":"Gonzalo Schmidt","@id":"https:\/\/informelitoral.com.ar\/#\/schema\/person\/b9d00407c836482871ef1d57bf8e3180"},"headline":"Isletas: Diputados declar\u00f3 de Inter\u00e9s a Tierra Adentro Turismo Rural\u200f","datePublished":"2014-07-01T02:21:04+00:00","dateModified":"2014-07-01T02:28:35+00:00","mainEntityOfPage":{"@id":"https:\/\/informelitoral.com.ar\/isletas-diputados-declaro-de-interes-a-tierra-adentro-turismo-rural%e2%80%8f\/"},"wordCount":265,"commentCount":0,"publisher":{"@id":"https:\/\/informelitoral.com.ar\/#organization"},"image":{"@id":"https:\/\/informelitoral.com.ar\/isletas-diputados-declaro-de-interes-a-tierra-adentro-turismo-rural%e2%80%8f\/#primaryimage"},"thumbnailUrl":"http:\/\/www.isletasnoticias.com.ar\/%77%70%2d%63%6f%6e%74%65%6e%74\/uploads\/2014\/06\/Tierra-Adentro-1-300x225.jpg","articleSection":["Isletas","Politica"],"inLanguage":"es","potentialAction":[{"@type":"CommentAction","name":"Comment","target":["https:\/\/informelitoral.com.ar\/isletas-diputados-declaro-de-interes-a-tierra-adentro-turismo-rural%e2%80%8f\/#respond"]}]},{"@type":"WebPage","@id":"https:\/\/informelitoral.com.ar\/isletas-diputados-declaro-de-interes-a-tierra-adentro-turismo-rural%e2%80%8f\/","url":"https:\/\/informelitoral.com.ar\/isletas-diputados-declaro-de-interes-a-tierra-adentro-turismo-rural%e2%80%8f\/","name":"Isletas: Diputados declar\u00f3 de Inter\u00e9s a Tierra Adentro Turismo Rural\u200f - Informe Litoral","isPartOf":{"@id":"https:\/\/informelitoral.com.ar\/#website"},"primaryImageOfPage":{"@id":"https:\/\/informelitoral.com.ar\/isletas-diputados-declaro-de-interes-a-tierra-adentro-turismo-rural%e2%80%8f\/#primaryimage"},"image":{"@id":"https:\/\/informelitoral.com.ar\/isletas-diputados-declaro-de-interes-a-tierra-adentro-turismo-rural%e2%80%8f\/#primaryimage"},"thumbnailUrl":"http:\/\/www.isletasnoticias.com.ar\/%77%70%2d%63%6f%6e%74%65%6e%74\/uploads\/2014\/06\/Tierra-Adentro-1-300x225.jpg","datePublished":"2014-07-01T02:21:04+00:00","dateModified":"2014-07-01T02:28:35+00:00","breadcrumb":{"@id":"https:\/\/informelitoral.com.ar\/isletas-diputados-declaro-de-interes-a-tierra-adentro-turismo-rural%e2%80%8f\/#breadcrumb"},"inLanguage":"es","potentialAction":[{"@type":"ReadAction","target":["https:\/\/informelitoral.com.ar\/isletas-diputados-declaro-de-interes-a-tierra-adentro-turismo-rural%e2%80%8f\/"]}]},{"@type":"ImageObject","inLanguage":"es","@id":"https:\/\/informelitoral.com.ar\/isletas-diputados-declaro-de-interes-a-tierra-adentro-turismo-rural%e2%80%8f\/#primaryimage","url":"http:\/\/www.isletasnoticias.com.ar\/%77%70%2d%63%6f%6e%74%65%6e%74\/uploads\/2014\/06\/Tierra-Adentro-1-300x225.jpg","contentUrl":"http:\/\/www.isletasnoticias.com.ar\/%77%70%2d%63%6f%6e%74%65%6e%74\/uploads\/2014\/06\/Tierra-Adentro-1-300x225.jpg"},{"@type":"BreadcrumbList","@id":"https:\/\/informelitoral.com.ar\/isletas-diputados-declaro-de-interes-a-tierra-adentro-turismo-rural%e2%80%8f\/#breadcrumb","itemListElement":[{"@type":"ListItem","position":1,"name":"Portada","item":"https:\/\/informelitoral.com.ar\/"},{"@type":"ListItem","position":2,"name":"Isletas: Diputados declar\u00f3 de Inter\u00e9s a Tierra Adentro Turismo Rural\u200f"}]},{"@type":"WebSite","@id":"https:\/\/informelitoral.com.ar\/#website","url":"https:\/\/informelitoral.com.ar\/","name":"Informe Litoral","description":"&quot;Nos informamos&quot; ","publisher":{"@id":"https:\/\/informelitoral.com.ar\/#organization"},"potentialAction":[{"@type":"SearchAction","target":{"@type":"EntryPoint","urlTemplate":"https:\/\/informelitoral.com.ar\/?s={search_term_string}"},"query-input":{"@type":"PropertyValueSpecification","valueRequired":true,"valueName":"search_term_string"}}],"inLanguage":"es"},{"@type":"Organization","@id":"https:\/\/informelitoral.com.ar\/#organization","name":"Informe Litoral","url":"https:\/\/informelitoral.com.ar\/","logo":{"@type":"ImageObject","inLanguage":"es","@id":"https:\/\/informelitoral.com.ar\/#\/schema\/logo\/image\/","url":"https:\/\/informelitoral.com.ar\/%77%70%2d%63%6f%6e%74%65%6e%74\/uploads\/2021\/01\/circulo.png","contentUrl":"https:\/\/informelitoral.com.ar\/%77%70%2d%63%6f%6e%74%65%6e%74\/uploads\/2021\/01\/circulo.png","width":723,"height":731,"caption":"Informe Litoral"},"image":{"@id":"https:\/\/informelitoral.com.ar\/#\/schema\/logo\/image\/"},"sameAs":["https:\/\/www.facebook.com\/informelitoral\/","https:\/\/x.com\/InformeLitoral","https:\/\/www.instagram.com\/informelitoral\/","https:\/\/www.youtube.com\/channel\/UCua4Qvz8Icb6MYqhoq9xLXw"]},{"@type":"Person","@id":"https:\/\/informelitoral.com.ar\/#\/schema\/person\/b9d00407c836482871ef1d57bf8e3180","name":"Gonzalo Schmidt","image":{"@type":"ImageObject","inLanguage":"es","@id":"https:\/\/secure.gravatar.com\/avatar\/31a1a7b66ff2de83bd0e9fd79d026630d2d99e55e8bfe501287647b4fd9743de?s=96&d=mm&r=g","url":"https:\/\/secure.gravatar.com\/avatar\/31a1a7b66ff2de83bd0e9fd79d026630d2d99e55e8bfe501287647b4fd9743de?s=96&d=mm&r=g","contentUrl":"https:\/\/secure.gravatar.com\/avatar\/31a1a7b66ff2de83bd0e9fd79d026630d2d99e55e8bfe501287647b4fd9743de?s=96&d=mm&r=g","caption":"Gonzalo Schmidt"},"description":"Sitio web de noticias de la provincia de Entre R\u00edos, Argentina. Informaci\u00f3n y entretenimiento. Informe Litoral, nos informamos.","sameAs":["http:\/\/www.isletasnoticias.com.ar"],"url":"https:\/\/informelitoral.com.ar\/author\/gonzalo\/"}]}},"_links":{"self":[{"href":"https:\/\/informelitoral.com.ar\/%77%70%2d%6a%73%6f%6e\/wp\/v2\/posts\/7304","targetHints":{"allow":["GET"]}}],"collection":[{"href":"https:\/\/informelitoral.com.ar\/%77%70%2d%6a%73%6f%6e\/wp\/v2\/posts"}],"about":[{"href":"https:\/\/informelitoral.com.ar\/%77%70%2d%6a%73%6f%6e\/wp\/v2\/types\/post"}],"author":[{"embeddable":true,"href":"https:\/\/informelitoral.com.ar\/%77%70%2d%6a%73%6f%6e\/wp\/v2\/users\/2"}],"replies":[{"embeddable":true,"href":"https:\/\/informelitoral.com.ar\/%77%70%2d%6a%73%6f%6e\/wp\/v2\/comments?post=7304"}],"version-history":[{"count":0,"href":"https:\/\/informelitoral.com.ar\/%77%70%2d%6a%73%6f%6e\/wp\/v2\/posts\/7304\/revisions"}],"wp:attachment":[{"href":"https:\/\/informelitoral.com.ar\/%77%70%2d%6a%73%6f%6e\/wp\/v2\/media?parent=7304"}],"wp:term":[{"taxonomy":"category","embeddable":true,"href":"https:\/\/informelitoral.com.ar\/%77%70%2d%6a%73%6f%6e\/wp\/v2\/categories?post=7304"},{"taxonomy":"post_tag","embeddable":true,"href":"https:\/\/informelitoral.com.ar\/%77%70%2d%6a%73%6f%6e\/wp\/v2\/tags?post=7304"}],"curies":[{"name":"wp","href":"https:\/\/api.w.org\/{rel}","templated":true}]}}