{"id":73029,"date":"2022-03-09T10:23:08","date_gmt":"2022-03-09T13:23:08","guid":{"rendered":"https:\/\/www.informelitoral.com.ar\/?p=73029"},"modified":"2022-03-09T10:47:47","modified_gmt":"2022-03-09T13:47:47","slug":"inflacion-sin-freno-en-febrero-pasado-el-precio-de-carne-subio-casi-un-4","status":"publish","type":"post","link":"https:\/\/informelitoral.com.ar\/inflacion-sin-freno-en-febrero-pasado-el-precio-de-carne-subio-casi-un-4\/","title":{"rendered":"Inflaci\u00f3n sin freno: en febrero pasado el precio de carne subi\u00f3 casi un 4%"},"content":{"rendered":"<p class=\"paragraph\">El Gobierno nacional sigue son poder cumplir el objetivo de hacer bajar el precio de la carne al consumidor mediante las restricciones a las exportaciones de los siete cortes populares m\u00e1s demandados en el mercado interno, en momentos de una merma significativa del consumo interno por el menor poder adquisitivo de la poblaci\u00f3n.<\/p>\n<p class=\"paragraph\">Seg\u00fan el informe mensual de la C\u00e1mara de la Industria del Comercio de Carnes y Derivados de la Rep\u00fablica Argentina (CICCRA),\u00a0<mark class=\"hl_yellow\"><b>en febrero pasado en el \u00c1rea Metropolitana de Buenos Aires (AMBA) el precio promedio de los cortes de carne vacuna registraron un aumento de 3,7%.<\/b><\/mark>\u00a0Adem\u00e1s,\u00a0<b>en los \u00faltimos doce meses el precio promedio acumul\u00f3 un aumento de 59,2%<\/b>. Los integrantes de CICCRA destacaron que el incremento durante el mes pasado, se atribuy\u00f3 \u201cal ajuste realizado en carnicer\u00edas, al tiempo que en supermercados se observ\u00f3 una leve retracci\u00f3n, luego de la fuerte suba de enero\u201d.<\/p>\n<p>Adem\u00e1s, el mes pasado\u00a0<b>el precio del pollo aument\u00f3 a un ritmo similar al promedio de la carne vacuna, pero en lo que va de 2022 subi\u00f3 a mayor ritmo que ellos. La suba de febrero fue de 3,6%, en tanto que en el primer bimestre acumul\u00f3 un alza de 7,8% (vs. 5,6% del promedio de los cortes vacunos)<\/b>. Al igual que en el caso de la carne vacuna, durante febrero en las carnicer\u00edas el precio del pollo subi\u00f3 5,7% con relaci\u00f3n a enero, y en los supermercados baj\u00f3 4,8% mensual. Y en los \u00faltimos 12 meses el precio aument\u00f3 un 39,9%.<\/p>\n<p class=\"paragraph\">En el caso del pechito de cerdo, su valor solamente subi\u00f3 en promedio un 0,5% mensual, donde en las carnicer\u00edas se registr\u00f3 un incremento del 2,5% mensual y en los supermercados cay\u00f3 un 5,5% mensual. Mientras tanto, en los \u00faltimos doce meses el precio promedio subi\u00f3 46,3%.<\/p>\n<p class=\"paragraph\">Por otro lado, el informe se\u00f1al\u00f3 que al\u00a0<b>comparar los valores de febrero pasado con los del mismo mes de 2020, es decir con el \u00faltimo mes completo previo a la pandemia\/ y a la cuarentena\u2019, el precio promedio de los cortes vacunos experiment\u00f3 un alza de 174,3%<\/b>, el precio del pollo entero aument\u00f3 126,1% y el valor unitario del pechito de cerdo se elev\u00f3 118,4%.<\/p>\n<h4 class=\"header\"><strong>Exportaciones<\/strong><\/h4>\n<p class=\"paragraph\">Los datos de CICCRA sobre el nivel de exportaciones de carne vacuna de enero pasado, coinciden con los difundidos semanas atr\u00e1s por diferentes estudios privados.\u00a0<b>En el inicio del 2022, con solamente la restricci\u00f3n para exportar los siete cortes populares hasta el 31 de diciembre del a\u00f1o pr\u00f3ximo, la comercializaci\u00f3n de carne al mundo se ubic\u00f3 en 36.700 toneladas peso producto, un 24,6% de ca\u00edda interanual<\/b>. Al realizar la comparaci\u00f3n con las toneladas res con hueso, la exportaci\u00f3n fue de 52.100 toneladas, un 24,7% de merma interanual.<\/p>\n<p class=\"paragraph\">Por su parte, la facturaci\u00f3n por exportaciones sum\u00f3 206,7 millones de d\u00f3lares en enero de 2022, un 3,2% de aumento en relaci\u00f3n a enero de 2021. El aumento del precio promedio declarado, que pas\u00f3 de 4.108 d\u00f3lares por tonelada peso producto en enero del a\u00f1o pasado a 5.624 d\u00f3lares por tonelada peso producto en enero del corriente a\u00f1o, m\u00e1s que compens\u00f3 el retroceso del volumen exportado (+36,9% vs. -24,6%).<\/p>\n<p class=\"paragraph\">Por \u00faltimo, Chia sigue siendo el principal destino de las exportaciones de carne de nuestro pa\u00eds. En enero pasado sus importaciones cayeron un 25,8% interanual, y el descenso del total embarcado por los frigor\u00edficos argentinos con destino al gigante asi\u00e1tico explic\u00f3 casi 78% de la contracci\u00f3n del volumen total exportado.(<em>Infocampo<\/em>)<\/p>\n","protected":false},"excerpt":{"rendered":"<p>As\u00ed lo reflej\u00f3 el informe mensual de la C\u00e1mara de la Industria del Comercio de Carnes y Derivados de la Rep\u00fablica Argentina. Adem\u00e1s, las exportaciones cayeron en enero m\u00e1s de un 24%, pese a la liberaci\u00f3n que anunci\u00f3 el Gobierno, con la excepci\u00f3n de los siete cortes populares<\/p>\n","protected":false},"author":8,"featured_media":73030,"comment_status":"open","ping_status":"open","sticky":false,"template":"","format":"standard","meta":{"fifu_image_url":"","fifu_image_alt":"","footnotes":""},"categories":[1594],"tags":[389,95,3200],"class_list":{"0":"post-73029","1":"post","2":"type-post","3":"status-publish","4":"format-standard","5":"has-post-thumbnail","7":"category-economia","8":"tag-carne","9":"tag-inflacion","10":"tag-suba-de-precios"},"yoast_head":"<title>Inflaci\u00f3n sin freno: en febrero pasado el precio de carne subi\u00f3 casi un 4% - Informe Litoral<\/title>\n<meta name=\"robots\" content=\"index, follow, max-snippet:-1, max-image-preview:large, max-video-preview:-1\" \/>\n<link rel=\"canonical\" href=\"https:\/\/informelitoral.com.ar\/inflacion-sin-freno-en-febrero-pasado-el-precio-de-carne-subio-casi-un-4\/\" \/>\n<meta property=\"og:locale\" content=\"es_ES\" \/>\n<meta property=\"og:type\" content=\"article\" \/>\n<meta property=\"og:title\" content=\"Inflaci\u00f3n sin freno: en febrero pasado el precio de carne subi\u00f3 casi un 4% - Informe Litoral\" \/>\n<meta property=\"og:description\" content=\"As\u00ed lo reflej\u00f3 el informe mensual de la C\u00e1mara de la Industria del Comercio de Carnes y Derivados de la Rep\u00fablica Argentina. Adem\u00e1s, las exportaciones cayeron en enero m\u00e1s de un 24%, pese a la liberaci\u00f3n que anunci\u00f3 el Gobierno, con la excepci\u00f3n de los siete cortes populares\" \/>\n<meta property=\"og:url\" content=\"https:\/\/informelitoral.com.ar\/inflacion-sin-freno-en-febrero-pasado-el-precio-de-carne-subio-casi-un-4\/\" \/>\n<meta property=\"og:site_name\" content=\"Informe Litoral\" \/>\n<meta property=\"article:publisher\" content=\"https:\/\/www.facebook.com\/informelitoral\/\" \/>\n<meta property=\"article:published_time\" content=\"2022-03-09T13:23:08+00:00\" \/>\n<meta property=\"article:modified_time\" content=\"2022-03-09T13:47:47+00:00\" \/>\n<meta property=\"og:image\" content=\"https:\/\/informelitoral.com.ar\/%77%70%2d%63%6f%6e%74%65%6e%74\/uploads\/2022\/03\/carniceria-2.jpg\" \/>\n\t<meta property=\"og:image:width\" content=\"1000\" \/>\n\t<meta property=\"og:image:height\" content=\"562\" \/>\n\t<meta property=\"og:image:type\" content=\"image\/jpeg\" \/>\n<meta name=\"author\" content=\"Sebastian\" \/>\n<meta name=\"twitter:card\" content=\"summary_large_image\" \/>\n<meta name=\"twitter:creator\" content=\"@InformeLitoral\" \/>\n<meta name=\"twitter:site\" content=\"@InformeLitoral\" \/>\n<meta name=\"twitter:label1\" content=\"Escrito por\" \/>\n\t<meta name=\"twitter:data1\" content=\"Sebastian\" \/>\n\t<meta name=\"twitter:label2\" content=\"Tiempo de lectura\" \/>\n\t<meta name=\"twitter:data2\" content=\"3 minutos\" \/>\n<script type=\"application\/ld+json\" class=\"yoast-schema-graph\">{\"@context\":\"https:\\\/\\\/schema.org\",\"@graph\":[{\"@type\":\"Article\",\"@id\":\"https:\\\/\\\/informelitoral.com.ar\\\/inflacion-sin-freno-en-febrero-pasado-el-precio-de-carne-subio-casi-un-4\\\/#article\",\"isPartOf\":{\"@id\":\"https:\\\/\\\/informelitoral.com.ar\\\/inflacion-sin-freno-en-febrero-pasado-el-precio-de-carne-subio-casi-un-4\\\/\"},\"author\":{\"name\":\"Sebastian\",\"@id\":\"https:\\\/\\\/informelitoral.com.ar\\\/#\\\/schema\\\/person\\\/f05f9f461677119578717524b127d6d5\"},\"headline\":\"Inflaci\u00f3n sin freno: en febrero pasado el precio de carne subi\u00f3 casi un 4%\",\"datePublished\":\"2022-03-09T13:23:08+00:00\",\"dateModified\":\"2022-03-09T13:47:47+00:00\",\"mainEntityOfPage\":{\"@id\":\"https:\\\/\\\/informelitoral.com.ar\\\/inflacion-sin-freno-en-febrero-pasado-el-precio-de-carne-subio-casi-un-4\\\/\"},\"wordCount\":586,\"commentCount\":0,\"publisher\":{\"@id\":\"https:\\\/\\\/informelitoral.com.ar\\\/#organization\"},\"image\":{\"@id\":\"https:\\\/\\\/informelitoral.com.ar\\\/inflacion-sin-freno-en-febrero-pasado-el-precio-de-carne-subio-casi-un-4\\\/#primaryimage\"},\"thumbnailUrl\":\"https:\\\/\\\/informelitoral.com.ar\\\/%77%70%2d%63%6f%6e%74%65%6e%74\\\/uploads\\\/2022\\\/03\\\/carniceria-2.jpg\",\"keywords\":[\"Carne\",\"Inflaci\u00f3n\",\"Suba de precios\"],\"articleSection\":[\"Econom\u00eda\"],\"inLanguage\":\"es\",\"potentialAction\":[{\"@type\":\"CommentAction\",\"name\":\"Comment\",\"target\":[\"https:\\\/\\\/informelitoral.com.ar\\\/inflacion-sin-freno-en-febrero-pasado-el-precio-de-carne-subio-casi-un-4\\\/#respond\"]}]},{\"@type\":\"WebPage\",\"@id\":\"https:\\\/\\\/informelitoral.com.ar\\\/inflacion-sin-freno-en-febrero-pasado-el-precio-de-carne-subio-casi-un-4\\\/\",\"url\":\"https:\\\/\\\/informelitoral.com.ar\\\/inflacion-sin-freno-en-febrero-pasado-el-precio-de-carne-subio-casi-un-4\\\/\",\"name\":\"Inflaci\u00f3n sin freno: en febrero pasado el precio de carne subi\u00f3 casi un 4% - Informe Litoral\",\"isPartOf\":{\"@id\":\"https:\\\/\\\/informelitoral.com.ar\\\/#website\"},\"primaryImageOfPage\":{\"@id\":\"https:\\\/\\\/informelitoral.com.ar\\\/inflacion-sin-freno-en-febrero-pasado-el-precio-de-carne-subio-casi-un-4\\\/#primaryimage\"},\"image\":{\"@id\":\"https:\\\/\\\/informelitoral.com.ar\\\/inflacion-sin-freno-en-febrero-pasado-el-precio-de-carne-subio-casi-un-4\\\/#primaryimage\"},\"thumbnailUrl\":\"https:\\\/\\\/informelitoral.com.ar\\\/%77%70%2d%63%6f%6e%74%65%6e%74\\\/uploads\\\/2022\\\/03\\\/carniceria-2.jpg\",\"datePublished\":\"2022-03-09T13:23:08+00:00\",\"dateModified\":\"2022-03-09T13:47:47+00:00\",\"breadcrumb\":{\"@id\":\"https:\\\/\\\/informelitoral.com.ar\\\/inflacion-sin-freno-en-febrero-pasado-el-precio-de-carne-subio-casi-un-4\\\/#breadcrumb\"},\"inLanguage\":\"es\",\"potentialAction\":[{\"@type\":\"ReadAction\",\"target\":[\"https:\\\/\\\/informelitoral.com.ar\\\/inflacion-sin-freno-en-febrero-pasado-el-precio-de-carne-subio-casi-un-4\\\/\"]}]},{\"@type\":\"ImageObject\",\"inLanguage\":\"es\",\"@id\":\"https:\\\/\\\/informelitoral.com.ar\\\/inflacion-sin-freno-en-febrero-pasado-el-precio-de-carne-subio-casi-un-4\\\/#primaryimage\",\"url\":\"https:\\\/\\\/informelitoral.com.ar\\\/%77%70%2d%63%6f%6e%74%65%6e%74\\\/uploads\\\/2022\\\/03\\\/carniceria-2.jpg\",\"contentUrl\":\"https:\\\/\\\/informelitoral.com.ar\\\/%77%70%2d%63%6f%6e%74%65%6e%74\\\/uploads\\\/2022\\\/03\\\/carniceria-2.jpg\",\"width\":1000,\"height\":562},{\"@type\":\"BreadcrumbList\",\"@id\":\"https:\\\/\\\/informelitoral.com.ar\\\/inflacion-sin-freno-en-febrero-pasado-el-precio-de-carne-subio-casi-un-4\\\/#breadcrumb\",\"itemListElement\":[{\"@type\":\"ListItem\",\"position\":1,\"name\":\"Portada\",\"item\":\"https:\\\/\\\/informelitoral.com.ar\\\/\"},{\"@type\":\"ListItem\",\"position\":2,\"name\":\"Inflaci\u00f3n sin freno: en febrero pasado el precio de carne subi\u00f3 casi un 4%\"}]},{\"@type\":\"WebSite\",\"@id\":\"https:\\\/\\\/informelitoral.com.ar\\\/#website\",\"url\":\"https:\\\/\\\/informelitoral.com.ar\\\/\",\"name\":\"Informe Litoral\",\"description\":\"&quot;Nos informamos&quot; \",\"publisher\":{\"@id\":\"https:\\\/\\\/informelitoral.com.ar\\\/#organization\"},\"potentialAction\":[{\"@type\":\"SearchAction\",\"target\":{\"@type\":\"EntryPoint\",\"urlTemplate\":\"https:\\\/\\\/informelitoral.com.ar\\\/?s={search_term_string}\"},\"query-input\":{\"@type\":\"PropertyValueSpecification\",\"valueRequired\":true,\"valueName\":\"search_term_string\"}}],\"inLanguage\":\"es\"},{\"@type\":\"Organization\",\"@id\":\"https:\\\/\\\/informelitoral.com.ar\\\/#organization\",\"name\":\"Informe Litoral\",\"url\":\"https:\\\/\\\/informelitoral.com.ar\\\/\",\"logo\":{\"@type\":\"ImageObject\",\"inLanguage\":\"es\",\"@id\":\"https:\\\/\\\/informelitoral.com.ar\\\/#\\\/schema\\\/logo\\\/image\\\/\",\"url\":\"https:\\\/\\\/informelitoral.com.ar\\\/%77%70%2d%63%6f%6e%74%65%6e%74\\\/uploads\\\/2021\\\/01\\\/circulo.png\",\"contentUrl\":\"https:\\\/\\\/informelitoral.com.ar\\\/%77%70%2d%63%6f%6e%74%65%6e%74\\\/uploads\\\/2021\\\/01\\\/circulo.png\",\"width\":723,\"height\":731,\"caption\":\"Informe Litoral\"},\"image\":{\"@id\":\"https:\\\/\\\/informelitoral.com.ar\\\/#\\\/schema\\\/logo\\\/image\\\/\"},\"sameAs\":[\"https:\\\/\\\/www.facebook.com\\\/informelitoral\\\/\",\"https:\\\/\\\/x.com\\\/InformeLitoral\",\"https:\\\/\\\/www.instagram.com\\\/informelitoral\\\/\",\"https:\\\/\\\/www.youtube.com\\\/channel\\\/UCua4Qvz8Icb6MYqhoq9xLXw\"]},{\"@type\":\"Person\",\"@id\":\"https:\\\/\\\/informelitoral.com.ar\\\/#\\\/schema\\\/person\\\/f05f9f461677119578717524b127d6d5\",\"name\":\"Sebastian\",\"image\":{\"@type\":\"ImageObject\",\"inLanguage\":\"es\",\"@id\":\"https:\\\/\\\/secure.gravatar.com\\\/avatar\\\/b71bf7481d447dfb9583c7f2798e7cc64de6efb9067b74633ed8c31059a3bd82?s=96&d=mm&r=g\",\"url\":\"https:\\\/\\\/secure.gravatar.com\\\/avatar\\\/b71bf7481d447dfb9583c7f2798e7cc64de6efb9067b74633ed8c31059a3bd82?s=96&d=mm&r=g\",\"contentUrl\":\"https:\\\/\\\/secure.gravatar.com\\\/avatar\\\/b71bf7481d447dfb9583c7f2798e7cc64de6efb9067b74633ed8c31059a3bd82?s=96&d=mm&r=g\",\"caption\":\"Sebastian\"},\"url\":\"https:\\\/\\\/informelitoral.com.ar\\\/author\\\/sebastian\\\/\"}]}<\/script>","yoast_head_json":{"title":"Inflaci\u00f3n sin freno: en febrero pasado el precio de carne subi\u00f3 casi un 4% - Informe Litoral","robots":{"index":"index","follow":"follow","max-snippet":"max-snippet:-1","max-image-preview":"max-image-preview:large","max-video-preview":"max-video-preview:-1"},"canonical":"https:\/\/informelitoral.com.ar\/inflacion-sin-freno-en-febrero-pasado-el-precio-de-carne-subio-casi-un-4\/","og_locale":"es_ES","og_type":"article","og_title":"Inflaci\u00f3n sin freno: en febrero pasado el precio de carne subi\u00f3 casi un 4% - Informe Litoral","og_description":"As\u00ed lo reflej\u00f3 el informe mensual de la C\u00e1mara de la Industria del Comercio de Carnes y Derivados de la Rep\u00fablica Argentina. Adem\u00e1s, las exportaciones cayeron en enero m\u00e1s de un 24%, pese a la liberaci\u00f3n que anunci\u00f3 el Gobierno, con la excepci\u00f3n de los siete cortes populares","og_url":"https:\/\/informelitoral.com.ar\/inflacion-sin-freno-en-febrero-pasado-el-precio-de-carne-subio-casi-un-4\/","og_site_name":"Informe Litoral","article_publisher":"https:\/\/www.facebook.com\/informelitoral\/","article_published_time":"2022-03-09T13:23:08+00:00","article_modified_time":"2022-03-09T13:47:47+00:00","og_image":[{"width":1000,"height":562,"url":"https:\/\/informelitoral.com.ar\/%77%70%2d%63%6f%6e%74%65%6e%74\/uploads\/2022\/03\/carniceria-2.jpg","type":"image\/jpeg"}],"author":"Sebastian","twitter_card":"summary_large_image","twitter_creator":"@InformeLitoral","twitter_site":"@InformeLitoral","twitter_misc":{"Escrito por":"Sebastian","Tiempo de lectura":"3 minutos"},"schema":{"@context":"https:\/\/schema.org","@graph":[{"@type":"Article","@id":"https:\/\/informelitoral.com.ar\/inflacion-sin-freno-en-febrero-pasado-el-precio-de-carne-subio-casi-un-4\/#article","isPartOf":{"@id":"https:\/\/informelitoral.com.ar\/inflacion-sin-freno-en-febrero-pasado-el-precio-de-carne-subio-casi-un-4\/"},"author":{"name":"Sebastian","@id":"https:\/\/informelitoral.com.ar\/#\/schema\/person\/f05f9f461677119578717524b127d6d5"},"headline":"Inflaci\u00f3n sin freno: en febrero pasado el precio de carne subi\u00f3 casi un 4%","datePublished":"2022-03-09T13:23:08+00:00","dateModified":"2022-03-09T13:47:47+00:00","mainEntityOfPage":{"@id":"https:\/\/informelitoral.com.ar\/inflacion-sin-freno-en-febrero-pasado-el-precio-de-carne-subio-casi-un-4\/"},"wordCount":586,"commentCount":0,"publisher":{"@id":"https:\/\/informelitoral.com.ar\/#organization"},"image":{"@id":"https:\/\/informelitoral.com.ar\/inflacion-sin-freno-en-febrero-pasado-el-precio-de-carne-subio-casi-un-4\/#primaryimage"},"thumbnailUrl":"https:\/\/informelitoral.com.ar\/%77%70%2d%63%6f%6e%74%65%6e%74\/uploads\/2022\/03\/carniceria-2.jpg","keywords":["Carne","Inflaci\u00f3n","Suba de precios"],"articleSection":["Econom\u00eda"],"inLanguage":"es","potentialAction":[{"@type":"CommentAction","name":"Comment","target":["https:\/\/informelitoral.com.ar\/inflacion-sin-freno-en-febrero-pasado-el-precio-de-carne-subio-casi-un-4\/#respond"]}]},{"@type":"WebPage","@id":"https:\/\/informelitoral.com.ar\/inflacion-sin-freno-en-febrero-pasado-el-precio-de-carne-subio-casi-un-4\/","url":"https:\/\/informelitoral.com.ar\/inflacion-sin-freno-en-febrero-pasado-el-precio-de-carne-subio-casi-un-4\/","name":"Inflaci\u00f3n sin freno: en febrero pasado el precio de carne subi\u00f3 casi un 4% - Informe Litoral","isPartOf":{"@id":"https:\/\/informelitoral.com.ar\/#website"},"primaryImageOfPage":{"@id":"https:\/\/informelitoral.com.ar\/inflacion-sin-freno-en-febrero-pasado-el-precio-de-carne-subio-casi-un-4\/#primaryimage"},"image":{"@id":"https:\/\/informelitoral.com.ar\/inflacion-sin-freno-en-febrero-pasado-el-precio-de-carne-subio-casi-un-4\/#primaryimage"},"thumbnailUrl":"https:\/\/informelitoral.com.ar\/%77%70%2d%63%6f%6e%74%65%6e%74\/uploads\/2022\/03\/carniceria-2.jpg","datePublished":"2022-03-09T13:23:08+00:00","dateModified":"2022-03-09T13:47:47+00:00","breadcrumb":{"@id":"https:\/\/informelitoral.com.ar\/inflacion-sin-freno-en-febrero-pasado-el-precio-de-carne-subio-casi-un-4\/#breadcrumb"},"inLanguage":"es","potentialAction":[{"@type":"ReadAction","target":["https:\/\/informelitoral.com.ar\/inflacion-sin-freno-en-febrero-pasado-el-precio-de-carne-subio-casi-un-4\/"]}]},{"@type":"ImageObject","inLanguage":"es","@id":"https:\/\/informelitoral.com.ar\/inflacion-sin-freno-en-febrero-pasado-el-precio-de-carne-subio-casi-un-4\/#primaryimage","url":"https:\/\/informelitoral.com.ar\/%77%70%2d%63%6f%6e%74%65%6e%74\/uploads\/2022\/03\/carniceria-2.jpg","contentUrl":"https:\/\/informelitoral.com.ar\/%77%70%2d%63%6f%6e%74%65%6e%74\/uploads\/2022\/03\/carniceria-2.jpg","width":1000,"height":562},{"@type":"BreadcrumbList","@id":"https:\/\/informelitoral.com.ar\/inflacion-sin-freno-en-febrero-pasado-el-precio-de-carne-subio-casi-un-4\/#breadcrumb","itemListElement":[{"@type":"ListItem","position":1,"name":"Portada","item":"https:\/\/informelitoral.com.ar\/"},{"@type":"ListItem","position":2,"name":"Inflaci\u00f3n sin freno: en febrero pasado el precio de carne subi\u00f3 casi un 4%"}]},{"@type":"WebSite","@id":"https:\/\/informelitoral.com.ar\/#website","url":"https:\/\/informelitoral.com.ar\/","name":"Informe Litoral","description":"&quot;Nos informamos&quot; ","publisher":{"@id":"https:\/\/informelitoral.com.ar\/#organization"},"potentialAction":[{"@type":"SearchAction","target":{"@type":"EntryPoint","urlTemplate":"https:\/\/informelitoral.com.ar\/?s={search_term_string}"},"query-input":{"@type":"PropertyValueSpecification","valueRequired":true,"valueName":"search_term_string"}}],"inLanguage":"es"},{"@type":"Organization","@id":"https:\/\/informelitoral.com.ar\/#organization","name":"Informe Litoral","url":"https:\/\/informelitoral.com.ar\/","logo":{"@type":"ImageObject","inLanguage":"es","@id":"https:\/\/informelitoral.com.ar\/#\/schema\/logo\/image\/","url":"https:\/\/informelitoral.com.ar\/%77%70%2d%63%6f%6e%74%65%6e%74\/uploads\/2021\/01\/circulo.png","contentUrl":"https:\/\/informelitoral.com.ar\/%77%70%2d%63%6f%6e%74%65%6e%74\/uploads\/2021\/01\/circulo.png","width":723,"height":731,"caption":"Informe Litoral"},"image":{"@id":"https:\/\/informelitoral.com.ar\/#\/schema\/logo\/image\/"},"sameAs":["https:\/\/www.facebook.com\/informelitoral\/","https:\/\/x.com\/InformeLitoral","https:\/\/www.instagram.com\/informelitoral\/","https:\/\/www.youtube.com\/channel\/UCua4Qvz8Icb6MYqhoq9xLXw"]},{"@type":"Person","@id":"https:\/\/informelitoral.com.ar\/#\/schema\/person\/f05f9f461677119578717524b127d6d5","name":"Sebastian","image":{"@type":"ImageObject","inLanguage":"es","@id":"https:\/\/secure.gravatar.com\/avatar\/b71bf7481d447dfb9583c7f2798e7cc64de6efb9067b74633ed8c31059a3bd82?s=96&d=mm&r=g","url":"https:\/\/secure.gravatar.com\/avatar\/b71bf7481d447dfb9583c7f2798e7cc64de6efb9067b74633ed8c31059a3bd82?s=96&d=mm&r=g","contentUrl":"https:\/\/secure.gravatar.com\/avatar\/b71bf7481d447dfb9583c7f2798e7cc64de6efb9067b74633ed8c31059a3bd82?s=96&d=mm&r=g","caption":"Sebastian"},"url":"https:\/\/informelitoral.com.ar\/author\/sebastian\/"}]}},"_links":{"self":[{"href":"https:\/\/informelitoral.com.ar\/%77%70%2d%6a%73%6f%6e\/wp\/v2\/posts\/73029","targetHints":{"allow":["GET"]}}],"collection":[{"href":"https:\/\/informelitoral.com.ar\/%77%70%2d%6a%73%6f%6e\/wp\/v2\/posts"}],"about":[{"href":"https:\/\/informelitoral.com.ar\/%77%70%2d%6a%73%6f%6e\/wp\/v2\/types\/post"}],"author":[{"embeddable":true,"href":"https:\/\/informelitoral.com.ar\/%77%70%2d%6a%73%6f%6e\/wp\/v2\/users\/8"}],"replies":[{"embeddable":true,"href":"https:\/\/informelitoral.com.ar\/%77%70%2d%6a%73%6f%6e\/wp\/v2\/comments?post=73029"}],"version-history":[{"count":0,"href":"https:\/\/informelitoral.com.ar\/%77%70%2d%6a%73%6f%6e\/wp\/v2\/posts\/73029\/revisions"}],"wp:featuredmedia":[{"embeddable":true,"href":"https:\/\/informelitoral.com.ar\/%77%70%2d%6a%73%6f%6e\/wp\/v2\/media\/73030"}],"wp:attachment":[{"href":"https:\/\/informelitoral.com.ar\/%77%70%2d%6a%73%6f%6e\/wp\/v2\/media?parent=73029"}],"wp:term":[{"taxonomy":"category","embeddable":true,"href":"https:\/\/informelitoral.com.ar\/%77%70%2d%6a%73%6f%6e\/wp\/v2\/categories?post=73029"},{"taxonomy":"post_tag","embeddable":true,"href":"https:\/\/informelitoral.com.ar\/%77%70%2d%6a%73%6f%6e\/wp\/v2\/tags?post=73029"}],"curies":[{"name":"wp","href":"https:\/\/api.w.org\/{rel}","templated":true}]}}