{"id":73026,"date":"2022-03-09T09:50:40","date_gmt":"2022-03-09T12:50:40","guid":{"rendered":"https:\/\/www.informelitoral.com.ar\/?p=73026"},"modified":"2022-03-09T09:50:40","modified_gmt":"2022-03-09T12:50:40","slug":"el-precio-del-trigo-cayo-mas-de-un-10-luego-de-varias-jornadas-de-subas-historicas","status":"publish","type":"post","link":"https:\/\/informelitoral.com.ar\/el-precio-del-trigo-cayo-mas-de-un-10-luego-de-varias-jornadas-de-subas-historicas\/","title":{"rendered":"El precio del trigo cay\u00f3 m\u00e1s de un 10% luego de varias jornadas de subas hist\u00f3ricas"},"content":{"rendered":"<p class=\"paragraph\">Mientras los puertos ucranianos siguen cerrados y Rusia sigue recibiendo sanciones por su invasi\u00f3n a ese pa\u00eds,<b>\u00a0los precios internacionales sufrieron el efecto en el d\u00eda de hoy en el mercado de referencia de Chicago<\/b>, especialmente en las cotizaciones del trigo que el martes se desplomaron luego de 6 sesiones con subas hist\u00f3ricas.<\/p>\n<p class=\"paragraph\"><b>La posici\u00f3n marzo del cereal cay\u00f3 USD 56, un 10,65% y la tonelada cotiz\u00f3 a USD 467,77.\u00a0<\/b>De esta manera, el trigo sigue inmerso en la incertidumbre por la continuidad de la crisis ruso-ucraniana. Los analistas de la Bolsa de Comercio de Rosario se\u00f1alaron que, en este contexto, en Brasil se aceleran los negocios y se esperan alzas en las exportaciones de trigo y ma\u00edz, lo que da alivio a los precios en un contexto de fuertes restricciones de oferta. Adem\u00e1s, la India tambi\u00e9n proyecta incrementar sus exportaciones de trigo.<\/p>\n<p class=\"paragraph\">Por su parte,\u00a0<b>la soja y el ma\u00edz cotizaron en terreno positivo<\/b>. En lo que respecta al cereal, las subas del contrato marzo fueron de un 0,70% o USD 7,07 y la tonelada cotiz\u00f3 a USD 297,03. Al igual que el trigo, se aguardan m\u00e1s negocios de exportaci\u00f3n de ma\u00edz desde Estados Unidos por el cierre de puertos de Ucrania, lo que limita las mermas de oferta y lleva a p\u00e9rdidas en algunas posiciones. A todo esto, los valores registran incrementos porque desde la regi\u00f3n del Mar Negro se exporta cerca de un quinto del comercio mundial de ma\u00edz, lo que lleva a ganancias en posiciones m\u00e1s cercanas y limita las bajas en las m\u00e1s lejanas.<\/p>\n<p class=\"paragraph\"><b>En el mercado de la soja, las subas del contrato marzo 2022 alcanzaron un 1,81% o USD 11,12 y donde la tonelada cotiz\u00f3 a USD 626,33<\/b>, como consecuencia de las muy buenas perspectivas exportadoras en los Estados Unidos frente a un panorama bajista de comercio exterior en Sudam\u00e9rica. En vista de la importante sequ\u00eda que ha azotado a Brasil y a nuestro pa\u00eds, se espera un fuerte impulso exportador por parte de la potencia norteamericana.<\/p>\n<p class=\"paragraph\">Hoy durante una conferencia de prensa en el marco de Expoagro, en la ciudad bonaerense de San Nicol\u00e1s, el titular de Asociaci\u00f3n Argentina de Trigo (ArgenTrigo),\u00a0<b>Miguel Can\u00e9<\/b>, dijo que \u201c<b>el potencial de la cadena triguera con pol\u00edticas publicas a favor es de una siembra de 8 millones de hect\u00e1reas, 28 millones de toneladas de producci\u00f3n total, e ingreso de divisas entre 8.000 y 10.000 millones de d\u00f3lares\u201d.<\/b><\/p>\n<p class=\"paragraph\"><b>Retenciones e intervenci\u00f3n<\/b><\/p>\n<p class=\"paragraph\">Tambi\u00e9n se suman las versiones en torno a un posible aumento de la retenciones a las exportaciones del agro, en caso que avance el acuerdo del Gobierno con el Fondo Monetario Internacional. Hoy, durante su exposici\u00f3n junto a los dem\u00e1s integrantes del Grupo de los 6 en la Comisi\u00f3n de Presupuesto y Hacienda de la C\u00e1mara de Diputados, el presidente de la Sociedad Rural Argentina,\u00a0<b>Nicol\u00e1s Pino<\/b>,\u00a0<b>plante\u00f3 que el pa\u00eds necesita ordenar la macroeconom\u00eda bajando el gasto p\u00fablico; reducir la inflaci\u00f3n; contar con un \u00fanico tipo de cambio; y reducir la presi\u00f3n tributaria,\u00a0<\/b>\u201ccomenzando por los impuestos m\u00e1s distorsivos tales como los derechos de exportaci\u00f3n (la Sociedad Rural present\u00f3 una acci\u00f3n de amparo colectiva por la ilegalidad e inconstitucionalidad), Impuesto sobre los ingresos brutos, impuesto al cheque, etc.,\u00a0<b>todas cargas sin las cuales el sector agropecuario podr\u00eda producir m\u00e1s, generar m\u00e1s empleo y m\u00e1s divisas<\/b>\u201d.<\/p>\n<p class=\"paragraph\">El dirigente tambi\u00e9n reclam\u00f3 eliminar \u201clas intervenciones que alteran el normal funcionamiento de los mercados, tales como cierre de exportaci\u00f3n, cupos y\/o acuerdos que limitan el libre comercio. Eliminar las transferencias de recursos entre diferentes eslabones de la cadena, originados por mecanismos, como, por ejemplo,<b>\u00a0fideicomisos como el del trigo recientemente creado<\/b>. En definitiva, creemos que ustedes (los legisladores) tienen el desaf\u00edo de encontrar en esta encrucijada las bases para construir una nueva Argentina\u201d.<\/p>\n<p class=\"paragraph\">Otro de los dirigentes del campo que se sum\u00f3 al debate del acuerdo con el Fondo Monetario Internacional, fue el presidente de Coninagro,\u00a0<b>Carlos Iannizzotto<\/b>, quien dijo ante los diputados: \u201d<b>Apoyamos un acuerdo con el FMI en el que los productores no sean variable de ajuste.\u00a0<\/b>Acompa\u00f1amos un acuerdo sin retenciones y que contemple un plan federal productivo que apoye a las econom\u00edas regionales con alivio fiscal y apoyo financiero. Necesitamos un pa\u00eds integrado al mundo, en sentido global, con acceso a organismos de cr\u00e9dito para promover al campo y al sector agroindustrial, productor de alimentos argentinos, tan demandados en el mundo\u201d.<\/p>\n","protected":false},"excerpt":{"rendered":"<p>En el mercado de referencia de Chicago la posici\u00f3n marzo del cereal registr\u00f3 una baja de casi 60 d\u00f3lares y cotiz\u00f3 por debajo de los USD 470 d\u00f3lares la tonelada<\/p>\n","protected":false},"author":8,"featured_media":72441,"comment_status":"open","ping_status":"open","sticky":false,"template":"","format":"standard","meta":{"fifu_image_url":"","fifu_image_alt":"","footnotes":""},"categories":[10],"tags":[3200,339],"class_list":{"0":"post-73026","1":"post","2":"type-post","3":"status-publish","4":"format-standard","5":"has-post-thumbnail","7":"category-campo","8":"tag-suba-de-precios","9":"tag-trigo"},"yoast_head":"<title>El precio del trigo cay\u00f3 m\u00e1s de un 10% luego de varias jornadas de subas hist\u00f3ricas - Informe Litoral<\/title>\n<meta name=\"robots\" content=\"index, follow, max-snippet:-1, max-image-preview:large, max-video-preview:-1\" \/>\n<link rel=\"canonical\" href=\"https:\/\/informelitoral.com.ar\/el-precio-del-trigo-cayo-mas-de-un-10-luego-de-varias-jornadas-de-subas-historicas\/\" \/>\n<meta property=\"og:locale\" content=\"es_ES\" \/>\n<meta property=\"og:type\" content=\"article\" \/>\n<meta property=\"og:title\" content=\"El precio del trigo cay\u00f3 m\u00e1s de un 10% luego de varias jornadas de subas hist\u00f3ricas - Informe Litoral\" \/>\n<meta property=\"og:description\" content=\"En el mercado de referencia de Chicago la posici\u00f3n marzo del cereal registr\u00f3 una baja de casi 60 d\u00f3lares y cotiz\u00f3 por debajo de los USD 470 d\u00f3lares la tonelada\" \/>\n<meta property=\"og:url\" content=\"https:\/\/informelitoral.com.ar\/el-precio-del-trigo-cayo-mas-de-un-10-luego-de-varias-jornadas-de-subas-historicas\/\" \/>\n<meta property=\"og:site_name\" content=\"Informe Litoral\" \/>\n<meta property=\"article:publisher\" content=\"https:\/\/www.facebook.com\/informelitoral\/\" \/>\n<meta property=\"article:published_time\" content=\"2022-03-09T12:50:40+00:00\" \/>\n<meta property=\"og:image\" content=\"https:\/\/informelitoral.com.ar\/%77%70%2d%63%6f%6e%74%65%6e%74\/uploads\/2022\/02\/trigo-leones-696x392-1.jpg\" \/>\n\t<meta property=\"og:image:width\" content=\"696\" \/>\n\t<meta property=\"og:image:height\" content=\"392\" \/>\n\t<meta property=\"og:image:type\" content=\"image\/jpeg\" \/>\n<meta name=\"author\" content=\"Sebastian\" \/>\n<meta name=\"twitter:card\" content=\"summary_large_image\" \/>\n<meta name=\"twitter:creator\" content=\"@InformeLitoral\" \/>\n<meta name=\"twitter:site\" content=\"@InformeLitoral\" \/>\n<meta name=\"twitter:label1\" content=\"Escrito por\" \/>\n\t<meta name=\"twitter:data1\" content=\"Sebastian\" \/>\n\t<meta name=\"twitter:label2\" content=\"Tiempo de lectura\" \/>\n\t<meta name=\"twitter:data2\" content=\"4 minutos\" \/>\n<script type=\"application\/ld+json\" class=\"yoast-schema-graph\">{\"@context\":\"https:\\\/\\\/schema.org\",\"@graph\":[{\"@type\":\"Article\",\"@id\":\"https:\\\/\\\/informelitoral.com.ar\\\/el-precio-del-trigo-cayo-mas-de-un-10-luego-de-varias-jornadas-de-subas-historicas\\\/#article\",\"isPartOf\":{\"@id\":\"https:\\\/\\\/informelitoral.com.ar\\\/el-precio-del-trigo-cayo-mas-de-un-10-luego-de-varias-jornadas-de-subas-historicas\\\/\"},\"author\":{\"name\":\"Sebastian\",\"@id\":\"https:\\\/\\\/informelitoral.com.ar\\\/#\\\/schema\\\/person\\\/f05f9f461677119578717524b127d6d5\"},\"headline\":\"El precio del trigo cay\u00f3 m\u00e1s de un 10% luego de varias jornadas de subas hist\u00f3ricas\",\"datePublished\":\"2022-03-09T12:50:40+00:00\",\"mainEntityOfPage\":{\"@id\":\"https:\\\/\\\/informelitoral.com.ar\\\/el-precio-del-trigo-cayo-mas-de-un-10-luego-de-varias-jornadas-de-subas-historicas\\\/\"},\"wordCount\":782,\"commentCount\":0,\"publisher\":{\"@id\":\"https:\\\/\\\/informelitoral.com.ar\\\/#organization\"},\"image\":{\"@id\":\"https:\\\/\\\/informelitoral.com.ar\\\/el-precio-del-trigo-cayo-mas-de-un-10-luego-de-varias-jornadas-de-subas-historicas\\\/#primaryimage\"},\"thumbnailUrl\":\"https:\\\/\\\/informelitoral.com.ar\\\/%77%70%2d%63%6f%6e%74%65%6e%74\\\/uploads\\\/2022\\\/02\\\/trigo-leones-696x392-1.jpg\",\"keywords\":[\"Suba de precios\",\"Trigo\"],\"articleSection\":[\"Campo\"],\"inLanguage\":\"es\",\"potentialAction\":[{\"@type\":\"CommentAction\",\"name\":\"Comment\",\"target\":[\"https:\\\/\\\/informelitoral.com.ar\\\/el-precio-del-trigo-cayo-mas-de-un-10-luego-de-varias-jornadas-de-subas-historicas\\\/#respond\"]}]},{\"@type\":\"WebPage\",\"@id\":\"https:\\\/\\\/informelitoral.com.ar\\\/el-precio-del-trigo-cayo-mas-de-un-10-luego-de-varias-jornadas-de-subas-historicas\\\/\",\"url\":\"https:\\\/\\\/informelitoral.com.ar\\\/el-precio-del-trigo-cayo-mas-de-un-10-luego-de-varias-jornadas-de-subas-historicas\\\/\",\"name\":\"El precio del trigo cay\u00f3 m\u00e1s de un 10% luego de varias jornadas de subas hist\u00f3ricas - Informe Litoral\",\"isPartOf\":{\"@id\":\"https:\\\/\\\/informelitoral.com.ar\\\/#website\"},\"primaryImageOfPage\":{\"@id\":\"https:\\\/\\\/informelitoral.com.ar\\\/el-precio-del-trigo-cayo-mas-de-un-10-luego-de-varias-jornadas-de-subas-historicas\\\/#primaryimage\"},\"image\":{\"@id\":\"https:\\\/\\\/informelitoral.com.ar\\\/el-precio-del-trigo-cayo-mas-de-un-10-luego-de-varias-jornadas-de-subas-historicas\\\/#primaryimage\"},\"thumbnailUrl\":\"https:\\\/\\\/informelitoral.com.ar\\\/%77%70%2d%63%6f%6e%74%65%6e%74\\\/uploads\\\/2022\\\/02\\\/trigo-leones-696x392-1.jpg\",\"datePublished\":\"2022-03-09T12:50:40+00:00\",\"breadcrumb\":{\"@id\":\"https:\\\/\\\/informelitoral.com.ar\\\/el-precio-del-trigo-cayo-mas-de-un-10-luego-de-varias-jornadas-de-subas-historicas\\\/#breadcrumb\"},\"inLanguage\":\"es\",\"potentialAction\":[{\"@type\":\"ReadAction\",\"target\":[\"https:\\\/\\\/informelitoral.com.ar\\\/el-precio-del-trigo-cayo-mas-de-un-10-luego-de-varias-jornadas-de-subas-historicas\\\/\"]}]},{\"@type\":\"ImageObject\",\"inLanguage\":\"es\",\"@id\":\"https:\\\/\\\/informelitoral.com.ar\\\/el-precio-del-trigo-cayo-mas-de-un-10-luego-de-varias-jornadas-de-subas-historicas\\\/#primaryimage\",\"url\":\"https:\\\/\\\/informelitoral.com.ar\\\/%77%70%2d%63%6f%6e%74%65%6e%74\\\/uploads\\\/2022\\\/02\\\/trigo-leones-696x392-1.jpg\",\"contentUrl\":\"https:\\\/\\\/informelitoral.com.ar\\\/%77%70%2d%63%6f%6e%74%65%6e%74\\\/uploads\\\/2022\\\/02\\\/trigo-leones-696x392-1.jpg\",\"width\":696,\"height\":392},{\"@type\":\"BreadcrumbList\",\"@id\":\"https:\\\/\\\/informelitoral.com.ar\\\/el-precio-del-trigo-cayo-mas-de-un-10-luego-de-varias-jornadas-de-subas-historicas\\\/#breadcrumb\",\"itemListElement\":[{\"@type\":\"ListItem\",\"position\":1,\"name\":\"Portada\",\"item\":\"https:\\\/\\\/informelitoral.com.ar\\\/\"},{\"@type\":\"ListItem\",\"position\":2,\"name\":\"El precio del trigo cay\u00f3 m\u00e1s de un 10% luego de varias jornadas de subas hist\u00f3ricas\"}]},{\"@type\":\"WebSite\",\"@id\":\"https:\\\/\\\/informelitoral.com.ar\\\/#website\",\"url\":\"https:\\\/\\\/informelitoral.com.ar\\\/\",\"name\":\"Informe Litoral\",\"description\":\"&quot;Nos informamos&quot; \",\"publisher\":{\"@id\":\"https:\\\/\\\/informelitoral.com.ar\\\/#organization\"},\"potentialAction\":[{\"@type\":\"SearchAction\",\"target\":{\"@type\":\"EntryPoint\",\"urlTemplate\":\"https:\\\/\\\/informelitoral.com.ar\\\/?s={search_term_string}\"},\"query-input\":{\"@type\":\"PropertyValueSpecification\",\"valueRequired\":true,\"valueName\":\"search_term_string\"}}],\"inLanguage\":\"es\"},{\"@type\":\"Organization\",\"@id\":\"https:\\\/\\\/informelitoral.com.ar\\\/#organization\",\"name\":\"Informe Litoral\",\"url\":\"https:\\\/\\\/informelitoral.com.ar\\\/\",\"logo\":{\"@type\":\"ImageObject\",\"inLanguage\":\"es\",\"@id\":\"https:\\\/\\\/informelitoral.com.ar\\\/#\\\/schema\\\/logo\\\/image\\\/\",\"url\":\"https:\\\/\\\/informelitoral.com.ar\\\/%77%70%2d%63%6f%6e%74%65%6e%74\\\/uploads\\\/2021\\\/01\\\/circulo.png\",\"contentUrl\":\"https:\\\/\\\/informelitoral.com.ar\\\/%77%70%2d%63%6f%6e%74%65%6e%74\\\/uploads\\\/2021\\\/01\\\/circulo.png\",\"width\":723,\"height\":731,\"caption\":\"Informe Litoral\"},\"image\":{\"@id\":\"https:\\\/\\\/informelitoral.com.ar\\\/#\\\/schema\\\/logo\\\/image\\\/\"},\"sameAs\":[\"https:\\\/\\\/www.facebook.com\\\/informelitoral\\\/\",\"https:\\\/\\\/x.com\\\/InformeLitoral\",\"https:\\\/\\\/www.instagram.com\\\/informelitoral\\\/\",\"https:\\\/\\\/www.youtube.com\\\/channel\\\/UCua4Qvz8Icb6MYqhoq9xLXw\"]},{\"@type\":\"Person\",\"@id\":\"https:\\\/\\\/informelitoral.com.ar\\\/#\\\/schema\\\/person\\\/f05f9f461677119578717524b127d6d5\",\"name\":\"Sebastian\",\"image\":{\"@type\":\"ImageObject\",\"inLanguage\":\"es\",\"@id\":\"https:\\\/\\\/secure.gravatar.com\\\/avatar\\\/b71bf7481d447dfb9583c7f2798e7cc64de6efb9067b74633ed8c31059a3bd82?s=96&d=mm&r=g\",\"url\":\"https:\\\/\\\/secure.gravatar.com\\\/avatar\\\/b71bf7481d447dfb9583c7f2798e7cc64de6efb9067b74633ed8c31059a3bd82?s=96&d=mm&r=g\",\"contentUrl\":\"https:\\\/\\\/secure.gravatar.com\\\/avatar\\\/b71bf7481d447dfb9583c7f2798e7cc64de6efb9067b74633ed8c31059a3bd82?s=96&d=mm&r=g\",\"caption\":\"Sebastian\"},\"url\":\"https:\\\/\\\/informelitoral.com.ar\\\/author\\\/sebastian\\\/\"}]}<\/script>","yoast_head_json":{"title":"El precio del trigo cay\u00f3 m\u00e1s de un 10% luego de varias jornadas de subas hist\u00f3ricas - Informe Litoral","robots":{"index":"index","follow":"follow","max-snippet":"max-snippet:-1","max-image-preview":"max-image-preview:large","max-video-preview":"max-video-preview:-1"},"canonical":"https:\/\/informelitoral.com.ar\/el-precio-del-trigo-cayo-mas-de-un-10-luego-de-varias-jornadas-de-subas-historicas\/","og_locale":"es_ES","og_type":"article","og_title":"El precio del trigo cay\u00f3 m\u00e1s de un 10% luego de varias jornadas de subas hist\u00f3ricas - Informe Litoral","og_description":"En el mercado de referencia de Chicago la posici\u00f3n marzo del cereal registr\u00f3 una baja de casi 60 d\u00f3lares y cotiz\u00f3 por debajo de los USD 470 d\u00f3lares la tonelada","og_url":"https:\/\/informelitoral.com.ar\/el-precio-del-trigo-cayo-mas-de-un-10-luego-de-varias-jornadas-de-subas-historicas\/","og_site_name":"Informe Litoral","article_publisher":"https:\/\/www.facebook.com\/informelitoral\/","article_published_time":"2022-03-09T12:50:40+00:00","og_image":[{"width":696,"height":392,"url":"https:\/\/informelitoral.com.ar\/%77%70%2d%63%6f%6e%74%65%6e%74\/uploads\/2022\/02\/trigo-leones-696x392-1.jpg","type":"image\/jpeg"}],"author":"Sebastian","twitter_card":"summary_large_image","twitter_creator":"@InformeLitoral","twitter_site":"@InformeLitoral","twitter_misc":{"Escrito por":"Sebastian","Tiempo de lectura":"4 minutos"},"schema":{"@context":"https:\/\/schema.org","@graph":[{"@type":"Article","@id":"https:\/\/informelitoral.com.ar\/el-precio-del-trigo-cayo-mas-de-un-10-luego-de-varias-jornadas-de-subas-historicas\/#article","isPartOf":{"@id":"https:\/\/informelitoral.com.ar\/el-precio-del-trigo-cayo-mas-de-un-10-luego-de-varias-jornadas-de-subas-historicas\/"},"author":{"name":"Sebastian","@id":"https:\/\/informelitoral.com.ar\/#\/schema\/person\/f05f9f461677119578717524b127d6d5"},"headline":"El precio del trigo cay\u00f3 m\u00e1s de un 10% luego de varias jornadas de subas hist\u00f3ricas","datePublished":"2022-03-09T12:50:40+00:00","mainEntityOfPage":{"@id":"https:\/\/informelitoral.com.ar\/el-precio-del-trigo-cayo-mas-de-un-10-luego-de-varias-jornadas-de-subas-historicas\/"},"wordCount":782,"commentCount":0,"publisher":{"@id":"https:\/\/informelitoral.com.ar\/#organization"},"image":{"@id":"https:\/\/informelitoral.com.ar\/el-precio-del-trigo-cayo-mas-de-un-10-luego-de-varias-jornadas-de-subas-historicas\/#primaryimage"},"thumbnailUrl":"https:\/\/informelitoral.com.ar\/%77%70%2d%63%6f%6e%74%65%6e%74\/uploads\/2022\/02\/trigo-leones-696x392-1.jpg","keywords":["Suba de precios","Trigo"],"articleSection":["Campo"],"inLanguage":"es","potentialAction":[{"@type":"CommentAction","name":"Comment","target":["https:\/\/informelitoral.com.ar\/el-precio-del-trigo-cayo-mas-de-un-10-luego-de-varias-jornadas-de-subas-historicas\/#respond"]}]},{"@type":"WebPage","@id":"https:\/\/informelitoral.com.ar\/el-precio-del-trigo-cayo-mas-de-un-10-luego-de-varias-jornadas-de-subas-historicas\/","url":"https:\/\/informelitoral.com.ar\/el-precio-del-trigo-cayo-mas-de-un-10-luego-de-varias-jornadas-de-subas-historicas\/","name":"El precio del trigo cay\u00f3 m\u00e1s de un 10% luego de varias jornadas de subas hist\u00f3ricas - Informe Litoral","isPartOf":{"@id":"https:\/\/informelitoral.com.ar\/#website"},"primaryImageOfPage":{"@id":"https:\/\/informelitoral.com.ar\/el-precio-del-trigo-cayo-mas-de-un-10-luego-de-varias-jornadas-de-subas-historicas\/#primaryimage"},"image":{"@id":"https:\/\/informelitoral.com.ar\/el-precio-del-trigo-cayo-mas-de-un-10-luego-de-varias-jornadas-de-subas-historicas\/#primaryimage"},"thumbnailUrl":"https:\/\/informelitoral.com.ar\/%77%70%2d%63%6f%6e%74%65%6e%74\/uploads\/2022\/02\/trigo-leones-696x392-1.jpg","datePublished":"2022-03-09T12:50:40+00:00","breadcrumb":{"@id":"https:\/\/informelitoral.com.ar\/el-precio-del-trigo-cayo-mas-de-un-10-luego-de-varias-jornadas-de-subas-historicas\/#breadcrumb"},"inLanguage":"es","potentialAction":[{"@type":"ReadAction","target":["https:\/\/informelitoral.com.ar\/el-precio-del-trigo-cayo-mas-de-un-10-luego-de-varias-jornadas-de-subas-historicas\/"]}]},{"@type":"ImageObject","inLanguage":"es","@id":"https:\/\/informelitoral.com.ar\/el-precio-del-trigo-cayo-mas-de-un-10-luego-de-varias-jornadas-de-subas-historicas\/#primaryimage","url":"https:\/\/informelitoral.com.ar\/%77%70%2d%63%6f%6e%74%65%6e%74\/uploads\/2022\/02\/trigo-leones-696x392-1.jpg","contentUrl":"https:\/\/informelitoral.com.ar\/%77%70%2d%63%6f%6e%74%65%6e%74\/uploads\/2022\/02\/trigo-leones-696x392-1.jpg","width":696,"height":392},{"@type":"BreadcrumbList","@id":"https:\/\/informelitoral.com.ar\/el-precio-del-trigo-cayo-mas-de-un-10-luego-de-varias-jornadas-de-subas-historicas\/#breadcrumb","itemListElement":[{"@type":"ListItem","position":1,"name":"Portada","item":"https:\/\/informelitoral.com.ar\/"},{"@type":"ListItem","position":2,"name":"El precio del trigo cay\u00f3 m\u00e1s de un 10% luego de varias jornadas de subas hist\u00f3ricas"}]},{"@type":"WebSite","@id":"https:\/\/informelitoral.com.ar\/#website","url":"https:\/\/informelitoral.com.ar\/","name":"Informe Litoral","description":"&quot;Nos informamos&quot; ","publisher":{"@id":"https:\/\/informelitoral.com.ar\/#organization"},"potentialAction":[{"@type":"SearchAction","target":{"@type":"EntryPoint","urlTemplate":"https:\/\/informelitoral.com.ar\/?s={search_term_string}"},"query-input":{"@type":"PropertyValueSpecification","valueRequired":true,"valueName":"search_term_string"}}],"inLanguage":"es"},{"@type":"Organization","@id":"https:\/\/informelitoral.com.ar\/#organization","name":"Informe Litoral","url":"https:\/\/informelitoral.com.ar\/","logo":{"@type":"ImageObject","inLanguage":"es","@id":"https:\/\/informelitoral.com.ar\/#\/schema\/logo\/image\/","url":"https:\/\/informelitoral.com.ar\/%77%70%2d%63%6f%6e%74%65%6e%74\/uploads\/2021\/01\/circulo.png","contentUrl":"https:\/\/informelitoral.com.ar\/%77%70%2d%63%6f%6e%74%65%6e%74\/uploads\/2021\/01\/circulo.png","width":723,"height":731,"caption":"Informe Litoral"},"image":{"@id":"https:\/\/informelitoral.com.ar\/#\/schema\/logo\/image\/"},"sameAs":["https:\/\/www.facebook.com\/informelitoral\/","https:\/\/x.com\/InformeLitoral","https:\/\/www.instagram.com\/informelitoral\/","https:\/\/www.youtube.com\/channel\/UCua4Qvz8Icb6MYqhoq9xLXw"]},{"@type":"Person","@id":"https:\/\/informelitoral.com.ar\/#\/schema\/person\/f05f9f461677119578717524b127d6d5","name":"Sebastian","image":{"@type":"ImageObject","inLanguage":"es","@id":"https:\/\/secure.gravatar.com\/avatar\/b71bf7481d447dfb9583c7f2798e7cc64de6efb9067b74633ed8c31059a3bd82?s=96&d=mm&r=g","url":"https:\/\/secure.gravatar.com\/avatar\/b71bf7481d447dfb9583c7f2798e7cc64de6efb9067b74633ed8c31059a3bd82?s=96&d=mm&r=g","contentUrl":"https:\/\/secure.gravatar.com\/avatar\/b71bf7481d447dfb9583c7f2798e7cc64de6efb9067b74633ed8c31059a3bd82?s=96&d=mm&r=g","caption":"Sebastian"},"url":"https:\/\/informelitoral.com.ar\/author\/sebastian\/"}]}},"_links":{"self":[{"href":"https:\/\/informelitoral.com.ar\/%77%70%2d%6a%73%6f%6e\/wp\/v2\/posts\/73026","targetHints":{"allow":["GET"]}}],"collection":[{"href":"https:\/\/informelitoral.com.ar\/%77%70%2d%6a%73%6f%6e\/wp\/v2\/posts"}],"about":[{"href":"https:\/\/informelitoral.com.ar\/%77%70%2d%6a%73%6f%6e\/wp\/v2\/types\/post"}],"author":[{"embeddable":true,"href":"https:\/\/informelitoral.com.ar\/%77%70%2d%6a%73%6f%6e\/wp\/v2\/users\/8"}],"replies":[{"embeddable":true,"href":"https:\/\/informelitoral.com.ar\/%77%70%2d%6a%73%6f%6e\/wp\/v2\/comments?post=73026"}],"version-history":[{"count":0,"href":"https:\/\/informelitoral.com.ar\/%77%70%2d%6a%73%6f%6e\/wp\/v2\/posts\/73026\/revisions"}],"wp:featuredmedia":[{"embeddable":true,"href":"https:\/\/informelitoral.com.ar\/%77%70%2d%6a%73%6f%6e\/wp\/v2\/media\/72441"}],"wp:attachment":[{"href":"https:\/\/informelitoral.com.ar\/%77%70%2d%6a%73%6f%6e\/wp\/v2\/media?parent=73026"}],"wp:term":[{"taxonomy":"category","embeddable":true,"href":"https:\/\/informelitoral.com.ar\/%77%70%2d%6a%73%6f%6e\/wp\/v2\/categories?post=73026"},{"taxonomy":"post_tag","embeddable":true,"href":"https:\/\/informelitoral.com.ar\/%77%70%2d%6a%73%6f%6e\/wp\/v2\/tags?post=73026"}],"curies":[{"name":"wp","href":"https:\/\/api.w.org\/{rel}","templated":true}]}}