{"id":7289,"date":"2014-06-30T21:35:55","date_gmt":"2014-07-01T00:35:55","guid":{"rendered":"http:\/\/www.isletasnoticias.com.ar\/?p=7289"},"modified":"2014-06-30T21:35:55","modified_gmt":"2014-07-01T00:35:55","slug":"isletas-se-realizo-el-primer-encuentro-de-jovenes-radicales-del-departamento-diamante","status":"publish","type":"post","link":"https:\/\/informelitoral.com.ar\/isletas-se-realizo-el-primer-encuentro-de-jovenes-radicales-del-departamento-diamante\/","title":{"rendered":"Isletas: se realiz\u00f3 el Primer Encuentro de J\u00f3venes Radicales del Departamento Diamante"},"content":{"rendered":"<p><strong>Con la presencia del diputado provincial <em>Jorge Monge<\/em>, se llev\u00f3 a cabo el s\u00e1bado \u00faltimo, el Primer Encuentro de J\u00f3venes Radicales del Departamento Diamante. Los presentes destacaron la importancia de este tipo de jornadas y brindaron sus apreciaciones sobre la actual situaci\u00f3n nacional, el rol de la UCR y la formaci\u00f3n de los j\u00f3venes del partido.<a href=\"http:\/\/www.isletasnoticias.com.ar\/%77%70%2d%63%6f%6e%74%65%6e%74\/uploads\/2014\/06\/jr.jpg\"><img loading=\"lazy\" decoding=\"async\" class=\"aligncenter wp-image-7290\" src=\"http:\/\/www.isletasnoticias.com.ar\/%77%70%2d%63%6f%6e%74%65%6e%74\/uploads\/2014\/06\/jr-300x225.jpg\" alt=\"jr\" width=\"500\" height=\"375\" srcset=\"https:\/\/informelitoral.com.ar\/%77%70%2d%63%6f%6e%74%65%6e%74\/uploads\/2014\/06\/jr-300x225.jpg 300w, https:\/\/informelitoral.com.ar\/%77%70%2d%63%6f%6e%74%65%6e%74\/uploads\/2014\/06\/jr.jpg 960w\" sizes=\"auto, (max-width: 500px) 100vw, 500px\" \/><\/a><\/strong><\/p>\n<p>Tal como hab\u00edamos adelantado, el pasado s\u00e1bado 28 de junio, en el Sal\u00f3n Comunitario local, se desarroll\u00f3 el <a href=\"http:\/\/www.isletasnoticias.com.ar\/?p=7228\">Primer Encuentro de J\u00f3venes Radicales del Departamento Diamante\u00a0<\/a>. La jornada cont\u00f3 con la presencia del diputado provincial,\u00a0<strong>Jorge Monge;\u00a0<\/strong>el presidente del Comit\u00e9 Departamental de la UCR,\u00a0<strong>Dr. Rogelio Omar Schild<\/strong>; el concejal diamantino,<strong> Francisco Mu\u00f1oz\u00a0<span style=\"font-weight: normal; color: #545454;\">\u00a0<span style=\"color: rgb(0, 0, 0);\"><strong>Mezzavoce<\/strong><\/span><\/span><\/strong><span style=\"font-weight: normal; color: #545454;\"><span style=\"color: #000000;\">; el presidente de la Juventud Radical del Departamento,<\/span><\/span><strong><span style=\"font-weight: normal; color: #545454;\"><span style=\"color: rgb(0, 0, 0);\"><strong> Francisco Pezzali<\/strong><\/span><\/span><\/strong><span style=\"font-weight: normal; color: #545454;\"><span style=\"color: #000000;\">, el titular de la JR local,<\/span><\/span><strong><span style=\"font-weight: normal; color: #545454;\"><span style=\"color: rgb(0, 0, 0);\"><strong> Lucas Eichmann<\/strong><\/span><\/span><\/strong><span style=\"font-weight: normal; color: #545454;\"><span style=\"color: #000000;\">, entre otros j\u00f3venes de la localidad, Diamante, Ram\u00edrez y Paran\u00e1.<\/span><\/span><\/p>\n<p><span style=\"font-weight: normal; color: #545454;\"><span style=\"color: #000000;\">En primer lugar, Eichmann dio la bienvenida y destac\u00f3 que el encuentro se haya podido realizar en la localidad, posteriormente, tambi\u00e9n hizo uso de la palabra Francisco Pezzali quien valor\u00f3 la labor de la juventud, hizo referencia a los \u00abcasos de corrupci\u00f3n\u00bb que involucran a funcionarios del gobierno y \u00a0entre otras cosas, sostuvo que \u00absomos nosotros los j\u00f3venes quienes tenemos que ir a ganar la confianza de los j\u00f3venes\u00bb y finalmente el diputado Jorge Monge brind\u00f3 unas breves palabras, donde b\u00e1sicamente se refiri\u00f3 a la necesidad de \u00abdiscutir, aprehender y reafirmar ideas\u00bb.<a href=\"http:\/\/www.isletasnoticias.com.ar\/%77%70%2d%63%6f%6e%74%65%6e%74\/uploads\/2014\/06\/jr2.jpg\"><img loading=\"lazy\" decoding=\"async\" class=\"alignright wp-image-7291 size-medium\" src=\"http:\/\/www.isletasnoticias.com.ar\/%77%70%2d%63%6f%6e%74%65%6e%74\/uploads\/2014\/06\/jr2-300x225.jpg\" alt=\"jr2\" width=\"300\" height=\"225\" srcset=\"https:\/\/informelitoral.com.ar\/%77%70%2d%63%6f%6e%74%65%6e%74\/uploads\/2014\/06\/jr2-300x225.jpg 300w, https:\/\/informelitoral.com.ar\/%77%70%2d%63%6f%6e%74%65%6e%74\/uploads\/2014\/06\/jr2.jpg 960w\" sizes=\"auto, (max-width: 300px) 100vw, 300px\" \/><\/a><\/span><\/span><\/p>\n<p>Posteriormente, el edil Francisco Mu\u00f1oz brind\u00f3 su exposici\u00f3n, denominada\u00a0Caracterizaci\u00f3n del Modelo y Fin del Ciclo Kirchnerista y tras la misma, hubo un intercambio de apreciaciones entre los presentes. Luego se brind\u00f3 el almuerzo y finalmente, fue Monge, quien expuso sobre Nociones Generales de Pol\u00edtica.<\/p>\n<p><strong>Carta de Alejandra Barboza<\/strong><\/p>\n<p>La presidente de la Juventud Radical de Entre R\u00edos, <strong>Alejandra Barboza<\/strong>, no pudo participar de la jornada, pero envi\u00f3 una carta, a la que pudo acceder <em><strong>IN<\/strong><\/em>, por lo que la transcribimos a continuaci\u00f3n:<\/p>\n<p><em>\u00abFelicito a la JR del departamento Diamante por la organizaci\u00f3n de esta jornada militante en Isletas. Es muy importante para todos los j\u00f3venes contar con estas capacitaciones para poder cambiar las realidades. Aprovechemos este d\u00eda para festejar y recordar los 123 a\u00f1os de historia radical de los cuales estamos muy orgullosos.\u00a0<\/em><\/p>\n<p><em>Lamento no poder acompa\u00f1arlos por falta de movilidad, pero los insto, como hice siempre, a que sigan adelante, no bajen los brazos, la lucha contin\u00faa y es nuestra misi\u00f3n mantener vigente este partido\u00bb,<\/em> concluye la misiva.<\/p>\n","protected":false},"excerpt":{"rendered":"<p>Con la presencia del diputado provincial Jorge Monge, se llev&oacute; a cabo el s&aacute;bado &uacute;ltimo, el Primer Encuentro de J&oacute;venes Radicales del Departamento Diamante. Los presentes destacaron la importancia de este tipo de jornadas y brindaron sus apreciaciones sobre la actual situaci&oacute;n nacional, el rol de la UCR y la formaci&oacute;n de los j&oacute;venes del [&hellip;]<\/p>\n","protected":false},"author":2,"featured_media":0,"comment_status":"open","ping_status":"open","sticky":false,"template":"","format":"standard","meta":{"fifu_image_url":"","fifu_image_alt":"","footnotes":""},"categories":[4,16],"tags":[],"class_list":{"0":"post-7289","1":"post","2":"type-post","3":"status-publish","4":"format-standard","6":"category-locales","7":"category-politi"},"yoast_head":"<title>Isletas: se realiz\u00f3 el Primer Encuentro de J\u00f3venes Radicales del Departamento Diamante - Informe Litoral<\/title>\n<meta name=\"robots\" content=\"index, follow, max-snippet:-1, max-image-preview:large, max-video-preview:-1\" \/>\n<link rel=\"canonical\" href=\"https:\/\/informelitoral.com.ar\/isletas-se-realizo-el-primer-encuentro-de-jovenes-radicales-del-departamento-diamante\/\" \/>\n<meta property=\"og:locale\" content=\"es_ES\" \/>\n<meta property=\"og:type\" content=\"article\" \/>\n<meta property=\"og:title\" content=\"Isletas: se realiz\u00f3 el Primer Encuentro de J\u00f3venes Radicales del Departamento Diamante - Informe Litoral\" \/>\n<meta property=\"og:description\" content=\"Con la presencia del diputado provincial Jorge Monge, se llev&oacute; a cabo el s&aacute;bado &uacute;ltimo, el Primer Encuentro de J&oacute;venes Radicales del Departamento Diamante. Los presentes destacaron la importancia de este tipo de jornadas y brindaron sus apreciaciones sobre la actual situaci&oacute;n nacional, el rol de la UCR y la formaci&oacute;n de los j&oacute;venes del [&hellip;]\" \/>\n<meta property=\"og:url\" content=\"https:\/\/informelitoral.com.ar\/isletas-se-realizo-el-primer-encuentro-de-jovenes-radicales-del-departamento-diamante\/\" \/>\n<meta property=\"og:site_name\" content=\"Informe Litoral\" \/>\n<meta property=\"article:publisher\" content=\"https:\/\/www.facebook.com\/informelitoral\/\" \/>\n<meta property=\"article:published_time\" content=\"2014-07-01T00:35:55+00:00\" \/>\n<meta property=\"og:image\" content=\"https:\/\/informelitoral.com.ar\/%77%70%2d%63%6f%6e%74%65%6e%74\/uploads\/2014\/06\/jr.jpg\" \/>\n\t<meta property=\"og:image:width\" content=\"960\" \/>\n\t<meta property=\"og:image:height\" content=\"720\" \/>\n\t<meta property=\"og:image:type\" content=\"image\/jpeg\" \/>\n<meta name=\"author\" content=\"Gonzalo Schmidt\" \/>\n<meta name=\"twitter:card\" content=\"summary_large_image\" \/>\n<meta name=\"twitter:creator\" content=\"@InformeLitoral\" \/>\n<meta name=\"twitter:site\" content=\"@InformeLitoral\" \/>\n<meta name=\"twitter:label1\" content=\"Escrito por\" \/>\n\t<meta name=\"twitter:data1\" content=\"Gonzalo Schmidt\" \/>\n\t<meta name=\"twitter:label2\" content=\"Tiempo de lectura\" \/>\n\t<meta name=\"twitter:data2\" content=\"2 minutos\" \/>\n<script type=\"application\/ld+json\" class=\"yoast-schema-graph\">{\"@context\":\"https:\\\/\\\/schema.org\",\"@graph\":[{\"@type\":\"Article\",\"@id\":\"https:\\\/\\\/informelitoral.com.ar\\\/isletas-se-realizo-el-primer-encuentro-de-jovenes-radicales-del-departamento-diamante\\\/#article\",\"isPartOf\":{\"@id\":\"https:\\\/\\\/informelitoral.com.ar\\\/isletas-se-realizo-el-primer-encuentro-de-jovenes-radicales-del-departamento-diamante\\\/\"},\"author\":{\"name\":\"Gonzalo Schmidt\",\"@id\":\"https:\\\/\\\/informelitoral.com.ar\\\/#\\\/schema\\\/person\\\/b9d00407c836482871ef1d57bf8e3180\"},\"headline\":\"Isletas: se realiz\u00f3 el Primer Encuentro de J\u00f3venes Radicales del Departamento Diamante\",\"datePublished\":\"2014-07-01T00:35:55+00:00\",\"mainEntityOfPage\":{\"@id\":\"https:\\\/\\\/informelitoral.com.ar\\\/isletas-se-realizo-el-primer-encuentro-de-jovenes-radicales-del-departamento-diamante\\\/\"},\"wordCount\":442,\"commentCount\":0,\"publisher\":{\"@id\":\"https:\\\/\\\/informelitoral.com.ar\\\/#organization\"},\"image\":{\"@id\":\"https:\\\/\\\/informelitoral.com.ar\\\/isletas-se-realizo-el-primer-encuentro-de-jovenes-radicales-del-departamento-diamante\\\/#primaryimage\"},\"thumbnailUrl\":\"http:\\\/\\\/www.isletasnoticias.com.ar\\\/%77%70%2d%63%6f%6e%74%65%6e%74\\\/uploads\\\/2014\\\/06\\\/jr-300x225.jpg\",\"articleSection\":[\"Isletas\",\"Politica\"],\"inLanguage\":\"es\",\"potentialAction\":[{\"@type\":\"CommentAction\",\"name\":\"Comment\",\"target\":[\"https:\\\/\\\/informelitoral.com.ar\\\/isletas-se-realizo-el-primer-encuentro-de-jovenes-radicales-del-departamento-diamante\\\/#respond\"]}]},{\"@type\":\"WebPage\",\"@id\":\"https:\\\/\\\/informelitoral.com.ar\\\/isletas-se-realizo-el-primer-encuentro-de-jovenes-radicales-del-departamento-diamante\\\/\",\"url\":\"https:\\\/\\\/informelitoral.com.ar\\\/isletas-se-realizo-el-primer-encuentro-de-jovenes-radicales-del-departamento-diamante\\\/\",\"name\":\"Isletas: se realiz\u00f3 el Primer Encuentro de J\u00f3venes Radicales del Departamento Diamante - Informe Litoral\",\"isPartOf\":{\"@id\":\"https:\\\/\\\/informelitoral.com.ar\\\/#website\"},\"primaryImageOfPage\":{\"@id\":\"https:\\\/\\\/informelitoral.com.ar\\\/isletas-se-realizo-el-primer-encuentro-de-jovenes-radicales-del-departamento-diamante\\\/#primaryimage\"},\"image\":{\"@id\":\"https:\\\/\\\/informelitoral.com.ar\\\/isletas-se-realizo-el-primer-encuentro-de-jovenes-radicales-del-departamento-diamante\\\/#primaryimage\"},\"thumbnailUrl\":\"http:\\\/\\\/www.isletasnoticias.com.ar\\\/%77%70%2d%63%6f%6e%74%65%6e%74\\\/uploads\\\/2014\\\/06\\\/jr-300x225.jpg\",\"datePublished\":\"2014-07-01T00:35:55+00:00\",\"breadcrumb\":{\"@id\":\"https:\\\/\\\/informelitoral.com.ar\\\/isletas-se-realizo-el-primer-encuentro-de-jovenes-radicales-del-departamento-diamante\\\/#breadcrumb\"},\"inLanguage\":\"es\",\"potentialAction\":[{\"@type\":\"ReadAction\",\"target\":[\"https:\\\/\\\/informelitoral.com.ar\\\/isletas-se-realizo-el-primer-encuentro-de-jovenes-radicales-del-departamento-diamante\\\/\"]}]},{\"@type\":\"ImageObject\",\"inLanguage\":\"es\",\"@id\":\"https:\\\/\\\/informelitoral.com.ar\\\/isletas-se-realizo-el-primer-encuentro-de-jovenes-radicales-del-departamento-diamante\\\/#primaryimage\",\"url\":\"http:\\\/\\\/www.isletasnoticias.com.ar\\\/%77%70%2d%63%6f%6e%74%65%6e%74\\\/uploads\\\/2014\\\/06\\\/jr-300x225.jpg\",\"contentUrl\":\"http:\\\/\\\/www.isletasnoticias.com.ar\\\/%77%70%2d%63%6f%6e%74%65%6e%74\\\/uploads\\\/2014\\\/06\\\/jr-300x225.jpg\"},{\"@type\":\"BreadcrumbList\",\"@id\":\"https:\\\/\\\/informelitoral.com.ar\\\/isletas-se-realizo-el-primer-encuentro-de-jovenes-radicales-del-departamento-diamante\\\/#breadcrumb\",\"itemListElement\":[{\"@type\":\"ListItem\",\"position\":1,\"name\":\"Portada\",\"item\":\"https:\\\/\\\/informelitoral.com.ar\\\/\"},{\"@type\":\"ListItem\",\"position\":2,\"name\":\"Isletas: se realiz\u00f3 el Primer Encuentro de J\u00f3venes Radicales del Departamento Diamante\"}]},{\"@type\":\"WebSite\",\"@id\":\"https:\\\/\\\/informelitoral.com.ar\\\/#website\",\"url\":\"https:\\\/\\\/informelitoral.com.ar\\\/\",\"name\":\"Informe Litoral\",\"description\":\"&quot;Nos informamos&quot; \",\"publisher\":{\"@id\":\"https:\\\/\\\/informelitoral.com.ar\\\/#organization\"},\"potentialAction\":[{\"@type\":\"SearchAction\",\"target\":{\"@type\":\"EntryPoint\",\"urlTemplate\":\"https:\\\/\\\/informelitoral.com.ar\\\/?s={search_term_string}\"},\"query-input\":{\"@type\":\"PropertyValueSpecification\",\"valueRequired\":true,\"valueName\":\"search_term_string\"}}],\"inLanguage\":\"es\"},{\"@type\":\"Organization\",\"@id\":\"https:\\\/\\\/informelitoral.com.ar\\\/#organization\",\"name\":\"Informe Litoral\",\"url\":\"https:\\\/\\\/informelitoral.com.ar\\\/\",\"logo\":{\"@type\":\"ImageObject\",\"inLanguage\":\"es\",\"@id\":\"https:\\\/\\\/informelitoral.com.ar\\\/#\\\/schema\\\/logo\\\/image\\\/\",\"url\":\"https:\\\/\\\/informelitoral.com.ar\\\/%77%70%2d%63%6f%6e%74%65%6e%74\\\/uploads\\\/2021\\\/01\\\/circulo.png\",\"contentUrl\":\"https:\\\/\\\/informelitoral.com.ar\\\/%77%70%2d%63%6f%6e%74%65%6e%74\\\/uploads\\\/2021\\\/01\\\/circulo.png\",\"width\":723,\"height\":731,\"caption\":\"Informe Litoral\"},\"image\":{\"@id\":\"https:\\\/\\\/informelitoral.com.ar\\\/#\\\/schema\\\/logo\\\/image\\\/\"},\"sameAs\":[\"https:\\\/\\\/www.facebook.com\\\/informelitoral\\\/\",\"https:\\\/\\\/x.com\\\/InformeLitoral\",\"https:\\\/\\\/www.instagram.com\\\/informelitoral\\\/\",\"https:\\\/\\\/www.youtube.com\\\/channel\\\/UCua4Qvz8Icb6MYqhoq9xLXw\"]},{\"@type\":\"Person\",\"@id\":\"https:\\\/\\\/informelitoral.com.ar\\\/#\\\/schema\\\/person\\\/b9d00407c836482871ef1d57bf8e3180\",\"name\":\"Gonzalo Schmidt\",\"image\":{\"@type\":\"ImageObject\",\"inLanguage\":\"es\",\"@id\":\"https:\\\/\\\/secure.gravatar.com\\\/avatar\\\/31a1a7b66ff2de83bd0e9fd79d026630d2d99e55e8bfe501287647b4fd9743de?s=96&d=mm&r=g\",\"url\":\"https:\\\/\\\/secure.gravatar.com\\\/avatar\\\/31a1a7b66ff2de83bd0e9fd79d026630d2d99e55e8bfe501287647b4fd9743de?s=96&d=mm&r=g\",\"contentUrl\":\"https:\\\/\\\/secure.gravatar.com\\\/avatar\\\/31a1a7b66ff2de83bd0e9fd79d026630d2d99e55e8bfe501287647b4fd9743de?s=96&d=mm&r=g\",\"caption\":\"Gonzalo Schmidt\"},\"description\":\"Sitio web de noticias de la provincia de Entre R\u00edos, Argentina. Informaci\u00f3n y entretenimiento. Informe Litoral, nos informamos.\",\"sameAs\":[\"http:\\\/\\\/www.isletasnoticias.com.ar\"],\"url\":\"https:\\\/\\\/informelitoral.com.ar\\\/author\\\/gonzalo\\\/\"}]}<\/script>","yoast_head_json":{"title":"Isletas: se realiz\u00f3 el Primer Encuentro de J\u00f3venes Radicales del Departamento Diamante - Informe Litoral","robots":{"index":"index","follow":"follow","max-snippet":"max-snippet:-1","max-image-preview":"max-image-preview:large","max-video-preview":"max-video-preview:-1"},"canonical":"https:\/\/informelitoral.com.ar\/isletas-se-realizo-el-primer-encuentro-de-jovenes-radicales-del-departamento-diamante\/","og_locale":"es_ES","og_type":"article","og_title":"Isletas: se realiz\u00f3 el Primer Encuentro de J\u00f3venes Radicales del Departamento Diamante - Informe Litoral","og_description":"Con la presencia del diputado provincial Jorge Monge, se llev&oacute; a cabo el s&aacute;bado &uacute;ltimo, el Primer Encuentro de J&oacute;venes Radicales del Departamento Diamante. Los presentes destacaron la importancia de este tipo de jornadas y brindaron sus apreciaciones sobre la actual situaci&oacute;n nacional, el rol de la UCR y la formaci&oacute;n de los j&oacute;venes del [&hellip;]","og_url":"https:\/\/informelitoral.com.ar\/isletas-se-realizo-el-primer-encuentro-de-jovenes-radicales-del-departamento-diamante\/","og_site_name":"Informe Litoral","article_publisher":"https:\/\/www.facebook.com\/informelitoral\/","article_published_time":"2014-07-01T00:35:55+00:00","og_image":[{"width":960,"height":720,"url":"https:\/\/informelitoral.com.ar\/%77%70%2d%63%6f%6e%74%65%6e%74\/uploads\/2014\/06\/jr.jpg","type":"image\/jpeg"}],"author":"Gonzalo Schmidt","twitter_card":"summary_large_image","twitter_creator":"@InformeLitoral","twitter_site":"@InformeLitoral","twitter_misc":{"Escrito por":"Gonzalo Schmidt","Tiempo de lectura":"2 minutos"},"schema":{"@context":"https:\/\/schema.org","@graph":[{"@type":"Article","@id":"https:\/\/informelitoral.com.ar\/isletas-se-realizo-el-primer-encuentro-de-jovenes-radicales-del-departamento-diamante\/#article","isPartOf":{"@id":"https:\/\/informelitoral.com.ar\/isletas-se-realizo-el-primer-encuentro-de-jovenes-radicales-del-departamento-diamante\/"},"author":{"name":"Gonzalo Schmidt","@id":"https:\/\/informelitoral.com.ar\/#\/schema\/person\/b9d00407c836482871ef1d57bf8e3180"},"headline":"Isletas: se realiz\u00f3 el Primer Encuentro de J\u00f3venes Radicales del Departamento Diamante","datePublished":"2014-07-01T00:35:55+00:00","mainEntityOfPage":{"@id":"https:\/\/informelitoral.com.ar\/isletas-se-realizo-el-primer-encuentro-de-jovenes-radicales-del-departamento-diamante\/"},"wordCount":442,"commentCount":0,"publisher":{"@id":"https:\/\/informelitoral.com.ar\/#organization"},"image":{"@id":"https:\/\/informelitoral.com.ar\/isletas-se-realizo-el-primer-encuentro-de-jovenes-radicales-del-departamento-diamante\/#primaryimage"},"thumbnailUrl":"http:\/\/www.isletasnoticias.com.ar\/%77%70%2d%63%6f%6e%74%65%6e%74\/uploads\/2014\/06\/jr-300x225.jpg","articleSection":["Isletas","Politica"],"inLanguage":"es","potentialAction":[{"@type":"CommentAction","name":"Comment","target":["https:\/\/informelitoral.com.ar\/isletas-se-realizo-el-primer-encuentro-de-jovenes-radicales-del-departamento-diamante\/#respond"]}]},{"@type":"WebPage","@id":"https:\/\/informelitoral.com.ar\/isletas-se-realizo-el-primer-encuentro-de-jovenes-radicales-del-departamento-diamante\/","url":"https:\/\/informelitoral.com.ar\/isletas-se-realizo-el-primer-encuentro-de-jovenes-radicales-del-departamento-diamante\/","name":"Isletas: se realiz\u00f3 el Primer Encuentro de J\u00f3venes Radicales del Departamento Diamante - Informe Litoral","isPartOf":{"@id":"https:\/\/informelitoral.com.ar\/#website"},"primaryImageOfPage":{"@id":"https:\/\/informelitoral.com.ar\/isletas-se-realizo-el-primer-encuentro-de-jovenes-radicales-del-departamento-diamante\/#primaryimage"},"image":{"@id":"https:\/\/informelitoral.com.ar\/isletas-se-realizo-el-primer-encuentro-de-jovenes-radicales-del-departamento-diamante\/#primaryimage"},"thumbnailUrl":"http:\/\/www.isletasnoticias.com.ar\/%77%70%2d%63%6f%6e%74%65%6e%74\/uploads\/2014\/06\/jr-300x225.jpg","datePublished":"2014-07-01T00:35:55+00:00","breadcrumb":{"@id":"https:\/\/informelitoral.com.ar\/isletas-se-realizo-el-primer-encuentro-de-jovenes-radicales-del-departamento-diamante\/#breadcrumb"},"inLanguage":"es","potentialAction":[{"@type":"ReadAction","target":["https:\/\/informelitoral.com.ar\/isletas-se-realizo-el-primer-encuentro-de-jovenes-radicales-del-departamento-diamante\/"]}]},{"@type":"ImageObject","inLanguage":"es","@id":"https:\/\/informelitoral.com.ar\/isletas-se-realizo-el-primer-encuentro-de-jovenes-radicales-del-departamento-diamante\/#primaryimage","url":"http:\/\/www.isletasnoticias.com.ar\/%77%70%2d%63%6f%6e%74%65%6e%74\/uploads\/2014\/06\/jr-300x225.jpg","contentUrl":"http:\/\/www.isletasnoticias.com.ar\/%77%70%2d%63%6f%6e%74%65%6e%74\/uploads\/2014\/06\/jr-300x225.jpg"},{"@type":"BreadcrumbList","@id":"https:\/\/informelitoral.com.ar\/isletas-se-realizo-el-primer-encuentro-de-jovenes-radicales-del-departamento-diamante\/#breadcrumb","itemListElement":[{"@type":"ListItem","position":1,"name":"Portada","item":"https:\/\/informelitoral.com.ar\/"},{"@type":"ListItem","position":2,"name":"Isletas: se realiz\u00f3 el Primer Encuentro de J\u00f3venes Radicales del Departamento Diamante"}]},{"@type":"WebSite","@id":"https:\/\/informelitoral.com.ar\/#website","url":"https:\/\/informelitoral.com.ar\/","name":"Informe Litoral","description":"&quot;Nos informamos&quot; ","publisher":{"@id":"https:\/\/informelitoral.com.ar\/#organization"},"potentialAction":[{"@type":"SearchAction","target":{"@type":"EntryPoint","urlTemplate":"https:\/\/informelitoral.com.ar\/?s={search_term_string}"},"query-input":{"@type":"PropertyValueSpecification","valueRequired":true,"valueName":"search_term_string"}}],"inLanguage":"es"},{"@type":"Organization","@id":"https:\/\/informelitoral.com.ar\/#organization","name":"Informe Litoral","url":"https:\/\/informelitoral.com.ar\/","logo":{"@type":"ImageObject","inLanguage":"es","@id":"https:\/\/informelitoral.com.ar\/#\/schema\/logo\/image\/","url":"https:\/\/informelitoral.com.ar\/%77%70%2d%63%6f%6e%74%65%6e%74\/uploads\/2021\/01\/circulo.png","contentUrl":"https:\/\/informelitoral.com.ar\/%77%70%2d%63%6f%6e%74%65%6e%74\/uploads\/2021\/01\/circulo.png","width":723,"height":731,"caption":"Informe Litoral"},"image":{"@id":"https:\/\/informelitoral.com.ar\/#\/schema\/logo\/image\/"},"sameAs":["https:\/\/www.facebook.com\/informelitoral\/","https:\/\/x.com\/InformeLitoral","https:\/\/www.instagram.com\/informelitoral\/","https:\/\/www.youtube.com\/channel\/UCua4Qvz8Icb6MYqhoq9xLXw"]},{"@type":"Person","@id":"https:\/\/informelitoral.com.ar\/#\/schema\/person\/b9d00407c836482871ef1d57bf8e3180","name":"Gonzalo Schmidt","image":{"@type":"ImageObject","inLanguage":"es","@id":"https:\/\/secure.gravatar.com\/avatar\/31a1a7b66ff2de83bd0e9fd79d026630d2d99e55e8bfe501287647b4fd9743de?s=96&d=mm&r=g","url":"https:\/\/secure.gravatar.com\/avatar\/31a1a7b66ff2de83bd0e9fd79d026630d2d99e55e8bfe501287647b4fd9743de?s=96&d=mm&r=g","contentUrl":"https:\/\/secure.gravatar.com\/avatar\/31a1a7b66ff2de83bd0e9fd79d026630d2d99e55e8bfe501287647b4fd9743de?s=96&d=mm&r=g","caption":"Gonzalo Schmidt"},"description":"Sitio web de noticias de la provincia de Entre R\u00edos, Argentina. Informaci\u00f3n y entretenimiento. Informe Litoral, nos informamos.","sameAs":["http:\/\/www.isletasnoticias.com.ar"],"url":"https:\/\/informelitoral.com.ar\/author\/gonzalo\/"}]}},"_links":{"self":[{"href":"https:\/\/informelitoral.com.ar\/%77%70%2d%6a%73%6f%6e\/wp\/v2\/posts\/7289","targetHints":{"allow":["GET"]}}],"collection":[{"href":"https:\/\/informelitoral.com.ar\/%77%70%2d%6a%73%6f%6e\/wp\/v2\/posts"}],"about":[{"href":"https:\/\/informelitoral.com.ar\/%77%70%2d%6a%73%6f%6e\/wp\/v2\/types\/post"}],"author":[{"embeddable":true,"href":"https:\/\/informelitoral.com.ar\/%77%70%2d%6a%73%6f%6e\/wp\/v2\/users\/2"}],"replies":[{"embeddable":true,"href":"https:\/\/informelitoral.com.ar\/%77%70%2d%6a%73%6f%6e\/wp\/v2\/comments?post=7289"}],"version-history":[{"count":0,"href":"https:\/\/informelitoral.com.ar\/%77%70%2d%6a%73%6f%6e\/wp\/v2\/posts\/7289\/revisions"}],"wp:attachment":[{"href":"https:\/\/informelitoral.com.ar\/%77%70%2d%6a%73%6f%6e\/wp\/v2\/media?parent=7289"}],"wp:term":[{"taxonomy":"category","embeddable":true,"href":"https:\/\/informelitoral.com.ar\/%77%70%2d%6a%73%6f%6e\/wp\/v2\/categories?post=7289"},{"taxonomy":"post_tag","embeddable":true,"href":"https:\/\/informelitoral.com.ar\/%77%70%2d%6a%73%6f%6e\/wp\/v2\/tags?post=7289"}],"curies":[{"name":"wp","href":"https:\/\/api.w.org\/{rel}","templated":true}]}}