{"id":7287,"date":"2014-06-30T12:50:55","date_gmt":"2014-06-30T15:50:55","guid":{"rendered":"http:\/\/www.isletasnoticias.com.ar\/?p=7287"},"modified":"2014-06-30T12:50:55","modified_gmt":"2014-06-30T15:50:55","slug":"isletas-llamado-a-concurso-5","status":"publish","type":"post","link":"https:\/\/informelitoral.com.ar\/isletas-llamado-a-concurso-5\/","title":{"rendered":"Isletas: llamado a concurso"},"content":{"rendered":"<div class=\"_5yt9 _5wd4 _1nc7 direction_ltr\" data-reactid=\".1z.$mid=11404082538782=2386f029476ce19a788\">\n<div class=\"_5wd9\" data-reactid=\".1z.$mid=11404082538782=2386f029476ce19a788.2:0\">\n<div class=\"_5wde\" data-reactid=\".1z.$mid=11404082538782=2386f029476ce19a788.2:0.0\">\n<div class=\"_5w1r _5wdf\" style=\"color: #3e454c;\" data-reactid=\".1z.$mid=11404082538782=2386f029476ce19a788.2:0.0.0\">\n<div data-reactid=\".1z.$mid=11404082538782=2386f029476ce19a788.2:0.0.0.0\"><span class=\"_5yl5\" data-reactid=\".1z.$mid=11404082538782=2386f029476ce19a788.2:0.0.0.0.0\"><span class=\"null\"><a href=\"http:\/\/www.isletasnoticias.com.ar\/%77%70%2d%63%6f%6e%74%65%6e%74\/uploads\/2013\/12\/esc.-153.jpg\"><img loading=\"lazy\" decoding=\"async\" class=\"alignleft wp-image-4797 size-medium\" src=\"http:\/\/www.isletasnoticias.com.ar\/%77%70%2d%63%6f%6e%74%65%6e%74\/uploads\/2013\/12\/esc.-153-300x225.jpg\" alt=\"esc. 153\" width=\"300\" height=\"225\" srcset=\"https:\/\/informelitoral.com.ar\/%77%70%2d%63%6f%6e%74%65%6e%74\/uploads\/2013\/12\/esc.-153-300x225.jpg 300w, https:\/\/informelitoral.com.ar\/%77%70%2d%63%6f%6e%74%65%6e%74\/uploads\/2013\/12\/esc.-153.jpg 960w\" sizes=\"auto, (max-width: 300px) 100vw, 300px\" \/><\/a><\/span><\/span><\/div>\n<\/div>\n<\/div>\n<\/div>\n<\/div>\n<div class=\"_5yt9 _5wd4 _1nc7 direction_ltr\" data-reactid=\".1z.$mid=11404082602805=269717f92365519d368\">\n<div class=\"_5wd9\" data-reactid=\".1z.$mid=11404082602805=269717f92365519d368.2:0\">\n<div class=\"_5wde\" data-reactid=\".1z.$mid=11404082602805=269717f92365519d368.2:0.0\">\n<div class=\"_5w1r _5wdf\" style=\"color: #3e454c;\" data-reactid=\".1z.$mid=11404082602805=269717f92365519d368.2:0.0.0\">\n<div data-reactid=\".1z.$mid=11404082602805=269717f92365519d368.2:0.0.0.0\"><span class=\"_5yl5\" data-reactid=\".1z.$mid=11404082602805=269717f92365519d368.2:0.0.0.0.0\"><span class=\"null\">La Rectoria de la Escuela de Educaci\u00f3n Agrot\u00e9cnica N\u00ba 153 Horacio Mann de Isletas, llama a concurso conforme a la Resoluci\u00f3n 1000\/13 para cubrir el siguiente cargo: 1 Cargo Vacante Instructor Sector Animal Turno Rotativo, d\u00edas lunes de 12:20 a 15:30, martes de 12:20 a 15:30, mi\u00e9rcoles de 08:25 a 12:00, jueves de 12:20 a 15:30 y viernes de 08:25 a 12:00.<\/span><\/span><\/div>\n<div data-reactid=\".1z.$mid=11404082602805=269717f92365519d368.2:0.0.0.0\"><\/div>\n<div data-reactid=\".1z.$mid=11404082602805=269717f92365519d368.2:0.0.0.0\"><\/div>\n<div data-reactid=\".1z.$mid=11404082602805=269717f92365519d368.2:0.0.0.0\"><span class=\"_5yl5\" data-reactid=\".1z.$mid=11404082602805=269717f92365519d368.2:0.0.0.0.0\"><span class=\"null\">Los interesados deber\u00e1n presentarse en Direcci\u00f3n Departamental de Escuelas de Diamante, calle 25 de mayo 324, el jueves 3 de julio a las 11:00, con credencial de puntaje, D.N.I, constancia de antig\u00fcedad, constancia de personal de la casa (si corresponde), y por Art. 80 presentar t\u00edtulos, antecedentes y D.N.I. En caso de declararse desierto, el segundo llamado sera el mismo d\u00eda a las 12 :00. Toma Inmediata. Perfil requerido: Prof. en Ciencias Agr\u00edcolas Ganaderas, M\u00e9dico Veterinario, Ingeniero Agr\u00f3nomo, t\u00edtulos afines.\u00a0<\/span><\/span>Prof. Diego Alva &#8211; Secretario<\/div>\n<div data-reactid=\".1z.$mid=11404082602805=269717f92365519d368.2:0.0.0.0\"><\/div>\n<div data-reactid=\".1z.$mid=11404082602805=269717f92365519d368.2:0.0.0.0\">Recordemos que el llamado a concurso estaba convocado para este lunes, pero se prorrog\u00f3 ya que el rector y la directora Departamental de Escuelas, fueron convocados por el Consejo General de Educaci\u00f3n a una entrega de aportes.<\/div>\n<\/div>\n<\/div>\n<\/div>\n<\/div>\n","protected":false},"excerpt":{"rendered":"<p>La Rectoria de la Escuela de Educaci&oacute;n Agrot&eacute;cnica N&ordm; 153 Horacio Mann de Isletas, llama a concurso conforme a la Resoluci&oacute;n 1000\/13 para cubrir el siguiente cargo: 1 Cargo Vacante Instructor Sector Animal Turno Rotativo, d&iacute;as lunes de 12:20 a 15:30, martes de 12:20 a 15:30, mi&eacute;rcoles de 08:25 a 12:00, jueves de 12:20 a [&hellip;]<\/p>\n","protected":false},"author":2,"featured_media":0,"comment_status":"open","ping_status":"open","sticky":false,"template":"","format":"standard","meta":{"fifu_image_url":"","fifu_image_alt":"","footnotes":""},"categories":[4],"tags":[],"class_list":{"0":"post-7287","1":"post","2":"type-post","3":"status-publish","4":"format-standard","6":"category-locales"},"yoast_head":"<title>Isletas: llamado a concurso - Informe Litoral<\/title>\n<meta name=\"robots\" content=\"index, follow, max-snippet:-1, max-image-preview:large, max-video-preview:-1\" \/>\n<link rel=\"canonical\" href=\"https:\/\/informelitoral.com.ar\/isletas-llamado-a-concurso-5\/\" \/>\n<meta property=\"og:locale\" content=\"es_ES\" \/>\n<meta property=\"og:type\" content=\"article\" \/>\n<meta property=\"og:title\" content=\"Isletas: llamado a concurso - Informe Litoral\" \/>\n<meta property=\"og:description\" content=\"La Rectoria de la Escuela de Educaci&oacute;n Agrot&eacute;cnica N&ordm; 153 Horacio Mann de Isletas, llama a concurso conforme a la Resoluci&oacute;n 1000\/13 para cubrir el siguiente cargo: 1 Cargo Vacante Instructor Sector Animal Turno Rotativo, d&iacute;as lunes de 12:20 a 15:30, martes de 12:20 a 15:30, mi&eacute;rcoles de 08:25 a 12:00, jueves de 12:20 a [&hellip;]\" \/>\n<meta property=\"og:url\" content=\"https:\/\/informelitoral.com.ar\/isletas-llamado-a-concurso-5\/\" \/>\n<meta property=\"og:site_name\" content=\"Informe Litoral\" \/>\n<meta property=\"article:publisher\" content=\"https:\/\/www.facebook.com\/informelitoral\/\" \/>\n<meta property=\"article:published_time\" content=\"2014-06-30T15:50:55+00:00\" \/>\n<meta property=\"og:image\" content=\"https:\/\/informelitoral.com.ar\/%77%70%2d%63%6f%6e%74%65%6e%74\/uploads\/2013\/12\/esc.-153.jpg\" \/>\n\t<meta property=\"og:image:width\" content=\"960\" \/>\n\t<meta property=\"og:image:height\" content=\"720\" \/>\n\t<meta property=\"og:image:type\" content=\"image\/jpeg\" \/>\n<meta name=\"author\" content=\"Gonzalo Schmidt\" \/>\n<meta name=\"twitter:card\" content=\"summary_large_image\" \/>\n<meta name=\"twitter:creator\" content=\"@InformeLitoral\" \/>\n<meta name=\"twitter:site\" content=\"@InformeLitoral\" \/>\n<meta name=\"twitter:label1\" content=\"Escrito por\" \/>\n\t<meta name=\"twitter:data1\" content=\"Gonzalo Schmidt\" \/>\n\t<meta name=\"twitter:label2\" content=\"Tiempo de lectura\" \/>\n\t<meta name=\"twitter:data2\" content=\"1 minuto\" \/>\n<script type=\"application\/ld+json\" class=\"yoast-schema-graph\">{\"@context\":\"https:\\\/\\\/schema.org\",\"@graph\":[{\"@type\":\"Article\",\"@id\":\"https:\\\/\\\/informelitoral.com.ar\\\/isletas-llamado-a-concurso-5\\\/#article\",\"isPartOf\":{\"@id\":\"https:\\\/\\\/informelitoral.com.ar\\\/isletas-llamado-a-concurso-5\\\/\"},\"author\":{\"name\":\"Gonzalo Schmidt\",\"@id\":\"https:\\\/\\\/informelitoral.com.ar\\\/#\\\/schema\\\/person\\\/b9d00407c836482871ef1d57bf8e3180\"},\"headline\":\"Isletas: llamado a concurso\",\"datePublished\":\"2014-06-30T15:50:55+00:00\",\"mainEntityOfPage\":{\"@id\":\"https:\\\/\\\/informelitoral.com.ar\\\/isletas-llamado-a-concurso-5\\\/\"},\"wordCount\":187,\"commentCount\":0,\"publisher\":{\"@id\":\"https:\\\/\\\/informelitoral.com.ar\\\/#organization\"},\"image\":{\"@id\":\"https:\\\/\\\/informelitoral.com.ar\\\/isletas-llamado-a-concurso-5\\\/#primaryimage\"},\"thumbnailUrl\":\"http:\\\/\\\/www.isletasnoticias.com.ar\\\/%77%70%2d%63%6f%6e%74%65%6e%74\\\/uploads\\\/2013\\\/12\\\/esc.-153-300x225.jpg\",\"articleSection\":[\"Isletas\"],\"inLanguage\":\"es\",\"potentialAction\":[{\"@type\":\"CommentAction\",\"name\":\"Comment\",\"target\":[\"https:\\\/\\\/informelitoral.com.ar\\\/isletas-llamado-a-concurso-5\\\/#respond\"]}]},{\"@type\":\"WebPage\",\"@id\":\"https:\\\/\\\/informelitoral.com.ar\\\/isletas-llamado-a-concurso-5\\\/\",\"url\":\"https:\\\/\\\/informelitoral.com.ar\\\/isletas-llamado-a-concurso-5\\\/\",\"name\":\"Isletas: llamado a concurso - Informe Litoral\",\"isPartOf\":{\"@id\":\"https:\\\/\\\/informelitoral.com.ar\\\/#website\"},\"primaryImageOfPage\":{\"@id\":\"https:\\\/\\\/informelitoral.com.ar\\\/isletas-llamado-a-concurso-5\\\/#primaryimage\"},\"image\":{\"@id\":\"https:\\\/\\\/informelitoral.com.ar\\\/isletas-llamado-a-concurso-5\\\/#primaryimage\"},\"thumbnailUrl\":\"http:\\\/\\\/www.isletasnoticias.com.ar\\\/%77%70%2d%63%6f%6e%74%65%6e%74\\\/uploads\\\/2013\\\/12\\\/esc.-153-300x225.jpg\",\"datePublished\":\"2014-06-30T15:50:55+00:00\",\"breadcrumb\":{\"@id\":\"https:\\\/\\\/informelitoral.com.ar\\\/isletas-llamado-a-concurso-5\\\/#breadcrumb\"},\"inLanguage\":\"es\",\"potentialAction\":[{\"@type\":\"ReadAction\",\"target\":[\"https:\\\/\\\/informelitoral.com.ar\\\/isletas-llamado-a-concurso-5\\\/\"]}]},{\"@type\":\"ImageObject\",\"inLanguage\":\"es\",\"@id\":\"https:\\\/\\\/informelitoral.com.ar\\\/isletas-llamado-a-concurso-5\\\/#primaryimage\",\"url\":\"http:\\\/\\\/www.isletasnoticias.com.ar\\\/%77%70%2d%63%6f%6e%74%65%6e%74\\\/uploads\\\/2013\\\/12\\\/esc.-153-300x225.jpg\",\"contentUrl\":\"http:\\\/\\\/www.isletasnoticias.com.ar\\\/%77%70%2d%63%6f%6e%74%65%6e%74\\\/uploads\\\/2013\\\/12\\\/esc.-153-300x225.jpg\"},{\"@type\":\"BreadcrumbList\",\"@id\":\"https:\\\/\\\/informelitoral.com.ar\\\/isletas-llamado-a-concurso-5\\\/#breadcrumb\",\"itemListElement\":[{\"@type\":\"ListItem\",\"position\":1,\"name\":\"Portada\",\"item\":\"https:\\\/\\\/informelitoral.com.ar\\\/\"},{\"@type\":\"ListItem\",\"position\":2,\"name\":\"Isletas: llamado a concurso\"}]},{\"@type\":\"WebSite\",\"@id\":\"https:\\\/\\\/informelitoral.com.ar\\\/#website\",\"url\":\"https:\\\/\\\/informelitoral.com.ar\\\/\",\"name\":\"Informe Litoral\",\"description\":\"&quot;Nos informamos&quot; \",\"publisher\":{\"@id\":\"https:\\\/\\\/informelitoral.com.ar\\\/#organization\"},\"potentialAction\":[{\"@type\":\"SearchAction\",\"target\":{\"@type\":\"EntryPoint\",\"urlTemplate\":\"https:\\\/\\\/informelitoral.com.ar\\\/?s={search_term_string}\"},\"query-input\":{\"@type\":\"PropertyValueSpecification\",\"valueRequired\":true,\"valueName\":\"search_term_string\"}}],\"inLanguage\":\"es\"},{\"@type\":\"Organization\",\"@id\":\"https:\\\/\\\/informelitoral.com.ar\\\/#organization\",\"name\":\"Informe Litoral\",\"url\":\"https:\\\/\\\/informelitoral.com.ar\\\/\",\"logo\":{\"@type\":\"ImageObject\",\"inLanguage\":\"es\",\"@id\":\"https:\\\/\\\/informelitoral.com.ar\\\/#\\\/schema\\\/logo\\\/image\\\/\",\"url\":\"https:\\\/\\\/informelitoral.com.ar\\\/%77%70%2d%63%6f%6e%74%65%6e%74\\\/uploads\\\/2021\\\/01\\\/circulo.png\",\"contentUrl\":\"https:\\\/\\\/informelitoral.com.ar\\\/%77%70%2d%63%6f%6e%74%65%6e%74\\\/uploads\\\/2021\\\/01\\\/circulo.png\",\"width\":723,\"height\":731,\"caption\":\"Informe Litoral\"},\"image\":{\"@id\":\"https:\\\/\\\/informelitoral.com.ar\\\/#\\\/schema\\\/logo\\\/image\\\/\"},\"sameAs\":[\"https:\\\/\\\/www.facebook.com\\\/informelitoral\\\/\",\"https:\\\/\\\/x.com\\\/InformeLitoral\",\"https:\\\/\\\/www.instagram.com\\\/informelitoral\\\/\",\"https:\\\/\\\/www.youtube.com\\\/channel\\\/UCua4Qvz8Icb6MYqhoq9xLXw\"]},{\"@type\":\"Person\",\"@id\":\"https:\\\/\\\/informelitoral.com.ar\\\/#\\\/schema\\\/person\\\/b9d00407c836482871ef1d57bf8e3180\",\"name\":\"Gonzalo Schmidt\",\"image\":{\"@type\":\"ImageObject\",\"inLanguage\":\"es\",\"@id\":\"https:\\\/\\\/secure.gravatar.com\\\/avatar\\\/31a1a7b66ff2de83bd0e9fd79d026630d2d99e55e8bfe501287647b4fd9743de?s=96&d=mm&r=g\",\"url\":\"https:\\\/\\\/secure.gravatar.com\\\/avatar\\\/31a1a7b66ff2de83bd0e9fd79d026630d2d99e55e8bfe501287647b4fd9743de?s=96&d=mm&r=g\",\"contentUrl\":\"https:\\\/\\\/secure.gravatar.com\\\/avatar\\\/31a1a7b66ff2de83bd0e9fd79d026630d2d99e55e8bfe501287647b4fd9743de?s=96&d=mm&r=g\",\"caption\":\"Gonzalo Schmidt\"},\"description\":\"Sitio web de noticias de la provincia de Entre R\u00edos, Argentina. Informaci\u00f3n y entretenimiento. Informe Litoral, nos informamos.\",\"sameAs\":[\"http:\\\/\\\/www.isletasnoticias.com.ar\"],\"url\":\"https:\\\/\\\/informelitoral.com.ar\\\/author\\\/gonzalo\\\/\"}]}<\/script>","yoast_head_json":{"title":"Isletas: llamado a concurso - Informe Litoral","robots":{"index":"index","follow":"follow","max-snippet":"max-snippet:-1","max-image-preview":"max-image-preview:large","max-video-preview":"max-video-preview:-1"},"canonical":"https:\/\/informelitoral.com.ar\/isletas-llamado-a-concurso-5\/","og_locale":"es_ES","og_type":"article","og_title":"Isletas: llamado a concurso - Informe Litoral","og_description":"La Rectoria de la Escuela de Educaci&oacute;n Agrot&eacute;cnica N&ordm; 153 Horacio Mann de Isletas, llama a concurso conforme a la Resoluci&oacute;n 1000\/13 para cubrir el siguiente cargo: 1 Cargo Vacante Instructor Sector Animal Turno Rotativo, d&iacute;as lunes de 12:20 a 15:30, martes de 12:20 a 15:30, mi&eacute;rcoles de 08:25 a 12:00, jueves de 12:20 a [&hellip;]","og_url":"https:\/\/informelitoral.com.ar\/isletas-llamado-a-concurso-5\/","og_site_name":"Informe Litoral","article_publisher":"https:\/\/www.facebook.com\/informelitoral\/","article_published_time":"2014-06-30T15:50:55+00:00","og_image":[{"width":960,"height":720,"url":"https:\/\/informelitoral.com.ar\/%77%70%2d%63%6f%6e%74%65%6e%74\/uploads\/2013\/12\/esc.-153.jpg","type":"image\/jpeg"}],"author":"Gonzalo Schmidt","twitter_card":"summary_large_image","twitter_creator":"@InformeLitoral","twitter_site":"@InformeLitoral","twitter_misc":{"Escrito por":"Gonzalo Schmidt","Tiempo de lectura":"1 minuto"},"schema":{"@context":"https:\/\/schema.org","@graph":[{"@type":"Article","@id":"https:\/\/informelitoral.com.ar\/isletas-llamado-a-concurso-5\/#article","isPartOf":{"@id":"https:\/\/informelitoral.com.ar\/isletas-llamado-a-concurso-5\/"},"author":{"name":"Gonzalo Schmidt","@id":"https:\/\/informelitoral.com.ar\/#\/schema\/person\/b9d00407c836482871ef1d57bf8e3180"},"headline":"Isletas: llamado a concurso","datePublished":"2014-06-30T15:50:55+00:00","mainEntityOfPage":{"@id":"https:\/\/informelitoral.com.ar\/isletas-llamado-a-concurso-5\/"},"wordCount":187,"commentCount":0,"publisher":{"@id":"https:\/\/informelitoral.com.ar\/#organization"},"image":{"@id":"https:\/\/informelitoral.com.ar\/isletas-llamado-a-concurso-5\/#primaryimage"},"thumbnailUrl":"http:\/\/www.isletasnoticias.com.ar\/%77%70%2d%63%6f%6e%74%65%6e%74\/uploads\/2013\/12\/esc.-153-300x225.jpg","articleSection":["Isletas"],"inLanguage":"es","potentialAction":[{"@type":"CommentAction","name":"Comment","target":["https:\/\/informelitoral.com.ar\/isletas-llamado-a-concurso-5\/#respond"]}]},{"@type":"WebPage","@id":"https:\/\/informelitoral.com.ar\/isletas-llamado-a-concurso-5\/","url":"https:\/\/informelitoral.com.ar\/isletas-llamado-a-concurso-5\/","name":"Isletas: llamado a concurso - Informe Litoral","isPartOf":{"@id":"https:\/\/informelitoral.com.ar\/#website"},"primaryImageOfPage":{"@id":"https:\/\/informelitoral.com.ar\/isletas-llamado-a-concurso-5\/#primaryimage"},"image":{"@id":"https:\/\/informelitoral.com.ar\/isletas-llamado-a-concurso-5\/#primaryimage"},"thumbnailUrl":"http:\/\/www.isletasnoticias.com.ar\/%77%70%2d%63%6f%6e%74%65%6e%74\/uploads\/2013\/12\/esc.-153-300x225.jpg","datePublished":"2014-06-30T15:50:55+00:00","breadcrumb":{"@id":"https:\/\/informelitoral.com.ar\/isletas-llamado-a-concurso-5\/#breadcrumb"},"inLanguage":"es","potentialAction":[{"@type":"ReadAction","target":["https:\/\/informelitoral.com.ar\/isletas-llamado-a-concurso-5\/"]}]},{"@type":"ImageObject","inLanguage":"es","@id":"https:\/\/informelitoral.com.ar\/isletas-llamado-a-concurso-5\/#primaryimage","url":"http:\/\/www.isletasnoticias.com.ar\/%77%70%2d%63%6f%6e%74%65%6e%74\/uploads\/2013\/12\/esc.-153-300x225.jpg","contentUrl":"http:\/\/www.isletasnoticias.com.ar\/%77%70%2d%63%6f%6e%74%65%6e%74\/uploads\/2013\/12\/esc.-153-300x225.jpg"},{"@type":"BreadcrumbList","@id":"https:\/\/informelitoral.com.ar\/isletas-llamado-a-concurso-5\/#breadcrumb","itemListElement":[{"@type":"ListItem","position":1,"name":"Portada","item":"https:\/\/informelitoral.com.ar\/"},{"@type":"ListItem","position":2,"name":"Isletas: llamado a concurso"}]},{"@type":"WebSite","@id":"https:\/\/informelitoral.com.ar\/#website","url":"https:\/\/informelitoral.com.ar\/","name":"Informe Litoral","description":"&quot;Nos informamos&quot; ","publisher":{"@id":"https:\/\/informelitoral.com.ar\/#organization"},"potentialAction":[{"@type":"SearchAction","target":{"@type":"EntryPoint","urlTemplate":"https:\/\/informelitoral.com.ar\/?s={search_term_string}"},"query-input":{"@type":"PropertyValueSpecification","valueRequired":true,"valueName":"search_term_string"}}],"inLanguage":"es"},{"@type":"Organization","@id":"https:\/\/informelitoral.com.ar\/#organization","name":"Informe Litoral","url":"https:\/\/informelitoral.com.ar\/","logo":{"@type":"ImageObject","inLanguage":"es","@id":"https:\/\/informelitoral.com.ar\/#\/schema\/logo\/image\/","url":"https:\/\/informelitoral.com.ar\/%77%70%2d%63%6f%6e%74%65%6e%74\/uploads\/2021\/01\/circulo.png","contentUrl":"https:\/\/informelitoral.com.ar\/%77%70%2d%63%6f%6e%74%65%6e%74\/uploads\/2021\/01\/circulo.png","width":723,"height":731,"caption":"Informe Litoral"},"image":{"@id":"https:\/\/informelitoral.com.ar\/#\/schema\/logo\/image\/"},"sameAs":["https:\/\/www.facebook.com\/informelitoral\/","https:\/\/x.com\/InformeLitoral","https:\/\/www.instagram.com\/informelitoral\/","https:\/\/www.youtube.com\/channel\/UCua4Qvz8Icb6MYqhoq9xLXw"]},{"@type":"Person","@id":"https:\/\/informelitoral.com.ar\/#\/schema\/person\/b9d00407c836482871ef1d57bf8e3180","name":"Gonzalo Schmidt","image":{"@type":"ImageObject","inLanguage":"es","@id":"https:\/\/secure.gravatar.com\/avatar\/31a1a7b66ff2de83bd0e9fd79d026630d2d99e55e8bfe501287647b4fd9743de?s=96&d=mm&r=g","url":"https:\/\/secure.gravatar.com\/avatar\/31a1a7b66ff2de83bd0e9fd79d026630d2d99e55e8bfe501287647b4fd9743de?s=96&d=mm&r=g","contentUrl":"https:\/\/secure.gravatar.com\/avatar\/31a1a7b66ff2de83bd0e9fd79d026630d2d99e55e8bfe501287647b4fd9743de?s=96&d=mm&r=g","caption":"Gonzalo Schmidt"},"description":"Sitio web de noticias de la provincia de Entre R\u00edos, Argentina. Informaci\u00f3n y entretenimiento. Informe Litoral, nos informamos.","sameAs":["http:\/\/www.isletasnoticias.com.ar"],"url":"https:\/\/informelitoral.com.ar\/author\/gonzalo\/"}]}},"_links":{"self":[{"href":"https:\/\/informelitoral.com.ar\/%77%70%2d%6a%73%6f%6e\/wp\/v2\/posts\/7287","targetHints":{"allow":["GET"]}}],"collection":[{"href":"https:\/\/informelitoral.com.ar\/%77%70%2d%6a%73%6f%6e\/wp\/v2\/posts"}],"about":[{"href":"https:\/\/informelitoral.com.ar\/%77%70%2d%6a%73%6f%6e\/wp\/v2\/types\/post"}],"author":[{"embeddable":true,"href":"https:\/\/informelitoral.com.ar\/%77%70%2d%6a%73%6f%6e\/wp\/v2\/users\/2"}],"replies":[{"embeddable":true,"href":"https:\/\/informelitoral.com.ar\/%77%70%2d%6a%73%6f%6e\/wp\/v2\/comments?post=7287"}],"version-history":[{"count":0,"href":"https:\/\/informelitoral.com.ar\/%77%70%2d%6a%73%6f%6e\/wp\/v2\/posts\/7287\/revisions"}],"wp:attachment":[{"href":"https:\/\/informelitoral.com.ar\/%77%70%2d%6a%73%6f%6e\/wp\/v2\/media?parent=7287"}],"wp:term":[{"taxonomy":"category","embeddable":true,"href":"https:\/\/informelitoral.com.ar\/%77%70%2d%6a%73%6f%6e\/wp\/v2\/categories?post=7287"},{"taxonomy":"post_tag","embeddable":true,"href":"https:\/\/informelitoral.com.ar\/%77%70%2d%6a%73%6f%6e\/wp\/v2\/tags?post=7287"}],"curies":[{"name":"wp","href":"https:\/\/api.w.org\/{rel}","templated":true}]}}