{"id":72798,"date":"2022-03-04T08:55:40","date_gmt":"2022-03-04T11:55:40","guid":{"rendered":"https:\/\/www.informelitoral.com.ar\/?p=72798"},"modified":"2022-03-04T08:55:40","modified_gmt":"2022-03-04T11:55:40","slug":"extienden-el-alerta-por-tormentas-fuertes-para-entre-rios","status":"publish","type":"post","link":"https:\/\/informelitoral.com.ar\/extienden-el-alerta-por-tormentas-fuertes-para-entre-rios\/","title":{"rendered":"Extienden el alerta por tormentas fuertes para Entre R\u00edos"},"content":{"rendered":"<div class=\"news-body-main\">\n<div id=\"note-body\" data-twitter-link=\"https:\/\/twitter.com\/intent\/tweet?url=https:\/\/www.unoentrerios.com.ar\/c2712285&amp;via=&amp;related=Uno Entre Rios&amp;text=\">\n<p><strong>El\u00a0alerta\u00a0\u00abAmarillo\u00bb por\u00a0tormentas\u00a0fuertes que el Servicio Meteorol\u00f3gico Nacional hab\u00eda emitido para este viernes en Entre R\u00edos fue prorrogado y ahora tambi\u00e9n est\u00e1 vigente para el primer d\u00eda del fin de semana. La advertencia por inclemencias clim\u00e1ticas es para casi toda la provincia.<\/strong><\/p>\n<\/div>\n<\/div>\n<div class=\"news-body-main\">\n<div id=\"note-body\" data-twitter-link=\"https:\/\/twitter.com\/intent\/tweet?url=https:\/\/www.unoentrerios.com.ar\/c2712285&amp;via=&amp;related=Uno Entre Rios&amp;text=\">\n<p>El alerta indica que la mayor parte de Entre R\u00edos ser\u00e1 afectada el \u00faltimo d\u00eda h\u00e1bil de la semana \u00abpor\u00a0lluvias\u00a0y tormentas de variada intensidad, algunas fuertes, acompa\u00f1adas de intensas r\u00e1fagas, fuerte actividad el\u00e9ctrica, ca\u00edda de granizo, y fundamentalmente abundante ca\u00edda de agua en cortos per\u00edodos\u00bb. Asimismo, se prev\u00e9n valores de precipitaci\u00f3n acumulada entre 20 y 60 mil\u00edmetros.<\/p>\n<\/div>\n<\/div>\n<div class=\"news-body-main\">\n<div id=\"note-body\" data-twitter-link=\"https:\/\/twitter.com\/intent\/tweet?url=https:\/\/www.unoentrerios.com.ar\/c2712285&amp;via=&amp;related=Uno Entre Rios&amp;text=\">\n<p>El alerta de este viernes vale para todos los departamentos excepto Concordia, Federaci\u00f3n, Federal, Feliciano y San Salvador. En tanto, el alerta para el s\u00e1bado cubre a toda la provincia.<\/p>\n<h4><strong>Avisos a corto plazo<\/strong><\/h4>\n<p>Adem\u00e1s, el Servicio Meteorol\u00f3gico emiti\u00f3 este viernes a las 6 un \u00abaviso a muy corto plazo\u00bb que rige para las primeras horas de la ma\u00f1ana de este viernes para\u00a0<strong>Diamante, Gualeguay, Nogoy\u00e1, Paran\u00e1, Victoria, Concepci\u00f3n del Ururguay, Gualeguaych\u00fa y Tala.<\/strong><\/p>\n<p>A estos lugares llegar\u00edan<strong>\u00a0tormentas fuertes con lluvias intensas y ocasional ca\u00edda de granizo.<\/strong><\/p>\n<p>Para esas zonas se recomiendan medidas de protecci\u00f3n, como permanecer en casas, escuelas o edificios p\u00fablicos, evitar circular por calles inundadas o afectadas y actividades al aire libre, y no ir a playas, r\u00edos, lagunas o piletas.<\/p>\n<h2>Fin de semana lluvioso<\/h2>\n<p>Las lluvias que comenzaron en la madrugada de este viernes en casi toda la provincia permanecer\u00edan por varios d\u00edas. Adem\u00e1s de los alertas por tormentas para viernes y s\u00e1bado, el SMN pronostica precipitaciones con variada intensidad para el domingo en todo Entre R\u00edos.<\/p>\n<p>La pr\u00f3xima semana h\u00e1bil comenzar\u00e1 tambi\u00e9n con cielo lluvioso. Se esperan tormentas aisladas para la ma\u00f1ana del lunes y chaparrones para la tarde, en toda la provincia.<\/p>\n<p>Las lluvias se retirar\u00edan de Entre R\u00edos reci\u00e9n el martes, para cuando el SMN proyecta cielo entre parcialmente nublado y despejado para toda la jornada en todos los departamentos de la provincia.<\/p>\n<h2>Aflojar\u00edan las temperaturas<\/h2>\n<p>Mientras tanto, las temperaturas se mantendr\u00edan a\u00fan altas este viernes con el comienzo de las tormentas, con m\u00ednimas alrededor de los 21\u00ba y m\u00e1ximas que superan los 30\u00ba.<\/p>\n<p>Luego, las m\u00ednimas descender\u00e1n paulatinamente, desde los 20\u00ba que se esperan este s\u00e1bado hasta los 17\u00ba que se estiman para el martes. Las m\u00e1ximas tambi\u00e9n se moderar\u00e1n y permenecer\u00e1n cerca de los 27\u00ba durante el fin de semana y los primeros d\u00edas de la semana que viene.<\/p>\n<\/div>\n<\/div>\n","protected":false},"excerpt":{"rendered":"<p>El Servicio Meteorol\u00f3gico extendi\u00f3 hasta este s\u00e1bado el alerta de lluvias intensas para toda la provincia. Hasta cu\u00e1ndo seguir\u00eda lloviendo.<\/p>\n","protected":false},"author":8,"featured_media":72799,"comment_status":"open","ping_status":"open","sticky":false,"template":"","format":"standard","meta":{"fifu_image_url":"","fifu_image_alt":"","footnotes":""},"categories":[6],"tags":[2645,113],"class_list":{"0":"post-72798","1":"post","2":"type-post","3":"status-publish","4":"format-standard","5":"has-post-thumbnail","7":"category-entre-rios","8":"tag-alerta-por-tormentas","9":"tag-smn"},"yoast_head":"<title>Extienden el alerta por tormentas fuertes para Entre R\u00edos - Informe Litoral<\/title>\n<meta name=\"robots\" content=\"index, follow, max-snippet:-1, max-image-preview:large, max-video-preview:-1\" \/>\n<link rel=\"canonical\" href=\"https:\/\/informelitoral.com.ar\/extienden-el-alerta-por-tormentas-fuertes-para-entre-rios\/\" \/>\n<meta property=\"og:locale\" content=\"es_ES\" \/>\n<meta property=\"og:type\" content=\"article\" \/>\n<meta property=\"og:title\" content=\"Extienden el alerta por tormentas fuertes para Entre R\u00edos - Informe Litoral\" \/>\n<meta property=\"og:description\" content=\"El Servicio Meteorol\u00f3gico extendi\u00f3 hasta este s\u00e1bado el alerta de lluvias intensas para toda la provincia. Hasta cu\u00e1ndo seguir\u00eda lloviendo.\" \/>\n<meta property=\"og:url\" content=\"https:\/\/informelitoral.com.ar\/extienden-el-alerta-por-tormentas-fuertes-para-entre-rios\/\" \/>\n<meta property=\"og:site_name\" content=\"Informe Litoral\" \/>\n<meta property=\"article:publisher\" content=\"https:\/\/www.facebook.com\/informelitoral\/\" \/>\n<meta property=\"article:published_time\" content=\"2022-03-04T11:55:40+00:00\" \/>\n<meta property=\"og:image\" content=\"https:\/\/informelitoral.com.ar\/%77%70%2d%63%6f%6e%74%65%6e%74\/uploads\/2022\/03\/temporal901_-780x400-1.jpg\" \/>\n\t<meta property=\"og:image:width\" content=\"780\" \/>\n\t<meta property=\"og:image:height\" content=\"400\" \/>\n\t<meta property=\"og:image:type\" content=\"image\/jpeg\" \/>\n<meta name=\"author\" content=\"Sebastian\" \/>\n<meta name=\"twitter:card\" content=\"summary_large_image\" \/>\n<meta name=\"twitter:creator\" content=\"@InformeLitoral\" \/>\n<meta name=\"twitter:site\" content=\"@InformeLitoral\" \/>\n<meta name=\"twitter:label1\" content=\"Escrito por\" \/>\n\t<meta name=\"twitter:data1\" content=\"Sebastian\" \/>\n\t<meta name=\"twitter:label2\" content=\"Tiempo de lectura\" \/>\n\t<meta name=\"twitter:data2\" content=\"2 minutos\" \/>\n<script type=\"application\/ld+json\" class=\"yoast-schema-graph\">{\"@context\":\"https:\\\/\\\/schema.org\",\"@graph\":[{\"@type\":\"Article\",\"@id\":\"https:\\\/\\\/informelitoral.com.ar\\\/extienden-el-alerta-por-tormentas-fuertes-para-entre-rios\\\/#article\",\"isPartOf\":{\"@id\":\"https:\\\/\\\/informelitoral.com.ar\\\/extienden-el-alerta-por-tormentas-fuertes-para-entre-rios\\\/\"},\"author\":{\"name\":\"Sebastian\",\"@id\":\"https:\\\/\\\/informelitoral.com.ar\\\/#\\\/schema\\\/person\\\/f05f9f461677119578717524b127d6d5\"},\"headline\":\"Extienden el alerta por tormentas fuertes para Entre R\u00edos\",\"datePublished\":\"2022-03-04T11:55:40+00:00\",\"mainEntityOfPage\":{\"@id\":\"https:\\\/\\\/informelitoral.com.ar\\\/extienden-el-alerta-por-tormentas-fuertes-para-entre-rios\\\/\"},\"wordCount\":469,\"commentCount\":0,\"publisher\":{\"@id\":\"https:\\\/\\\/informelitoral.com.ar\\\/#organization\"},\"image\":{\"@id\":\"https:\\\/\\\/informelitoral.com.ar\\\/extienden-el-alerta-por-tormentas-fuertes-para-entre-rios\\\/#primaryimage\"},\"thumbnailUrl\":\"https:\\\/\\\/informelitoral.com.ar\\\/%77%70%2d%63%6f%6e%74%65%6e%74\\\/uploads\\\/2022\\\/03\\\/temporal901_-780x400-1.jpg\",\"keywords\":[\"Alerta por tormentas\",\"SMN\"],\"articleSection\":[\"Entre R\u00edos\"],\"inLanguage\":\"es\",\"potentialAction\":[{\"@type\":\"CommentAction\",\"name\":\"Comment\",\"target\":[\"https:\\\/\\\/informelitoral.com.ar\\\/extienden-el-alerta-por-tormentas-fuertes-para-entre-rios\\\/#respond\"]}]},{\"@type\":\"WebPage\",\"@id\":\"https:\\\/\\\/informelitoral.com.ar\\\/extienden-el-alerta-por-tormentas-fuertes-para-entre-rios\\\/\",\"url\":\"https:\\\/\\\/informelitoral.com.ar\\\/extienden-el-alerta-por-tormentas-fuertes-para-entre-rios\\\/\",\"name\":\"Extienden el alerta por tormentas fuertes para Entre R\u00edos - Informe Litoral\",\"isPartOf\":{\"@id\":\"https:\\\/\\\/informelitoral.com.ar\\\/#website\"},\"primaryImageOfPage\":{\"@id\":\"https:\\\/\\\/informelitoral.com.ar\\\/extienden-el-alerta-por-tormentas-fuertes-para-entre-rios\\\/#primaryimage\"},\"image\":{\"@id\":\"https:\\\/\\\/informelitoral.com.ar\\\/extienden-el-alerta-por-tormentas-fuertes-para-entre-rios\\\/#primaryimage\"},\"thumbnailUrl\":\"https:\\\/\\\/informelitoral.com.ar\\\/%77%70%2d%63%6f%6e%74%65%6e%74\\\/uploads\\\/2022\\\/03\\\/temporal901_-780x400-1.jpg\",\"datePublished\":\"2022-03-04T11:55:40+00:00\",\"breadcrumb\":{\"@id\":\"https:\\\/\\\/informelitoral.com.ar\\\/extienden-el-alerta-por-tormentas-fuertes-para-entre-rios\\\/#breadcrumb\"},\"inLanguage\":\"es\",\"potentialAction\":[{\"@type\":\"ReadAction\",\"target\":[\"https:\\\/\\\/informelitoral.com.ar\\\/extienden-el-alerta-por-tormentas-fuertes-para-entre-rios\\\/\"]}]},{\"@type\":\"ImageObject\",\"inLanguage\":\"es\",\"@id\":\"https:\\\/\\\/informelitoral.com.ar\\\/extienden-el-alerta-por-tormentas-fuertes-para-entre-rios\\\/#primaryimage\",\"url\":\"https:\\\/\\\/informelitoral.com.ar\\\/%77%70%2d%63%6f%6e%74%65%6e%74\\\/uploads\\\/2022\\\/03\\\/temporal901_-780x400-1.jpg\",\"contentUrl\":\"https:\\\/\\\/informelitoral.com.ar\\\/%77%70%2d%63%6f%6e%74%65%6e%74\\\/uploads\\\/2022\\\/03\\\/temporal901_-780x400-1.jpg\",\"width\":780,\"height\":400},{\"@type\":\"BreadcrumbList\",\"@id\":\"https:\\\/\\\/informelitoral.com.ar\\\/extienden-el-alerta-por-tormentas-fuertes-para-entre-rios\\\/#breadcrumb\",\"itemListElement\":[{\"@type\":\"ListItem\",\"position\":1,\"name\":\"Portada\",\"item\":\"https:\\\/\\\/informelitoral.com.ar\\\/\"},{\"@type\":\"ListItem\",\"position\":2,\"name\":\"Extienden el alerta por tormentas fuertes para Entre R\u00edos\"}]},{\"@type\":\"WebSite\",\"@id\":\"https:\\\/\\\/informelitoral.com.ar\\\/#website\",\"url\":\"https:\\\/\\\/informelitoral.com.ar\\\/\",\"name\":\"Informe Litoral\",\"description\":\"&quot;Nos informamos&quot; \",\"publisher\":{\"@id\":\"https:\\\/\\\/informelitoral.com.ar\\\/#organization\"},\"potentialAction\":[{\"@type\":\"SearchAction\",\"target\":{\"@type\":\"EntryPoint\",\"urlTemplate\":\"https:\\\/\\\/informelitoral.com.ar\\\/?s={search_term_string}\"},\"query-input\":{\"@type\":\"PropertyValueSpecification\",\"valueRequired\":true,\"valueName\":\"search_term_string\"}}],\"inLanguage\":\"es\"},{\"@type\":\"Organization\",\"@id\":\"https:\\\/\\\/informelitoral.com.ar\\\/#organization\",\"name\":\"Informe Litoral\",\"url\":\"https:\\\/\\\/informelitoral.com.ar\\\/\",\"logo\":{\"@type\":\"ImageObject\",\"inLanguage\":\"es\",\"@id\":\"https:\\\/\\\/informelitoral.com.ar\\\/#\\\/schema\\\/logo\\\/image\\\/\",\"url\":\"https:\\\/\\\/informelitoral.com.ar\\\/%77%70%2d%63%6f%6e%74%65%6e%74\\\/uploads\\\/2021\\\/01\\\/circulo.png\",\"contentUrl\":\"https:\\\/\\\/informelitoral.com.ar\\\/%77%70%2d%63%6f%6e%74%65%6e%74\\\/uploads\\\/2021\\\/01\\\/circulo.png\",\"width\":723,\"height\":731,\"caption\":\"Informe Litoral\"},\"image\":{\"@id\":\"https:\\\/\\\/informelitoral.com.ar\\\/#\\\/schema\\\/logo\\\/image\\\/\"},\"sameAs\":[\"https:\\\/\\\/www.facebook.com\\\/informelitoral\\\/\",\"https:\\\/\\\/x.com\\\/InformeLitoral\",\"https:\\\/\\\/www.instagram.com\\\/informelitoral\\\/\",\"https:\\\/\\\/www.youtube.com\\\/channel\\\/UCua4Qvz8Icb6MYqhoq9xLXw\"]},{\"@type\":\"Person\",\"@id\":\"https:\\\/\\\/informelitoral.com.ar\\\/#\\\/schema\\\/person\\\/f05f9f461677119578717524b127d6d5\",\"name\":\"Sebastian\",\"image\":{\"@type\":\"ImageObject\",\"inLanguage\":\"es\",\"@id\":\"https:\\\/\\\/secure.gravatar.com\\\/avatar\\\/b71bf7481d447dfb9583c7f2798e7cc64de6efb9067b74633ed8c31059a3bd82?s=96&d=mm&r=g\",\"url\":\"https:\\\/\\\/secure.gravatar.com\\\/avatar\\\/b71bf7481d447dfb9583c7f2798e7cc64de6efb9067b74633ed8c31059a3bd82?s=96&d=mm&r=g\",\"contentUrl\":\"https:\\\/\\\/secure.gravatar.com\\\/avatar\\\/b71bf7481d447dfb9583c7f2798e7cc64de6efb9067b74633ed8c31059a3bd82?s=96&d=mm&r=g\",\"caption\":\"Sebastian\"},\"url\":\"https:\\\/\\\/informelitoral.com.ar\\\/author\\\/sebastian\\\/\"}]}<\/script>","yoast_head_json":{"title":"Extienden el alerta por tormentas fuertes para Entre R\u00edos - Informe Litoral","robots":{"index":"index","follow":"follow","max-snippet":"max-snippet:-1","max-image-preview":"max-image-preview:large","max-video-preview":"max-video-preview:-1"},"canonical":"https:\/\/informelitoral.com.ar\/extienden-el-alerta-por-tormentas-fuertes-para-entre-rios\/","og_locale":"es_ES","og_type":"article","og_title":"Extienden el alerta por tormentas fuertes para Entre R\u00edos - Informe Litoral","og_description":"El Servicio Meteorol\u00f3gico extendi\u00f3 hasta este s\u00e1bado el alerta de lluvias intensas para toda la provincia. Hasta cu\u00e1ndo seguir\u00eda lloviendo.","og_url":"https:\/\/informelitoral.com.ar\/extienden-el-alerta-por-tormentas-fuertes-para-entre-rios\/","og_site_name":"Informe Litoral","article_publisher":"https:\/\/www.facebook.com\/informelitoral\/","article_published_time":"2022-03-04T11:55:40+00:00","og_image":[{"width":780,"height":400,"url":"https:\/\/informelitoral.com.ar\/%77%70%2d%63%6f%6e%74%65%6e%74\/uploads\/2022\/03\/temporal901_-780x400-1.jpg","type":"image\/jpeg"}],"author":"Sebastian","twitter_card":"summary_large_image","twitter_creator":"@InformeLitoral","twitter_site":"@InformeLitoral","twitter_misc":{"Escrito por":"Sebastian","Tiempo de lectura":"2 minutos"},"schema":{"@context":"https:\/\/schema.org","@graph":[{"@type":"Article","@id":"https:\/\/informelitoral.com.ar\/extienden-el-alerta-por-tormentas-fuertes-para-entre-rios\/#article","isPartOf":{"@id":"https:\/\/informelitoral.com.ar\/extienden-el-alerta-por-tormentas-fuertes-para-entre-rios\/"},"author":{"name":"Sebastian","@id":"https:\/\/informelitoral.com.ar\/#\/schema\/person\/f05f9f461677119578717524b127d6d5"},"headline":"Extienden el alerta por tormentas fuertes para Entre R\u00edos","datePublished":"2022-03-04T11:55:40+00:00","mainEntityOfPage":{"@id":"https:\/\/informelitoral.com.ar\/extienden-el-alerta-por-tormentas-fuertes-para-entre-rios\/"},"wordCount":469,"commentCount":0,"publisher":{"@id":"https:\/\/informelitoral.com.ar\/#organization"},"image":{"@id":"https:\/\/informelitoral.com.ar\/extienden-el-alerta-por-tormentas-fuertes-para-entre-rios\/#primaryimage"},"thumbnailUrl":"https:\/\/informelitoral.com.ar\/%77%70%2d%63%6f%6e%74%65%6e%74\/uploads\/2022\/03\/temporal901_-780x400-1.jpg","keywords":["Alerta por tormentas","SMN"],"articleSection":["Entre R\u00edos"],"inLanguage":"es","potentialAction":[{"@type":"CommentAction","name":"Comment","target":["https:\/\/informelitoral.com.ar\/extienden-el-alerta-por-tormentas-fuertes-para-entre-rios\/#respond"]}]},{"@type":"WebPage","@id":"https:\/\/informelitoral.com.ar\/extienden-el-alerta-por-tormentas-fuertes-para-entre-rios\/","url":"https:\/\/informelitoral.com.ar\/extienden-el-alerta-por-tormentas-fuertes-para-entre-rios\/","name":"Extienden el alerta por tormentas fuertes para Entre R\u00edos - Informe Litoral","isPartOf":{"@id":"https:\/\/informelitoral.com.ar\/#website"},"primaryImageOfPage":{"@id":"https:\/\/informelitoral.com.ar\/extienden-el-alerta-por-tormentas-fuertes-para-entre-rios\/#primaryimage"},"image":{"@id":"https:\/\/informelitoral.com.ar\/extienden-el-alerta-por-tormentas-fuertes-para-entre-rios\/#primaryimage"},"thumbnailUrl":"https:\/\/informelitoral.com.ar\/%77%70%2d%63%6f%6e%74%65%6e%74\/uploads\/2022\/03\/temporal901_-780x400-1.jpg","datePublished":"2022-03-04T11:55:40+00:00","breadcrumb":{"@id":"https:\/\/informelitoral.com.ar\/extienden-el-alerta-por-tormentas-fuertes-para-entre-rios\/#breadcrumb"},"inLanguage":"es","potentialAction":[{"@type":"ReadAction","target":["https:\/\/informelitoral.com.ar\/extienden-el-alerta-por-tormentas-fuertes-para-entre-rios\/"]}]},{"@type":"ImageObject","inLanguage":"es","@id":"https:\/\/informelitoral.com.ar\/extienden-el-alerta-por-tormentas-fuertes-para-entre-rios\/#primaryimage","url":"https:\/\/informelitoral.com.ar\/%77%70%2d%63%6f%6e%74%65%6e%74\/uploads\/2022\/03\/temporal901_-780x400-1.jpg","contentUrl":"https:\/\/informelitoral.com.ar\/%77%70%2d%63%6f%6e%74%65%6e%74\/uploads\/2022\/03\/temporal901_-780x400-1.jpg","width":780,"height":400},{"@type":"BreadcrumbList","@id":"https:\/\/informelitoral.com.ar\/extienden-el-alerta-por-tormentas-fuertes-para-entre-rios\/#breadcrumb","itemListElement":[{"@type":"ListItem","position":1,"name":"Portada","item":"https:\/\/informelitoral.com.ar\/"},{"@type":"ListItem","position":2,"name":"Extienden el alerta por tormentas fuertes para Entre R\u00edos"}]},{"@type":"WebSite","@id":"https:\/\/informelitoral.com.ar\/#website","url":"https:\/\/informelitoral.com.ar\/","name":"Informe Litoral","description":"&quot;Nos informamos&quot; ","publisher":{"@id":"https:\/\/informelitoral.com.ar\/#organization"},"potentialAction":[{"@type":"SearchAction","target":{"@type":"EntryPoint","urlTemplate":"https:\/\/informelitoral.com.ar\/?s={search_term_string}"},"query-input":{"@type":"PropertyValueSpecification","valueRequired":true,"valueName":"search_term_string"}}],"inLanguage":"es"},{"@type":"Organization","@id":"https:\/\/informelitoral.com.ar\/#organization","name":"Informe Litoral","url":"https:\/\/informelitoral.com.ar\/","logo":{"@type":"ImageObject","inLanguage":"es","@id":"https:\/\/informelitoral.com.ar\/#\/schema\/logo\/image\/","url":"https:\/\/informelitoral.com.ar\/%77%70%2d%63%6f%6e%74%65%6e%74\/uploads\/2021\/01\/circulo.png","contentUrl":"https:\/\/informelitoral.com.ar\/%77%70%2d%63%6f%6e%74%65%6e%74\/uploads\/2021\/01\/circulo.png","width":723,"height":731,"caption":"Informe Litoral"},"image":{"@id":"https:\/\/informelitoral.com.ar\/#\/schema\/logo\/image\/"},"sameAs":["https:\/\/www.facebook.com\/informelitoral\/","https:\/\/x.com\/InformeLitoral","https:\/\/www.instagram.com\/informelitoral\/","https:\/\/www.youtube.com\/channel\/UCua4Qvz8Icb6MYqhoq9xLXw"]},{"@type":"Person","@id":"https:\/\/informelitoral.com.ar\/#\/schema\/person\/f05f9f461677119578717524b127d6d5","name":"Sebastian","image":{"@type":"ImageObject","inLanguage":"es","@id":"https:\/\/secure.gravatar.com\/avatar\/b71bf7481d447dfb9583c7f2798e7cc64de6efb9067b74633ed8c31059a3bd82?s=96&d=mm&r=g","url":"https:\/\/secure.gravatar.com\/avatar\/b71bf7481d447dfb9583c7f2798e7cc64de6efb9067b74633ed8c31059a3bd82?s=96&d=mm&r=g","contentUrl":"https:\/\/secure.gravatar.com\/avatar\/b71bf7481d447dfb9583c7f2798e7cc64de6efb9067b74633ed8c31059a3bd82?s=96&d=mm&r=g","caption":"Sebastian"},"url":"https:\/\/informelitoral.com.ar\/author\/sebastian\/"}]}},"_links":{"self":[{"href":"https:\/\/informelitoral.com.ar\/%77%70%2d%6a%73%6f%6e\/wp\/v2\/posts\/72798","targetHints":{"allow":["GET"]}}],"collection":[{"href":"https:\/\/informelitoral.com.ar\/%77%70%2d%6a%73%6f%6e\/wp\/v2\/posts"}],"about":[{"href":"https:\/\/informelitoral.com.ar\/%77%70%2d%6a%73%6f%6e\/wp\/v2\/types\/post"}],"author":[{"embeddable":true,"href":"https:\/\/informelitoral.com.ar\/%77%70%2d%6a%73%6f%6e\/wp\/v2\/users\/8"}],"replies":[{"embeddable":true,"href":"https:\/\/informelitoral.com.ar\/%77%70%2d%6a%73%6f%6e\/wp\/v2\/comments?post=72798"}],"version-history":[{"count":0,"href":"https:\/\/informelitoral.com.ar\/%77%70%2d%6a%73%6f%6e\/wp\/v2\/posts\/72798\/revisions"}],"wp:featuredmedia":[{"embeddable":true,"href":"https:\/\/informelitoral.com.ar\/%77%70%2d%6a%73%6f%6e\/wp\/v2\/media\/72799"}],"wp:attachment":[{"href":"https:\/\/informelitoral.com.ar\/%77%70%2d%6a%73%6f%6e\/wp\/v2\/media?parent=72798"}],"wp:term":[{"taxonomy":"category","embeddable":true,"href":"https:\/\/informelitoral.com.ar\/%77%70%2d%6a%73%6f%6e\/wp\/v2\/categories?post=72798"},{"taxonomy":"post_tag","embeddable":true,"href":"https:\/\/informelitoral.com.ar\/%77%70%2d%6a%73%6f%6e\/wp\/v2\/tags?post=72798"}],"curies":[{"name":"wp","href":"https:\/\/api.w.org\/{rel}","templated":true}]}}