{"id":7275,"date":"2014-06-26T22:05:45","date_gmt":"2014-06-27T01:05:45","guid":{"rendered":"http:\/\/www.isletasnoticias.com.ar\/?p=7275"},"modified":"2014-06-26T22:09:47","modified_gmt":"2014-06-27T01:09:47","slug":"el-periodismo-agropecuario-argentino-pondra-su-mirada-en-la-produccion-entrerriana","status":"publish","type":"post","link":"https:\/\/informelitoral.com.ar\/el-periodismo-agropecuario-argentino-pondra-su-mirada-en-la-produccion-entrerriana\/","title":{"rendered":"El periodismo agropecuario argentino pondr\u00e1 su mirada en la producci\u00f3n entrerriana"},"content":{"rendered":"<div style=\"color: #000000;\"><strong>Periodistas dedicados a informar sobre el sector agroalimentario de nuestro pa\u00eds se congregar\u00e1n en Paran\u00e1 el pr\u00f3ximo setiembre para participar del Primer Congreso Argentino de Periodistas Agropecuarios. El evento es impulsado por la Asociaci\u00f3n Entrerriana de Periodistas Agropecuarios (AEPA), con el respaldo del Circulo Argentino de Periodistas Agrarios (CAPA).<a href=\"http:\/\/www.isletasnoticias.com.ar\/%77%70%2d%63%6f%6e%74%65%6e%74\/uploads\/2014\/06\/ruberto.jpg_2069580699.jpg\"><img loading=\"lazy\" decoding=\"async\" class=\"aligncenter  wp-image-7276\" src=\"http:\/\/www.isletasnoticias.com.ar\/%77%70%2d%63%6f%6e%74%65%6e%74\/uploads\/2014\/06\/ruberto.jpg_2069580699-300x199.jpg\" alt=\"ruberto.jpg_2069580699\" width=\"479\" height=\"310\" \/><\/a><\/strong><\/div>\n<div style=\"color: #000000;\">\u201cNos encontramos trabajando para que junto a nuestros colegas podamos profundizar los conocimientos de las cadenas agro-alimentarias, mejorar nuestras pr\u00e1cticas profesionales y tambi\u00e9n observar la cultura regional y su gente\u201d se\u00f1al\u00f3 Miguel Ruberto, presidente de AEPA.<\/div>\n<div style=\"color: #000000;\"><\/div>\n<div style=\"color: #000000;\">Ruberto coment\u00f3 que desde la entidad entrerriana consideran \u201cque ser\u00e1 una oportunidad para estrechar relaciones entre los periodistas agropecuarios que hoy trabajan en la extensa geograf\u00eda nacional y analizar sobre la realidad de las instituciones que representan nuestra especializaci\u00f3n period\u00edstica\u201d. Por lo cual, durante el encuentro habr\u00e1 un segmento destinado a conocer las actividades que llevan adelante las asociaciones provinciales, c\u00f3mo est\u00e1 funcionando la Red Latinoamericana de periodistas agropecuarios y aportar ideas para el accionar del CAPA.<\/div>\n<div style=\"color: #000000;\"><\/div>\n<div style=\"color: #000000;\">\u201cTodos los colegas del pa\u00eds interesados en el evento podr\u00e1n participar, por eso a medida que se acerca la fecha, las expectativas van en aumento\u201d remarc\u00f3 el periodista.<\/div>\n<div style=\"color: #000000;\"><\/div>\n<div style=\"color: #000000;\">El congreso tendr\u00e1 a los visitantes durante dos d\u00edas en suelo entrerriano. Ruberto coment\u00f3 que el primer d\u00eda del encuentro se concentrar\u00e1 en Paran\u00e1 \u201ccon una jornada acad\u00e9mica, mediante paneles con especialistas en temas de inter\u00e9s tanto del sector como de la sociedad urbana, adem\u00e1s de talleres de capacitaci\u00f3n que buscan profesionalizar nuestra actividad. Por la noche festejaremos el D\u00eda del Periodista Agropecuario, reconociendo la trayectoria de colegas de distintos puntos del pa\u00eds\u201d.<\/div>\n<div style=\"color: #000000;\"><\/div>\n<div style=\"color: #000000;\">\u201cEl congreso tambi\u00e9n incluir\u00e1 tours tem\u00e1ticos que permitir\u00e1n a los asistentes recorrer sectores productivos de referencia en la provincia relacionados a la cadena av\u00edcola, porcina, l\u00e1ctea, industrias agro-alimentarias e incluso conocer la historia del cooperativismo agropecuario. Finalmente, el congreso cerrar\u00e1 con un panel de los candidatos presidenciables y sus propuestas para el sector\u201d adelant\u00f3 Ruberto.<\/div>\n<div style=\"color: #000000;\"><\/div>\n<div style=\"color: #000000;\"><span style=\"text-decoration: underline;\">Informes:<\/span><\/div>\n<div style=\"color: #000000;\">AEPA, oficina en sede de Bolsa de Cereales de Entre R\u00edos<\/div>\n<div style=\"color: #000000;\">Tel\u00e9fono (0343) 4220292<\/div>\n<div style=\"color: #000000;\">E-Mail:\u00a0<a style=\"font-weight: inherit; color: #0068cf;\" target=\"_blank\">info@aepa-donluis.com.ar<\/a><\/div>\n<div style=\"color: #000000;\"><a style=\"font-weight: inherit; color: #0068cf;\" target=\"_blank\">www.aepa-donluis.com.ar<\/a><\/div>\n","protected":false},"excerpt":{"rendered":"<p>Periodistas dedicados a informar sobre el sector agroalimentario de nuestro pa&iacute;s se congregar&aacute;n en Paran&aacute; el pr&oacute;ximo setiembre para participar del Primer Congreso Argentino de Periodistas Agropecuarios. El evento es impulsado por la Asociaci&oacute;n Entrerriana de Periodistas Agropecuarios (AEPA), con el respaldo del Circulo Argentino de Periodistas Agrarios (CAPA). &ldquo;Nos encontramos trabajando para que junto [&hellip;]<\/p>\n","protected":false},"author":2,"featured_media":0,"comment_status":"open","ping_status":"open","sticky":false,"template":"","format":"standard","meta":{"fifu_image_url":"","fifu_image_alt":"","footnotes":""},"categories":[10],"tags":[],"class_list":{"0":"post-7275","1":"post","2":"type-post","3":"status-publish","4":"format-standard","6":"category-campo"},"yoast_head":"<title>El periodismo agropecuario argentino pondr\u00e1 su mirada en la producci\u00f3n entrerriana - Informe Litoral<\/title>\n<meta name=\"robots\" content=\"index, follow, max-snippet:-1, max-image-preview:large, max-video-preview:-1\" \/>\n<link rel=\"canonical\" href=\"https:\/\/informelitoral.com.ar\/el-periodismo-agropecuario-argentino-pondra-su-mirada-en-la-produccion-entrerriana\/\" \/>\n<meta property=\"og:locale\" content=\"es_ES\" \/>\n<meta property=\"og:type\" content=\"article\" \/>\n<meta property=\"og:title\" content=\"El periodismo agropecuario argentino pondr\u00e1 su mirada en la producci\u00f3n entrerriana - Informe Litoral\" \/>\n<meta property=\"og:description\" content=\"Periodistas dedicados a informar sobre el sector agroalimentario de nuestro pa&iacute;s se congregar&aacute;n en Paran&aacute; el pr&oacute;ximo setiembre para participar del Primer Congreso Argentino de Periodistas Agropecuarios. El evento es impulsado por la Asociaci&oacute;n Entrerriana de Periodistas Agropecuarios (AEPA), con el respaldo del Circulo Argentino de Periodistas Agrarios (CAPA). &ldquo;Nos encontramos trabajando para que junto [&hellip;]\" \/>\n<meta property=\"og:url\" content=\"https:\/\/informelitoral.com.ar\/el-periodismo-agropecuario-argentino-pondra-su-mirada-en-la-produccion-entrerriana\/\" \/>\n<meta property=\"og:site_name\" content=\"Informe Litoral\" \/>\n<meta property=\"article:publisher\" content=\"https:\/\/www.facebook.com\/informelitoral\/\" \/>\n<meta property=\"article:published_time\" content=\"2014-06-27T01:05:45+00:00\" \/>\n<meta property=\"article:modified_time\" content=\"2014-06-27T01:09:47+00:00\" \/>\n<meta property=\"og:image\" content=\"https:\/\/informelitoral.com.ar\/%77%70%2d%63%6f%6e%74%65%6e%74\/uploads\/2014\/06\/ruberto.jpg_2069580699.jpg\" \/>\n\t<meta property=\"og:image:width\" content=\"761\" \/>\n\t<meta property=\"og:image:height\" content=\"507\" \/>\n\t<meta property=\"og:image:type\" content=\"image\/jpeg\" \/>\n<meta name=\"author\" content=\"Gonzalo Schmidt\" \/>\n<meta name=\"twitter:card\" content=\"summary_large_image\" \/>\n<meta name=\"twitter:creator\" content=\"@InformeLitoral\" \/>\n<meta name=\"twitter:site\" content=\"@InformeLitoral\" \/>\n<meta name=\"twitter:label1\" content=\"Escrito por\" \/>\n\t<meta name=\"twitter:data1\" content=\"Gonzalo Schmidt\" \/>\n\t<meta name=\"twitter:label2\" content=\"Tiempo de lectura\" \/>\n\t<meta name=\"twitter:data2\" content=\"2 minutos\" \/>\n<script type=\"application\/ld+json\" class=\"yoast-schema-graph\">{\"@context\":\"https:\\\/\\\/schema.org\",\"@graph\":[{\"@type\":\"Article\",\"@id\":\"https:\\\/\\\/informelitoral.com.ar\\\/el-periodismo-agropecuario-argentino-pondra-su-mirada-en-la-produccion-entrerriana\\\/#article\",\"isPartOf\":{\"@id\":\"https:\\\/\\\/informelitoral.com.ar\\\/el-periodismo-agropecuario-argentino-pondra-su-mirada-en-la-produccion-entrerriana\\\/\"},\"author\":{\"name\":\"Gonzalo Schmidt\",\"@id\":\"https:\\\/\\\/informelitoral.com.ar\\\/#\\\/schema\\\/person\\\/b9d00407c836482871ef1d57bf8e3180\"},\"headline\":\"El periodismo agropecuario argentino pondr\u00e1 su mirada en la producci\u00f3n entrerriana\",\"datePublished\":\"2014-06-27T01:05:45+00:00\",\"dateModified\":\"2014-06-27T01:09:47+00:00\",\"mainEntityOfPage\":{\"@id\":\"https:\\\/\\\/informelitoral.com.ar\\\/el-periodismo-agropecuario-argentino-pondra-su-mirada-en-la-produccion-entrerriana\\\/\"},\"wordCount\":380,\"commentCount\":0,\"publisher\":{\"@id\":\"https:\\\/\\\/informelitoral.com.ar\\\/#organization\"},\"image\":{\"@id\":\"https:\\\/\\\/informelitoral.com.ar\\\/el-periodismo-agropecuario-argentino-pondra-su-mirada-en-la-produccion-entrerriana\\\/#primaryimage\"},\"thumbnailUrl\":\"http:\\\/\\\/www.isletasnoticias.com.ar\\\/%77%70%2d%63%6f%6e%74%65%6e%74\\\/uploads\\\/2014\\\/06\\\/ruberto.jpg_2069580699-300x199.jpg\",\"articleSection\":[\"Campo\"],\"inLanguage\":\"es\",\"potentialAction\":[{\"@type\":\"CommentAction\",\"name\":\"Comment\",\"target\":[\"https:\\\/\\\/informelitoral.com.ar\\\/el-periodismo-agropecuario-argentino-pondra-su-mirada-en-la-produccion-entrerriana\\\/#respond\"]}]},{\"@type\":\"WebPage\",\"@id\":\"https:\\\/\\\/informelitoral.com.ar\\\/el-periodismo-agropecuario-argentino-pondra-su-mirada-en-la-produccion-entrerriana\\\/\",\"url\":\"https:\\\/\\\/informelitoral.com.ar\\\/el-periodismo-agropecuario-argentino-pondra-su-mirada-en-la-produccion-entrerriana\\\/\",\"name\":\"El periodismo agropecuario argentino pondr\u00e1 su mirada en la producci\u00f3n entrerriana - Informe Litoral\",\"isPartOf\":{\"@id\":\"https:\\\/\\\/informelitoral.com.ar\\\/#website\"},\"primaryImageOfPage\":{\"@id\":\"https:\\\/\\\/informelitoral.com.ar\\\/el-periodismo-agropecuario-argentino-pondra-su-mirada-en-la-produccion-entrerriana\\\/#primaryimage\"},\"image\":{\"@id\":\"https:\\\/\\\/informelitoral.com.ar\\\/el-periodismo-agropecuario-argentino-pondra-su-mirada-en-la-produccion-entrerriana\\\/#primaryimage\"},\"thumbnailUrl\":\"http:\\\/\\\/www.isletasnoticias.com.ar\\\/%77%70%2d%63%6f%6e%74%65%6e%74\\\/uploads\\\/2014\\\/06\\\/ruberto.jpg_2069580699-300x199.jpg\",\"datePublished\":\"2014-06-27T01:05:45+00:00\",\"dateModified\":\"2014-06-27T01:09:47+00:00\",\"breadcrumb\":{\"@id\":\"https:\\\/\\\/informelitoral.com.ar\\\/el-periodismo-agropecuario-argentino-pondra-su-mirada-en-la-produccion-entrerriana\\\/#breadcrumb\"},\"inLanguage\":\"es\",\"potentialAction\":[{\"@type\":\"ReadAction\",\"target\":[\"https:\\\/\\\/informelitoral.com.ar\\\/el-periodismo-agropecuario-argentino-pondra-su-mirada-en-la-produccion-entrerriana\\\/\"]}]},{\"@type\":\"ImageObject\",\"inLanguage\":\"es\",\"@id\":\"https:\\\/\\\/informelitoral.com.ar\\\/el-periodismo-agropecuario-argentino-pondra-su-mirada-en-la-produccion-entrerriana\\\/#primaryimage\",\"url\":\"http:\\\/\\\/www.isletasnoticias.com.ar\\\/%77%70%2d%63%6f%6e%74%65%6e%74\\\/uploads\\\/2014\\\/06\\\/ruberto.jpg_2069580699-300x199.jpg\",\"contentUrl\":\"http:\\\/\\\/www.isletasnoticias.com.ar\\\/%77%70%2d%63%6f%6e%74%65%6e%74\\\/uploads\\\/2014\\\/06\\\/ruberto.jpg_2069580699-300x199.jpg\"},{\"@type\":\"BreadcrumbList\",\"@id\":\"https:\\\/\\\/informelitoral.com.ar\\\/el-periodismo-agropecuario-argentino-pondra-su-mirada-en-la-produccion-entrerriana\\\/#breadcrumb\",\"itemListElement\":[{\"@type\":\"ListItem\",\"position\":1,\"name\":\"Portada\",\"item\":\"https:\\\/\\\/informelitoral.com.ar\\\/\"},{\"@type\":\"ListItem\",\"position\":2,\"name\":\"El periodismo agropecuario argentino pondr\u00e1 su mirada en la producci\u00f3n entrerriana\"}]},{\"@type\":\"WebSite\",\"@id\":\"https:\\\/\\\/informelitoral.com.ar\\\/#website\",\"url\":\"https:\\\/\\\/informelitoral.com.ar\\\/\",\"name\":\"Informe Litoral\",\"description\":\"&quot;Nos informamos&quot; \",\"publisher\":{\"@id\":\"https:\\\/\\\/informelitoral.com.ar\\\/#organization\"},\"potentialAction\":[{\"@type\":\"SearchAction\",\"target\":{\"@type\":\"EntryPoint\",\"urlTemplate\":\"https:\\\/\\\/informelitoral.com.ar\\\/?s={search_term_string}\"},\"query-input\":{\"@type\":\"PropertyValueSpecification\",\"valueRequired\":true,\"valueName\":\"search_term_string\"}}],\"inLanguage\":\"es\"},{\"@type\":\"Organization\",\"@id\":\"https:\\\/\\\/informelitoral.com.ar\\\/#organization\",\"name\":\"Informe Litoral\",\"url\":\"https:\\\/\\\/informelitoral.com.ar\\\/\",\"logo\":{\"@type\":\"ImageObject\",\"inLanguage\":\"es\",\"@id\":\"https:\\\/\\\/informelitoral.com.ar\\\/#\\\/schema\\\/logo\\\/image\\\/\",\"url\":\"https:\\\/\\\/informelitoral.com.ar\\\/%77%70%2d%63%6f%6e%74%65%6e%74\\\/uploads\\\/2021\\\/01\\\/circulo.png\",\"contentUrl\":\"https:\\\/\\\/informelitoral.com.ar\\\/%77%70%2d%63%6f%6e%74%65%6e%74\\\/uploads\\\/2021\\\/01\\\/circulo.png\",\"width\":723,\"height\":731,\"caption\":\"Informe Litoral\"},\"image\":{\"@id\":\"https:\\\/\\\/informelitoral.com.ar\\\/#\\\/schema\\\/logo\\\/image\\\/\"},\"sameAs\":[\"https:\\\/\\\/www.facebook.com\\\/informelitoral\\\/\",\"https:\\\/\\\/x.com\\\/InformeLitoral\",\"https:\\\/\\\/www.instagram.com\\\/informelitoral\\\/\",\"https:\\\/\\\/www.youtube.com\\\/channel\\\/UCua4Qvz8Icb6MYqhoq9xLXw\"]},{\"@type\":\"Person\",\"@id\":\"https:\\\/\\\/informelitoral.com.ar\\\/#\\\/schema\\\/person\\\/b9d00407c836482871ef1d57bf8e3180\",\"name\":\"Gonzalo Schmidt\",\"image\":{\"@type\":\"ImageObject\",\"inLanguage\":\"es\",\"@id\":\"https:\\\/\\\/secure.gravatar.com\\\/avatar\\\/31a1a7b66ff2de83bd0e9fd79d026630d2d99e55e8bfe501287647b4fd9743de?s=96&d=mm&r=g\",\"url\":\"https:\\\/\\\/secure.gravatar.com\\\/avatar\\\/31a1a7b66ff2de83bd0e9fd79d026630d2d99e55e8bfe501287647b4fd9743de?s=96&d=mm&r=g\",\"contentUrl\":\"https:\\\/\\\/secure.gravatar.com\\\/avatar\\\/31a1a7b66ff2de83bd0e9fd79d026630d2d99e55e8bfe501287647b4fd9743de?s=96&d=mm&r=g\",\"caption\":\"Gonzalo Schmidt\"},\"description\":\"Sitio web de noticias de la provincia de Entre R\u00edos, Argentina. Informaci\u00f3n y entretenimiento. Informe Litoral, nos informamos.\",\"sameAs\":[\"http:\\\/\\\/www.isletasnoticias.com.ar\"],\"url\":\"https:\\\/\\\/informelitoral.com.ar\\\/author\\\/gonzalo\\\/\"}]}<\/script>","yoast_head_json":{"title":"El periodismo agropecuario argentino pondr\u00e1 su mirada en la producci\u00f3n entrerriana - Informe Litoral","robots":{"index":"index","follow":"follow","max-snippet":"max-snippet:-1","max-image-preview":"max-image-preview:large","max-video-preview":"max-video-preview:-1"},"canonical":"https:\/\/informelitoral.com.ar\/el-periodismo-agropecuario-argentino-pondra-su-mirada-en-la-produccion-entrerriana\/","og_locale":"es_ES","og_type":"article","og_title":"El periodismo agropecuario argentino pondr\u00e1 su mirada en la producci\u00f3n entrerriana - Informe Litoral","og_description":"Periodistas dedicados a informar sobre el sector agroalimentario de nuestro pa&iacute;s se congregar&aacute;n en Paran&aacute; el pr&oacute;ximo setiembre para participar del Primer Congreso Argentino de Periodistas Agropecuarios. El evento es impulsado por la Asociaci&oacute;n Entrerriana de Periodistas Agropecuarios (AEPA), con el respaldo del Circulo Argentino de Periodistas Agrarios (CAPA). &ldquo;Nos encontramos trabajando para que junto [&hellip;]","og_url":"https:\/\/informelitoral.com.ar\/el-periodismo-agropecuario-argentino-pondra-su-mirada-en-la-produccion-entrerriana\/","og_site_name":"Informe Litoral","article_publisher":"https:\/\/www.facebook.com\/informelitoral\/","article_published_time":"2014-06-27T01:05:45+00:00","article_modified_time":"2014-06-27T01:09:47+00:00","og_image":[{"width":761,"height":507,"url":"https:\/\/informelitoral.com.ar\/%77%70%2d%63%6f%6e%74%65%6e%74\/uploads\/2014\/06\/ruberto.jpg_2069580699.jpg","type":"image\/jpeg"}],"author":"Gonzalo Schmidt","twitter_card":"summary_large_image","twitter_creator":"@InformeLitoral","twitter_site":"@InformeLitoral","twitter_misc":{"Escrito por":"Gonzalo Schmidt","Tiempo de lectura":"2 minutos"},"schema":{"@context":"https:\/\/schema.org","@graph":[{"@type":"Article","@id":"https:\/\/informelitoral.com.ar\/el-periodismo-agropecuario-argentino-pondra-su-mirada-en-la-produccion-entrerriana\/#article","isPartOf":{"@id":"https:\/\/informelitoral.com.ar\/el-periodismo-agropecuario-argentino-pondra-su-mirada-en-la-produccion-entrerriana\/"},"author":{"name":"Gonzalo Schmidt","@id":"https:\/\/informelitoral.com.ar\/#\/schema\/person\/b9d00407c836482871ef1d57bf8e3180"},"headline":"El periodismo agropecuario argentino pondr\u00e1 su mirada en la producci\u00f3n entrerriana","datePublished":"2014-06-27T01:05:45+00:00","dateModified":"2014-06-27T01:09:47+00:00","mainEntityOfPage":{"@id":"https:\/\/informelitoral.com.ar\/el-periodismo-agropecuario-argentino-pondra-su-mirada-en-la-produccion-entrerriana\/"},"wordCount":380,"commentCount":0,"publisher":{"@id":"https:\/\/informelitoral.com.ar\/#organization"},"image":{"@id":"https:\/\/informelitoral.com.ar\/el-periodismo-agropecuario-argentino-pondra-su-mirada-en-la-produccion-entrerriana\/#primaryimage"},"thumbnailUrl":"http:\/\/www.isletasnoticias.com.ar\/%77%70%2d%63%6f%6e%74%65%6e%74\/uploads\/2014\/06\/ruberto.jpg_2069580699-300x199.jpg","articleSection":["Campo"],"inLanguage":"es","potentialAction":[{"@type":"CommentAction","name":"Comment","target":["https:\/\/informelitoral.com.ar\/el-periodismo-agropecuario-argentino-pondra-su-mirada-en-la-produccion-entrerriana\/#respond"]}]},{"@type":"WebPage","@id":"https:\/\/informelitoral.com.ar\/el-periodismo-agropecuario-argentino-pondra-su-mirada-en-la-produccion-entrerriana\/","url":"https:\/\/informelitoral.com.ar\/el-periodismo-agropecuario-argentino-pondra-su-mirada-en-la-produccion-entrerriana\/","name":"El periodismo agropecuario argentino pondr\u00e1 su mirada en la producci\u00f3n entrerriana - Informe Litoral","isPartOf":{"@id":"https:\/\/informelitoral.com.ar\/#website"},"primaryImageOfPage":{"@id":"https:\/\/informelitoral.com.ar\/el-periodismo-agropecuario-argentino-pondra-su-mirada-en-la-produccion-entrerriana\/#primaryimage"},"image":{"@id":"https:\/\/informelitoral.com.ar\/el-periodismo-agropecuario-argentino-pondra-su-mirada-en-la-produccion-entrerriana\/#primaryimage"},"thumbnailUrl":"http:\/\/www.isletasnoticias.com.ar\/%77%70%2d%63%6f%6e%74%65%6e%74\/uploads\/2014\/06\/ruberto.jpg_2069580699-300x199.jpg","datePublished":"2014-06-27T01:05:45+00:00","dateModified":"2014-06-27T01:09:47+00:00","breadcrumb":{"@id":"https:\/\/informelitoral.com.ar\/el-periodismo-agropecuario-argentino-pondra-su-mirada-en-la-produccion-entrerriana\/#breadcrumb"},"inLanguage":"es","potentialAction":[{"@type":"ReadAction","target":["https:\/\/informelitoral.com.ar\/el-periodismo-agropecuario-argentino-pondra-su-mirada-en-la-produccion-entrerriana\/"]}]},{"@type":"ImageObject","inLanguage":"es","@id":"https:\/\/informelitoral.com.ar\/el-periodismo-agropecuario-argentino-pondra-su-mirada-en-la-produccion-entrerriana\/#primaryimage","url":"http:\/\/www.isletasnoticias.com.ar\/%77%70%2d%63%6f%6e%74%65%6e%74\/uploads\/2014\/06\/ruberto.jpg_2069580699-300x199.jpg","contentUrl":"http:\/\/www.isletasnoticias.com.ar\/%77%70%2d%63%6f%6e%74%65%6e%74\/uploads\/2014\/06\/ruberto.jpg_2069580699-300x199.jpg"},{"@type":"BreadcrumbList","@id":"https:\/\/informelitoral.com.ar\/el-periodismo-agropecuario-argentino-pondra-su-mirada-en-la-produccion-entrerriana\/#breadcrumb","itemListElement":[{"@type":"ListItem","position":1,"name":"Portada","item":"https:\/\/informelitoral.com.ar\/"},{"@type":"ListItem","position":2,"name":"El periodismo agropecuario argentino pondr\u00e1 su mirada en la producci\u00f3n entrerriana"}]},{"@type":"WebSite","@id":"https:\/\/informelitoral.com.ar\/#website","url":"https:\/\/informelitoral.com.ar\/","name":"Informe Litoral","description":"&quot;Nos informamos&quot; ","publisher":{"@id":"https:\/\/informelitoral.com.ar\/#organization"},"potentialAction":[{"@type":"SearchAction","target":{"@type":"EntryPoint","urlTemplate":"https:\/\/informelitoral.com.ar\/?s={search_term_string}"},"query-input":{"@type":"PropertyValueSpecification","valueRequired":true,"valueName":"search_term_string"}}],"inLanguage":"es"},{"@type":"Organization","@id":"https:\/\/informelitoral.com.ar\/#organization","name":"Informe Litoral","url":"https:\/\/informelitoral.com.ar\/","logo":{"@type":"ImageObject","inLanguage":"es","@id":"https:\/\/informelitoral.com.ar\/#\/schema\/logo\/image\/","url":"https:\/\/informelitoral.com.ar\/%77%70%2d%63%6f%6e%74%65%6e%74\/uploads\/2021\/01\/circulo.png","contentUrl":"https:\/\/informelitoral.com.ar\/%77%70%2d%63%6f%6e%74%65%6e%74\/uploads\/2021\/01\/circulo.png","width":723,"height":731,"caption":"Informe Litoral"},"image":{"@id":"https:\/\/informelitoral.com.ar\/#\/schema\/logo\/image\/"},"sameAs":["https:\/\/www.facebook.com\/informelitoral\/","https:\/\/x.com\/InformeLitoral","https:\/\/www.instagram.com\/informelitoral\/","https:\/\/www.youtube.com\/channel\/UCua4Qvz8Icb6MYqhoq9xLXw"]},{"@type":"Person","@id":"https:\/\/informelitoral.com.ar\/#\/schema\/person\/b9d00407c836482871ef1d57bf8e3180","name":"Gonzalo Schmidt","image":{"@type":"ImageObject","inLanguage":"es","@id":"https:\/\/secure.gravatar.com\/avatar\/31a1a7b66ff2de83bd0e9fd79d026630d2d99e55e8bfe501287647b4fd9743de?s=96&d=mm&r=g","url":"https:\/\/secure.gravatar.com\/avatar\/31a1a7b66ff2de83bd0e9fd79d026630d2d99e55e8bfe501287647b4fd9743de?s=96&d=mm&r=g","contentUrl":"https:\/\/secure.gravatar.com\/avatar\/31a1a7b66ff2de83bd0e9fd79d026630d2d99e55e8bfe501287647b4fd9743de?s=96&d=mm&r=g","caption":"Gonzalo Schmidt"},"description":"Sitio web de noticias de la provincia de Entre R\u00edos, Argentina. Informaci\u00f3n y entretenimiento. Informe Litoral, nos informamos.","sameAs":["http:\/\/www.isletasnoticias.com.ar"],"url":"https:\/\/informelitoral.com.ar\/author\/gonzalo\/"}]}},"_links":{"self":[{"href":"https:\/\/informelitoral.com.ar\/%77%70%2d%6a%73%6f%6e\/wp\/v2\/posts\/7275","targetHints":{"allow":["GET"]}}],"collection":[{"href":"https:\/\/informelitoral.com.ar\/%77%70%2d%6a%73%6f%6e\/wp\/v2\/posts"}],"about":[{"href":"https:\/\/informelitoral.com.ar\/%77%70%2d%6a%73%6f%6e\/wp\/v2\/types\/post"}],"author":[{"embeddable":true,"href":"https:\/\/informelitoral.com.ar\/%77%70%2d%6a%73%6f%6e\/wp\/v2\/users\/2"}],"replies":[{"embeddable":true,"href":"https:\/\/informelitoral.com.ar\/%77%70%2d%6a%73%6f%6e\/wp\/v2\/comments?post=7275"}],"version-history":[{"count":0,"href":"https:\/\/informelitoral.com.ar\/%77%70%2d%6a%73%6f%6e\/wp\/v2\/posts\/7275\/revisions"}],"wp:attachment":[{"href":"https:\/\/informelitoral.com.ar\/%77%70%2d%6a%73%6f%6e\/wp\/v2\/media?parent=7275"}],"wp:term":[{"taxonomy":"category","embeddable":true,"href":"https:\/\/informelitoral.com.ar\/%77%70%2d%6a%73%6f%6e\/wp\/v2\/categories?post=7275"},{"taxonomy":"post_tag","embeddable":true,"href":"https:\/\/informelitoral.com.ar\/%77%70%2d%6a%73%6f%6e\/wp\/v2\/tags?post=7275"}],"curies":[{"name":"wp","href":"https:\/\/api.w.org\/{rel}","templated":true}]}}