{"id":72686,"date":"2022-03-02T09:20:25","date_gmt":"2022-03-02T12:20:25","guid":{"rendered":"https:\/\/www.informelitoral.com.ar\/?p=72686"},"modified":"2022-03-02T09:53:36","modified_gmt":"2022-03-02T12:53:36","slug":"el-gobierno-cerro-la-etapa-tecnica-con-el-fmi-da-paso-al-congreso-y-espera-la-aprobacion-para-llevar-el-acuerdo-al-directorio","status":"publish","type":"post","link":"https:\/\/informelitoral.com.ar\/el-gobierno-cerro-la-etapa-tecnica-con-el-fmi-da-paso-al-congreso-y-espera-la-aprobacion-para-llevar-el-acuerdo-al-directorio\/","title":{"rendered":"El Gobierno cerr\u00f3 la etapa t\u00e9cnica con el FMI, da paso al Congreso y espera la aprobaci\u00f3n para llevar el acuerdo al directorio"},"content":{"rendered":"<p class=\"paragraph\">El\u00a0<i>wording<\/i>\u00a0del acuerdo t\u00e9cnico con el Fondo Monetario Internacional era lo que separaba, en las \u00faltimas horas del martes feriado, al Gobierno nacional y el organismo de un memorando de entendimiento completo. No es una cuesti\u00f3n menor en un programa financiero del tama\u00f1o y relevancia como el que se negoci\u00f3 durante los \u00faltimos meses<b>\u00a0de qu\u00e9 manera est\u00e1 expresado el contenido del \u201ccontrato\u201d, qu\u00e9 palabras se usan en detrimento de otras y la traducci\u00f3n ingl\u00e9s-espa\u00f1ol<\/b>, que si no es puntilloso puede dejar espacio a ambig\u00fcedades.\u00a0Fue un d\u00eda de versiones e idas y vueltas.<\/p>\n<p class=\"paragraph\">Este martes durante la Asamblea Legislativa el presidente<b>\u00a0Alberto Fern\u00e1ndez\u00a0<\/b>se refiri\u00f3, por un lado,\u00a0al primer entendimiento cerrado con el FMI\u00a0el 28 de enero, que anticip\u00f3 los lineamientos centrales de pol\u00edtica econ\u00f3mica que estar\u00edan incluidos en el\u00a0<i>Extended Fund Facility<\/i>\u00a0(EFF) que est\u00e1 a la firma. Por otro,<b>\u00a0reconoci\u00f3 que a\u00fan faltaban cuestiones de \u201cformalizaci\u00f3n\u201d del programa<\/b>\u00a0y dijo que esperaba concluirlos \u201ca la brevedad\u201d.<\/p>\n<div class=\"inline ad-wrapper\">\n<div class=\"dfpAd display_inline_block ad_margin_wrapper\">\n<div id=\"infobae\/economia\/nota\/inline\" class=\"infobae\/economia\/nota\/inline arcad\" data-google-query-id=\"CMeXlru6p_YCFegHuQYdecADPg\">\n<div id=\"google_ads_iframe_\/1058609\/infobae\/economia\/nota\/inline_0__container__\"><iframe id=\"google_ads_iframe_\/1058609\/infobae\/economia\/nota\/inline_0\" tabindex=\"0\" title=\"3rd party ad content\" role=\"region\" name=\"google_ads_iframe_\/1058609\/infobae\/economia\/nota\/inline_0\" width=\"1\" height=\"1\" frameborder=\"0\" marginwidth=\"0\" marginheight=\"0\" scrolling=\"no\" aria-label=\"Advertisement\" data-google-container-id=\"8\" data-load-complete=\"true\" data-mce-fragment=\"1\"><\/iframe><\/div>\n<\/div>\n<\/div>\n<\/div>\n<p class=\"paragraph\">A pesar de que los trazos gruesos del programa ya hab\u00edan sido acordados con un llamado de madrugada entre el ministro de Econom\u00eda\u00a0<b>Mart\u00edn Guzm\u00e1n<\/b>\u00a0y la directora adjunta del Departamento del Hemisferio Occidental\u00a0<b>Julie Kozack<\/b>, en el Poder Ejecutivo evitaban hablar de acuerdo cerrado por completo.\u00a0<b>\u201cSolo vamos a considerarlo cerrado cuando sea enviado al Congreso\u201d<\/b>, mencionaron.<\/p>\n<p>A pesar de que los trazos gruesos del programa ya hab\u00edan sido acordados con un llamado de madrugada entre Guzm\u00e1n y Kozack, en el Poder Ejecutivo evitaban hablar de acuerdo cerrado por completo<\/p>\n<p class=\"paragraph\">En algunos despachos oficiales sobrevuelan dos certezas: la primera es que el visto bueno del staff t\u00e9cnico del FMI\u00a0<b>implica, por l\u00f3gica, un respaldo informal del directorio del organismo<\/b>, que es el m\u00e1ximo \u00f3rgano de decisi\u00f3n y que deber\u00e1 discutirlo entre sus accionistas luego del paso por el Congreso argentino.<\/p>\n<p class=\"paragraph\">En segundo lugar, que<b>\u00a0el ala pol\u00edtica del Frente de Todos tendr\u00e1 menos tiempo del que se preve\u00eda en una hoja de ruta preliminar que hab\u00edan trazado<\/b>, para llevar el acuerdo t\u00e9cnico al parlamento, hacerlo pasar por las comisiones de ambas c\u00e1maras, asegurarse de tener las voluntades suficientes para aprobarlo y, todo eso, en medio de una tensi\u00f3n hacia el interior de la coalici\u00f3n oficialista. En un escenario ideal imaginaban una ventana de tiempo de un mes para concluir ese proceso y enviar el programa al directorio en Washington.\u00a0<b>El margen ahora ser\u00e1 menor: en 20 d\u00edas vencen USD 2.809 millones con el organismo y el Gobierno no tiene los d\u00f3lares para afrontarlo<\/b>.<\/p>\n<p class=\"paragraph\">Es a\u00fan una inc\u00f3gnita qu\u00e9 postura tomar\u00e1 durante el debate de la ley propiamiente dicha el sector m\u00e1s identificado con\u00a0<b>Cristina Kirchner\u00a0<\/b>en la C\u00e1mara de Diputados.\u00a0<b>M\u00e1ximo Kirchner<\/b>\u00a0dej\u00f3 de ser el jefe de la bancada luego de cuestionar en duros t\u00e9rminos los alcances del primer entendimiento de fines de enero.\u00a0<b>\u00bfPondr\u00e1 en peligro ese antecedente el tratamiento dentro del propio oficialismo? \u00bfQu\u00e9 postura tomar\u00e1 la oposici\u00f3n luego de que una parte sustancial del bloque vacie el recinto durante el discurso de Alberto Fern\u00e1ndez?<\/b><\/p>\n<p class=\"paragraph\">Una fuente oficial ironizaba en los \u00faltimos d\u00edas que, contra alg\u00fan pron\u00f3stico, el directorio del Fondo Monetario Internacional -donde pesan las opiniones de las principales potencias econ\u00f3micas y en donde es imposible conseguir el visto bueno general sin tener el respaldo de los Estados Unidos-\u00a0<b>termin\u00f3 por ser un foro m\u00e1s \u201camigable\u201d para tener la luz verde del acuerdo, en comparaci\u00f3n con el propio Congreso<\/b>\u00a0y la coalici\u00f3n de Gobierno.<\/p>\n<p>La \u00faltima discusi\u00f3n del trazo grueso del programa nuevo con el FMI fueron las tarifas y los subsidios. Fue, adem\u00e1s, la cuesti\u00f3n que trab\u00f3 la posibilidad de firmar incluso antes el memorandum de entendimiento. El organismo presion\u00f3 para que los servicios p\u00fablicos aumenten m\u00e1s que el 20% que hab\u00eda anunciado en su momento el Gobierno.<\/p>\n<p class=\"paragraph\">Tras la negociaci\u00f3n, de varios d\u00edas, se habr\u00eda llegado a un consenso por el cual\u00a0<b>el decil con ingresos m\u00e1s altos pagar\u00e1 de manera plena el valor de la tarifa<\/b>, mientras que al resto de los usuarios -sin contar al sector de la poblaci\u00f3n que tenga tarifa social- ver\u00e1 sus boletas aumentar en un ritmo levemente menor al del \u00edndice de salarios general de la econom\u00eda, que incluye a empleados privados registrados, p\u00fablicos y trabajadores informales.<\/p>\n<p class=\"paragraph\">Fuentes oficiales aseveraban que el resultado de la negociaci\u00f3n sobre ese aspecto particular del programa con el Fondo, que fue el m\u00e1s \u00e1rido de toda la discusi\u00f3n por la letra chica, termina as\u00ed con una \u201cvictoria\u201d del oficialismo. La l\u00f3gica es que\u00a0<b>no se termin\u00f3 por imponer la opci\u00f3n que sosten\u00eda el staff t\u00e9cnico, es decir, que las tarifas aumenten en un ritmo superior al de la inflaci\u00f3n esperada<\/b>.<\/p>\n<p class=\"paragraph\">La c\u00e9lebre letra chica del acuerdo co el FMI incluir\u00e1 una serie de preceptos que incluir\u00e1n ciertas declaraciones de principios del equipo econ\u00f3mico, respecto a c\u00f3mo se lleg\u00f3 en t\u00e9rminos de pol\u00edtica econ\u00f3mica a la actualidad, el impacto de la pandemia, la recuperaci\u00f3n posterior, las medidas que tom\u00f3 el Gobierno durante la etapa m\u00e1s cr\u00edtica de crisis sanitaria y la reestructuraci\u00f3n de la deuda privada como hitos.<\/p>\n<p class=\"paragraph\">Luego, desplegar\u00e1 una defensa de por qu\u00e9 el acuerdo ser\u00eda virtuoso para la econom\u00eda de los pr\u00f3ximos a\u00f1os, con referencias al\u00a0<b>alivio de pago de deuda que implicar\u00e1 esta refinanciaci\u00f3n, la necesidad de converger hacia un equilibrio fiscal -en este punto el equipo econ\u00f3mico argumenta que no es un objetivo trazado solo por presi\u00f3n del FMI sino que forma parte de una idea de gesti\u00f3n \u201coriginaria\u201d-, reducci\u00f3n de la inflaci\u00f3n y acumulaci\u00f3n de reservas<\/b>.<\/p>\n<p class=\"paragraph\">Llegar\u00e1, a continuaci\u00f3n,<b>\u00a0el segmento del acuerdo que trazar\u00e1 las l\u00edneas de cal de la pol\u00edtica econ\u00f3mica de los pr\u00f3ximos dos a\u00f1os y medio<\/b>. La nueva cancha en la que deber\u00e1 jugar el Gobierno incluir\u00e1 una reducci\u00f3n a\u00f1o a a\u00f1o del d\u00e9ficit primario, un abrupto corte de la asistencia monetaria del Banco Central al Tesoro y metas de acumulaci\u00f3n anual de reservas, que deber\u00eda sumar unas USD 15.000 milllones en t\u00e9rminos netos hasta el fin de 2024.<\/p>\n<p class=\"paragraph\">Esos tres elementos tendr\u00e1 car\u00e1cter de condicional. Esto es, si el Gobierno no cumple con los objetivos explicitados en el programa, no tendr\u00e1 acceso a los desembolos trimestrales desde Washington para cubrir cada vencimiento del Stand By. Vale aclarar que el nuevo cr\u00e9dito se utilizar\u00e1 \u00edntegramente para abonar el anterior.\u00a0<b>Es decir, el FMI prestar\u00e1 dinero a la Argentina para que pueda cubrir el calendario de pagos al que se hab\u00eda comprometido en 2018<\/b>.<\/p>\n<p class=\"paragraph\">Esto sucede porque el Fondo, por estatuto, no reestructura sus deudas con quitas -como puede suceder en una negociaci\u00f3n con acreedores privados- sino que las refinancia. Este EFF que firmar\u00e1n el Poder Ejecutivo y el FMI en las pr\u00f3ximas horas ser\u00e1 entonces un veh\u00edculo para que el Estado argentino gane tiempo y acumule reservas para poder pagar desde 2026 su deuda.<\/p>\n<p class=\"paragraph\">El programa con el Fondo, adem\u00e1s, incluir\u00e1 otro tipo de compromisos por parte de la Casa Rosada, hacia adelante. En ese sentido, parte de la negociaci\u00f3n entre los funcionarios del equipo econ\u00f3mico y el staff incluy\u00f3 distintas \u201cevaluaciones\u201d que deber\u00e1 hacer el Ejecutivo en aspectos como la\u00a0<b>pol\u00edtica previsional, la administraci\u00f3n tributaria, gesti\u00f3n de la deuda p\u00fablica, la implementaci\u00f3n efectiva de la segmentaci\u00f3n tarifaria, una mejora en los procesos de selecci\u00f3n de proyectos de inversi\u00f3n p\u00fablica, una \u201coptimizaci\u00f3n\u201d de la pol\u00edtica monetaria a trav\u00e9s una mejora en los instrumentos de esterilizaci\u00f3n y la pol\u00edtica de encajes bancarios<\/b>, entre otras cuestiones.(<em>Infobae<\/em>)<\/p>\n","protected":false},"excerpt":{"rendered":"<p>En las \u00faltimas horas el Ministerio de Econom\u00eda concluy\u00f3 con el trazo grueso del memorando de entendimiento. Incluir\u00e1 metas fiscales, lineamientos de pol\u00edtica econ\u00f3mica, un calendario de desembolsos, un esquema nuevo de suba de tarifas y compromisos para los pr\u00f3ximos meses<\/p>\n","protected":false},"author":8,"featured_media":72688,"comment_status":"open","ping_status":"open","sticky":false,"template":"","format":"standard","meta":{"fifu_image_url":"","fifu_image_alt":"","footnotes":""},"categories":[16],"tags":[3109,1311,151],"class_list":{"0":"post-72686","1":"post","2":"type-post","3":"status-publish","4":"format-standard","5":"has-post-thumbnail","7":"category-politi","8":"tag-acuerdo-fmi","9":"tag-alberto-fernandez","10":"tag-congreso"},"yoast_head":"<title>El Gobierno cerr\u00f3 la etapa t\u00e9cnica con el FMI, da paso al Congreso y espera la aprobaci\u00f3n para llevar el acuerdo al directorio - Informe Litoral<\/title>\n<meta name=\"robots\" content=\"index, follow, max-snippet:-1, max-image-preview:large, max-video-preview:-1\" \/>\n<link rel=\"canonical\" href=\"https:\/\/informelitoral.com.ar\/el-gobierno-cerro-la-etapa-tecnica-con-el-fmi-da-paso-al-congreso-y-espera-la-aprobacion-para-llevar-el-acuerdo-al-directorio\/\" \/>\n<meta property=\"og:locale\" content=\"es_ES\" \/>\n<meta property=\"og:type\" content=\"article\" \/>\n<meta property=\"og:title\" content=\"El Gobierno cerr\u00f3 la etapa t\u00e9cnica con el FMI, da paso al Congreso y espera la aprobaci\u00f3n para llevar el acuerdo al directorio - Informe Litoral\" \/>\n<meta property=\"og:description\" content=\"En las \u00faltimas horas el Ministerio de Econom\u00eda concluy\u00f3 con el trazo grueso del memorando de entendimiento. Incluir\u00e1 metas fiscales, lineamientos de pol\u00edtica econ\u00f3mica, un calendario de desembolsos, un esquema nuevo de suba de tarifas y compromisos para los pr\u00f3ximos meses\" \/>\n<meta property=\"og:url\" content=\"https:\/\/informelitoral.com.ar\/el-gobierno-cerro-la-etapa-tecnica-con-el-fmi-da-paso-al-congreso-y-espera-la-aprobacion-para-llevar-el-acuerdo-al-directorio\/\" \/>\n<meta property=\"og:site_name\" content=\"Informe Litoral\" \/>\n<meta property=\"article:publisher\" content=\"https:\/\/www.facebook.com\/informelitoral\/\" \/>\n<meta property=\"article:published_time\" content=\"2022-03-02T12:20:25+00:00\" \/>\n<meta property=\"article:modified_time\" content=\"2022-03-02T12:53:36+00:00\" \/>\n<meta property=\"og:image\" content=\"https:\/\/informelitoral.com.ar\/%77%70%2d%63%6f%6e%74%65%6e%74\/uploads\/2022\/03\/multimedia.normal.b18932f18f3720c9.416c626572746f20464d495f6e6f726d616c2e6a7067.jpg\" \/>\n\t<meta property=\"og:image:width\" content=\"1024\" \/>\n\t<meta property=\"og:image:height\" content=\"680\" \/>\n\t<meta property=\"og:image:type\" content=\"image\/jpeg\" \/>\n<meta name=\"author\" content=\"Sebastian\" \/>\n<meta name=\"twitter:card\" content=\"summary_large_image\" \/>\n<meta name=\"twitter:creator\" content=\"@InformeLitoral\" \/>\n<meta name=\"twitter:site\" content=\"@InformeLitoral\" \/>\n<meta name=\"twitter:label1\" content=\"Escrito por\" \/>\n\t<meta name=\"twitter:data1\" content=\"Sebastian\" \/>\n\t<meta name=\"twitter:label2\" content=\"Tiempo de lectura\" \/>\n\t<meta name=\"twitter:data2\" content=\"7 minutos\" \/>\n<script type=\"application\/ld+json\" class=\"yoast-schema-graph\">{\"@context\":\"https:\\\/\\\/schema.org\",\"@graph\":[{\"@type\":\"Article\",\"@id\":\"https:\\\/\\\/informelitoral.com.ar\\\/el-gobierno-cerro-la-etapa-tecnica-con-el-fmi-da-paso-al-congreso-y-espera-la-aprobacion-para-llevar-el-acuerdo-al-directorio\\\/#article\",\"isPartOf\":{\"@id\":\"https:\\\/\\\/informelitoral.com.ar\\\/el-gobierno-cerro-la-etapa-tecnica-con-el-fmi-da-paso-al-congreso-y-espera-la-aprobacion-para-llevar-el-acuerdo-al-directorio\\\/\"},\"author\":{\"name\":\"Sebastian\",\"@id\":\"https:\\\/\\\/informelitoral.com.ar\\\/#\\\/schema\\\/person\\\/f05f9f461677119578717524b127d6d5\"},\"headline\":\"El Gobierno cerr\u00f3 la etapa t\u00e9cnica con el FMI, da paso al Congreso y espera la aprobaci\u00f3n para llevar el acuerdo al directorio\",\"datePublished\":\"2022-03-02T12:20:25+00:00\",\"dateModified\":\"2022-03-02T12:53:36+00:00\",\"mainEntityOfPage\":{\"@id\":\"https:\\\/\\\/informelitoral.com.ar\\\/el-gobierno-cerro-la-etapa-tecnica-con-el-fmi-da-paso-al-congreso-y-espera-la-aprobacion-para-llevar-el-acuerdo-al-directorio\\\/\"},\"wordCount\":1371,\"commentCount\":0,\"publisher\":{\"@id\":\"https:\\\/\\\/informelitoral.com.ar\\\/#organization\"},\"image\":{\"@id\":\"https:\\\/\\\/informelitoral.com.ar\\\/el-gobierno-cerro-la-etapa-tecnica-con-el-fmi-da-paso-al-congreso-y-espera-la-aprobacion-para-llevar-el-acuerdo-al-directorio\\\/#primaryimage\"},\"thumbnailUrl\":\"https:\\\/\\\/informelitoral.com.ar\\\/%77%70%2d%63%6f%6e%74%65%6e%74\\\/uploads\\\/2022\\\/03\\\/multimedia.normal.b18932f18f3720c9.416c626572746f20464d495f6e6f726d616c2e6a7067.jpg\",\"keywords\":[\"Acuerdo FMI\",\"Alberto Fern\u00e1ndez\",\"Congreso\"],\"articleSection\":[\"Politica\"],\"inLanguage\":\"es\",\"potentialAction\":[{\"@type\":\"CommentAction\",\"name\":\"Comment\",\"target\":[\"https:\\\/\\\/informelitoral.com.ar\\\/el-gobierno-cerro-la-etapa-tecnica-con-el-fmi-da-paso-al-congreso-y-espera-la-aprobacion-para-llevar-el-acuerdo-al-directorio\\\/#respond\"]}]},{\"@type\":\"WebPage\",\"@id\":\"https:\\\/\\\/informelitoral.com.ar\\\/el-gobierno-cerro-la-etapa-tecnica-con-el-fmi-da-paso-al-congreso-y-espera-la-aprobacion-para-llevar-el-acuerdo-al-directorio\\\/\",\"url\":\"https:\\\/\\\/informelitoral.com.ar\\\/el-gobierno-cerro-la-etapa-tecnica-con-el-fmi-da-paso-al-congreso-y-espera-la-aprobacion-para-llevar-el-acuerdo-al-directorio\\\/\",\"name\":\"El Gobierno cerr\u00f3 la etapa t\u00e9cnica con el FMI, da paso al Congreso y espera la aprobaci\u00f3n para llevar el acuerdo al directorio - Informe Litoral\",\"isPartOf\":{\"@id\":\"https:\\\/\\\/informelitoral.com.ar\\\/#website\"},\"primaryImageOfPage\":{\"@id\":\"https:\\\/\\\/informelitoral.com.ar\\\/el-gobierno-cerro-la-etapa-tecnica-con-el-fmi-da-paso-al-congreso-y-espera-la-aprobacion-para-llevar-el-acuerdo-al-directorio\\\/#primaryimage\"},\"image\":{\"@id\":\"https:\\\/\\\/informelitoral.com.ar\\\/el-gobierno-cerro-la-etapa-tecnica-con-el-fmi-da-paso-al-congreso-y-espera-la-aprobacion-para-llevar-el-acuerdo-al-directorio\\\/#primaryimage\"},\"thumbnailUrl\":\"https:\\\/\\\/informelitoral.com.ar\\\/%77%70%2d%63%6f%6e%74%65%6e%74\\\/uploads\\\/2022\\\/03\\\/multimedia.normal.b18932f18f3720c9.416c626572746f20464d495f6e6f726d616c2e6a7067.jpg\",\"datePublished\":\"2022-03-02T12:20:25+00:00\",\"dateModified\":\"2022-03-02T12:53:36+00:00\",\"breadcrumb\":{\"@id\":\"https:\\\/\\\/informelitoral.com.ar\\\/el-gobierno-cerro-la-etapa-tecnica-con-el-fmi-da-paso-al-congreso-y-espera-la-aprobacion-para-llevar-el-acuerdo-al-directorio\\\/#breadcrumb\"},\"inLanguage\":\"es\",\"potentialAction\":[{\"@type\":\"ReadAction\",\"target\":[\"https:\\\/\\\/informelitoral.com.ar\\\/el-gobierno-cerro-la-etapa-tecnica-con-el-fmi-da-paso-al-congreso-y-espera-la-aprobacion-para-llevar-el-acuerdo-al-directorio\\\/\"]}]},{\"@type\":\"ImageObject\",\"inLanguage\":\"es\",\"@id\":\"https:\\\/\\\/informelitoral.com.ar\\\/el-gobierno-cerro-la-etapa-tecnica-con-el-fmi-da-paso-al-congreso-y-espera-la-aprobacion-para-llevar-el-acuerdo-al-directorio\\\/#primaryimage\",\"url\":\"https:\\\/\\\/informelitoral.com.ar\\\/%77%70%2d%63%6f%6e%74%65%6e%74\\\/uploads\\\/2022\\\/03\\\/multimedia.normal.b18932f18f3720c9.416c626572746f20464d495f6e6f726d616c2e6a7067.jpg\",\"contentUrl\":\"https:\\\/\\\/informelitoral.com.ar\\\/%77%70%2d%63%6f%6e%74%65%6e%74\\\/uploads\\\/2022\\\/03\\\/multimedia.normal.b18932f18f3720c9.416c626572746f20464d495f6e6f726d616c2e6a7067.jpg\",\"width\":1024,\"height\":680},{\"@type\":\"BreadcrumbList\",\"@id\":\"https:\\\/\\\/informelitoral.com.ar\\\/el-gobierno-cerro-la-etapa-tecnica-con-el-fmi-da-paso-al-congreso-y-espera-la-aprobacion-para-llevar-el-acuerdo-al-directorio\\\/#breadcrumb\",\"itemListElement\":[{\"@type\":\"ListItem\",\"position\":1,\"name\":\"Portada\",\"item\":\"https:\\\/\\\/informelitoral.com.ar\\\/\"},{\"@type\":\"ListItem\",\"position\":2,\"name\":\"El Gobierno cerr\u00f3 la etapa t\u00e9cnica con el FMI, da paso al Congreso y espera la aprobaci\u00f3n para llevar el acuerdo al directorio\"}]},{\"@type\":\"WebSite\",\"@id\":\"https:\\\/\\\/informelitoral.com.ar\\\/#website\",\"url\":\"https:\\\/\\\/informelitoral.com.ar\\\/\",\"name\":\"Informe Litoral\",\"description\":\"&quot;Nos informamos&quot; \",\"publisher\":{\"@id\":\"https:\\\/\\\/informelitoral.com.ar\\\/#organization\"},\"potentialAction\":[{\"@type\":\"SearchAction\",\"target\":{\"@type\":\"EntryPoint\",\"urlTemplate\":\"https:\\\/\\\/informelitoral.com.ar\\\/?s={search_term_string}\"},\"query-input\":{\"@type\":\"PropertyValueSpecification\",\"valueRequired\":true,\"valueName\":\"search_term_string\"}}],\"inLanguage\":\"es\"},{\"@type\":\"Organization\",\"@id\":\"https:\\\/\\\/informelitoral.com.ar\\\/#organization\",\"name\":\"Informe Litoral\",\"url\":\"https:\\\/\\\/informelitoral.com.ar\\\/\",\"logo\":{\"@type\":\"ImageObject\",\"inLanguage\":\"es\",\"@id\":\"https:\\\/\\\/informelitoral.com.ar\\\/#\\\/schema\\\/logo\\\/image\\\/\",\"url\":\"https:\\\/\\\/informelitoral.com.ar\\\/%77%70%2d%63%6f%6e%74%65%6e%74\\\/uploads\\\/2021\\\/01\\\/circulo.png\",\"contentUrl\":\"https:\\\/\\\/informelitoral.com.ar\\\/%77%70%2d%63%6f%6e%74%65%6e%74\\\/uploads\\\/2021\\\/01\\\/circulo.png\",\"width\":723,\"height\":731,\"caption\":\"Informe Litoral\"},\"image\":{\"@id\":\"https:\\\/\\\/informelitoral.com.ar\\\/#\\\/schema\\\/logo\\\/image\\\/\"},\"sameAs\":[\"https:\\\/\\\/www.facebook.com\\\/informelitoral\\\/\",\"https:\\\/\\\/x.com\\\/InformeLitoral\",\"https:\\\/\\\/www.instagram.com\\\/informelitoral\\\/\",\"https:\\\/\\\/www.youtube.com\\\/channel\\\/UCua4Qvz8Icb6MYqhoq9xLXw\"]},{\"@type\":\"Person\",\"@id\":\"https:\\\/\\\/informelitoral.com.ar\\\/#\\\/schema\\\/person\\\/f05f9f461677119578717524b127d6d5\",\"name\":\"Sebastian\",\"image\":{\"@type\":\"ImageObject\",\"inLanguage\":\"es\",\"@id\":\"https:\\\/\\\/secure.gravatar.com\\\/avatar\\\/b71bf7481d447dfb9583c7f2798e7cc64de6efb9067b74633ed8c31059a3bd82?s=96&d=mm&r=g\",\"url\":\"https:\\\/\\\/secure.gravatar.com\\\/avatar\\\/b71bf7481d447dfb9583c7f2798e7cc64de6efb9067b74633ed8c31059a3bd82?s=96&d=mm&r=g\",\"contentUrl\":\"https:\\\/\\\/secure.gravatar.com\\\/avatar\\\/b71bf7481d447dfb9583c7f2798e7cc64de6efb9067b74633ed8c31059a3bd82?s=96&d=mm&r=g\",\"caption\":\"Sebastian\"},\"url\":\"https:\\\/\\\/informelitoral.com.ar\\\/author\\\/sebastian\\\/\"}]}<\/script>","yoast_head_json":{"title":"El Gobierno cerr\u00f3 la etapa t\u00e9cnica con el FMI, da paso al Congreso y espera la aprobaci\u00f3n para llevar el acuerdo al directorio - Informe Litoral","robots":{"index":"index","follow":"follow","max-snippet":"max-snippet:-1","max-image-preview":"max-image-preview:large","max-video-preview":"max-video-preview:-1"},"canonical":"https:\/\/informelitoral.com.ar\/el-gobierno-cerro-la-etapa-tecnica-con-el-fmi-da-paso-al-congreso-y-espera-la-aprobacion-para-llevar-el-acuerdo-al-directorio\/","og_locale":"es_ES","og_type":"article","og_title":"El Gobierno cerr\u00f3 la etapa t\u00e9cnica con el FMI, da paso al Congreso y espera la aprobaci\u00f3n para llevar el acuerdo al directorio - Informe Litoral","og_description":"En las \u00faltimas horas el Ministerio de Econom\u00eda concluy\u00f3 con el trazo grueso del memorando de entendimiento. Incluir\u00e1 metas fiscales, lineamientos de pol\u00edtica econ\u00f3mica, un calendario de desembolsos, un esquema nuevo de suba de tarifas y compromisos para los pr\u00f3ximos meses","og_url":"https:\/\/informelitoral.com.ar\/el-gobierno-cerro-la-etapa-tecnica-con-el-fmi-da-paso-al-congreso-y-espera-la-aprobacion-para-llevar-el-acuerdo-al-directorio\/","og_site_name":"Informe Litoral","article_publisher":"https:\/\/www.facebook.com\/informelitoral\/","article_published_time":"2022-03-02T12:20:25+00:00","article_modified_time":"2022-03-02T12:53:36+00:00","og_image":[{"width":1024,"height":680,"url":"https:\/\/informelitoral.com.ar\/%77%70%2d%63%6f%6e%74%65%6e%74\/uploads\/2022\/03\/multimedia.normal.b18932f18f3720c9.416c626572746f20464d495f6e6f726d616c2e6a7067.jpg","type":"image\/jpeg"}],"author":"Sebastian","twitter_card":"summary_large_image","twitter_creator":"@InformeLitoral","twitter_site":"@InformeLitoral","twitter_misc":{"Escrito por":"Sebastian","Tiempo de lectura":"7 minutos"},"schema":{"@context":"https:\/\/schema.org","@graph":[{"@type":"Article","@id":"https:\/\/informelitoral.com.ar\/el-gobierno-cerro-la-etapa-tecnica-con-el-fmi-da-paso-al-congreso-y-espera-la-aprobacion-para-llevar-el-acuerdo-al-directorio\/#article","isPartOf":{"@id":"https:\/\/informelitoral.com.ar\/el-gobierno-cerro-la-etapa-tecnica-con-el-fmi-da-paso-al-congreso-y-espera-la-aprobacion-para-llevar-el-acuerdo-al-directorio\/"},"author":{"name":"Sebastian","@id":"https:\/\/informelitoral.com.ar\/#\/schema\/person\/f05f9f461677119578717524b127d6d5"},"headline":"El Gobierno cerr\u00f3 la etapa t\u00e9cnica con el FMI, da paso al Congreso y espera la aprobaci\u00f3n para llevar el acuerdo al directorio","datePublished":"2022-03-02T12:20:25+00:00","dateModified":"2022-03-02T12:53:36+00:00","mainEntityOfPage":{"@id":"https:\/\/informelitoral.com.ar\/el-gobierno-cerro-la-etapa-tecnica-con-el-fmi-da-paso-al-congreso-y-espera-la-aprobacion-para-llevar-el-acuerdo-al-directorio\/"},"wordCount":1371,"commentCount":0,"publisher":{"@id":"https:\/\/informelitoral.com.ar\/#organization"},"image":{"@id":"https:\/\/informelitoral.com.ar\/el-gobierno-cerro-la-etapa-tecnica-con-el-fmi-da-paso-al-congreso-y-espera-la-aprobacion-para-llevar-el-acuerdo-al-directorio\/#primaryimage"},"thumbnailUrl":"https:\/\/informelitoral.com.ar\/%77%70%2d%63%6f%6e%74%65%6e%74\/uploads\/2022\/03\/multimedia.normal.b18932f18f3720c9.416c626572746f20464d495f6e6f726d616c2e6a7067.jpg","keywords":["Acuerdo FMI","Alberto Fern\u00e1ndez","Congreso"],"articleSection":["Politica"],"inLanguage":"es","potentialAction":[{"@type":"CommentAction","name":"Comment","target":["https:\/\/informelitoral.com.ar\/el-gobierno-cerro-la-etapa-tecnica-con-el-fmi-da-paso-al-congreso-y-espera-la-aprobacion-para-llevar-el-acuerdo-al-directorio\/#respond"]}]},{"@type":"WebPage","@id":"https:\/\/informelitoral.com.ar\/el-gobierno-cerro-la-etapa-tecnica-con-el-fmi-da-paso-al-congreso-y-espera-la-aprobacion-para-llevar-el-acuerdo-al-directorio\/","url":"https:\/\/informelitoral.com.ar\/el-gobierno-cerro-la-etapa-tecnica-con-el-fmi-da-paso-al-congreso-y-espera-la-aprobacion-para-llevar-el-acuerdo-al-directorio\/","name":"El Gobierno cerr\u00f3 la etapa t\u00e9cnica con el FMI, da paso al Congreso y espera la aprobaci\u00f3n para llevar el acuerdo al directorio - Informe Litoral","isPartOf":{"@id":"https:\/\/informelitoral.com.ar\/#website"},"primaryImageOfPage":{"@id":"https:\/\/informelitoral.com.ar\/el-gobierno-cerro-la-etapa-tecnica-con-el-fmi-da-paso-al-congreso-y-espera-la-aprobacion-para-llevar-el-acuerdo-al-directorio\/#primaryimage"},"image":{"@id":"https:\/\/informelitoral.com.ar\/el-gobierno-cerro-la-etapa-tecnica-con-el-fmi-da-paso-al-congreso-y-espera-la-aprobacion-para-llevar-el-acuerdo-al-directorio\/#primaryimage"},"thumbnailUrl":"https:\/\/informelitoral.com.ar\/%77%70%2d%63%6f%6e%74%65%6e%74\/uploads\/2022\/03\/multimedia.normal.b18932f18f3720c9.416c626572746f20464d495f6e6f726d616c2e6a7067.jpg","datePublished":"2022-03-02T12:20:25+00:00","dateModified":"2022-03-02T12:53:36+00:00","breadcrumb":{"@id":"https:\/\/informelitoral.com.ar\/el-gobierno-cerro-la-etapa-tecnica-con-el-fmi-da-paso-al-congreso-y-espera-la-aprobacion-para-llevar-el-acuerdo-al-directorio\/#breadcrumb"},"inLanguage":"es","potentialAction":[{"@type":"ReadAction","target":["https:\/\/informelitoral.com.ar\/el-gobierno-cerro-la-etapa-tecnica-con-el-fmi-da-paso-al-congreso-y-espera-la-aprobacion-para-llevar-el-acuerdo-al-directorio\/"]}]},{"@type":"ImageObject","inLanguage":"es","@id":"https:\/\/informelitoral.com.ar\/el-gobierno-cerro-la-etapa-tecnica-con-el-fmi-da-paso-al-congreso-y-espera-la-aprobacion-para-llevar-el-acuerdo-al-directorio\/#primaryimage","url":"https:\/\/informelitoral.com.ar\/%77%70%2d%63%6f%6e%74%65%6e%74\/uploads\/2022\/03\/multimedia.normal.b18932f18f3720c9.416c626572746f20464d495f6e6f726d616c2e6a7067.jpg","contentUrl":"https:\/\/informelitoral.com.ar\/%77%70%2d%63%6f%6e%74%65%6e%74\/uploads\/2022\/03\/multimedia.normal.b18932f18f3720c9.416c626572746f20464d495f6e6f726d616c2e6a7067.jpg","width":1024,"height":680},{"@type":"BreadcrumbList","@id":"https:\/\/informelitoral.com.ar\/el-gobierno-cerro-la-etapa-tecnica-con-el-fmi-da-paso-al-congreso-y-espera-la-aprobacion-para-llevar-el-acuerdo-al-directorio\/#breadcrumb","itemListElement":[{"@type":"ListItem","position":1,"name":"Portada","item":"https:\/\/informelitoral.com.ar\/"},{"@type":"ListItem","position":2,"name":"El Gobierno cerr\u00f3 la etapa t\u00e9cnica con el FMI, da paso al Congreso y espera la aprobaci\u00f3n para llevar el acuerdo al directorio"}]},{"@type":"WebSite","@id":"https:\/\/informelitoral.com.ar\/#website","url":"https:\/\/informelitoral.com.ar\/","name":"Informe Litoral","description":"&quot;Nos informamos&quot; ","publisher":{"@id":"https:\/\/informelitoral.com.ar\/#organization"},"potentialAction":[{"@type":"SearchAction","target":{"@type":"EntryPoint","urlTemplate":"https:\/\/informelitoral.com.ar\/?s={search_term_string}"},"query-input":{"@type":"PropertyValueSpecification","valueRequired":true,"valueName":"search_term_string"}}],"inLanguage":"es"},{"@type":"Organization","@id":"https:\/\/informelitoral.com.ar\/#organization","name":"Informe Litoral","url":"https:\/\/informelitoral.com.ar\/","logo":{"@type":"ImageObject","inLanguage":"es","@id":"https:\/\/informelitoral.com.ar\/#\/schema\/logo\/image\/","url":"https:\/\/informelitoral.com.ar\/%77%70%2d%63%6f%6e%74%65%6e%74\/uploads\/2021\/01\/circulo.png","contentUrl":"https:\/\/informelitoral.com.ar\/%77%70%2d%63%6f%6e%74%65%6e%74\/uploads\/2021\/01\/circulo.png","width":723,"height":731,"caption":"Informe Litoral"},"image":{"@id":"https:\/\/informelitoral.com.ar\/#\/schema\/logo\/image\/"},"sameAs":["https:\/\/www.facebook.com\/informelitoral\/","https:\/\/x.com\/InformeLitoral","https:\/\/www.instagram.com\/informelitoral\/","https:\/\/www.youtube.com\/channel\/UCua4Qvz8Icb6MYqhoq9xLXw"]},{"@type":"Person","@id":"https:\/\/informelitoral.com.ar\/#\/schema\/person\/f05f9f461677119578717524b127d6d5","name":"Sebastian","image":{"@type":"ImageObject","inLanguage":"es","@id":"https:\/\/secure.gravatar.com\/avatar\/b71bf7481d447dfb9583c7f2798e7cc64de6efb9067b74633ed8c31059a3bd82?s=96&d=mm&r=g","url":"https:\/\/secure.gravatar.com\/avatar\/b71bf7481d447dfb9583c7f2798e7cc64de6efb9067b74633ed8c31059a3bd82?s=96&d=mm&r=g","contentUrl":"https:\/\/secure.gravatar.com\/avatar\/b71bf7481d447dfb9583c7f2798e7cc64de6efb9067b74633ed8c31059a3bd82?s=96&d=mm&r=g","caption":"Sebastian"},"url":"https:\/\/informelitoral.com.ar\/author\/sebastian\/"}]}},"_links":{"self":[{"href":"https:\/\/informelitoral.com.ar\/%77%70%2d%6a%73%6f%6e\/wp\/v2\/posts\/72686","targetHints":{"allow":["GET"]}}],"collection":[{"href":"https:\/\/informelitoral.com.ar\/%77%70%2d%6a%73%6f%6e\/wp\/v2\/posts"}],"about":[{"href":"https:\/\/informelitoral.com.ar\/%77%70%2d%6a%73%6f%6e\/wp\/v2\/types\/post"}],"author":[{"embeddable":true,"href":"https:\/\/informelitoral.com.ar\/%77%70%2d%6a%73%6f%6e\/wp\/v2\/users\/8"}],"replies":[{"embeddable":true,"href":"https:\/\/informelitoral.com.ar\/%77%70%2d%6a%73%6f%6e\/wp\/v2\/comments?post=72686"}],"version-history":[{"count":0,"href":"https:\/\/informelitoral.com.ar\/%77%70%2d%6a%73%6f%6e\/wp\/v2\/posts\/72686\/revisions"}],"wp:featuredmedia":[{"embeddable":true,"href":"https:\/\/informelitoral.com.ar\/%77%70%2d%6a%73%6f%6e\/wp\/v2\/media\/72688"}],"wp:attachment":[{"href":"https:\/\/informelitoral.com.ar\/%77%70%2d%6a%73%6f%6e\/wp\/v2\/media?parent=72686"}],"wp:term":[{"taxonomy":"category","embeddable":true,"href":"https:\/\/informelitoral.com.ar\/%77%70%2d%6a%73%6f%6e\/wp\/v2\/categories?post=72686"},{"taxonomy":"post_tag","embeddable":true,"href":"https:\/\/informelitoral.com.ar\/%77%70%2d%6a%73%6f%6e\/wp\/v2\/tags?post=72686"}],"curies":[{"name":"wp","href":"https:\/\/api.w.org\/{rel}","templated":true}]}}