{"id":7257,"date":"2014-06-26T16:50:13","date_gmt":"2014-06-26T19:50:13","guid":{"rendered":"http:\/\/www.isletasnoticias.com.ar\/?p=7257"},"modified":"2014-06-26T16:56:41","modified_gmt":"2014-06-26T19:56:41","slug":"isletas-desde-la-junta-de-gobierno-gestionaran-el-agua-potable-para-un-grupo-de-vecinos","status":"publish","type":"post","link":"https:\/\/informelitoral.com.ar\/isletas-desde-la-junta-de-gobierno-gestionaran-el-agua-potable-para-un-grupo-de-vecinos\/","title":{"rendered":"Isletas: desde la Junta de Gobierno gestionar\u00e1n el agua potable para un grupo de vecinos"},"content":{"rendered":"<p><strong>Los beneficiarios ser\u00e1n alrededor de 10 familias que viven en inmediaciones de la Capilla San Lorenzo. Mantuvieron una reuni\u00f3n el martes 24, de la cual participaron todos los integrantes de la actual gesti\u00f3n y un grupo de vecinos.\u00a0<a href=\"http:\/\/www.isletasnoticias.com.ar\/%77%70%2d%63%6f%6e%74%65%6e%74\/uploads\/2014\/06\/agua-potable1.jpg\"><img loading=\"lazy\" decoding=\"async\" class=\"aligncenter wp-image-7258\" src=\"http:\/\/www.isletasnoticias.com.ar\/%77%70%2d%63%6f%6e%74%65%6e%74\/uploads\/2014\/06\/agua-potable1-300x199.jpg\" alt=\"agua potable1\" width=\"500\" height=\"333\" srcset=\"https:\/\/informelitoral.com.ar\/%77%70%2d%63%6f%6e%74%65%6e%74\/uploads\/2014\/06\/agua-potable1-300x199.jpg 300w, https:\/\/informelitoral.com.ar\/%77%70%2d%63%6f%6e%74%65%6e%74\/uploads\/2014\/06\/agua-potable1.jpg 960w\" sizes=\"auto, (max-width: 500px) 100vw, 500px\" \/><\/a><\/strong><\/p>\n<p>El presidente de la Junta de Gobierno <strong>Ra\u00fal Gerardo Eichman,<\/strong> junto al resto de los integrantes de la actual gesti\u00f3n, se reunieron el pasado martes 24, en las instalaciones de la Escuela Privada N\u00b0 143, 25 de Mayo, con un grupo de vecinos. El objetivo central del encuentro, fue la gesti\u00f3n del servicio de agua potable para unas 10 familias.<\/p>\n<p>En un texto enviado a <em><strong>ISLETAS NOTICIAS<\/strong><\/em>, informaron que la Junta propuso gestionar el agua potable para los vecinos, ya que algunos no disponen de la misma. \u00abSe explic\u00f3 la forma y modalidad del proyecto, <img loading=\"lazy\" decoding=\"async\" class=\"alignright wp-image-7259 size-medium\" src=\"http:\/\/www.isletasnoticias.com.ar\/%77%70%2d%63%6f%6e%74%65%6e%74\/uploads\/2014\/06\/agua-potable-300x199.jpg\" alt=\"agua potable\" width=\"300\" height=\"199\" srcset=\"https:\/\/informelitoral.com.ar\/%77%70%2d%63%6f%6e%74%65%6e%74\/uploads\/2014\/06\/agua-potable-300x199.jpg 300w, https:\/\/informelitoral.com.ar\/%77%70%2d%63%6f%6e%74%65%6e%74\/uploads\/2014\/06\/agua-potable.jpg 960w\" sizes=\"auto, (max-width: 300px) 100vw, 300px\" \/>se lo analiz\u00f3 en conjunto y de forma un\u00e1nime se acord\u00f3 llevarlo a cabo\u00bb,\u00a0adelantaron.<\/p>\n<p>Cabe aclarar que en dicha zona de la localidad -inmediaciones de la Capilla San Lorenzo y la Escuela N\u00b0 143- el agua a poca profundidad no es de buena calidad. \u00abLos beneficiados en esta primera etapa, serian alrededor de 10 familias, la mayor\u00eda de bajos recursos\u00bb, destacaron desde el ente gubernamental.<\/p>\n<p>La obra es sumamente importante para dicha zona, ya que en estos momentos uno de los beneficiarios no cuenta con el vital elemento en su domicilio, por lo que para todos los usos debe recurrir a buscar agua a la casa de sus vecinos. Adem\u00e1s, beneficiar\u00e1 a la escuela, la capilla y a aquellos que tienen pozos con agua de baja calidad.<\/p>\n","protected":false},"excerpt":{"rendered":"<p>Los beneficiarios ser&aacute;n alrededor de 10 familias que viven en inmediaciones de la Capilla San Lorenzo. Mantuvieron una reuni&oacute;n el martes 24, de la cual participaron todos los integrantes de la actual gesti&oacute;n y un grupo de vecinos.&nbsp; El presidente de la Junta de Gobierno Ra&uacute;l Gerardo Eichman, junto al resto de los integrantes de [&hellip;]<\/p>\n","protected":false},"author":2,"featured_media":0,"comment_status":"open","ping_status":"open","sticky":false,"template":"","format":"standard","meta":{"fifu_image_url":"","fifu_image_alt":"","footnotes":""},"categories":[4,16],"tags":[],"class_list":{"0":"post-7257","1":"post","2":"type-post","3":"status-publish","4":"format-standard","6":"category-locales","7":"category-politi"},"yoast_head":"<title>Isletas: desde la Junta de Gobierno gestionar\u00e1n el agua potable para un grupo de vecinos - Informe Litoral<\/title>\n<meta name=\"robots\" content=\"index, follow, max-snippet:-1, max-image-preview:large, max-video-preview:-1\" \/>\n<link rel=\"canonical\" href=\"https:\/\/informelitoral.com.ar\/isletas-desde-la-junta-de-gobierno-gestionaran-el-agua-potable-para-un-grupo-de-vecinos\/\" \/>\n<meta property=\"og:locale\" content=\"es_ES\" \/>\n<meta property=\"og:type\" content=\"article\" \/>\n<meta property=\"og:title\" content=\"Isletas: desde la Junta de Gobierno gestionar\u00e1n el agua potable para un grupo de vecinos - Informe Litoral\" \/>\n<meta property=\"og:description\" content=\"Los beneficiarios ser&aacute;n alrededor de 10 familias que viven en inmediaciones de la Capilla San Lorenzo. Mantuvieron una reuni&oacute;n el martes 24, de la cual participaron todos los integrantes de la actual gesti&oacute;n y un grupo de vecinos.&nbsp; El presidente de la Junta de Gobierno Ra&uacute;l Gerardo Eichman, junto al resto de los integrantes de [&hellip;]\" \/>\n<meta property=\"og:url\" content=\"https:\/\/informelitoral.com.ar\/isletas-desde-la-junta-de-gobierno-gestionaran-el-agua-potable-para-un-grupo-de-vecinos\/\" \/>\n<meta property=\"og:site_name\" content=\"Informe Litoral\" \/>\n<meta property=\"article:publisher\" content=\"https:\/\/www.facebook.com\/informelitoral\/\" \/>\n<meta property=\"article:published_time\" content=\"2014-06-26T19:50:13+00:00\" \/>\n<meta property=\"article:modified_time\" content=\"2014-06-26T19:56:41+00:00\" \/>\n<meta property=\"og:image\" content=\"https:\/\/informelitoral.com.ar\/%77%70%2d%63%6f%6e%74%65%6e%74\/uploads\/2014\/06\/agua-potable1.jpg\" \/>\n\t<meta property=\"og:image:width\" content=\"960\" \/>\n\t<meta property=\"og:image:height\" content=\"639\" \/>\n\t<meta property=\"og:image:type\" content=\"image\/jpeg\" \/>\n<meta name=\"author\" content=\"Gonzalo Schmidt\" \/>\n<meta name=\"twitter:card\" content=\"summary_large_image\" \/>\n<meta name=\"twitter:creator\" content=\"@InformeLitoral\" \/>\n<meta name=\"twitter:site\" content=\"@InformeLitoral\" \/>\n<meta name=\"twitter:label1\" content=\"Escrito por\" \/>\n\t<meta name=\"twitter:data1\" content=\"Gonzalo Schmidt\" \/>\n\t<meta name=\"twitter:label2\" content=\"Tiempo de lectura\" \/>\n\t<meta name=\"twitter:data2\" content=\"1 minuto\" \/>\n<script type=\"application\/ld+json\" class=\"yoast-schema-graph\">{\"@context\":\"https:\\\/\\\/schema.org\",\"@graph\":[{\"@type\":\"Article\",\"@id\":\"https:\\\/\\\/informelitoral.com.ar\\\/isletas-desde-la-junta-de-gobierno-gestionaran-el-agua-potable-para-un-grupo-de-vecinos\\\/#article\",\"isPartOf\":{\"@id\":\"https:\\\/\\\/informelitoral.com.ar\\\/isletas-desde-la-junta-de-gobierno-gestionaran-el-agua-potable-para-un-grupo-de-vecinos\\\/\"},\"author\":{\"name\":\"Gonzalo Schmidt\",\"@id\":\"https:\\\/\\\/informelitoral.com.ar\\\/#\\\/schema\\\/person\\\/b9d00407c836482871ef1d57bf8e3180\"},\"headline\":\"Isletas: desde la Junta de Gobierno gestionar\u00e1n el agua potable para un grupo de vecinos\",\"datePublished\":\"2014-06-26T19:50:13+00:00\",\"dateModified\":\"2014-06-26T19:56:41+00:00\",\"mainEntityOfPage\":{\"@id\":\"https:\\\/\\\/informelitoral.com.ar\\\/isletas-desde-la-junta-de-gobierno-gestionaran-el-agua-potable-para-un-grupo-de-vecinos\\\/\"},\"wordCount\":279,\"commentCount\":0,\"publisher\":{\"@id\":\"https:\\\/\\\/informelitoral.com.ar\\\/#organization\"},\"image\":{\"@id\":\"https:\\\/\\\/informelitoral.com.ar\\\/isletas-desde-la-junta-de-gobierno-gestionaran-el-agua-potable-para-un-grupo-de-vecinos\\\/#primaryimage\"},\"thumbnailUrl\":\"http:\\\/\\\/www.isletasnoticias.com.ar\\\/%77%70%2d%63%6f%6e%74%65%6e%74\\\/uploads\\\/2014\\\/06\\\/agua-potable1-300x199.jpg\",\"articleSection\":[\"Isletas\",\"Politica\"],\"inLanguage\":\"es\",\"potentialAction\":[{\"@type\":\"CommentAction\",\"name\":\"Comment\",\"target\":[\"https:\\\/\\\/informelitoral.com.ar\\\/isletas-desde-la-junta-de-gobierno-gestionaran-el-agua-potable-para-un-grupo-de-vecinos\\\/#respond\"]}]},{\"@type\":\"WebPage\",\"@id\":\"https:\\\/\\\/informelitoral.com.ar\\\/isletas-desde-la-junta-de-gobierno-gestionaran-el-agua-potable-para-un-grupo-de-vecinos\\\/\",\"url\":\"https:\\\/\\\/informelitoral.com.ar\\\/isletas-desde-la-junta-de-gobierno-gestionaran-el-agua-potable-para-un-grupo-de-vecinos\\\/\",\"name\":\"Isletas: desde la Junta de Gobierno gestionar\u00e1n el agua potable para un grupo de vecinos - Informe Litoral\",\"isPartOf\":{\"@id\":\"https:\\\/\\\/informelitoral.com.ar\\\/#website\"},\"primaryImageOfPage\":{\"@id\":\"https:\\\/\\\/informelitoral.com.ar\\\/isletas-desde-la-junta-de-gobierno-gestionaran-el-agua-potable-para-un-grupo-de-vecinos\\\/#primaryimage\"},\"image\":{\"@id\":\"https:\\\/\\\/informelitoral.com.ar\\\/isletas-desde-la-junta-de-gobierno-gestionaran-el-agua-potable-para-un-grupo-de-vecinos\\\/#primaryimage\"},\"thumbnailUrl\":\"http:\\\/\\\/www.isletasnoticias.com.ar\\\/%77%70%2d%63%6f%6e%74%65%6e%74\\\/uploads\\\/2014\\\/06\\\/agua-potable1-300x199.jpg\",\"datePublished\":\"2014-06-26T19:50:13+00:00\",\"dateModified\":\"2014-06-26T19:56:41+00:00\",\"breadcrumb\":{\"@id\":\"https:\\\/\\\/informelitoral.com.ar\\\/isletas-desde-la-junta-de-gobierno-gestionaran-el-agua-potable-para-un-grupo-de-vecinos\\\/#breadcrumb\"},\"inLanguage\":\"es\",\"potentialAction\":[{\"@type\":\"ReadAction\",\"target\":[\"https:\\\/\\\/informelitoral.com.ar\\\/isletas-desde-la-junta-de-gobierno-gestionaran-el-agua-potable-para-un-grupo-de-vecinos\\\/\"]}]},{\"@type\":\"ImageObject\",\"inLanguage\":\"es\",\"@id\":\"https:\\\/\\\/informelitoral.com.ar\\\/isletas-desde-la-junta-de-gobierno-gestionaran-el-agua-potable-para-un-grupo-de-vecinos\\\/#primaryimage\",\"url\":\"http:\\\/\\\/www.isletasnoticias.com.ar\\\/%77%70%2d%63%6f%6e%74%65%6e%74\\\/uploads\\\/2014\\\/06\\\/agua-potable1-300x199.jpg\",\"contentUrl\":\"http:\\\/\\\/www.isletasnoticias.com.ar\\\/%77%70%2d%63%6f%6e%74%65%6e%74\\\/uploads\\\/2014\\\/06\\\/agua-potable1-300x199.jpg\"},{\"@type\":\"BreadcrumbList\",\"@id\":\"https:\\\/\\\/informelitoral.com.ar\\\/isletas-desde-la-junta-de-gobierno-gestionaran-el-agua-potable-para-un-grupo-de-vecinos\\\/#breadcrumb\",\"itemListElement\":[{\"@type\":\"ListItem\",\"position\":1,\"name\":\"Portada\",\"item\":\"https:\\\/\\\/informelitoral.com.ar\\\/\"},{\"@type\":\"ListItem\",\"position\":2,\"name\":\"Isletas: desde la Junta de Gobierno gestionar\u00e1n el agua potable para un grupo de vecinos\"}]},{\"@type\":\"WebSite\",\"@id\":\"https:\\\/\\\/informelitoral.com.ar\\\/#website\",\"url\":\"https:\\\/\\\/informelitoral.com.ar\\\/\",\"name\":\"Informe Litoral\",\"description\":\"&quot;Nos informamos&quot; \",\"publisher\":{\"@id\":\"https:\\\/\\\/informelitoral.com.ar\\\/#organization\"},\"potentialAction\":[{\"@type\":\"SearchAction\",\"target\":{\"@type\":\"EntryPoint\",\"urlTemplate\":\"https:\\\/\\\/informelitoral.com.ar\\\/?s={search_term_string}\"},\"query-input\":{\"@type\":\"PropertyValueSpecification\",\"valueRequired\":true,\"valueName\":\"search_term_string\"}}],\"inLanguage\":\"es\"},{\"@type\":\"Organization\",\"@id\":\"https:\\\/\\\/informelitoral.com.ar\\\/#organization\",\"name\":\"Informe Litoral\",\"url\":\"https:\\\/\\\/informelitoral.com.ar\\\/\",\"logo\":{\"@type\":\"ImageObject\",\"inLanguage\":\"es\",\"@id\":\"https:\\\/\\\/informelitoral.com.ar\\\/#\\\/schema\\\/logo\\\/image\\\/\",\"url\":\"https:\\\/\\\/informelitoral.com.ar\\\/%77%70%2d%63%6f%6e%74%65%6e%74\\\/uploads\\\/2021\\\/01\\\/circulo.png\",\"contentUrl\":\"https:\\\/\\\/informelitoral.com.ar\\\/%77%70%2d%63%6f%6e%74%65%6e%74\\\/uploads\\\/2021\\\/01\\\/circulo.png\",\"width\":723,\"height\":731,\"caption\":\"Informe Litoral\"},\"image\":{\"@id\":\"https:\\\/\\\/informelitoral.com.ar\\\/#\\\/schema\\\/logo\\\/image\\\/\"},\"sameAs\":[\"https:\\\/\\\/www.facebook.com\\\/informelitoral\\\/\",\"https:\\\/\\\/x.com\\\/InformeLitoral\",\"https:\\\/\\\/www.instagram.com\\\/informelitoral\\\/\",\"https:\\\/\\\/www.youtube.com\\\/channel\\\/UCua4Qvz8Icb6MYqhoq9xLXw\"]},{\"@type\":\"Person\",\"@id\":\"https:\\\/\\\/informelitoral.com.ar\\\/#\\\/schema\\\/person\\\/b9d00407c836482871ef1d57bf8e3180\",\"name\":\"Gonzalo Schmidt\",\"image\":{\"@type\":\"ImageObject\",\"inLanguage\":\"es\",\"@id\":\"https:\\\/\\\/secure.gravatar.com\\\/avatar\\\/31a1a7b66ff2de83bd0e9fd79d026630d2d99e55e8bfe501287647b4fd9743de?s=96&d=mm&r=g\",\"url\":\"https:\\\/\\\/secure.gravatar.com\\\/avatar\\\/31a1a7b66ff2de83bd0e9fd79d026630d2d99e55e8bfe501287647b4fd9743de?s=96&d=mm&r=g\",\"contentUrl\":\"https:\\\/\\\/secure.gravatar.com\\\/avatar\\\/31a1a7b66ff2de83bd0e9fd79d026630d2d99e55e8bfe501287647b4fd9743de?s=96&d=mm&r=g\",\"caption\":\"Gonzalo Schmidt\"},\"description\":\"Sitio web de noticias de la provincia de Entre R\u00edos, Argentina. Informaci\u00f3n y entretenimiento. Informe Litoral, nos informamos.\",\"sameAs\":[\"http:\\\/\\\/www.isletasnoticias.com.ar\"],\"url\":\"https:\\\/\\\/informelitoral.com.ar\\\/author\\\/gonzalo\\\/\"}]}<\/script>","yoast_head_json":{"title":"Isletas: desde la Junta de Gobierno gestionar\u00e1n el agua potable para un grupo de vecinos - Informe Litoral","robots":{"index":"index","follow":"follow","max-snippet":"max-snippet:-1","max-image-preview":"max-image-preview:large","max-video-preview":"max-video-preview:-1"},"canonical":"https:\/\/informelitoral.com.ar\/isletas-desde-la-junta-de-gobierno-gestionaran-el-agua-potable-para-un-grupo-de-vecinos\/","og_locale":"es_ES","og_type":"article","og_title":"Isletas: desde la Junta de Gobierno gestionar\u00e1n el agua potable para un grupo de vecinos - Informe Litoral","og_description":"Los beneficiarios ser&aacute;n alrededor de 10 familias que viven en inmediaciones de la Capilla San Lorenzo. Mantuvieron una reuni&oacute;n el martes 24, de la cual participaron todos los integrantes de la actual gesti&oacute;n y un grupo de vecinos.&nbsp; El presidente de la Junta de Gobierno Ra&uacute;l Gerardo Eichman, junto al resto de los integrantes de [&hellip;]","og_url":"https:\/\/informelitoral.com.ar\/isletas-desde-la-junta-de-gobierno-gestionaran-el-agua-potable-para-un-grupo-de-vecinos\/","og_site_name":"Informe Litoral","article_publisher":"https:\/\/www.facebook.com\/informelitoral\/","article_published_time":"2014-06-26T19:50:13+00:00","article_modified_time":"2014-06-26T19:56:41+00:00","og_image":[{"width":960,"height":639,"url":"https:\/\/informelitoral.com.ar\/%77%70%2d%63%6f%6e%74%65%6e%74\/uploads\/2014\/06\/agua-potable1.jpg","type":"image\/jpeg"}],"author":"Gonzalo Schmidt","twitter_card":"summary_large_image","twitter_creator":"@InformeLitoral","twitter_site":"@InformeLitoral","twitter_misc":{"Escrito por":"Gonzalo Schmidt","Tiempo de lectura":"1 minuto"},"schema":{"@context":"https:\/\/schema.org","@graph":[{"@type":"Article","@id":"https:\/\/informelitoral.com.ar\/isletas-desde-la-junta-de-gobierno-gestionaran-el-agua-potable-para-un-grupo-de-vecinos\/#article","isPartOf":{"@id":"https:\/\/informelitoral.com.ar\/isletas-desde-la-junta-de-gobierno-gestionaran-el-agua-potable-para-un-grupo-de-vecinos\/"},"author":{"name":"Gonzalo Schmidt","@id":"https:\/\/informelitoral.com.ar\/#\/schema\/person\/b9d00407c836482871ef1d57bf8e3180"},"headline":"Isletas: desde la Junta de Gobierno gestionar\u00e1n el agua potable para un grupo de vecinos","datePublished":"2014-06-26T19:50:13+00:00","dateModified":"2014-06-26T19:56:41+00:00","mainEntityOfPage":{"@id":"https:\/\/informelitoral.com.ar\/isletas-desde-la-junta-de-gobierno-gestionaran-el-agua-potable-para-un-grupo-de-vecinos\/"},"wordCount":279,"commentCount":0,"publisher":{"@id":"https:\/\/informelitoral.com.ar\/#organization"},"image":{"@id":"https:\/\/informelitoral.com.ar\/isletas-desde-la-junta-de-gobierno-gestionaran-el-agua-potable-para-un-grupo-de-vecinos\/#primaryimage"},"thumbnailUrl":"http:\/\/www.isletasnoticias.com.ar\/%77%70%2d%63%6f%6e%74%65%6e%74\/uploads\/2014\/06\/agua-potable1-300x199.jpg","articleSection":["Isletas","Politica"],"inLanguage":"es","potentialAction":[{"@type":"CommentAction","name":"Comment","target":["https:\/\/informelitoral.com.ar\/isletas-desde-la-junta-de-gobierno-gestionaran-el-agua-potable-para-un-grupo-de-vecinos\/#respond"]}]},{"@type":"WebPage","@id":"https:\/\/informelitoral.com.ar\/isletas-desde-la-junta-de-gobierno-gestionaran-el-agua-potable-para-un-grupo-de-vecinos\/","url":"https:\/\/informelitoral.com.ar\/isletas-desde-la-junta-de-gobierno-gestionaran-el-agua-potable-para-un-grupo-de-vecinos\/","name":"Isletas: desde la Junta de Gobierno gestionar\u00e1n el agua potable para un grupo de vecinos - Informe Litoral","isPartOf":{"@id":"https:\/\/informelitoral.com.ar\/#website"},"primaryImageOfPage":{"@id":"https:\/\/informelitoral.com.ar\/isletas-desde-la-junta-de-gobierno-gestionaran-el-agua-potable-para-un-grupo-de-vecinos\/#primaryimage"},"image":{"@id":"https:\/\/informelitoral.com.ar\/isletas-desde-la-junta-de-gobierno-gestionaran-el-agua-potable-para-un-grupo-de-vecinos\/#primaryimage"},"thumbnailUrl":"http:\/\/www.isletasnoticias.com.ar\/%77%70%2d%63%6f%6e%74%65%6e%74\/uploads\/2014\/06\/agua-potable1-300x199.jpg","datePublished":"2014-06-26T19:50:13+00:00","dateModified":"2014-06-26T19:56:41+00:00","breadcrumb":{"@id":"https:\/\/informelitoral.com.ar\/isletas-desde-la-junta-de-gobierno-gestionaran-el-agua-potable-para-un-grupo-de-vecinos\/#breadcrumb"},"inLanguage":"es","potentialAction":[{"@type":"ReadAction","target":["https:\/\/informelitoral.com.ar\/isletas-desde-la-junta-de-gobierno-gestionaran-el-agua-potable-para-un-grupo-de-vecinos\/"]}]},{"@type":"ImageObject","inLanguage":"es","@id":"https:\/\/informelitoral.com.ar\/isletas-desde-la-junta-de-gobierno-gestionaran-el-agua-potable-para-un-grupo-de-vecinos\/#primaryimage","url":"http:\/\/www.isletasnoticias.com.ar\/%77%70%2d%63%6f%6e%74%65%6e%74\/uploads\/2014\/06\/agua-potable1-300x199.jpg","contentUrl":"http:\/\/www.isletasnoticias.com.ar\/%77%70%2d%63%6f%6e%74%65%6e%74\/uploads\/2014\/06\/agua-potable1-300x199.jpg"},{"@type":"BreadcrumbList","@id":"https:\/\/informelitoral.com.ar\/isletas-desde-la-junta-de-gobierno-gestionaran-el-agua-potable-para-un-grupo-de-vecinos\/#breadcrumb","itemListElement":[{"@type":"ListItem","position":1,"name":"Portada","item":"https:\/\/informelitoral.com.ar\/"},{"@type":"ListItem","position":2,"name":"Isletas: desde la Junta de Gobierno gestionar\u00e1n el agua potable para un grupo de vecinos"}]},{"@type":"WebSite","@id":"https:\/\/informelitoral.com.ar\/#website","url":"https:\/\/informelitoral.com.ar\/","name":"Informe Litoral","description":"&quot;Nos informamos&quot; ","publisher":{"@id":"https:\/\/informelitoral.com.ar\/#organization"},"potentialAction":[{"@type":"SearchAction","target":{"@type":"EntryPoint","urlTemplate":"https:\/\/informelitoral.com.ar\/?s={search_term_string}"},"query-input":{"@type":"PropertyValueSpecification","valueRequired":true,"valueName":"search_term_string"}}],"inLanguage":"es"},{"@type":"Organization","@id":"https:\/\/informelitoral.com.ar\/#organization","name":"Informe Litoral","url":"https:\/\/informelitoral.com.ar\/","logo":{"@type":"ImageObject","inLanguage":"es","@id":"https:\/\/informelitoral.com.ar\/#\/schema\/logo\/image\/","url":"https:\/\/informelitoral.com.ar\/%77%70%2d%63%6f%6e%74%65%6e%74\/uploads\/2021\/01\/circulo.png","contentUrl":"https:\/\/informelitoral.com.ar\/%77%70%2d%63%6f%6e%74%65%6e%74\/uploads\/2021\/01\/circulo.png","width":723,"height":731,"caption":"Informe Litoral"},"image":{"@id":"https:\/\/informelitoral.com.ar\/#\/schema\/logo\/image\/"},"sameAs":["https:\/\/www.facebook.com\/informelitoral\/","https:\/\/x.com\/InformeLitoral","https:\/\/www.instagram.com\/informelitoral\/","https:\/\/www.youtube.com\/channel\/UCua4Qvz8Icb6MYqhoq9xLXw"]},{"@type":"Person","@id":"https:\/\/informelitoral.com.ar\/#\/schema\/person\/b9d00407c836482871ef1d57bf8e3180","name":"Gonzalo Schmidt","image":{"@type":"ImageObject","inLanguage":"es","@id":"https:\/\/secure.gravatar.com\/avatar\/31a1a7b66ff2de83bd0e9fd79d026630d2d99e55e8bfe501287647b4fd9743de?s=96&d=mm&r=g","url":"https:\/\/secure.gravatar.com\/avatar\/31a1a7b66ff2de83bd0e9fd79d026630d2d99e55e8bfe501287647b4fd9743de?s=96&d=mm&r=g","contentUrl":"https:\/\/secure.gravatar.com\/avatar\/31a1a7b66ff2de83bd0e9fd79d026630d2d99e55e8bfe501287647b4fd9743de?s=96&d=mm&r=g","caption":"Gonzalo Schmidt"},"description":"Sitio web de noticias de la provincia de Entre R\u00edos, Argentina. Informaci\u00f3n y entretenimiento. Informe Litoral, nos informamos.","sameAs":["http:\/\/www.isletasnoticias.com.ar"],"url":"https:\/\/informelitoral.com.ar\/author\/gonzalo\/"}]}},"_links":{"self":[{"href":"https:\/\/informelitoral.com.ar\/%77%70%2d%6a%73%6f%6e\/wp\/v2\/posts\/7257","targetHints":{"allow":["GET"]}}],"collection":[{"href":"https:\/\/informelitoral.com.ar\/%77%70%2d%6a%73%6f%6e\/wp\/v2\/posts"}],"about":[{"href":"https:\/\/informelitoral.com.ar\/%77%70%2d%6a%73%6f%6e\/wp\/v2\/types\/post"}],"author":[{"embeddable":true,"href":"https:\/\/informelitoral.com.ar\/%77%70%2d%6a%73%6f%6e\/wp\/v2\/users\/2"}],"replies":[{"embeddable":true,"href":"https:\/\/informelitoral.com.ar\/%77%70%2d%6a%73%6f%6e\/wp\/v2\/comments?post=7257"}],"version-history":[{"count":0,"href":"https:\/\/informelitoral.com.ar\/%77%70%2d%6a%73%6f%6e\/wp\/v2\/posts\/7257\/revisions"}],"wp:attachment":[{"href":"https:\/\/informelitoral.com.ar\/%77%70%2d%6a%73%6f%6e\/wp\/v2\/media?parent=7257"}],"wp:term":[{"taxonomy":"category","embeddable":true,"href":"https:\/\/informelitoral.com.ar\/%77%70%2d%6a%73%6f%6e\/wp\/v2\/categories?post=7257"},{"taxonomy":"post_tag","embeddable":true,"href":"https:\/\/informelitoral.com.ar\/%77%70%2d%6a%73%6f%6e\/wp\/v2\/tags?post=7257"}],"curies":[{"name":"wp","href":"https:\/\/api.w.org\/{rel}","templated":true}]}}