{"id":72482,"date":"2022-02-25T17:27:39","date_gmt":"2022-02-25T20:27:39","guid":{"rendered":"https:\/\/www.informelitoral.com.ar\/?p=72482"},"modified":"2022-02-25T17:33:23","modified_gmt":"2022-02-25T20:33:23","slug":"ramirez-festeja-cada-vez-mas-cerca","status":"publish","type":"post","link":"https:\/\/informelitoral.com.ar\/ramirez-festeja-cada-vez-mas-cerca\/","title":{"rendered":"Ram\u00edrez Festeja, cada vez m\u00e1s cerca"},"content":{"rendered":"<div>La ciudad de <strong>General Ram\u00edrez<\/strong> se prepara para celebrar su <strong>134\u00ba Aniversario.<\/strong> <strong>Las actividades comenzar\u00e1n el lunes 7 de marzo y se extender\u00e1n hasta el domingo 13.<\/strong> Las noches de escenario tendr\u00e1n lugar el s\u00e1bado 12 y domingo 13 en el Parque Evita y Parque de la Democracia, donde habr\u00e1 <strong>patio de comidas, concurso gastron\u00f3mico, espacio gurises, carpa de emprendedores, m\u00fasica y grupos de danzas en vivo.<\/strong><\/div>\n<div><\/div>\n<div><a href=\"https:\/\/www.informelitoral.com.ar\/%77%70%2d%63%6f%6e%74%65%6e%74\/uploads\/2022\/02\/IMG_5769-scaled.jpg\"><img loading=\"lazy\" decoding=\"async\" class=\"aligncenter wp-image-72486 size-large\" src=\"https:\/\/www.informelitoral.com.ar\/%77%70%2d%63%6f%6e%74%65%6e%74\/uploads\/2022\/02\/IMG_5769-1024x683.jpg\" alt=\"\" width=\"696\" height=\"464\" srcset=\"https:\/\/informelitoral.com.ar\/%77%70%2d%63%6f%6e%74%65%6e%74\/uploads\/2022\/02\/IMG_5769-1024x683.jpg 1024w, https:\/\/informelitoral.com.ar\/%77%70%2d%63%6f%6e%74%65%6e%74\/uploads\/2022\/02\/IMG_5769-300x200.jpg 300w, https:\/\/informelitoral.com.ar\/%77%70%2d%63%6f%6e%74%65%6e%74\/uploads\/2022\/02\/IMG_5769-768x512.jpg 768w, https:\/\/informelitoral.com.ar\/%77%70%2d%63%6f%6e%74%65%6e%74\/uploads\/2022\/02\/IMG_5769-1536x1024.jpg 1536w, https:\/\/informelitoral.com.ar\/%77%70%2d%63%6f%6e%74%65%6e%74\/uploads\/2022\/02\/IMG_5769-2048x1365.jpg 2048w, https:\/\/informelitoral.com.ar\/%77%70%2d%63%6f%6e%74%65%6e%74\/uploads\/2022\/02\/IMG_5769-696x464.jpg 696w, https:\/\/informelitoral.com.ar\/%77%70%2d%63%6f%6e%74%65%6e%74\/uploads\/2022\/02\/IMG_5769-1068x712.jpg 1068w, https:\/\/informelitoral.com.ar\/%77%70%2d%63%6f%6e%74%65%6e%74\/uploads\/2022\/02\/IMG_5769-1920x1280.jpg 1920w, https:\/\/informelitoral.com.ar\/%77%70%2d%63%6f%6e%74%65%6e%74\/uploads\/2022\/02\/IMG_5769-630x420.jpg 630w\" sizes=\"auto, (max-width: 696px) 100vw, 696px\" \/><\/a><\/div>\n<div>\n<h3 align=\"justify\"><b>Cronograma de actividades<\/b><\/h3>\n<h4 align=\"justify\"><strong>Lunes 7:<\/strong><\/h4>\n<p align=\"justify\"><span style=\"color: #000000;\"><span style=\"font-family: Calibri, sans-serif;\"><span style=\"font-size: large;\">Presentaci\u00f3n de la digitalizaci\u00f3n del semanario Preg\u00f3n, peri\u00f3dico editado entre 1964 y 1994 en General Ram\u00edrez. Estar\u00e1n presentes exdue\u00f1os del semanario como Arturo \u00c1lvarez, Rodolfo Parente, Jos\u00e9 Luis Brumatti y Jos\u00e9 Carlos Kornschuh. La actividad tendr\u00e1 lugar en la Biblioteca Popular \u00abLuis Etchevehere\u00bb &#8211; cito en calle Avellaneda 26 &#8211; a partir de las 20.30.<br aria-hidden=\"true\" \/><\/span><\/span><\/span><\/p>\n<h4 align=\"justify\"><span style=\"color: #000000;\"><span style=\"font-family: Calibri, sans-serif;\"><span style=\"font-size: large;\"><strong>Martes 8:<\/strong><br aria-hidden=\"true\" \/><\/span><\/span><\/span><\/h4>\n<p align=\"justify\"><span style=\"color: #000000;\"><span style=\"font-family: Calibri, sans-serif;\"><span style=\"font-size: large;\">Conmemoraci\u00f3n del D\u00eda Internacional de la Mujer. La actividad se desarrollar\u00e1 en Bulevar San Mart\u00edn y Libertador desde las 20.30 y es organizada por la Vicepresidencia Municipal, la Subsecretar\u00eda de Pol\u00edticas Sociales y Salud, el Equipo Interdisciplinario Municipal de Prevenci\u00f3n y Abordaje de las Violencias.<br aria-hidden=\"true\" \/><\/span><\/span><\/span><\/p>\n<h4 align=\"justify\"><span style=\"color: #000000;\"><span style=\"font-family: Calibri, sans-serif;\"><span style=\"font-size: large;\"><strong>Mi\u00e9rcoles 9:<\/strong><br aria-hidden=\"true\" \/><\/span><\/span><\/span><\/h4>\n<p>Noche de los Templos.\u00a0<span style=\"color: #000000;\"><span style=\"font-family: Calibri, sans-serif;\"><span style=\"font-size: medium;\">Recorrido Hist\u00f3rico-Cultural y de Fe, visitando distintas iglesias de la ciudad. Este a\u00f1o se incorpora una posta en la antigua Sinagoga, ubicada en calle Belgrano (actual veterinaria de Cooperativa La Ganadera). All\u00ed se presentar\u00e1 un trabajo de investigaci\u00f3n hist\u00f3rica sobre la comunidad jud\u00eda, llevado adelante por estudiantes del Instituto de Educaci\u00f3n Secundaria Jes\u00fas de Nazareth.<\/span><\/span><\/span><\/p>\n<p align=\"justify\"><span style=\"color: #000000;\"><span style=\"font-family: Calibri, sans-serif;\"><span style=\"font-size: medium;\">El recorrido comenzar\u00e1 a las 20 y estar\u00e1 acompa\u00f1ado por las traffic municipales para quienes deseen realizarlo.<\/span><\/span><\/span><\/p>\n<\/div>\n<h4><strong><span style=\"font-size: medium;\"><span style=\"font-family: Calibri, sans-serif;\">Jueves 10:<\/span><\/span><\/strong><\/h4>\n<div>Obra teatral, musical y multimedia \u00abRomance de los Pueblos Libres\u00bb<span style=\"font-size: medium;\"><span style=\"font-family: Calibri, sans-serif;\">.<\/span><\/span><span style=\"color: #000000;\"><span style=\"font-family: Calibri, sans-serif;\"><span style=\"font-size: medium;\">\u00a0Con el foco puesto en los caudillos federales Francisco Ram\u00edrez, Estanislao L\u00f3pez y Juan B. Bustos, la obra relata situaciones hist\u00f3ricas ficcionadas haciendo eje en el personaje de La Delfina, como hilo conductor y relatora.<\/span><\/span><\/span><span style=\"color: #000000;\"><span style=\"font-family: Calibri, sans-serif;\"><span style=\"font-size: medium;\">\u00a0Dicha propuesta es coordinada de manera conjunta entre la Secretar\u00eda de Cultura de Entre R\u00edos, el Ministerio de Cultura de Santa Fe y la Agencia C\u00f3rdoba Cultura. Cuenta con alrededor de 25 artistas en escena, m\u00fasicos en vivo y proyecci\u00f3n de audiovisuales en la pantalla LED del escenario principal de Ram\u00edrez Festeja. En dicha jornada\u00a0<\/span><\/span><\/span>tambi\u00e9n se\u00a0<span style=\"color: #000000;\"><span style=\"font-family: Calibri, sans-serif;\"><span style=\"font-size: large;\">presentar\u00e1n los\u00a0<\/span><\/span><\/span><span style=\"color: #000000;\"><span style=\"font-family: Calibri, sans-serif;\"><span style=\"font-size: large;\">avances del documental sobre la historia del Frigor\u00edfico Vizental. La actividad dar\u00e1 inicio a las 20.30 en el Parque de la Democracia.<\/span><\/span><\/span><\/div>\n<div><\/div>\n<div>\n<p><span style=\"color: #000000;\"><span style=\"font-family: Calibri, sans-serif;\"><span style=\"font-size: large;\"><a href=\"https:\/\/www.informelitoral.com.ar\/%77%70%2d%63%6f%6e%74%65%6e%74\/uploads\/2022\/02\/IMG_5684-scaled.jpg\"><img loading=\"lazy\" decoding=\"async\" class=\"aligncenter wp-image-72485 size-large\" src=\"https:\/\/www.informelitoral.com.ar\/%77%70%2d%63%6f%6e%74%65%6e%74\/uploads\/2022\/02\/IMG_5684-1024x683.jpg\" alt=\"\" width=\"696\" height=\"464\" srcset=\"https:\/\/informelitoral.com.ar\/%77%70%2d%63%6f%6e%74%65%6e%74\/uploads\/2022\/02\/IMG_5684-1024x683.jpg 1024w, https:\/\/informelitoral.com.ar\/%77%70%2d%63%6f%6e%74%65%6e%74\/uploads\/2022\/02\/IMG_5684-300x200.jpg 300w, https:\/\/informelitoral.com.ar\/%77%70%2d%63%6f%6e%74%65%6e%74\/uploads\/2022\/02\/IMG_5684-768x512.jpg 768w, https:\/\/informelitoral.com.ar\/%77%70%2d%63%6f%6e%74%65%6e%74\/uploads\/2022\/02\/IMG_5684-1536x1024.jpg 1536w, https:\/\/informelitoral.com.ar\/%77%70%2d%63%6f%6e%74%65%6e%74\/uploads\/2022\/02\/IMG_5684-2048x1365.jpg 2048w, https:\/\/informelitoral.com.ar\/%77%70%2d%63%6f%6e%74%65%6e%74\/uploads\/2022\/02\/IMG_5684-696x464.jpg 696w, https:\/\/informelitoral.com.ar\/%77%70%2d%63%6f%6e%74%65%6e%74\/uploads\/2022\/02\/IMG_5684-1068x712.jpg 1068w, https:\/\/informelitoral.com.ar\/%77%70%2d%63%6f%6e%74%65%6e%74\/uploads\/2022\/02\/IMG_5684-1920x1280.jpg 1920w, https:\/\/informelitoral.com.ar\/%77%70%2d%63%6f%6e%74%65%6e%74\/uploads\/2022\/02\/IMG_5684-630x420.jpg 630w\" sizes=\"auto, (max-width: 696px) 100vw, 696px\" \/><\/a><\/span><\/span><\/span><\/p>\n<p><strong>Viernes 11:<\/strong><\/p>\n<p>Apertura oficial de Ram\u00edrez Potencia (Feria Productiva y de Emprendedores). Lugar: Parque Evita &#8211; 20.30.<\/p>\n<p>A partir de las 22.00 en el escenario principal de Ram\u00edrez Festeja se llevar\u00e1 a cabo el Certamen Pre-Bandas. 18 bandas de la regi\u00f3n buscar\u00e1n un lugar para estar presentes en s\u00e1bado 12 y compartir escenario con Kapanga.<\/p>\n<h4><strong>S\u00e1bado 12: <\/strong><\/h4>\n<p>Inicio del Festival Ram\u00edrez Festeja en el Parque de la Democracia, con entrada libre y gratuita.<\/p>\n<p>Desde las 20 Feria Productiva y de Emprendedores \u00abRam\u00edrez Potencia\u00bb. Adem\u00e1s apertura de puestos de comida, bebidas, helados y cerveza artesanal.<\/p>\n<p><span style=\"color: #000000;\"><span style=\"font-family: Calibri, sans-serif;\"><span style=\"font-size: medium;\">La apertura del escenario principal comenzar\u00e1 a las 21. Estar\u00e1n presentes Kapanga,\u00a0<\/span><\/span><\/span><span style=\"color: #000000;\"><span style=\"font-family: Calibri, sans-serif;\"><span style=\"font-size: medium;\">A<\/span><\/span><\/span><span style=\"color: #000000;\"><span style=\"font-family: Calibri, sans-serif;\"><span style=\"font-size: medium;\">le Lauphan, Funkyrie, Alan DTR (Ganador Pre Bandas 2020), Gaby y Los Aut\u00e9ncitos, Ballet Oficial Ram\u00edrez Festeja, dirigido por Julia Su\u00e1rez;\u00a0<\/span><\/span><\/span><span style=\"color: #000000;\"><span style=\"font-family: Calibri, sans-serif;\"><span style=\"font-size: medium;\">Nadyan, Ganador Pre Bandas 2022. Adem\u00e1s habr\u00e1 noche de Djs con DJ Ema M\u00fcller y DJ Karen Q.<\/span><\/span><\/span><\/p>\n<p>Como en las ediciones anteriores tambi\u00e9n contaremos con el Espacio Gurises, que contar\u00e1 con<span style=\"font-size: large;\"><span style=\"font-family: Calibri, sans-serif;\">\u00a0los siguientes atractivos:<\/span><\/span>\u00a0<span style=\"color: #000000;\"><span style=\"font-family: Calibri, sans-serif;\"><span style=\"font-size: medium;\">Glitter Bar y pintado de rostros<\/span><\/span><\/span><span style=\"color: #000000;\"><span style=\"font-family: Calibri, sans-serif;\"><span style=\"font-size: medium;\">, taller de circo\u00a0<\/span><\/span><\/span><span style=\"color: #000000;\"><span style=\"font-family: Calibri, sans-serif;\"><span style=\"font-size: medium;\">en el que las ni\u00f1as y ni\u00f1os realizan acrobacias individuales y grupales; equilibrio en rolas, zancos y malabares con clavas;\u00a0e<\/span><\/span><\/span><span style=\"color: #000000;\"><span style=\"font-family: Calibri, sans-serif;\"><span style=\"font-size: medium;\">spect\u00e1culo de la Payasa Eureka y<\/span><\/span><\/span><span style=\"font-size: medium;\"><span style=\"font-family: Calibri, sans-serif;\">\u00a0<\/span><\/span><span style=\"color: #000000;\"><span style=\"font-family: Calibri, sans-serif;\"><span style=\"font-size: medium;\">Globolog\u00eda.<\/span><\/span><\/span><span style=\"color: #000000;\"><span style=\"font-size: medium;\"><span style=\"font-family: Calibri, sans-serif;\">\u00a0<\/span><\/span><span style=\"font-family: Calibri, sans-serif;\"><span style=\"font-size: medium;\">Adem\u00e1s habr\u00e1 jenga, memotest y domino gigantes, bowling reciclado, mesas de ping pong, intervenciones art\u00edsticas, entre otros.<\/span><\/span><\/span><\/p>\n<h4 align=\"justify\"><span style=\"color: #000000;\"><span style=\"font-family: Calibri, sans-serif;\"><span style=\"font-size: medium;\"><a href=\"https:\/\/www.informelitoral.com.ar\/%77%70%2d%63%6f%6e%74%65%6e%74\/uploads\/2022\/02\/IMG_5648-scaled.jpg\"><img loading=\"lazy\" decoding=\"async\" class=\"aligncenter wp-image-72484 size-full\" src=\"https:\/\/www.informelitoral.com.ar\/%77%70%2d%63%6f%6e%74%65%6e%74\/uploads\/2022\/02\/IMG_5648-scaled.jpg\" alt=\"\" width=\"2560\" height=\"1707\" srcset=\"https:\/\/informelitoral.com.ar\/%77%70%2d%63%6f%6e%74%65%6e%74\/uploads\/2022\/02\/IMG_5648-scaled.jpg 2560w, https:\/\/informelitoral.com.ar\/%77%70%2d%63%6f%6e%74%65%6e%74\/uploads\/2022\/02\/IMG_5648-300x200.jpg 300w, https:\/\/informelitoral.com.ar\/%77%70%2d%63%6f%6e%74%65%6e%74\/uploads\/2022\/02\/IMG_5648-1024x683.jpg 1024w, https:\/\/informelitoral.com.ar\/%77%70%2d%63%6f%6e%74%65%6e%74\/uploads\/2022\/02\/IMG_5648-768x512.jpg 768w, https:\/\/informelitoral.com.ar\/%77%70%2d%63%6f%6e%74%65%6e%74\/uploads\/2022\/02\/IMG_5648-1536x1024.jpg 1536w, https:\/\/informelitoral.com.ar\/%77%70%2d%63%6f%6e%74%65%6e%74\/uploads\/2022\/02\/IMG_5648-2048x1365.jpg 2048w, https:\/\/informelitoral.com.ar\/%77%70%2d%63%6f%6e%74%65%6e%74\/uploads\/2022\/02\/IMG_5648-696x464.jpg 696w, https:\/\/informelitoral.com.ar\/%77%70%2d%63%6f%6e%74%65%6e%74\/uploads\/2022\/02\/IMG_5648-1068x712.jpg 1068w, https:\/\/informelitoral.com.ar\/%77%70%2d%63%6f%6e%74%65%6e%74\/uploads\/2022\/02\/IMG_5648-1920x1280.jpg 1920w, https:\/\/informelitoral.com.ar\/%77%70%2d%63%6f%6e%74%65%6e%74\/uploads\/2022\/02\/IMG_5648-630x420.jpg 630w\" sizes=\"auto, (max-width: 2560px) 100vw, 2560px\" \/><\/a><\/span><\/span><\/span><strong>Domingo 13:\u00a0<\/strong><\/h4>\n<p><span style=\"color: #000000;\"><span style=\"font-family: Calibri, sans-serif;\"><span style=\"font-size: large;\">Acto Oficial\u00a0<\/span><\/span><\/span><span style=\"color: #000000;\"><span style=\"font-family: Calibri, sans-serif;\"><span style=\"font-size: medium;\">en\u00a0<\/span><\/span><\/span><span style=\"color: #000000;\"><span style=\"font-family: Calibri, sans-serif;\"><span style=\"font-size: medium;\">Conmemoraci\u00f3n del 134 Aniversario de la ciudad de General Ram\u00edrez y 236\u00b0 Aniversario del natalicio del Gral. Francisco Ram\u00edrez.<\/span><\/span><\/span><span style=\"color: #000000;\"><span style=\"font-size: medium;\"><span style=\"font-family: Calibri, sans-serif;\">\u00a0<\/span><\/span><span style=\"font-family: Calibri, sans-serif;\"><span style=\"font-size: medium;\">Previamente se realizar\u00e1 una recorrida a caballo por las calles de la ciudad, junto a agrupaciones tradicionalistas.<\/span><\/span><span style=\"font-size: medium;\"><span style=\"font-family: Calibri, sans-serif;\">\u00a0<\/span><\/span><\/span><span style=\"color: #000000;\"><span style=\"font-family: Calibri, sans-serif;\"><span style=\"font-size: medium;\">Lugar:<\/span><\/span><\/span><span style=\"color: #000000;\"><span style=\"font-family: Calibri, sans-serif;\"><span style=\"font-size: medium;\"> Busto a Pancho Ram\u00edrez, ubicado en Bv. Presidente Per\u00f3n y San Mart\u00edn \u2013 15:00.<\/span><\/span><\/span><\/p>\n<p>Por la tarde, a partir de las 16.30, cierre del Festival Ram\u00edrez Festeja en el Parque de la Democracia. Adem\u00e1s, desde ese horario habr\u00e1 Feria Productiva y de Emprendedores \u00abRam\u00edrez Potencia\u00bb.<\/p>\n<p>Ese mismo d\u00eda se llevar\u00e1 adelante la final del Concurso Gastron\u00f3mico. En el predio contaremos con la presencia de puestos de comida, a cargo de diversas instituciones de la ciudad; bebidas, helados y cerveza artesanal.<\/p>\n<div><span style=\"color: #000000;\"><span style=\"font-family: Calibri, sans-serif;\"><span style=\"font-size: medium;\">La apertura del escenario principal comenzar\u00e1 a las 16.30 y estar\u00e1n presentes: Litoral Tag\u00fce, Maravillas Alemanas, El Ritmo,\u00a0<\/span><\/span><\/span><span style=\"color: #000000;\"><span style=\"font-family: Calibri, sans-serif;\"><span style=\"font-size: medium;\">Xpresion \u00e1rea en movimiento, Ballet Municipal \u00abReflejos de Tradici\u00f3n\u00bb, Nahuel Borr\u00e1 (Ganador del Pre Federal 2022), Academia Nuevas Ra\u00edces, La Banda Roja junto al Coro Municipal \u00abAllegro Coral\u00bb, Los Dalton, Academia Eclipse, Ballet Revoluci\u00f3n Federal, Geminis, Rockea Motor, Serenata para mi pueblo, Marisel Zalazar, Nina Delmonte y Cable a Tierra.<\/span><\/span><\/span><\/div>\n<\/div>\n","protected":false},"excerpt":{"rendered":"<p>Para esta sexta edici\u00f3n estar\u00e1 presente Kapanga. Todas las actividades son con entrada libre y gratuita, bajo la organizaci\u00f3n de la Municipalidad de General Ram\u00edrez.<\/p>\n","protected":false},"author":2,"featured_media":72483,"comment_status":"open","ping_status":"open","sticky":false,"template":"","format":"standard","meta":{"fifu_image_url":"","fifu_image_alt":"","footnotes":""},"categories":[5],"tags":[556,111,201,27,1286],"class_list":{"0":"post-72482","1":"post","2":"type-post","3":"status-publish","4":"format-standard","5":"has-post-thumbnail","7":"category-zonales","8":"tag-general-ramirez","9":"tag-municipales","10":"tag-municipios","11":"tag-ramirez","12":"tag-ramirez-festeja"},"yoast_head":"<title>Ram\u00edrez Festeja, cada vez m\u00e1s cerca - Informe Litoral<\/title>\n<meta name=\"robots\" content=\"index, follow, max-snippet:-1, max-image-preview:large, max-video-preview:-1\" \/>\n<link rel=\"canonical\" href=\"https:\/\/informelitoral.com.ar\/ramirez-festeja-cada-vez-mas-cerca\/\" \/>\n<meta property=\"og:locale\" content=\"es_ES\" \/>\n<meta property=\"og:type\" content=\"article\" \/>\n<meta property=\"og:title\" content=\"Ram\u00edrez Festeja, cada vez m\u00e1s cerca - Informe Litoral\" \/>\n<meta property=\"og:description\" content=\"Para esta sexta edici\u00f3n estar\u00e1 presente Kapanga. Todas las actividades son con entrada libre y gratuita, bajo la organizaci\u00f3n de la Municipalidad de General Ram\u00edrez.\" \/>\n<meta property=\"og:url\" content=\"https:\/\/informelitoral.com.ar\/ramirez-festeja-cada-vez-mas-cerca\/\" \/>\n<meta property=\"og:site_name\" content=\"Informe Litoral\" \/>\n<meta property=\"article:publisher\" content=\"https:\/\/www.facebook.com\/informelitoral\/\" \/>\n<meta property=\"article:published_time\" content=\"2022-02-25T20:27:39+00:00\" \/>\n<meta property=\"article:modified_time\" content=\"2022-02-25T20:33:23+00:00\" \/>\n<meta property=\"og:image\" content=\"https:\/\/informelitoral.com.ar\/%77%70%2d%63%6f%6e%74%65%6e%74\/uploads\/2022\/02\/IMG_5589-scaled.jpg\" \/>\n\t<meta property=\"og:image:width\" content=\"2560\" \/>\n\t<meta property=\"og:image:height\" content=\"1707\" \/>\n\t<meta property=\"og:image:type\" content=\"image\/jpeg\" \/>\n<meta name=\"author\" content=\"Gonzalo Schmidt\" \/>\n<meta name=\"twitter:card\" content=\"summary_large_image\" \/>\n<meta name=\"twitter:creator\" content=\"@InformeLitoral\" \/>\n<meta name=\"twitter:site\" content=\"@InformeLitoral\" \/>\n<meta name=\"twitter:label1\" content=\"Escrito por\" \/>\n\t<meta name=\"twitter:data1\" content=\"Gonzalo Schmidt\" \/>\n\t<meta name=\"twitter:label2\" content=\"Tiempo de lectura\" \/>\n\t<meta name=\"twitter:data2\" content=\"4 minutos\" \/>\n<script type=\"application\/ld+json\" class=\"yoast-schema-graph\">{\"@context\":\"https:\\\/\\\/schema.org\",\"@graph\":[{\"@type\":\"Article\",\"@id\":\"https:\\\/\\\/informelitoral.com.ar\\\/ramirez-festeja-cada-vez-mas-cerca\\\/#article\",\"isPartOf\":{\"@id\":\"https:\\\/\\\/informelitoral.com.ar\\\/ramirez-festeja-cada-vez-mas-cerca\\\/\"},\"author\":{\"name\":\"Gonzalo Schmidt\",\"@id\":\"https:\\\/\\\/informelitoral.com.ar\\\/#\\\/schema\\\/person\\\/b9d00407c836482871ef1d57bf8e3180\"},\"headline\":\"Ram\u00edrez Festeja, cada vez m\u00e1s cerca\",\"datePublished\":\"2022-02-25T20:27:39+00:00\",\"dateModified\":\"2022-02-25T20:33:23+00:00\",\"mainEntityOfPage\":{\"@id\":\"https:\\\/\\\/informelitoral.com.ar\\\/ramirez-festeja-cada-vez-mas-cerca\\\/\"},\"wordCount\":839,\"commentCount\":0,\"publisher\":{\"@id\":\"https:\\\/\\\/informelitoral.com.ar\\\/#organization\"},\"image\":{\"@id\":\"https:\\\/\\\/informelitoral.com.ar\\\/ramirez-festeja-cada-vez-mas-cerca\\\/#primaryimage\"},\"thumbnailUrl\":\"https:\\\/\\\/informelitoral.com.ar\\\/%77%70%2d%63%6f%6e%74%65%6e%74\\\/uploads\\\/2022\\\/02\\\/IMG_5589-scaled.jpg\",\"keywords\":[\"General Ram\u00edrez\",\"Municipales\",\"Municipios\",\"Ram\u00edrez\",\"Ram\u00edrez Festeja\"],\"articleSection\":[\"Departamento Diamante\"],\"inLanguage\":\"es\",\"potentialAction\":[{\"@type\":\"CommentAction\",\"name\":\"Comment\",\"target\":[\"https:\\\/\\\/informelitoral.com.ar\\\/ramirez-festeja-cada-vez-mas-cerca\\\/#respond\"]}]},{\"@type\":\"WebPage\",\"@id\":\"https:\\\/\\\/informelitoral.com.ar\\\/ramirez-festeja-cada-vez-mas-cerca\\\/\",\"url\":\"https:\\\/\\\/informelitoral.com.ar\\\/ramirez-festeja-cada-vez-mas-cerca\\\/\",\"name\":\"Ram\u00edrez Festeja, cada vez m\u00e1s cerca - Informe Litoral\",\"isPartOf\":{\"@id\":\"https:\\\/\\\/informelitoral.com.ar\\\/#website\"},\"primaryImageOfPage\":{\"@id\":\"https:\\\/\\\/informelitoral.com.ar\\\/ramirez-festeja-cada-vez-mas-cerca\\\/#primaryimage\"},\"image\":{\"@id\":\"https:\\\/\\\/informelitoral.com.ar\\\/ramirez-festeja-cada-vez-mas-cerca\\\/#primaryimage\"},\"thumbnailUrl\":\"https:\\\/\\\/informelitoral.com.ar\\\/%77%70%2d%63%6f%6e%74%65%6e%74\\\/uploads\\\/2022\\\/02\\\/IMG_5589-scaled.jpg\",\"datePublished\":\"2022-02-25T20:27:39+00:00\",\"dateModified\":\"2022-02-25T20:33:23+00:00\",\"breadcrumb\":{\"@id\":\"https:\\\/\\\/informelitoral.com.ar\\\/ramirez-festeja-cada-vez-mas-cerca\\\/#breadcrumb\"},\"inLanguage\":\"es\",\"potentialAction\":[{\"@type\":\"ReadAction\",\"target\":[\"https:\\\/\\\/informelitoral.com.ar\\\/ramirez-festeja-cada-vez-mas-cerca\\\/\"]}]},{\"@type\":\"ImageObject\",\"inLanguage\":\"es\",\"@id\":\"https:\\\/\\\/informelitoral.com.ar\\\/ramirez-festeja-cada-vez-mas-cerca\\\/#primaryimage\",\"url\":\"https:\\\/\\\/informelitoral.com.ar\\\/%77%70%2d%63%6f%6e%74%65%6e%74\\\/uploads\\\/2022\\\/02\\\/IMG_5589-scaled.jpg\",\"contentUrl\":\"https:\\\/\\\/informelitoral.com.ar\\\/%77%70%2d%63%6f%6e%74%65%6e%74\\\/uploads\\\/2022\\\/02\\\/IMG_5589-scaled.jpg\",\"width\":2560,\"height\":1707},{\"@type\":\"BreadcrumbList\",\"@id\":\"https:\\\/\\\/informelitoral.com.ar\\\/ramirez-festeja-cada-vez-mas-cerca\\\/#breadcrumb\",\"itemListElement\":[{\"@type\":\"ListItem\",\"position\":1,\"name\":\"Portada\",\"item\":\"https:\\\/\\\/informelitoral.com.ar\\\/\"},{\"@type\":\"ListItem\",\"position\":2,\"name\":\"Ram\u00edrez Festeja, cada vez m\u00e1s cerca\"}]},{\"@type\":\"WebSite\",\"@id\":\"https:\\\/\\\/informelitoral.com.ar\\\/#website\",\"url\":\"https:\\\/\\\/informelitoral.com.ar\\\/\",\"name\":\"Informe Litoral\",\"description\":\"&quot;Nos informamos&quot; \",\"publisher\":{\"@id\":\"https:\\\/\\\/informelitoral.com.ar\\\/#organization\"},\"potentialAction\":[{\"@type\":\"SearchAction\",\"target\":{\"@type\":\"EntryPoint\",\"urlTemplate\":\"https:\\\/\\\/informelitoral.com.ar\\\/?s={search_term_string}\"},\"query-input\":{\"@type\":\"PropertyValueSpecification\",\"valueRequired\":true,\"valueName\":\"search_term_string\"}}],\"inLanguage\":\"es\"},{\"@type\":\"Organization\",\"@id\":\"https:\\\/\\\/informelitoral.com.ar\\\/#organization\",\"name\":\"Informe Litoral\",\"url\":\"https:\\\/\\\/informelitoral.com.ar\\\/\",\"logo\":{\"@type\":\"ImageObject\",\"inLanguage\":\"es\",\"@id\":\"https:\\\/\\\/informelitoral.com.ar\\\/#\\\/schema\\\/logo\\\/image\\\/\",\"url\":\"https:\\\/\\\/informelitoral.com.ar\\\/%77%70%2d%63%6f%6e%74%65%6e%74\\\/uploads\\\/2021\\\/01\\\/circulo.png\",\"contentUrl\":\"https:\\\/\\\/informelitoral.com.ar\\\/%77%70%2d%63%6f%6e%74%65%6e%74\\\/uploads\\\/2021\\\/01\\\/circulo.png\",\"width\":723,\"height\":731,\"caption\":\"Informe Litoral\"},\"image\":{\"@id\":\"https:\\\/\\\/informelitoral.com.ar\\\/#\\\/schema\\\/logo\\\/image\\\/\"},\"sameAs\":[\"https:\\\/\\\/www.facebook.com\\\/informelitoral\\\/\",\"https:\\\/\\\/x.com\\\/InformeLitoral\",\"https:\\\/\\\/www.instagram.com\\\/informelitoral\\\/\",\"https:\\\/\\\/www.youtube.com\\\/channel\\\/UCua4Qvz8Icb6MYqhoq9xLXw\"]},{\"@type\":\"Person\",\"@id\":\"https:\\\/\\\/informelitoral.com.ar\\\/#\\\/schema\\\/person\\\/b9d00407c836482871ef1d57bf8e3180\",\"name\":\"Gonzalo Schmidt\",\"image\":{\"@type\":\"ImageObject\",\"inLanguage\":\"es\",\"@id\":\"https:\\\/\\\/secure.gravatar.com\\\/avatar\\\/31a1a7b66ff2de83bd0e9fd79d026630d2d99e55e8bfe501287647b4fd9743de?s=96&d=mm&r=g\",\"url\":\"https:\\\/\\\/secure.gravatar.com\\\/avatar\\\/31a1a7b66ff2de83bd0e9fd79d026630d2d99e55e8bfe501287647b4fd9743de?s=96&d=mm&r=g\",\"contentUrl\":\"https:\\\/\\\/secure.gravatar.com\\\/avatar\\\/31a1a7b66ff2de83bd0e9fd79d026630d2d99e55e8bfe501287647b4fd9743de?s=96&d=mm&r=g\",\"caption\":\"Gonzalo Schmidt\"},\"description\":\"Sitio web de noticias de la provincia de Entre R\u00edos, Argentina. Informaci\u00f3n y entretenimiento. Informe Litoral, nos informamos.\",\"sameAs\":[\"http:\\\/\\\/www.isletasnoticias.com.ar\"],\"url\":\"https:\\\/\\\/informelitoral.com.ar\\\/author\\\/gonzalo\\\/\"}]}<\/script>","yoast_head_json":{"title":"Ram\u00edrez Festeja, cada vez m\u00e1s cerca - Informe Litoral","robots":{"index":"index","follow":"follow","max-snippet":"max-snippet:-1","max-image-preview":"max-image-preview:large","max-video-preview":"max-video-preview:-1"},"canonical":"https:\/\/informelitoral.com.ar\/ramirez-festeja-cada-vez-mas-cerca\/","og_locale":"es_ES","og_type":"article","og_title":"Ram\u00edrez Festeja, cada vez m\u00e1s cerca - Informe Litoral","og_description":"Para esta sexta edici\u00f3n estar\u00e1 presente Kapanga. Todas las actividades son con entrada libre y gratuita, bajo la organizaci\u00f3n de la Municipalidad de General Ram\u00edrez.","og_url":"https:\/\/informelitoral.com.ar\/ramirez-festeja-cada-vez-mas-cerca\/","og_site_name":"Informe Litoral","article_publisher":"https:\/\/www.facebook.com\/informelitoral\/","article_published_time":"2022-02-25T20:27:39+00:00","article_modified_time":"2022-02-25T20:33:23+00:00","og_image":[{"width":2560,"height":1707,"url":"https:\/\/informelitoral.com.ar\/%77%70%2d%63%6f%6e%74%65%6e%74\/uploads\/2022\/02\/IMG_5589-scaled.jpg","type":"image\/jpeg"}],"author":"Gonzalo Schmidt","twitter_card":"summary_large_image","twitter_creator":"@InformeLitoral","twitter_site":"@InformeLitoral","twitter_misc":{"Escrito por":"Gonzalo Schmidt","Tiempo de lectura":"4 minutos"},"schema":{"@context":"https:\/\/schema.org","@graph":[{"@type":"Article","@id":"https:\/\/informelitoral.com.ar\/ramirez-festeja-cada-vez-mas-cerca\/#article","isPartOf":{"@id":"https:\/\/informelitoral.com.ar\/ramirez-festeja-cada-vez-mas-cerca\/"},"author":{"name":"Gonzalo Schmidt","@id":"https:\/\/informelitoral.com.ar\/#\/schema\/person\/b9d00407c836482871ef1d57bf8e3180"},"headline":"Ram\u00edrez Festeja, cada vez m\u00e1s cerca","datePublished":"2022-02-25T20:27:39+00:00","dateModified":"2022-02-25T20:33:23+00:00","mainEntityOfPage":{"@id":"https:\/\/informelitoral.com.ar\/ramirez-festeja-cada-vez-mas-cerca\/"},"wordCount":839,"commentCount":0,"publisher":{"@id":"https:\/\/informelitoral.com.ar\/#organization"},"image":{"@id":"https:\/\/informelitoral.com.ar\/ramirez-festeja-cada-vez-mas-cerca\/#primaryimage"},"thumbnailUrl":"https:\/\/informelitoral.com.ar\/%77%70%2d%63%6f%6e%74%65%6e%74\/uploads\/2022\/02\/IMG_5589-scaled.jpg","keywords":["General Ram\u00edrez","Municipales","Municipios","Ram\u00edrez","Ram\u00edrez Festeja"],"articleSection":["Departamento Diamante"],"inLanguage":"es","potentialAction":[{"@type":"CommentAction","name":"Comment","target":["https:\/\/informelitoral.com.ar\/ramirez-festeja-cada-vez-mas-cerca\/#respond"]}]},{"@type":"WebPage","@id":"https:\/\/informelitoral.com.ar\/ramirez-festeja-cada-vez-mas-cerca\/","url":"https:\/\/informelitoral.com.ar\/ramirez-festeja-cada-vez-mas-cerca\/","name":"Ram\u00edrez Festeja, cada vez m\u00e1s cerca - Informe Litoral","isPartOf":{"@id":"https:\/\/informelitoral.com.ar\/#website"},"primaryImageOfPage":{"@id":"https:\/\/informelitoral.com.ar\/ramirez-festeja-cada-vez-mas-cerca\/#primaryimage"},"image":{"@id":"https:\/\/informelitoral.com.ar\/ramirez-festeja-cada-vez-mas-cerca\/#primaryimage"},"thumbnailUrl":"https:\/\/informelitoral.com.ar\/%77%70%2d%63%6f%6e%74%65%6e%74\/uploads\/2022\/02\/IMG_5589-scaled.jpg","datePublished":"2022-02-25T20:27:39+00:00","dateModified":"2022-02-25T20:33:23+00:00","breadcrumb":{"@id":"https:\/\/informelitoral.com.ar\/ramirez-festeja-cada-vez-mas-cerca\/#breadcrumb"},"inLanguage":"es","potentialAction":[{"@type":"ReadAction","target":["https:\/\/informelitoral.com.ar\/ramirez-festeja-cada-vez-mas-cerca\/"]}]},{"@type":"ImageObject","inLanguage":"es","@id":"https:\/\/informelitoral.com.ar\/ramirez-festeja-cada-vez-mas-cerca\/#primaryimage","url":"https:\/\/informelitoral.com.ar\/%77%70%2d%63%6f%6e%74%65%6e%74\/uploads\/2022\/02\/IMG_5589-scaled.jpg","contentUrl":"https:\/\/informelitoral.com.ar\/%77%70%2d%63%6f%6e%74%65%6e%74\/uploads\/2022\/02\/IMG_5589-scaled.jpg","width":2560,"height":1707},{"@type":"BreadcrumbList","@id":"https:\/\/informelitoral.com.ar\/ramirez-festeja-cada-vez-mas-cerca\/#breadcrumb","itemListElement":[{"@type":"ListItem","position":1,"name":"Portada","item":"https:\/\/informelitoral.com.ar\/"},{"@type":"ListItem","position":2,"name":"Ram\u00edrez Festeja, cada vez m\u00e1s cerca"}]},{"@type":"WebSite","@id":"https:\/\/informelitoral.com.ar\/#website","url":"https:\/\/informelitoral.com.ar\/","name":"Informe Litoral","description":"&quot;Nos informamos&quot; ","publisher":{"@id":"https:\/\/informelitoral.com.ar\/#organization"},"potentialAction":[{"@type":"SearchAction","target":{"@type":"EntryPoint","urlTemplate":"https:\/\/informelitoral.com.ar\/?s={search_term_string}"},"query-input":{"@type":"PropertyValueSpecification","valueRequired":true,"valueName":"search_term_string"}}],"inLanguage":"es"},{"@type":"Organization","@id":"https:\/\/informelitoral.com.ar\/#organization","name":"Informe Litoral","url":"https:\/\/informelitoral.com.ar\/","logo":{"@type":"ImageObject","inLanguage":"es","@id":"https:\/\/informelitoral.com.ar\/#\/schema\/logo\/image\/","url":"https:\/\/informelitoral.com.ar\/%77%70%2d%63%6f%6e%74%65%6e%74\/uploads\/2021\/01\/circulo.png","contentUrl":"https:\/\/informelitoral.com.ar\/%77%70%2d%63%6f%6e%74%65%6e%74\/uploads\/2021\/01\/circulo.png","width":723,"height":731,"caption":"Informe Litoral"},"image":{"@id":"https:\/\/informelitoral.com.ar\/#\/schema\/logo\/image\/"},"sameAs":["https:\/\/www.facebook.com\/informelitoral\/","https:\/\/x.com\/InformeLitoral","https:\/\/www.instagram.com\/informelitoral\/","https:\/\/www.youtube.com\/channel\/UCua4Qvz8Icb6MYqhoq9xLXw"]},{"@type":"Person","@id":"https:\/\/informelitoral.com.ar\/#\/schema\/person\/b9d00407c836482871ef1d57bf8e3180","name":"Gonzalo Schmidt","image":{"@type":"ImageObject","inLanguage":"es","@id":"https:\/\/secure.gravatar.com\/avatar\/31a1a7b66ff2de83bd0e9fd79d026630d2d99e55e8bfe501287647b4fd9743de?s=96&d=mm&r=g","url":"https:\/\/secure.gravatar.com\/avatar\/31a1a7b66ff2de83bd0e9fd79d026630d2d99e55e8bfe501287647b4fd9743de?s=96&d=mm&r=g","contentUrl":"https:\/\/secure.gravatar.com\/avatar\/31a1a7b66ff2de83bd0e9fd79d026630d2d99e55e8bfe501287647b4fd9743de?s=96&d=mm&r=g","caption":"Gonzalo Schmidt"},"description":"Sitio web de noticias de la provincia de Entre R\u00edos, Argentina. Informaci\u00f3n y entretenimiento. Informe Litoral, nos informamos.","sameAs":["http:\/\/www.isletasnoticias.com.ar"],"url":"https:\/\/informelitoral.com.ar\/author\/gonzalo\/"}]}},"_links":{"self":[{"href":"https:\/\/informelitoral.com.ar\/%77%70%2d%6a%73%6f%6e\/wp\/v2\/posts\/72482","targetHints":{"allow":["GET"]}}],"collection":[{"href":"https:\/\/informelitoral.com.ar\/%77%70%2d%6a%73%6f%6e\/wp\/v2\/posts"}],"about":[{"href":"https:\/\/informelitoral.com.ar\/%77%70%2d%6a%73%6f%6e\/wp\/v2\/types\/post"}],"author":[{"embeddable":true,"href":"https:\/\/informelitoral.com.ar\/%77%70%2d%6a%73%6f%6e\/wp\/v2\/users\/2"}],"replies":[{"embeddable":true,"href":"https:\/\/informelitoral.com.ar\/%77%70%2d%6a%73%6f%6e\/wp\/v2\/comments?post=72482"}],"version-history":[{"count":0,"href":"https:\/\/informelitoral.com.ar\/%77%70%2d%6a%73%6f%6e\/wp\/v2\/posts\/72482\/revisions"}],"wp:featuredmedia":[{"embeddable":true,"href":"https:\/\/informelitoral.com.ar\/%77%70%2d%6a%73%6f%6e\/wp\/v2\/media\/72483"}],"wp:attachment":[{"href":"https:\/\/informelitoral.com.ar\/%77%70%2d%6a%73%6f%6e\/wp\/v2\/media?parent=72482"}],"wp:term":[{"taxonomy":"category","embeddable":true,"href":"https:\/\/informelitoral.com.ar\/%77%70%2d%6a%73%6f%6e\/wp\/v2\/categories?post=72482"},{"taxonomy":"post_tag","embeddable":true,"href":"https:\/\/informelitoral.com.ar\/%77%70%2d%6a%73%6f%6e\/wp\/v2\/tags?post=72482"}],"curies":[{"name":"wp","href":"https:\/\/api.w.org\/{rel}","templated":true}]}}