{"id":72479,"date":"2022-02-25T16:53:36","date_gmt":"2022-02-25T19:53:36","guid":{"rendered":"https:\/\/www.informelitoral.com.ar\/?p=72479"},"modified":"2022-02-25T16:53:36","modified_gmt":"2022-02-25T19:53:36","slug":"el-presidente-sobrevolo-incendios-en-corrientes-y-misiones","status":"publish","type":"post","link":"https:\/\/informelitoral.com.ar\/el-presidente-sobrevolo-incendios-en-corrientes-y-misiones\/","title":{"rendered":"El Presidente sobrevol\u00f3 incendios en Corrientes y Misiones"},"content":{"rendered":"<div class=\"news-body-main\">\n<div id=\"note-body\" data-twitter-link=\"https:\/\/twitter.com\/intent\/tweet?url=https:\/\/www.unoentrerios.com.ar\/c2711594&amp;via=&amp;related=Uno Entre Rios&amp;text=\">\n<p>El<strong>\u00a0Presidente<\/strong>\u00a0Alberto Fern\u00e1ndez sobrevel\u00f3 las zonas afectadas por\u00a0<strong>incendios<\/strong>\u00a0forestales en Misiones y\u00a0<strong>Corrientes<\/strong>, junto a los gobernadores de esas provincias Oscar Herrera Ahuad y Gustavo Vald\u00e9s, con quienes coordinar\u00e1 diversas acciones tendientes a fortalecer el combate al fuego y recuperar los da\u00f1os provocados al sector productivo.<\/p>\n<\/div>\n<\/div>\n<div class=\"news-body-main\">\n<div id=\"note-body\" data-twitter-link=\"https:\/\/twitter.com\/intent\/tweet?url=https:\/\/www.unoentrerios.com.ar\/c2711594&amp;via=&amp;related=Uno Entre Rios&amp;text=\">\n<p>El Jefe de Estado lleg\u00f3 este mediod\u00eda a las 12.50 a la ciudad de Posadas para desarrollar una intensa agenda de trabajo con los mandatarios provinciales.<\/p>\n<\/div>\n<\/div>\n<div class=\"news-body-main\">\n<div id=\"note-body\" data-twitter-link=\"https:\/\/twitter.com\/intent\/tweet?url=https:\/\/www.unoentrerios.com.ar\/c2711594&amp;via=&amp;related=Uno Entre Rios&amp;text=\">\n<p>La comitiva del Gobierno nacional est\u00e1 integrada por los ministros de Ambiente y Desarrollo Sostenible, Juan Cabandi\u00e9, de Seguridad, An\u00edbal Fern\u00e1ndez; de Interior, Eduardo de Pedro, y de Agricultura, Ganader\u00eda y Pesca, Juli\u00e1n Dom\u00ednguez; el secretario de Control y Monitoreo Ambiental, Sergio Federovisky; la secretaria de Cambio Clim\u00e1tico, Cecilia Nicolini; el titular del Banco Naci\u00f3n, Eduardo Hecker; y el secretario General de Presidencia, Julio Vitobello.<\/p>\n<p>Actualmente el Servicio Nacional de Manejo del Fuego (SNMF) coordina el despliegue en Corrientes de 12 medios a\u00e9reos (seis aviones hidrantes, un observador y 5 helic\u00f3pteros), adem\u00e1s de 286 brigadistas y personal de apoyo movilizados, mientras que en todo el pa\u00eds la cantidad de medios a\u00e9reos en actividad asciende a 22 (10 aviones hidrantes, dos observadores y 10 helic\u00f3pteros).<\/p>\n<p>En un trabajo conjunto con las autoridades locales, la Naci\u00f3n implement\u00f3 a trav\u00e9s de sus ministerios y organismos descentralizados diversas medidas de apoyo para colaborar en el combate a los incendios y a su vez recuperar las p\u00e9rdidas por medio de aportes y l\u00edneas directas a productores.<\/p>\n<p>El presidente Alberto Fern\u00e1ndez lleg\u00f3 en la tarde del viernes al campamento montado en la zona de San Miguel, en el centro norte de Corrientes, para recorrer las regiones afectadas por los incendios forestales, que ya llevan arrasadas m\u00e1s de 900 mil hect\u00e1reas, informaron fuentes oficiales.<\/p>\n<p>El jefe de Estado lleg\u00f3 al lugar en helic\u00f3ptero proveniente de la ciudad de Posadas, acompa\u00f1ado por los ministros del Interior, Eduardo \u00abWado\u00bb de Pedro; de Seguridad, An\u00edbal Fern\u00e1ndez; de Ambiente y Desarrollo Sostenible, Juan Cabandi\u00e9; y de Agricultura, Ganader\u00eda y Pesca, Juli\u00e1n Dom\u00ednguez.<\/p>\n<p>Adem\u00e1s lo acompa\u00f1an el secretario de Control y Monitoreo Ambiental, Sergio Federovisky; la secretaria de Cambio Clim\u00e1tico, Cecilia Nicolini; el titular del Banco Naci\u00f3n, Eduardo Hecker; y el secretario General de Presidencia, Julio Vitobello.<\/p>\n<p>El jefe de Estado hab\u00eda aterrizado en la capital de Misiones despu\u00e9s del mediod\u00eda y all\u00ed abord\u00f3 el helic\u00f3ptero, acompa\u00f1ado por el gobernador de Corrientes, Gustavo Vald\u00e9s, para dirigirse al campamento montado en la zona de San Miguel.<\/p>\n<p>Ese campamento fue instalado en una escuela rural de la localidad correntina de San Miguel, que se convirti\u00f3 hace una semana en el centro de comando y base operativa de una fuerza integrada por organismos nacionales, empresas p\u00fablicas y equipos especializados de media docena de provincias que lucha contra los incendios forestales.<\/p>\n<p>D\u00edas atr\u00e1s, las autoridades de la Escuela de la Familia Agr\u00edcola \u00ab\u00d1anderoga\u00bb, ubicada sobre la ruta 118 entre las localidades de San Miguel y Loreto, en el coraz\u00f3n de la zona afectada por los incendios, abrieron las puertas al equipo del Servicio Nacional de Manejo del Fuego (SMNF) encabezado por su director, Alberto Seufferheld, que estableci\u00f3 una base para organizar el combate a las llamas.<\/p>\n<p>All\u00ed tambi\u00e9n se despleg\u00f3 el equipo del Ministerio de Defensa conducido por el subsecretario de Coordinaci\u00f3n en Emergencias, Roberto Corti, junto a efectivos de distintas unidades del Ej\u00e9rcito y la Fuerza A\u00e9rea que sumaron equipos de telecomunicaciones, cisternas, veh\u00edculos terrestres y helic\u00f3pteros al dispositivo.<\/p>\n<\/div>\n<\/div>\n","protected":false},"excerpt":{"rendered":"<p>Por los incendios que afectan a Corrientes y el sur de Misiones, el Presidente recorri\u00f3 los sectores afectados junto a los gobernadores locales<\/p>\n","protected":false},"author":8,"featured_media":72480,"comment_status":"open","ping_status":"open","sticky":false,"template":"","format":"standard","meta":{"fifu_image_url":"","fifu_image_alt":"","footnotes":""},"categories":[16],"tags":[1311,637,1422,3243],"class_list":{"0":"post-72479","1":"post","2":"type-post","3":"status-publish","4":"format-standard","5":"has-post-thumbnail","7":"category-politi","8":"tag-alberto-fernandez","9":"tag-corrientes","10":"tag-misiones","11":"tag-sobrevuelo"},"yoast_head":"<title>El Presidente sobrevol\u00f3 incendios en Corrientes y Misiones - Informe Litoral<\/title>\n<meta name=\"robots\" content=\"index, follow, max-snippet:-1, max-image-preview:large, max-video-preview:-1\" \/>\n<link rel=\"canonical\" href=\"https:\/\/informelitoral.com.ar\/el-presidente-sobrevolo-incendios-en-corrientes-y-misiones\/\" \/>\n<meta property=\"og:locale\" content=\"es_ES\" \/>\n<meta property=\"og:type\" content=\"article\" \/>\n<meta property=\"og:title\" content=\"El Presidente sobrevol\u00f3 incendios en Corrientes y Misiones - Informe Litoral\" \/>\n<meta property=\"og:description\" content=\"Por los incendios que afectan a Corrientes y el sur de Misiones, el Presidente recorri\u00f3 los sectores afectados junto a los gobernadores locales\" \/>\n<meta property=\"og:url\" content=\"https:\/\/informelitoral.com.ar\/el-presidente-sobrevolo-incendios-en-corrientes-y-misiones\/\" \/>\n<meta property=\"og:site_name\" content=\"Informe Litoral\" \/>\n<meta property=\"article:publisher\" content=\"https:\/\/www.facebook.com\/informelitoral\/\" \/>\n<meta property=\"article:published_time\" content=\"2022-02-25T19:53:36+00:00\" \/>\n<meta property=\"og:image\" content=\"https:\/\/informelitoral.com.ar\/%77%70%2d%63%6f%6e%74%65%6e%74\/uploads\/2022\/02\/alberto-fernandez-incendios-corrientesjpg.jpg\" \/>\n\t<meta property=\"og:image:width\" content=\"642\" \/>\n\t<meta property=\"og:image:height\" content=\"361\" \/>\n\t<meta property=\"og:image:type\" content=\"image\/jpeg\" \/>\n<meta name=\"author\" content=\"Sebastian\" \/>\n<meta name=\"twitter:card\" content=\"summary_large_image\" \/>\n<meta name=\"twitter:creator\" content=\"@InformeLitoral\" \/>\n<meta name=\"twitter:site\" content=\"@InformeLitoral\" \/>\n<meta name=\"twitter:label1\" content=\"Escrito por\" \/>\n\t<meta name=\"twitter:data1\" content=\"Sebastian\" \/>\n\t<meta name=\"twitter:label2\" content=\"Tiempo de lectura\" \/>\n\t<meta name=\"twitter:data2\" content=\"3 minutos\" \/>\n<script type=\"application\/ld+json\" class=\"yoast-schema-graph\">{\"@context\":\"https:\\\/\\\/schema.org\",\"@graph\":[{\"@type\":\"Article\",\"@id\":\"https:\\\/\\\/informelitoral.com.ar\\\/el-presidente-sobrevolo-incendios-en-corrientes-y-misiones\\\/#article\",\"isPartOf\":{\"@id\":\"https:\\\/\\\/informelitoral.com.ar\\\/el-presidente-sobrevolo-incendios-en-corrientes-y-misiones\\\/\"},\"author\":{\"name\":\"Sebastian\",\"@id\":\"https:\\\/\\\/informelitoral.com.ar\\\/#\\\/schema\\\/person\\\/f05f9f461677119578717524b127d6d5\"},\"headline\":\"El Presidente sobrevol\u00f3 incendios en Corrientes y Misiones\",\"datePublished\":\"2022-02-25T19:53:36+00:00\",\"mainEntityOfPage\":{\"@id\":\"https:\\\/\\\/informelitoral.com.ar\\\/el-presidente-sobrevolo-incendios-en-corrientes-y-misiones\\\/\"},\"wordCount\":619,\"commentCount\":0,\"publisher\":{\"@id\":\"https:\\\/\\\/informelitoral.com.ar\\\/#organization\"},\"image\":{\"@id\":\"https:\\\/\\\/informelitoral.com.ar\\\/el-presidente-sobrevolo-incendios-en-corrientes-y-misiones\\\/#primaryimage\"},\"thumbnailUrl\":\"https:\\\/\\\/informelitoral.com.ar\\\/%77%70%2d%63%6f%6e%74%65%6e%74\\\/uploads\\\/2022\\\/02\\\/alberto-fernandez-incendios-corrientesjpg.jpg\",\"keywords\":[\"Alberto Fern\u00e1ndez\",\"Corrientes\",\"Misiones\",\"Sobrevuelo\"],\"articleSection\":[\"Politica\"],\"inLanguage\":\"es\",\"potentialAction\":[{\"@type\":\"CommentAction\",\"name\":\"Comment\",\"target\":[\"https:\\\/\\\/informelitoral.com.ar\\\/el-presidente-sobrevolo-incendios-en-corrientes-y-misiones\\\/#respond\"]}]},{\"@type\":\"WebPage\",\"@id\":\"https:\\\/\\\/informelitoral.com.ar\\\/el-presidente-sobrevolo-incendios-en-corrientes-y-misiones\\\/\",\"url\":\"https:\\\/\\\/informelitoral.com.ar\\\/el-presidente-sobrevolo-incendios-en-corrientes-y-misiones\\\/\",\"name\":\"El Presidente sobrevol\u00f3 incendios en Corrientes y Misiones - Informe Litoral\",\"isPartOf\":{\"@id\":\"https:\\\/\\\/informelitoral.com.ar\\\/#website\"},\"primaryImageOfPage\":{\"@id\":\"https:\\\/\\\/informelitoral.com.ar\\\/el-presidente-sobrevolo-incendios-en-corrientes-y-misiones\\\/#primaryimage\"},\"image\":{\"@id\":\"https:\\\/\\\/informelitoral.com.ar\\\/el-presidente-sobrevolo-incendios-en-corrientes-y-misiones\\\/#primaryimage\"},\"thumbnailUrl\":\"https:\\\/\\\/informelitoral.com.ar\\\/%77%70%2d%63%6f%6e%74%65%6e%74\\\/uploads\\\/2022\\\/02\\\/alberto-fernandez-incendios-corrientesjpg.jpg\",\"datePublished\":\"2022-02-25T19:53:36+00:00\",\"breadcrumb\":{\"@id\":\"https:\\\/\\\/informelitoral.com.ar\\\/el-presidente-sobrevolo-incendios-en-corrientes-y-misiones\\\/#breadcrumb\"},\"inLanguage\":\"es\",\"potentialAction\":[{\"@type\":\"ReadAction\",\"target\":[\"https:\\\/\\\/informelitoral.com.ar\\\/el-presidente-sobrevolo-incendios-en-corrientes-y-misiones\\\/\"]}]},{\"@type\":\"ImageObject\",\"inLanguage\":\"es\",\"@id\":\"https:\\\/\\\/informelitoral.com.ar\\\/el-presidente-sobrevolo-incendios-en-corrientes-y-misiones\\\/#primaryimage\",\"url\":\"https:\\\/\\\/informelitoral.com.ar\\\/%77%70%2d%63%6f%6e%74%65%6e%74\\\/uploads\\\/2022\\\/02\\\/alberto-fernandez-incendios-corrientesjpg.jpg\",\"contentUrl\":\"https:\\\/\\\/informelitoral.com.ar\\\/%77%70%2d%63%6f%6e%74%65%6e%74\\\/uploads\\\/2022\\\/02\\\/alberto-fernandez-incendios-corrientesjpg.jpg\",\"width\":642,\"height\":361},{\"@type\":\"BreadcrumbList\",\"@id\":\"https:\\\/\\\/informelitoral.com.ar\\\/el-presidente-sobrevolo-incendios-en-corrientes-y-misiones\\\/#breadcrumb\",\"itemListElement\":[{\"@type\":\"ListItem\",\"position\":1,\"name\":\"Portada\",\"item\":\"https:\\\/\\\/informelitoral.com.ar\\\/\"},{\"@type\":\"ListItem\",\"position\":2,\"name\":\"El Presidente sobrevol\u00f3 incendios en Corrientes y Misiones\"}]},{\"@type\":\"WebSite\",\"@id\":\"https:\\\/\\\/informelitoral.com.ar\\\/#website\",\"url\":\"https:\\\/\\\/informelitoral.com.ar\\\/\",\"name\":\"Informe Litoral\",\"description\":\"&quot;Nos informamos&quot; \",\"publisher\":{\"@id\":\"https:\\\/\\\/informelitoral.com.ar\\\/#organization\"},\"potentialAction\":[{\"@type\":\"SearchAction\",\"target\":{\"@type\":\"EntryPoint\",\"urlTemplate\":\"https:\\\/\\\/informelitoral.com.ar\\\/?s={search_term_string}\"},\"query-input\":{\"@type\":\"PropertyValueSpecification\",\"valueRequired\":true,\"valueName\":\"search_term_string\"}}],\"inLanguage\":\"es\"},{\"@type\":\"Organization\",\"@id\":\"https:\\\/\\\/informelitoral.com.ar\\\/#organization\",\"name\":\"Informe Litoral\",\"url\":\"https:\\\/\\\/informelitoral.com.ar\\\/\",\"logo\":{\"@type\":\"ImageObject\",\"inLanguage\":\"es\",\"@id\":\"https:\\\/\\\/informelitoral.com.ar\\\/#\\\/schema\\\/logo\\\/image\\\/\",\"url\":\"https:\\\/\\\/informelitoral.com.ar\\\/%77%70%2d%63%6f%6e%74%65%6e%74\\\/uploads\\\/2021\\\/01\\\/circulo.png\",\"contentUrl\":\"https:\\\/\\\/informelitoral.com.ar\\\/%77%70%2d%63%6f%6e%74%65%6e%74\\\/uploads\\\/2021\\\/01\\\/circulo.png\",\"width\":723,\"height\":731,\"caption\":\"Informe Litoral\"},\"image\":{\"@id\":\"https:\\\/\\\/informelitoral.com.ar\\\/#\\\/schema\\\/logo\\\/image\\\/\"},\"sameAs\":[\"https:\\\/\\\/www.facebook.com\\\/informelitoral\\\/\",\"https:\\\/\\\/x.com\\\/InformeLitoral\",\"https:\\\/\\\/www.instagram.com\\\/informelitoral\\\/\",\"https:\\\/\\\/www.youtube.com\\\/channel\\\/UCua4Qvz8Icb6MYqhoq9xLXw\"]},{\"@type\":\"Person\",\"@id\":\"https:\\\/\\\/informelitoral.com.ar\\\/#\\\/schema\\\/person\\\/f05f9f461677119578717524b127d6d5\",\"name\":\"Sebastian\",\"image\":{\"@type\":\"ImageObject\",\"inLanguage\":\"es\",\"@id\":\"https:\\\/\\\/secure.gravatar.com\\\/avatar\\\/b71bf7481d447dfb9583c7f2798e7cc64de6efb9067b74633ed8c31059a3bd82?s=96&d=mm&r=g\",\"url\":\"https:\\\/\\\/secure.gravatar.com\\\/avatar\\\/b71bf7481d447dfb9583c7f2798e7cc64de6efb9067b74633ed8c31059a3bd82?s=96&d=mm&r=g\",\"contentUrl\":\"https:\\\/\\\/secure.gravatar.com\\\/avatar\\\/b71bf7481d447dfb9583c7f2798e7cc64de6efb9067b74633ed8c31059a3bd82?s=96&d=mm&r=g\",\"caption\":\"Sebastian\"},\"url\":\"https:\\\/\\\/informelitoral.com.ar\\\/author\\\/sebastian\\\/\"}]}<\/script>","yoast_head_json":{"title":"El Presidente sobrevol\u00f3 incendios en Corrientes y Misiones - Informe Litoral","robots":{"index":"index","follow":"follow","max-snippet":"max-snippet:-1","max-image-preview":"max-image-preview:large","max-video-preview":"max-video-preview:-1"},"canonical":"https:\/\/informelitoral.com.ar\/el-presidente-sobrevolo-incendios-en-corrientes-y-misiones\/","og_locale":"es_ES","og_type":"article","og_title":"El Presidente sobrevol\u00f3 incendios en Corrientes y Misiones - Informe Litoral","og_description":"Por los incendios que afectan a Corrientes y el sur de Misiones, el Presidente recorri\u00f3 los sectores afectados junto a los gobernadores locales","og_url":"https:\/\/informelitoral.com.ar\/el-presidente-sobrevolo-incendios-en-corrientes-y-misiones\/","og_site_name":"Informe Litoral","article_publisher":"https:\/\/www.facebook.com\/informelitoral\/","article_published_time":"2022-02-25T19:53:36+00:00","og_image":[{"width":642,"height":361,"url":"https:\/\/informelitoral.com.ar\/%77%70%2d%63%6f%6e%74%65%6e%74\/uploads\/2022\/02\/alberto-fernandez-incendios-corrientesjpg.jpg","type":"image\/jpeg"}],"author":"Sebastian","twitter_card":"summary_large_image","twitter_creator":"@InformeLitoral","twitter_site":"@InformeLitoral","twitter_misc":{"Escrito por":"Sebastian","Tiempo de lectura":"3 minutos"},"schema":{"@context":"https:\/\/schema.org","@graph":[{"@type":"Article","@id":"https:\/\/informelitoral.com.ar\/el-presidente-sobrevolo-incendios-en-corrientes-y-misiones\/#article","isPartOf":{"@id":"https:\/\/informelitoral.com.ar\/el-presidente-sobrevolo-incendios-en-corrientes-y-misiones\/"},"author":{"name":"Sebastian","@id":"https:\/\/informelitoral.com.ar\/#\/schema\/person\/f05f9f461677119578717524b127d6d5"},"headline":"El Presidente sobrevol\u00f3 incendios en Corrientes y Misiones","datePublished":"2022-02-25T19:53:36+00:00","mainEntityOfPage":{"@id":"https:\/\/informelitoral.com.ar\/el-presidente-sobrevolo-incendios-en-corrientes-y-misiones\/"},"wordCount":619,"commentCount":0,"publisher":{"@id":"https:\/\/informelitoral.com.ar\/#organization"},"image":{"@id":"https:\/\/informelitoral.com.ar\/el-presidente-sobrevolo-incendios-en-corrientes-y-misiones\/#primaryimage"},"thumbnailUrl":"https:\/\/informelitoral.com.ar\/%77%70%2d%63%6f%6e%74%65%6e%74\/uploads\/2022\/02\/alberto-fernandez-incendios-corrientesjpg.jpg","keywords":["Alberto Fern\u00e1ndez","Corrientes","Misiones","Sobrevuelo"],"articleSection":["Politica"],"inLanguage":"es","potentialAction":[{"@type":"CommentAction","name":"Comment","target":["https:\/\/informelitoral.com.ar\/el-presidente-sobrevolo-incendios-en-corrientes-y-misiones\/#respond"]}]},{"@type":"WebPage","@id":"https:\/\/informelitoral.com.ar\/el-presidente-sobrevolo-incendios-en-corrientes-y-misiones\/","url":"https:\/\/informelitoral.com.ar\/el-presidente-sobrevolo-incendios-en-corrientes-y-misiones\/","name":"El Presidente sobrevol\u00f3 incendios en Corrientes y Misiones - Informe Litoral","isPartOf":{"@id":"https:\/\/informelitoral.com.ar\/#website"},"primaryImageOfPage":{"@id":"https:\/\/informelitoral.com.ar\/el-presidente-sobrevolo-incendios-en-corrientes-y-misiones\/#primaryimage"},"image":{"@id":"https:\/\/informelitoral.com.ar\/el-presidente-sobrevolo-incendios-en-corrientes-y-misiones\/#primaryimage"},"thumbnailUrl":"https:\/\/informelitoral.com.ar\/%77%70%2d%63%6f%6e%74%65%6e%74\/uploads\/2022\/02\/alberto-fernandez-incendios-corrientesjpg.jpg","datePublished":"2022-02-25T19:53:36+00:00","breadcrumb":{"@id":"https:\/\/informelitoral.com.ar\/el-presidente-sobrevolo-incendios-en-corrientes-y-misiones\/#breadcrumb"},"inLanguage":"es","potentialAction":[{"@type":"ReadAction","target":["https:\/\/informelitoral.com.ar\/el-presidente-sobrevolo-incendios-en-corrientes-y-misiones\/"]}]},{"@type":"ImageObject","inLanguage":"es","@id":"https:\/\/informelitoral.com.ar\/el-presidente-sobrevolo-incendios-en-corrientes-y-misiones\/#primaryimage","url":"https:\/\/informelitoral.com.ar\/%77%70%2d%63%6f%6e%74%65%6e%74\/uploads\/2022\/02\/alberto-fernandez-incendios-corrientesjpg.jpg","contentUrl":"https:\/\/informelitoral.com.ar\/%77%70%2d%63%6f%6e%74%65%6e%74\/uploads\/2022\/02\/alberto-fernandez-incendios-corrientesjpg.jpg","width":642,"height":361},{"@type":"BreadcrumbList","@id":"https:\/\/informelitoral.com.ar\/el-presidente-sobrevolo-incendios-en-corrientes-y-misiones\/#breadcrumb","itemListElement":[{"@type":"ListItem","position":1,"name":"Portada","item":"https:\/\/informelitoral.com.ar\/"},{"@type":"ListItem","position":2,"name":"El Presidente sobrevol\u00f3 incendios en Corrientes y Misiones"}]},{"@type":"WebSite","@id":"https:\/\/informelitoral.com.ar\/#website","url":"https:\/\/informelitoral.com.ar\/","name":"Informe Litoral","description":"&quot;Nos informamos&quot; ","publisher":{"@id":"https:\/\/informelitoral.com.ar\/#organization"},"potentialAction":[{"@type":"SearchAction","target":{"@type":"EntryPoint","urlTemplate":"https:\/\/informelitoral.com.ar\/?s={search_term_string}"},"query-input":{"@type":"PropertyValueSpecification","valueRequired":true,"valueName":"search_term_string"}}],"inLanguage":"es"},{"@type":"Organization","@id":"https:\/\/informelitoral.com.ar\/#organization","name":"Informe Litoral","url":"https:\/\/informelitoral.com.ar\/","logo":{"@type":"ImageObject","inLanguage":"es","@id":"https:\/\/informelitoral.com.ar\/#\/schema\/logo\/image\/","url":"https:\/\/informelitoral.com.ar\/%77%70%2d%63%6f%6e%74%65%6e%74\/uploads\/2021\/01\/circulo.png","contentUrl":"https:\/\/informelitoral.com.ar\/%77%70%2d%63%6f%6e%74%65%6e%74\/uploads\/2021\/01\/circulo.png","width":723,"height":731,"caption":"Informe Litoral"},"image":{"@id":"https:\/\/informelitoral.com.ar\/#\/schema\/logo\/image\/"},"sameAs":["https:\/\/www.facebook.com\/informelitoral\/","https:\/\/x.com\/InformeLitoral","https:\/\/www.instagram.com\/informelitoral\/","https:\/\/www.youtube.com\/channel\/UCua4Qvz8Icb6MYqhoq9xLXw"]},{"@type":"Person","@id":"https:\/\/informelitoral.com.ar\/#\/schema\/person\/f05f9f461677119578717524b127d6d5","name":"Sebastian","image":{"@type":"ImageObject","inLanguage":"es","@id":"https:\/\/secure.gravatar.com\/avatar\/b71bf7481d447dfb9583c7f2798e7cc64de6efb9067b74633ed8c31059a3bd82?s=96&d=mm&r=g","url":"https:\/\/secure.gravatar.com\/avatar\/b71bf7481d447dfb9583c7f2798e7cc64de6efb9067b74633ed8c31059a3bd82?s=96&d=mm&r=g","contentUrl":"https:\/\/secure.gravatar.com\/avatar\/b71bf7481d447dfb9583c7f2798e7cc64de6efb9067b74633ed8c31059a3bd82?s=96&d=mm&r=g","caption":"Sebastian"},"url":"https:\/\/informelitoral.com.ar\/author\/sebastian\/"}]}},"_links":{"self":[{"href":"https:\/\/informelitoral.com.ar\/%77%70%2d%6a%73%6f%6e\/wp\/v2\/posts\/72479","targetHints":{"allow":["GET"]}}],"collection":[{"href":"https:\/\/informelitoral.com.ar\/%77%70%2d%6a%73%6f%6e\/wp\/v2\/posts"}],"about":[{"href":"https:\/\/informelitoral.com.ar\/%77%70%2d%6a%73%6f%6e\/wp\/v2\/types\/post"}],"author":[{"embeddable":true,"href":"https:\/\/informelitoral.com.ar\/%77%70%2d%6a%73%6f%6e\/wp\/v2\/users\/8"}],"replies":[{"embeddable":true,"href":"https:\/\/informelitoral.com.ar\/%77%70%2d%6a%73%6f%6e\/wp\/v2\/comments?post=72479"}],"version-history":[{"count":0,"href":"https:\/\/informelitoral.com.ar\/%77%70%2d%6a%73%6f%6e\/wp\/v2\/posts\/72479\/revisions"}],"wp:featuredmedia":[{"embeddable":true,"href":"https:\/\/informelitoral.com.ar\/%77%70%2d%6a%73%6f%6e\/wp\/v2\/media\/72480"}],"wp:attachment":[{"href":"https:\/\/informelitoral.com.ar\/%77%70%2d%6a%73%6f%6e\/wp\/v2\/media?parent=72479"}],"wp:term":[{"taxonomy":"category","embeddable":true,"href":"https:\/\/informelitoral.com.ar\/%77%70%2d%6a%73%6f%6e\/wp\/v2\/categories?post=72479"},{"taxonomy":"post_tag","embeddable":true,"href":"https:\/\/informelitoral.com.ar\/%77%70%2d%6a%73%6f%6e\/wp\/v2\/tags?post=72479"}],"curies":[{"name":"wp","href":"https:\/\/api.w.org\/{rel}","templated":true}]}}