{"id":72476,"date":"2022-02-25T16:40:16","date_gmt":"2022-02-25T19:40:16","guid":{"rendered":"https:\/\/www.informelitoral.com.ar\/?p=72476"},"modified":"2022-02-25T16:40:16","modified_gmt":"2022-02-25T19:40:16","slug":"la-vicegobernacion-inauguro-mejoras-en-el-club-atletico-diamantino","status":"publish","type":"post","link":"https:\/\/informelitoral.com.ar\/la-vicegobernacion-inauguro-mejoras-en-el-club-atletico-diamantino\/","title":{"rendered":"La Vicegobernaci\u00f3n inaugur\u00f3 mejoras en el Club Atl\u00e9tico Diamantino"},"content":{"rendered":"<p>La vicegobernadora de Entre R\u00edos, Laura Stratta, visit\u00f3 este jueves el Club Atl\u00e9tico Diamantino (CAD). All\u00ed recorri\u00f3 las instalaciones (el gimnasio cubierto, la cancha de f\u00fatbol y de newcom, tambi\u00e9n la zona de piletas). Adem\u00e1s, dialog\u00f3 con las y los deportistas presentes.<\/p>\n<p>En esta oportunidad entreg\u00f3 un aporte de $350.000 pesos para la adquisici\u00f3n de materiales de pinturas y construcci\u00f3n destinados a la refacci\u00f3n de la cancha pelota-paleta, una disciplina en franco crecimiento en la regi\u00f3n y que adem\u00e1s es practicada de manera igualitaria por varones y mujeres de todas las edades.<\/p>\n<p>Seguidamente, se concret\u00f3 la firma de un convenio con Enersa para sumarle luminarias led al front\u00f3n de la entidad deportiva. Se trata de la provisi\u00f3n de 10 proyectores OVNI LED de 200 watts, con driver de 24.000 lm, y 50 cables TPR de 3 x 2,5 mm.<\/p>\n<p>Esta inversi\u00f3n lum\u00ednica se suma a otras realizadas por el Gobierno de Entre R\u00edos a trav\u00e9s de Enersa, como una obra de iluminaci\u00f3n completa con la provisi\u00f3n de nueva tecnolog\u00eda en el gimnasio de usos m\u00faltiples, y en el marco del 65\u00b0 Campeonato Nacional de Pelota a Paleta, el reemplazo de iluminaci\u00f3n convencional por nueva tecnolog\u00eda para la cancha.<\/p>\n<p>Acompa\u00f1amiento<\/p>\n<p>En el acto, al hacer uso de la palabra, Stratta expres\u00f3 \u201cla alegr\u00eda de haber recorrido las instalaciones de este club que es s\u00edmbolo de la ciudad y de ver c\u00f3mo se ha ido desarrollando, ha ido sentando bases fuertes\u201d y destac\u00f3 el rol de las y los dirigentes en este logro \u201cporque tienen puesta la camiseta, porque ponen el coraz\u00f3n y porque tienen un proyecto que lo concretan\u201d.<\/p>\n<p>Luego, expres\u00f3 que \u201ccon el gobernador Gustavo Bordet siempre decimos que nosotros no tenemos que ir a las instituciones a decirles qu\u00e9 es lo que tienen que hacer, sino que debemos escuchar sus demandas, desaf\u00edos y sue\u00f1os y comprometernos con cada uno de ellos para poder concretarlos\u201d. A su vez, destac\u00f3 la importancia de la articulaci\u00f3n del gobierno provincial con las localidades ya que \u00e9sta \u201cnos permite generar respuestas integrales a las grandes demandas que plantean las instituciones, las ciudades, la industria y nuestras comunidades\u201d.<\/p>\n<p>Por \u00faltimo, Stratta resalt\u00f3 que \u201clos clubes contribuyen y construyen mucho del entramado social de nuestras comunidades\u201d y que \u201cpor eso adem\u00e1s de ser un espacio donde se practican deportes y se obtienen logros, son espacios de encuentro y contenci\u00f3n, cumpliendo una funci\u00f3n social que necesitamos potenciar y acompa\u00f1ar\u201d.<\/p>\n<p>El deporte y la contenci\u00f3n a las juventudes<\/p>\n<p>En tanto, el intendente de Diamante Juan Carlos Darrich\u00f3n, agradeci\u00f3 la presencia de la vicegobernadora Laura Stratta y valor\u00f3 al gobernador Gustavo Bordet \u201cque siempre est\u00e1 colaborando con las instalaciones deportivas en toda la provincia\u201d, y expres\u00f3 que \u201cestos aportes tienen que ver con un gobierno que entiende que el deporte no solamente se trata de resultados, sino tambi\u00e9n de la contenci\u00f3n de j\u00f3venes que crecen con una formaci\u00f3n con valores, y como Estado tenemos que entender el rol para acercarnos, escucharlos y acompa\u00f1arlos\u201d.<\/p>\n<p>Destac\u00f3 adem\u00e1s la importancia de \u201cseguir trabajando mancomunadamente entre el gobierno y las instituciones deportivas para el beneficio de los clubes, que puedan crecer y para que a su vez estos favorezcan a sus socias y socios y a cada persona que practique deporte en ellos\u201d.<\/p>\n<p>Trabajo articulado<\/p>\n<p>A su turno, el presidente del Club Atl\u00e9tico Diamantino, Catriel Tonutti, dijo que \u201ca pesar de lo dif\u00edcil que fue atravesar la pandemia, en la instituci\u00f3n deportiva se concretaron diferentes obras que hoy nos permiten que el club siga creciendo para contener a m\u00e1s ni\u00f1os, ni\u00f1as, adolescentes y j\u00f3venes, que son nuestro principal objetivo\u201d, resalt\u00f3 tras valorar el \u201ctrabajo articulado\u201d que se viene fortaleciendo junto al municipio y las gestiones de los legisladores.<\/p>\n<p>Adem\u00e1s, agradeci\u00f3 al Gobierno de Entre R\u00edos, especialmente a la Vicegobernaci\u00f3n, por el apoyo recibido para \u201ciniciar una serie de obras\u201d necesarias para el mejoramiento de las instalaciones y servicios del club.<\/p>\n<p>Inversiones que fortalecen a las instituciones<\/p>\n<p>Por otro lado, el secretario de Deportes, Jos\u00e9 G\u00f3mez, expres\u00f3 que \u201csi no fuera por las instituciones deportivas y por el trabajo que hacen nuestras y nuestros dirigentes a lo largo y ancho de la provincia, nosotros no podr\u00edamos lograr la contenci\u00f3n de miles de chicas y chicos\u201d y que \u201cpor eso siempre trabajamos articuladamente bajando la inversi\u00f3n deportiva a nuestras instituciones para que se fortalezcan, para poder recibir a nuestras y nuestros chicos en condiciones cada vez m\u00e1s dignas para practicar deportes\u201d.<\/p>\n<p>Adem\u00e1s, destac\u00f3 que desde el gobierno provincial \u201cel a\u00f1o pasado llegamos a 200 clubes en toda la provincia con 125 millones de pesos y la mayor\u00eda de los clubes de Diamante recibieron el apoyo del programa Clubes en Obra, que lleg\u00f3 en un momento clave donde las instituciones deportivas estaban destrozadas y r\u00e1pidamente pudimos levantarles los brazos a toda la dirigencia\u201d. En ese sentido, dijo que \u201chemos tenido un Estado presente, con todas las letras, y vamos a trabajar para seguir con esa intensidad, con mayor fortaleza de cara al futuro\u201d.<\/p>\n<p>Presencias<\/p>\n<p>Acompa\u00f1aron a la Vicegobernadora, el intendente Juan Carlos Darrich\u00f3n; la senadora Claudia Gieco; el diputado Reinaldo C\u00e1ceres; el secretario de Deportes de la Provincia, Jos\u00e9 G\u00f3mez; el presidente de Enersa, Ramiro Caminos y el gerente de \u00c1rea Relaciones Institucionales de Enersa, Pablo Bertochi. Tambi\u00e9n estuvieron presentes Catriel Tonutti y Roberto Altuna, presidente y secretario del Club Atl\u00e9tico Diamantino (CAD) respectivamente; integrantes de la Comisi\u00f3n Directiva del Club; socias, socios, profesores y deportistas de la entidad deportiva.<\/p>\n","protected":false},"excerpt":{"rendered":"<p>La vicegobernadora Laura Stratta recorri\u00f3 las instalaciones del Club Atl\u00e9tico Diamantino, de la ciudad de Diamante, donde entreg\u00f3 un aporte econ\u00f3mico para la refacci\u00f3n de la cancha de pelota paleta. En la oportunidad se firm\u00f3 un convenio con Enersa para sumar nueva luminaria LED a la instituci\u00f3n.<\/p>\n","protected":false},"author":8,"featured_media":72477,"comment_status":"open","ping_status":"open","sticky":false,"template":"","format":"standard","meta":{"fifu_image_url":"","fifu_image_alt":"","footnotes":""},"categories":[5],"tags":[3242,175,680],"class_list":{"0":"post-72476","1":"post","2":"type-post","3":"status-publish","4":"format-standard","5":"has-post-thumbnail","7":"category-zonales","8":"tag-club-atletico-diamantino","9":"tag-inauguracion","10":"tag-laura-stratta"},"yoast_head":"<title>La Vicegobernaci\u00f3n inaugur\u00f3 mejoras en el Club Atl\u00e9tico Diamantino - Informe Litoral<\/title>\n<meta name=\"robots\" content=\"index, follow, max-snippet:-1, max-image-preview:large, max-video-preview:-1\" \/>\n<link rel=\"canonical\" href=\"https:\/\/informelitoral.com.ar\/la-vicegobernacion-inauguro-mejoras-en-el-club-atletico-diamantino\/\" \/>\n<meta property=\"og:locale\" content=\"es_ES\" \/>\n<meta property=\"og:type\" content=\"article\" \/>\n<meta property=\"og:title\" content=\"La Vicegobernaci\u00f3n inaugur\u00f3 mejoras en el Club Atl\u00e9tico Diamantino - Informe Litoral\" \/>\n<meta property=\"og:description\" content=\"La vicegobernadora Laura Stratta recorri\u00f3 las instalaciones del Club Atl\u00e9tico Diamantino, de la ciudad de Diamante, donde entreg\u00f3 un aporte econ\u00f3mico para la refacci\u00f3n de la cancha de pelota paleta. En la oportunidad se firm\u00f3 un convenio con Enersa para sumar nueva luminaria LED a la instituci\u00f3n.\" \/>\n<meta property=\"og:url\" content=\"https:\/\/informelitoral.com.ar\/la-vicegobernacion-inauguro-mejoras-en-el-club-atletico-diamantino\/\" \/>\n<meta property=\"og:site_name\" content=\"Informe Litoral\" \/>\n<meta property=\"article:publisher\" content=\"https:\/\/www.facebook.com\/informelitoral\/\" \/>\n<meta property=\"article:published_time\" content=\"2022-02-25T19:40:16+00:00\" \/>\n<meta property=\"og:image\" content=\"https:\/\/informelitoral.com.ar\/%77%70%2d%63%6f%6e%74%65%6e%74\/uploads\/2022\/02\/x_1645802992.jpg\" \/>\n\t<meta property=\"og:image:width\" content=\"1920\" \/>\n\t<meta property=\"og:image:height\" content=\"1280\" \/>\n\t<meta property=\"og:image:type\" content=\"image\/jpeg\" \/>\n<meta name=\"author\" content=\"Sebastian\" \/>\n<meta name=\"twitter:card\" content=\"summary_large_image\" \/>\n<meta name=\"twitter:creator\" content=\"@InformeLitoral\" \/>\n<meta name=\"twitter:site\" content=\"@InformeLitoral\" \/>\n<meta name=\"twitter:label1\" content=\"Escrito por\" \/>\n\t<meta name=\"twitter:data1\" content=\"Sebastian\" \/>\n\t<meta name=\"twitter:label2\" content=\"Tiempo de lectura\" \/>\n\t<meta name=\"twitter:data2\" content=\"5 minutos\" \/>\n<script type=\"application\/ld+json\" class=\"yoast-schema-graph\">{\"@context\":\"https:\\\/\\\/schema.org\",\"@graph\":[{\"@type\":\"Article\",\"@id\":\"https:\\\/\\\/informelitoral.com.ar\\\/la-vicegobernacion-inauguro-mejoras-en-el-club-atletico-diamantino\\\/#article\",\"isPartOf\":{\"@id\":\"https:\\\/\\\/informelitoral.com.ar\\\/la-vicegobernacion-inauguro-mejoras-en-el-club-atletico-diamantino\\\/\"},\"author\":{\"name\":\"Sebastian\",\"@id\":\"https:\\\/\\\/informelitoral.com.ar\\\/#\\\/schema\\\/person\\\/f05f9f461677119578717524b127d6d5\"},\"headline\":\"La Vicegobernaci\u00f3n inaugur\u00f3 mejoras en el Club Atl\u00e9tico Diamantino\",\"datePublished\":\"2022-02-25T19:40:16+00:00\",\"mainEntityOfPage\":{\"@id\":\"https:\\\/\\\/informelitoral.com.ar\\\/la-vicegobernacion-inauguro-mejoras-en-el-club-atletico-diamantino\\\/\"},\"wordCount\":973,\"commentCount\":0,\"publisher\":{\"@id\":\"https:\\\/\\\/informelitoral.com.ar\\\/#organization\"},\"image\":{\"@id\":\"https:\\\/\\\/informelitoral.com.ar\\\/la-vicegobernacion-inauguro-mejoras-en-el-club-atletico-diamantino\\\/#primaryimage\"},\"thumbnailUrl\":\"https:\\\/\\\/informelitoral.com.ar\\\/%77%70%2d%63%6f%6e%74%65%6e%74\\\/uploads\\\/2022\\\/02\\\/x_1645802992.jpg\",\"keywords\":[\"Club Atl\u00e9tico Diamantino\",\"Inauguraci\u00f3n\",\"Laura Stratta\"],\"articleSection\":[\"Departamento Diamante\"],\"inLanguage\":\"es\",\"potentialAction\":[{\"@type\":\"CommentAction\",\"name\":\"Comment\",\"target\":[\"https:\\\/\\\/informelitoral.com.ar\\\/la-vicegobernacion-inauguro-mejoras-en-el-club-atletico-diamantino\\\/#respond\"]}]},{\"@type\":\"WebPage\",\"@id\":\"https:\\\/\\\/informelitoral.com.ar\\\/la-vicegobernacion-inauguro-mejoras-en-el-club-atletico-diamantino\\\/\",\"url\":\"https:\\\/\\\/informelitoral.com.ar\\\/la-vicegobernacion-inauguro-mejoras-en-el-club-atletico-diamantino\\\/\",\"name\":\"La Vicegobernaci\u00f3n inaugur\u00f3 mejoras en el Club Atl\u00e9tico Diamantino - Informe Litoral\",\"isPartOf\":{\"@id\":\"https:\\\/\\\/informelitoral.com.ar\\\/#website\"},\"primaryImageOfPage\":{\"@id\":\"https:\\\/\\\/informelitoral.com.ar\\\/la-vicegobernacion-inauguro-mejoras-en-el-club-atletico-diamantino\\\/#primaryimage\"},\"image\":{\"@id\":\"https:\\\/\\\/informelitoral.com.ar\\\/la-vicegobernacion-inauguro-mejoras-en-el-club-atletico-diamantino\\\/#primaryimage\"},\"thumbnailUrl\":\"https:\\\/\\\/informelitoral.com.ar\\\/%77%70%2d%63%6f%6e%74%65%6e%74\\\/uploads\\\/2022\\\/02\\\/x_1645802992.jpg\",\"datePublished\":\"2022-02-25T19:40:16+00:00\",\"breadcrumb\":{\"@id\":\"https:\\\/\\\/informelitoral.com.ar\\\/la-vicegobernacion-inauguro-mejoras-en-el-club-atletico-diamantino\\\/#breadcrumb\"},\"inLanguage\":\"es\",\"potentialAction\":[{\"@type\":\"ReadAction\",\"target\":[\"https:\\\/\\\/informelitoral.com.ar\\\/la-vicegobernacion-inauguro-mejoras-en-el-club-atletico-diamantino\\\/\"]}]},{\"@type\":\"ImageObject\",\"inLanguage\":\"es\",\"@id\":\"https:\\\/\\\/informelitoral.com.ar\\\/la-vicegobernacion-inauguro-mejoras-en-el-club-atletico-diamantino\\\/#primaryimage\",\"url\":\"https:\\\/\\\/informelitoral.com.ar\\\/%77%70%2d%63%6f%6e%74%65%6e%74\\\/uploads\\\/2022\\\/02\\\/x_1645802992.jpg\",\"contentUrl\":\"https:\\\/\\\/informelitoral.com.ar\\\/%77%70%2d%63%6f%6e%74%65%6e%74\\\/uploads\\\/2022\\\/02\\\/x_1645802992.jpg\",\"width\":1920,\"height\":1280},{\"@type\":\"BreadcrumbList\",\"@id\":\"https:\\\/\\\/informelitoral.com.ar\\\/la-vicegobernacion-inauguro-mejoras-en-el-club-atletico-diamantino\\\/#breadcrumb\",\"itemListElement\":[{\"@type\":\"ListItem\",\"position\":1,\"name\":\"Portada\",\"item\":\"https:\\\/\\\/informelitoral.com.ar\\\/\"},{\"@type\":\"ListItem\",\"position\":2,\"name\":\"La Vicegobernaci\u00f3n inaugur\u00f3 mejoras en el Club Atl\u00e9tico Diamantino\"}]},{\"@type\":\"WebSite\",\"@id\":\"https:\\\/\\\/informelitoral.com.ar\\\/#website\",\"url\":\"https:\\\/\\\/informelitoral.com.ar\\\/\",\"name\":\"Informe Litoral\",\"description\":\"&quot;Nos informamos&quot; \",\"publisher\":{\"@id\":\"https:\\\/\\\/informelitoral.com.ar\\\/#organization\"},\"potentialAction\":[{\"@type\":\"SearchAction\",\"target\":{\"@type\":\"EntryPoint\",\"urlTemplate\":\"https:\\\/\\\/informelitoral.com.ar\\\/?s={search_term_string}\"},\"query-input\":{\"@type\":\"PropertyValueSpecification\",\"valueRequired\":true,\"valueName\":\"search_term_string\"}}],\"inLanguage\":\"es\"},{\"@type\":\"Organization\",\"@id\":\"https:\\\/\\\/informelitoral.com.ar\\\/#organization\",\"name\":\"Informe Litoral\",\"url\":\"https:\\\/\\\/informelitoral.com.ar\\\/\",\"logo\":{\"@type\":\"ImageObject\",\"inLanguage\":\"es\",\"@id\":\"https:\\\/\\\/informelitoral.com.ar\\\/#\\\/schema\\\/logo\\\/image\\\/\",\"url\":\"https:\\\/\\\/informelitoral.com.ar\\\/%77%70%2d%63%6f%6e%74%65%6e%74\\\/uploads\\\/2021\\\/01\\\/circulo.png\",\"contentUrl\":\"https:\\\/\\\/informelitoral.com.ar\\\/%77%70%2d%63%6f%6e%74%65%6e%74\\\/uploads\\\/2021\\\/01\\\/circulo.png\",\"width\":723,\"height\":731,\"caption\":\"Informe Litoral\"},\"image\":{\"@id\":\"https:\\\/\\\/informelitoral.com.ar\\\/#\\\/schema\\\/logo\\\/image\\\/\"},\"sameAs\":[\"https:\\\/\\\/www.facebook.com\\\/informelitoral\\\/\",\"https:\\\/\\\/x.com\\\/InformeLitoral\",\"https:\\\/\\\/www.instagram.com\\\/informelitoral\\\/\",\"https:\\\/\\\/www.youtube.com\\\/channel\\\/UCua4Qvz8Icb6MYqhoq9xLXw\"]},{\"@type\":\"Person\",\"@id\":\"https:\\\/\\\/informelitoral.com.ar\\\/#\\\/schema\\\/person\\\/f05f9f461677119578717524b127d6d5\",\"name\":\"Sebastian\",\"image\":{\"@type\":\"ImageObject\",\"inLanguage\":\"es\",\"@id\":\"https:\\\/\\\/secure.gravatar.com\\\/avatar\\\/b71bf7481d447dfb9583c7f2798e7cc64de6efb9067b74633ed8c31059a3bd82?s=96&d=mm&r=g\",\"url\":\"https:\\\/\\\/secure.gravatar.com\\\/avatar\\\/b71bf7481d447dfb9583c7f2798e7cc64de6efb9067b74633ed8c31059a3bd82?s=96&d=mm&r=g\",\"contentUrl\":\"https:\\\/\\\/secure.gravatar.com\\\/avatar\\\/b71bf7481d447dfb9583c7f2798e7cc64de6efb9067b74633ed8c31059a3bd82?s=96&d=mm&r=g\",\"caption\":\"Sebastian\"},\"url\":\"https:\\\/\\\/informelitoral.com.ar\\\/author\\\/sebastian\\\/\"}]}<\/script>","yoast_head_json":{"title":"La Vicegobernaci\u00f3n inaugur\u00f3 mejoras en el Club Atl\u00e9tico Diamantino - Informe Litoral","robots":{"index":"index","follow":"follow","max-snippet":"max-snippet:-1","max-image-preview":"max-image-preview:large","max-video-preview":"max-video-preview:-1"},"canonical":"https:\/\/informelitoral.com.ar\/la-vicegobernacion-inauguro-mejoras-en-el-club-atletico-diamantino\/","og_locale":"es_ES","og_type":"article","og_title":"La Vicegobernaci\u00f3n inaugur\u00f3 mejoras en el Club Atl\u00e9tico Diamantino - Informe Litoral","og_description":"La vicegobernadora Laura Stratta recorri\u00f3 las instalaciones del Club Atl\u00e9tico Diamantino, de la ciudad de Diamante, donde entreg\u00f3 un aporte econ\u00f3mico para la refacci\u00f3n de la cancha de pelota paleta. En la oportunidad se firm\u00f3 un convenio con Enersa para sumar nueva luminaria LED a la instituci\u00f3n.","og_url":"https:\/\/informelitoral.com.ar\/la-vicegobernacion-inauguro-mejoras-en-el-club-atletico-diamantino\/","og_site_name":"Informe Litoral","article_publisher":"https:\/\/www.facebook.com\/informelitoral\/","article_published_time":"2022-02-25T19:40:16+00:00","og_image":[{"width":1920,"height":1280,"url":"https:\/\/informelitoral.com.ar\/%77%70%2d%63%6f%6e%74%65%6e%74\/uploads\/2022\/02\/x_1645802992.jpg","type":"image\/jpeg"}],"author":"Sebastian","twitter_card":"summary_large_image","twitter_creator":"@InformeLitoral","twitter_site":"@InformeLitoral","twitter_misc":{"Escrito por":"Sebastian","Tiempo de lectura":"5 minutos"},"schema":{"@context":"https:\/\/schema.org","@graph":[{"@type":"Article","@id":"https:\/\/informelitoral.com.ar\/la-vicegobernacion-inauguro-mejoras-en-el-club-atletico-diamantino\/#article","isPartOf":{"@id":"https:\/\/informelitoral.com.ar\/la-vicegobernacion-inauguro-mejoras-en-el-club-atletico-diamantino\/"},"author":{"name":"Sebastian","@id":"https:\/\/informelitoral.com.ar\/#\/schema\/person\/f05f9f461677119578717524b127d6d5"},"headline":"La Vicegobernaci\u00f3n inaugur\u00f3 mejoras en el Club Atl\u00e9tico Diamantino","datePublished":"2022-02-25T19:40:16+00:00","mainEntityOfPage":{"@id":"https:\/\/informelitoral.com.ar\/la-vicegobernacion-inauguro-mejoras-en-el-club-atletico-diamantino\/"},"wordCount":973,"commentCount":0,"publisher":{"@id":"https:\/\/informelitoral.com.ar\/#organization"},"image":{"@id":"https:\/\/informelitoral.com.ar\/la-vicegobernacion-inauguro-mejoras-en-el-club-atletico-diamantino\/#primaryimage"},"thumbnailUrl":"https:\/\/informelitoral.com.ar\/%77%70%2d%63%6f%6e%74%65%6e%74\/uploads\/2022\/02\/x_1645802992.jpg","keywords":["Club Atl\u00e9tico Diamantino","Inauguraci\u00f3n","Laura Stratta"],"articleSection":["Departamento Diamante"],"inLanguage":"es","potentialAction":[{"@type":"CommentAction","name":"Comment","target":["https:\/\/informelitoral.com.ar\/la-vicegobernacion-inauguro-mejoras-en-el-club-atletico-diamantino\/#respond"]}]},{"@type":"WebPage","@id":"https:\/\/informelitoral.com.ar\/la-vicegobernacion-inauguro-mejoras-en-el-club-atletico-diamantino\/","url":"https:\/\/informelitoral.com.ar\/la-vicegobernacion-inauguro-mejoras-en-el-club-atletico-diamantino\/","name":"La Vicegobernaci\u00f3n inaugur\u00f3 mejoras en el Club Atl\u00e9tico Diamantino - Informe Litoral","isPartOf":{"@id":"https:\/\/informelitoral.com.ar\/#website"},"primaryImageOfPage":{"@id":"https:\/\/informelitoral.com.ar\/la-vicegobernacion-inauguro-mejoras-en-el-club-atletico-diamantino\/#primaryimage"},"image":{"@id":"https:\/\/informelitoral.com.ar\/la-vicegobernacion-inauguro-mejoras-en-el-club-atletico-diamantino\/#primaryimage"},"thumbnailUrl":"https:\/\/informelitoral.com.ar\/%77%70%2d%63%6f%6e%74%65%6e%74\/uploads\/2022\/02\/x_1645802992.jpg","datePublished":"2022-02-25T19:40:16+00:00","breadcrumb":{"@id":"https:\/\/informelitoral.com.ar\/la-vicegobernacion-inauguro-mejoras-en-el-club-atletico-diamantino\/#breadcrumb"},"inLanguage":"es","potentialAction":[{"@type":"ReadAction","target":["https:\/\/informelitoral.com.ar\/la-vicegobernacion-inauguro-mejoras-en-el-club-atletico-diamantino\/"]}]},{"@type":"ImageObject","inLanguage":"es","@id":"https:\/\/informelitoral.com.ar\/la-vicegobernacion-inauguro-mejoras-en-el-club-atletico-diamantino\/#primaryimage","url":"https:\/\/informelitoral.com.ar\/%77%70%2d%63%6f%6e%74%65%6e%74\/uploads\/2022\/02\/x_1645802992.jpg","contentUrl":"https:\/\/informelitoral.com.ar\/%77%70%2d%63%6f%6e%74%65%6e%74\/uploads\/2022\/02\/x_1645802992.jpg","width":1920,"height":1280},{"@type":"BreadcrumbList","@id":"https:\/\/informelitoral.com.ar\/la-vicegobernacion-inauguro-mejoras-en-el-club-atletico-diamantino\/#breadcrumb","itemListElement":[{"@type":"ListItem","position":1,"name":"Portada","item":"https:\/\/informelitoral.com.ar\/"},{"@type":"ListItem","position":2,"name":"La Vicegobernaci\u00f3n inaugur\u00f3 mejoras en el Club Atl\u00e9tico Diamantino"}]},{"@type":"WebSite","@id":"https:\/\/informelitoral.com.ar\/#website","url":"https:\/\/informelitoral.com.ar\/","name":"Informe Litoral","description":"&quot;Nos informamos&quot; ","publisher":{"@id":"https:\/\/informelitoral.com.ar\/#organization"},"potentialAction":[{"@type":"SearchAction","target":{"@type":"EntryPoint","urlTemplate":"https:\/\/informelitoral.com.ar\/?s={search_term_string}"},"query-input":{"@type":"PropertyValueSpecification","valueRequired":true,"valueName":"search_term_string"}}],"inLanguage":"es"},{"@type":"Organization","@id":"https:\/\/informelitoral.com.ar\/#organization","name":"Informe Litoral","url":"https:\/\/informelitoral.com.ar\/","logo":{"@type":"ImageObject","inLanguage":"es","@id":"https:\/\/informelitoral.com.ar\/#\/schema\/logo\/image\/","url":"https:\/\/informelitoral.com.ar\/%77%70%2d%63%6f%6e%74%65%6e%74\/uploads\/2021\/01\/circulo.png","contentUrl":"https:\/\/informelitoral.com.ar\/%77%70%2d%63%6f%6e%74%65%6e%74\/uploads\/2021\/01\/circulo.png","width":723,"height":731,"caption":"Informe Litoral"},"image":{"@id":"https:\/\/informelitoral.com.ar\/#\/schema\/logo\/image\/"},"sameAs":["https:\/\/www.facebook.com\/informelitoral\/","https:\/\/x.com\/InformeLitoral","https:\/\/www.instagram.com\/informelitoral\/","https:\/\/www.youtube.com\/channel\/UCua4Qvz8Icb6MYqhoq9xLXw"]},{"@type":"Person","@id":"https:\/\/informelitoral.com.ar\/#\/schema\/person\/f05f9f461677119578717524b127d6d5","name":"Sebastian","image":{"@type":"ImageObject","inLanguage":"es","@id":"https:\/\/secure.gravatar.com\/avatar\/b71bf7481d447dfb9583c7f2798e7cc64de6efb9067b74633ed8c31059a3bd82?s=96&d=mm&r=g","url":"https:\/\/secure.gravatar.com\/avatar\/b71bf7481d447dfb9583c7f2798e7cc64de6efb9067b74633ed8c31059a3bd82?s=96&d=mm&r=g","contentUrl":"https:\/\/secure.gravatar.com\/avatar\/b71bf7481d447dfb9583c7f2798e7cc64de6efb9067b74633ed8c31059a3bd82?s=96&d=mm&r=g","caption":"Sebastian"},"url":"https:\/\/informelitoral.com.ar\/author\/sebastian\/"}]}},"_links":{"self":[{"href":"https:\/\/informelitoral.com.ar\/%77%70%2d%6a%73%6f%6e\/wp\/v2\/posts\/72476","targetHints":{"allow":["GET"]}}],"collection":[{"href":"https:\/\/informelitoral.com.ar\/%77%70%2d%6a%73%6f%6e\/wp\/v2\/posts"}],"about":[{"href":"https:\/\/informelitoral.com.ar\/%77%70%2d%6a%73%6f%6e\/wp\/v2\/types\/post"}],"author":[{"embeddable":true,"href":"https:\/\/informelitoral.com.ar\/%77%70%2d%6a%73%6f%6e\/wp\/v2\/users\/8"}],"replies":[{"embeddable":true,"href":"https:\/\/informelitoral.com.ar\/%77%70%2d%6a%73%6f%6e\/wp\/v2\/comments?post=72476"}],"version-history":[{"count":0,"href":"https:\/\/informelitoral.com.ar\/%77%70%2d%6a%73%6f%6e\/wp\/v2\/posts\/72476\/revisions"}],"wp:featuredmedia":[{"embeddable":true,"href":"https:\/\/informelitoral.com.ar\/%77%70%2d%6a%73%6f%6e\/wp\/v2\/media\/72477"}],"wp:attachment":[{"href":"https:\/\/informelitoral.com.ar\/%77%70%2d%6a%73%6f%6e\/wp\/v2\/media?parent=72476"}],"wp:term":[{"taxonomy":"category","embeddable":true,"href":"https:\/\/informelitoral.com.ar\/%77%70%2d%6a%73%6f%6e\/wp\/v2\/categories?post=72476"},{"taxonomy":"post_tag","embeddable":true,"href":"https:\/\/informelitoral.com.ar\/%77%70%2d%6a%73%6f%6e\/wp\/v2\/tags?post=72476"}],"curies":[{"name":"wp","href":"https:\/\/api.w.org\/{rel}","templated":true}]}}