{"id":7244,"date":"2014-06-25T09:38:23","date_gmt":"2014-06-25T12:38:23","guid":{"rendered":"http:\/\/www.isletasnoticias.com.ar\/?p=7244"},"modified":"2014-06-25T09:38:32","modified_gmt":"2014-06-25T12:38:32","slug":"preocupa-que-no-arriben-buques-de-ultramar-al-puerto-de-diamante","status":"publish","type":"post","link":"https:\/\/informelitoral.com.ar\/preocupa-que-no-arriben-buques-de-ultramar-al-puerto-de-diamante\/","title":{"rendered":"Preocupa que no arriben buques de ultramar al Puerto de Diamante"},"content":{"rendered":"<p style=\"text-align: left;\"><strong>Los directores de la Bolsa de Cereales de Entre R\u00edos, <em>Oscar Montero<\/em> y<em> Eduardo Gherardi<\/em> se reunieron con la intendente de Diamante, <em>Claudia Gieco<\/em>, con el prop\u00f3sito de expresar la \u201cpreocupaci\u00f3n\u201d de la instituci\u00f3n sobre la realidad del Puerto de Diamante.<a href=\"http:\/\/www.isletasnoticias.com.ar\/%77%70%2d%63%6f%6e%74%65%6e%74\/uploads\/2014\/06\/5054_politica.jpg\"><img loading=\"lazy\" decoding=\"async\" class=\"aligncenter  wp-image-7245\" alt=\"5054_politica\" src=\"http:\/\/www.isletasnoticias.com.ar\/%77%70%2d%63%6f%6e%74%65%6e%74\/uploads\/2014\/06\/5054_politica-300x161.jpg\" width=\"500\" height=\"300\" \/><\/a><\/strong><\/p>\n<p>\u201cLa campa\u00f1a agr\u00edcola 2013\/14 entra en su etapa final en nuestra provincia, aunque algo complicada por el tiempo h\u00famedo que demora las labores de cosecha, y es natural observar sobre las v\u00edas de comercializaci\u00f3n que benefician en materia econ\u00f3mica al productor agr\u00edcola de nuestra regi\u00f3n, jugando una papel de suma importancia la terminal portuaria de Diamante en la salida de la producci\u00f3n granaria entrerriana\u201d coment\u00f3 Montero.<\/p>\n<p>\u201cNuestro sector productivo necesita un puerto activo, ya que funcionando, por ejemplo, el productor no solo se beneficiar\u00eda por tener un precio de referencia para la zona, sino que adem\u00e1s recibir\u00eda un incremento entre 10 y 13 d\u00f3lares por tonelada\u201d indic\u00f3 el representante de la Bolsa de Cereales de Entre R\u00edos tras recordar que se cumple un a\u00f1o del dragado del canal de acceso \u201cque dej\u00f3 en condiciones de operatividad a esta estaci\u00f3n fluvial, una gran oportunidad para que nuestros productores se vean beneficiados con menores costos de transporte\u201d.<\/p>\n<p>Gherardi por su parte, hizo saber que \u201cla intendenta Gieco se mostr\u00f3 interesada sobre nuestra preocupaci\u00f3n, que se traduce en un beneficio directo no solo a la ciudad, sino que adem\u00e1s a nuestra provincia\u201d.<\/p>\n<p>\u201cPero la realidad es que ya no arriban buques de ultramar de gran porte procedentes de diferentes puntos del mundo, actualmente la producci\u00f3n granaria sale \u00fanicamente mediante barcazas hacia Rosario, sin generar el movimiento de trabajo real de esta terminal portuaria, teniendo en cuenta que puede operar a una capacidad m\u00e1xima de un mill\u00f3n de toneladas. El Puerto de Diamante debe estar operativo\u201d insisti\u00f3.<\/p>\n<p>Desde la entidad recordaron adem\u00e1s que \u201cdurante los 34 a\u00f1os de vida la Bolsa de Cereales de Entre R\u00edos ha aportado y colaborado para el \u00f3ptimo funcionamiento del Puerto de Diamante\u201d.<\/p>\n","protected":false},"excerpt":{"rendered":"<p>Los directores de la Bolsa de Cereales de Entre R&iacute;os, Oscar Montero y Eduardo Gherardi se reunieron con la intendente de Diamante, Claudia Gieco, con el prop&oacute;sito de expresar la &ldquo;preocupaci&oacute;n&rdquo; de la instituci&oacute;n sobre la realidad del Puerto de Diamante. &ldquo;La campa&ntilde;a agr&iacute;cola 2013\/14 entra en su etapa final en nuestra provincia, aunque algo [&hellip;]<\/p>\n","protected":false},"author":2,"featured_media":0,"comment_status":"open","ping_status":"open","sticky":false,"template":"","format":"standard","meta":{"fifu_image_url":"","fifu_image_alt":"","footnotes":""},"categories":[10,5],"tags":[],"class_list":{"0":"post-7244","1":"post","2":"type-post","3":"status-publish","4":"format-standard","6":"category-campo","7":"category-zonales"},"yoast_head":"<title>Preocupa que no arriben buques de ultramar al Puerto de Diamante - Informe Litoral<\/title>\n<meta name=\"robots\" content=\"index, follow, max-snippet:-1, max-image-preview:large, max-video-preview:-1\" \/>\n<link rel=\"canonical\" href=\"https:\/\/informelitoral.com.ar\/preocupa-que-no-arriben-buques-de-ultramar-al-puerto-de-diamante\/\" \/>\n<meta property=\"og:locale\" content=\"es_ES\" \/>\n<meta property=\"og:type\" content=\"article\" \/>\n<meta property=\"og:title\" content=\"Preocupa que no arriben buques de ultramar al Puerto de Diamante - Informe Litoral\" \/>\n<meta property=\"og:description\" content=\"Los directores de la Bolsa de Cereales de Entre R&iacute;os, Oscar Montero y Eduardo Gherardi se reunieron con la intendente de Diamante, Claudia Gieco, con el prop&oacute;sito de expresar la &ldquo;preocupaci&oacute;n&rdquo; de la instituci&oacute;n sobre la realidad del Puerto de Diamante. &ldquo;La campa&ntilde;a agr&iacute;cola 2013\/14 entra en su etapa final en nuestra provincia, aunque algo [&hellip;]\" \/>\n<meta property=\"og:url\" content=\"https:\/\/informelitoral.com.ar\/preocupa-que-no-arriben-buques-de-ultramar-al-puerto-de-diamante\/\" \/>\n<meta property=\"og:site_name\" content=\"Informe Litoral\" \/>\n<meta property=\"article:publisher\" content=\"https:\/\/www.facebook.com\/informelitoral\/\" \/>\n<meta property=\"article:published_time\" content=\"2014-06-25T12:38:23+00:00\" \/>\n<meta property=\"article:modified_time\" content=\"2014-06-25T12:38:32+00:00\" \/>\n<meta property=\"og:image\" content=\"https:\/\/informelitoral.com.ar\/%77%70%2d%63%6f%6e%74%65%6e%74\/uploads\/2014\/06\/5054_politica.jpg\" \/>\n\t<meta property=\"og:image:width\" content=\"544\" \/>\n\t<meta property=\"og:image:height\" content=\"293\" \/>\n\t<meta property=\"og:image:type\" content=\"image\/jpeg\" \/>\n<meta name=\"author\" content=\"Gonzalo Schmidt\" \/>\n<meta name=\"twitter:card\" content=\"summary_large_image\" \/>\n<meta name=\"twitter:creator\" content=\"@InformeLitoral\" \/>\n<meta name=\"twitter:site\" content=\"@InformeLitoral\" \/>\n<meta name=\"twitter:label1\" content=\"Escrito por\" \/>\n\t<meta name=\"twitter:data1\" content=\"Gonzalo Schmidt\" \/>\n\t<meta name=\"twitter:label2\" content=\"Tiempo de lectura\" \/>\n\t<meta name=\"twitter:data2\" content=\"2 minutos\" \/>\n<script type=\"application\/ld+json\" class=\"yoast-schema-graph\">{\"@context\":\"https:\\\/\\\/schema.org\",\"@graph\":[{\"@type\":\"Article\",\"@id\":\"https:\\\/\\\/informelitoral.com.ar\\\/preocupa-que-no-arriben-buques-de-ultramar-al-puerto-de-diamante\\\/#article\",\"isPartOf\":{\"@id\":\"https:\\\/\\\/informelitoral.com.ar\\\/preocupa-que-no-arriben-buques-de-ultramar-al-puerto-de-diamante\\\/\"},\"author\":{\"name\":\"Gonzalo Schmidt\",\"@id\":\"https:\\\/\\\/informelitoral.com.ar\\\/#\\\/schema\\\/person\\\/b9d00407c836482871ef1d57bf8e3180\"},\"headline\":\"Preocupa que no arriben buques de ultramar al Puerto de Diamante\",\"datePublished\":\"2014-06-25T12:38:23+00:00\",\"dateModified\":\"2014-06-25T12:38:32+00:00\",\"mainEntityOfPage\":{\"@id\":\"https:\\\/\\\/informelitoral.com.ar\\\/preocupa-que-no-arriben-buques-de-ultramar-al-puerto-de-diamante\\\/\"},\"wordCount\":360,\"commentCount\":0,\"publisher\":{\"@id\":\"https:\\\/\\\/informelitoral.com.ar\\\/#organization\"},\"image\":{\"@id\":\"https:\\\/\\\/informelitoral.com.ar\\\/preocupa-que-no-arriben-buques-de-ultramar-al-puerto-de-diamante\\\/#primaryimage\"},\"thumbnailUrl\":\"http:\\\/\\\/www.isletasnoticias.com.ar\\\/%77%70%2d%63%6f%6e%74%65%6e%74\\\/uploads\\\/2014\\\/06\\\/5054_politica-300x161.jpg\",\"articleSection\":[\"Campo\",\"Departamento Diamante\"],\"inLanguage\":\"es\",\"potentialAction\":[{\"@type\":\"CommentAction\",\"name\":\"Comment\",\"target\":[\"https:\\\/\\\/informelitoral.com.ar\\\/preocupa-que-no-arriben-buques-de-ultramar-al-puerto-de-diamante\\\/#respond\"]}]},{\"@type\":\"WebPage\",\"@id\":\"https:\\\/\\\/informelitoral.com.ar\\\/preocupa-que-no-arriben-buques-de-ultramar-al-puerto-de-diamante\\\/\",\"url\":\"https:\\\/\\\/informelitoral.com.ar\\\/preocupa-que-no-arriben-buques-de-ultramar-al-puerto-de-diamante\\\/\",\"name\":\"Preocupa que no arriben buques de ultramar al Puerto de Diamante - Informe Litoral\",\"isPartOf\":{\"@id\":\"https:\\\/\\\/informelitoral.com.ar\\\/#website\"},\"primaryImageOfPage\":{\"@id\":\"https:\\\/\\\/informelitoral.com.ar\\\/preocupa-que-no-arriben-buques-de-ultramar-al-puerto-de-diamante\\\/#primaryimage\"},\"image\":{\"@id\":\"https:\\\/\\\/informelitoral.com.ar\\\/preocupa-que-no-arriben-buques-de-ultramar-al-puerto-de-diamante\\\/#primaryimage\"},\"thumbnailUrl\":\"http:\\\/\\\/www.isletasnoticias.com.ar\\\/%77%70%2d%63%6f%6e%74%65%6e%74\\\/uploads\\\/2014\\\/06\\\/5054_politica-300x161.jpg\",\"datePublished\":\"2014-06-25T12:38:23+00:00\",\"dateModified\":\"2014-06-25T12:38:32+00:00\",\"breadcrumb\":{\"@id\":\"https:\\\/\\\/informelitoral.com.ar\\\/preocupa-que-no-arriben-buques-de-ultramar-al-puerto-de-diamante\\\/#breadcrumb\"},\"inLanguage\":\"es\",\"potentialAction\":[{\"@type\":\"ReadAction\",\"target\":[\"https:\\\/\\\/informelitoral.com.ar\\\/preocupa-que-no-arriben-buques-de-ultramar-al-puerto-de-diamante\\\/\"]}]},{\"@type\":\"ImageObject\",\"inLanguage\":\"es\",\"@id\":\"https:\\\/\\\/informelitoral.com.ar\\\/preocupa-que-no-arriben-buques-de-ultramar-al-puerto-de-diamante\\\/#primaryimage\",\"url\":\"http:\\\/\\\/www.isletasnoticias.com.ar\\\/%77%70%2d%63%6f%6e%74%65%6e%74\\\/uploads\\\/2014\\\/06\\\/5054_politica-300x161.jpg\",\"contentUrl\":\"http:\\\/\\\/www.isletasnoticias.com.ar\\\/%77%70%2d%63%6f%6e%74%65%6e%74\\\/uploads\\\/2014\\\/06\\\/5054_politica-300x161.jpg\"},{\"@type\":\"BreadcrumbList\",\"@id\":\"https:\\\/\\\/informelitoral.com.ar\\\/preocupa-que-no-arriben-buques-de-ultramar-al-puerto-de-diamante\\\/#breadcrumb\",\"itemListElement\":[{\"@type\":\"ListItem\",\"position\":1,\"name\":\"Portada\",\"item\":\"https:\\\/\\\/informelitoral.com.ar\\\/\"},{\"@type\":\"ListItem\",\"position\":2,\"name\":\"Preocupa que no arriben buques de ultramar al Puerto de Diamante\"}]},{\"@type\":\"WebSite\",\"@id\":\"https:\\\/\\\/informelitoral.com.ar\\\/#website\",\"url\":\"https:\\\/\\\/informelitoral.com.ar\\\/\",\"name\":\"Informe Litoral\",\"description\":\"&quot;Nos informamos&quot; \",\"publisher\":{\"@id\":\"https:\\\/\\\/informelitoral.com.ar\\\/#organization\"},\"potentialAction\":[{\"@type\":\"SearchAction\",\"target\":{\"@type\":\"EntryPoint\",\"urlTemplate\":\"https:\\\/\\\/informelitoral.com.ar\\\/?s={search_term_string}\"},\"query-input\":{\"@type\":\"PropertyValueSpecification\",\"valueRequired\":true,\"valueName\":\"search_term_string\"}}],\"inLanguage\":\"es\"},{\"@type\":\"Organization\",\"@id\":\"https:\\\/\\\/informelitoral.com.ar\\\/#organization\",\"name\":\"Informe Litoral\",\"url\":\"https:\\\/\\\/informelitoral.com.ar\\\/\",\"logo\":{\"@type\":\"ImageObject\",\"inLanguage\":\"es\",\"@id\":\"https:\\\/\\\/informelitoral.com.ar\\\/#\\\/schema\\\/logo\\\/image\\\/\",\"url\":\"https:\\\/\\\/informelitoral.com.ar\\\/%77%70%2d%63%6f%6e%74%65%6e%74\\\/uploads\\\/2021\\\/01\\\/circulo.png\",\"contentUrl\":\"https:\\\/\\\/informelitoral.com.ar\\\/%77%70%2d%63%6f%6e%74%65%6e%74\\\/uploads\\\/2021\\\/01\\\/circulo.png\",\"width\":723,\"height\":731,\"caption\":\"Informe Litoral\"},\"image\":{\"@id\":\"https:\\\/\\\/informelitoral.com.ar\\\/#\\\/schema\\\/logo\\\/image\\\/\"},\"sameAs\":[\"https:\\\/\\\/www.facebook.com\\\/informelitoral\\\/\",\"https:\\\/\\\/x.com\\\/InformeLitoral\",\"https:\\\/\\\/www.instagram.com\\\/informelitoral\\\/\",\"https:\\\/\\\/www.youtube.com\\\/channel\\\/UCua4Qvz8Icb6MYqhoq9xLXw\"]},{\"@type\":\"Person\",\"@id\":\"https:\\\/\\\/informelitoral.com.ar\\\/#\\\/schema\\\/person\\\/b9d00407c836482871ef1d57bf8e3180\",\"name\":\"Gonzalo Schmidt\",\"image\":{\"@type\":\"ImageObject\",\"inLanguage\":\"es\",\"@id\":\"https:\\\/\\\/secure.gravatar.com\\\/avatar\\\/31a1a7b66ff2de83bd0e9fd79d026630d2d99e55e8bfe501287647b4fd9743de?s=96&d=mm&r=g\",\"url\":\"https:\\\/\\\/secure.gravatar.com\\\/avatar\\\/31a1a7b66ff2de83bd0e9fd79d026630d2d99e55e8bfe501287647b4fd9743de?s=96&d=mm&r=g\",\"contentUrl\":\"https:\\\/\\\/secure.gravatar.com\\\/avatar\\\/31a1a7b66ff2de83bd0e9fd79d026630d2d99e55e8bfe501287647b4fd9743de?s=96&d=mm&r=g\",\"caption\":\"Gonzalo Schmidt\"},\"description\":\"Sitio web de noticias de la provincia de Entre R\u00edos, Argentina. Informaci\u00f3n y entretenimiento. Informe Litoral, nos informamos.\",\"sameAs\":[\"http:\\\/\\\/www.isletasnoticias.com.ar\"],\"url\":\"https:\\\/\\\/informelitoral.com.ar\\\/author\\\/gonzalo\\\/\"}]}<\/script>","yoast_head_json":{"title":"Preocupa que no arriben buques de ultramar al Puerto de Diamante - Informe Litoral","robots":{"index":"index","follow":"follow","max-snippet":"max-snippet:-1","max-image-preview":"max-image-preview:large","max-video-preview":"max-video-preview:-1"},"canonical":"https:\/\/informelitoral.com.ar\/preocupa-que-no-arriben-buques-de-ultramar-al-puerto-de-diamante\/","og_locale":"es_ES","og_type":"article","og_title":"Preocupa que no arriben buques de ultramar al Puerto de Diamante - Informe Litoral","og_description":"Los directores de la Bolsa de Cereales de Entre R&iacute;os, Oscar Montero y Eduardo Gherardi se reunieron con la intendente de Diamante, Claudia Gieco, con el prop&oacute;sito de expresar la &ldquo;preocupaci&oacute;n&rdquo; de la instituci&oacute;n sobre la realidad del Puerto de Diamante. &ldquo;La campa&ntilde;a agr&iacute;cola 2013\/14 entra en su etapa final en nuestra provincia, aunque algo [&hellip;]","og_url":"https:\/\/informelitoral.com.ar\/preocupa-que-no-arriben-buques-de-ultramar-al-puerto-de-diamante\/","og_site_name":"Informe Litoral","article_publisher":"https:\/\/www.facebook.com\/informelitoral\/","article_published_time":"2014-06-25T12:38:23+00:00","article_modified_time":"2014-06-25T12:38:32+00:00","og_image":[{"width":544,"height":293,"url":"https:\/\/informelitoral.com.ar\/%77%70%2d%63%6f%6e%74%65%6e%74\/uploads\/2014\/06\/5054_politica.jpg","type":"image\/jpeg"}],"author":"Gonzalo Schmidt","twitter_card":"summary_large_image","twitter_creator":"@InformeLitoral","twitter_site":"@InformeLitoral","twitter_misc":{"Escrito por":"Gonzalo Schmidt","Tiempo de lectura":"2 minutos"},"schema":{"@context":"https:\/\/schema.org","@graph":[{"@type":"Article","@id":"https:\/\/informelitoral.com.ar\/preocupa-que-no-arriben-buques-de-ultramar-al-puerto-de-diamante\/#article","isPartOf":{"@id":"https:\/\/informelitoral.com.ar\/preocupa-que-no-arriben-buques-de-ultramar-al-puerto-de-diamante\/"},"author":{"name":"Gonzalo Schmidt","@id":"https:\/\/informelitoral.com.ar\/#\/schema\/person\/b9d00407c836482871ef1d57bf8e3180"},"headline":"Preocupa que no arriben buques de ultramar al Puerto de Diamante","datePublished":"2014-06-25T12:38:23+00:00","dateModified":"2014-06-25T12:38:32+00:00","mainEntityOfPage":{"@id":"https:\/\/informelitoral.com.ar\/preocupa-que-no-arriben-buques-de-ultramar-al-puerto-de-diamante\/"},"wordCount":360,"commentCount":0,"publisher":{"@id":"https:\/\/informelitoral.com.ar\/#organization"},"image":{"@id":"https:\/\/informelitoral.com.ar\/preocupa-que-no-arriben-buques-de-ultramar-al-puerto-de-diamante\/#primaryimage"},"thumbnailUrl":"http:\/\/www.isletasnoticias.com.ar\/%77%70%2d%63%6f%6e%74%65%6e%74\/uploads\/2014\/06\/5054_politica-300x161.jpg","articleSection":["Campo","Departamento Diamante"],"inLanguage":"es","potentialAction":[{"@type":"CommentAction","name":"Comment","target":["https:\/\/informelitoral.com.ar\/preocupa-que-no-arriben-buques-de-ultramar-al-puerto-de-diamante\/#respond"]}]},{"@type":"WebPage","@id":"https:\/\/informelitoral.com.ar\/preocupa-que-no-arriben-buques-de-ultramar-al-puerto-de-diamante\/","url":"https:\/\/informelitoral.com.ar\/preocupa-que-no-arriben-buques-de-ultramar-al-puerto-de-diamante\/","name":"Preocupa que no arriben buques de ultramar al Puerto de Diamante - Informe Litoral","isPartOf":{"@id":"https:\/\/informelitoral.com.ar\/#website"},"primaryImageOfPage":{"@id":"https:\/\/informelitoral.com.ar\/preocupa-que-no-arriben-buques-de-ultramar-al-puerto-de-diamante\/#primaryimage"},"image":{"@id":"https:\/\/informelitoral.com.ar\/preocupa-que-no-arriben-buques-de-ultramar-al-puerto-de-diamante\/#primaryimage"},"thumbnailUrl":"http:\/\/www.isletasnoticias.com.ar\/%77%70%2d%63%6f%6e%74%65%6e%74\/uploads\/2014\/06\/5054_politica-300x161.jpg","datePublished":"2014-06-25T12:38:23+00:00","dateModified":"2014-06-25T12:38:32+00:00","breadcrumb":{"@id":"https:\/\/informelitoral.com.ar\/preocupa-que-no-arriben-buques-de-ultramar-al-puerto-de-diamante\/#breadcrumb"},"inLanguage":"es","potentialAction":[{"@type":"ReadAction","target":["https:\/\/informelitoral.com.ar\/preocupa-que-no-arriben-buques-de-ultramar-al-puerto-de-diamante\/"]}]},{"@type":"ImageObject","inLanguage":"es","@id":"https:\/\/informelitoral.com.ar\/preocupa-que-no-arriben-buques-de-ultramar-al-puerto-de-diamante\/#primaryimage","url":"http:\/\/www.isletasnoticias.com.ar\/%77%70%2d%63%6f%6e%74%65%6e%74\/uploads\/2014\/06\/5054_politica-300x161.jpg","contentUrl":"http:\/\/www.isletasnoticias.com.ar\/%77%70%2d%63%6f%6e%74%65%6e%74\/uploads\/2014\/06\/5054_politica-300x161.jpg"},{"@type":"BreadcrumbList","@id":"https:\/\/informelitoral.com.ar\/preocupa-que-no-arriben-buques-de-ultramar-al-puerto-de-diamante\/#breadcrumb","itemListElement":[{"@type":"ListItem","position":1,"name":"Portada","item":"https:\/\/informelitoral.com.ar\/"},{"@type":"ListItem","position":2,"name":"Preocupa que no arriben buques de ultramar al Puerto de Diamante"}]},{"@type":"WebSite","@id":"https:\/\/informelitoral.com.ar\/#website","url":"https:\/\/informelitoral.com.ar\/","name":"Informe Litoral","description":"&quot;Nos informamos&quot; ","publisher":{"@id":"https:\/\/informelitoral.com.ar\/#organization"},"potentialAction":[{"@type":"SearchAction","target":{"@type":"EntryPoint","urlTemplate":"https:\/\/informelitoral.com.ar\/?s={search_term_string}"},"query-input":{"@type":"PropertyValueSpecification","valueRequired":true,"valueName":"search_term_string"}}],"inLanguage":"es"},{"@type":"Organization","@id":"https:\/\/informelitoral.com.ar\/#organization","name":"Informe Litoral","url":"https:\/\/informelitoral.com.ar\/","logo":{"@type":"ImageObject","inLanguage":"es","@id":"https:\/\/informelitoral.com.ar\/#\/schema\/logo\/image\/","url":"https:\/\/informelitoral.com.ar\/%77%70%2d%63%6f%6e%74%65%6e%74\/uploads\/2021\/01\/circulo.png","contentUrl":"https:\/\/informelitoral.com.ar\/%77%70%2d%63%6f%6e%74%65%6e%74\/uploads\/2021\/01\/circulo.png","width":723,"height":731,"caption":"Informe Litoral"},"image":{"@id":"https:\/\/informelitoral.com.ar\/#\/schema\/logo\/image\/"},"sameAs":["https:\/\/www.facebook.com\/informelitoral\/","https:\/\/x.com\/InformeLitoral","https:\/\/www.instagram.com\/informelitoral\/","https:\/\/www.youtube.com\/channel\/UCua4Qvz8Icb6MYqhoq9xLXw"]},{"@type":"Person","@id":"https:\/\/informelitoral.com.ar\/#\/schema\/person\/b9d00407c836482871ef1d57bf8e3180","name":"Gonzalo Schmidt","image":{"@type":"ImageObject","inLanguage":"es","@id":"https:\/\/secure.gravatar.com\/avatar\/31a1a7b66ff2de83bd0e9fd79d026630d2d99e55e8bfe501287647b4fd9743de?s=96&d=mm&r=g","url":"https:\/\/secure.gravatar.com\/avatar\/31a1a7b66ff2de83bd0e9fd79d026630d2d99e55e8bfe501287647b4fd9743de?s=96&d=mm&r=g","contentUrl":"https:\/\/secure.gravatar.com\/avatar\/31a1a7b66ff2de83bd0e9fd79d026630d2d99e55e8bfe501287647b4fd9743de?s=96&d=mm&r=g","caption":"Gonzalo Schmidt"},"description":"Sitio web de noticias de la provincia de Entre R\u00edos, Argentina. Informaci\u00f3n y entretenimiento. Informe Litoral, nos informamos.","sameAs":["http:\/\/www.isletasnoticias.com.ar"],"url":"https:\/\/informelitoral.com.ar\/author\/gonzalo\/"}]}},"_links":{"self":[{"href":"https:\/\/informelitoral.com.ar\/%77%70%2d%6a%73%6f%6e\/wp\/v2\/posts\/7244","targetHints":{"allow":["GET"]}}],"collection":[{"href":"https:\/\/informelitoral.com.ar\/%77%70%2d%6a%73%6f%6e\/wp\/v2\/posts"}],"about":[{"href":"https:\/\/informelitoral.com.ar\/%77%70%2d%6a%73%6f%6e\/wp\/v2\/types\/post"}],"author":[{"embeddable":true,"href":"https:\/\/informelitoral.com.ar\/%77%70%2d%6a%73%6f%6e\/wp\/v2\/users\/2"}],"replies":[{"embeddable":true,"href":"https:\/\/informelitoral.com.ar\/%77%70%2d%6a%73%6f%6e\/wp\/v2\/comments?post=7244"}],"version-history":[{"count":0,"href":"https:\/\/informelitoral.com.ar\/%77%70%2d%6a%73%6f%6e\/wp\/v2\/posts\/7244\/revisions"}],"wp:attachment":[{"href":"https:\/\/informelitoral.com.ar\/%77%70%2d%6a%73%6f%6e\/wp\/v2\/media?parent=7244"}],"wp:term":[{"taxonomy":"category","embeddable":true,"href":"https:\/\/informelitoral.com.ar\/%77%70%2d%6a%73%6f%6e\/wp\/v2\/categories?post=7244"},{"taxonomy":"post_tag","embeddable":true,"href":"https:\/\/informelitoral.com.ar\/%77%70%2d%6a%73%6f%6e\/wp\/v2\/tags?post=7244"}],"curies":[{"name":"wp","href":"https:\/\/api.w.org\/{rel}","templated":true}]}}