{"id":72437,"date":"2022-02-25T08:44:45","date_gmt":"2022-02-25T11:44:45","guid":{"rendered":"https:\/\/www.informelitoral.com.ar\/?p=72437"},"modified":"2022-02-25T08:44:45","modified_gmt":"2022-02-25T11:44:45","slug":"con-incertidumbre-sobre-su-impacto-economico-alberto-fernandez-y-santiago-cafiero-monitorean-la-evolucion-de-la-invasion-de-rusia-a-ucrania","status":"publish","type":"post","link":"https:\/\/informelitoral.com.ar\/con-incertidumbre-sobre-su-impacto-economico-alberto-fernandez-y-santiago-cafiero-monitorean-la-evolucion-de-la-invasion-de-rusia-a-ucrania\/","title":{"rendered":"Con incertidumbre sobre su impacto econ\u00f3mico, Alberto Fern\u00e1ndez y Santiago Cafiero monitorean la evoluci\u00f3n de la invasi\u00f3n de Rusia a Ucrania"},"content":{"rendered":"<p class=\"paragraph\">Aunque decidi\u00f3 no suspender el viaje que ten\u00eda previsto ayer a\u00a0<b>Catamarca<\/b>, y preservar en la agenda la visita de hoy a Corrientes por los incendios, el presidente Alberto Fern\u00e1ndez monitorea la escalada b\u00e9lica desatada en Ucrania tras el avance de las tropas de\u00a0<b>Vladimir Putin,<\/b>\u00a0que mantiene en vilo al mundo. Mientras las principales potencias intentan disuadir al Kremlin de que contin\u00fae con la ofensiva,\u00a0<b>en el Gobierno siguen de cerca la evoluci\u00f3n de la invasi\u00f3n<\/b>\u00a0a trav\u00e9s de la Canciller\u00eda y de la secretar\u00eda de Asuntos Estrat\u00e9gicos que conducen, respectivamente,\u00a0<b>Santiago Cafiero y Gustavo B\u00e9liz.<\/b>\u00a0Les preocupan las consecuencias econ\u00f3micas, tanto por el impacto en los mercados, como en el acuerdo con el FMI, que se encuentra empantanado. Por ahora, reina la \u201cincertidumbre\u201d, aseguran en la Casa Rosada.<\/p>\n<p class=\"paragraph\">Ayer, desde temprano Cafiero estuvo en\u00a0<b>\u201cpermanente comunicaci\u00f3n\u201d<\/b>\u00a0con el primer mandatario para mantenerlo informado sobre el desenvolvimiento de los hechos. Fue el canciller quien le avis\u00f3 a Alberto Fern\u00e1ndez, ayer a la medianoche, que finalmente se hab\u00eda hecho efectivo el ataque ruso. Entonces emitieron un comunicado oficial, que public\u00f3 la Canciller\u00eda en su p\u00e1gina oficial, donde\u00a0<b>condenaron las hostilidades de Mosc\u00fa e hicieron un llamado a la paz.<\/b>\u00a0Luego, la portavoz\u00a0<b>Gabriela Cerruti<\/b>\u00a0ley\u00f3 el texto a los medios en su habitual conferencia de los jueves.<\/p>\n<div class=\"inline ad-wrapper\">\n<div class=\"dfpAd display_inline_block ad_margin_wrapper\">\n<div id=\"infobae\/politica\/nota\/inline\" class=\"infobae\/politica\/nota\/inline arcad\" data-google-query-id=\"CNWm8efhmvYCFWkmuQYdIYEP2A\">\n<div id=\"google_ads_iframe_\/1058609\/infobae\/politica\/nota\/inline_0__container__\"><iframe id=\"google_ads_iframe_\/1058609\/infobae\/politica\/nota\/inline_0\" tabindex=\"0\" title=\"3rd party ad content\" role=\"region\" name=\"google_ads_iframe_\/1058609\/infobae\/politica\/nota\/inline_0\" width=\"1\" height=\"1\" frameborder=\"0\" marginwidth=\"0\" marginheight=\"0\" scrolling=\"no\" aria-label=\"Advertisement\" data-google-container-id=\"7\" data-load-complete=\"true\" data-mce-fragment=\"1\"><\/iframe><\/div>\n<\/div>\n<\/div>\n<\/div>\n<p class=\"paragraph\">Despu\u00e9s, en el Gobierno dejaron trascender que exist\u00eda la posibilidad de que el jefe de Estado o bien el ministro de Relaciones Exteriores realizaran una rueda de prensa para responder preguntas acerca de la postura argentina y sobre las consecuencias que, estiman, provocar\u00eda el conflicto en la Argentina. Sin embargo, al finalizar la jornada esta posibilidad empez\u00f3 a parecer remota, y finalmente no se concret\u00f3. El Gobierno no realiz\u00f3 nuevas comunicaciones.<\/p>\n<p class=\"paragraph\">En pleno inicio de la invasi\u00f3n, tanto el Presidente como Cafiero viajaron ayer juntos a Catamarca para encontrarse con el gobernador justicialista\u00a0<b>Ra\u00fal Jalil, recorrer una planta, firmar convenios y entregar certificados.\u00a0<\/b>La Casa Rosada considera que la postura oficial sobre la agresi\u00f3n rusa ya fue asentada y espera que haya m\u00e1s informaci\u00f3n con el pasar de las horas.<\/p>\n<p class=\"paragraph\">Mientras tanto, el kirchnerismo se mantuvo en silencio. La C\u00e1mpora no emiti\u00f3 ning\u00fan comunicado, y sus integrantes de mayor relevancia, incluidos Cristina y M\u00e1ximo Kirchner, se mantuvieron alejados de los medios y las redes sociales. En sus filalberto\u00a0trascendi\u00f3 que decidieron, al menos por el momento,\u00a0<b>plegarse al posicionamiento de la Casa Rosada,\u00a0<\/b>y calificaron el comunicado oficial del Ministerio de Relaciones Exteriores como\u00a0<b>\u201cneutral\u201d.<\/b>\u00a0El ataque incomoda al ala dura del Gobierno, que tuvo una postura hist\u00f3rica cr\u00edtica de Estados Unidos y cercana a Rusia.\u00a0<mark class=\"hl_yellow\"><b>Hasta el cierre de esta edici\u00f3n, ante las insistentes consultas de este medio, en Balcarce 50 y en el Senado no dieron precisiones sobre si Alberto Fern\u00e1ndez discuti\u00f3 con Cristina Kirchner la postura argentina frente al panorama internacional.<\/b><\/mark><\/p>\n<p class=\"paragraph\">Por su parte, el presidente de la C\u00e1mara de Diputados y titular del Frente Renovador,\u00a0<b>Sergio Massa,<\/b>\u00a0una de las tres patas m\u00e1s importantes del Frente de Todos, con relaciones muy cercanas con Estados Unidos, fue inclusive m\u00e1s vehemente que el Palacio San Mart\u00edn, al expresar una \u201ccondena en\u00e9rgica contra la agresi\u00f3n unilateral ordenada por el presidente ruso Vladimir Putin\u201d y solicitar a Mosc\u00fa \u201ccesar las hostilidades que desequilibran el fr\u00e1gil escenario internacional, librando un conflicto cuyo costo en vidas ser\u00eda incalculable\u201d, seg\u00fan expres\u00f3 en sus propias redes sociales.<\/p>\n<p class=\"paragraph\">Por ahora, la gran pregunta, en la Casa Rosada como a nivel mundial, es por qu\u00e9 otras respuestas dar\u00e1n Estados Unidos y las potencias de la Uni\u00f3n Europea aliadas a Ucrania, que vienen advirtiendo a Rusia en distintas instancias nacionales como supranacionales que habr\u00e1 mayores represalias en caso de que no desista de las hostilidades contra Ucrania. Tambi\u00e9n hay gran expectativa por las acciones de China, aliada de Rusia. En caso de que\u00a0<b>Ji Xinping<\/b>\u00a0interviniera, el conflicto, hasta ahora restringido a Europa, se transformar\u00eda en una guerra mundial.<\/p>\n<p class=\"paragraph\">El canciller mantuvo ayer di\u00e1logos con los diplom\u00e1ticos m\u00e1s relevantes en el conflicto: Eduardo Zuain, Jorge Arguello y Elena Mikusinski, respectivamente embajadores en Rusia, Estados Unidos y Ucrania. Tambi\u00e9n se manten\u00eda en contacto con el secretario de Asuntos Estrat\u00e9gicos, B\u00e9liz, hombre muy cercano al Presidente con despacho en la Casa Rosada que tiene un v\u00ednculo aceitado con Washington. El comunicado del Gobierno, pudo saber Infobae, no cay\u00f3 bien en Mosc\u00fa, sobre todo despu\u00e9s del reciente acercamiento de Alberto Fern\u00e1ndez a Putin con el viaje que hizo hace un mes para celebrar una reuni\u00f3n bilateral en el Kremlin, donde le dijo que quer\u00eda que la Argentina fuera la puerta de ingreso de Rusia en Am\u00e9rica Latina y cuestion\u00f3 la dependencia del pa\u00eds de Estados Unidos. Mientras tanto, por el contrario, el contenido del documento fue bien recibido en la capital norteamericano.<\/p>\n<p class=\"paragraph\">El Gobierno presta especial atenci\u00f3n al conflicto por las consecuencias que puede llegar a tener en la Argentina desde el punto de vista econ\u00f3mico. Principalmente, por el posible atraso de las negociaciones que se realizan sobre el filo del vencimiento del pago que el Banco Central est\u00e1 imposibilitado de afrontar, el 22 de marzo, y que si no lograra afrontar podr\u00eda obligar al pa\u00eds a caer en default. El alineamiento con Estados Unidos de los \u00faltimos d\u00edas, coronado con el comunicado contra Rusia hoy, se produjo en cierta medida por este motivo. Alberto Fern\u00e1ndez sabe que Washington tiene un peso decisivo en el board del Fondo y su poder de decisi\u00f3n tiene impacto directo sobre el avance de las conversaciones, que hoy est\u00e1n trabadas por diferencias en el sendero para reducir el d\u00e9ficit fiscal. De hecho, ayer el Gobierno dej\u00f3 trascender que no cumplir\u00eda con la meta que se hab\u00eda impuesto a s\u00ed mismo, orientada a elevar el proyecto de endeudamiento en el Congreso el viernes. En cambio, ahora apuntan a la semana que viene.<\/p>\n<p class=\"paragraph\">Al mismo tiempo, en el equipo econ\u00f3mico y diplom\u00e1tico argentino analizaban las derivaciones que podr\u00eda provocar la disputa en los mercados internacionales y, como consecuencia directa, en la Argentina. El primer y m\u00e1s grande impacto que suelen tener los conflictos armados en t\u00e9rminos econ\u00f3micos se concentra en las materias primas. Los dos pa\u00edses enfrentados en esta ocasi\u00f3n, Rusia y Ucrania, tienen un peso enorme en este \u00e1mbito. Ya sea por su rol en materia de hidrocarburos como por su enorme producci\u00f3n de materias primas agropecuarias.<\/p>\n<p class=\"paragraph\">Por otro lado, ayer, el petrolero fue uno de los mercados donde m\u00e1s se sinti\u00f3 el impacto. El precio del\u00a0<b>petr\u00f3leo se dispar\u00f3 hasta los USD 105<\/b>\u00a0d\u00f3lares el barril y los futuros del\u00a0<b>gas natural en Europa se dispararon un 50%\u00a0<\/b>y los \u00edndices burs\u00e1tiles mundiales cayeron el jueves, extendiendo la agitaci\u00f3n del mercado que hab\u00eda sido impulsada por los temores de un ataque a gran escala que finalmente se concret\u00f3.<\/p>\n<p class=\"paragraph\">Este es uno de los puntos que m\u00e1s inquietan a la Casa Rosada y que impactar\u00eda con mayor fuerza sobre una econom\u00eda dependiente de la importaci\u00f3n de crudo. Por el contrario, un aumento en los precios internacionales de las materias primas podr\u00eda beneficiar al pa\u00eds.<\/p>\n<p class=\"paragraph\">Mientras tanto, por ahora Alberto Fern\u00e1ndez, en calidad de presidente de la CELAC, no tiene planeado convocar a una reuni\u00f3n del organismo internacional que re\u00fane a potencias aliadas a Estados Unidos y a pa\u00edses que se alinean con Rusia, entre ellas Cuba y Venezuela, donde lograr una postura com\u00fan ser\u00eda pr\u00e1cticamente imposible.<\/p>\n","protected":false},"excerpt":{"rendered":"<p>La posici\u00f3n de Alberto Fern\u00e1ndez irrit\u00f3 al Kremlin y fue bien recibida en la Casa Blanca. El Gobierno mantiene vigente su agenda de viajes por el interior, pero sigue de cerca la evoluci\u00f3n del conflicto incitado por Rusia y hay dudas sobre las consecuencias que podr\u00eda tener en el plano de las negociaciones con el FMI y en la econom\u00eda<\/p>\n","protected":false},"author":8,"featured_media":72438,"comment_status":"open","ping_status":"open","sticky":false,"template":"","format":"standard","meta":{"fifu_image_url":"","fifu_image_alt":"","footnotes":""},"categories":[16],"tags":[1311,3233,1587],"class_list":{"0":"post-72437","1":"post","2":"type-post","3":"status-publish","4":"format-standard","5":"has-post-thumbnail","7":"category-politi","8":"tag-alberto-fernandez","9":"tag-impacto-economico","10":"tag-santiago-cafiero"},"yoast_head":"<title>Con incertidumbre sobre su impacto econ\u00f3mico, Alberto Fern\u00e1ndez y Santiago Cafiero monitorean la evoluci\u00f3n de la invasi\u00f3n de Rusia a Ucrania - Informe Litoral<\/title>\n<meta name=\"robots\" content=\"index, follow, max-snippet:-1, max-image-preview:large, max-video-preview:-1\" \/>\n<link rel=\"canonical\" href=\"https:\/\/informelitoral.com.ar\/con-incertidumbre-sobre-su-impacto-economico-alberto-fernandez-y-santiago-cafiero-monitorean-la-evolucion-de-la-invasion-de-rusia-a-ucrania\/\" \/>\n<meta property=\"og:locale\" content=\"es_ES\" \/>\n<meta property=\"og:type\" content=\"article\" \/>\n<meta property=\"og:title\" content=\"Con incertidumbre sobre su impacto econ\u00f3mico, Alberto Fern\u00e1ndez y Santiago Cafiero monitorean la evoluci\u00f3n de la invasi\u00f3n de Rusia a Ucrania - Informe Litoral\" \/>\n<meta property=\"og:description\" content=\"La posici\u00f3n de Alberto Fern\u00e1ndez irrit\u00f3 al Kremlin y fue bien recibida en la Casa Blanca. El Gobierno mantiene vigente su agenda de viajes por el interior, pero sigue de cerca la evoluci\u00f3n del conflicto incitado por Rusia y hay dudas sobre las consecuencias que podr\u00eda tener en el plano de las negociaciones con el FMI y en la econom\u00eda\" \/>\n<meta property=\"og:url\" content=\"https:\/\/informelitoral.com.ar\/con-incertidumbre-sobre-su-impacto-economico-alberto-fernandez-y-santiago-cafiero-monitorean-la-evolucion-de-la-invasion-de-rusia-a-ucrania\/\" \/>\n<meta property=\"og:site_name\" content=\"Informe Litoral\" \/>\n<meta property=\"article:publisher\" content=\"https:\/\/www.facebook.com\/informelitoral\/\" \/>\n<meta property=\"article:published_time\" content=\"2022-02-25T11:44:45+00:00\" \/>\n<meta property=\"og:image\" content=\"https:\/\/informelitoral.com.ar\/%77%70%2d%63%6f%6e%74%65%6e%74\/uploads\/2022\/02\/santiago-cafiero-alberto-fernandez.jpg\" \/>\n\t<meta property=\"og:image:width\" content=\"990\" \/>\n\t<meta property=\"og:image:height\" content=\"610\" \/>\n\t<meta property=\"og:image:type\" content=\"image\/jpeg\" \/>\n<meta name=\"author\" content=\"Sebastian\" \/>\n<meta name=\"twitter:card\" content=\"summary_large_image\" \/>\n<meta name=\"twitter:creator\" content=\"@InformeLitoral\" \/>\n<meta name=\"twitter:site\" content=\"@InformeLitoral\" \/>\n<meta name=\"twitter:label1\" content=\"Escrito por\" \/>\n\t<meta name=\"twitter:data1\" content=\"Sebastian\" \/>\n\t<meta name=\"twitter:label2\" content=\"Tiempo de lectura\" \/>\n\t<meta name=\"twitter:data2\" content=\"7 minutos\" \/>\n<script type=\"application\/ld+json\" class=\"yoast-schema-graph\">{\"@context\":\"https:\\\/\\\/schema.org\",\"@graph\":[{\"@type\":\"Article\",\"@id\":\"https:\\\/\\\/informelitoral.com.ar\\\/con-incertidumbre-sobre-su-impacto-economico-alberto-fernandez-y-santiago-cafiero-monitorean-la-evolucion-de-la-invasion-de-rusia-a-ucrania\\\/#article\",\"isPartOf\":{\"@id\":\"https:\\\/\\\/informelitoral.com.ar\\\/con-incertidumbre-sobre-su-impacto-economico-alberto-fernandez-y-santiago-cafiero-monitorean-la-evolucion-de-la-invasion-de-rusia-a-ucrania\\\/\"},\"author\":{\"name\":\"Sebastian\",\"@id\":\"https:\\\/\\\/informelitoral.com.ar\\\/#\\\/schema\\\/person\\\/f05f9f461677119578717524b127d6d5\"},\"headline\":\"Con incertidumbre sobre su impacto econ\u00f3mico, Alberto Fern\u00e1ndez y Santiago Cafiero monitorean la evoluci\u00f3n de la invasi\u00f3n de Rusia a Ucrania\",\"datePublished\":\"2022-02-25T11:44:45+00:00\",\"mainEntityOfPage\":{\"@id\":\"https:\\\/\\\/informelitoral.com.ar\\\/con-incertidumbre-sobre-su-impacto-economico-alberto-fernandez-y-santiago-cafiero-monitorean-la-evolucion-de-la-invasion-de-rusia-a-ucrania\\\/\"},\"wordCount\":1337,\"commentCount\":0,\"publisher\":{\"@id\":\"https:\\\/\\\/informelitoral.com.ar\\\/#organization\"},\"image\":{\"@id\":\"https:\\\/\\\/informelitoral.com.ar\\\/con-incertidumbre-sobre-su-impacto-economico-alberto-fernandez-y-santiago-cafiero-monitorean-la-evolucion-de-la-invasion-de-rusia-a-ucrania\\\/#primaryimage\"},\"thumbnailUrl\":\"https:\\\/\\\/informelitoral.com.ar\\\/%77%70%2d%63%6f%6e%74%65%6e%74\\\/uploads\\\/2022\\\/02\\\/santiago-cafiero-alberto-fernandez.jpg\",\"keywords\":[\"Alberto Fern\u00e1ndez\",\"Impacto econ\u00f3mico\",\"Santiago Cafiero\"],\"articleSection\":[\"Politica\"],\"inLanguage\":\"es\",\"potentialAction\":[{\"@type\":\"CommentAction\",\"name\":\"Comment\",\"target\":[\"https:\\\/\\\/informelitoral.com.ar\\\/con-incertidumbre-sobre-su-impacto-economico-alberto-fernandez-y-santiago-cafiero-monitorean-la-evolucion-de-la-invasion-de-rusia-a-ucrania\\\/#respond\"]}]},{\"@type\":\"WebPage\",\"@id\":\"https:\\\/\\\/informelitoral.com.ar\\\/con-incertidumbre-sobre-su-impacto-economico-alberto-fernandez-y-santiago-cafiero-monitorean-la-evolucion-de-la-invasion-de-rusia-a-ucrania\\\/\",\"url\":\"https:\\\/\\\/informelitoral.com.ar\\\/con-incertidumbre-sobre-su-impacto-economico-alberto-fernandez-y-santiago-cafiero-monitorean-la-evolucion-de-la-invasion-de-rusia-a-ucrania\\\/\",\"name\":\"Con incertidumbre sobre su impacto econ\u00f3mico, Alberto Fern\u00e1ndez y Santiago Cafiero monitorean la evoluci\u00f3n de la invasi\u00f3n de Rusia a Ucrania - Informe Litoral\",\"isPartOf\":{\"@id\":\"https:\\\/\\\/informelitoral.com.ar\\\/#website\"},\"primaryImageOfPage\":{\"@id\":\"https:\\\/\\\/informelitoral.com.ar\\\/con-incertidumbre-sobre-su-impacto-economico-alberto-fernandez-y-santiago-cafiero-monitorean-la-evolucion-de-la-invasion-de-rusia-a-ucrania\\\/#primaryimage\"},\"image\":{\"@id\":\"https:\\\/\\\/informelitoral.com.ar\\\/con-incertidumbre-sobre-su-impacto-economico-alberto-fernandez-y-santiago-cafiero-monitorean-la-evolucion-de-la-invasion-de-rusia-a-ucrania\\\/#primaryimage\"},\"thumbnailUrl\":\"https:\\\/\\\/informelitoral.com.ar\\\/%77%70%2d%63%6f%6e%74%65%6e%74\\\/uploads\\\/2022\\\/02\\\/santiago-cafiero-alberto-fernandez.jpg\",\"datePublished\":\"2022-02-25T11:44:45+00:00\",\"breadcrumb\":{\"@id\":\"https:\\\/\\\/informelitoral.com.ar\\\/con-incertidumbre-sobre-su-impacto-economico-alberto-fernandez-y-santiago-cafiero-monitorean-la-evolucion-de-la-invasion-de-rusia-a-ucrania\\\/#breadcrumb\"},\"inLanguage\":\"es\",\"potentialAction\":[{\"@type\":\"ReadAction\",\"target\":[\"https:\\\/\\\/informelitoral.com.ar\\\/con-incertidumbre-sobre-su-impacto-economico-alberto-fernandez-y-santiago-cafiero-monitorean-la-evolucion-de-la-invasion-de-rusia-a-ucrania\\\/\"]}]},{\"@type\":\"ImageObject\",\"inLanguage\":\"es\",\"@id\":\"https:\\\/\\\/informelitoral.com.ar\\\/con-incertidumbre-sobre-su-impacto-economico-alberto-fernandez-y-santiago-cafiero-monitorean-la-evolucion-de-la-invasion-de-rusia-a-ucrania\\\/#primaryimage\",\"url\":\"https:\\\/\\\/informelitoral.com.ar\\\/%77%70%2d%63%6f%6e%74%65%6e%74\\\/uploads\\\/2022\\\/02\\\/santiago-cafiero-alberto-fernandez.jpg\",\"contentUrl\":\"https:\\\/\\\/informelitoral.com.ar\\\/%77%70%2d%63%6f%6e%74%65%6e%74\\\/uploads\\\/2022\\\/02\\\/santiago-cafiero-alberto-fernandez.jpg\",\"width\":990,\"height\":610},{\"@type\":\"BreadcrumbList\",\"@id\":\"https:\\\/\\\/informelitoral.com.ar\\\/con-incertidumbre-sobre-su-impacto-economico-alberto-fernandez-y-santiago-cafiero-monitorean-la-evolucion-de-la-invasion-de-rusia-a-ucrania\\\/#breadcrumb\",\"itemListElement\":[{\"@type\":\"ListItem\",\"position\":1,\"name\":\"Portada\",\"item\":\"https:\\\/\\\/informelitoral.com.ar\\\/\"},{\"@type\":\"ListItem\",\"position\":2,\"name\":\"Con incertidumbre sobre su impacto econ\u00f3mico, Alberto Fern\u00e1ndez y Santiago Cafiero monitorean la evoluci\u00f3n de la invasi\u00f3n de Rusia a Ucrania\"}]},{\"@type\":\"WebSite\",\"@id\":\"https:\\\/\\\/informelitoral.com.ar\\\/#website\",\"url\":\"https:\\\/\\\/informelitoral.com.ar\\\/\",\"name\":\"Informe Litoral\",\"description\":\"&quot;Nos informamos&quot; \",\"publisher\":{\"@id\":\"https:\\\/\\\/informelitoral.com.ar\\\/#organization\"},\"potentialAction\":[{\"@type\":\"SearchAction\",\"target\":{\"@type\":\"EntryPoint\",\"urlTemplate\":\"https:\\\/\\\/informelitoral.com.ar\\\/?s={search_term_string}\"},\"query-input\":{\"@type\":\"PropertyValueSpecification\",\"valueRequired\":true,\"valueName\":\"search_term_string\"}}],\"inLanguage\":\"es\"},{\"@type\":\"Organization\",\"@id\":\"https:\\\/\\\/informelitoral.com.ar\\\/#organization\",\"name\":\"Informe Litoral\",\"url\":\"https:\\\/\\\/informelitoral.com.ar\\\/\",\"logo\":{\"@type\":\"ImageObject\",\"inLanguage\":\"es\",\"@id\":\"https:\\\/\\\/informelitoral.com.ar\\\/#\\\/schema\\\/logo\\\/image\\\/\",\"url\":\"https:\\\/\\\/informelitoral.com.ar\\\/%77%70%2d%63%6f%6e%74%65%6e%74\\\/uploads\\\/2021\\\/01\\\/circulo.png\",\"contentUrl\":\"https:\\\/\\\/informelitoral.com.ar\\\/%77%70%2d%63%6f%6e%74%65%6e%74\\\/uploads\\\/2021\\\/01\\\/circulo.png\",\"width\":723,\"height\":731,\"caption\":\"Informe Litoral\"},\"image\":{\"@id\":\"https:\\\/\\\/informelitoral.com.ar\\\/#\\\/schema\\\/logo\\\/image\\\/\"},\"sameAs\":[\"https:\\\/\\\/www.facebook.com\\\/informelitoral\\\/\",\"https:\\\/\\\/x.com\\\/InformeLitoral\",\"https:\\\/\\\/www.instagram.com\\\/informelitoral\\\/\",\"https:\\\/\\\/www.youtube.com\\\/channel\\\/UCua4Qvz8Icb6MYqhoq9xLXw\"]},{\"@type\":\"Person\",\"@id\":\"https:\\\/\\\/informelitoral.com.ar\\\/#\\\/schema\\\/person\\\/f05f9f461677119578717524b127d6d5\",\"name\":\"Sebastian\",\"image\":{\"@type\":\"ImageObject\",\"inLanguage\":\"es\",\"@id\":\"https:\\\/\\\/secure.gravatar.com\\\/avatar\\\/b71bf7481d447dfb9583c7f2798e7cc64de6efb9067b74633ed8c31059a3bd82?s=96&d=mm&r=g\",\"url\":\"https:\\\/\\\/secure.gravatar.com\\\/avatar\\\/b71bf7481d447dfb9583c7f2798e7cc64de6efb9067b74633ed8c31059a3bd82?s=96&d=mm&r=g\",\"contentUrl\":\"https:\\\/\\\/secure.gravatar.com\\\/avatar\\\/b71bf7481d447dfb9583c7f2798e7cc64de6efb9067b74633ed8c31059a3bd82?s=96&d=mm&r=g\",\"caption\":\"Sebastian\"},\"url\":\"https:\\\/\\\/informelitoral.com.ar\\\/author\\\/sebastian\\\/\"}]}<\/script>","yoast_head_json":{"title":"Con incertidumbre sobre su impacto econ\u00f3mico, Alberto Fern\u00e1ndez y Santiago Cafiero monitorean la evoluci\u00f3n de la invasi\u00f3n de Rusia a Ucrania - Informe Litoral","robots":{"index":"index","follow":"follow","max-snippet":"max-snippet:-1","max-image-preview":"max-image-preview:large","max-video-preview":"max-video-preview:-1"},"canonical":"https:\/\/informelitoral.com.ar\/con-incertidumbre-sobre-su-impacto-economico-alberto-fernandez-y-santiago-cafiero-monitorean-la-evolucion-de-la-invasion-de-rusia-a-ucrania\/","og_locale":"es_ES","og_type":"article","og_title":"Con incertidumbre sobre su impacto econ\u00f3mico, Alberto Fern\u00e1ndez y Santiago Cafiero monitorean la evoluci\u00f3n de la invasi\u00f3n de Rusia a Ucrania - Informe Litoral","og_description":"La posici\u00f3n de Alberto Fern\u00e1ndez irrit\u00f3 al Kremlin y fue bien recibida en la Casa Blanca. El Gobierno mantiene vigente su agenda de viajes por el interior, pero sigue de cerca la evoluci\u00f3n del conflicto incitado por Rusia y hay dudas sobre las consecuencias que podr\u00eda tener en el plano de las negociaciones con el FMI y en la econom\u00eda","og_url":"https:\/\/informelitoral.com.ar\/con-incertidumbre-sobre-su-impacto-economico-alberto-fernandez-y-santiago-cafiero-monitorean-la-evolucion-de-la-invasion-de-rusia-a-ucrania\/","og_site_name":"Informe Litoral","article_publisher":"https:\/\/www.facebook.com\/informelitoral\/","article_published_time":"2022-02-25T11:44:45+00:00","og_image":[{"width":990,"height":610,"url":"https:\/\/informelitoral.com.ar\/%77%70%2d%63%6f%6e%74%65%6e%74\/uploads\/2022\/02\/santiago-cafiero-alberto-fernandez.jpg","type":"image\/jpeg"}],"author":"Sebastian","twitter_card":"summary_large_image","twitter_creator":"@InformeLitoral","twitter_site":"@InformeLitoral","twitter_misc":{"Escrito por":"Sebastian","Tiempo de lectura":"7 minutos"},"schema":{"@context":"https:\/\/schema.org","@graph":[{"@type":"Article","@id":"https:\/\/informelitoral.com.ar\/con-incertidumbre-sobre-su-impacto-economico-alberto-fernandez-y-santiago-cafiero-monitorean-la-evolucion-de-la-invasion-de-rusia-a-ucrania\/#article","isPartOf":{"@id":"https:\/\/informelitoral.com.ar\/con-incertidumbre-sobre-su-impacto-economico-alberto-fernandez-y-santiago-cafiero-monitorean-la-evolucion-de-la-invasion-de-rusia-a-ucrania\/"},"author":{"name":"Sebastian","@id":"https:\/\/informelitoral.com.ar\/#\/schema\/person\/f05f9f461677119578717524b127d6d5"},"headline":"Con incertidumbre sobre su impacto econ\u00f3mico, Alberto Fern\u00e1ndez y Santiago Cafiero monitorean la evoluci\u00f3n de la invasi\u00f3n de Rusia a Ucrania","datePublished":"2022-02-25T11:44:45+00:00","mainEntityOfPage":{"@id":"https:\/\/informelitoral.com.ar\/con-incertidumbre-sobre-su-impacto-economico-alberto-fernandez-y-santiago-cafiero-monitorean-la-evolucion-de-la-invasion-de-rusia-a-ucrania\/"},"wordCount":1337,"commentCount":0,"publisher":{"@id":"https:\/\/informelitoral.com.ar\/#organization"},"image":{"@id":"https:\/\/informelitoral.com.ar\/con-incertidumbre-sobre-su-impacto-economico-alberto-fernandez-y-santiago-cafiero-monitorean-la-evolucion-de-la-invasion-de-rusia-a-ucrania\/#primaryimage"},"thumbnailUrl":"https:\/\/informelitoral.com.ar\/%77%70%2d%63%6f%6e%74%65%6e%74\/uploads\/2022\/02\/santiago-cafiero-alberto-fernandez.jpg","keywords":["Alberto Fern\u00e1ndez","Impacto econ\u00f3mico","Santiago Cafiero"],"articleSection":["Politica"],"inLanguage":"es","potentialAction":[{"@type":"CommentAction","name":"Comment","target":["https:\/\/informelitoral.com.ar\/con-incertidumbre-sobre-su-impacto-economico-alberto-fernandez-y-santiago-cafiero-monitorean-la-evolucion-de-la-invasion-de-rusia-a-ucrania\/#respond"]}]},{"@type":"WebPage","@id":"https:\/\/informelitoral.com.ar\/con-incertidumbre-sobre-su-impacto-economico-alberto-fernandez-y-santiago-cafiero-monitorean-la-evolucion-de-la-invasion-de-rusia-a-ucrania\/","url":"https:\/\/informelitoral.com.ar\/con-incertidumbre-sobre-su-impacto-economico-alberto-fernandez-y-santiago-cafiero-monitorean-la-evolucion-de-la-invasion-de-rusia-a-ucrania\/","name":"Con incertidumbre sobre su impacto econ\u00f3mico, Alberto Fern\u00e1ndez y Santiago Cafiero monitorean la evoluci\u00f3n de la invasi\u00f3n de Rusia a Ucrania - Informe Litoral","isPartOf":{"@id":"https:\/\/informelitoral.com.ar\/#website"},"primaryImageOfPage":{"@id":"https:\/\/informelitoral.com.ar\/con-incertidumbre-sobre-su-impacto-economico-alberto-fernandez-y-santiago-cafiero-monitorean-la-evolucion-de-la-invasion-de-rusia-a-ucrania\/#primaryimage"},"image":{"@id":"https:\/\/informelitoral.com.ar\/con-incertidumbre-sobre-su-impacto-economico-alberto-fernandez-y-santiago-cafiero-monitorean-la-evolucion-de-la-invasion-de-rusia-a-ucrania\/#primaryimage"},"thumbnailUrl":"https:\/\/informelitoral.com.ar\/%77%70%2d%63%6f%6e%74%65%6e%74\/uploads\/2022\/02\/santiago-cafiero-alberto-fernandez.jpg","datePublished":"2022-02-25T11:44:45+00:00","breadcrumb":{"@id":"https:\/\/informelitoral.com.ar\/con-incertidumbre-sobre-su-impacto-economico-alberto-fernandez-y-santiago-cafiero-monitorean-la-evolucion-de-la-invasion-de-rusia-a-ucrania\/#breadcrumb"},"inLanguage":"es","potentialAction":[{"@type":"ReadAction","target":["https:\/\/informelitoral.com.ar\/con-incertidumbre-sobre-su-impacto-economico-alberto-fernandez-y-santiago-cafiero-monitorean-la-evolucion-de-la-invasion-de-rusia-a-ucrania\/"]}]},{"@type":"ImageObject","inLanguage":"es","@id":"https:\/\/informelitoral.com.ar\/con-incertidumbre-sobre-su-impacto-economico-alberto-fernandez-y-santiago-cafiero-monitorean-la-evolucion-de-la-invasion-de-rusia-a-ucrania\/#primaryimage","url":"https:\/\/informelitoral.com.ar\/%77%70%2d%63%6f%6e%74%65%6e%74\/uploads\/2022\/02\/santiago-cafiero-alberto-fernandez.jpg","contentUrl":"https:\/\/informelitoral.com.ar\/%77%70%2d%63%6f%6e%74%65%6e%74\/uploads\/2022\/02\/santiago-cafiero-alberto-fernandez.jpg","width":990,"height":610},{"@type":"BreadcrumbList","@id":"https:\/\/informelitoral.com.ar\/con-incertidumbre-sobre-su-impacto-economico-alberto-fernandez-y-santiago-cafiero-monitorean-la-evolucion-de-la-invasion-de-rusia-a-ucrania\/#breadcrumb","itemListElement":[{"@type":"ListItem","position":1,"name":"Portada","item":"https:\/\/informelitoral.com.ar\/"},{"@type":"ListItem","position":2,"name":"Con incertidumbre sobre su impacto econ\u00f3mico, Alberto Fern\u00e1ndez y Santiago Cafiero monitorean la evoluci\u00f3n de la invasi\u00f3n de Rusia a Ucrania"}]},{"@type":"WebSite","@id":"https:\/\/informelitoral.com.ar\/#website","url":"https:\/\/informelitoral.com.ar\/","name":"Informe Litoral","description":"&quot;Nos informamos&quot; ","publisher":{"@id":"https:\/\/informelitoral.com.ar\/#organization"},"potentialAction":[{"@type":"SearchAction","target":{"@type":"EntryPoint","urlTemplate":"https:\/\/informelitoral.com.ar\/?s={search_term_string}"},"query-input":{"@type":"PropertyValueSpecification","valueRequired":true,"valueName":"search_term_string"}}],"inLanguage":"es"},{"@type":"Organization","@id":"https:\/\/informelitoral.com.ar\/#organization","name":"Informe Litoral","url":"https:\/\/informelitoral.com.ar\/","logo":{"@type":"ImageObject","inLanguage":"es","@id":"https:\/\/informelitoral.com.ar\/#\/schema\/logo\/image\/","url":"https:\/\/informelitoral.com.ar\/%77%70%2d%63%6f%6e%74%65%6e%74\/uploads\/2021\/01\/circulo.png","contentUrl":"https:\/\/informelitoral.com.ar\/%77%70%2d%63%6f%6e%74%65%6e%74\/uploads\/2021\/01\/circulo.png","width":723,"height":731,"caption":"Informe Litoral"},"image":{"@id":"https:\/\/informelitoral.com.ar\/#\/schema\/logo\/image\/"},"sameAs":["https:\/\/www.facebook.com\/informelitoral\/","https:\/\/x.com\/InformeLitoral","https:\/\/www.instagram.com\/informelitoral\/","https:\/\/www.youtube.com\/channel\/UCua4Qvz8Icb6MYqhoq9xLXw"]},{"@type":"Person","@id":"https:\/\/informelitoral.com.ar\/#\/schema\/person\/f05f9f461677119578717524b127d6d5","name":"Sebastian","image":{"@type":"ImageObject","inLanguage":"es","@id":"https:\/\/secure.gravatar.com\/avatar\/b71bf7481d447dfb9583c7f2798e7cc64de6efb9067b74633ed8c31059a3bd82?s=96&d=mm&r=g","url":"https:\/\/secure.gravatar.com\/avatar\/b71bf7481d447dfb9583c7f2798e7cc64de6efb9067b74633ed8c31059a3bd82?s=96&d=mm&r=g","contentUrl":"https:\/\/secure.gravatar.com\/avatar\/b71bf7481d447dfb9583c7f2798e7cc64de6efb9067b74633ed8c31059a3bd82?s=96&d=mm&r=g","caption":"Sebastian"},"url":"https:\/\/informelitoral.com.ar\/author\/sebastian\/"}]}},"_links":{"self":[{"href":"https:\/\/informelitoral.com.ar\/%77%70%2d%6a%73%6f%6e\/wp\/v2\/posts\/72437","targetHints":{"allow":["GET"]}}],"collection":[{"href":"https:\/\/informelitoral.com.ar\/%77%70%2d%6a%73%6f%6e\/wp\/v2\/posts"}],"about":[{"href":"https:\/\/informelitoral.com.ar\/%77%70%2d%6a%73%6f%6e\/wp\/v2\/types\/post"}],"author":[{"embeddable":true,"href":"https:\/\/informelitoral.com.ar\/%77%70%2d%6a%73%6f%6e\/wp\/v2\/users\/8"}],"replies":[{"embeddable":true,"href":"https:\/\/informelitoral.com.ar\/%77%70%2d%6a%73%6f%6e\/wp\/v2\/comments?post=72437"}],"version-history":[{"count":0,"href":"https:\/\/informelitoral.com.ar\/%77%70%2d%6a%73%6f%6e\/wp\/v2\/posts\/72437\/revisions"}],"wp:featuredmedia":[{"embeddable":true,"href":"https:\/\/informelitoral.com.ar\/%77%70%2d%6a%73%6f%6e\/wp\/v2\/media\/72438"}],"wp:attachment":[{"href":"https:\/\/informelitoral.com.ar\/%77%70%2d%6a%73%6f%6e\/wp\/v2\/media?parent=72437"}],"wp:term":[{"taxonomy":"category","embeddable":true,"href":"https:\/\/informelitoral.com.ar\/%77%70%2d%6a%73%6f%6e\/wp\/v2\/categories?post=72437"},{"taxonomy":"post_tag","embeddable":true,"href":"https:\/\/informelitoral.com.ar\/%77%70%2d%6a%73%6f%6e\/wp\/v2\/tags?post=72437"}],"curies":[{"name":"wp","href":"https:\/\/api.w.org\/{rel}","templated":true}]}}