{"id":72391,"date":"2022-02-24T09:40:28","date_gmt":"2022-02-24T12:40:28","guid":{"rendered":"https:\/\/www.informelitoral.com.ar\/?p=72391"},"modified":"2022-02-24T10:45:31","modified_gmt":"2022-02-24T13:45:31","slug":"con-un-aumento-retroactivo-el-sabado-se-iniciara-el-pago-de-haberes-en-la-administracion-publica","status":"publish","type":"post","link":"https:\/\/informelitoral.com.ar\/con-un-aumento-retroactivo-el-sabado-se-iniciara-el-pago-de-haberes-en-la-administracion-publica\/","title":{"rendered":"Con un aumento retroactivo, el s\u00e1bado se iniciar\u00e1 el pago de haberes en la administraci\u00f3n p\u00fablica"},"content":{"rendered":"<p>Desde el Ministerio de Econom\u00eda se dio a conocer el cronograma de pago de haberes que comenzar\u00e1 este s\u00e1bado y se completar\u00e1 el 5 de marzo.<\/p>\n<p>En este sentido, el secretario de Hacienda de la provincia, Gustavo Labriola, record\u00f3 que el cronograma de este mes incluye el aumento del 8,9 por ciento retroactivo a enero y destac\u00f3 la decisi\u00f3n del gobernador Gustavo Bordet de establecer incrementos que recuperen el poder adquisitivo frente a la variaci\u00f3n inflacionaria. Adem\u00e1s record\u00f3 que el compromiso para este a\u00f1o es superar la inflaci\u00f3n.<\/p>\n<p>\u201cEl cronograma de pagos correspondiente el mes de febrero incluye el aumento retroactivo al mes de enero, del 8,9 por ciento que fuera dispuesto por el gobierno provincial, en funci\u00f3n de mantener el poder adquisitivo de los trabajadores, y permitiendo que el incremento salarial del a\u00f1o 2021 est\u00e9 en sinton\u00eda con la inflaci\u00f3n\u201d, expres\u00f3 el funcionario.<\/p>\n<p>Tambi\u00e9n se refiri\u00f3 a los incrementos acordados para este a\u00f1o y apunt\u00f3: \u201cEl acuerdo paritario conseguido con los sindicatos ATE y UPCN deja en evidencia que la propuesta del gobierno cumple con los reclamos de los gremios y los compromisos asumidos por la provincia. Por eso es recepcionada en las paritarias\u201d.<\/p>\n<p>\u201cEl compromiso del gobernador para que los salarios en 2022 le ganen a la inflaci\u00f3n, se materializa con este acuerdo paritario que fue aceptado por ATE y UPCN y que beneficia a los trabajadores de la administraci\u00f3n p\u00fablica provincial\u201d, remarc\u00f3 finalmente Labriola.<\/p>\n<p>El detalle del cronograma es el siguiente:<\/p>\n<p>S\u00e1bado 26 de febrero se abonar\u00e1n dos tramos: hasta 60.000 pesos y de 60.001 pesos a 75.000 pesos<br \/>\nJueves 3 de marzo: de 75.001 pesos a 90.000 pesos<br \/>\nViernes 4 de marzo: de 90.001 pesos a 120.000 pesos<br \/>\nS\u00e1bado 5 de marzo: M\u00e1s de 120.000 pesos<\/p>\n","protected":false},"excerpt":{"rendered":"<p>Trabajadores activos y pasivos de la administraci\u00f3n p\u00fablica provincial percibir\u00e1n desde este s\u00e1bado los haberes correspondientes al mes de febrero. Ser\u00e1 con el incremento retroactivo a enero que complet\u00f3 el 50,9 por ciento de aumento, en sinton\u00eda con la inflaci\u00f3n de 2021.<\/p>\n","protected":false},"author":8,"featured_media":72392,"comment_status":"open","ping_status":"open","sticky":false,"template":"","format":"standard","meta":{"fifu_image_url":"","fifu_image_alt":"","footnotes":""},"categories":[6],"tags":[3227,3226],"class_list":{"0":"post-72391","1":"post","2":"type-post","3":"status-publish","4":"format-standard","5":"has-post-thumbnail","7":"category-entre-rios","8":"tag-pagos-de-haberes","9":"tag-retroactivo"},"yoast_head":"<title>Con un aumento retroactivo, el s\u00e1bado se iniciar\u00e1 el pago de haberes en la administraci\u00f3n p\u00fablica - Informe Litoral<\/title>\n<meta name=\"robots\" content=\"index, follow, max-snippet:-1, max-image-preview:large, max-video-preview:-1\" \/>\n<link rel=\"canonical\" href=\"https:\/\/informelitoral.com.ar\/con-un-aumento-retroactivo-el-sabado-se-iniciara-el-pago-de-haberes-en-la-administracion-publica\/\" \/>\n<meta property=\"og:locale\" content=\"es_ES\" \/>\n<meta property=\"og:type\" content=\"article\" \/>\n<meta property=\"og:title\" content=\"Con un aumento retroactivo, el s\u00e1bado se iniciar\u00e1 el pago de haberes en la administraci\u00f3n p\u00fablica - Informe Litoral\" \/>\n<meta property=\"og:description\" content=\"Trabajadores activos y pasivos de la administraci\u00f3n p\u00fablica provincial percibir\u00e1n desde este s\u00e1bado los haberes correspondientes al mes de febrero. Ser\u00e1 con el incremento retroactivo a enero que complet\u00f3 el 50,9 por ciento de aumento, en sinton\u00eda con la inflaci\u00f3n de 2021.\" \/>\n<meta property=\"og:url\" content=\"https:\/\/informelitoral.com.ar\/con-un-aumento-retroactivo-el-sabado-se-iniciara-el-pago-de-haberes-en-la-administracion-publica\/\" \/>\n<meta property=\"og:site_name\" content=\"Informe Litoral\" \/>\n<meta property=\"article:publisher\" content=\"https:\/\/www.facebook.com\/informelitoral\/\" \/>\n<meta property=\"article:published_time\" content=\"2022-02-24T12:40:28+00:00\" \/>\n<meta property=\"article:modified_time\" content=\"2022-02-24T13:45:31+00:00\" \/>\n<meta property=\"og:image\" content=\"https:\/\/informelitoral.com.ar\/%77%70%2d%63%6f%6e%74%65%6e%74\/uploads\/2022\/02\/p_1611614683.jpg\" \/>\n\t<meta property=\"og:image:width\" content=\"1920\" \/>\n\t<meta property=\"og:image:height\" content=\"800\" \/>\n\t<meta property=\"og:image:type\" content=\"image\/jpeg\" \/>\n<meta name=\"author\" content=\"Sebastian\" \/>\n<meta name=\"twitter:card\" content=\"summary_large_image\" \/>\n<meta name=\"twitter:creator\" content=\"@InformeLitoral\" \/>\n<meta name=\"twitter:site\" content=\"@InformeLitoral\" \/>\n<meta name=\"twitter:label1\" content=\"Escrito por\" \/>\n\t<meta name=\"twitter:data1\" content=\"Sebastian\" \/>\n\t<meta name=\"twitter:label2\" content=\"Tiempo de lectura\" \/>\n\t<meta name=\"twitter:data2\" content=\"1 minuto\" \/>\n<script type=\"application\/ld+json\" class=\"yoast-schema-graph\">{\"@context\":\"https:\\\/\\\/schema.org\",\"@graph\":[{\"@type\":\"Article\",\"@id\":\"https:\\\/\\\/informelitoral.com.ar\\\/con-un-aumento-retroactivo-el-sabado-se-iniciara-el-pago-de-haberes-en-la-administracion-publica\\\/#article\",\"isPartOf\":{\"@id\":\"https:\\\/\\\/informelitoral.com.ar\\\/con-un-aumento-retroactivo-el-sabado-se-iniciara-el-pago-de-haberes-en-la-administracion-publica\\\/\"},\"author\":{\"name\":\"Sebastian\",\"@id\":\"https:\\\/\\\/informelitoral.com.ar\\\/#\\\/schema\\\/person\\\/f05f9f461677119578717524b127d6d5\"},\"headline\":\"Con un aumento retroactivo, el s\u00e1bado se iniciar\u00e1 el pago de haberes en la administraci\u00f3n p\u00fablica\",\"datePublished\":\"2022-02-24T12:40:28+00:00\",\"dateModified\":\"2022-02-24T13:45:31+00:00\",\"mainEntityOfPage\":{\"@id\":\"https:\\\/\\\/informelitoral.com.ar\\\/con-un-aumento-retroactivo-el-sabado-se-iniciara-el-pago-de-haberes-en-la-administracion-publica\\\/\"},\"wordCount\":312,\"commentCount\":0,\"publisher\":{\"@id\":\"https:\\\/\\\/informelitoral.com.ar\\\/#organization\"},\"image\":{\"@id\":\"https:\\\/\\\/informelitoral.com.ar\\\/con-un-aumento-retroactivo-el-sabado-se-iniciara-el-pago-de-haberes-en-la-administracion-publica\\\/#primaryimage\"},\"thumbnailUrl\":\"https:\\\/\\\/informelitoral.com.ar\\\/%77%70%2d%63%6f%6e%74%65%6e%74\\\/uploads\\\/2022\\\/02\\\/p_1611614683.jpg\",\"keywords\":[\"Pagos de haberes\",\"Retroactivo\"],\"articleSection\":[\"Entre R\u00edos\"],\"inLanguage\":\"es\",\"potentialAction\":[{\"@type\":\"CommentAction\",\"name\":\"Comment\",\"target\":[\"https:\\\/\\\/informelitoral.com.ar\\\/con-un-aumento-retroactivo-el-sabado-se-iniciara-el-pago-de-haberes-en-la-administracion-publica\\\/#respond\"]}]},{\"@type\":\"WebPage\",\"@id\":\"https:\\\/\\\/informelitoral.com.ar\\\/con-un-aumento-retroactivo-el-sabado-se-iniciara-el-pago-de-haberes-en-la-administracion-publica\\\/\",\"url\":\"https:\\\/\\\/informelitoral.com.ar\\\/con-un-aumento-retroactivo-el-sabado-se-iniciara-el-pago-de-haberes-en-la-administracion-publica\\\/\",\"name\":\"Con un aumento retroactivo, el s\u00e1bado se iniciar\u00e1 el pago de haberes en la administraci\u00f3n p\u00fablica - Informe Litoral\",\"isPartOf\":{\"@id\":\"https:\\\/\\\/informelitoral.com.ar\\\/#website\"},\"primaryImageOfPage\":{\"@id\":\"https:\\\/\\\/informelitoral.com.ar\\\/con-un-aumento-retroactivo-el-sabado-se-iniciara-el-pago-de-haberes-en-la-administracion-publica\\\/#primaryimage\"},\"image\":{\"@id\":\"https:\\\/\\\/informelitoral.com.ar\\\/con-un-aumento-retroactivo-el-sabado-se-iniciara-el-pago-de-haberes-en-la-administracion-publica\\\/#primaryimage\"},\"thumbnailUrl\":\"https:\\\/\\\/informelitoral.com.ar\\\/%77%70%2d%63%6f%6e%74%65%6e%74\\\/uploads\\\/2022\\\/02\\\/p_1611614683.jpg\",\"datePublished\":\"2022-02-24T12:40:28+00:00\",\"dateModified\":\"2022-02-24T13:45:31+00:00\",\"breadcrumb\":{\"@id\":\"https:\\\/\\\/informelitoral.com.ar\\\/con-un-aumento-retroactivo-el-sabado-se-iniciara-el-pago-de-haberes-en-la-administracion-publica\\\/#breadcrumb\"},\"inLanguage\":\"es\",\"potentialAction\":[{\"@type\":\"ReadAction\",\"target\":[\"https:\\\/\\\/informelitoral.com.ar\\\/con-un-aumento-retroactivo-el-sabado-se-iniciara-el-pago-de-haberes-en-la-administracion-publica\\\/\"]}]},{\"@type\":\"ImageObject\",\"inLanguage\":\"es\",\"@id\":\"https:\\\/\\\/informelitoral.com.ar\\\/con-un-aumento-retroactivo-el-sabado-se-iniciara-el-pago-de-haberes-en-la-administracion-publica\\\/#primaryimage\",\"url\":\"https:\\\/\\\/informelitoral.com.ar\\\/%77%70%2d%63%6f%6e%74%65%6e%74\\\/uploads\\\/2022\\\/02\\\/p_1611614683.jpg\",\"contentUrl\":\"https:\\\/\\\/informelitoral.com.ar\\\/%77%70%2d%63%6f%6e%74%65%6e%74\\\/uploads\\\/2022\\\/02\\\/p_1611614683.jpg\",\"width\":1920,\"height\":800},{\"@type\":\"BreadcrumbList\",\"@id\":\"https:\\\/\\\/informelitoral.com.ar\\\/con-un-aumento-retroactivo-el-sabado-se-iniciara-el-pago-de-haberes-en-la-administracion-publica\\\/#breadcrumb\",\"itemListElement\":[{\"@type\":\"ListItem\",\"position\":1,\"name\":\"Portada\",\"item\":\"https:\\\/\\\/informelitoral.com.ar\\\/\"},{\"@type\":\"ListItem\",\"position\":2,\"name\":\"Con un aumento retroactivo, el s\u00e1bado se iniciar\u00e1 el pago de haberes en la administraci\u00f3n p\u00fablica\"}]},{\"@type\":\"WebSite\",\"@id\":\"https:\\\/\\\/informelitoral.com.ar\\\/#website\",\"url\":\"https:\\\/\\\/informelitoral.com.ar\\\/\",\"name\":\"Informe Litoral\",\"description\":\"&quot;Nos informamos&quot; \",\"publisher\":{\"@id\":\"https:\\\/\\\/informelitoral.com.ar\\\/#organization\"},\"potentialAction\":[{\"@type\":\"SearchAction\",\"target\":{\"@type\":\"EntryPoint\",\"urlTemplate\":\"https:\\\/\\\/informelitoral.com.ar\\\/?s={search_term_string}\"},\"query-input\":{\"@type\":\"PropertyValueSpecification\",\"valueRequired\":true,\"valueName\":\"search_term_string\"}}],\"inLanguage\":\"es\"},{\"@type\":\"Organization\",\"@id\":\"https:\\\/\\\/informelitoral.com.ar\\\/#organization\",\"name\":\"Informe Litoral\",\"url\":\"https:\\\/\\\/informelitoral.com.ar\\\/\",\"logo\":{\"@type\":\"ImageObject\",\"inLanguage\":\"es\",\"@id\":\"https:\\\/\\\/informelitoral.com.ar\\\/#\\\/schema\\\/logo\\\/image\\\/\",\"url\":\"https:\\\/\\\/informelitoral.com.ar\\\/%77%70%2d%63%6f%6e%74%65%6e%74\\\/uploads\\\/2021\\\/01\\\/circulo.png\",\"contentUrl\":\"https:\\\/\\\/informelitoral.com.ar\\\/%77%70%2d%63%6f%6e%74%65%6e%74\\\/uploads\\\/2021\\\/01\\\/circulo.png\",\"width\":723,\"height\":731,\"caption\":\"Informe Litoral\"},\"image\":{\"@id\":\"https:\\\/\\\/informelitoral.com.ar\\\/#\\\/schema\\\/logo\\\/image\\\/\"},\"sameAs\":[\"https:\\\/\\\/www.facebook.com\\\/informelitoral\\\/\",\"https:\\\/\\\/x.com\\\/InformeLitoral\",\"https:\\\/\\\/www.instagram.com\\\/informelitoral\\\/\",\"https:\\\/\\\/www.youtube.com\\\/channel\\\/UCua4Qvz8Icb6MYqhoq9xLXw\"]},{\"@type\":\"Person\",\"@id\":\"https:\\\/\\\/informelitoral.com.ar\\\/#\\\/schema\\\/person\\\/f05f9f461677119578717524b127d6d5\",\"name\":\"Sebastian\",\"image\":{\"@type\":\"ImageObject\",\"inLanguage\":\"es\",\"@id\":\"https:\\\/\\\/secure.gravatar.com\\\/avatar\\\/b71bf7481d447dfb9583c7f2798e7cc64de6efb9067b74633ed8c31059a3bd82?s=96&d=mm&r=g\",\"url\":\"https:\\\/\\\/secure.gravatar.com\\\/avatar\\\/b71bf7481d447dfb9583c7f2798e7cc64de6efb9067b74633ed8c31059a3bd82?s=96&d=mm&r=g\",\"contentUrl\":\"https:\\\/\\\/secure.gravatar.com\\\/avatar\\\/b71bf7481d447dfb9583c7f2798e7cc64de6efb9067b74633ed8c31059a3bd82?s=96&d=mm&r=g\",\"caption\":\"Sebastian\"},\"url\":\"https:\\\/\\\/informelitoral.com.ar\\\/author\\\/sebastian\\\/\"}]}<\/script>","yoast_head_json":{"title":"Con un aumento retroactivo, el s\u00e1bado se iniciar\u00e1 el pago de haberes en la administraci\u00f3n p\u00fablica - Informe Litoral","robots":{"index":"index","follow":"follow","max-snippet":"max-snippet:-1","max-image-preview":"max-image-preview:large","max-video-preview":"max-video-preview:-1"},"canonical":"https:\/\/informelitoral.com.ar\/con-un-aumento-retroactivo-el-sabado-se-iniciara-el-pago-de-haberes-en-la-administracion-publica\/","og_locale":"es_ES","og_type":"article","og_title":"Con un aumento retroactivo, el s\u00e1bado se iniciar\u00e1 el pago de haberes en la administraci\u00f3n p\u00fablica - Informe Litoral","og_description":"Trabajadores activos y pasivos de la administraci\u00f3n p\u00fablica provincial percibir\u00e1n desde este s\u00e1bado los haberes correspondientes al mes de febrero. Ser\u00e1 con el incremento retroactivo a enero que complet\u00f3 el 50,9 por ciento de aumento, en sinton\u00eda con la inflaci\u00f3n de 2021.","og_url":"https:\/\/informelitoral.com.ar\/con-un-aumento-retroactivo-el-sabado-se-iniciara-el-pago-de-haberes-en-la-administracion-publica\/","og_site_name":"Informe Litoral","article_publisher":"https:\/\/www.facebook.com\/informelitoral\/","article_published_time":"2022-02-24T12:40:28+00:00","article_modified_time":"2022-02-24T13:45:31+00:00","og_image":[{"width":1920,"height":800,"url":"https:\/\/informelitoral.com.ar\/%77%70%2d%63%6f%6e%74%65%6e%74\/uploads\/2022\/02\/p_1611614683.jpg","type":"image\/jpeg"}],"author":"Sebastian","twitter_card":"summary_large_image","twitter_creator":"@InformeLitoral","twitter_site":"@InformeLitoral","twitter_misc":{"Escrito por":"Sebastian","Tiempo de lectura":"1 minuto"},"schema":{"@context":"https:\/\/schema.org","@graph":[{"@type":"Article","@id":"https:\/\/informelitoral.com.ar\/con-un-aumento-retroactivo-el-sabado-se-iniciara-el-pago-de-haberes-en-la-administracion-publica\/#article","isPartOf":{"@id":"https:\/\/informelitoral.com.ar\/con-un-aumento-retroactivo-el-sabado-se-iniciara-el-pago-de-haberes-en-la-administracion-publica\/"},"author":{"name":"Sebastian","@id":"https:\/\/informelitoral.com.ar\/#\/schema\/person\/f05f9f461677119578717524b127d6d5"},"headline":"Con un aumento retroactivo, el s\u00e1bado se iniciar\u00e1 el pago de haberes en la administraci\u00f3n p\u00fablica","datePublished":"2022-02-24T12:40:28+00:00","dateModified":"2022-02-24T13:45:31+00:00","mainEntityOfPage":{"@id":"https:\/\/informelitoral.com.ar\/con-un-aumento-retroactivo-el-sabado-se-iniciara-el-pago-de-haberes-en-la-administracion-publica\/"},"wordCount":312,"commentCount":0,"publisher":{"@id":"https:\/\/informelitoral.com.ar\/#organization"},"image":{"@id":"https:\/\/informelitoral.com.ar\/con-un-aumento-retroactivo-el-sabado-se-iniciara-el-pago-de-haberes-en-la-administracion-publica\/#primaryimage"},"thumbnailUrl":"https:\/\/informelitoral.com.ar\/%77%70%2d%63%6f%6e%74%65%6e%74\/uploads\/2022\/02\/p_1611614683.jpg","keywords":["Pagos de haberes","Retroactivo"],"articleSection":["Entre R\u00edos"],"inLanguage":"es","potentialAction":[{"@type":"CommentAction","name":"Comment","target":["https:\/\/informelitoral.com.ar\/con-un-aumento-retroactivo-el-sabado-se-iniciara-el-pago-de-haberes-en-la-administracion-publica\/#respond"]}]},{"@type":"WebPage","@id":"https:\/\/informelitoral.com.ar\/con-un-aumento-retroactivo-el-sabado-se-iniciara-el-pago-de-haberes-en-la-administracion-publica\/","url":"https:\/\/informelitoral.com.ar\/con-un-aumento-retroactivo-el-sabado-se-iniciara-el-pago-de-haberes-en-la-administracion-publica\/","name":"Con un aumento retroactivo, el s\u00e1bado se iniciar\u00e1 el pago de haberes en la administraci\u00f3n p\u00fablica - Informe Litoral","isPartOf":{"@id":"https:\/\/informelitoral.com.ar\/#website"},"primaryImageOfPage":{"@id":"https:\/\/informelitoral.com.ar\/con-un-aumento-retroactivo-el-sabado-se-iniciara-el-pago-de-haberes-en-la-administracion-publica\/#primaryimage"},"image":{"@id":"https:\/\/informelitoral.com.ar\/con-un-aumento-retroactivo-el-sabado-se-iniciara-el-pago-de-haberes-en-la-administracion-publica\/#primaryimage"},"thumbnailUrl":"https:\/\/informelitoral.com.ar\/%77%70%2d%63%6f%6e%74%65%6e%74\/uploads\/2022\/02\/p_1611614683.jpg","datePublished":"2022-02-24T12:40:28+00:00","dateModified":"2022-02-24T13:45:31+00:00","breadcrumb":{"@id":"https:\/\/informelitoral.com.ar\/con-un-aumento-retroactivo-el-sabado-se-iniciara-el-pago-de-haberes-en-la-administracion-publica\/#breadcrumb"},"inLanguage":"es","potentialAction":[{"@type":"ReadAction","target":["https:\/\/informelitoral.com.ar\/con-un-aumento-retroactivo-el-sabado-se-iniciara-el-pago-de-haberes-en-la-administracion-publica\/"]}]},{"@type":"ImageObject","inLanguage":"es","@id":"https:\/\/informelitoral.com.ar\/con-un-aumento-retroactivo-el-sabado-se-iniciara-el-pago-de-haberes-en-la-administracion-publica\/#primaryimage","url":"https:\/\/informelitoral.com.ar\/%77%70%2d%63%6f%6e%74%65%6e%74\/uploads\/2022\/02\/p_1611614683.jpg","contentUrl":"https:\/\/informelitoral.com.ar\/%77%70%2d%63%6f%6e%74%65%6e%74\/uploads\/2022\/02\/p_1611614683.jpg","width":1920,"height":800},{"@type":"BreadcrumbList","@id":"https:\/\/informelitoral.com.ar\/con-un-aumento-retroactivo-el-sabado-se-iniciara-el-pago-de-haberes-en-la-administracion-publica\/#breadcrumb","itemListElement":[{"@type":"ListItem","position":1,"name":"Portada","item":"https:\/\/informelitoral.com.ar\/"},{"@type":"ListItem","position":2,"name":"Con un aumento retroactivo, el s\u00e1bado se iniciar\u00e1 el pago de haberes en la administraci\u00f3n p\u00fablica"}]},{"@type":"WebSite","@id":"https:\/\/informelitoral.com.ar\/#website","url":"https:\/\/informelitoral.com.ar\/","name":"Informe Litoral","description":"&quot;Nos informamos&quot; ","publisher":{"@id":"https:\/\/informelitoral.com.ar\/#organization"},"potentialAction":[{"@type":"SearchAction","target":{"@type":"EntryPoint","urlTemplate":"https:\/\/informelitoral.com.ar\/?s={search_term_string}"},"query-input":{"@type":"PropertyValueSpecification","valueRequired":true,"valueName":"search_term_string"}}],"inLanguage":"es"},{"@type":"Organization","@id":"https:\/\/informelitoral.com.ar\/#organization","name":"Informe Litoral","url":"https:\/\/informelitoral.com.ar\/","logo":{"@type":"ImageObject","inLanguage":"es","@id":"https:\/\/informelitoral.com.ar\/#\/schema\/logo\/image\/","url":"https:\/\/informelitoral.com.ar\/%77%70%2d%63%6f%6e%74%65%6e%74\/uploads\/2021\/01\/circulo.png","contentUrl":"https:\/\/informelitoral.com.ar\/%77%70%2d%63%6f%6e%74%65%6e%74\/uploads\/2021\/01\/circulo.png","width":723,"height":731,"caption":"Informe Litoral"},"image":{"@id":"https:\/\/informelitoral.com.ar\/#\/schema\/logo\/image\/"},"sameAs":["https:\/\/www.facebook.com\/informelitoral\/","https:\/\/x.com\/InformeLitoral","https:\/\/www.instagram.com\/informelitoral\/","https:\/\/www.youtube.com\/channel\/UCua4Qvz8Icb6MYqhoq9xLXw"]},{"@type":"Person","@id":"https:\/\/informelitoral.com.ar\/#\/schema\/person\/f05f9f461677119578717524b127d6d5","name":"Sebastian","image":{"@type":"ImageObject","inLanguage":"es","@id":"https:\/\/secure.gravatar.com\/avatar\/b71bf7481d447dfb9583c7f2798e7cc64de6efb9067b74633ed8c31059a3bd82?s=96&d=mm&r=g","url":"https:\/\/secure.gravatar.com\/avatar\/b71bf7481d447dfb9583c7f2798e7cc64de6efb9067b74633ed8c31059a3bd82?s=96&d=mm&r=g","contentUrl":"https:\/\/secure.gravatar.com\/avatar\/b71bf7481d447dfb9583c7f2798e7cc64de6efb9067b74633ed8c31059a3bd82?s=96&d=mm&r=g","caption":"Sebastian"},"url":"https:\/\/informelitoral.com.ar\/author\/sebastian\/"}]}},"_links":{"self":[{"href":"https:\/\/informelitoral.com.ar\/%77%70%2d%6a%73%6f%6e\/wp\/v2\/posts\/72391","targetHints":{"allow":["GET"]}}],"collection":[{"href":"https:\/\/informelitoral.com.ar\/%77%70%2d%6a%73%6f%6e\/wp\/v2\/posts"}],"about":[{"href":"https:\/\/informelitoral.com.ar\/%77%70%2d%6a%73%6f%6e\/wp\/v2\/types\/post"}],"author":[{"embeddable":true,"href":"https:\/\/informelitoral.com.ar\/%77%70%2d%6a%73%6f%6e\/wp\/v2\/users\/8"}],"replies":[{"embeddable":true,"href":"https:\/\/informelitoral.com.ar\/%77%70%2d%6a%73%6f%6e\/wp\/v2\/comments?post=72391"}],"version-history":[{"count":0,"href":"https:\/\/informelitoral.com.ar\/%77%70%2d%6a%73%6f%6e\/wp\/v2\/posts\/72391\/revisions"}],"wp:featuredmedia":[{"embeddable":true,"href":"https:\/\/informelitoral.com.ar\/%77%70%2d%6a%73%6f%6e\/wp\/v2\/media\/72392"}],"wp:attachment":[{"href":"https:\/\/informelitoral.com.ar\/%77%70%2d%6a%73%6f%6e\/wp\/v2\/media?parent=72391"}],"wp:term":[{"taxonomy":"category","embeddable":true,"href":"https:\/\/informelitoral.com.ar\/%77%70%2d%6a%73%6f%6e\/wp\/v2\/categories?post=72391"},{"taxonomy":"post_tag","embeddable":true,"href":"https:\/\/informelitoral.com.ar\/%77%70%2d%6a%73%6f%6e\/wp\/v2\/tags?post=72391"}],"curies":[{"name":"wp","href":"https:\/\/api.w.org\/{rel}","templated":true}]}}