{"id":72362,"date":"2022-02-24T09:16:13","date_gmt":"2022-02-24T12:16:13","guid":{"rendered":"https:\/\/www.informelitoral.com.ar\/?p=72362"},"modified":"2022-02-24T09:16:13","modified_gmt":"2022-02-24T12:16:13","slug":"indec-la-economia-crecio-mas-de-10-en-2021","status":"publish","type":"post","link":"https:\/\/informelitoral.com.ar\/indec-la-economia-crecio-mas-de-10-en-2021\/","title":{"rendered":"Indec: la econom\u00eda creci\u00f3 m\u00e1s de 10% en 2021"},"content":{"rendered":"<article id=\"article-post\" class=\"first\">\n<div class=\"cuerpo\" data-twitter-link=\"https:\/\/twitter.com\/intent\/tweet?url=https:\/\/ahora.com.ar\/c4258380&amp;via=PlataformaAhora&amp;related=Ahora&amp;text=\">\n<p>El Estimador Mensual de la Actividad Econ\u00f3mica\u00a0<strong>(EMAE)<\/strong>\u00a0que elabora el\u00a0<strong>Indec,<\/strong>\u00a0<strong>creci\u00f3 0,9% real en diciembre con respecto a noviembre<\/strong>\u00a0y acumul\u00f3 un\u00a0<strong>alza de 9,8% en comparaci\u00f3n con el \u00faltimo mes de 2020<\/strong>. Sin embargo, el incremento promedio a lo largo de 2021 ascendi\u00f3 a 10,3%.<\/p>\n<\/div>\n<\/article>\n<article id=\"article-post\">\n<div class=\"cuerpo\" data-twitter-link=\"https:\/\/twitter.com\/intent\/tweet?url=https:\/\/ahora.com.ar\/c4258380&amp;via=PlataformaAhora&amp;related=Ahora&amp;text=\">\n<p>Desde el Ministerio de\u00a0Econom\u00eda\u00a0resaltaron: \u201cCon estos datos, el cuarto trimestre de 2021 cierra con subas de 1,7% trimestral sin estacionalidad y 8,7% interanual,\u00a0<strong>cerrando el a\u00f1o 2021 con un crecimiento de 10,3% promedio anual<\/strong>, la m\u00e1xima suba desde el inicio de la serie en 2004 y superando al m\u00e1ximo anterior de 10,1% en 2010\u2033.<\/p>\n<p>El EMAE registr\u00f3 en diciembre la\u00a0<strong>segunda mejora mensual consecutiva<\/strong>, aunque hubo una desaceleraci\u00f3n con respecto al 1,3% que hab\u00eda subido en noviembre. De todos modos, en el Palacio de Hacienda comunicaron que la actividad econ\u00f3mica\u00a0<strong>se mantiene desde hace seis meses por encima del nivel de febrero de 2020<\/strong>, antes de la irrupci\u00f3n de la pandemia.<\/p>\n<p>Con relaci\u00f3n a igual mes de 2020, 13 de los 15 sectores que conforman el EMAE registraron subas en diciembre. El sector que m\u00e1s contribuy\u00f3 al crecimiento del EMAE fue la Industria, que creci\u00f3 9,9% interanual y aport\u00f3 1,7 punto porcentual a la mejora.<\/p>\n<\/div>\n<\/article>\n<p>&nbsp;<\/p>\n","protected":false},"excerpt":{"rendered":"<p>El Indec concluy\u00f3 las mediciones de la actividad econ\u00f3mica del a\u00f1o pasado, con resultados positivos. Fue el mejor a\u00f1o desde 2004<\/p>\n","protected":false},"author":8,"featured_media":72015,"comment_status":"open","ping_status":"open","sticky":false,"template":"","format":"standard","meta":{"fifu_image_url":"","fifu_image_alt":"","footnotes":""},"categories":[1594],"tags":[44,78],"class_list":{"0":"post-72362","1":"post","2":"type-post","3":"status-publish","4":"format-standard","5":"has-post-thumbnail","7":"category-economia","8":"tag-economia","9":"tag-indec"},"yoast_head":"<title>Indec: la econom\u00eda creci\u00f3 m\u00e1s de 10% en 2021 - Informe Litoral<\/title>\n<meta name=\"robots\" content=\"index, follow, max-snippet:-1, max-image-preview:large, max-video-preview:-1\" \/>\n<link rel=\"canonical\" href=\"https:\/\/informelitoral.com.ar\/indec-la-economia-crecio-mas-de-10-en-2021\/\" \/>\n<meta property=\"og:locale\" content=\"es_ES\" \/>\n<meta property=\"og:type\" content=\"article\" \/>\n<meta property=\"og:title\" content=\"Indec: la econom\u00eda creci\u00f3 m\u00e1s de 10% en 2021 - Informe Litoral\" \/>\n<meta property=\"og:description\" content=\"El Indec concluy\u00f3 las mediciones de la actividad econ\u00f3mica del a\u00f1o pasado, con resultados positivos. Fue el mejor a\u00f1o desde 2004\" \/>\n<meta property=\"og:url\" content=\"https:\/\/informelitoral.com.ar\/indec-la-economia-crecio-mas-de-10-en-2021\/\" \/>\n<meta property=\"og:site_name\" content=\"Informe Litoral\" \/>\n<meta property=\"article:publisher\" content=\"https:\/\/www.facebook.com\/informelitoral\/\" \/>\n<meta property=\"article:published_time\" content=\"2022-02-24T12:16:13+00:00\" \/>\n<meta property=\"og:image\" content=\"https:\/\/informelitoral.com.ar\/%77%70%2d%63%6f%6e%74%65%6e%74\/uploads\/2022\/02\/5c4a1f714fc2f_1004x565-696x392-2.jpg\" \/>\n\t<meta property=\"og:image:width\" content=\"696\" \/>\n\t<meta property=\"og:image:height\" content=\"392\" \/>\n\t<meta property=\"og:image:type\" content=\"image\/jpeg\" \/>\n<meta name=\"author\" content=\"Sebastian\" \/>\n<meta name=\"twitter:card\" content=\"summary_large_image\" \/>\n<meta name=\"twitter:creator\" content=\"@InformeLitoral\" \/>\n<meta name=\"twitter:site\" content=\"@InformeLitoral\" \/>\n<meta name=\"twitter:label1\" content=\"Escrito por\" \/>\n\t<meta name=\"twitter:data1\" content=\"Sebastian\" \/>\n\t<meta name=\"twitter:label2\" content=\"Tiempo de lectura\" \/>\n\t<meta name=\"twitter:data2\" content=\"1 minuto\" \/>\n<script type=\"application\/ld+json\" class=\"yoast-schema-graph\">{\"@context\":\"https:\\\/\\\/schema.org\",\"@graph\":[{\"@type\":\"Article\",\"@id\":\"https:\\\/\\\/informelitoral.com.ar\\\/indec-la-economia-crecio-mas-de-10-en-2021\\\/#article\",\"isPartOf\":{\"@id\":\"https:\\\/\\\/informelitoral.com.ar\\\/indec-la-economia-crecio-mas-de-10-en-2021\\\/\"},\"author\":{\"name\":\"Sebastian\",\"@id\":\"https:\\\/\\\/informelitoral.com.ar\\\/#\\\/schema\\\/person\\\/f05f9f461677119578717524b127d6d5\"},\"headline\":\"Indec: la econom\u00eda creci\u00f3 m\u00e1s de 10% en 2021\",\"datePublished\":\"2022-02-24T12:16:13+00:00\",\"mainEntityOfPage\":{\"@id\":\"https:\\\/\\\/informelitoral.com.ar\\\/indec-la-economia-crecio-mas-de-10-en-2021\\\/\"},\"wordCount\":207,\"commentCount\":0,\"publisher\":{\"@id\":\"https:\\\/\\\/informelitoral.com.ar\\\/#organization\"},\"image\":{\"@id\":\"https:\\\/\\\/informelitoral.com.ar\\\/indec-la-economia-crecio-mas-de-10-en-2021\\\/#primaryimage\"},\"thumbnailUrl\":\"https:\\\/\\\/informelitoral.com.ar\\\/%77%70%2d%63%6f%6e%74%65%6e%74\\\/uploads\\\/2022\\\/02\\\/5c4a1f714fc2f_1004x565-696x392-2.jpg\",\"keywords\":[\"Econom\u00eda\",\"Indec\"],\"articleSection\":[\"Econom\u00eda\"],\"inLanguage\":\"es\",\"potentialAction\":[{\"@type\":\"CommentAction\",\"name\":\"Comment\",\"target\":[\"https:\\\/\\\/informelitoral.com.ar\\\/indec-la-economia-crecio-mas-de-10-en-2021\\\/#respond\"]}]},{\"@type\":\"WebPage\",\"@id\":\"https:\\\/\\\/informelitoral.com.ar\\\/indec-la-economia-crecio-mas-de-10-en-2021\\\/\",\"url\":\"https:\\\/\\\/informelitoral.com.ar\\\/indec-la-economia-crecio-mas-de-10-en-2021\\\/\",\"name\":\"Indec: la econom\u00eda creci\u00f3 m\u00e1s de 10% en 2021 - Informe Litoral\",\"isPartOf\":{\"@id\":\"https:\\\/\\\/informelitoral.com.ar\\\/#website\"},\"primaryImageOfPage\":{\"@id\":\"https:\\\/\\\/informelitoral.com.ar\\\/indec-la-economia-crecio-mas-de-10-en-2021\\\/#primaryimage\"},\"image\":{\"@id\":\"https:\\\/\\\/informelitoral.com.ar\\\/indec-la-economia-crecio-mas-de-10-en-2021\\\/#primaryimage\"},\"thumbnailUrl\":\"https:\\\/\\\/informelitoral.com.ar\\\/%77%70%2d%63%6f%6e%74%65%6e%74\\\/uploads\\\/2022\\\/02\\\/5c4a1f714fc2f_1004x565-696x392-2.jpg\",\"datePublished\":\"2022-02-24T12:16:13+00:00\",\"breadcrumb\":{\"@id\":\"https:\\\/\\\/informelitoral.com.ar\\\/indec-la-economia-crecio-mas-de-10-en-2021\\\/#breadcrumb\"},\"inLanguage\":\"es\",\"potentialAction\":[{\"@type\":\"ReadAction\",\"target\":[\"https:\\\/\\\/informelitoral.com.ar\\\/indec-la-economia-crecio-mas-de-10-en-2021\\\/\"]}]},{\"@type\":\"ImageObject\",\"inLanguage\":\"es\",\"@id\":\"https:\\\/\\\/informelitoral.com.ar\\\/indec-la-economia-crecio-mas-de-10-en-2021\\\/#primaryimage\",\"url\":\"https:\\\/\\\/informelitoral.com.ar\\\/%77%70%2d%63%6f%6e%74%65%6e%74\\\/uploads\\\/2022\\\/02\\\/5c4a1f714fc2f_1004x565-696x392-2.jpg\",\"contentUrl\":\"https:\\\/\\\/informelitoral.com.ar\\\/%77%70%2d%63%6f%6e%74%65%6e%74\\\/uploads\\\/2022\\\/02\\\/5c4a1f714fc2f_1004x565-696x392-2.jpg\",\"width\":696,\"height\":392},{\"@type\":\"BreadcrumbList\",\"@id\":\"https:\\\/\\\/informelitoral.com.ar\\\/indec-la-economia-crecio-mas-de-10-en-2021\\\/#breadcrumb\",\"itemListElement\":[{\"@type\":\"ListItem\",\"position\":1,\"name\":\"Portada\",\"item\":\"https:\\\/\\\/informelitoral.com.ar\\\/\"},{\"@type\":\"ListItem\",\"position\":2,\"name\":\"Indec: la econom\u00eda creci\u00f3 m\u00e1s de 10% en 2021\"}]},{\"@type\":\"WebSite\",\"@id\":\"https:\\\/\\\/informelitoral.com.ar\\\/#website\",\"url\":\"https:\\\/\\\/informelitoral.com.ar\\\/\",\"name\":\"Informe Litoral\",\"description\":\"&quot;Nos informamos&quot; \",\"publisher\":{\"@id\":\"https:\\\/\\\/informelitoral.com.ar\\\/#organization\"},\"potentialAction\":[{\"@type\":\"SearchAction\",\"target\":{\"@type\":\"EntryPoint\",\"urlTemplate\":\"https:\\\/\\\/informelitoral.com.ar\\\/?s={search_term_string}\"},\"query-input\":{\"@type\":\"PropertyValueSpecification\",\"valueRequired\":true,\"valueName\":\"search_term_string\"}}],\"inLanguage\":\"es\"},{\"@type\":\"Organization\",\"@id\":\"https:\\\/\\\/informelitoral.com.ar\\\/#organization\",\"name\":\"Informe Litoral\",\"url\":\"https:\\\/\\\/informelitoral.com.ar\\\/\",\"logo\":{\"@type\":\"ImageObject\",\"inLanguage\":\"es\",\"@id\":\"https:\\\/\\\/informelitoral.com.ar\\\/#\\\/schema\\\/logo\\\/image\\\/\",\"url\":\"https:\\\/\\\/informelitoral.com.ar\\\/%77%70%2d%63%6f%6e%74%65%6e%74\\\/uploads\\\/2021\\\/01\\\/circulo.png\",\"contentUrl\":\"https:\\\/\\\/informelitoral.com.ar\\\/%77%70%2d%63%6f%6e%74%65%6e%74\\\/uploads\\\/2021\\\/01\\\/circulo.png\",\"width\":723,\"height\":731,\"caption\":\"Informe Litoral\"},\"image\":{\"@id\":\"https:\\\/\\\/informelitoral.com.ar\\\/#\\\/schema\\\/logo\\\/image\\\/\"},\"sameAs\":[\"https:\\\/\\\/www.facebook.com\\\/informelitoral\\\/\",\"https:\\\/\\\/x.com\\\/InformeLitoral\",\"https:\\\/\\\/www.instagram.com\\\/informelitoral\\\/\",\"https:\\\/\\\/www.youtube.com\\\/channel\\\/UCua4Qvz8Icb6MYqhoq9xLXw\"]},{\"@type\":\"Person\",\"@id\":\"https:\\\/\\\/informelitoral.com.ar\\\/#\\\/schema\\\/person\\\/f05f9f461677119578717524b127d6d5\",\"name\":\"Sebastian\",\"image\":{\"@type\":\"ImageObject\",\"inLanguage\":\"es\",\"@id\":\"https:\\\/\\\/secure.gravatar.com\\\/avatar\\\/b71bf7481d447dfb9583c7f2798e7cc64de6efb9067b74633ed8c31059a3bd82?s=96&d=mm&r=g\",\"url\":\"https:\\\/\\\/secure.gravatar.com\\\/avatar\\\/b71bf7481d447dfb9583c7f2798e7cc64de6efb9067b74633ed8c31059a3bd82?s=96&d=mm&r=g\",\"contentUrl\":\"https:\\\/\\\/secure.gravatar.com\\\/avatar\\\/b71bf7481d447dfb9583c7f2798e7cc64de6efb9067b74633ed8c31059a3bd82?s=96&d=mm&r=g\",\"caption\":\"Sebastian\"},\"url\":\"https:\\\/\\\/informelitoral.com.ar\\\/author\\\/sebastian\\\/\"}]}<\/script>","yoast_head_json":{"title":"Indec: la econom\u00eda creci\u00f3 m\u00e1s de 10% en 2021 - Informe Litoral","robots":{"index":"index","follow":"follow","max-snippet":"max-snippet:-1","max-image-preview":"max-image-preview:large","max-video-preview":"max-video-preview:-1"},"canonical":"https:\/\/informelitoral.com.ar\/indec-la-economia-crecio-mas-de-10-en-2021\/","og_locale":"es_ES","og_type":"article","og_title":"Indec: la econom\u00eda creci\u00f3 m\u00e1s de 10% en 2021 - Informe Litoral","og_description":"El Indec concluy\u00f3 las mediciones de la actividad econ\u00f3mica del a\u00f1o pasado, con resultados positivos. Fue el mejor a\u00f1o desde 2004","og_url":"https:\/\/informelitoral.com.ar\/indec-la-economia-crecio-mas-de-10-en-2021\/","og_site_name":"Informe Litoral","article_publisher":"https:\/\/www.facebook.com\/informelitoral\/","article_published_time":"2022-02-24T12:16:13+00:00","og_image":[{"width":696,"height":392,"url":"https:\/\/informelitoral.com.ar\/%77%70%2d%63%6f%6e%74%65%6e%74\/uploads\/2022\/02\/5c4a1f714fc2f_1004x565-696x392-2.jpg","type":"image\/jpeg"}],"author":"Sebastian","twitter_card":"summary_large_image","twitter_creator":"@InformeLitoral","twitter_site":"@InformeLitoral","twitter_misc":{"Escrito por":"Sebastian","Tiempo de lectura":"1 minuto"},"schema":{"@context":"https:\/\/schema.org","@graph":[{"@type":"Article","@id":"https:\/\/informelitoral.com.ar\/indec-la-economia-crecio-mas-de-10-en-2021\/#article","isPartOf":{"@id":"https:\/\/informelitoral.com.ar\/indec-la-economia-crecio-mas-de-10-en-2021\/"},"author":{"name":"Sebastian","@id":"https:\/\/informelitoral.com.ar\/#\/schema\/person\/f05f9f461677119578717524b127d6d5"},"headline":"Indec: la econom\u00eda creci\u00f3 m\u00e1s de 10% en 2021","datePublished":"2022-02-24T12:16:13+00:00","mainEntityOfPage":{"@id":"https:\/\/informelitoral.com.ar\/indec-la-economia-crecio-mas-de-10-en-2021\/"},"wordCount":207,"commentCount":0,"publisher":{"@id":"https:\/\/informelitoral.com.ar\/#organization"},"image":{"@id":"https:\/\/informelitoral.com.ar\/indec-la-economia-crecio-mas-de-10-en-2021\/#primaryimage"},"thumbnailUrl":"https:\/\/informelitoral.com.ar\/%77%70%2d%63%6f%6e%74%65%6e%74\/uploads\/2022\/02\/5c4a1f714fc2f_1004x565-696x392-2.jpg","keywords":["Econom\u00eda","Indec"],"articleSection":["Econom\u00eda"],"inLanguage":"es","potentialAction":[{"@type":"CommentAction","name":"Comment","target":["https:\/\/informelitoral.com.ar\/indec-la-economia-crecio-mas-de-10-en-2021\/#respond"]}]},{"@type":"WebPage","@id":"https:\/\/informelitoral.com.ar\/indec-la-economia-crecio-mas-de-10-en-2021\/","url":"https:\/\/informelitoral.com.ar\/indec-la-economia-crecio-mas-de-10-en-2021\/","name":"Indec: la econom\u00eda creci\u00f3 m\u00e1s de 10% en 2021 - Informe Litoral","isPartOf":{"@id":"https:\/\/informelitoral.com.ar\/#website"},"primaryImageOfPage":{"@id":"https:\/\/informelitoral.com.ar\/indec-la-economia-crecio-mas-de-10-en-2021\/#primaryimage"},"image":{"@id":"https:\/\/informelitoral.com.ar\/indec-la-economia-crecio-mas-de-10-en-2021\/#primaryimage"},"thumbnailUrl":"https:\/\/informelitoral.com.ar\/%77%70%2d%63%6f%6e%74%65%6e%74\/uploads\/2022\/02\/5c4a1f714fc2f_1004x565-696x392-2.jpg","datePublished":"2022-02-24T12:16:13+00:00","breadcrumb":{"@id":"https:\/\/informelitoral.com.ar\/indec-la-economia-crecio-mas-de-10-en-2021\/#breadcrumb"},"inLanguage":"es","potentialAction":[{"@type":"ReadAction","target":["https:\/\/informelitoral.com.ar\/indec-la-economia-crecio-mas-de-10-en-2021\/"]}]},{"@type":"ImageObject","inLanguage":"es","@id":"https:\/\/informelitoral.com.ar\/indec-la-economia-crecio-mas-de-10-en-2021\/#primaryimage","url":"https:\/\/informelitoral.com.ar\/%77%70%2d%63%6f%6e%74%65%6e%74\/uploads\/2022\/02\/5c4a1f714fc2f_1004x565-696x392-2.jpg","contentUrl":"https:\/\/informelitoral.com.ar\/%77%70%2d%63%6f%6e%74%65%6e%74\/uploads\/2022\/02\/5c4a1f714fc2f_1004x565-696x392-2.jpg","width":696,"height":392},{"@type":"BreadcrumbList","@id":"https:\/\/informelitoral.com.ar\/indec-la-economia-crecio-mas-de-10-en-2021\/#breadcrumb","itemListElement":[{"@type":"ListItem","position":1,"name":"Portada","item":"https:\/\/informelitoral.com.ar\/"},{"@type":"ListItem","position":2,"name":"Indec: la econom\u00eda creci\u00f3 m\u00e1s de 10% en 2021"}]},{"@type":"WebSite","@id":"https:\/\/informelitoral.com.ar\/#website","url":"https:\/\/informelitoral.com.ar\/","name":"Informe Litoral","description":"&quot;Nos informamos&quot; ","publisher":{"@id":"https:\/\/informelitoral.com.ar\/#organization"},"potentialAction":[{"@type":"SearchAction","target":{"@type":"EntryPoint","urlTemplate":"https:\/\/informelitoral.com.ar\/?s={search_term_string}"},"query-input":{"@type":"PropertyValueSpecification","valueRequired":true,"valueName":"search_term_string"}}],"inLanguage":"es"},{"@type":"Organization","@id":"https:\/\/informelitoral.com.ar\/#organization","name":"Informe Litoral","url":"https:\/\/informelitoral.com.ar\/","logo":{"@type":"ImageObject","inLanguage":"es","@id":"https:\/\/informelitoral.com.ar\/#\/schema\/logo\/image\/","url":"https:\/\/informelitoral.com.ar\/%77%70%2d%63%6f%6e%74%65%6e%74\/uploads\/2021\/01\/circulo.png","contentUrl":"https:\/\/informelitoral.com.ar\/%77%70%2d%63%6f%6e%74%65%6e%74\/uploads\/2021\/01\/circulo.png","width":723,"height":731,"caption":"Informe Litoral"},"image":{"@id":"https:\/\/informelitoral.com.ar\/#\/schema\/logo\/image\/"},"sameAs":["https:\/\/www.facebook.com\/informelitoral\/","https:\/\/x.com\/InformeLitoral","https:\/\/www.instagram.com\/informelitoral\/","https:\/\/www.youtube.com\/channel\/UCua4Qvz8Icb6MYqhoq9xLXw"]},{"@type":"Person","@id":"https:\/\/informelitoral.com.ar\/#\/schema\/person\/f05f9f461677119578717524b127d6d5","name":"Sebastian","image":{"@type":"ImageObject","inLanguage":"es","@id":"https:\/\/secure.gravatar.com\/avatar\/b71bf7481d447dfb9583c7f2798e7cc64de6efb9067b74633ed8c31059a3bd82?s=96&d=mm&r=g","url":"https:\/\/secure.gravatar.com\/avatar\/b71bf7481d447dfb9583c7f2798e7cc64de6efb9067b74633ed8c31059a3bd82?s=96&d=mm&r=g","contentUrl":"https:\/\/secure.gravatar.com\/avatar\/b71bf7481d447dfb9583c7f2798e7cc64de6efb9067b74633ed8c31059a3bd82?s=96&d=mm&r=g","caption":"Sebastian"},"url":"https:\/\/informelitoral.com.ar\/author\/sebastian\/"}]}},"_links":{"self":[{"href":"https:\/\/informelitoral.com.ar\/%77%70%2d%6a%73%6f%6e\/wp\/v2\/posts\/72362","targetHints":{"allow":["GET"]}}],"collection":[{"href":"https:\/\/informelitoral.com.ar\/%77%70%2d%6a%73%6f%6e\/wp\/v2\/posts"}],"about":[{"href":"https:\/\/informelitoral.com.ar\/%77%70%2d%6a%73%6f%6e\/wp\/v2\/types\/post"}],"author":[{"embeddable":true,"href":"https:\/\/informelitoral.com.ar\/%77%70%2d%6a%73%6f%6e\/wp\/v2\/users\/8"}],"replies":[{"embeddable":true,"href":"https:\/\/informelitoral.com.ar\/%77%70%2d%6a%73%6f%6e\/wp\/v2\/comments?post=72362"}],"version-history":[{"count":0,"href":"https:\/\/informelitoral.com.ar\/%77%70%2d%6a%73%6f%6e\/wp\/v2\/posts\/72362\/revisions"}],"wp:featuredmedia":[{"embeddable":true,"href":"https:\/\/informelitoral.com.ar\/%77%70%2d%6a%73%6f%6e\/wp\/v2\/media\/72015"}],"wp:attachment":[{"href":"https:\/\/informelitoral.com.ar\/%77%70%2d%6a%73%6f%6e\/wp\/v2\/media?parent=72362"}],"wp:term":[{"taxonomy":"category","embeddable":true,"href":"https:\/\/informelitoral.com.ar\/%77%70%2d%6a%73%6f%6e\/wp\/v2\/categories?post=72362"},{"taxonomy":"post_tag","embeddable":true,"href":"https:\/\/informelitoral.com.ar\/%77%70%2d%6a%73%6f%6e\/wp\/v2\/tags?post=72362"}],"curies":[{"name":"wp","href":"https:\/\/api.w.org\/{rel}","templated":true}]}}