{"id":72345,"date":"2022-02-24T08:14:34","date_gmt":"2022-02-24T11:14:34","guid":{"rendered":"https:\/\/www.informelitoral.com.ar\/?p=72345"},"modified":"2022-02-24T08:15:00","modified_gmt":"2022-02-24T11:15:00","slug":"llego-la-lluvia-y-alertan-por-tormentas-fuertes-con-ocasional-caida-de-granizo","status":"publish","type":"post","link":"https:\/\/informelitoral.com.ar\/llego-la-lluvia-y-alertan-por-tormentas-fuertes-con-ocasional-caida-de-granizo\/","title":{"rendered":"Lleg\u00f3 la lluvia y alertan por tormentas fuertes con ocasional ca\u00edda de granizo"},"content":{"rendered":"<p>La estabilidad que ven\u00eda exhibiendo el tiempo en Entre R\u00edos durante la semana se vio interrumpida\u00a0<b>este jueves, con los primeros chaparrones que llegaron pasadas las 6 a la capital entrerriana<\/b>, seg\u00fan anticipa el Servicio Meteorol\u00f3gico Nacional (SMN).<br \/>\nEl organismo nacional mantiene vigente una alerta por tormentas fuertes para la ma\u00f1ana de este jueves y anuncia lluvias para toda la provincia.<\/p>\n<p>En su informe, el SMN indica que \u201cel \u00e1rea ser\u00e1 afectada por tormentas aisladas, algunas fuertes, acompa\u00f1adas de ocasional ca\u00edda de granizo, abundante ca\u00edda de agua en cortos per\u00edodos, fuerte actividad el\u00e9ctrica y r\u00e1fagas intensas\u201d, se\u00f1ala\u00a0<b>el organismo y advierte que \u201ccon valores de precipitaci\u00f3n acumulada entre 40 y 60 mil\u00edmetros, pudiendo ser superados localmente\u201d, indica el alerta.<\/b><\/p>\n<p><b>La alerta rige para todos los departamentos de la provincia. Adem\u00e1s, se pronostica que variar\u00e1n temperaturas y los registros continuar\u00e1n en el orden de los 30\u00baC.<\/b><br \/>\nPara este jueves se esperan tormentas durante toda la ma\u00f1ana y la tarde, mientras que el cielo quedar\u00eda mayormente nublado por la noche. Las temperaturas promedio en la provincia no variar\u00e1n mucho. Se anuncian 19\u00b0 de m\u00ednima y 29\u00b0 de m\u00e1xima en promedio.<\/p>\n<p><b>Luego, el viernes volver\u00eda a estar parcialmente nublado toda la jornada, con temperaturas similares, a partir de los 18\u00b0 y hasta los 32\u00b0.<\/b><br \/>\nEl fin de semana ser\u00eda lluvioso en todo Entre R\u00edos, seg\u00fan los anticipos del Servicio Meteorol\u00f3gico. El s\u00e1bado hay pron\u00f3stico de tormentas aisladas (con una probabilidad baja, de entre 10 y 40%) y temperaturas que parten desde los 20\u00b0 y alcanzan los 31\u00b0.<\/p>\n","protected":false},"excerpt":{"rendered":"<p>El Servicio Meteorol\u00f3gico advierte de \u201cabundante ca\u00edda de agua en cortos per\u00edodos, fuerte actividad el\u00e9ctrica y r\u00e1fagas intensas, con valores de precipitaci\u00f3n acumulada de hasta 60 mil\u00edmetros\u201d, anticipa el organismo nacional.<\/p>\n","protected":false},"author":8,"featured_media":72346,"comment_status":"open","ping_status":"open","sticky":false,"template":"","format":"standard","meta":{"fifu_image_url":"","fifu_image_alt":"","footnotes":""},"categories":[6],"tags":[113,1078],"class_list":{"0":"post-72345","1":"post","2":"type-post","3":"status-publish","4":"format-standard","5":"has-post-thumbnail","7":"category-entre-rios","8":"tag-smn","9":"tag-tormentas"},"yoast_head":"<title>Lleg\u00f3 la lluvia y alertan por tormentas fuertes con ocasional ca\u00edda de granizo - Informe Litoral<\/title>\n<meta name=\"robots\" content=\"index, follow, max-snippet:-1, max-image-preview:large, max-video-preview:-1\" \/>\n<link rel=\"canonical\" href=\"https:\/\/informelitoral.com.ar\/llego-la-lluvia-y-alertan-por-tormentas-fuertes-con-ocasional-caida-de-granizo\/\" \/>\n<meta property=\"og:locale\" content=\"es_ES\" \/>\n<meta property=\"og:type\" content=\"article\" \/>\n<meta property=\"og:title\" content=\"Lleg\u00f3 la lluvia y alertan por tormentas fuertes con ocasional ca\u00edda de granizo - Informe Litoral\" \/>\n<meta property=\"og:description\" content=\"El Servicio Meteorol\u00f3gico advierte de \u201cabundante ca\u00edda de agua en cortos per\u00edodos, fuerte actividad el\u00e9ctrica y r\u00e1fagas intensas, con valores de precipitaci\u00f3n acumulada de hasta 60 mil\u00edmetros\u201d, anticipa el organismo nacional.\" \/>\n<meta property=\"og:url\" content=\"https:\/\/informelitoral.com.ar\/llego-la-lluvia-y-alertan-por-tormentas-fuertes-con-ocasional-caida-de-granizo\/\" \/>\n<meta property=\"og:site_name\" content=\"Informe Litoral\" \/>\n<meta property=\"article:publisher\" content=\"https:\/\/www.facebook.com\/informelitoral\/\" \/>\n<meta property=\"article:published_time\" content=\"2022-02-24T11:14:34+00:00\" \/>\n<meta property=\"article:modified_time\" content=\"2022-02-24T11:15:00+00:00\" \/>\n<meta property=\"og:image\" content=\"https:\/\/informelitoral.com.ar\/%77%70%2d%63%6f%6e%74%65%6e%74\/uploads\/2022\/02\/lluvias.jpg\" \/>\n\t<meta property=\"og:image:width\" content=\"995\" \/>\n\t<meta property=\"og:image:height\" content=\"509\" \/>\n\t<meta property=\"og:image:type\" content=\"image\/jpeg\" \/>\n<meta name=\"author\" content=\"Sebastian\" \/>\n<meta name=\"twitter:card\" content=\"summary_large_image\" \/>\n<meta name=\"twitter:creator\" content=\"@InformeLitoral\" \/>\n<meta name=\"twitter:site\" content=\"@InformeLitoral\" \/>\n<meta name=\"twitter:label1\" content=\"Escrito por\" \/>\n\t<meta name=\"twitter:data1\" content=\"Sebastian\" \/>\n\t<meta name=\"twitter:label2\" content=\"Tiempo de lectura\" \/>\n\t<meta name=\"twitter:data2\" content=\"1 minuto\" \/>\n<script type=\"application\/ld+json\" class=\"yoast-schema-graph\">{\"@context\":\"https:\\\/\\\/schema.org\",\"@graph\":[{\"@type\":\"Article\",\"@id\":\"https:\\\/\\\/informelitoral.com.ar\\\/llego-la-lluvia-y-alertan-por-tormentas-fuertes-con-ocasional-caida-de-granizo\\\/#article\",\"isPartOf\":{\"@id\":\"https:\\\/\\\/informelitoral.com.ar\\\/llego-la-lluvia-y-alertan-por-tormentas-fuertes-con-ocasional-caida-de-granizo\\\/\"},\"author\":{\"name\":\"Sebastian\",\"@id\":\"https:\\\/\\\/informelitoral.com.ar\\\/#\\\/schema\\\/person\\\/f05f9f461677119578717524b127d6d5\"},\"headline\":\"Lleg\u00f3 la lluvia y alertan por tormentas fuertes con ocasional ca\u00edda de granizo\",\"datePublished\":\"2022-02-24T11:14:34+00:00\",\"dateModified\":\"2022-02-24T11:15:00+00:00\",\"mainEntityOfPage\":{\"@id\":\"https:\\\/\\\/informelitoral.com.ar\\\/llego-la-lluvia-y-alertan-por-tormentas-fuertes-con-ocasional-caida-de-granizo\\\/\"},\"wordCount\":286,\"commentCount\":0,\"publisher\":{\"@id\":\"https:\\\/\\\/informelitoral.com.ar\\\/#organization\"},\"image\":{\"@id\":\"https:\\\/\\\/informelitoral.com.ar\\\/llego-la-lluvia-y-alertan-por-tormentas-fuertes-con-ocasional-caida-de-granizo\\\/#primaryimage\"},\"thumbnailUrl\":\"https:\\\/\\\/informelitoral.com.ar\\\/%77%70%2d%63%6f%6e%74%65%6e%74\\\/uploads\\\/2022\\\/02\\\/lluvias.jpg\",\"keywords\":[\"SMN\",\"Tormentas\"],\"articleSection\":[\"Entre R\u00edos\"],\"inLanguage\":\"es\",\"potentialAction\":[{\"@type\":\"CommentAction\",\"name\":\"Comment\",\"target\":[\"https:\\\/\\\/informelitoral.com.ar\\\/llego-la-lluvia-y-alertan-por-tormentas-fuertes-con-ocasional-caida-de-granizo\\\/#respond\"]}]},{\"@type\":\"WebPage\",\"@id\":\"https:\\\/\\\/informelitoral.com.ar\\\/llego-la-lluvia-y-alertan-por-tormentas-fuertes-con-ocasional-caida-de-granizo\\\/\",\"url\":\"https:\\\/\\\/informelitoral.com.ar\\\/llego-la-lluvia-y-alertan-por-tormentas-fuertes-con-ocasional-caida-de-granizo\\\/\",\"name\":\"Lleg\u00f3 la lluvia y alertan por tormentas fuertes con ocasional ca\u00edda de granizo - Informe Litoral\",\"isPartOf\":{\"@id\":\"https:\\\/\\\/informelitoral.com.ar\\\/#website\"},\"primaryImageOfPage\":{\"@id\":\"https:\\\/\\\/informelitoral.com.ar\\\/llego-la-lluvia-y-alertan-por-tormentas-fuertes-con-ocasional-caida-de-granizo\\\/#primaryimage\"},\"image\":{\"@id\":\"https:\\\/\\\/informelitoral.com.ar\\\/llego-la-lluvia-y-alertan-por-tormentas-fuertes-con-ocasional-caida-de-granizo\\\/#primaryimage\"},\"thumbnailUrl\":\"https:\\\/\\\/informelitoral.com.ar\\\/%77%70%2d%63%6f%6e%74%65%6e%74\\\/uploads\\\/2022\\\/02\\\/lluvias.jpg\",\"datePublished\":\"2022-02-24T11:14:34+00:00\",\"dateModified\":\"2022-02-24T11:15:00+00:00\",\"breadcrumb\":{\"@id\":\"https:\\\/\\\/informelitoral.com.ar\\\/llego-la-lluvia-y-alertan-por-tormentas-fuertes-con-ocasional-caida-de-granizo\\\/#breadcrumb\"},\"inLanguage\":\"es\",\"potentialAction\":[{\"@type\":\"ReadAction\",\"target\":[\"https:\\\/\\\/informelitoral.com.ar\\\/llego-la-lluvia-y-alertan-por-tormentas-fuertes-con-ocasional-caida-de-granizo\\\/\"]}]},{\"@type\":\"ImageObject\",\"inLanguage\":\"es\",\"@id\":\"https:\\\/\\\/informelitoral.com.ar\\\/llego-la-lluvia-y-alertan-por-tormentas-fuertes-con-ocasional-caida-de-granizo\\\/#primaryimage\",\"url\":\"https:\\\/\\\/informelitoral.com.ar\\\/%77%70%2d%63%6f%6e%74%65%6e%74\\\/uploads\\\/2022\\\/02\\\/lluvias.jpg\",\"contentUrl\":\"https:\\\/\\\/informelitoral.com.ar\\\/%77%70%2d%63%6f%6e%74%65%6e%74\\\/uploads\\\/2022\\\/02\\\/lluvias.jpg\",\"width\":995,\"height\":509},{\"@type\":\"BreadcrumbList\",\"@id\":\"https:\\\/\\\/informelitoral.com.ar\\\/llego-la-lluvia-y-alertan-por-tormentas-fuertes-con-ocasional-caida-de-granizo\\\/#breadcrumb\",\"itemListElement\":[{\"@type\":\"ListItem\",\"position\":1,\"name\":\"Portada\",\"item\":\"https:\\\/\\\/informelitoral.com.ar\\\/\"},{\"@type\":\"ListItem\",\"position\":2,\"name\":\"Lleg\u00f3 la lluvia y alertan por tormentas fuertes con ocasional ca\u00edda de granizo\"}]},{\"@type\":\"WebSite\",\"@id\":\"https:\\\/\\\/informelitoral.com.ar\\\/#website\",\"url\":\"https:\\\/\\\/informelitoral.com.ar\\\/\",\"name\":\"Informe Litoral\",\"description\":\"&quot;Nos informamos&quot; \",\"publisher\":{\"@id\":\"https:\\\/\\\/informelitoral.com.ar\\\/#organization\"},\"potentialAction\":[{\"@type\":\"SearchAction\",\"target\":{\"@type\":\"EntryPoint\",\"urlTemplate\":\"https:\\\/\\\/informelitoral.com.ar\\\/?s={search_term_string}\"},\"query-input\":{\"@type\":\"PropertyValueSpecification\",\"valueRequired\":true,\"valueName\":\"search_term_string\"}}],\"inLanguage\":\"es\"},{\"@type\":\"Organization\",\"@id\":\"https:\\\/\\\/informelitoral.com.ar\\\/#organization\",\"name\":\"Informe Litoral\",\"url\":\"https:\\\/\\\/informelitoral.com.ar\\\/\",\"logo\":{\"@type\":\"ImageObject\",\"inLanguage\":\"es\",\"@id\":\"https:\\\/\\\/informelitoral.com.ar\\\/#\\\/schema\\\/logo\\\/image\\\/\",\"url\":\"https:\\\/\\\/informelitoral.com.ar\\\/%77%70%2d%63%6f%6e%74%65%6e%74\\\/uploads\\\/2021\\\/01\\\/circulo.png\",\"contentUrl\":\"https:\\\/\\\/informelitoral.com.ar\\\/%77%70%2d%63%6f%6e%74%65%6e%74\\\/uploads\\\/2021\\\/01\\\/circulo.png\",\"width\":723,\"height\":731,\"caption\":\"Informe Litoral\"},\"image\":{\"@id\":\"https:\\\/\\\/informelitoral.com.ar\\\/#\\\/schema\\\/logo\\\/image\\\/\"},\"sameAs\":[\"https:\\\/\\\/www.facebook.com\\\/informelitoral\\\/\",\"https:\\\/\\\/x.com\\\/InformeLitoral\",\"https:\\\/\\\/www.instagram.com\\\/informelitoral\\\/\",\"https:\\\/\\\/www.youtube.com\\\/channel\\\/UCua4Qvz8Icb6MYqhoq9xLXw\"]},{\"@type\":\"Person\",\"@id\":\"https:\\\/\\\/informelitoral.com.ar\\\/#\\\/schema\\\/person\\\/f05f9f461677119578717524b127d6d5\",\"name\":\"Sebastian\",\"image\":{\"@type\":\"ImageObject\",\"inLanguage\":\"es\",\"@id\":\"https:\\\/\\\/secure.gravatar.com\\\/avatar\\\/b71bf7481d447dfb9583c7f2798e7cc64de6efb9067b74633ed8c31059a3bd82?s=96&d=mm&r=g\",\"url\":\"https:\\\/\\\/secure.gravatar.com\\\/avatar\\\/b71bf7481d447dfb9583c7f2798e7cc64de6efb9067b74633ed8c31059a3bd82?s=96&d=mm&r=g\",\"contentUrl\":\"https:\\\/\\\/secure.gravatar.com\\\/avatar\\\/b71bf7481d447dfb9583c7f2798e7cc64de6efb9067b74633ed8c31059a3bd82?s=96&d=mm&r=g\",\"caption\":\"Sebastian\"},\"url\":\"https:\\\/\\\/informelitoral.com.ar\\\/author\\\/sebastian\\\/\"}]}<\/script>","yoast_head_json":{"title":"Lleg\u00f3 la lluvia y alertan por tormentas fuertes con ocasional ca\u00edda de granizo - Informe Litoral","robots":{"index":"index","follow":"follow","max-snippet":"max-snippet:-1","max-image-preview":"max-image-preview:large","max-video-preview":"max-video-preview:-1"},"canonical":"https:\/\/informelitoral.com.ar\/llego-la-lluvia-y-alertan-por-tormentas-fuertes-con-ocasional-caida-de-granizo\/","og_locale":"es_ES","og_type":"article","og_title":"Lleg\u00f3 la lluvia y alertan por tormentas fuertes con ocasional ca\u00edda de granizo - Informe Litoral","og_description":"El Servicio Meteorol\u00f3gico advierte de \u201cabundante ca\u00edda de agua en cortos per\u00edodos, fuerte actividad el\u00e9ctrica y r\u00e1fagas intensas, con valores de precipitaci\u00f3n acumulada de hasta 60 mil\u00edmetros\u201d, anticipa el organismo nacional.","og_url":"https:\/\/informelitoral.com.ar\/llego-la-lluvia-y-alertan-por-tormentas-fuertes-con-ocasional-caida-de-granizo\/","og_site_name":"Informe Litoral","article_publisher":"https:\/\/www.facebook.com\/informelitoral\/","article_published_time":"2022-02-24T11:14:34+00:00","article_modified_time":"2022-02-24T11:15:00+00:00","og_image":[{"width":995,"height":509,"url":"https:\/\/informelitoral.com.ar\/%77%70%2d%63%6f%6e%74%65%6e%74\/uploads\/2022\/02\/lluvias.jpg","type":"image\/jpeg"}],"author":"Sebastian","twitter_card":"summary_large_image","twitter_creator":"@InformeLitoral","twitter_site":"@InformeLitoral","twitter_misc":{"Escrito por":"Sebastian","Tiempo de lectura":"1 minuto"},"schema":{"@context":"https:\/\/schema.org","@graph":[{"@type":"Article","@id":"https:\/\/informelitoral.com.ar\/llego-la-lluvia-y-alertan-por-tormentas-fuertes-con-ocasional-caida-de-granizo\/#article","isPartOf":{"@id":"https:\/\/informelitoral.com.ar\/llego-la-lluvia-y-alertan-por-tormentas-fuertes-con-ocasional-caida-de-granizo\/"},"author":{"name":"Sebastian","@id":"https:\/\/informelitoral.com.ar\/#\/schema\/person\/f05f9f461677119578717524b127d6d5"},"headline":"Lleg\u00f3 la lluvia y alertan por tormentas fuertes con ocasional ca\u00edda de granizo","datePublished":"2022-02-24T11:14:34+00:00","dateModified":"2022-02-24T11:15:00+00:00","mainEntityOfPage":{"@id":"https:\/\/informelitoral.com.ar\/llego-la-lluvia-y-alertan-por-tormentas-fuertes-con-ocasional-caida-de-granizo\/"},"wordCount":286,"commentCount":0,"publisher":{"@id":"https:\/\/informelitoral.com.ar\/#organization"},"image":{"@id":"https:\/\/informelitoral.com.ar\/llego-la-lluvia-y-alertan-por-tormentas-fuertes-con-ocasional-caida-de-granizo\/#primaryimage"},"thumbnailUrl":"https:\/\/informelitoral.com.ar\/%77%70%2d%63%6f%6e%74%65%6e%74\/uploads\/2022\/02\/lluvias.jpg","keywords":["SMN","Tormentas"],"articleSection":["Entre R\u00edos"],"inLanguage":"es","potentialAction":[{"@type":"CommentAction","name":"Comment","target":["https:\/\/informelitoral.com.ar\/llego-la-lluvia-y-alertan-por-tormentas-fuertes-con-ocasional-caida-de-granizo\/#respond"]}]},{"@type":"WebPage","@id":"https:\/\/informelitoral.com.ar\/llego-la-lluvia-y-alertan-por-tormentas-fuertes-con-ocasional-caida-de-granizo\/","url":"https:\/\/informelitoral.com.ar\/llego-la-lluvia-y-alertan-por-tormentas-fuertes-con-ocasional-caida-de-granizo\/","name":"Lleg\u00f3 la lluvia y alertan por tormentas fuertes con ocasional ca\u00edda de granizo - Informe Litoral","isPartOf":{"@id":"https:\/\/informelitoral.com.ar\/#website"},"primaryImageOfPage":{"@id":"https:\/\/informelitoral.com.ar\/llego-la-lluvia-y-alertan-por-tormentas-fuertes-con-ocasional-caida-de-granizo\/#primaryimage"},"image":{"@id":"https:\/\/informelitoral.com.ar\/llego-la-lluvia-y-alertan-por-tormentas-fuertes-con-ocasional-caida-de-granizo\/#primaryimage"},"thumbnailUrl":"https:\/\/informelitoral.com.ar\/%77%70%2d%63%6f%6e%74%65%6e%74\/uploads\/2022\/02\/lluvias.jpg","datePublished":"2022-02-24T11:14:34+00:00","dateModified":"2022-02-24T11:15:00+00:00","breadcrumb":{"@id":"https:\/\/informelitoral.com.ar\/llego-la-lluvia-y-alertan-por-tormentas-fuertes-con-ocasional-caida-de-granizo\/#breadcrumb"},"inLanguage":"es","potentialAction":[{"@type":"ReadAction","target":["https:\/\/informelitoral.com.ar\/llego-la-lluvia-y-alertan-por-tormentas-fuertes-con-ocasional-caida-de-granizo\/"]}]},{"@type":"ImageObject","inLanguage":"es","@id":"https:\/\/informelitoral.com.ar\/llego-la-lluvia-y-alertan-por-tormentas-fuertes-con-ocasional-caida-de-granizo\/#primaryimage","url":"https:\/\/informelitoral.com.ar\/%77%70%2d%63%6f%6e%74%65%6e%74\/uploads\/2022\/02\/lluvias.jpg","contentUrl":"https:\/\/informelitoral.com.ar\/%77%70%2d%63%6f%6e%74%65%6e%74\/uploads\/2022\/02\/lluvias.jpg","width":995,"height":509},{"@type":"BreadcrumbList","@id":"https:\/\/informelitoral.com.ar\/llego-la-lluvia-y-alertan-por-tormentas-fuertes-con-ocasional-caida-de-granizo\/#breadcrumb","itemListElement":[{"@type":"ListItem","position":1,"name":"Portada","item":"https:\/\/informelitoral.com.ar\/"},{"@type":"ListItem","position":2,"name":"Lleg\u00f3 la lluvia y alertan por tormentas fuertes con ocasional ca\u00edda de granizo"}]},{"@type":"WebSite","@id":"https:\/\/informelitoral.com.ar\/#website","url":"https:\/\/informelitoral.com.ar\/","name":"Informe Litoral","description":"&quot;Nos informamos&quot; ","publisher":{"@id":"https:\/\/informelitoral.com.ar\/#organization"},"potentialAction":[{"@type":"SearchAction","target":{"@type":"EntryPoint","urlTemplate":"https:\/\/informelitoral.com.ar\/?s={search_term_string}"},"query-input":{"@type":"PropertyValueSpecification","valueRequired":true,"valueName":"search_term_string"}}],"inLanguage":"es"},{"@type":"Organization","@id":"https:\/\/informelitoral.com.ar\/#organization","name":"Informe Litoral","url":"https:\/\/informelitoral.com.ar\/","logo":{"@type":"ImageObject","inLanguage":"es","@id":"https:\/\/informelitoral.com.ar\/#\/schema\/logo\/image\/","url":"https:\/\/informelitoral.com.ar\/%77%70%2d%63%6f%6e%74%65%6e%74\/uploads\/2021\/01\/circulo.png","contentUrl":"https:\/\/informelitoral.com.ar\/%77%70%2d%63%6f%6e%74%65%6e%74\/uploads\/2021\/01\/circulo.png","width":723,"height":731,"caption":"Informe Litoral"},"image":{"@id":"https:\/\/informelitoral.com.ar\/#\/schema\/logo\/image\/"},"sameAs":["https:\/\/www.facebook.com\/informelitoral\/","https:\/\/x.com\/InformeLitoral","https:\/\/www.instagram.com\/informelitoral\/","https:\/\/www.youtube.com\/channel\/UCua4Qvz8Icb6MYqhoq9xLXw"]},{"@type":"Person","@id":"https:\/\/informelitoral.com.ar\/#\/schema\/person\/f05f9f461677119578717524b127d6d5","name":"Sebastian","image":{"@type":"ImageObject","inLanguage":"es","@id":"https:\/\/secure.gravatar.com\/avatar\/b71bf7481d447dfb9583c7f2798e7cc64de6efb9067b74633ed8c31059a3bd82?s=96&d=mm&r=g","url":"https:\/\/secure.gravatar.com\/avatar\/b71bf7481d447dfb9583c7f2798e7cc64de6efb9067b74633ed8c31059a3bd82?s=96&d=mm&r=g","contentUrl":"https:\/\/secure.gravatar.com\/avatar\/b71bf7481d447dfb9583c7f2798e7cc64de6efb9067b74633ed8c31059a3bd82?s=96&d=mm&r=g","caption":"Sebastian"},"url":"https:\/\/informelitoral.com.ar\/author\/sebastian\/"}]}},"_links":{"self":[{"href":"https:\/\/informelitoral.com.ar\/%77%70%2d%6a%73%6f%6e\/wp\/v2\/posts\/72345","targetHints":{"allow":["GET"]}}],"collection":[{"href":"https:\/\/informelitoral.com.ar\/%77%70%2d%6a%73%6f%6e\/wp\/v2\/posts"}],"about":[{"href":"https:\/\/informelitoral.com.ar\/%77%70%2d%6a%73%6f%6e\/wp\/v2\/types\/post"}],"author":[{"embeddable":true,"href":"https:\/\/informelitoral.com.ar\/%77%70%2d%6a%73%6f%6e\/wp\/v2\/users\/8"}],"replies":[{"embeddable":true,"href":"https:\/\/informelitoral.com.ar\/%77%70%2d%6a%73%6f%6e\/wp\/v2\/comments?post=72345"}],"version-history":[{"count":0,"href":"https:\/\/informelitoral.com.ar\/%77%70%2d%6a%73%6f%6e\/wp\/v2\/posts\/72345\/revisions"}],"wp:featuredmedia":[{"embeddable":true,"href":"https:\/\/informelitoral.com.ar\/%77%70%2d%6a%73%6f%6e\/wp\/v2\/media\/72346"}],"wp:attachment":[{"href":"https:\/\/informelitoral.com.ar\/%77%70%2d%6a%73%6f%6e\/wp\/v2\/media?parent=72345"}],"wp:term":[{"taxonomy":"category","embeddable":true,"href":"https:\/\/informelitoral.com.ar\/%77%70%2d%6a%73%6f%6e\/wp\/v2\/categories?post=72345"},{"taxonomy":"post_tag","embeddable":true,"href":"https:\/\/informelitoral.com.ar\/%77%70%2d%6a%73%6f%6e\/wp\/v2\/tags?post=72345"}],"curies":[{"name":"wp","href":"https:\/\/api.w.org\/{rel}","templated":true}]}}