{"id":72265,"date":"2022-02-23T07:50:23","date_gmt":"2022-02-23T10:50:23","guid":{"rendered":"https:\/\/www.informelitoral.com.ar\/?p=72265"},"modified":"2022-02-23T08:38:20","modified_gmt":"2022-02-23T11:38:20","slug":"mientras-el-congreso-sigue-paralizado-el-gobierno-oficializo-el-llamado-para-la-apertura-de-las-sesiones-ordinarias","status":"publish","type":"post","link":"https:\/\/informelitoral.com.ar\/mientras-el-congreso-sigue-paralizado-el-gobierno-oficializo-el-llamado-para-la-apertura-de-las-sesiones-ordinarias\/","title":{"rendered":"Mientras el Congreso sigue paralizado, el Gobierno oficializ\u00f3 el llamado para la apertura de las sesiones ordinarias"},"content":{"rendered":"<p class=\"paragraph\">Con el Congreso paralizado, el Gobierno Nacional oficializ\u00f3 el llamado para la apertura del\u00a0<b>140\u00b0 Per\u00edodo de Sesiones Ordinarias<\/b>\u00a0que comenzar\u00e1 con el foco puesto en el acuerdo con el Fondo Monetario Internacional.<\/p>\n<p class=\"paragraph\">A trav\u00e9s del\u00a0<b>Decreto 92\/2022<\/b>, publicado este mi\u00e9rcoles en el\u00a0<b>Bolet\u00edn Oficial<\/b>, el presidente\u00a0<b>Alberto Fern\u00e1ndez\u00a0<\/b>confirm\u00f3 el\u00a0<mark class=\"hl_yellow\">inicio del per\u00edodo legislativo para el pr\u00f3ximo martes 1\u00b0 de marzo<\/mark>.<\/p>\n<p class=\"paragraph\">Las sesiones extraordinarias culminar\u00e1n esta semana con un rotundo fracaso. No se llevaron a cabo, ni si quiera hubo acuerdo en Diputados y el Senado para repartirse las comisiones, y la actividad solo se limitar\u00e1: a la presencia del ministro Juan Cabandi\u00e9 en la comisi\u00f3n de Medio Ambiente del Senado, que esta tarde explicar\u00e1 las acciones del Poder Ejecutivo frente a los incendios de Corrientes; y a la sesi\u00f3n preparatoria que realizar\u00e1 el jueves la C\u00e1mara Alta para designar autoridades y cumplir con el reglamento.<\/p>\n<p class=\"paragraph\">La Casa Rosada hab\u00eda convocado al Congreso para tratar durante febrero 18 proyectos entre los que se destacaban el nuevo\u00a0<b>Pacto Fiscal<\/b>\u00a0y la reforma del\u00a0<b>Consejo de la Magistratura.<\/b>\u00a0A poco de culminar el mes, es un hecho que los legisladores volver\u00e1n a la actividad reci\u00e9n a partir del 1\u00b0 de marzo.<\/p>\n<p class=\"paragraph\">La \u00fanica opci\u00f3n posible es que se logre un acuerdo pol\u00edtico y los temas sean tratados sobre tablas. \u201cSi fue imposible conformar las comisiones es poco probable que los bloques se pongan de acuerdo para tratar alg\u00fan tema sobre tablas antes del 28 de febrero\u201d, explic\u00f3 d\u00edas atr\u00e1s un diputado de la oposici\u00f3n.<\/p>\n<p class=\"paragraph\"><b>La semana pasada venci\u00f3 en la C\u00e1mara de Diputados el plazo para firmar los dict\u00e1menes de comisi\u00f3n<\/b>, es decir, el paso legislativo previo para poder discutir un proyecto en el recinto. Y los dict\u00e1menes no se pudieron emitir porque\u00a0<b>el Frente de Todos y Juntos por el Cambio no alcanzaron un acuerdo para conformar dichas comisiones.<\/b><\/p>\n<p class=\"paragraph\">El principal interbloque opositor aspira a controlar algunas con mayor peso pol\u00edtico en base a los resultados de las \u00faltimas elecciones. Aseguran que la paridad de fuerzas dentro del recinto no se ve reflejada en la distribuci\u00f3n de las presidencias. En concreto, JxC propuso quedarse con<b>\u00a0Agricultura y Educaci\u00f3n<\/b>, adem\u00e1s de conservar las que ya ten\u00edan. Mientras que en el FdT consideran que acceder a estos pedidos ser\u00eda demasiado ya que el oficialismo contin\u00faan siendo la primera minor\u00eda.<\/p>\n<p class=\"paragraph\">Sin embargo, hay miembros de la oposici\u00f3n que aseguraron que el reparto de las comisiones fue solo una excusa, ya que el Frente de Todos y sus aliados tienen la mitad m\u00e1s uno en todas las comisiones, con lo cual podr\u00edan haberlas puesto en marcha. En efecto, sostienen que el factor clave del fracaso de las sesiones extraordinarias es la interna que se desat\u00f3 dentro del oficialismo tras el anuncio del acuerdo con el FMI y la inmediata renuncia de\u00a0<b>M\u00e1ximo Kirchner<\/b>\u00a0a la presidencia del bloque en la C\u00e1mara Baja, quien fue reemplazado por el santafesino\u00a0<b>Germ\u00e1n Mart\u00ednez<\/b>. Frente a este panorama, en el oficialismo estuvieron m\u00e1s preocupados por lograr consensos internos para apoyar el acuerdo con el Fondo Monetario.<\/p>\n<p class=\"paragraph\">El Gobierno espera poder enviarlo a Diputados a fines de esta semana, y\u00a0<b>que sea tratado en el recinto entre el 10 y 15 de marzo.\u00a0<\/b>Una vez ingresado al Congreso, el proyecto deber\u00e1 pasar por la comisi\u00f3n de Presupuesto -la \u00fanica que ya est\u00e1 conformada-, pero tambi\u00e9n podr\u00eda ser girada a la comisi\u00f3n de Finanzas. En este marco, oficialismo y oposici\u00f3n estar\u00e1n obligados a limar asperezas en los pr\u00f3ximos d\u00edas.<\/p>\n<p class=\"paragraph\"><b>Sergio Massa<\/b> asumi\u00f3 un rol clave, tanto para ordenar al oficialismo como para negociar el acompa\u00f1amiento de un sector mayoritario de la oposici\u00f3n al acuerdo que genera dudas y temores en ambas coaliciones. El Gobierno busca que el consenso sea amplio y que la aprobaci\u00f3n no corra ning\u00fan riesgo. El tiempo apremia, el 22 de marzo es el primer vencimiento del pago de la deuda y el acuerdo deber\u00e1 pasar por un proceso de revisi\u00f3n del consejo directivo del FMI antes de su aprobaci\u00f3n definitiva.(<em>Infobae<\/em>)<\/p>\n","protected":false},"excerpt":{"rendered":"<p>El presidente Alberto Fern\u00e1ndez firm\u00f3 el decreto convocando al 140\u00b0 Per\u00edodo Legislativo que comenzar\u00e1 el pr\u00f3ximo martes con el foco puesto en el acuerdo con el Fondo Monetario Internacional<\/p>\n","protected":false},"author":8,"featured_media":72266,"comment_status":"open","ping_status":"open","sticky":false,"template":"","format":"standard","meta":{"fifu_image_url":"","fifu_image_alt":"","footnotes":""},"categories":[16],"tags":[1311,241,3206],"class_list":{"0":"post-72265","1":"post","2":"type-post","3":"status-publish","4":"format-standard","5":"has-post-thumbnail","7":"category-politi","8":"tag-alberto-fernandez","9":"tag-fmi","10":"tag-sesiones-ordinarias"},"yoast_head":"<title>Mientras el Congreso sigue paralizado, el Gobierno oficializ\u00f3 el llamado para la apertura de las sesiones ordinarias - Informe Litoral<\/title>\n<meta name=\"robots\" content=\"index, follow, max-snippet:-1, max-image-preview:large, max-video-preview:-1\" \/>\n<link rel=\"canonical\" href=\"https:\/\/informelitoral.com.ar\/mientras-el-congreso-sigue-paralizado-el-gobierno-oficializo-el-llamado-para-la-apertura-de-las-sesiones-ordinarias\/\" \/>\n<meta property=\"og:locale\" content=\"es_ES\" \/>\n<meta property=\"og:type\" content=\"article\" \/>\n<meta property=\"og:title\" content=\"Mientras el Congreso sigue paralizado, el Gobierno oficializ\u00f3 el llamado para la apertura de las sesiones ordinarias - Informe Litoral\" \/>\n<meta property=\"og:description\" content=\"El presidente Alberto Fern\u00e1ndez firm\u00f3 el decreto convocando al 140\u00b0 Per\u00edodo Legislativo que comenzar\u00e1 el pr\u00f3ximo martes con el foco puesto en el acuerdo con el Fondo Monetario Internacional\" \/>\n<meta property=\"og:url\" content=\"https:\/\/informelitoral.com.ar\/mientras-el-congreso-sigue-paralizado-el-gobierno-oficializo-el-llamado-para-la-apertura-de-las-sesiones-ordinarias\/\" \/>\n<meta property=\"og:site_name\" content=\"Informe Litoral\" \/>\n<meta property=\"article:publisher\" content=\"https:\/\/www.facebook.com\/informelitoral\/\" \/>\n<meta property=\"article:published_time\" content=\"2022-02-23T10:50:23+00:00\" \/>\n<meta property=\"article:modified_time\" content=\"2022-02-23T11:38:20+00:00\" \/>\n<meta property=\"og:image\" content=\"https:\/\/informelitoral.com.ar\/%77%70%2d%63%6f%6e%74%65%6e%74\/uploads\/2022\/02\/alberto-fernandez-olivosjpg.jpg\" \/>\n\t<meta property=\"og:image:width\" content=\"690\" \/>\n\t<meta property=\"og:image:height\" content=\"460\" \/>\n\t<meta property=\"og:image:type\" content=\"image\/jpeg\" \/>\n<meta name=\"author\" content=\"Sebastian\" \/>\n<meta name=\"twitter:card\" content=\"summary_large_image\" \/>\n<meta name=\"twitter:creator\" content=\"@InformeLitoral\" \/>\n<meta name=\"twitter:site\" content=\"@InformeLitoral\" \/>\n<meta name=\"twitter:label1\" content=\"Escrito por\" \/>\n\t<meta name=\"twitter:data1\" content=\"Sebastian\" \/>\n\t<meta name=\"twitter:label2\" content=\"Tiempo de lectura\" \/>\n\t<meta name=\"twitter:data2\" content=\"4 minutos\" \/>\n<script type=\"application\/ld+json\" class=\"yoast-schema-graph\">{\"@context\":\"https:\\\/\\\/schema.org\",\"@graph\":[{\"@type\":\"Article\",\"@id\":\"https:\\\/\\\/informelitoral.com.ar\\\/mientras-el-congreso-sigue-paralizado-el-gobierno-oficializo-el-llamado-para-la-apertura-de-las-sesiones-ordinarias\\\/#article\",\"isPartOf\":{\"@id\":\"https:\\\/\\\/informelitoral.com.ar\\\/mientras-el-congreso-sigue-paralizado-el-gobierno-oficializo-el-llamado-para-la-apertura-de-las-sesiones-ordinarias\\\/\"},\"author\":{\"name\":\"Sebastian\",\"@id\":\"https:\\\/\\\/informelitoral.com.ar\\\/#\\\/schema\\\/person\\\/f05f9f461677119578717524b127d6d5\"},\"headline\":\"Mientras el Congreso sigue paralizado, el Gobierno oficializ\u00f3 el llamado para la apertura de las sesiones ordinarias\",\"datePublished\":\"2022-02-23T10:50:23+00:00\",\"dateModified\":\"2022-02-23T11:38:20+00:00\",\"mainEntityOfPage\":{\"@id\":\"https:\\\/\\\/informelitoral.com.ar\\\/mientras-el-congreso-sigue-paralizado-el-gobierno-oficializo-el-llamado-para-la-apertura-de-las-sesiones-ordinarias\\\/\"},\"wordCount\":727,\"commentCount\":0,\"publisher\":{\"@id\":\"https:\\\/\\\/informelitoral.com.ar\\\/#organization\"},\"image\":{\"@id\":\"https:\\\/\\\/informelitoral.com.ar\\\/mientras-el-congreso-sigue-paralizado-el-gobierno-oficializo-el-llamado-para-la-apertura-de-las-sesiones-ordinarias\\\/#primaryimage\"},\"thumbnailUrl\":\"https:\\\/\\\/informelitoral.com.ar\\\/%77%70%2d%63%6f%6e%74%65%6e%74\\\/uploads\\\/2022\\\/02\\\/alberto-fernandez-olivosjpg.jpg\",\"keywords\":[\"Alberto Fern\u00e1ndez\",\"FMI\",\"Sesiones ordinarias\"],\"articleSection\":[\"Politica\"],\"inLanguage\":\"es\",\"potentialAction\":[{\"@type\":\"CommentAction\",\"name\":\"Comment\",\"target\":[\"https:\\\/\\\/informelitoral.com.ar\\\/mientras-el-congreso-sigue-paralizado-el-gobierno-oficializo-el-llamado-para-la-apertura-de-las-sesiones-ordinarias\\\/#respond\"]}]},{\"@type\":\"WebPage\",\"@id\":\"https:\\\/\\\/informelitoral.com.ar\\\/mientras-el-congreso-sigue-paralizado-el-gobierno-oficializo-el-llamado-para-la-apertura-de-las-sesiones-ordinarias\\\/\",\"url\":\"https:\\\/\\\/informelitoral.com.ar\\\/mientras-el-congreso-sigue-paralizado-el-gobierno-oficializo-el-llamado-para-la-apertura-de-las-sesiones-ordinarias\\\/\",\"name\":\"Mientras el Congreso sigue paralizado, el Gobierno oficializ\u00f3 el llamado para la apertura de las sesiones ordinarias - Informe Litoral\",\"isPartOf\":{\"@id\":\"https:\\\/\\\/informelitoral.com.ar\\\/#website\"},\"primaryImageOfPage\":{\"@id\":\"https:\\\/\\\/informelitoral.com.ar\\\/mientras-el-congreso-sigue-paralizado-el-gobierno-oficializo-el-llamado-para-la-apertura-de-las-sesiones-ordinarias\\\/#primaryimage\"},\"image\":{\"@id\":\"https:\\\/\\\/informelitoral.com.ar\\\/mientras-el-congreso-sigue-paralizado-el-gobierno-oficializo-el-llamado-para-la-apertura-de-las-sesiones-ordinarias\\\/#primaryimage\"},\"thumbnailUrl\":\"https:\\\/\\\/informelitoral.com.ar\\\/%77%70%2d%63%6f%6e%74%65%6e%74\\\/uploads\\\/2022\\\/02\\\/alberto-fernandez-olivosjpg.jpg\",\"datePublished\":\"2022-02-23T10:50:23+00:00\",\"dateModified\":\"2022-02-23T11:38:20+00:00\",\"breadcrumb\":{\"@id\":\"https:\\\/\\\/informelitoral.com.ar\\\/mientras-el-congreso-sigue-paralizado-el-gobierno-oficializo-el-llamado-para-la-apertura-de-las-sesiones-ordinarias\\\/#breadcrumb\"},\"inLanguage\":\"es\",\"potentialAction\":[{\"@type\":\"ReadAction\",\"target\":[\"https:\\\/\\\/informelitoral.com.ar\\\/mientras-el-congreso-sigue-paralizado-el-gobierno-oficializo-el-llamado-para-la-apertura-de-las-sesiones-ordinarias\\\/\"]}]},{\"@type\":\"ImageObject\",\"inLanguage\":\"es\",\"@id\":\"https:\\\/\\\/informelitoral.com.ar\\\/mientras-el-congreso-sigue-paralizado-el-gobierno-oficializo-el-llamado-para-la-apertura-de-las-sesiones-ordinarias\\\/#primaryimage\",\"url\":\"https:\\\/\\\/informelitoral.com.ar\\\/%77%70%2d%63%6f%6e%74%65%6e%74\\\/uploads\\\/2022\\\/02\\\/alberto-fernandez-olivosjpg.jpg\",\"contentUrl\":\"https:\\\/\\\/informelitoral.com.ar\\\/%77%70%2d%63%6f%6e%74%65%6e%74\\\/uploads\\\/2022\\\/02\\\/alberto-fernandez-olivosjpg.jpg\",\"width\":690,\"height\":460},{\"@type\":\"BreadcrumbList\",\"@id\":\"https:\\\/\\\/informelitoral.com.ar\\\/mientras-el-congreso-sigue-paralizado-el-gobierno-oficializo-el-llamado-para-la-apertura-de-las-sesiones-ordinarias\\\/#breadcrumb\",\"itemListElement\":[{\"@type\":\"ListItem\",\"position\":1,\"name\":\"Portada\",\"item\":\"https:\\\/\\\/informelitoral.com.ar\\\/\"},{\"@type\":\"ListItem\",\"position\":2,\"name\":\"Mientras el Congreso sigue paralizado, el Gobierno oficializ\u00f3 el llamado para la apertura de las sesiones ordinarias\"}]},{\"@type\":\"WebSite\",\"@id\":\"https:\\\/\\\/informelitoral.com.ar\\\/#website\",\"url\":\"https:\\\/\\\/informelitoral.com.ar\\\/\",\"name\":\"Informe Litoral\",\"description\":\"&quot;Nos informamos&quot; \",\"publisher\":{\"@id\":\"https:\\\/\\\/informelitoral.com.ar\\\/#organization\"},\"potentialAction\":[{\"@type\":\"SearchAction\",\"target\":{\"@type\":\"EntryPoint\",\"urlTemplate\":\"https:\\\/\\\/informelitoral.com.ar\\\/?s={search_term_string}\"},\"query-input\":{\"@type\":\"PropertyValueSpecification\",\"valueRequired\":true,\"valueName\":\"search_term_string\"}}],\"inLanguage\":\"es\"},{\"@type\":\"Organization\",\"@id\":\"https:\\\/\\\/informelitoral.com.ar\\\/#organization\",\"name\":\"Informe Litoral\",\"url\":\"https:\\\/\\\/informelitoral.com.ar\\\/\",\"logo\":{\"@type\":\"ImageObject\",\"inLanguage\":\"es\",\"@id\":\"https:\\\/\\\/informelitoral.com.ar\\\/#\\\/schema\\\/logo\\\/image\\\/\",\"url\":\"https:\\\/\\\/informelitoral.com.ar\\\/%77%70%2d%63%6f%6e%74%65%6e%74\\\/uploads\\\/2021\\\/01\\\/circulo.png\",\"contentUrl\":\"https:\\\/\\\/informelitoral.com.ar\\\/%77%70%2d%63%6f%6e%74%65%6e%74\\\/uploads\\\/2021\\\/01\\\/circulo.png\",\"width\":723,\"height\":731,\"caption\":\"Informe Litoral\"},\"image\":{\"@id\":\"https:\\\/\\\/informelitoral.com.ar\\\/#\\\/schema\\\/logo\\\/image\\\/\"},\"sameAs\":[\"https:\\\/\\\/www.facebook.com\\\/informelitoral\\\/\",\"https:\\\/\\\/x.com\\\/InformeLitoral\",\"https:\\\/\\\/www.instagram.com\\\/informelitoral\\\/\",\"https:\\\/\\\/www.youtube.com\\\/channel\\\/UCua4Qvz8Icb6MYqhoq9xLXw\"]},{\"@type\":\"Person\",\"@id\":\"https:\\\/\\\/informelitoral.com.ar\\\/#\\\/schema\\\/person\\\/f05f9f461677119578717524b127d6d5\",\"name\":\"Sebastian\",\"image\":{\"@type\":\"ImageObject\",\"inLanguage\":\"es\",\"@id\":\"https:\\\/\\\/secure.gravatar.com\\\/avatar\\\/b71bf7481d447dfb9583c7f2798e7cc64de6efb9067b74633ed8c31059a3bd82?s=96&d=mm&r=g\",\"url\":\"https:\\\/\\\/secure.gravatar.com\\\/avatar\\\/b71bf7481d447dfb9583c7f2798e7cc64de6efb9067b74633ed8c31059a3bd82?s=96&d=mm&r=g\",\"contentUrl\":\"https:\\\/\\\/secure.gravatar.com\\\/avatar\\\/b71bf7481d447dfb9583c7f2798e7cc64de6efb9067b74633ed8c31059a3bd82?s=96&d=mm&r=g\",\"caption\":\"Sebastian\"},\"url\":\"https:\\\/\\\/informelitoral.com.ar\\\/author\\\/sebastian\\\/\"}]}<\/script>","yoast_head_json":{"title":"Mientras el Congreso sigue paralizado, el Gobierno oficializ\u00f3 el llamado para la apertura de las sesiones ordinarias - Informe Litoral","robots":{"index":"index","follow":"follow","max-snippet":"max-snippet:-1","max-image-preview":"max-image-preview:large","max-video-preview":"max-video-preview:-1"},"canonical":"https:\/\/informelitoral.com.ar\/mientras-el-congreso-sigue-paralizado-el-gobierno-oficializo-el-llamado-para-la-apertura-de-las-sesiones-ordinarias\/","og_locale":"es_ES","og_type":"article","og_title":"Mientras el Congreso sigue paralizado, el Gobierno oficializ\u00f3 el llamado para la apertura de las sesiones ordinarias - Informe Litoral","og_description":"El presidente Alberto Fern\u00e1ndez firm\u00f3 el decreto convocando al 140\u00b0 Per\u00edodo Legislativo que comenzar\u00e1 el pr\u00f3ximo martes con el foco puesto en el acuerdo con el Fondo Monetario Internacional","og_url":"https:\/\/informelitoral.com.ar\/mientras-el-congreso-sigue-paralizado-el-gobierno-oficializo-el-llamado-para-la-apertura-de-las-sesiones-ordinarias\/","og_site_name":"Informe Litoral","article_publisher":"https:\/\/www.facebook.com\/informelitoral\/","article_published_time":"2022-02-23T10:50:23+00:00","article_modified_time":"2022-02-23T11:38:20+00:00","og_image":[{"width":690,"height":460,"url":"https:\/\/informelitoral.com.ar\/%77%70%2d%63%6f%6e%74%65%6e%74\/uploads\/2022\/02\/alberto-fernandez-olivosjpg.jpg","type":"image\/jpeg"}],"author":"Sebastian","twitter_card":"summary_large_image","twitter_creator":"@InformeLitoral","twitter_site":"@InformeLitoral","twitter_misc":{"Escrito por":"Sebastian","Tiempo de lectura":"4 minutos"},"schema":{"@context":"https:\/\/schema.org","@graph":[{"@type":"Article","@id":"https:\/\/informelitoral.com.ar\/mientras-el-congreso-sigue-paralizado-el-gobierno-oficializo-el-llamado-para-la-apertura-de-las-sesiones-ordinarias\/#article","isPartOf":{"@id":"https:\/\/informelitoral.com.ar\/mientras-el-congreso-sigue-paralizado-el-gobierno-oficializo-el-llamado-para-la-apertura-de-las-sesiones-ordinarias\/"},"author":{"name":"Sebastian","@id":"https:\/\/informelitoral.com.ar\/#\/schema\/person\/f05f9f461677119578717524b127d6d5"},"headline":"Mientras el Congreso sigue paralizado, el Gobierno oficializ\u00f3 el llamado para la apertura de las sesiones ordinarias","datePublished":"2022-02-23T10:50:23+00:00","dateModified":"2022-02-23T11:38:20+00:00","mainEntityOfPage":{"@id":"https:\/\/informelitoral.com.ar\/mientras-el-congreso-sigue-paralizado-el-gobierno-oficializo-el-llamado-para-la-apertura-de-las-sesiones-ordinarias\/"},"wordCount":727,"commentCount":0,"publisher":{"@id":"https:\/\/informelitoral.com.ar\/#organization"},"image":{"@id":"https:\/\/informelitoral.com.ar\/mientras-el-congreso-sigue-paralizado-el-gobierno-oficializo-el-llamado-para-la-apertura-de-las-sesiones-ordinarias\/#primaryimage"},"thumbnailUrl":"https:\/\/informelitoral.com.ar\/%77%70%2d%63%6f%6e%74%65%6e%74\/uploads\/2022\/02\/alberto-fernandez-olivosjpg.jpg","keywords":["Alberto Fern\u00e1ndez","FMI","Sesiones ordinarias"],"articleSection":["Politica"],"inLanguage":"es","potentialAction":[{"@type":"CommentAction","name":"Comment","target":["https:\/\/informelitoral.com.ar\/mientras-el-congreso-sigue-paralizado-el-gobierno-oficializo-el-llamado-para-la-apertura-de-las-sesiones-ordinarias\/#respond"]}]},{"@type":"WebPage","@id":"https:\/\/informelitoral.com.ar\/mientras-el-congreso-sigue-paralizado-el-gobierno-oficializo-el-llamado-para-la-apertura-de-las-sesiones-ordinarias\/","url":"https:\/\/informelitoral.com.ar\/mientras-el-congreso-sigue-paralizado-el-gobierno-oficializo-el-llamado-para-la-apertura-de-las-sesiones-ordinarias\/","name":"Mientras el Congreso sigue paralizado, el Gobierno oficializ\u00f3 el llamado para la apertura de las sesiones ordinarias - Informe Litoral","isPartOf":{"@id":"https:\/\/informelitoral.com.ar\/#website"},"primaryImageOfPage":{"@id":"https:\/\/informelitoral.com.ar\/mientras-el-congreso-sigue-paralizado-el-gobierno-oficializo-el-llamado-para-la-apertura-de-las-sesiones-ordinarias\/#primaryimage"},"image":{"@id":"https:\/\/informelitoral.com.ar\/mientras-el-congreso-sigue-paralizado-el-gobierno-oficializo-el-llamado-para-la-apertura-de-las-sesiones-ordinarias\/#primaryimage"},"thumbnailUrl":"https:\/\/informelitoral.com.ar\/%77%70%2d%63%6f%6e%74%65%6e%74\/uploads\/2022\/02\/alberto-fernandez-olivosjpg.jpg","datePublished":"2022-02-23T10:50:23+00:00","dateModified":"2022-02-23T11:38:20+00:00","breadcrumb":{"@id":"https:\/\/informelitoral.com.ar\/mientras-el-congreso-sigue-paralizado-el-gobierno-oficializo-el-llamado-para-la-apertura-de-las-sesiones-ordinarias\/#breadcrumb"},"inLanguage":"es","potentialAction":[{"@type":"ReadAction","target":["https:\/\/informelitoral.com.ar\/mientras-el-congreso-sigue-paralizado-el-gobierno-oficializo-el-llamado-para-la-apertura-de-las-sesiones-ordinarias\/"]}]},{"@type":"ImageObject","inLanguage":"es","@id":"https:\/\/informelitoral.com.ar\/mientras-el-congreso-sigue-paralizado-el-gobierno-oficializo-el-llamado-para-la-apertura-de-las-sesiones-ordinarias\/#primaryimage","url":"https:\/\/informelitoral.com.ar\/%77%70%2d%63%6f%6e%74%65%6e%74\/uploads\/2022\/02\/alberto-fernandez-olivosjpg.jpg","contentUrl":"https:\/\/informelitoral.com.ar\/%77%70%2d%63%6f%6e%74%65%6e%74\/uploads\/2022\/02\/alberto-fernandez-olivosjpg.jpg","width":690,"height":460},{"@type":"BreadcrumbList","@id":"https:\/\/informelitoral.com.ar\/mientras-el-congreso-sigue-paralizado-el-gobierno-oficializo-el-llamado-para-la-apertura-de-las-sesiones-ordinarias\/#breadcrumb","itemListElement":[{"@type":"ListItem","position":1,"name":"Portada","item":"https:\/\/informelitoral.com.ar\/"},{"@type":"ListItem","position":2,"name":"Mientras el Congreso sigue paralizado, el Gobierno oficializ\u00f3 el llamado para la apertura de las sesiones ordinarias"}]},{"@type":"WebSite","@id":"https:\/\/informelitoral.com.ar\/#website","url":"https:\/\/informelitoral.com.ar\/","name":"Informe Litoral","description":"&quot;Nos informamos&quot; ","publisher":{"@id":"https:\/\/informelitoral.com.ar\/#organization"},"potentialAction":[{"@type":"SearchAction","target":{"@type":"EntryPoint","urlTemplate":"https:\/\/informelitoral.com.ar\/?s={search_term_string}"},"query-input":{"@type":"PropertyValueSpecification","valueRequired":true,"valueName":"search_term_string"}}],"inLanguage":"es"},{"@type":"Organization","@id":"https:\/\/informelitoral.com.ar\/#organization","name":"Informe Litoral","url":"https:\/\/informelitoral.com.ar\/","logo":{"@type":"ImageObject","inLanguage":"es","@id":"https:\/\/informelitoral.com.ar\/#\/schema\/logo\/image\/","url":"https:\/\/informelitoral.com.ar\/%77%70%2d%63%6f%6e%74%65%6e%74\/uploads\/2021\/01\/circulo.png","contentUrl":"https:\/\/informelitoral.com.ar\/%77%70%2d%63%6f%6e%74%65%6e%74\/uploads\/2021\/01\/circulo.png","width":723,"height":731,"caption":"Informe Litoral"},"image":{"@id":"https:\/\/informelitoral.com.ar\/#\/schema\/logo\/image\/"},"sameAs":["https:\/\/www.facebook.com\/informelitoral\/","https:\/\/x.com\/InformeLitoral","https:\/\/www.instagram.com\/informelitoral\/","https:\/\/www.youtube.com\/channel\/UCua4Qvz8Icb6MYqhoq9xLXw"]},{"@type":"Person","@id":"https:\/\/informelitoral.com.ar\/#\/schema\/person\/f05f9f461677119578717524b127d6d5","name":"Sebastian","image":{"@type":"ImageObject","inLanguage":"es","@id":"https:\/\/secure.gravatar.com\/avatar\/b71bf7481d447dfb9583c7f2798e7cc64de6efb9067b74633ed8c31059a3bd82?s=96&d=mm&r=g","url":"https:\/\/secure.gravatar.com\/avatar\/b71bf7481d447dfb9583c7f2798e7cc64de6efb9067b74633ed8c31059a3bd82?s=96&d=mm&r=g","contentUrl":"https:\/\/secure.gravatar.com\/avatar\/b71bf7481d447dfb9583c7f2798e7cc64de6efb9067b74633ed8c31059a3bd82?s=96&d=mm&r=g","caption":"Sebastian"},"url":"https:\/\/informelitoral.com.ar\/author\/sebastian\/"}]}},"_links":{"self":[{"href":"https:\/\/informelitoral.com.ar\/%77%70%2d%6a%73%6f%6e\/wp\/v2\/posts\/72265","targetHints":{"allow":["GET"]}}],"collection":[{"href":"https:\/\/informelitoral.com.ar\/%77%70%2d%6a%73%6f%6e\/wp\/v2\/posts"}],"about":[{"href":"https:\/\/informelitoral.com.ar\/%77%70%2d%6a%73%6f%6e\/wp\/v2\/types\/post"}],"author":[{"embeddable":true,"href":"https:\/\/informelitoral.com.ar\/%77%70%2d%6a%73%6f%6e\/wp\/v2\/users\/8"}],"replies":[{"embeddable":true,"href":"https:\/\/informelitoral.com.ar\/%77%70%2d%6a%73%6f%6e\/wp\/v2\/comments?post=72265"}],"version-history":[{"count":0,"href":"https:\/\/informelitoral.com.ar\/%77%70%2d%6a%73%6f%6e\/wp\/v2\/posts\/72265\/revisions"}],"wp:featuredmedia":[{"embeddable":true,"href":"https:\/\/informelitoral.com.ar\/%77%70%2d%6a%73%6f%6e\/wp\/v2\/media\/72266"}],"wp:attachment":[{"href":"https:\/\/informelitoral.com.ar\/%77%70%2d%6a%73%6f%6e\/wp\/v2\/media?parent=72265"}],"wp:term":[{"taxonomy":"category","embeddable":true,"href":"https:\/\/informelitoral.com.ar\/%77%70%2d%6a%73%6f%6e\/wp\/v2\/categories?post=72265"},{"taxonomy":"post_tag","embeddable":true,"href":"https:\/\/informelitoral.com.ar\/%77%70%2d%6a%73%6f%6e\/wp\/v2\/tags?post=72265"}],"curies":[{"name":"wp","href":"https:\/\/api.w.org\/{rel}","templated":true}]}}