{"id":7218,"date":"2014-06-23T22:36:06","date_gmt":"2014-06-24T01:36:06","guid":{"rendered":"http:\/\/www.isletasnoticias.com.ar\/?p=7218"},"modified":"2014-06-23T22:43:23","modified_gmt":"2014-06-24T01:43:23","slug":"acusan-al-grupo-etchevehere-por-reduccion-a-la-servidumbre","status":"publish","type":"post","link":"https:\/\/informelitoral.com.ar\/acusan-al-grupo-etchevehere-por-reduccion-a-la-servidumbre\/","title":{"rendered":"Acusan al Grupo Etchevehere por reducci\u00f3n a la servidumbre"},"content":{"rendered":"<p style=\"text-align: left;\"><strong>Los hermanos <em>Sergio<\/em> y <em>Antonio Cornejo<\/em>, quienes llevan 38 a\u00f1os trabajando para la familia del titular de la Sociedad Rural, nunca recibieron un sueldo digno.<a href=\"http:\/\/www.isletasnoticias.com.ar\/%77%70%2d%63%6f%6e%74%65%6e%74\/uploads\/2014\/06\/45259_499876230090981_398873558_n.jpg\"><img loading=\"lazy\" decoding=\"async\" class=\"aligncenter  wp-image-7220\" alt=\"45259_499876230090981_398873558_n\" src=\"http:\/\/www.isletasnoticias.com.ar\/%77%70%2d%63%6f%6e%74%65%6e%74\/uploads\/2014\/06\/45259_499876230090981_398873558_n-300x287.jpg\" width=\"500\" height=\"300\" \/><\/a><\/strong><\/p>\n<p>Los hermanos Cornejo relataron qu\u00e9 tareas hac\u00edan, en qu\u00e9 condiciones viv\u00edan y cu\u00e1l era la relaci\u00f3n que ten\u00edan con los distintos miembros de la familia Etchevehere, incluyendo al titular de la Sociedad\u00a0Rural\u00a0Argentina,<a href=\"https:\/\/www.facebook.com\/profile.php?id=499855960093008&amp;ref=ts&amp;fref=ts\">\u00a0Luis Miguel Etchevehere<\/a>, declararon este lunes al diario\u00a0<i>P\u00e1gina 12.<\/i><\/p>\n<p>Seg\u00fan expresa el matutino, Sergio de\u00a059 a\u00f1os\u00a0y Antonio de\u00a065, cumplieron el 14 de junio\u00a038 a\u00f1os \u00abal servicio\u00bb de los Etchevehere, en la estancia La Hoyita, a la que llegaron en 1976, tras el golpe de Estado c\u00edvico-militar. Los Cornejo empezaron con changas, junto a su padre, y despu\u00e9s pasaron por todos los oficios: limpiar las malezas, cortar le\u00f1a, alambrar, sembrar,\u00a0\u00a0trabajos por los que\u00a0nunca recibieron un recibo de sueldo.<\/p>\n<p>Luego de la denuncia penal del Renatea, los Cornejo contaron que\u00a0les \u00abofrecieron\u00bb dinero a cambio de que declarasen que no trabajaron en La Hoyita. Durante los \u00faltimos tres a\u00f1os, los hermanos vivieron en una\u00a0casilla\u00a0de cuatro por cuatro, sin luz, agua, ni ba\u00f1o, cobrando s\u00f3lo\u00a0450 pesos\u00a0cada uno.<\/p>\n<p>Esta semana presentaron un telegrama exigi\u00e9ndoles a los Etchevehere que les paguen los sueldos adeudados desde 1976\u00a0y este martes brindar\u00e1n su declaraci\u00f3n testimonial ante el fiscal\u00a0Samuel Rojkin, que investiga el posible delito de reducci\u00f3n a la servidumbre\u00a0al que habr\u00edan sido sometidos durante 38 a\u00f1os.<\/p>\n<p>Los trabajadores se\u00f1alaron en di\u00e1logo con el diario que ten\u00edan trato \u00abcon Olivera, que era el capataz, y el patr\u00f3n era\u00a0Miguel Lorenzo Barbero, el padre de\u00a0Leonor\u00a0(madre de Luis Miguel, Arturo Sebasti\u00e1n y Juan Diego Etchevehere)\u00bb, mientras que despu\u00e9s de la muerte de Barbero fueron Leonor y\u00a0Arturo Serbasti\u00e1n Etchevere\u00a0quienes oficiaron de administradores.<\/p>\n<p>A Luis Miguel, titular de la Sociedad Rural, por otro lado se\u00f1alaron concoerlo \u00abLos conocemos a todos. Son cuatro. Tres hombres y una mujer, la Dolores. Los conocemos de trabajar ac\u00e1\u00bb.<\/p>\n<p>\u00abLeonor nos pidi\u00f3 que no dij\u00e9ramos nada, que no trabaj\u00e1bamos ac\u00e1. Vino con Juan Diego y Sebasti\u00e1n (Etchevehere) y nos dijo que, si no dec\u00edamos nada,\u00a0nos iba a dar esta casa y 2000 pesos\u00a0a cada uno.\u00a0&#8216;Ustedes digan que no trabajan ac\u00e1&#8217;, dec\u00eda. Maldonado (el actual capataz, casado con una sobrina de los Cornejo) tambi\u00e9n ten\u00eda que decir que no trabajamos ac\u00e1. Pero es mentira: 38 a\u00f1os, el 14 (de junio) hizo 38 a\u00f1os\u00bb hicieron saber los peones.<\/p>\n<p>La estancia La Hoyita est\u00e1 ubicada en la localidad entrerriana de Rosario del Tala, sobre la Ruta 15. Cuenta con 2280 hect\u00e1reas destinadas a la agricultura y la ganader\u00eda. Una parte de este campo forma parte de Las Margaritas SA, integrada adem\u00e1s por las estancias Los Cachorros, Casa Nueva, El Supremo y Las Margaritas. En total, la empresa del Grupo Etchevehere totaliza m\u00e1s de 5 mil hect\u00e1reas. El campo La Hoyita pertenec\u00eda a la familia Barbero y fue heredado por Leonor, quien le transfiri\u00f3 el 42 por ciento de las acciones a la sociedad jur\u00eddica Las Margaritas.<\/p>\n","protected":false},"excerpt":{"rendered":"<p>Los hermanos Sergio y Antonio Cornejo, quienes llevan 38 a&ntilde;os trabajando para la familia del titular de la Sociedad Rural, nunca recibieron un sueldo digno. Los hermanos Cornejo relataron qu&eacute; tareas hac&iacute;an, en qu&eacute; condiciones viv&iacute;an y cu&aacute;l era la relaci&oacute;n que ten&iacute;an con los distintos miembros de la familia Etchevehere, incluyendo al titular de [&hellip;]<\/p>\n","protected":false},"author":2,"featured_media":0,"comment_status":"open","ping_status":"open","sticky":false,"template":"","format":"standard","meta":{"fifu_image_url":"","fifu_image_alt":"","footnotes":""},"categories":[7],"tags":[],"class_list":{"0":"post-7218","1":"post","2":"type-post","3":"status-publish","4":"format-standard","6":"category-nacionales"},"yoast_head":"<title>Acusan al Grupo Etchevehere por reducci\u00f3n a la servidumbre - Informe Litoral<\/title>\n<meta name=\"robots\" content=\"index, follow, max-snippet:-1, max-image-preview:large, max-video-preview:-1\" \/>\n<link rel=\"canonical\" href=\"https:\/\/informelitoral.com.ar\/acusan-al-grupo-etchevehere-por-reduccion-a-la-servidumbre\/\" \/>\n<meta property=\"og:locale\" content=\"es_ES\" \/>\n<meta property=\"og:type\" content=\"article\" \/>\n<meta property=\"og:title\" content=\"Acusan al Grupo Etchevehere por reducci\u00f3n a la servidumbre - Informe Litoral\" \/>\n<meta property=\"og:description\" content=\"Los hermanos Sergio y Antonio Cornejo, quienes llevan 38 a&ntilde;os trabajando para la familia del titular de la Sociedad Rural, nunca recibieron un sueldo digno. Los hermanos Cornejo relataron qu&eacute; tareas hac&iacute;an, en qu&eacute; condiciones viv&iacute;an y cu&aacute;l era la relaci&oacute;n que ten&iacute;an con los distintos miembros de la familia Etchevehere, incluyendo al titular de [&hellip;]\" \/>\n<meta property=\"og:url\" content=\"https:\/\/informelitoral.com.ar\/acusan-al-grupo-etchevehere-por-reduccion-a-la-servidumbre\/\" \/>\n<meta property=\"og:site_name\" content=\"Informe Litoral\" \/>\n<meta property=\"article:publisher\" content=\"https:\/\/www.facebook.com\/informelitoral\/\" \/>\n<meta property=\"article:published_time\" content=\"2014-06-24T01:36:06+00:00\" \/>\n<meta property=\"article:modified_time\" content=\"2014-06-24T01:43:23+00:00\" \/>\n<meta property=\"og:image\" content=\"https:\/\/informelitoral.com.ar\/%77%70%2d%63%6f%6e%74%65%6e%74\/uploads\/2014\/06\/45259_499876230090981_398873558_n.jpg\" \/>\n\t<meta property=\"og:image:width\" content=\"424\" \/>\n\t<meta property=\"og:image:height\" content=\"407\" \/>\n\t<meta property=\"og:image:type\" content=\"image\/jpeg\" \/>\n<meta name=\"author\" content=\"Gonzalo Schmidt\" \/>\n<meta name=\"twitter:card\" content=\"summary_large_image\" \/>\n<meta name=\"twitter:creator\" content=\"@InformeLitoral\" \/>\n<meta name=\"twitter:site\" content=\"@InformeLitoral\" \/>\n<meta name=\"twitter:label1\" content=\"Escrito por\" \/>\n\t<meta name=\"twitter:data1\" content=\"Gonzalo Schmidt\" \/>\n\t<meta name=\"twitter:label2\" content=\"Tiempo de lectura\" \/>\n\t<meta name=\"twitter:data2\" content=\"3 minutos\" \/>\n<script type=\"application\/ld+json\" class=\"yoast-schema-graph\">{\"@context\":\"https:\\\/\\\/schema.org\",\"@graph\":[{\"@type\":\"Article\",\"@id\":\"https:\\\/\\\/informelitoral.com.ar\\\/acusan-al-grupo-etchevehere-por-reduccion-a-la-servidumbre\\\/#article\",\"isPartOf\":{\"@id\":\"https:\\\/\\\/informelitoral.com.ar\\\/acusan-al-grupo-etchevehere-por-reduccion-a-la-servidumbre\\\/\"},\"author\":{\"name\":\"Gonzalo Schmidt\",\"@id\":\"https:\\\/\\\/informelitoral.com.ar\\\/#\\\/schema\\\/person\\\/b9d00407c836482871ef1d57bf8e3180\"},\"headline\":\"Acusan al Grupo Etchevehere por reducci\u00f3n a la servidumbre\",\"datePublished\":\"2014-06-24T01:36:06+00:00\",\"dateModified\":\"2014-06-24T01:43:23+00:00\",\"mainEntityOfPage\":{\"@id\":\"https:\\\/\\\/informelitoral.com.ar\\\/acusan-al-grupo-etchevehere-por-reduccion-a-la-servidumbre\\\/\"},\"wordCount\":543,\"commentCount\":0,\"publisher\":{\"@id\":\"https:\\\/\\\/informelitoral.com.ar\\\/#organization\"},\"image\":{\"@id\":\"https:\\\/\\\/informelitoral.com.ar\\\/acusan-al-grupo-etchevehere-por-reduccion-a-la-servidumbre\\\/#primaryimage\"},\"thumbnailUrl\":\"http:\\\/\\\/www.isletasnoticias.com.ar\\\/%77%70%2d%63%6f%6e%74%65%6e%74\\\/uploads\\\/2014\\\/06\\\/45259_499876230090981_398873558_n-300x287.jpg\",\"articleSection\":[\"Nacionales\"],\"inLanguage\":\"es\",\"potentialAction\":[{\"@type\":\"CommentAction\",\"name\":\"Comment\",\"target\":[\"https:\\\/\\\/informelitoral.com.ar\\\/acusan-al-grupo-etchevehere-por-reduccion-a-la-servidumbre\\\/#respond\"]}]},{\"@type\":\"WebPage\",\"@id\":\"https:\\\/\\\/informelitoral.com.ar\\\/acusan-al-grupo-etchevehere-por-reduccion-a-la-servidumbre\\\/\",\"url\":\"https:\\\/\\\/informelitoral.com.ar\\\/acusan-al-grupo-etchevehere-por-reduccion-a-la-servidumbre\\\/\",\"name\":\"Acusan al Grupo Etchevehere por reducci\u00f3n a la servidumbre - Informe Litoral\",\"isPartOf\":{\"@id\":\"https:\\\/\\\/informelitoral.com.ar\\\/#website\"},\"primaryImageOfPage\":{\"@id\":\"https:\\\/\\\/informelitoral.com.ar\\\/acusan-al-grupo-etchevehere-por-reduccion-a-la-servidumbre\\\/#primaryimage\"},\"image\":{\"@id\":\"https:\\\/\\\/informelitoral.com.ar\\\/acusan-al-grupo-etchevehere-por-reduccion-a-la-servidumbre\\\/#primaryimage\"},\"thumbnailUrl\":\"http:\\\/\\\/www.isletasnoticias.com.ar\\\/%77%70%2d%63%6f%6e%74%65%6e%74\\\/uploads\\\/2014\\\/06\\\/45259_499876230090981_398873558_n-300x287.jpg\",\"datePublished\":\"2014-06-24T01:36:06+00:00\",\"dateModified\":\"2014-06-24T01:43:23+00:00\",\"breadcrumb\":{\"@id\":\"https:\\\/\\\/informelitoral.com.ar\\\/acusan-al-grupo-etchevehere-por-reduccion-a-la-servidumbre\\\/#breadcrumb\"},\"inLanguage\":\"es\",\"potentialAction\":[{\"@type\":\"ReadAction\",\"target\":[\"https:\\\/\\\/informelitoral.com.ar\\\/acusan-al-grupo-etchevehere-por-reduccion-a-la-servidumbre\\\/\"]}]},{\"@type\":\"ImageObject\",\"inLanguage\":\"es\",\"@id\":\"https:\\\/\\\/informelitoral.com.ar\\\/acusan-al-grupo-etchevehere-por-reduccion-a-la-servidumbre\\\/#primaryimage\",\"url\":\"http:\\\/\\\/www.isletasnoticias.com.ar\\\/%77%70%2d%63%6f%6e%74%65%6e%74\\\/uploads\\\/2014\\\/06\\\/45259_499876230090981_398873558_n-300x287.jpg\",\"contentUrl\":\"http:\\\/\\\/www.isletasnoticias.com.ar\\\/%77%70%2d%63%6f%6e%74%65%6e%74\\\/uploads\\\/2014\\\/06\\\/45259_499876230090981_398873558_n-300x287.jpg\"},{\"@type\":\"BreadcrumbList\",\"@id\":\"https:\\\/\\\/informelitoral.com.ar\\\/acusan-al-grupo-etchevehere-por-reduccion-a-la-servidumbre\\\/#breadcrumb\",\"itemListElement\":[{\"@type\":\"ListItem\",\"position\":1,\"name\":\"Portada\",\"item\":\"https:\\\/\\\/informelitoral.com.ar\\\/\"},{\"@type\":\"ListItem\",\"position\":2,\"name\":\"Acusan al Grupo Etchevehere por reducci\u00f3n a la servidumbre\"}]},{\"@type\":\"WebSite\",\"@id\":\"https:\\\/\\\/informelitoral.com.ar\\\/#website\",\"url\":\"https:\\\/\\\/informelitoral.com.ar\\\/\",\"name\":\"Informe Litoral\",\"description\":\"&quot;Nos informamos&quot; \",\"publisher\":{\"@id\":\"https:\\\/\\\/informelitoral.com.ar\\\/#organization\"},\"potentialAction\":[{\"@type\":\"SearchAction\",\"target\":{\"@type\":\"EntryPoint\",\"urlTemplate\":\"https:\\\/\\\/informelitoral.com.ar\\\/?s={search_term_string}\"},\"query-input\":{\"@type\":\"PropertyValueSpecification\",\"valueRequired\":true,\"valueName\":\"search_term_string\"}}],\"inLanguage\":\"es\"},{\"@type\":\"Organization\",\"@id\":\"https:\\\/\\\/informelitoral.com.ar\\\/#organization\",\"name\":\"Informe Litoral\",\"url\":\"https:\\\/\\\/informelitoral.com.ar\\\/\",\"logo\":{\"@type\":\"ImageObject\",\"inLanguage\":\"es\",\"@id\":\"https:\\\/\\\/informelitoral.com.ar\\\/#\\\/schema\\\/logo\\\/image\\\/\",\"url\":\"https:\\\/\\\/informelitoral.com.ar\\\/%77%70%2d%63%6f%6e%74%65%6e%74\\\/uploads\\\/2021\\\/01\\\/circulo.png\",\"contentUrl\":\"https:\\\/\\\/informelitoral.com.ar\\\/%77%70%2d%63%6f%6e%74%65%6e%74\\\/uploads\\\/2021\\\/01\\\/circulo.png\",\"width\":723,\"height\":731,\"caption\":\"Informe Litoral\"},\"image\":{\"@id\":\"https:\\\/\\\/informelitoral.com.ar\\\/#\\\/schema\\\/logo\\\/image\\\/\"},\"sameAs\":[\"https:\\\/\\\/www.facebook.com\\\/informelitoral\\\/\",\"https:\\\/\\\/x.com\\\/InformeLitoral\",\"https:\\\/\\\/www.instagram.com\\\/informelitoral\\\/\",\"https:\\\/\\\/www.youtube.com\\\/channel\\\/UCua4Qvz8Icb6MYqhoq9xLXw\"]},{\"@type\":\"Person\",\"@id\":\"https:\\\/\\\/informelitoral.com.ar\\\/#\\\/schema\\\/person\\\/b9d00407c836482871ef1d57bf8e3180\",\"name\":\"Gonzalo Schmidt\",\"image\":{\"@type\":\"ImageObject\",\"inLanguage\":\"es\",\"@id\":\"https:\\\/\\\/secure.gravatar.com\\\/avatar\\\/31a1a7b66ff2de83bd0e9fd79d026630d2d99e55e8bfe501287647b4fd9743de?s=96&d=mm&r=g\",\"url\":\"https:\\\/\\\/secure.gravatar.com\\\/avatar\\\/31a1a7b66ff2de83bd0e9fd79d026630d2d99e55e8bfe501287647b4fd9743de?s=96&d=mm&r=g\",\"contentUrl\":\"https:\\\/\\\/secure.gravatar.com\\\/avatar\\\/31a1a7b66ff2de83bd0e9fd79d026630d2d99e55e8bfe501287647b4fd9743de?s=96&d=mm&r=g\",\"caption\":\"Gonzalo Schmidt\"},\"description\":\"Sitio web de noticias de la provincia de Entre R\u00edos, Argentina. Informaci\u00f3n y entretenimiento. Informe Litoral, nos informamos.\",\"sameAs\":[\"http:\\\/\\\/www.isletasnoticias.com.ar\"],\"url\":\"https:\\\/\\\/informelitoral.com.ar\\\/author\\\/gonzalo\\\/\"}]}<\/script>","yoast_head_json":{"title":"Acusan al Grupo Etchevehere por reducci\u00f3n a la servidumbre - Informe Litoral","robots":{"index":"index","follow":"follow","max-snippet":"max-snippet:-1","max-image-preview":"max-image-preview:large","max-video-preview":"max-video-preview:-1"},"canonical":"https:\/\/informelitoral.com.ar\/acusan-al-grupo-etchevehere-por-reduccion-a-la-servidumbre\/","og_locale":"es_ES","og_type":"article","og_title":"Acusan al Grupo Etchevehere por reducci\u00f3n a la servidumbre - Informe Litoral","og_description":"Los hermanos Sergio y Antonio Cornejo, quienes llevan 38 a&ntilde;os trabajando para la familia del titular de la Sociedad Rural, nunca recibieron un sueldo digno. Los hermanos Cornejo relataron qu&eacute; tareas hac&iacute;an, en qu&eacute; condiciones viv&iacute;an y cu&aacute;l era la relaci&oacute;n que ten&iacute;an con los distintos miembros de la familia Etchevehere, incluyendo al titular de [&hellip;]","og_url":"https:\/\/informelitoral.com.ar\/acusan-al-grupo-etchevehere-por-reduccion-a-la-servidumbre\/","og_site_name":"Informe Litoral","article_publisher":"https:\/\/www.facebook.com\/informelitoral\/","article_published_time":"2014-06-24T01:36:06+00:00","article_modified_time":"2014-06-24T01:43:23+00:00","og_image":[{"width":424,"height":407,"url":"https:\/\/informelitoral.com.ar\/%77%70%2d%63%6f%6e%74%65%6e%74\/uploads\/2014\/06\/45259_499876230090981_398873558_n.jpg","type":"image\/jpeg"}],"author":"Gonzalo Schmidt","twitter_card":"summary_large_image","twitter_creator":"@InformeLitoral","twitter_site":"@InformeLitoral","twitter_misc":{"Escrito por":"Gonzalo Schmidt","Tiempo de lectura":"3 minutos"},"schema":{"@context":"https:\/\/schema.org","@graph":[{"@type":"Article","@id":"https:\/\/informelitoral.com.ar\/acusan-al-grupo-etchevehere-por-reduccion-a-la-servidumbre\/#article","isPartOf":{"@id":"https:\/\/informelitoral.com.ar\/acusan-al-grupo-etchevehere-por-reduccion-a-la-servidumbre\/"},"author":{"name":"Gonzalo Schmidt","@id":"https:\/\/informelitoral.com.ar\/#\/schema\/person\/b9d00407c836482871ef1d57bf8e3180"},"headline":"Acusan al Grupo Etchevehere por reducci\u00f3n a la servidumbre","datePublished":"2014-06-24T01:36:06+00:00","dateModified":"2014-06-24T01:43:23+00:00","mainEntityOfPage":{"@id":"https:\/\/informelitoral.com.ar\/acusan-al-grupo-etchevehere-por-reduccion-a-la-servidumbre\/"},"wordCount":543,"commentCount":0,"publisher":{"@id":"https:\/\/informelitoral.com.ar\/#organization"},"image":{"@id":"https:\/\/informelitoral.com.ar\/acusan-al-grupo-etchevehere-por-reduccion-a-la-servidumbre\/#primaryimage"},"thumbnailUrl":"http:\/\/www.isletasnoticias.com.ar\/%77%70%2d%63%6f%6e%74%65%6e%74\/uploads\/2014\/06\/45259_499876230090981_398873558_n-300x287.jpg","articleSection":["Nacionales"],"inLanguage":"es","potentialAction":[{"@type":"CommentAction","name":"Comment","target":["https:\/\/informelitoral.com.ar\/acusan-al-grupo-etchevehere-por-reduccion-a-la-servidumbre\/#respond"]}]},{"@type":"WebPage","@id":"https:\/\/informelitoral.com.ar\/acusan-al-grupo-etchevehere-por-reduccion-a-la-servidumbre\/","url":"https:\/\/informelitoral.com.ar\/acusan-al-grupo-etchevehere-por-reduccion-a-la-servidumbre\/","name":"Acusan al Grupo Etchevehere por reducci\u00f3n a la servidumbre - Informe Litoral","isPartOf":{"@id":"https:\/\/informelitoral.com.ar\/#website"},"primaryImageOfPage":{"@id":"https:\/\/informelitoral.com.ar\/acusan-al-grupo-etchevehere-por-reduccion-a-la-servidumbre\/#primaryimage"},"image":{"@id":"https:\/\/informelitoral.com.ar\/acusan-al-grupo-etchevehere-por-reduccion-a-la-servidumbre\/#primaryimage"},"thumbnailUrl":"http:\/\/www.isletasnoticias.com.ar\/%77%70%2d%63%6f%6e%74%65%6e%74\/uploads\/2014\/06\/45259_499876230090981_398873558_n-300x287.jpg","datePublished":"2014-06-24T01:36:06+00:00","dateModified":"2014-06-24T01:43:23+00:00","breadcrumb":{"@id":"https:\/\/informelitoral.com.ar\/acusan-al-grupo-etchevehere-por-reduccion-a-la-servidumbre\/#breadcrumb"},"inLanguage":"es","potentialAction":[{"@type":"ReadAction","target":["https:\/\/informelitoral.com.ar\/acusan-al-grupo-etchevehere-por-reduccion-a-la-servidumbre\/"]}]},{"@type":"ImageObject","inLanguage":"es","@id":"https:\/\/informelitoral.com.ar\/acusan-al-grupo-etchevehere-por-reduccion-a-la-servidumbre\/#primaryimage","url":"http:\/\/www.isletasnoticias.com.ar\/%77%70%2d%63%6f%6e%74%65%6e%74\/uploads\/2014\/06\/45259_499876230090981_398873558_n-300x287.jpg","contentUrl":"http:\/\/www.isletasnoticias.com.ar\/%77%70%2d%63%6f%6e%74%65%6e%74\/uploads\/2014\/06\/45259_499876230090981_398873558_n-300x287.jpg"},{"@type":"BreadcrumbList","@id":"https:\/\/informelitoral.com.ar\/acusan-al-grupo-etchevehere-por-reduccion-a-la-servidumbre\/#breadcrumb","itemListElement":[{"@type":"ListItem","position":1,"name":"Portada","item":"https:\/\/informelitoral.com.ar\/"},{"@type":"ListItem","position":2,"name":"Acusan al Grupo Etchevehere por reducci\u00f3n a la servidumbre"}]},{"@type":"WebSite","@id":"https:\/\/informelitoral.com.ar\/#website","url":"https:\/\/informelitoral.com.ar\/","name":"Informe Litoral","description":"&quot;Nos informamos&quot; ","publisher":{"@id":"https:\/\/informelitoral.com.ar\/#organization"},"potentialAction":[{"@type":"SearchAction","target":{"@type":"EntryPoint","urlTemplate":"https:\/\/informelitoral.com.ar\/?s={search_term_string}"},"query-input":{"@type":"PropertyValueSpecification","valueRequired":true,"valueName":"search_term_string"}}],"inLanguage":"es"},{"@type":"Organization","@id":"https:\/\/informelitoral.com.ar\/#organization","name":"Informe Litoral","url":"https:\/\/informelitoral.com.ar\/","logo":{"@type":"ImageObject","inLanguage":"es","@id":"https:\/\/informelitoral.com.ar\/#\/schema\/logo\/image\/","url":"https:\/\/informelitoral.com.ar\/%77%70%2d%63%6f%6e%74%65%6e%74\/uploads\/2021\/01\/circulo.png","contentUrl":"https:\/\/informelitoral.com.ar\/%77%70%2d%63%6f%6e%74%65%6e%74\/uploads\/2021\/01\/circulo.png","width":723,"height":731,"caption":"Informe Litoral"},"image":{"@id":"https:\/\/informelitoral.com.ar\/#\/schema\/logo\/image\/"},"sameAs":["https:\/\/www.facebook.com\/informelitoral\/","https:\/\/x.com\/InformeLitoral","https:\/\/www.instagram.com\/informelitoral\/","https:\/\/www.youtube.com\/channel\/UCua4Qvz8Icb6MYqhoq9xLXw"]},{"@type":"Person","@id":"https:\/\/informelitoral.com.ar\/#\/schema\/person\/b9d00407c836482871ef1d57bf8e3180","name":"Gonzalo Schmidt","image":{"@type":"ImageObject","inLanguage":"es","@id":"https:\/\/secure.gravatar.com\/avatar\/31a1a7b66ff2de83bd0e9fd79d026630d2d99e55e8bfe501287647b4fd9743de?s=96&d=mm&r=g","url":"https:\/\/secure.gravatar.com\/avatar\/31a1a7b66ff2de83bd0e9fd79d026630d2d99e55e8bfe501287647b4fd9743de?s=96&d=mm&r=g","contentUrl":"https:\/\/secure.gravatar.com\/avatar\/31a1a7b66ff2de83bd0e9fd79d026630d2d99e55e8bfe501287647b4fd9743de?s=96&d=mm&r=g","caption":"Gonzalo Schmidt"},"description":"Sitio web de noticias de la provincia de Entre R\u00edos, Argentina. Informaci\u00f3n y entretenimiento. Informe Litoral, nos informamos.","sameAs":["http:\/\/www.isletasnoticias.com.ar"],"url":"https:\/\/informelitoral.com.ar\/author\/gonzalo\/"}]}},"_links":{"self":[{"href":"https:\/\/informelitoral.com.ar\/%77%70%2d%6a%73%6f%6e\/wp\/v2\/posts\/7218","targetHints":{"allow":["GET"]}}],"collection":[{"href":"https:\/\/informelitoral.com.ar\/%77%70%2d%6a%73%6f%6e\/wp\/v2\/posts"}],"about":[{"href":"https:\/\/informelitoral.com.ar\/%77%70%2d%6a%73%6f%6e\/wp\/v2\/types\/post"}],"author":[{"embeddable":true,"href":"https:\/\/informelitoral.com.ar\/%77%70%2d%6a%73%6f%6e\/wp\/v2\/users\/2"}],"replies":[{"embeddable":true,"href":"https:\/\/informelitoral.com.ar\/%77%70%2d%6a%73%6f%6e\/wp\/v2\/comments?post=7218"}],"version-history":[{"count":0,"href":"https:\/\/informelitoral.com.ar\/%77%70%2d%6a%73%6f%6e\/wp\/v2\/posts\/7218\/revisions"}],"wp:attachment":[{"href":"https:\/\/informelitoral.com.ar\/%77%70%2d%6a%73%6f%6e\/wp\/v2\/media?parent=7218"}],"wp:term":[{"taxonomy":"category","embeddable":true,"href":"https:\/\/informelitoral.com.ar\/%77%70%2d%6a%73%6f%6e\/wp\/v2\/categories?post=7218"},{"taxonomy":"post_tag","embeddable":true,"href":"https:\/\/informelitoral.com.ar\/%77%70%2d%6a%73%6f%6e\/wp\/v2\/tags?post=7218"}],"curies":[{"name":"wp","href":"https:\/\/api.w.org\/{rel}","templated":true}]}}