{"id":7215,"date":"2014-06-23T21:25:56","date_gmt":"2014-06-24T00:25:56","guid":{"rendered":"http:\/\/www.isletasnoticias.com.ar\/?p=7215"},"modified":"2014-06-23T21:25:56","modified_gmt":"2014-06-24T00:25:56","slug":"fraude-en-ater-diputado-radical-pide-la-renuncia-de-las-autoridades","status":"publish","type":"post","link":"https:\/\/informelitoral.com.ar\/fraude-en-ater-diputado-radical-pide-la-renuncia-de-las-autoridades\/","title":{"rendered":"Fraude en Ater: diputado radical pide la renuncia de las autoridades"},"content":{"rendered":"<p style=\"text-align: left;\"><strong><em>Agust\u00edn Federik<\/em> reclam\u00f3 \u201cun paso al costado\u201d de \u201clos funcionarios involucrados en la conducci\u00f3n de la Ater y quienes firmaron los expedientes\u201d. Adem\u00e1s critic\u00f3 que el informe de <em>Casaretto<\/em> fue solo para los legisladores oficialistas.<a href=\"http:\/\/www.isletasnoticias.com.ar\/%77%70%2d%63%6f%6e%74%65%6e%74\/uploads\/2014\/06\/o_1342142762.jpg\"><img loading=\"lazy\" decoding=\"async\" class=\"aligncenter  wp-image-7216\" alt=\"o_1342142762\" src=\"http:\/\/www.isletasnoticias.com.ar\/%77%70%2d%63%6f%6e%74%65%6e%74\/uploads\/2014\/06\/o_1342142762-300x168.jpg\" width=\"500\" height=\"300\" \/><\/a><\/strong><\/p>\n<p>\u201cPedir una compensaci\u00f3n de impuestos era ingresar en un sistema en el cual la corrupci\u00f3n rozaba los m\u00e1s altos niveles del gobierno\u201d, asegur\u00f3 el legislador y luego a\u00f1adi\u00f3 que \u201cel gobierno piensa que todo esto es gratis y va a ser eterno, ellos creen que con estos movimientos en la Ater se va a terminar todo en dos meses. Pero esta cuesti\u00f3n es muy seria\u201d. M\u00e1s adelante critic\u00f3 que \u201clo que pas\u00f3 en Ater desnuda que el r\u00e9gimen de compensaciones ha sido objeto de un manotazo de sectores de la corrupci\u00f3n del gobierno provincial que se aprovecharon de esto\u201d.<\/p>\n<p>\u201cCada compensaci\u00f3n tiene que tener su consecuente expediente, as\u00ed que cuando vean que el mismo es virtual, eso ya denota un acto de corrupci\u00f3n. A m\u00ed me causaron mucha tristeza las declaraciones en las que dec\u00edan que los responsables eran los contadores y no los due\u00f1os de las empresas. No se puede decir que hay empresarios que no saben lo que pas\u00f3. No se puede decir que los impuestos eran compensados y que el contador era el \u00fanico que le hac\u00eda los tr\u00e1mites, eso es tomarnos de est\u00fapidos a todos los entrerrianos. Ac\u00e1 hay una responsabilidad de todos los organismos provinciales que ten\u00edan que hacer de contralor\u201d, cuestion\u00f3 en declaraciones al programa <em>A quien corresponda <\/em>que se emite por<em> Radio de la Plaza, <\/em>seg\u00fan reprodujo Informe Digital.<\/p>\n<p>Asimismo, a\u00f1adi\u00f3: \u201cEl peronismo debe saber que esto no es eterno. Ac\u00e1 se tiene que investigar y salir a la luz todo lo que pas\u00f3. No solo lo de Ater, sino tambi\u00e9n lo de la plata a Cotapa, al frigor\u00edfico Vicental, etc. Todas esas cuestiones que no se da informaci\u00f3n. Espero que esto no se tome como una cuesti\u00f3n impositiva, donde las prescripciones son cortas, porque los delitos de los funcionarios no pueden prescribir\u201d, lanz\u00f3.<\/p>\n<p>\u201cEs rid\u00edculo que se conforme una comisi\u00f3n especial para investigar esto. Nosotros incluso tenemos pedidos de informe del Tribunal de Cuentas que nos han ridiculizado porque no nos ha contestado nunca\u201d, cont\u00f3.<\/p>\n<p>Luego critic\u00f3 que Marcelo Casaretto \u201cfue a informar lo que pas\u00f3 a la Legislatura, pero se lo inform\u00f3 solamente a los legisladores del PJ. Ah\u00ed fue donde sali\u00f3 esa teor\u00eda de que podr\u00eda ser que los empresarios no tendr\u00edan nada que ver y que ser\u00edan los contadores los responsables\u201d.<\/p>\n","protected":false},"excerpt":{"rendered":"<p>Agust&iacute;n Federik reclam&oacute; &ldquo;un paso al costado&rdquo; de &ldquo;los funcionarios involucrados en la conducci&oacute;n de la Ater y quienes firmaron los expedientes&rdquo;. Adem&aacute;s critic&oacute; que el informe de Casaretto fue solo para los legisladores oficialistas. &ldquo;Pedir una compensaci&oacute;n de impuestos era ingresar en un sistema en el cual la corrupci&oacute;n rozaba los m&aacute;s altos niveles [&hellip;]<\/p>\n","protected":false},"author":2,"featured_media":0,"comment_status":"open","ping_status":"open","sticky":false,"template":"","format":"standard","meta":{"fifu_image_url":"","fifu_image_alt":"","footnotes":""},"categories":[6,16],"tags":[],"class_list":{"0":"post-7215","1":"post","2":"type-post","3":"status-publish","4":"format-standard","6":"category-entre-rios","7":"category-politi"},"yoast_head":"<title>Fraude en Ater: diputado radical pide la renuncia de las autoridades - Informe Litoral<\/title>\n<meta name=\"robots\" content=\"index, follow, max-snippet:-1, max-image-preview:large, max-video-preview:-1\" \/>\n<link rel=\"canonical\" href=\"https:\/\/informelitoral.com.ar\/fraude-en-ater-diputado-radical-pide-la-renuncia-de-las-autoridades\/\" \/>\n<meta property=\"og:locale\" content=\"es_ES\" \/>\n<meta property=\"og:type\" content=\"article\" \/>\n<meta property=\"og:title\" content=\"Fraude en Ater: diputado radical pide la renuncia de las autoridades - Informe Litoral\" \/>\n<meta property=\"og:description\" content=\"Agust&iacute;n Federik reclam&oacute; &ldquo;un paso al costado&rdquo; de &ldquo;los funcionarios involucrados en la conducci&oacute;n de la Ater y quienes firmaron los expedientes&rdquo;. Adem&aacute;s critic&oacute; que el informe de Casaretto fue solo para los legisladores oficialistas. &ldquo;Pedir una compensaci&oacute;n de impuestos era ingresar en un sistema en el cual la corrupci&oacute;n rozaba los m&aacute;s altos niveles [&hellip;]\" \/>\n<meta property=\"og:url\" content=\"https:\/\/informelitoral.com.ar\/fraude-en-ater-diputado-radical-pide-la-renuncia-de-las-autoridades\/\" \/>\n<meta property=\"og:site_name\" content=\"Informe Litoral\" \/>\n<meta property=\"article:publisher\" content=\"https:\/\/www.facebook.com\/informelitoral\/\" \/>\n<meta property=\"article:published_time\" content=\"2014-06-24T00:25:56+00:00\" \/>\n<meta property=\"og:image\" content=\"https:\/\/informelitoral.com.ar\/%77%70%2d%63%6f%6e%74%65%6e%74\/uploads\/2014\/06\/o_1342142762.jpg\" \/>\n\t<meta property=\"og:image:width\" content=\"640\" \/>\n\t<meta property=\"og:image:height\" content=\"360\" \/>\n\t<meta property=\"og:image:type\" content=\"image\/jpeg\" \/>\n<meta name=\"author\" content=\"Gonzalo Schmidt\" \/>\n<meta name=\"twitter:card\" content=\"summary_large_image\" \/>\n<meta name=\"twitter:creator\" content=\"@InformeLitoral\" \/>\n<meta name=\"twitter:site\" content=\"@InformeLitoral\" \/>\n<meta name=\"twitter:label1\" content=\"Escrito por\" \/>\n\t<meta name=\"twitter:data1\" content=\"Gonzalo Schmidt\" \/>\n\t<meta name=\"twitter:label2\" content=\"Tiempo de lectura\" \/>\n\t<meta name=\"twitter:data2\" content=\"2 minutos\" \/>\n<script type=\"application\/ld+json\" class=\"yoast-schema-graph\">{\"@context\":\"https:\\\/\\\/schema.org\",\"@graph\":[{\"@type\":\"Article\",\"@id\":\"https:\\\/\\\/informelitoral.com.ar\\\/fraude-en-ater-diputado-radical-pide-la-renuncia-de-las-autoridades\\\/#article\",\"isPartOf\":{\"@id\":\"https:\\\/\\\/informelitoral.com.ar\\\/fraude-en-ater-diputado-radical-pide-la-renuncia-de-las-autoridades\\\/\"},\"author\":{\"name\":\"Gonzalo Schmidt\",\"@id\":\"https:\\\/\\\/informelitoral.com.ar\\\/#\\\/schema\\\/person\\\/b9d00407c836482871ef1d57bf8e3180\"},\"headline\":\"Fraude en Ater: diputado radical pide la renuncia de las autoridades\",\"datePublished\":\"2014-06-24T00:25:56+00:00\",\"mainEntityOfPage\":{\"@id\":\"https:\\\/\\\/informelitoral.com.ar\\\/fraude-en-ater-diputado-radical-pide-la-renuncia-de-las-autoridades\\\/\"},\"wordCount\":459,\"commentCount\":0,\"publisher\":{\"@id\":\"https:\\\/\\\/informelitoral.com.ar\\\/#organization\"},\"image\":{\"@id\":\"https:\\\/\\\/informelitoral.com.ar\\\/fraude-en-ater-diputado-radical-pide-la-renuncia-de-las-autoridades\\\/#primaryimage\"},\"thumbnailUrl\":\"http:\\\/\\\/www.isletasnoticias.com.ar\\\/%77%70%2d%63%6f%6e%74%65%6e%74\\\/uploads\\\/2014\\\/06\\\/o_1342142762-300x168.jpg\",\"articleSection\":[\"Entre R\u00edos\",\"Politica\"],\"inLanguage\":\"es\",\"potentialAction\":[{\"@type\":\"CommentAction\",\"name\":\"Comment\",\"target\":[\"https:\\\/\\\/informelitoral.com.ar\\\/fraude-en-ater-diputado-radical-pide-la-renuncia-de-las-autoridades\\\/#respond\"]}]},{\"@type\":\"WebPage\",\"@id\":\"https:\\\/\\\/informelitoral.com.ar\\\/fraude-en-ater-diputado-radical-pide-la-renuncia-de-las-autoridades\\\/\",\"url\":\"https:\\\/\\\/informelitoral.com.ar\\\/fraude-en-ater-diputado-radical-pide-la-renuncia-de-las-autoridades\\\/\",\"name\":\"Fraude en Ater: diputado radical pide la renuncia de las autoridades - Informe Litoral\",\"isPartOf\":{\"@id\":\"https:\\\/\\\/informelitoral.com.ar\\\/#website\"},\"primaryImageOfPage\":{\"@id\":\"https:\\\/\\\/informelitoral.com.ar\\\/fraude-en-ater-diputado-radical-pide-la-renuncia-de-las-autoridades\\\/#primaryimage\"},\"image\":{\"@id\":\"https:\\\/\\\/informelitoral.com.ar\\\/fraude-en-ater-diputado-radical-pide-la-renuncia-de-las-autoridades\\\/#primaryimage\"},\"thumbnailUrl\":\"http:\\\/\\\/www.isletasnoticias.com.ar\\\/%77%70%2d%63%6f%6e%74%65%6e%74\\\/uploads\\\/2014\\\/06\\\/o_1342142762-300x168.jpg\",\"datePublished\":\"2014-06-24T00:25:56+00:00\",\"breadcrumb\":{\"@id\":\"https:\\\/\\\/informelitoral.com.ar\\\/fraude-en-ater-diputado-radical-pide-la-renuncia-de-las-autoridades\\\/#breadcrumb\"},\"inLanguage\":\"es\",\"potentialAction\":[{\"@type\":\"ReadAction\",\"target\":[\"https:\\\/\\\/informelitoral.com.ar\\\/fraude-en-ater-diputado-radical-pide-la-renuncia-de-las-autoridades\\\/\"]}]},{\"@type\":\"ImageObject\",\"inLanguage\":\"es\",\"@id\":\"https:\\\/\\\/informelitoral.com.ar\\\/fraude-en-ater-diputado-radical-pide-la-renuncia-de-las-autoridades\\\/#primaryimage\",\"url\":\"http:\\\/\\\/www.isletasnoticias.com.ar\\\/%77%70%2d%63%6f%6e%74%65%6e%74\\\/uploads\\\/2014\\\/06\\\/o_1342142762-300x168.jpg\",\"contentUrl\":\"http:\\\/\\\/www.isletasnoticias.com.ar\\\/%77%70%2d%63%6f%6e%74%65%6e%74\\\/uploads\\\/2014\\\/06\\\/o_1342142762-300x168.jpg\"},{\"@type\":\"BreadcrumbList\",\"@id\":\"https:\\\/\\\/informelitoral.com.ar\\\/fraude-en-ater-diputado-radical-pide-la-renuncia-de-las-autoridades\\\/#breadcrumb\",\"itemListElement\":[{\"@type\":\"ListItem\",\"position\":1,\"name\":\"Portada\",\"item\":\"https:\\\/\\\/informelitoral.com.ar\\\/\"},{\"@type\":\"ListItem\",\"position\":2,\"name\":\"Fraude en Ater: diputado radical pide la renuncia de las autoridades\"}]},{\"@type\":\"WebSite\",\"@id\":\"https:\\\/\\\/informelitoral.com.ar\\\/#website\",\"url\":\"https:\\\/\\\/informelitoral.com.ar\\\/\",\"name\":\"Informe Litoral\",\"description\":\"&quot;Nos informamos&quot; \",\"publisher\":{\"@id\":\"https:\\\/\\\/informelitoral.com.ar\\\/#organization\"},\"potentialAction\":[{\"@type\":\"SearchAction\",\"target\":{\"@type\":\"EntryPoint\",\"urlTemplate\":\"https:\\\/\\\/informelitoral.com.ar\\\/?s={search_term_string}\"},\"query-input\":{\"@type\":\"PropertyValueSpecification\",\"valueRequired\":true,\"valueName\":\"search_term_string\"}}],\"inLanguage\":\"es\"},{\"@type\":\"Organization\",\"@id\":\"https:\\\/\\\/informelitoral.com.ar\\\/#organization\",\"name\":\"Informe Litoral\",\"url\":\"https:\\\/\\\/informelitoral.com.ar\\\/\",\"logo\":{\"@type\":\"ImageObject\",\"inLanguage\":\"es\",\"@id\":\"https:\\\/\\\/informelitoral.com.ar\\\/#\\\/schema\\\/logo\\\/image\\\/\",\"url\":\"https:\\\/\\\/informelitoral.com.ar\\\/%77%70%2d%63%6f%6e%74%65%6e%74\\\/uploads\\\/2021\\\/01\\\/circulo.png\",\"contentUrl\":\"https:\\\/\\\/informelitoral.com.ar\\\/%77%70%2d%63%6f%6e%74%65%6e%74\\\/uploads\\\/2021\\\/01\\\/circulo.png\",\"width\":723,\"height\":731,\"caption\":\"Informe Litoral\"},\"image\":{\"@id\":\"https:\\\/\\\/informelitoral.com.ar\\\/#\\\/schema\\\/logo\\\/image\\\/\"},\"sameAs\":[\"https:\\\/\\\/www.facebook.com\\\/informelitoral\\\/\",\"https:\\\/\\\/x.com\\\/InformeLitoral\",\"https:\\\/\\\/www.instagram.com\\\/informelitoral\\\/\",\"https:\\\/\\\/www.youtube.com\\\/channel\\\/UCua4Qvz8Icb6MYqhoq9xLXw\"]},{\"@type\":\"Person\",\"@id\":\"https:\\\/\\\/informelitoral.com.ar\\\/#\\\/schema\\\/person\\\/b9d00407c836482871ef1d57bf8e3180\",\"name\":\"Gonzalo Schmidt\",\"image\":{\"@type\":\"ImageObject\",\"inLanguage\":\"es\",\"@id\":\"https:\\\/\\\/secure.gravatar.com\\\/avatar\\\/31a1a7b66ff2de83bd0e9fd79d026630d2d99e55e8bfe501287647b4fd9743de?s=96&d=mm&r=g\",\"url\":\"https:\\\/\\\/secure.gravatar.com\\\/avatar\\\/31a1a7b66ff2de83bd0e9fd79d026630d2d99e55e8bfe501287647b4fd9743de?s=96&d=mm&r=g\",\"contentUrl\":\"https:\\\/\\\/secure.gravatar.com\\\/avatar\\\/31a1a7b66ff2de83bd0e9fd79d026630d2d99e55e8bfe501287647b4fd9743de?s=96&d=mm&r=g\",\"caption\":\"Gonzalo Schmidt\"},\"description\":\"Sitio web de noticias de la provincia de Entre R\u00edos, Argentina. Informaci\u00f3n y entretenimiento. Informe Litoral, nos informamos.\",\"sameAs\":[\"http:\\\/\\\/www.isletasnoticias.com.ar\"],\"url\":\"https:\\\/\\\/informelitoral.com.ar\\\/author\\\/gonzalo\\\/\"}]}<\/script>","yoast_head_json":{"title":"Fraude en Ater: diputado radical pide la renuncia de las autoridades - Informe Litoral","robots":{"index":"index","follow":"follow","max-snippet":"max-snippet:-1","max-image-preview":"max-image-preview:large","max-video-preview":"max-video-preview:-1"},"canonical":"https:\/\/informelitoral.com.ar\/fraude-en-ater-diputado-radical-pide-la-renuncia-de-las-autoridades\/","og_locale":"es_ES","og_type":"article","og_title":"Fraude en Ater: diputado radical pide la renuncia de las autoridades - Informe Litoral","og_description":"Agust&iacute;n Federik reclam&oacute; &ldquo;un paso al costado&rdquo; de &ldquo;los funcionarios involucrados en la conducci&oacute;n de la Ater y quienes firmaron los expedientes&rdquo;. Adem&aacute;s critic&oacute; que el informe de Casaretto fue solo para los legisladores oficialistas. &ldquo;Pedir una compensaci&oacute;n de impuestos era ingresar en un sistema en el cual la corrupci&oacute;n rozaba los m&aacute;s altos niveles [&hellip;]","og_url":"https:\/\/informelitoral.com.ar\/fraude-en-ater-diputado-radical-pide-la-renuncia-de-las-autoridades\/","og_site_name":"Informe Litoral","article_publisher":"https:\/\/www.facebook.com\/informelitoral\/","article_published_time":"2014-06-24T00:25:56+00:00","og_image":[{"width":640,"height":360,"url":"https:\/\/informelitoral.com.ar\/%77%70%2d%63%6f%6e%74%65%6e%74\/uploads\/2014\/06\/o_1342142762.jpg","type":"image\/jpeg"}],"author":"Gonzalo Schmidt","twitter_card":"summary_large_image","twitter_creator":"@InformeLitoral","twitter_site":"@InformeLitoral","twitter_misc":{"Escrito por":"Gonzalo Schmidt","Tiempo de lectura":"2 minutos"},"schema":{"@context":"https:\/\/schema.org","@graph":[{"@type":"Article","@id":"https:\/\/informelitoral.com.ar\/fraude-en-ater-diputado-radical-pide-la-renuncia-de-las-autoridades\/#article","isPartOf":{"@id":"https:\/\/informelitoral.com.ar\/fraude-en-ater-diputado-radical-pide-la-renuncia-de-las-autoridades\/"},"author":{"name":"Gonzalo Schmidt","@id":"https:\/\/informelitoral.com.ar\/#\/schema\/person\/b9d00407c836482871ef1d57bf8e3180"},"headline":"Fraude en Ater: diputado radical pide la renuncia de las autoridades","datePublished":"2014-06-24T00:25:56+00:00","mainEntityOfPage":{"@id":"https:\/\/informelitoral.com.ar\/fraude-en-ater-diputado-radical-pide-la-renuncia-de-las-autoridades\/"},"wordCount":459,"commentCount":0,"publisher":{"@id":"https:\/\/informelitoral.com.ar\/#organization"},"image":{"@id":"https:\/\/informelitoral.com.ar\/fraude-en-ater-diputado-radical-pide-la-renuncia-de-las-autoridades\/#primaryimage"},"thumbnailUrl":"http:\/\/www.isletasnoticias.com.ar\/%77%70%2d%63%6f%6e%74%65%6e%74\/uploads\/2014\/06\/o_1342142762-300x168.jpg","articleSection":["Entre R\u00edos","Politica"],"inLanguage":"es","potentialAction":[{"@type":"CommentAction","name":"Comment","target":["https:\/\/informelitoral.com.ar\/fraude-en-ater-diputado-radical-pide-la-renuncia-de-las-autoridades\/#respond"]}]},{"@type":"WebPage","@id":"https:\/\/informelitoral.com.ar\/fraude-en-ater-diputado-radical-pide-la-renuncia-de-las-autoridades\/","url":"https:\/\/informelitoral.com.ar\/fraude-en-ater-diputado-radical-pide-la-renuncia-de-las-autoridades\/","name":"Fraude en Ater: diputado radical pide la renuncia de las autoridades - Informe Litoral","isPartOf":{"@id":"https:\/\/informelitoral.com.ar\/#website"},"primaryImageOfPage":{"@id":"https:\/\/informelitoral.com.ar\/fraude-en-ater-diputado-radical-pide-la-renuncia-de-las-autoridades\/#primaryimage"},"image":{"@id":"https:\/\/informelitoral.com.ar\/fraude-en-ater-diputado-radical-pide-la-renuncia-de-las-autoridades\/#primaryimage"},"thumbnailUrl":"http:\/\/www.isletasnoticias.com.ar\/%77%70%2d%63%6f%6e%74%65%6e%74\/uploads\/2014\/06\/o_1342142762-300x168.jpg","datePublished":"2014-06-24T00:25:56+00:00","breadcrumb":{"@id":"https:\/\/informelitoral.com.ar\/fraude-en-ater-diputado-radical-pide-la-renuncia-de-las-autoridades\/#breadcrumb"},"inLanguage":"es","potentialAction":[{"@type":"ReadAction","target":["https:\/\/informelitoral.com.ar\/fraude-en-ater-diputado-radical-pide-la-renuncia-de-las-autoridades\/"]}]},{"@type":"ImageObject","inLanguage":"es","@id":"https:\/\/informelitoral.com.ar\/fraude-en-ater-diputado-radical-pide-la-renuncia-de-las-autoridades\/#primaryimage","url":"http:\/\/www.isletasnoticias.com.ar\/%77%70%2d%63%6f%6e%74%65%6e%74\/uploads\/2014\/06\/o_1342142762-300x168.jpg","contentUrl":"http:\/\/www.isletasnoticias.com.ar\/%77%70%2d%63%6f%6e%74%65%6e%74\/uploads\/2014\/06\/o_1342142762-300x168.jpg"},{"@type":"BreadcrumbList","@id":"https:\/\/informelitoral.com.ar\/fraude-en-ater-diputado-radical-pide-la-renuncia-de-las-autoridades\/#breadcrumb","itemListElement":[{"@type":"ListItem","position":1,"name":"Portada","item":"https:\/\/informelitoral.com.ar\/"},{"@type":"ListItem","position":2,"name":"Fraude en Ater: diputado radical pide la renuncia de las autoridades"}]},{"@type":"WebSite","@id":"https:\/\/informelitoral.com.ar\/#website","url":"https:\/\/informelitoral.com.ar\/","name":"Informe Litoral","description":"&quot;Nos informamos&quot; ","publisher":{"@id":"https:\/\/informelitoral.com.ar\/#organization"},"potentialAction":[{"@type":"SearchAction","target":{"@type":"EntryPoint","urlTemplate":"https:\/\/informelitoral.com.ar\/?s={search_term_string}"},"query-input":{"@type":"PropertyValueSpecification","valueRequired":true,"valueName":"search_term_string"}}],"inLanguage":"es"},{"@type":"Organization","@id":"https:\/\/informelitoral.com.ar\/#organization","name":"Informe Litoral","url":"https:\/\/informelitoral.com.ar\/","logo":{"@type":"ImageObject","inLanguage":"es","@id":"https:\/\/informelitoral.com.ar\/#\/schema\/logo\/image\/","url":"https:\/\/informelitoral.com.ar\/%77%70%2d%63%6f%6e%74%65%6e%74\/uploads\/2021\/01\/circulo.png","contentUrl":"https:\/\/informelitoral.com.ar\/%77%70%2d%63%6f%6e%74%65%6e%74\/uploads\/2021\/01\/circulo.png","width":723,"height":731,"caption":"Informe Litoral"},"image":{"@id":"https:\/\/informelitoral.com.ar\/#\/schema\/logo\/image\/"},"sameAs":["https:\/\/www.facebook.com\/informelitoral\/","https:\/\/x.com\/InformeLitoral","https:\/\/www.instagram.com\/informelitoral\/","https:\/\/www.youtube.com\/channel\/UCua4Qvz8Icb6MYqhoq9xLXw"]},{"@type":"Person","@id":"https:\/\/informelitoral.com.ar\/#\/schema\/person\/b9d00407c836482871ef1d57bf8e3180","name":"Gonzalo Schmidt","image":{"@type":"ImageObject","inLanguage":"es","@id":"https:\/\/secure.gravatar.com\/avatar\/31a1a7b66ff2de83bd0e9fd79d026630d2d99e55e8bfe501287647b4fd9743de?s=96&d=mm&r=g","url":"https:\/\/secure.gravatar.com\/avatar\/31a1a7b66ff2de83bd0e9fd79d026630d2d99e55e8bfe501287647b4fd9743de?s=96&d=mm&r=g","contentUrl":"https:\/\/secure.gravatar.com\/avatar\/31a1a7b66ff2de83bd0e9fd79d026630d2d99e55e8bfe501287647b4fd9743de?s=96&d=mm&r=g","caption":"Gonzalo Schmidt"},"description":"Sitio web de noticias de la provincia de Entre R\u00edos, Argentina. Informaci\u00f3n y entretenimiento. Informe Litoral, nos informamos.","sameAs":["http:\/\/www.isletasnoticias.com.ar"],"url":"https:\/\/informelitoral.com.ar\/author\/gonzalo\/"}]}},"_links":{"self":[{"href":"https:\/\/informelitoral.com.ar\/%77%70%2d%6a%73%6f%6e\/wp\/v2\/posts\/7215","targetHints":{"allow":["GET"]}}],"collection":[{"href":"https:\/\/informelitoral.com.ar\/%77%70%2d%6a%73%6f%6e\/wp\/v2\/posts"}],"about":[{"href":"https:\/\/informelitoral.com.ar\/%77%70%2d%6a%73%6f%6e\/wp\/v2\/types\/post"}],"author":[{"embeddable":true,"href":"https:\/\/informelitoral.com.ar\/%77%70%2d%6a%73%6f%6e\/wp\/v2\/users\/2"}],"replies":[{"embeddable":true,"href":"https:\/\/informelitoral.com.ar\/%77%70%2d%6a%73%6f%6e\/wp\/v2\/comments?post=7215"}],"version-history":[{"count":0,"href":"https:\/\/informelitoral.com.ar\/%77%70%2d%6a%73%6f%6e\/wp\/v2\/posts\/7215\/revisions"}],"wp:attachment":[{"href":"https:\/\/informelitoral.com.ar\/%77%70%2d%6a%73%6f%6e\/wp\/v2\/media?parent=7215"}],"wp:term":[{"taxonomy":"category","embeddable":true,"href":"https:\/\/informelitoral.com.ar\/%77%70%2d%6a%73%6f%6e\/wp\/v2\/categories?post=7215"},{"taxonomy":"post_tag","embeddable":true,"href":"https:\/\/informelitoral.com.ar\/%77%70%2d%6a%73%6f%6e\/wp\/v2\/tags?post=7215"}],"curies":[{"name":"wp","href":"https:\/\/api.w.org\/{rel}","templated":true}]}}