{"id":72128,"date":"2022-02-21T09:04:45","date_gmt":"2022-02-21T12:04:45","guid":{"rendered":"https:\/\/www.informelitoral.com.ar\/?p=72128"},"modified":"2022-02-21T09:04:45","modified_gmt":"2022-02-21T12:04:45","slug":"incendios-y-sequia-se-reunio-el-consejo-federal-agropecuario-por-la-situacion-ganadera","status":"publish","type":"post","link":"https:\/\/informelitoral.com.ar\/incendios-y-sequia-se-reunio-el-consejo-federal-agropecuario-por-la-situacion-ganadera\/","title":{"rendered":"Incendios y sequ\u00eda: se reuni\u00f3 el Consejo Federal Agropecuario por la situaci\u00f3n ganadera"},"content":{"rendered":"<p>Adem\u00e1s de la consecuencia de los severos da\u00f1os que como saldo dejaron los incendios, tambi\u00e9n se solicit\u00f3 avanzar en gestiones ante el\u00a0<strong><a href=\"https:\/\/www.infocampo.com.ar\/diana-guillen-fue-confirmada-oficialmente-como-presidenta-del-senasa\/\" target=\"_blank\" rel=\"noopener noreferrer\">SENASA<\/a>\u00a0<\/strong>para un procedimiento de vacunaci\u00f3n que permita minimizar los riesgos y salvaguardar la sanidad animal.<\/p>\n<p>Encabezando la reuni\u00f3n estuvo el Secretario de Agricultura, Ganader\u00eda y Pesca de la Naci\u00f3n, Mat\u00edas Lestani; Jorge Ru\u00edz; los subsecretarios Ariel Mart\u00ednez (Coordinaci\u00f3n Pol\u00edtica) y Jos\u00e9 Mar\u00eda Romero (Ganader\u00eda y Producci\u00f3n Animal); y el presidente del INTA, Mariano Garmendia.<\/p>\n<p>Bajo este contexto, se destacaron las l\u00edneas de cr\u00e9ditos disponibles, tanto la de bancos provinciales (en el caso de Corrientes) como la del Plan GanAr, a tasa bonificada por el gobierno nacional que contempla financiaci\u00f3n para la infraestructura predial y para la compra del alimento de los animales.<\/p>\n<p>Por su parte, la Comisi\u00f3n Nacional de Emergencia y Desastre Agropecuario se reuni\u00f3 en forma remota desde la cartera agropecuaria nacional. As\u00ed, se recomend\u00f3\u00a0<strong>homologar a nivel nacional el estado de emergencia<\/strong>\u00a0en las provincias de Corrientes, Formosa, Chaco, Entre R\u00edos y Buenos Aires.<\/p>\n<p>En este caso, la reuni\u00f3n fue encabezada por el subsecretario de Coordinaci\u00f3n Pol\u00edtica de la cartera agropecuaria, Ariel Mart\u00ednez, y el director Nacional de Emergencias y Desastres Agropecuarios, Fabi\u00e1n Jaras, junto a los equipos t\u00e9cnicos provinciales y representantes de la AFIP; de las carteras de Interior, Econom\u00eda y de Trabajo; del INTA; el Servicio Meteorol\u00f3gico Nacional y de t\u00e9cnicos de las entidades agropecuarias.<\/p>\n","protected":false},"excerpt":{"rendered":"<p>Autoridades nacionales y representantes provinciales se juntaron para definir acciones ante la baja productividad ganadera futura como saldo de los da\u00f1os.<\/p>\n","protected":false},"author":8,"featured_media":72129,"comment_status":"open","ping_status":"open","sticky":false,"template":"","format":"standard","meta":{"fifu_image_url":"","fifu_image_alt":"","footnotes":""},"categories":[10],"tags":[3180,509,59],"class_list":{"0":"post-72128","1":"post","2":"type-post","3":"status-publish","4":"format-standard","5":"has-post-thumbnail","7":"category-campo","8":"tag-consejo-federal-agropecuario","9":"tag-incendio","10":"tag-sequia"},"yoast_head":"<title>Incendios y sequ\u00eda: se reuni\u00f3 el Consejo Federal Agropecuario por la situaci\u00f3n ganadera - Informe Litoral<\/title>\n<meta name=\"robots\" content=\"index, follow, max-snippet:-1, max-image-preview:large, max-video-preview:-1\" \/>\n<link rel=\"canonical\" href=\"https:\/\/informelitoral.com.ar\/incendios-y-sequia-se-reunio-el-consejo-federal-agropecuario-por-la-situacion-ganadera\/\" \/>\n<meta property=\"og:locale\" content=\"es_ES\" \/>\n<meta property=\"og:type\" content=\"article\" \/>\n<meta property=\"og:title\" content=\"Incendios y sequ\u00eda: se reuni\u00f3 el Consejo Federal Agropecuario por la situaci\u00f3n ganadera - Informe Litoral\" \/>\n<meta property=\"og:description\" content=\"Autoridades nacionales y representantes provinciales se juntaron para definir acciones ante la baja productividad ganadera futura como saldo de los da\u00f1os.\" \/>\n<meta property=\"og:url\" content=\"https:\/\/informelitoral.com.ar\/incendios-y-sequia-se-reunio-el-consejo-federal-agropecuario-por-la-situacion-ganadera\/\" \/>\n<meta property=\"og:site_name\" content=\"Informe Litoral\" \/>\n<meta property=\"article:publisher\" content=\"https:\/\/www.facebook.com\/informelitoral\/\" \/>\n<meta property=\"article:published_time\" content=\"2022-02-21T12:04:45+00:00\" \/>\n<meta property=\"og:image\" content=\"https:\/\/informelitoral.com.ar\/%77%70%2d%63%6f%6e%74%65%6e%74\/uploads\/2022\/02\/5fb7a41423e84_837_627.jpg\" \/>\n\t<meta property=\"og:image:width\" content=\"837\" \/>\n\t<meta property=\"og:image:height\" content=\"627\" \/>\n\t<meta property=\"og:image:type\" content=\"image\/jpeg\" \/>\n<meta name=\"author\" content=\"Sebastian\" \/>\n<meta name=\"twitter:card\" content=\"summary_large_image\" \/>\n<meta name=\"twitter:creator\" content=\"@InformeLitoral\" \/>\n<meta name=\"twitter:site\" content=\"@InformeLitoral\" \/>\n<meta name=\"twitter:label1\" content=\"Escrito por\" \/>\n\t<meta name=\"twitter:data1\" content=\"Sebastian\" \/>\n\t<meta name=\"twitter:label2\" content=\"Tiempo de lectura\" \/>\n\t<meta name=\"twitter:data2\" content=\"1 minuto\" \/>\n<script type=\"application\/ld+json\" class=\"yoast-schema-graph\">{\"@context\":\"https:\\\/\\\/schema.org\",\"@graph\":[{\"@type\":\"Article\",\"@id\":\"https:\\\/\\\/informelitoral.com.ar\\\/incendios-y-sequia-se-reunio-el-consejo-federal-agropecuario-por-la-situacion-ganadera\\\/#article\",\"isPartOf\":{\"@id\":\"https:\\\/\\\/informelitoral.com.ar\\\/incendios-y-sequia-se-reunio-el-consejo-federal-agropecuario-por-la-situacion-ganadera\\\/\"},\"author\":{\"name\":\"Sebastian\",\"@id\":\"https:\\\/\\\/informelitoral.com.ar\\\/#\\\/schema\\\/person\\\/f05f9f461677119578717524b127d6d5\"},\"headline\":\"Incendios y sequ\u00eda: se reuni\u00f3 el Consejo Federal Agropecuario por la situaci\u00f3n ganadera\",\"datePublished\":\"2022-02-21T12:04:45+00:00\",\"mainEntityOfPage\":{\"@id\":\"https:\\\/\\\/informelitoral.com.ar\\\/incendios-y-sequia-se-reunio-el-consejo-federal-agropecuario-por-la-situacion-ganadera\\\/\"},\"wordCount\":276,\"commentCount\":0,\"publisher\":{\"@id\":\"https:\\\/\\\/informelitoral.com.ar\\\/#organization\"},\"image\":{\"@id\":\"https:\\\/\\\/informelitoral.com.ar\\\/incendios-y-sequia-se-reunio-el-consejo-federal-agropecuario-por-la-situacion-ganadera\\\/#primaryimage\"},\"thumbnailUrl\":\"https:\\\/\\\/informelitoral.com.ar\\\/%77%70%2d%63%6f%6e%74%65%6e%74\\\/uploads\\\/2022\\\/02\\\/5fb7a41423e84_837_627.jpg\",\"keywords\":[\"Consejo Federal Agropecuario\",\"Incendio\",\"Sequ\u00eda\"],\"articleSection\":[\"Campo\"],\"inLanguage\":\"es\",\"potentialAction\":[{\"@type\":\"CommentAction\",\"name\":\"Comment\",\"target\":[\"https:\\\/\\\/informelitoral.com.ar\\\/incendios-y-sequia-se-reunio-el-consejo-federal-agropecuario-por-la-situacion-ganadera\\\/#respond\"]}]},{\"@type\":\"WebPage\",\"@id\":\"https:\\\/\\\/informelitoral.com.ar\\\/incendios-y-sequia-se-reunio-el-consejo-federal-agropecuario-por-la-situacion-ganadera\\\/\",\"url\":\"https:\\\/\\\/informelitoral.com.ar\\\/incendios-y-sequia-se-reunio-el-consejo-federal-agropecuario-por-la-situacion-ganadera\\\/\",\"name\":\"Incendios y sequ\u00eda: se reuni\u00f3 el Consejo Federal Agropecuario por la situaci\u00f3n ganadera - Informe Litoral\",\"isPartOf\":{\"@id\":\"https:\\\/\\\/informelitoral.com.ar\\\/#website\"},\"primaryImageOfPage\":{\"@id\":\"https:\\\/\\\/informelitoral.com.ar\\\/incendios-y-sequia-se-reunio-el-consejo-federal-agropecuario-por-la-situacion-ganadera\\\/#primaryimage\"},\"image\":{\"@id\":\"https:\\\/\\\/informelitoral.com.ar\\\/incendios-y-sequia-se-reunio-el-consejo-federal-agropecuario-por-la-situacion-ganadera\\\/#primaryimage\"},\"thumbnailUrl\":\"https:\\\/\\\/informelitoral.com.ar\\\/%77%70%2d%63%6f%6e%74%65%6e%74\\\/uploads\\\/2022\\\/02\\\/5fb7a41423e84_837_627.jpg\",\"datePublished\":\"2022-02-21T12:04:45+00:00\",\"breadcrumb\":{\"@id\":\"https:\\\/\\\/informelitoral.com.ar\\\/incendios-y-sequia-se-reunio-el-consejo-federal-agropecuario-por-la-situacion-ganadera\\\/#breadcrumb\"},\"inLanguage\":\"es\",\"potentialAction\":[{\"@type\":\"ReadAction\",\"target\":[\"https:\\\/\\\/informelitoral.com.ar\\\/incendios-y-sequia-se-reunio-el-consejo-federal-agropecuario-por-la-situacion-ganadera\\\/\"]}]},{\"@type\":\"ImageObject\",\"inLanguage\":\"es\",\"@id\":\"https:\\\/\\\/informelitoral.com.ar\\\/incendios-y-sequia-se-reunio-el-consejo-federal-agropecuario-por-la-situacion-ganadera\\\/#primaryimage\",\"url\":\"https:\\\/\\\/informelitoral.com.ar\\\/%77%70%2d%63%6f%6e%74%65%6e%74\\\/uploads\\\/2022\\\/02\\\/5fb7a41423e84_837_627.jpg\",\"contentUrl\":\"https:\\\/\\\/informelitoral.com.ar\\\/%77%70%2d%63%6f%6e%74%65%6e%74\\\/uploads\\\/2022\\\/02\\\/5fb7a41423e84_837_627.jpg\",\"width\":837,\"height\":627},{\"@type\":\"BreadcrumbList\",\"@id\":\"https:\\\/\\\/informelitoral.com.ar\\\/incendios-y-sequia-se-reunio-el-consejo-federal-agropecuario-por-la-situacion-ganadera\\\/#breadcrumb\",\"itemListElement\":[{\"@type\":\"ListItem\",\"position\":1,\"name\":\"Portada\",\"item\":\"https:\\\/\\\/informelitoral.com.ar\\\/\"},{\"@type\":\"ListItem\",\"position\":2,\"name\":\"Incendios y sequ\u00eda: se reuni\u00f3 el Consejo Federal Agropecuario por la situaci\u00f3n ganadera\"}]},{\"@type\":\"WebSite\",\"@id\":\"https:\\\/\\\/informelitoral.com.ar\\\/#website\",\"url\":\"https:\\\/\\\/informelitoral.com.ar\\\/\",\"name\":\"Informe Litoral\",\"description\":\"&quot;Nos informamos&quot; \",\"publisher\":{\"@id\":\"https:\\\/\\\/informelitoral.com.ar\\\/#organization\"},\"potentialAction\":[{\"@type\":\"SearchAction\",\"target\":{\"@type\":\"EntryPoint\",\"urlTemplate\":\"https:\\\/\\\/informelitoral.com.ar\\\/?s={search_term_string}\"},\"query-input\":{\"@type\":\"PropertyValueSpecification\",\"valueRequired\":true,\"valueName\":\"search_term_string\"}}],\"inLanguage\":\"es\"},{\"@type\":\"Organization\",\"@id\":\"https:\\\/\\\/informelitoral.com.ar\\\/#organization\",\"name\":\"Informe Litoral\",\"url\":\"https:\\\/\\\/informelitoral.com.ar\\\/\",\"logo\":{\"@type\":\"ImageObject\",\"inLanguage\":\"es\",\"@id\":\"https:\\\/\\\/informelitoral.com.ar\\\/#\\\/schema\\\/logo\\\/image\\\/\",\"url\":\"https:\\\/\\\/informelitoral.com.ar\\\/%77%70%2d%63%6f%6e%74%65%6e%74\\\/uploads\\\/2021\\\/01\\\/circulo.png\",\"contentUrl\":\"https:\\\/\\\/informelitoral.com.ar\\\/%77%70%2d%63%6f%6e%74%65%6e%74\\\/uploads\\\/2021\\\/01\\\/circulo.png\",\"width\":723,\"height\":731,\"caption\":\"Informe Litoral\"},\"image\":{\"@id\":\"https:\\\/\\\/informelitoral.com.ar\\\/#\\\/schema\\\/logo\\\/image\\\/\"},\"sameAs\":[\"https:\\\/\\\/www.facebook.com\\\/informelitoral\\\/\",\"https:\\\/\\\/x.com\\\/InformeLitoral\",\"https:\\\/\\\/www.instagram.com\\\/informelitoral\\\/\",\"https:\\\/\\\/www.youtube.com\\\/channel\\\/UCua4Qvz8Icb6MYqhoq9xLXw\"]},{\"@type\":\"Person\",\"@id\":\"https:\\\/\\\/informelitoral.com.ar\\\/#\\\/schema\\\/person\\\/f05f9f461677119578717524b127d6d5\",\"name\":\"Sebastian\",\"image\":{\"@type\":\"ImageObject\",\"inLanguage\":\"es\",\"@id\":\"https:\\\/\\\/secure.gravatar.com\\\/avatar\\\/b71bf7481d447dfb9583c7f2798e7cc64de6efb9067b74633ed8c31059a3bd82?s=96&d=mm&r=g\",\"url\":\"https:\\\/\\\/secure.gravatar.com\\\/avatar\\\/b71bf7481d447dfb9583c7f2798e7cc64de6efb9067b74633ed8c31059a3bd82?s=96&d=mm&r=g\",\"contentUrl\":\"https:\\\/\\\/secure.gravatar.com\\\/avatar\\\/b71bf7481d447dfb9583c7f2798e7cc64de6efb9067b74633ed8c31059a3bd82?s=96&d=mm&r=g\",\"caption\":\"Sebastian\"},\"url\":\"https:\\\/\\\/informelitoral.com.ar\\\/author\\\/sebastian\\\/\"}]}<\/script>","yoast_head_json":{"title":"Incendios y sequ\u00eda: se reuni\u00f3 el Consejo Federal Agropecuario por la situaci\u00f3n ganadera - Informe Litoral","robots":{"index":"index","follow":"follow","max-snippet":"max-snippet:-1","max-image-preview":"max-image-preview:large","max-video-preview":"max-video-preview:-1"},"canonical":"https:\/\/informelitoral.com.ar\/incendios-y-sequia-se-reunio-el-consejo-federal-agropecuario-por-la-situacion-ganadera\/","og_locale":"es_ES","og_type":"article","og_title":"Incendios y sequ\u00eda: se reuni\u00f3 el Consejo Federal Agropecuario por la situaci\u00f3n ganadera - Informe Litoral","og_description":"Autoridades nacionales y representantes provinciales se juntaron para definir acciones ante la baja productividad ganadera futura como saldo de los da\u00f1os.","og_url":"https:\/\/informelitoral.com.ar\/incendios-y-sequia-se-reunio-el-consejo-federal-agropecuario-por-la-situacion-ganadera\/","og_site_name":"Informe Litoral","article_publisher":"https:\/\/www.facebook.com\/informelitoral\/","article_published_time":"2022-02-21T12:04:45+00:00","og_image":[{"width":837,"height":627,"url":"https:\/\/informelitoral.com.ar\/%77%70%2d%63%6f%6e%74%65%6e%74\/uploads\/2022\/02\/5fb7a41423e84_837_627.jpg","type":"image\/jpeg"}],"author":"Sebastian","twitter_card":"summary_large_image","twitter_creator":"@InformeLitoral","twitter_site":"@InformeLitoral","twitter_misc":{"Escrito por":"Sebastian","Tiempo de lectura":"1 minuto"},"schema":{"@context":"https:\/\/schema.org","@graph":[{"@type":"Article","@id":"https:\/\/informelitoral.com.ar\/incendios-y-sequia-se-reunio-el-consejo-federal-agropecuario-por-la-situacion-ganadera\/#article","isPartOf":{"@id":"https:\/\/informelitoral.com.ar\/incendios-y-sequia-se-reunio-el-consejo-federal-agropecuario-por-la-situacion-ganadera\/"},"author":{"name":"Sebastian","@id":"https:\/\/informelitoral.com.ar\/#\/schema\/person\/f05f9f461677119578717524b127d6d5"},"headline":"Incendios y sequ\u00eda: se reuni\u00f3 el Consejo Federal Agropecuario por la situaci\u00f3n ganadera","datePublished":"2022-02-21T12:04:45+00:00","mainEntityOfPage":{"@id":"https:\/\/informelitoral.com.ar\/incendios-y-sequia-se-reunio-el-consejo-federal-agropecuario-por-la-situacion-ganadera\/"},"wordCount":276,"commentCount":0,"publisher":{"@id":"https:\/\/informelitoral.com.ar\/#organization"},"image":{"@id":"https:\/\/informelitoral.com.ar\/incendios-y-sequia-se-reunio-el-consejo-federal-agropecuario-por-la-situacion-ganadera\/#primaryimage"},"thumbnailUrl":"https:\/\/informelitoral.com.ar\/%77%70%2d%63%6f%6e%74%65%6e%74\/uploads\/2022\/02\/5fb7a41423e84_837_627.jpg","keywords":["Consejo Federal Agropecuario","Incendio","Sequ\u00eda"],"articleSection":["Campo"],"inLanguage":"es","potentialAction":[{"@type":"CommentAction","name":"Comment","target":["https:\/\/informelitoral.com.ar\/incendios-y-sequia-se-reunio-el-consejo-federal-agropecuario-por-la-situacion-ganadera\/#respond"]}]},{"@type":"WebPage","@id":"https:\/\/informelitoral.com.ar\/incendios-y-sequia-se-reunio-el-consejo-federal-agropecuario-por-la-situacion-ganadera\/","url":"https:\/\/informelitoral.com.ar\/incendios-y-sequia-se-reunio-el-consejo-federal-agropecuario-por-la-situacion-ganadera\/","name":"Incendios y sequ\u00eda: se reuni\u00f3 el Consejo Federal Agropecuario por la situaci\u00f3n ganadera - Informe Litoral","isPartOf":{"@id":"https:\/\/informelitoral.com.ar\/#website"},"primaryImageOfPage":{"@id":"https:\/\/informelitoral.com.ar\/incendios-y-sequia-se-reunio-el-consejo-federal-agropecuario-por-la-situacion-ganadera\/#primaryimage"},"image":{"@id":"https:\/\/informelitoral.com.ar\/incendios-y-sequia-se-reunio-el-consejo-federal-agropecuario-por-la-situacion-ganadera\/#primaryimage"},"thumbnailUrl":"https:\/\/informelitoral.com.ar\/%77%70%2d%63%6f%6e%74%65%6e%74\/uploads\/2022\/02\/5fb7a41423e84_837_627.jpg","datePublished":"2022-02-21T12:04:45+00:00","breadcrumb":{"@id":"https:\/\/informelitoral.com.ar\/incendios-y-sequia-se-reunio-el-consejo-federal-agropecuario-por-la-situacion-ganadera\/#breadcrumb"},"inLanguage":"es","potentialAction":[{"@type":"ReadAction","target":["https:\/\/informelitoral.com.ar\/incendios-y-sequia-se-reunio-el-consejo-federal-agropecuario-por-la-situacion-ganadera\/"]}]},{"@type":"ImageObject","inLanguage":"es","@id":"https:\/\/informelitoral.com.ar\/incendios-y-sequia-se-reunio-el-consejo-federal-agropecuario-por-la-situacion-ganadera\/#primaryimage","url":"https:\/\/informelitoral.com.ar\/%77%70%2d%63%6f%6e%74%65%6e%74\/uploads\/2022\/02\/5fb7a41423e84_837_627.jpg","contentUrl":"https:\/\/informelitoral.com.ar\/%77%70%2d%63%6f%6e%74%65%6e%74\/uploads\/2022\/02\/5fb7a41423e84_837_627.jpg","width":837,"height":627},{"@type":"BreadcrumbList","@id":"https:\/\/informelitoral.com.ar\/incendios-y-sequia-se-reunio-el-consejo-federal-agropecuario-por-la-situacion-ganadera\/#breadcrumb","itemListElement":[{"@type":"ListItem","position":1,"name":"Portada","item":"https:\/\/informelitoral.com.ar\/"},{"@type":"ListItem","position":2,"name":"Incendios y sequ\u00eda: se reuni\u00f3 el Consejo Federal Agropecuario por la situaci\u00f3n ganadera"}]},{"@type":"WebSite","@id":"https:\/\/informelitoral.com.ar\/#website","url":"https:\/\/informelitoral.com.ar\/","name":"Informe Litoral","description":"&quot;Nos informamos&quot; ","publisher":{"@id":"https:\/\/informelitoral.com.ar\/#organization"},"potentialAction":[{"@type":"SearchAction","target":{"@type":"EntryPoint","urlTemplate":"https:\/\/informelitoral.com.ar\/?s={search_term_string}"},"query-input":{"@type":"PropertyValueSpecification","valueRequired":true,"valueName":"search_term_string"}}],"inLanguage":"es"},{"@type":"Organization","@id":"https:\/\/informelitoral.com.ar\/#organization","name":"Informe Litoral","url":"https:\/\/informelitoral.com.ar\/","logo":{"@type":"ImageObject","inLanguage":"es","@id":"https:\/\/informelitoral.com.ar\/#\/schema\/logo\/image\/","url":"https:\/\/informelitoral.com.ar\/%77%70%2d%63%6f%6e%74%65%6e%74\/uploads\/2021\/01\/circulo.png","contentUrl":"https:\/\/informelitoral.com.ar\/%77%70%2d%63%6f%6e%74%65%6e%74\/uploads\/2021\/01\/circulo.png","width":723,"height":731,"caption":"Informe Litoral"},"image":{"@id":"https:\/\/informelitoral.com.ar\/#\/schema\/logo\/image\/"},"sameAs":["https:\/\/www.facebook.com\/informelitoral\/","https:\/\/x.com\/InformeLitoral","https:\/\/www.instagram.com\/informelitoral\/","https:\/\/www.youtube.com\/channel\/UCua4Qvz8Icb6MYqhoq9xLXw"]},{"@type":"Person","@id":"https:\/\/informelitoral.com.ar\/#\/schema\/person\/f05f9f461677119578717524b127d6d5","name":"Sebastian","image":{"@type":"ImageObject","inLanguage":"es","@id":"https:\/\/secure.gravatar.com\/avatar\/b71bf7481d447dfb9583c7f2798e7cc64de6efb9067b74633ed8c31059a3bd82?s=96&d=mm&r=g","url":"https:\/\/secure.gravatar.com\/avatar\/b71bf7481d447dfb9583c7f2798e7cc64de6efb9067b74633ed8c31059a3bd82?s=96&d=mm&r=g","contentUrl":"https:\/\/secure.gravatar.com\/avatar\/b71bf7481d447dfb9583c7f2798e7cc64de6efb9067b74633ed8c31059a3bd82?s=96&d=mm&r=g","caption":"Sebastian"},"url":"https:\/\/informelitoral.com.ar\/author\/sebastian\/"}]}},"_links":{"self":[{"href":"https:\/\/informelitoral.com.ar\/%77%70%2d%6a%73%6f%6e\/wp\/v2\/posts\/72128","targetHints":{"allow":["GET"]}}],"collection":[{"href":"https:\/\/informelitoral.com.ar\/%77%70%2d%6a%73%6f%6e\/wp\/v2\/posts"}],"about":[{"href":"https:\/\/informelitoral.com.ar\/%77%70%2d%6a%73%6f%6e\/wp\/v2\/types\/post"}],"author":[{"embeddable":true,"href":"https:\/\/informelitoral.com.ar\/%77%70%2d%6a%73%6f%6e\/wp\/v2\/users\/8"}],"replies":[{"embeddable":true,"href":"https:\/\/informelitoral.com.ar\/%77%70%2d%6a%73%6f%6e\/wp\/v2\/comments?post=72128"}],"version-history":[{"count":0,"href":"https:\/\/informelitoral.com.ar\/%77%70%2d%6a%73%6f%6e\/wp\/v2\/posts\/72128\/revisions"}],"wp:featuredmedia":[{"embeddable":true,"href":"https:\/\/informelitoral.com.ar\/%77%70%2d%6a%73%6f%6e\/wp\/v2\/media\/72129"}],"wp:attachment":[{"href":"https:\/\/informelitoral.com.ar\/%77%70%2d%6a%73%6f%6e\/wp\/v2\/media?parent=72128"}],"wp:term":[{"taxonomy":"category","embeddable":true,"href":"https:\/\/informelitoral.com.ar\/%77%70%2d%6a%73%6f%6e\/wp\/v2\/categories?post=72128"},{"taxonomy":"post_tag","embeddable":true,"href":"https:\/\/informelitoral.com.ar\/%77%70%2d%6a%73%6f%6e\/wp\/v2\/tags?post=72128"}],"curies":[{"name":"wp","href":"https:\/\/api.w.org\/{rel}","templated":true}]}}