{"id":72125,"date":"2022-02-21T08:56:21","date_gmt":"2022-02-21T11:56:21","guid":{"rendered":"https:\/\/www.informelitoral.com.ar\/?p=72125"},"modified":"2022-02-21T08:56:21","modified_gmt":"2022-02-21T11:56:21","slug":"el-gobierno-y-el-fmi-discrepan-por-la-reduccion-de-los-subsidios-a-la-energia-y-se-postergo-la-firma-del-acuerdo","status":"publish","type":"post","link":"https:\/\/informelitoral.com.ar\/el-gobierno-y-el-fmi-discrepan-por-la-reduccion-de-los-subsidios-a-la-energia-y-se-postergo-la-firma-del-acuerdo\/","title":{"rendered":"El Gobierno y el FMI discrepan por la reducci\u00f3n de los subsidios a la energ\u00eda y se posterg\u00f3 la firma del acuerdo"},"content":{"rendered":"<p class=\"paragraph\"><b>Los negociadores del Fondo Monetario Internacional (FMI) mostraron sus dientes en las \u00faltima horas para exigir un mayor ajuste del gasto p\u00fablico destinado a subsidiar las tarifas de energ\u00eda el\u00e9ctrica.<\/b>\u00a0<mark class=\"hl_yellow\">Alberto Fern\u00e1ndez rechaz\u00f3 la exigencia del staff del Fondo y el acuerdo program\u00e1tico para evitar un default en marzo qued\u00f3 en un impasse hasta que se resuelva este inesperado conflicto pol\u00edtico que sorprendi\u00f3 a Balcarce 50 y la Casa Blanca.<\/mark><\/p>\n<p class=\"paragraph\"><b>El Presidente ratific\u00f3 su decisi\u00f3n de rechazar la presi\u00f3n del FMI durante un encuentro a solas que mantuvo ayer con Mart\u00edn Guzm\u00e1n en la quinta de Olivos.\u00a0<\/b><mark class=\"hl_yellow\">No se descarta una reuni\u00f3n urgente entre Alberto Fern\u00e1ndez y Kristalina Georgieva -directora gerente del Fondo- para encontrar una salida al inesperado escollo t\u00e9cnico -pol\u00edtico.<\/mark><\/p>\n<p class=\"paragraph\">Tras largos meses de negociaci\u00f3n en Washington, Roma, Venecia y Buenos Aires,\u00a0<b>Guzm\u00e1n se comprometi\u00f3 a cumplir con el staff y el board del FMI un sendero fiscal que reduce muy fuerte el d\u00e9ficit en los pr\u00f3ximos a\u00f1os.\u00a0<\/b><mark class=\"hl_yellow\">Desde la perspectiva de Alberto Fern\u00e1ndez esa promesa al Fondo no implicaba un ajuste econ\u00f3mico y a su vez abr\u00eda la posibilidad de un crecimiento constante y sostenido.<\/mark><\/p>\n<p class=\"paragraph\"><b>El sendero fiscal dise\u00f1ado por Guzm\u00e1n fue presentado por el staff al board del Fondo durante una reuni\u00f3n que fue clave para avanzar en las negociaciones.<\/b>\u00a0En ese directorio informal ocurrido hace diez d\u00edas,\u00a0<mark class=\"hl_yellow\">la Casa Blanca dej\u00f3 en claro que hab\u00eda una decisi\u00f3n pol\u00edtica de acompa\u00f1ar a la Argentina para que pueda refinanciar la deuda de 44.000 millones de d\u00f3lares que contrajo Mauricio Macri en 2018.<\/mark><\/p>\n<p class=\"paragraph\"><b>Sin embargo, y pese al apoyo expl\u00edcito de la administraci\u00f3n de Joseph Biden,\u00a0<\/b><mark class=\"hl_yellow\">los directores de Estados Unidos, Jap\u00f3n, Canada y Alemania evidenciaron sus cuestionamientos t\u00e9cnicos al plan que est\u00e1 tratando de cerrar Guzm\u00e1n con Julie Kozack y Luis Cubeddu,\u00a0<\/mark>dos importantes funcionarios del FMI que responden a las \u00f3rdenes directas de Kristalina Georgieva.<\/p>\n<p class=\"paragraph\"><b>Los representantes de Estados Unidos, Alemania, Jap\u00f3n y Canad\u00e1 fueron cr\u00edticos respecto a la viabilidad del sendero fiscal y a la ausencia de reformas estructurales (en materia laboral, impositiva y jubilatoria).<\/b><\/p>\n<p class=\"paragraph\"><mark class=\"hl_yellow\">Kozack y Cubeddu hicieron su mayor esfuerzo para convencer a los integrantes del board, y quedaron perplejos cuando v\u00eda zoom se hizo una pregunta puntual sobre los subsidios para la energ\u00eda el\u00e9ctrica.<\/mark><\/p>\n<p class=\"paragraph\"><b>\u201cNos prometieron aumentar la producci\u00f3n, bajar los costos y subir las tarifas para los hogares de ingresos altos\u201d,\u00a0<\/b>contestaron los dos negociadores del FMI.<\/p>\n<p class=\"paragraph\"><mark class=\"hl_yellow\">-De acuerdo, \u00bf y a cu\u00e1nto van a bajar los subsidios?-<\/mark>, insistieron en el board a Kozack y Cubbedu.<\/p>\n<p class=\"paragraph\"><b>-No sabemos los porcentajes-<\/b>, reconocieron los dos funcionarios del Fondo.<\/p>\n<p class=\"paragraph\"><b>El sendero fiscal es una pieza fundamental en el acuerdo que intenta cerrar Argentina con el FMI.<\/b>\u00a0<mark class=\"hl_yellow\">Y ese sendero -que establece un d\u00e9ficit fiscal de 2.5 del Producto Bruto Interno (PIB) para 2022-, se construye con una reducci\u00f3n importante de los subsidios a las tarifas el\u00e9ctricas.<\/mark><\/p>\n<p class=\"paragraph\"><b>Alberto Fern\u00e1ndez y Guzm\u00e1n aseguran que la suba del casi 20 por ciento de las tarifas p\u00fablicas y la segmentaci\u00f3n por usuarios satisfacen la necesaria reducci\u00f3n del gasto p\u00fablico para llegar a un d\u00e9ficit de 2.5 del PIB en 2022.<\/b><\/p>\n<p class=\"paragraph\"><mark class=\"hl_yellow\">\u201cDe ah\u00ed no nos movemos\u201d<\/mark>, afirm\u00f3 un miembro del gabinete que conoce todos los secretos de la negociaci\u00f3n.<\/p>\n<p class=\"paragraph\">Por su parte,<b>\u00a0el staff del FMI argument\u00f3 en los \u00faltimos d\u00edas que ese 20 por ciento de aumento y la segmentaci\u00f3n de usuarios\u00a0<\/b><mark class=\"hl_yellow\"><b>no alcanza\u00a0<\/b><\/mark><b>para asegurar la sustentabilidad del sendero fiscal que Argentina promete cumplir a cambio de refinanciar la deuda millonaria que contrajo Macri.<\/b><\/p>\n<p class=\"paragraph\"><mark class=\"hl_yellow\">Guzm\u00e1n -por instrucci\u00f3n presidencial- rechaz\u00f3 las exigencias del FMI, y desde ese momento el Staff Agreement qued\u00f3 en suspenso.<\/mark>\u00a0<b>Alberto Fern\u00e1ndez sostiene que m\u00e1s del 20 por ciento de aumento es un ajuste de la econom\u00eda que no avalar\u00e1,\u00a0<\/b><mark class=\"hl_yellow\">y los negociadores del Fondo replican que sin un incremento mayor de las tarifas, el board no avalar\u00e1 un programa que ya considera\u00a0<b>endeble y poco fiable.<\/b><\/mark><\/p>\n<p class=\"paragraph\"><b>El jefe de Estado deseaba anunciar hoy el Staff Agreement y ma\u00f1ana enviar a Diputados la Ley FMI que se sancionar\u00eda durante los primeros d\u00edas de marzo.<\/b>\u00a0A continuaci\u00f3n,\u00a0<mark class=\"hl_yellow\">el board del Fondo aprobar\u00eda el acuerdo que permitir\u00e1 refinanciar la deuda de 44.000 millones de d\u00f3lares y evitar un nuevo default de la Argentina.<\/mark><\/p>\n<p class=\"paragraph\"><b>Alberto Fern\u00e1ndez anoche hac\u00eda un nuevo c\u00e1lculo pol\u00edtico<\/b>:\u00a0<mark class=\"hl_yellow\">desea cerrar el jueves, enviar la Ley FMI a Diputados el viernes, forzar su tratamiento parlamentario en la segunda semana de marzo, y lograr que el board apruebe el acuerdo de refinanciaci\u00f3n antes del 22 de marzo.<\/mark>(<em>Infobae<\/em>)<\/p>\n","protected":false},"excerpt":{"rendered":"<p>A los t\u00e9cnicos del Fondo no les convence la falta de solidez del sendero fiscal y exigen m\u00e1s ajuste al gasto p\u00fablico antes de firmar el Staff Agreement con la Argentina<\/p>\n","protected":false},"author":8,"featured_media":72126,"comment_status":"open","ping_status":"open","sticky":false,"template":"","format":"standard","meta":{"fifu_image_url":"","fifu_image_alt":"","footnotes":""},"categories":[16],"tags":[3109,1311,3179],"class_list":{"0":"post-72125","1":"post","2":"type-post","3":"status-publish","4":"format-standard","5":"has-post-thumbnail","7":"category-politi","8":"tag-acuerdo-fmi","9":"tag-alberto-fernandez","10":"tag-subsidios"},"yoast_head":"<title>El Gobierno y el FMI discrepan por la reducci\u00f3n de los subsidios a la energ\u00eda y se posterg\u00f3 la firma del acuerdo - Informe Litoral<\/title>\n<meta name=\"robots\" content=\"index, follow, max-snippet:-1, max-image-preview:large, max-video-preview:-1\" \/>\n<link rel=\"canonical\" href=\"https:\/\/informelitoral.com.ar\/el-gobierno-y-el-fmi-discrepan-por-la-reduccion-de-los-subsidios-a-la-energia-y-se-postergo-la-firma-del-acuerdo\/\" \/>\n<meta property=\"og:locale\" content=\"es_ES\" \/>\n<meta property=\"og:type\" content=\"article\" \/>\n<meta property=\"og:title\" content=\"El Gobierno y el FMI discrepan por la reducci\u00f3n de los subsidios a la energ\u00eda y se posterg\u00f3 la firma del acuerdo - Informe Litoral\" \/>\n<meta property=\"og:description\" content=\"A los t\u00e9cnicos del Fondo no les convence la falta de solidez del sendero fiscal y exigen m\u00e1s ajuste al gasto p\u00fablico antes de firmar el Staff Agreement con la Argentina\" \/>\n<meta property=\"og:url\" content=\"https:\/\/informelitoral.com.ar\/el-gobierno-y-el-fmi-discrepan-por-la-reduccion-de-los-subsidios-a-la-energia-y-se-postergo-la-firma-del-acuerdo\/\" \/>\n<meta property=\"og:site_name\" content=\"Informe Litoral\" \/>\n<meta property=\"article:publisher\" content=\"https:\/\/www.facebook.com\/informelitoral\/\" \/>\n<meta property=\"article:published_time\" content=\"2022-02-21T11:56:21+00:00\" \/>\n<meta property=\"og:image\" content=\"https:\/\/informelitoral.com.ar\/%77%70%2d%63%6f%6e%74%65%6e%74\/uploads\/2022\/02\/alberto-fmi-1.jpg\" \/>\n\t<meta property=\"og:image:width\" content=\"730\" \/>\n\t<meta property=\"og:image:height\" content=\"410\" \/>\n\t<meta property=\"og:image:type\" content=\"image\/jpeg\" \/>\n<meta name=\"author\" content=\"Sebastian\" \/>\n<meta name=\"twitter:card\" content=\"summary_large_image\" \/>\n<meta name=\"twitter:creator\" content=\"@InformeLitoral\" \/>\n<meta name=\"twitter:site\" content=\"@InformeLitoral\" \/>\n<meta name=\"twitter:label1\" content=\"Escrito por\" \/>\n\t<meta name=\"twitter:data1\" content=\"Sebastian\" \/>\n\t<meta name=\"twitter:label2\" content=\"Tiempo de lectura\" \/>\n\t<meta name=\"twitter:data2\" content=\"4 minutos\" \/>\n<script type=\"application\/ld+json\" class=\"yoast-schema-graph\">{\"@context\":\"https:\\\/\\\/schema.org\",\"@graph\":[{\"@type\":\"Article\",\"@id\":\"https:\\\/\\\/informelitoral.com.ar\\\/el-gobierno-y-el-fmi-discrepan-por-la-reduccion-de-los-subsidios-a-la-energia-y-se-postergo-la-firma-del-acuerdo\\\/#article\",\"isPartOf\":{\"@id\":\"https:\\\/\\\/informelitoral.com.ar\\\/el-gobierno-y-el-fmi-discrepan-por-la-reduccion-de-los-subsidios-a-la-energia-y-se-postergo-la-firma-del-acuerdo\\\/\"},\"author\":{\"name\":\"Sebastian\",\"@id\":\"https:\\\/\\\/informelitoral.com.ar\\\/#\\\/schema\\\/person\\\/f05f9f461677119578717524b127d6d5\"},\"headline\":\"El Gobierno y el FMI discrepan por la reducci\u00f3n de los subsidios a la energ\u00eda y se posterg\u00f3 la firma del acuerdo\",\"datePublished\":\"2022-02-21T11:56:21+00:00\",\"mainEntityOfPage\":{\"@id\":\"https:\\\/\\\/informelitoral.com.ar\\\/el-gobierno-y-el-fmi-discrepan-por-la-reduccion-de-los-subsidios-a-la-energia-y-se-postergo-la-firma-del-acuerdo\\\/\"},\"wordCount\":828,\"commentCount\":0,\"publisher\":{\"@id\":\"https:\\\/\\\/informelitoral.com.ar\\\/#organization\"},\"image\":{\"@id\":\"https:\\\/\\\/informelitoral.com.ar\\\/el-gobierno-y-el-fmi-discrepan-por-la-reduccion-de-los-subsidios-a-la-energia-y-se-postergo-la-firma-del-acuerdo\\\/#primaryimage\"},\"thumbnailUrl\":\"https:\\\/\\\/informelitoral.com.ar\\\/%77%70%2d%63%6f%6e%74%65%6e%74\\\/uploads\\\/2022\\\/02\\\/alberto-fmi-1.jpg\",\"keywords\":[\"Acuerdo FMI\",\"Alberto Fern\u00e1ndez\",\"subsidios\"],\"articleSection\":[\"Politica\"],\"inLanguage\":\"es\",\"potentialAction\":[{\"@type\":\"CommentAction\",\"name\":\"Comment\",\"target\":[\"https:\\\/\\\/informelitoral.com.ar\\\/el-gobierno-y-el-fmi-discrepan-por-la-reduccion-de-los-subsidios-a-la-energia-y-se-postergo-la-firma-del-acuerdo\\\/#respond\"]}]},{\"@type\":\"WebPage\",\"@id\":\"https:\\\/\\\/informelitoral.com.ar\\\/el-gobierno-y-el-fmi-discrepan-por-la-reduccion-de-los-subsidios-a-la-energia-y-se-postergo-la-firma-del-acuerdo\\\/\",\"url\":\"https:\\\/\\\/informelitoral.com.ar\\\/el-gobierno-y-el-fmi-discrepan-por-la-reduccion-de-los-subsidios-a-la-energia-y-se-postergo-la-firma-del-acuerdo\\\/\",\"name\":\"El Gobierno y el FMI discrepan por la reducci\u00f3n de los subsidios a la energ\u00eda y se posterg\u00f3 la firma del acuerdo - Informe Litoral\",\"isPartOf\":{\"@id\":\"https:\\\/\\\/informelitoral.com.ar\\\/#website\"},\"primaryImageOfPage\":{\"@id\":\"https:\\\/\\\/informelitoral.com.ar\\\/el-gobierno-y-el-fmi-discrepan-por-la-reduccion-de-los-subsidios-a-la-energia-y-se-postergo-la-firma-del-acuerdo\\\/#primaryimage\"},\"image\":{\"@id\":\"https:\\\/\\\/informelitoral.com.ar\\\/el-gobierno-y-el-fmi-discrepan-por-la-reduccion-de-los-subsidios-a-la-energia-y-se-postergo-la-firma-del-acuerdo\\\/#primaryimage\"},\"thumbnailUrl\":\"https:\\\/\\\/informelitoral.com.ar\\\/%77%70%2d%63%6f%6e%74%65%6e%74\\\/uploads\\\/2022\\\/02\\\/alberto-fmi-1.jpg\",\"datePublished\":\"2022-02-21T11:56:21+00:00\",\"breadcrumb\":{\"@id\":\"https:\\\/\\\/informelitoral.com.ar\\\/el-gobierno-y-el-fmi-discrepan-por-la-reduccion-de-los-subsidios-a-la-energia-y-se-postergo-la-firma-del-acuerdo\\\/#breadcrumb\"},\"inLanguage\":\"es\",\"potentialAction\":[{\"@type\":\"ReadAction\",\"target\":[\"https:\\\/\\\/informelitoral.com.ar\\\/el-gobierno-y-el-fmi-discrepan-por-la-reduccion-de-los-subsidios-a-la-energia-y-se-postergo-la-firma-del-acuerdo\\\/\"]}]},{\"@type\":\"ImageObject\",\"inLanguage\":\"es\",\"@id\":\"https:\\\/\\\/informelitoral.com.ar\\\/el-gobierno-y-el-fmi-discrepan-por-la-reduccion-de-los-subsidios-a-la-energia-y-se-postergo-la-firma-del-acuerdo\\\/#primaryimage\",\"url\":\"https:\\\/\\\/informelitoral.com.ar\\\/%77%70%2d%63%6f%6e%74%65%6e%74\\\/uploads\\\/2022\\\/02\\\/alberto-fmi-1.jpg\",\"contentUrl\":\"https:\\\/\\\/informelitoral.com.ar\\\/%77%70%2d%63%6f%6e%74%65%6e%74\\\/uploads\\\/2022\\\/02\\\/alberto-fmi-1.jpg\",\"width\":730,\"height\":410},{\"@type\":\"BreadcrumbList\",\"@id\":\"https:\\\/\\\/informelitoral.com.ar\\\/el-gobierno-y-el-fmi-discrepan-por-la-reduccion-de-los-subsidios-a-la-energia-y-se-postergo-la-firma-del-acuerdo\\\/#breadcrumb\",\"itemListElement\":[{\"@type\":\"ListItem\",\"position\":1,\"name\":\"Portada\",\"item\":\"https:\\\/\\\/informelitoral.com.ar\\\/\"},{\"@type\":\"ListItem\",\"position\":2,\"name\":\"El Gobierno y el FMI discrepan por la reducci\u00f3n de los subsidios a la energ\u00eda y se posterg\u00f3 la firma del acuerdo\"}]},{\"@type\":\"WebSite\",\"@id\":\"https:\\\/\\\/informelitoral.com.ar\\\/#website\",\"url\":\"https:\\\/\\\/informelitoral.com.ar\\\/\",\"name\":\"Informe Litoral\",\"description\":\"&quot;Nos informamos&quot; \",\"publisher\":{\"@id\":\"https:\\\/\\\/informelitoral.com.ar\\\/#organization\"},\"potentialAction\":[{\"@type\":\"SearchAction\",\"target\":{\"@type\":\"EntryPoint\",\"urlTemplate\":\"https:\\\/\\\/informelitoral.com.ar\\\/?s={search_term_string}\"},\"query-input\":{\"@type\":\"PropertyValueSpecification\",\"valueRequired\":true,\"valueName\":\"search_term_string\"}}],\"inLanguage\":\"es\"},{\"@type\":\"Organization\",\"@id\":\"https:\\\/\\\/informelitoral.com.ar\\\/#organization\",\"name\":\"Informe Litoral\",\"url\":\"https:\\\/\\\/informelitoral.com.ar\\\/\",\"logo\":{\"@type\":\"ImageObject\",\"inLanguage\":\"es\",\"@id\":\"https:\\\/\\\/informelitoral.com.ar\\\/#\\\/schema\\\/logo\\\/image\\\/\",\"url\":\"https:\\\/\\\/informelitoral.com.ar\\\/%77%70%2d%63%6f%6e%74%65%6e%74\\\/uploads\\\/2021\\\/01\\\/circulo.png\",\"contentUrl\":\"https:\\\/\\\/informelitoral.com.ar\\\/%77%70%2d%63%6f%6e%74%65%6e%74\\\/uploads\\\/2021\\\/01\\\/circulo.png\",\"width\":723,\"height\":731,\"caption\":\"Informe Litoral\"},\"image\":{\"@id\":\"https:\\\/\\\/informelitoral.com.ar\\\/#\\\/schema\\\/logo\\\/image\\\/\"},\"sameAs\":[\"https:\\\/\\\/www.facebook.com\\\/informelitoral\\\/\",\"https:\\\/\\\/x.com\\\/InformeLitoral\",\"https:\\\/\\\/www.instagram.com\\\/informelitoral\\\/\",\"https:\\\/\\\/www.youtube.com\\\/channel\\\/UCua4Qvz8Icb6MYqhoq9xLXw\"]},{\"@type\":\"Person\",\"@id\":\"https:\\\/\\\/informelitoral.com.ar\\\/#\\\/schema\\\/person\\\/f05f9f461677119578717524b127d6d5\",\"name\":\"Sebastian\",\"image\":{\"@type\":\"ImageObject\",\"inLanguage\":\"es\",\"@id\":\"https:\\\/\\\/secure.gravatar.com\\\/avatar\\\/b71bf7481d447dfb9583c7f2798e7cc64de6efb9067b74633ed8c31059a3bd82?s=96&d=mm&r=g\",\"url\":\"https:\\\/\\\/secure.gravatar.com\\\/avatar\\\/b71bf7481d447dfb9583c7f2798e7cc64de6efb9067b74633ed8c31059a3bd82?s=96&d=mm&r=g\",\"contentUrl\":\"https:\\\/\\\/secure.gravatar.com\\\/avatar\\\/b71bf7481d447dfb9583c7f2798e7cc64de6efb9067b74633ed8c31059a3bd82?s=96&d=mm&r=g\",\"caption\":\"Sebastian\"},\"url\":\"https:\\\/\\\/informelitoral.com.ar\\\/author\\\/sebastian\\\/\"}]}<\/script>","yoast_head_json":{"title":"El Gobierno y el FMI discrepan por la reducci\u00f3n de los subsidios a la energ\u00eda y se posterg\u00f3 la firma del acuerdo - Informe Litoral","robots":{"index":"index","follow":"follow","max-snippet":"max-snippet:-1","max-image-preview":"max-image-preview:large","max-video-preview":"max-video-preview:-1"},"canonical":"https:\/\/informelitoral.com.ar\/el-gobierno-y-el-fmi-discrepan-por-la-reduccion-de-los-subsidios-a-la-energia-y-se-postergo-la-firma-del-acuerdo\/","og_locale":"es_ES","og_type":"article","og_title":"El Gobierno y el FMI discrepan por la reducci\u00f3n de los subsidios a la energ\u00eda y se posterg\u00f3 la firma del acuerdo - Informe Litoral","og_description":"A los t\u00e9cnicos del Fondo no les convence la falta de solidez del sendero fiscal y exigen m\u00e1s ajuste al gasto p\u00fablico antes de firmar el Staff Agreement con la Argentina","og_url":"https:\/\/informelitoral.com.ar\/el-gobierno-y-el-fmi-discrepan-por-la-reduccion-de-los-subsidios-a-la-energia-y-se-postergo-la-firma-del-acuerdo\/","og_site_name":"Informe Litoral","article_publisher":"https:\/\/www.facebook.com\/informelitoral\/","article_published_time":"2022-02-21T11:56:21+00:00","og_image":[{"width":730,"height":410,"url":"https:\/\/informelitoral.com.ar\/%77%70%2d%63%6f%6e%74%65%6e%74\/uploads\/2022\/02\/alberto-fmi-1.jpg","type":"image\/jpeg"}],"author":"Sebastian","twitter_card":"summary_large_image","twitter_creator":"@InformeLitoral","twitter_site":"@InformeLitoral","twitter_misc":{"Escrito por":"Sebastian","Tiempo de lectura":"4 minutos"},"schema":{"@context":"https:\/\/schema.org","@graph":[{"@type":"Article","@id":"https:\/\/informelitoral.com.ar\/el-gobierno-y-el-fmi-discrepan-por-la-reduccion-de-los-subsidios-a-la-energia-y-se-postergo-la-firma-del-acuerdo\/#article","isPartOf":{"@id":"https:\/\/informelitoral.com.ar\/el-gobierno-y-el-fmi-discrepan-por-la-reduccion-de-los-subsidios-a-la-energia-y-se-postergo-la-firma-del-acuerdo\/"},"author":{"name":"Sebastian","@id":"https:\/\/informelitoral.com.ar\/#\/schema\/person\/f05f9f461677119578717524b127d6d5"},"headline":"El Gobierno y el FMI discrepan por la reducci\u00f3n de los subsidios a la energ\u00eda y se posterg\u00f3 la firma del acuerdo","datePublished":"2022-02-21T11:56:21+00:00","mainEntityOfPage":{"@id":"https:\/\/informelitoral.com.ar\/el-gobierno-y-el-fmi-discrepan-por-la-reduccion-de-los-subsidios-a-la-energia-y-se-postergo-la-firma-del-acuerdo\/"},"wordCount":828,"commentCount":0,"publisher":{"@id":"https:\/\/informelitoral.com.ar\/#organization"},"image":{"@id":"https:\/\/informelitoral.com.ar\/el-gobierno-y-el-fmi-discrepan-por-la-reduccion-de-los-subsidios-a-la-energia-y-se-postergo-la-firma-del-acuerdo\/#primaryimage"},"thumbnailUrl":"https:\/\/informelitoral.com.ar\/%77%70%2d%63%6f%6e%74%65%6e%74\/uploads\/2022\/02\/alberto-fmi-1.jpg","keywords":["Acuerdo FMI","Alberto Fern\u00e1ndez","subsidios"],"articleSection":["Politica"],"inLanguage":"es","potentialAction":[{"@type":"CommentAction","name":"Comment","target":["https:\/\/informelitoral.com.ar\/el-gobierno-y-el-fmi-discrepan-por-la-reduccion-de-los-subsidios-a-la-energia-y-se-postergo-la-firma-del-acuerdo\/#respond"]}]},{"@type":"WebPage","@id":"https:\/\/informelitoral.com.ar\/el-gobierno-y-el-fmi-discrepan-por-la-reduccion-de-los-subsidios-a-la-energia-y-se-postergo-la-firma-del-acuerdo\/","url":"https:\/\/informelitoral.com.ar\/el-gobierno-y-el-fmi-discrepan-por-la-reduccion-de-los-subsidios-a-la-energia-y-se-postergo-la-firma-del-acuerdo\/","name":"El Gobierno y el FMI discrepan por la reducci\u00f3n de los subsidios a la energ\u00eda y se posterg\u00f3 la firma del acuerdo - Informe Litoral","isPartOf":{"@id":"https:\/\/informelitoral.com.ar\/#website"},"primaryImageOfPage":{"@id":"https:\/\/informelitoral.com.ar\/el-gobierno-y-el-fmi-discrepan-por-la-reduccion-de-los-subsidios-a-la-energia-y-se-postergo-la-firma-del-acuerdo\/#primaryimage"},"image":{"@id":"https:\/\/informelitoral.com.ar\/el-gobierno-y-el-fmi-discrepan-por-la-reduccion-de-los-subsidios-a-la-energia-y-se-postergo-la-firma-del-acuerdo\/#primaryimage"},"thumbnailUrl":"https:\/\/informelitoral.com.ar\/%77%70%2d%63%6f%6e%74%65%6e%74\/uploads\/2022\/02\/alberto-fmi-1.jpg","datePublished":"2022-02-21T11:56:21+00:00","breadcrumb":{"@id":"https:\/\/informelitoral.com.ar\/el-gobierno-y-el-fmi-discrepan-por-la-reduccion-de-los-subsidios-a-la-energia-y-se-postergo-la-firma-del-acuerdo\/#breadcrumb"},"inLanguage":"es","potentialAction":[{"@type":"ReadAction","target":["https:\/\/informelitoral.com.ar\/el-gobierno-y-el-fmi-discrepan-por-la-reduccion-de-los-subsidios-a-la-energia-y-se-postergo-la-firma-del-acuerdo\/"]}]},{"@type":"ImageObject","inLanguage":"es","@id":"https:\/\/informelitoral.com.ar\/el-gobierno-y-el-fmi-discrepan-por-la-reduccion-de-los-subsidios-a-la-energia-y-se-postergo-la-firma-del-acuerdo\/#primaryimage","url":"https:\/\/informelitoral.com.ar\/%77%70%2d%63%6f%6e%74%65%6e%74\/uploads\/2022\/02\/alberto-fmi-1.jpg","contentUrl":"https:\/\/informelitoral.com.ar\/%77%70%2d%63%6f%6e%74%65%6e%74\/uploads\/2022\/02\/alberto-fmi-1.jpg","width":730,"height":410},{"@type":"BreadcrumbList","@id":"https:\/\/informelitoral.com.ar\/el-gobierno-y-el-fmi-discrepan-por-la-reduccion-de-los-subsidios-a-la-energia-y-se-postergo-la-firma-del-acuerdo\/#breadcrumb","itemListElement":[{"@type":"ListItem","position":1,"name":"Portada","item":"https:\/\/informelitoral.com.ar\/"},{"@type":"ListItem","position":2,"name":"El Gobierno y el FMI discrepan por la reducci\u00f3n de los subsidios a la energ\u00eda y se posterg\u00f3 la firma del acuerdo"}]},{"@type":"WebSite","@id":"https:\/\/informelitoral.com.ar\/#website","url":"https:\/\/informelitoral.com.ar\/","name":"Informe Litoral","description":"&quot;Nos informamos&quot; ","publisher":{"@id":"https:\/\/informelitoral.com.ar\/#organization"},"potentialAction":[{"@type":"SearchAction","target":{"@type":"EntryPoint","urlTemplate":"https:\/\/informelitoral.com.ar\/?s={search_term_string}"},"query-input":{"@type":"PropertyValueSpecification","valueRequired":true,"valueName":"search_term_string"}}],"inLanguage":"es"},{"@type":"Organization","@id":"https:\/\/informelitoral.com.ar\/#organization","name":"Informe Litoral","url":"https:\/\/informelitoral.com.ar\/","logo":{"@type":"ImageObject","inLanguage":"es","@id":"https:\/\/informelitoral.com.ar\/#\/schema\/logo\/image\/","url":"https:\/\/informelitoral.com.ar\/%77%70%2d%63%6f%6e%74%65%6e%74\/uploads\/2021\/01\/circulo.png","contentUrl":"https:\/\/informelitoral.com.ar\/%77%70%2d%63%6f%6e%74%65%6e%74\/uploads\/2021\/01\/circulo.png","width":723,"height":731,"caption":"Informe Litoral"},"image":{"@id":"https:\/\/informelitoral.com.ar\/#\/schema\/logo\/image\/"},"sameAs":["https:\/\/www.facebook.com\/informelitoral\/","https:\/\/x.com\/InformeLitoral","https:\/\/www.instagram.com\/informelitoral\/","https:\/\/www.youtube.com\/channel\/UCua4Qvz8Icb6MYqhoq9xLXw"]},{"@type":"Person","@id":"https:\/\/informelitoral.com.ar\/#\/schema\/person\/f05f9f461677119578717524b127d6d5","name":"Sebastian","image":{"@type":"ImageObject","inLanguage":"es","@id":"https:\/\/secure.gravatar.com\/avatar\/b71bf7481d447dfb9583c7f2798e7cc64de6efb9067b74633ed8c31059a3bd82?s=96&d=mm&r=g","url":"https:\/\/secure.gravatar.com\/avatar\/b71bf7481d447dfb9583c7f2798e7cc64de6efb9067b74633ed8c31059a3bd82?s=96&d=mm&r=g","contentUrl":"https:\/\/secure.gravatar.com\/avatar\/b71bf7481d447dfb9583c7f2798e7cc64de6efb9067b74633ed8c31059a3bd82?s=96&d=mm&r=g","caption":"Sebastian"},"url":"https:\/\/informelitoral.com.ar\/author\/sebastian\/"}]}},"_links":{"self":[{"href":"https:\/\/informelitoral.com.ar\/%77%70%2d%6a%73%6f%6e\/wp\/v2\/posts\/72125","targetHints":{"allow":["GET"]}}],"collection":[{"href":"https:\/\/informelitoral.com.ar\/%77%70%2d%6a%73%6f%6e\/wp\/v2\/posts"}],"about":[{"href":"https:\/\/informelitoral.com.ar\/%77%70%2d%6a%73%6f%6e\/wp\/v2\/types\/post"}],"author":[{"embeddable":true,"href":"https:\/\/informelitoral.com.ar\/%77%70%2d%6a%73%6f%6e\/wp\/v2\/users\/8"}],"replies":[{"embeddable":true,"href":"https:\/\/informelitoral.com.ar\/%77%70%2d%6a%73%6f%6e\/wp\/v2\/comments?post=72125"}],"version-history":[{"count":0,"href":"https:\/\/informelitoral.com.ar\/%77%70%2d%6a%73%6f%6e\/wp\/v2\/posts\/72125\/revisions"}],"wp:featuredmedia":[{"embeddable":true,"href":"https:\/\/informelitoral.com.ar\/%77%70%2d%6a%73%6f%6e\/wp\/v2\/media\/72126"}],"wp:attachment":[{"href":"https:\/\/informelitoral.com.ar\/%77%70%2d%6a%73%6f%6e\/wp\/v2\/media?parent=72125"}],"wp:term":[{"taxonomy":"category","embeddable":true,"href":"https:\/\/informelitoral.com.ar\/%77%70%2d%6a%73%6f%6e\/wp\/v2\/categories?post=72125"},{"taxonomy":"post_tag","embeddable":true,"href":"https:\/\/informelitoral.com.ar\/%77%70%2d%6a%73%6f%6e\/wp\/v2\/tags?post=72125"}],"curies":[{"name":"wp","href":"https:\/\/api.w.org\/{rel}","templated":true}]}}