{"id":7206,"date":"2014-06-23T15:44:48","date_gmt":"2014-06-23T18:44:48","guid":{"rendered":"http:\/\/www.isletasnoticias.com.ar\/?p=7206"},"modified":"2014-06-23T15:44:48","modified_gmt":"2014-06-23T18:44:48","slug":"consternacion-en-colonia-ensayo-por-la-muerte-del-padre-carlos-baron","status":"publish","type":"post","link":"https:\/\/informelitoral.com.ar\/consternacion-en-colonia-ensayo-por-la-muerte-del-padre-carlos-baron\/","title":{"rendered":"Consternaci\u00f3n en Colonia Ensayo por la muerte del Padre Carlos Bar\u00f3n"},"content":{"rendered":"<p><strong>El cura Carlos Emilio Bar\u00f3n falleci\u00f3 este d<strong>omingo, a la edad de 61 a\u00f1os. Sufri\u00f3 una descompensaci\u00f3n cardiorrespiratoria.\u00a0<\/strong><\/strong><\/p>\n<p style=\"text-align: center;\"><img loading=\"lazy\" decoding=\"async\" class=\"aligncenter  wp-image-7207\" alt=\"1403527487\" src=\"http:\/\/www.isletasnoticias.com.ar\/%77%70%2d%63%6f%6e%74%65%6e%74\/uploads\/2014\/06\/1403527487-300x201.jpg\" width=\"500\" height=\"300\" \/><\/p>\n<p>El capell\u00e1n del Hospital Enrique Fidanza de Colonia Ensayo, <strong>Carlos Bar\u00f3n<\/strong>, falleci\u00f3 este domingo tras sufrir una descompensaci\u00f3n cardiorrespiratoria, por lo que fue internado en el Instituto de Cardiolog\u00eda de Entre R\u00edos (ICER).<\/p>\n<p>\u201cEsto significa una gran p\u00e9rdida, porque no solo perdemos la persona, un amigo, sino tambi\u00e9n al sacerdote que siempre estuvo presente d\u00e1ndonos la misa\u201d se\u00f1al\u00f3 en di\u00e1logo con el Departamento Informativo de LT14, la presidente de la Junta de Gobierno Alicia Torres agregando que \u201c\u00e9l en a\u00f1os anteriores hab\u00eda tenido un infarto y su vida siempre estaba al borde porque no paraba nunca. Hoy hay una gran consternaci\u00f3n en nuestra comunidad\u201d.<\/p>\n","protected":false},"excerpt":{"rendered":"<p>El cura Carlos Emilio Bar&oacute;n falleci&oacute; este domingo, a la edad de 61 a&ntilde;os. Sufri&oacute; una descompensaci&oacute;n cardiorrespiratoria.&nbsp; El capell&aacute;n del Hospital Enrique Fidanza de Colonia Ensayo, Carlos Bar&oacute;n, falleci&oacute; este domingo tras sufrir una descompensaci&oacute;n cardiorrespiratoria, por lo que fue internado en el Instituto de Cardiolog&iacute;a de Entre R&iacute;os (ICER). &ldquo;Esto significa una gran [&hellip;]<\/p>\n","protected":false},"author":2,"featured_media":0,"comment_status":"open","ping_status":"open","sticky":false,"template":"","format":"standard","meta":{"fifu_image_url":"","fifu_image_alt":"","footnotes":""},"categories":[5],"tags":[],"class_list":{"0":"post-7206","1":"post","2":"type-post","3":"status-publish","4":"format-standard","6":"category-zonales"},"yoast_head":"<title>Consternaci\u00f3n en Colonia Ensayo por la muerte del Padre Carlos Bar\u00f3n - Informe Litoral<\/title>\n<meta name=\"robots\" content=\"index, follow, max-snippet:-1, max-image-preview:large, max-video-preview:-1\" \/>\n<link rel=\"canonical\" href=\"https:\/\/informelitoral.com.ar\/consternacion-en-colonia-ensayo-por-la-muerte-del-padre-carlos-baron\/\" \/>\n<meta property=\"og:locale\" content=\"es_ES\" \/>\n<meta property=\"og:type\" content=\"article\" \/>\n<meta property=\"og:title\" content=\"Consternaci\u00f3n en Colonia Ensayo por la muerte del Padre Carlos Bar\u00f3n - Informe Litoral\" \/>\n<meta property=\"og:description\" content=\"El cura Carlos Emilio Bar&oacute;n falleci&oacute; este domingo, a la edad de 61 a&ntilde;os. Sufri&oacute; una descompensaci&oacute;n cardiorrespiratoria.&nbsp; El capell&aacute;n del Hospital Enrique Fidanza de Colonia Ensayo, Carlos Bar&oacute;n, falleci&oacute; este domingo tras sufrir una descompensaci&oacute;n cardiorrespiratoria, por lo que fue internado en el Instituto de Cardiolog&iacute;a de Entre R&iacute;os (ICER). &ldquo;Esto significa una gran [&hellip;]\" \/>\n<meta property=\"og:url\" content=\"https:\/\/informelitoral.com.ar\/consternacion-en-colonia-ensayo-por-la-muerte-del-padre-carlos-baron\/\" \/>\n<meta property=\"og:site_name\" content=\"Informe Litoral\" \/>\n<meta property=\"article:publisher\" content=\"https:\/\/www.facebook.com\/informelitoral\/\" \/>\n<meta property=\"article:published_time\" content=\"2014-06-23T18:44:48+00:00\" \/>\n<meta property=\"og:image\" content=\"https:\/\/informelitoral.com.ar\/%77%70%2d%63%6f%6e%74%65%6e%74\/uploads\/2014\/06\/1403527487.jpg\" \/>\n\t<meta property=\"og:image:width\" content=\"671\" \/>\n\t<meta property=\"og:image:height\" content=\"450\" \/>\n\t<meta property=\"og:image:type\" content=\"image\/jpeg\" \/>\n<meta name=\"author\" content=\"Gonzalo Schmidt\" \/>\n<meta name=\"twitter:card\" content=\"summary_large_image\" \/>\n<meta name=\"twitter:creator\" content=\"@InformeLitoral\" \/>\n<meta name=\"twitter:site\" content=\"@InformeLitoral\" \/>\n<meta name=\"twitter:label1\" content=\"Escrito por\" \/>\n\t<meta name=\"twitter:data1\" content=\"Gonzalo Schmidt\" \/>\n\t<meta name=\"twitter:label2\" content=\"Tiempo de lectura\" \/>\n\t<meta name=\"twitter:data2\" content=\"1 minuto\" \/>\n<script type=\"application\/ld+json\" class=\"yoast-schema-graph\">{\"@context\":\"https:\\\/\\\/schema.org\",\"@graph\":[{\"@type\":\"Article\",\"@id\":\"https:\\\/\\\/informelitoral.com.ar\\\/consternacion-en-colonia-ensayo-por-la-muerte-del-padre-carlos-baron\\\/#article\",\"isPartOf\":{\"@id\":\"https:\\\/\\\/informelitoral.com.ar\\\/consternacion-en-colonia-ensayo-por-la-muerte-del-padre-carlos-baron\\\/\"},\"author\":{\"name\":\"Gonzalo Schmidt\",\"@id\":\"https:\\\/\\\/informelitoral.com.ar\\\/#\\\/schema\\\/person\\\/b9d00407c836482871ef1d57bf8e3180\"},\"headline\":\"Consternaci\u00f3n en Colonia Ensayo por la muerte del Padre Carlos Bar\u00f3n\",\"datePublished\":\"2014-06-23T18:44:48+00:00\",\"mainEntityOfPage\":{\"@id\":\"https:\\\/\\\/informelitoral.com.ar\\\/consternacion-en-colonia-ensayo-por-la-muerte-del-padre-carlos-baron\\\/\"},\"wordCount\":150,\"commentCount\":0,\"publisher\":{\"@id\":\"https:\\\/\\\/informelitoral.com.ar\\\/#organization\"},\"image\":{\"@id\":\"https:\\\/\\\/informelitoral.com.ar\\\/consternacion-en-colonia-ensayo-por-la-muerte-del-padre-carlos-baron\\\/#primaryimage\"},\"thumbnailUrl\":\"http:\\\/\\\/www.isletasnoticias.com.ar\\\/%77%70%2d%63%6f%6e%74%65%6e%74\\\/uploads\\\/2014\\\/06\\\/1403527487-300x201.jpg\",\"articleSection\":[\"Departamento Diamante\"],\"inLanguage\":\"es\",\"potentialAction\":[{\"@type\":\"CommentAction\",\"name\":\"Comment\",\"target\":[\"https:\\\/\\\/informelitoral.com.ar\\\/consternacion-en-colonia-ensayo-por-la-muerte-del-padre-carlos-baron\\\/#respond\"]}]},{\"@type\":\"WebPage\",\"@id\":\"https:\\\/\\\/informelitoral.com.ar\\\/consternacion-en-colonia-ensayo-por-la-muerte-del-padre-carlos-baron\\\/\",\"url\":\"https:\\\/\\\/informelitoral.com.ar\\\/consternacion-en-colonia-ensayo-por-la-muerte-del-padre-carlos-baron\\\/\",\"name\":\"Consternaci\u00f3n en Colonia Ensayo por la muerte del Padre Carlos Bar\u00f3n - Informe Litoral\",\"isPartOf\":{\"@id\":\"https:\\\/\\\/informelitoral.com.ar\\\/#website\"},\"primaryImageOfPage\":{\"@id\":\"https:\\\/\\\/informelitoral.com.ar\\\/consternacion-en-colonia-ensayo-por-la-muerte-del-padre-carlos-baron\\\/#primaryimage\"},\"image\":{\"@id\":\"https:\\\/\\\/informelitoral.com.ar\\\/consternacion-en-colonia-ensayo-por-la-muerte-del-padre-carlos-baron\\\/#primaryimage\"},\"thumbnailUrl\":\"http:\\\/\\\/www.isletasnoticias.com.ar\\\/%77%70%2d%63%6f%6e%74%65%6e%74\\\/uploads\\\/2014\\\/06\\\/1403527487-300x201.jpg\",\"datePublished\":\"2014-06-23T18:44:48+00:00\",\"breadcrumb\":{\"@id\":\"https:\\\/\\\/informelitoral.com.ar\\\/consternacion-en-colonia-ensayo-por-la-muerte-del-padre-carlos-baron\\\/#breadcrumb\"},\"inLanguage\":\"es\",\"potentialAction\":[{\"@type\":\"ReadAction\",\"target\":[\"https:\\\/\\\/informelitoral.com.ar\\\/consternacion-en-colonia-ensayo-por-la-muerte-del-padre-carlos-baron\\\/\"]}]},{\"@type\":\"ImageObject\",\"inLanguage\":\"es\",\"@id\":\"https:\\\/\\\/informelitoral.com.ar\\\/consternacion-en-colonia-ensayo-por-la-muerte-del-padre-carlos-baron\\\/#primaryimage\",\"url\":\"http:\\\/\\\/www.isletasnoticias.com.ar\\\/%77%70%2d%63%6f%6e%74%65%6e%74\\\/uploads\\\/2014\\\/06\\\/1403527487-300x201.jpg\",\"contentUrl\":\"http:\\\/\\\/www.isletasnoticias.com.ar\\\/%77%70%2d%63%6f%6e%74%65%6e%74\\\/uploads\\\/2014\\\/06\\\/1403527487-300x201.jpg\"},{\"@type\":\"BreadcrumbList\",\"@id\":\"https:\\\/\\\/informelitoral.com.ar\\\/consternacion-en-colonia-ensayo-por-la-muerte-del-padre-carlos-baron\\\/#breadcrumb\",\"itemListElement\":[{\"@type\":\"ListItem\",\"position\":1,\"name\":\"Portada\",\"item\":\"https:\\\/\\\/informelitoral.com.ar\\\/\"},{\"@type\":\"ListItem\",\"position\":2,\"name\":\"Consternaci\u00f3n en Colonia Ensayo por la muerte del Padre Carlos Bar\u00f3n\"}]},{\"@type\":\"WebSite\",\"@id\":\"https:\\\/\\\/informelitoral.com.ar\\\/#website\",\"url\":\"https:\\\/\\\/informelitoral.com.ar\\\/\",\"name\":\"Informe Litoral\",\"description\":\"&quot;Nos informamos&quot; \",\"publisher\":{\"@id\":\"https:\\\/\\\/informelitoral.com.ar\\\/#organization\"},\"potentialAction\":[{\"@type\":\"SearchAction\",\"target\":{\"@type\":\"EntryPoint\",\"urlTemplate\":\"https:\\\/\\\/informelitoral.com.ar\\\/?s={search_term_string}\"},\"query-input\":{\"@type\":\"PropertyValueSpecification\",\"valueRequired\":true,\"valueName\":\"search_term_string\"}}],\"inLanguage\":\"es\"},{\"@type\":\"Organization\",\"@id\":\"https:\\\/\\\/informelitoral.com.ar\\\/#organization\",\"name\":\"Informe Litoral\",\"url\":\"https:\\\/\\\/informelitoral.com.ar\\\/\",\"logo\":{\"@type\":\"ImageObject\",\"inLanguage\":\"es\",\"@id\":\"https:\\\/\\\/informelitoral.com.ar\\\/#\\\/schema\\\/logo\\\/image\\\/\",\"url\":\"https:\\\/\\\/informelitoral.com.ar\\\/%77%70%2d%63%6f%6e%74%65%6e%74\\\/uploads\\\/2021\\\/01\\\/circulo.png\",\"contentUrl\":\"https:\\\/\\\/informelitoral.com.ar\\\/%77%70%2d%63%6f%6e%74%65%6e%74\\\/uploads\\\/2021\\\/01\\\/circulo.png\",\"width\":723,\"height\":731,\"caption\":\"Informe Litoral\"},\"image\":{\"@id\":\"https:\\\/\\\/informelitoral.com.ar\\\/#\\\/schema\\\/logo\\\/image\\\/\"},\"sameAs\":[\"https:\\\/\\\/www.facebook.com\\\/informelitoral\\\/\",\"https:\\\/\\\/x.com\\\/InformeLitoral\",\"https:\\\/\\\/www.instagram.com\\\/informelitoral\\\/\",\"https:\\\/\\\/www.youtube.com\\\/channel\\\/UCua4Qvz8Icb6MYqhoq9xLXw\"]},{\"@type\":\"Person\",\"@id\":\"https:\\\/\\\/informelitoral.com.ar\\\/#\\\/schema\\\/person\\\/b9d00407c836482871ef1d57bf8e3180\",\"name\":\"Gonzalo Schmidt\",\"image\":{\"@type\":\"ImageObject\",\"inLanguage\":\"es\",\"@id\":\"https:\\\/\\\/secure.gravatar.com\\\/avatar\\\/31a1a7b66ff2de83bd0e9fd79d026630d2d99e55e8bfe501287647b4fd9743de?s=96&d=mm&r=g\",\"url\":\"https:\\\/\\\/secure.gravatar.com\\\/avatar\\\/31a1a7b66ff2de83bd0e9fd79d026630d2d99e55e8bfe501287647b4fd9743de?s=96&d=mm&r=g\",\"contentUrl\":\"https:\\\/\\\/secure.gravatar.com\\\/avatar\\\/31a1a7b66ff2de83bd0e9fd79d026630d2d99e55e8bfe501287647b4fd9743de?s=96&d=mm&r=g\",\"caption\":\"Gonzalo Schmidt\"},\"description\":\"Sitio web de noticias de la provincia de Entre R\u00edos, Argentina. Informaci\u00f3n y entretenimiento. Informe Litoral, nos informamos.\",\"sameAs\":[\"http:\\\/\\\/www.isletasnoticias.com.ar\"],\"url\":\"https:\\\/\\\/informelitoral.com.ar\\\/author\\\/gonzalo\\\/\"}]}<\/script>","yoast_head_json":{"title":"Consternaci\u00f3n en Colonia Ensayo por la muerte del Padre Carlos Bar\u00f3n - Informe Litoral","robots":{"index":"index","follow":"follow","max-snippet":"max-snippet:-1","max-image-preview":"max-image-preview:large","max-video-preview":"max-video-preview:-1"},"canonical":"https:\/\/informelitoral.com.ar\/consternacion-en-colonia-ensayo-por-la-muerte-del-padre-carlos-baron\/","og_locale":"es_ES","og_type":"article","og_title":"Consternaci\u00f3n en Colonia Ensayo por la muerte del Padre Carlos Bar\u00f3n - Informe Litoral","og_description":"El cura Carlos Emilio Bar&oacute;n falleci&oacute; este domingo, a la edad de 61 a&ntilde;os. Sufri&oacute; una descompensaci&oacute;n cardiorrespiratoria.&nbsp; El capell&aacute;n del Hospital Enrique Fidanza de Colonia Ensayo, Carlos Bar&oacute;n, falleci&oacute; este domingo tras sufrir una descompensaci&oacute;n cardiorrespiratoria, por lo que fue internado en el Instituto de Cardiolog&iacute;a de Entre R&iacute;os (ICER). &ldquo;Esto significa una gran [&hellip;]","og_url":"https:\/\/informelitoral.com.ar\/consternacion-en-colonia-ensayo-por-la-muerte-del-padre-carlos-baron\/","og_site_name":"Informe Litoral","article_publisher":"https:\/\/www.facebook.com\/informelitoral\/","article_published_time":"2014-06-23T18:44:48+00:00","og_image":[{"width":671,"height":450,"url":"https:\/\/informelitoral.com.ar\/%77%70%2d%63%6f%6e%74%65%6e%74\/uploads\/2014\/06\/1403527487.jpg","type":"image\/jpeg"}],"author":"Gonzalo Schmidt","twitter_card":"summary_large_image","twitter_creator":"@InformeLitoral","twitter_site":"@InformeLitoral","twitter_misc":{"Escrito por":"Gonzalo Schmidt","Tiempo de lectura":"1 minuto"},"schema":{"@context":"https:\/\/schema.org","@graph":[{"@type":"Article","@id":"https:\/\/informelitoral.com.ar\/consternacion-en-colonia-ensayo-por-la-muerte-del-padre-carlos-baron\/#article","isPartOf":{"@id":"https:\/\/informelitoral.com.ar\/consternacion-en-colonia-ensayo-por-la-muerte-del-padre-carlos-baron\/"},"author":{"name":"Gonzalo Schmidt","@id":"https:\/\/informelitoral.com.ar\/#\/schema\/person\/b9d00407c836482871ef1d57bf8e3180"},"headline":"Consternaci\u00f3n en Colonia Ensayo por la muerte del Padre Carlos Bar\u00f3n","datePublished":"2014-06-23T18:44:48+00:00","mainEntityOfPage":{"@id":"https:\/\/informelitoral.com.ar\/consternacion-en-colonia-ensayo-por-la-muerte-del-padre-carlos-baron\/"},"wordCount":150,"commentCount":0,"publisher":{"@id":"https:\/\/informelitoral.com.ar\/#organization"},"image":{"@id":"https:\/\/informelitoral.com.ar\/consternacion-en-colonia-ensayo-por-la-muerte-del-padre-carlos-baron\/#primaryimage"},"thumbnailUrl":"http:\/\/www.isletasnoticias.com.ar\/%77%70%2d%63%6f%6e%74%65%6e%74\/uploads\/2014\/06\/1403527487-300x201.jpg","articleSection":["Departamento Diamante"],"inLanguage":"es","potentialAction":[{"@type":"CommentAction","name":"Comment","target":["https:\/\/informelitoral.com.ar\/consternacion-en-colonia-ensayo-por-la-muerte-del-padre-carlos-baron\/#respond"]}]},{"@type":"WebPage","@id":"https:\/\/informelitoral.com.ar\/consternacion-en-colonia-ensayo-por-la-muerte-del-padre-carlos-baron\/","url":"https:\/\/informelitoral.com.ar\/consternacion-en-colonia-ensayo-por-la-muerte-del-padre-carlos-baron\/","name":"Consternaci\u00f3n en Colonia Ensayo por la muerte del Padre Carlos Bar\u00f3n - Informe Litoral","isPartOf":{"@id":"https:\/\/informelitoral.com.ar\/#website"},"primaryImageOfPage":{"@id":"https:\/\/informelitoral.com.ar\/consternacion-en-colonia-ensayo-por-la-muerte-del-padre-carlos-baron\/#primaryimage"},"image":{"@id":"https:\/\/informelitoral.com.ar\/consternacion-en-colonia-ensayo-por-la-muerte-del-padre-carlos-baron\/#primaryimage"},"thumbnailUrl":"http:\/\/www.isletasnoticias.com.ar\/%77%70%2d%63%6f%6e%74%65%6e%74\/uploads\/2014\/06\/1403527487-300x201.jpg","datePublished":"2014-06-23T18:44:48+00:00","breadcrumb":{"@id":"https:\/\/informelitoral.com.ar\/consternacion-en-colonia-ensayo-por-la-muerte-del-padre-carlos-baron\/#breadcrumb"},"inLanguage":"es","potentialAction":[{"@type":"ReadAction","target":["https:\/\/informelitoral.com.ar\/consternacion-en-colonia-ensayo-por-la-muerte-del-padre-carlos-baron\/"]}]},{"@type":"ImageObject","inLanguage":"es","@id":"https:\/\/informelitoral.com.ar\/consternacion-en-colonia-ensayo-por-la-muerte-del-padre-carlos-baron\/#primaryimage","url":"http:\/\/www.isletasnoticias.com.ar\/%77%70%2d%63%6f%6e%74%65%6e%74\/uploads\/2014\/06\/1403527487-300x201.jpg","contentUrl":"http:\/\/www.isletasnoticias.com.ar\/%77%70%2d%63%6f%6e%74%65%6e%74\/uploads\/2014\/06\/1403527487-300x201.jpg"},{"@type":"BreadcrumbList","@id":"https:\/\/informelitoral.com.ar\/consternacion-en-colonia-ensayo-por-la-muerte-del-padre-carlos-baron\/#breadcrumb","itemListElement":[{"@type":"ListItem","position":1,"name":"Portada","item":"https:\/\/informelitoral.com.ar\/"},{"@type":"ListItem","position":2,"name":"Consternaci\u00f3n en Colonia Ensayo por la muerte del Padre Carlos Bar\u00f3n"}]},{"@type":"WebSite","@id":"https:\/\/informelitoral.com.ar\/#website","url":"https:\/\/informelitoral.com.ar\/","name":"Informe Litoral","description":"&quot;Nos informamos&quot; ","publisher":{"@id":"https:\/\/informelitoral.com.ar\/#organization"},"potentialAction":[{"@type":"SearchAction","target":{"@type":"EntryPoint","urlTemplate":"https:\/\/informelitoral.com.ar\/?s={search_term_string}"},"query-input":{"@type":"PropertyValueSpecification","valueRequired":true,"valueName":"search_term_string"}}],"inLanguage":"es"},{"@type":"Organization","@id":"https:\/\/informelitoral.com.ar\/#organization","name":"Informe Litoral","url":"https:\/\/informelitoral.com.ar\/","logo":{"@type":"ImageObject","inLanguage":"es","@id":"https:\/\/informelitoral.com.ar\/#\/schema\/logo\/image\/","url":"https:\/\/informelitoral.com.ar\/%77%70%2d%63%6f%6e%74%65%6e%74\/uploads\/2021\/01\/circulo.png","contentUrl":"https:\/\/informelitoral.com.ar\/%77%70%2d%63%6f%6e%74%65%6e%74\/uploads\/2021\/01\/circulo.png","width":723,"height":731,"caption":"Informe Litoral"},"image":{"@id":"https:\/\/informelitoral.com.ar\/#\/schema\/logo\/image\/"},"sameAs":["https:\/\/www.facebook.com\/informelitoral\/","https:\/\/x.com\/InformeLitoral","https:\/\/www.instagram.com\/informelitoral\/","https:\/\/www.youtube.com\/channel\/UCua4Qvz8Icb6MYqhoq9xLXw"]},{"@type":"Person","@id":"https:\/\/informelitoral.com.ar\/#\/schema\/person\/b9d00407c836482871ef1d57bf8e3180","name":"Gonzalo Schmidt","image":{"@type":"ImageObject","inLanguage":"es","@id":"https:\/\/secure.gravatar.com\/avatar\/31a1a7b66ff2de83bd0e9fd79d026630d2d99e55e8bfe501287647b4fd9743de?s=96&d=mm&r=g","url":"https:\/\/secure.gravatar.com\/avatar\/31a1a7b66ff2de83bd0e9fd79d026630d2d99e55e8bfe501287647b4fd9743de?s=96&d=mm&r=g","contentUrl":"https:\/\/secure.gravatar.com\/avatar\/31a1a7b66ff2de83bd0e9fd79d026630d2d99e55e8bfe501287647b4fd9743de?s=96&d=mm&r=g","caption":"Gonzalo Schmidt"},"description":"Sitio web de noticias de la provincia de Entre R\u00edos, Argentina. Informaci\u00f3n y entretenimiento. Informe Litoral, nos informamos.","sameAs":["http:\/\/www.isletasnoticias.com.ar"],"url":"https:\/\/informelitoral.com.ar\/author\/gonzalo\/"}]}},"_links":{"self":[{"href":"https:\/\/informelitoral.com.ar\/%77%70%2d%6a%73%6f%6e\/wp\/v2\/posts\/7206","targetHints":{"allow":["GET"]}}],"collection":[{"href":"https:\/\/informelitoral.com.ar\/%77%70%2d%6a%73%6f%6e\/wp\/v2\/posts"}],"about":[{"href":"https:\/\/informelitoral.com.ar\/%77%70%2d%6a%73%6f%6e\/wp\/v2\/types\/post"}],"author":[{"embeddable":true,"href":"https:\/\/informelitoral.com.ar\/%77%70%2d%6a%73%6f%6e\/wp\/v2\/users\/2"}],"replies":[{"embeddable":true,"href":"https:\/\/informelitoral.com.ar\/%77%70%2d%6a%73%6f%6e\/wp\/v2\/comments?post=7206"}],"version-history":[{"count":0,"href":"https:\/\/informelitoral.com.ar\/%77%70%2d%6a%73%6f%6e\/wp\/v2\/posts\/7206\/revisions"}],"wp:attachment":[{"href":"https:\/\/informelitoral.com.ar\/%77%70%2d%6a%73%6f%6e\/wp\/v2\/media?parent=7206"}],"wp:term":[{"taxonomy":"category","embeddable":true,"href":"https:\/\/informelitoral.com.ar\/%77%70%2d%6a%73%6f%6e\/wp\/v2\/categories?post=7206"},{"taxonomy":"post_tag","embeddable":true,"href":"https:\/\/informelitoral.com.ar\/%77%70%2d%6a%73%6f%6e\/wp\/v2\/tags?post=7206"}],"curies":[{"name":"wp","href":"https:\/\/api.w.org\/{rel}","templated":true}]}}