{"id":7202,"date":"2014-06-23T00:04:21","date_gmt":"2014-06-23T03:04:21","guid":{"rendered":"http:\/\/www.isletasnoticias.com.ar\/?p=7202"},"modified":"2014-06-23T00:06:13","modified_gmt":"2014-06-23T03:06:13","slug":"la-asamblea-ambiental-realizo-una-masiva-caravana-contra-upm","status":"publish","type":"post","link":"https:\/\/informelitoral.com.ar\/la-asamblea-ambiental-realizo-una-masiva-caravana-contra-upm\/","title":{"rendered":"Gualeguaych\u00fa: la Asamblea Ambiental realiz\u00f3 una masiva caravana contra UPM"},"content":{"rendered":"<p style=\"text-align: left;\"><strong>Junto a vecinos participaron de una caravana al puente General San Mart\u00edn, cruzaron a Uruguay y leyeron una proclama donde expresaron su rechazo al aumento de la producci\u00f3n de la pastera.<a href=\"http:\/\/www.isletasnoticias.com.ar\/%77%70%2d%63%6f%6e%74%65%6e%74\/uploads\/2014\/06\/upm.jpg_2069580699.jpg\"><img loading=\"lazy\" decoding=\"async\" class=\"aligncenter  wp-image-7203\" alt=\"upm.jpg_2069580699\" src=\"http:\/\/www.isletasnoticias.com.ar\/%77%70%2d%63%6f%6e%74%65%6e%74\/uploads\/2014\/06\/upm.jpg_2069580699-300x199.jpg\" width=\"500\" height=\"300\" \/><\/a><\/strong><\/p>\n<p>La Asamblea Ciudadana Ambiental de Gualeguaych\u00fa y vecinos de la localidad, realizaron este domingo una masiva caravana al puente General San Mart\u00edn, cruzaron al vecino pa\u00eds, y leyeron una proclama, para rechazar el aumento de la producci\u00f3n de la contaminante finesa Botnia-UPM, autorizado por el gobierno uruguayo, confirm\u00f3 el integrante de la organizaci\u00f3n Juan Veronesi.<\/p>\n<p>Veronesi precis\u00f3 que m\u00e1s de 230 veh\u00edculos participaron de la caravana, que cruz\u00f3 hasta el lado uruguayo, y mientras segu\u00eda su curso, ya que no se interrumpi\u00f3 nunca, se ley\u00f3 el documento titulado: \u201cLas deudas ambientales tambi\u00e9n se pagan\u201d.<\/p>\n<p>El asamble\u00edsta explic\u00f3 que la gente est\u00e1 indignada y m\u00e1s a\u00fan, \u201cdesde que supo que Uruguay hab\u00eda aprobado un aumento de la producci\u00f3n. M\u00e1s producci\u00f3n es m\u00e1s contaminaci\u00f3n y aunque estamos de acuerdo con la decisi\u00f3n del gobierno de volver a La Haya para realizar un nuevo reclamo ante la Corte Internacional de Justicia, ratificamos que lo que nos interesa es el desmantelamiento total de la pastera finesa\u201d.<\/p>\n<p>Veronesi destac\u00f3 que Gualeguaych\u00fa \u201cquiere que se ratifique el pedido de desmantelamiento de la planta porque hay pruebas de que es contaminante. Protestamos por el aumento (de la producci\u00f3n) pero tambi\u00e9n por lo que dijimos siempre, que es que queremos su desmantelamiento\u201d.<\/p>\n<p>El dirigente de la Asamblea se esperanz\u00f3 en que el gobierno demuestre ante La Haya \u201cla contaminaci\u00f3n que no pudo probar antes el Tribunal, porque ahora s\u00ed que hay pruebas y de sobra\u201d.<\/p>\n<p>El texto que se ley\u00f3 en la cabecera del Puente General San Mart\u00edn, pero en la frontera con Uruguay, donde est\u00e1 la Aduana, es el mismo que se dio a conocer luego que el gobierno expresara su intenci\u00f3n de pagar a los fondos buitres que reclamaron por los bonos de la deuda ante la justicia de Estados Unidos.<\/p>\n<p>Los ambientalistas indicaron que \u201clas deudas ambientales tambi\u00e9n hay que pagarlas\u201d. Y, se\u00f1alaron: \u201choy nos encontramos ante un nuevo atropello, por parte del gobierno uruguayo, a pactos entre pueblos hermanos\u201d.<\/p>\n<p>\u201cTambi\u00e9n vemos con gran preocupaci\u00f3n las respuestas espasm\u00f3dicas que ensayan nuestros representantes a dichas violaciones, manifest\u00e1ndose puntualmente cuando el Uruguay avanza ilegalmente en \u00e9ste conflicto, quedando despu\u00e9s todo en el olvido\u201d.<\/p>\n<p>En ese marco, rememoraron que en distintas oportunidades se dijo que \u201cestamos en presencia de una empresa ilegal y contaminante\u201d y que era \u201cla peor empresa en el peor lugar\u201d.<\/p>\n<p>Asimismo, reprocharon a las autoridades haber anunciado que iban \u201ca la Corte exigiendo el -desmantelamiento o la relocalizaci\u00f3n- de Botnia (UPM)\u201d.<\/p>\n<p>Fuente: <em>AIM<\/em><\/p>\n","protected":false},"excerpt":{"rendered":"<p>Junto a vecinos participaron de una caravana al puente General San Mart&iacute;n, cruzaron a Uruguay y leyeron una proclama donde expresaron su rechazo al aumento de la producci&oacute;n de la pastera. La Asamblea Ciudadana Ambiental de Gualeguaych&uacute; y vecinos de la localidad, realizaron este domingo una masiva caravana al puente General San Mart&iacute;n, cruzaron al [&hellip;]<\/p>\n","protected":false},"author":2,"featured_media":0,"comment_status":"open","ping_status":"open","sticky":false,"template":"","format":"standard","meta":{"fifu_image_url":"","fifu_image_alt":"","footnotes":""},"categories":[6],"tags":[],"class_list":{"0":"post-7202","1":"post","2":"type-post","3":"status-publish","4":"format-standard","6":"category-entre-rios"},"yoast_head":"<title>Gualeguaych\u00fa: la Asamblea Ambiental realiz\u00f3 una masiva caravana contra UPM - Informe Litoral<\/title>\n<meta name=\"robots\" content=\"index, follow, max-snippet:-1, max-image-preview:large, max-video-preview:-1\" \/>\n<link rel=\"canonical\" href=\"https:\/\/informelitoral.com.ar\/la-asamblea-ambiental-realizo-una-masiva-caravana-contra-upm\/\" \/>\n<meta property=\"og:locale\" content=\"es_ES\" \/>\n<meta property=\"og:type\" content=\"article\" \/>\n<meta property=\"og:title\" content=\"Gualeguaych\u00fa: la Asamblea Ambiental realiz\u00f3 una masiva caravana contra UPM - Informe Litoral\" \/>\n<meta property=\"og:description\" content=\"Junto a vecinos participaron de una caravana al puente General San Mart&iacute;n, cruzaron a Uruguay y leyeron una proclama donde expresaron su rechazo al aumento de la producci&oacute;n de la pastera. La Asamblea Ciudadana Ambiental de Gualeguaych&uacute; y vecinos de la localidad, realizaron este domingo una masiva caravana al puente General San Mart&iacute;n, cruzaron al [&hellip;]\" \/>\n<meta property=\"og:url\" content=\"https:\/\/informelitoral.com.ar\/la-asamblea-ambiental-realizo-una-masiva-caravana-contra-upm\/\" \/>\n<meta property=\"og:site_name\" content=\"Informe Litoral\" \/>\n<meta property=\"article:publisher\" content=\"https:\/\/www.facebook.com\/informelitoral\/\" \/>\n<meta property=\"article:published_time\" content=\"2014-06-23T03:04:21+00:00\" \/>\n<meta property=\"article:modified_time\" content=\"2014-06-23T03:06:13+00:00\" \/>\n<meta property=\"og:image\" content=\"https:\/\/informelitoral.com.ar\/%77%70%2d%63%6f%6e%74%65%6e%74\/uploads\/2014\/06\/upm.jpg_2069580699.jpg\" \/>\n\t<meta property=\"og:image:width\" content=\"761\" \/>\n\t<meta property=\"og:image:height\" content=\"507\" \/>\n\t<meta property=\"og:image:type\" content=\"image\/jpeg\" \/>\n<meta name=\"author\" content=\"Gonzalo Schmidt\" \/>\n<meta name=\"twitter:card\" content=\"summary_large_image\" \/>\n<meta name=\"twitter:creator\" content=\"@InformeLitoral\" \/>\n<meta name=\"twitter:site\" content=\"@InformeLitoral\" \/>\n<meta name=\"twitter:label1\" content=\"Escrito por\" \/>\n\t<meta name=\"twitter:data1\" content=\"Gonzalo Schmidt\" \/>\n\t<meta name=\"twitter:label2\" content=\"Tiempo de lectura\" \/>\n\t<meta name=\"twitter:data2\" content=\"2 minutos\" \/>\n<script type=\"application\/ld+json\" class=\"yoast-schema-graph\">{\"@context\":\"https:\\\/\\\/schema.org\",\"@graph\":[{\"@type\":\"Article\",\"@id\":\"https:\\\/\\\/informelitoral.com.ar\\\/la-asamblea-ambiental-realizo-una-masiva-caravana-contra-upm\\\/#article\",\"isPartOf\":{\"@id\":\"https:\\\/\\\/informelitoral.com.ar\\\/la-asamblea-ambiental-realizo-una-masiva-caravana-contra-upm\\\/\"},\"author\":{\"name\":\"Gonzalo Schmidt\",\"@id\":\"https:\\\/\\\/informelitoral.com.ar\\\/#\\\/schema\\\/person\\\/b9d00407c836482871ef1d57bf8e3180\"},\"headline\":\"Gualeguaych\u00fa: la Asamblea Ambiental realiz\u00f3 una masiva caravana contra UPM\",\"datePublished\":\"2014-06-23T03:04:21+00:00\",\"dateModified\":\"2014-06-23T03:06:13+00:00\",\"mainEntityOfPage\":{\"@id\":\"https:\\\/\\\/informelitoral.com.ar\\\/la-asamblea-ambiental-realizo-una-masiva-caravana-contra-upm\\\/\"},\"wordCount\":482,\"commentCount\":0,\"publisher\":{\"@id\":\"https:\\\/\\\/informelitoral.com.ar\\\/#organization\"},\"image\":{\"@id\":\"https:\\\/\\\/informelitoral.com.ar\\\/la-asamblea-ambiental-realizo-una-masiva-caravana-contra-upm\\\/#primaryimage\"},\"thumbnailUrl\":\"http:\\\/\\\/www.isletasnoticias.com.ar\\\/%77%70%2d%63%6f%6e%74%65%6e%74\\\/uploads\\\/2014\\\/06\\\/upm.jpg_2069580699-300x199.jpg\",\"articleSection\":[\"Entre R\u00edos\"],\"inLanguage\":\"es\",\"potentialAction\":[{\"@type\":\"CommentAction\",\"name\":\"Comment\",\"target\":[\"https:\\\/\\\/informelitoral.com.ar\\\/la-asamblea-ambiental-realizo-una-masiva-caravana-contra-upm\\\/#respond\"]}]},{\"@type\":\"WebPage\",\"@id\":\"https:\\\/\\\/informelitoral.com.ar\\\/la-asamblea-ambiental-realizo-una-masiva-caravana-contra-upm\\\/\",\"url\":\"https:\\\/\\\/informelitoral.com.ar\\\/la-asamblea-ambiental-realizo-una-masiva-caravana-contra-upm\\\/\",\"name\":\"Gualeguaych\u00fa: la Asamblea Ambiental realiz\u00f3 una masiva caravana contra UPM - Informe Litoral\",\"isPartOf\":{\"@id\":\"https:\\\/\\\/informelitoral.com.ar\\\/#website\"},\"primaryImageOfPage\":{\"@id\":\"https:\\\/\\\/informelitoral.com.ar\\\/la-asamblea-ambiental-realizo-una-masiva-caravana-contra-upm\\\/#primaryimage\"},\"image\":{\"@id\":\"https:\\\/\\\/informelitoral.com.ar\\\/la-asamblea-ambiental-realizo-una-masiva-caravana-contra-upm\\\/#primaryimage\"},\"thumbnailUrl\":\"http:\\\/\\\/www.isletasnoticias.com.ar\\\/%77%70%2d%63%6f%6e%74%65%6e%74\\\/uploads\\\/2014\\\/06\\\/upm.jpg_2069580699-300x199.jpg\",\"datePublished\":\"2014-06-23T03:04:21+00:00\",\"dateModified\":\"2014-06-23T03:06:13+00:00\",\"breadcrumb\":{\"@id\":\"https:\\\/\\\/informelitoral.com.ar\\\/la-asamblea-ambiental-realizo-una-masiva-caravana-contra-upm\\\/#breadcrumb\"},\"inLanguage\":\"es\",\"potentialAction\":[{\"@type\":\"ReadAction\",\"target\":[\"https:\\\/\\\/informelitoral.com.ar\\\/la-asamblea-ambiental-realizo-una-masiva-caravana-contra-upm\\\/\"]}]},{\"@type\":\"ImageObject\",\"inLanguage\":\"es\",\"@id\":\"https:\\\/\\\/informelitoral.com.ar\\\/la-asamblea-ambiental-realizo-una-masiva-caravana-contra-upm\\\/#primaryimage\",\"url\":\"http:\\\/\\\/www.isletasnoticias.com.ar\\\/%77%70%2d%63%6f%6e%74%65%6e%74\\\/uploads\\\/2014\\\/06\\\/upm.jpg_2069580699-300x199.jpg\",\"contentUrl\":\"http:\\\/\\\/www.isletasnoticias.com.ar\\\/%77%70%2d%63%6f%6e%74%65%6e%74\\\/uploads\\\/2014\\\/06\\\/upm.jpg_2069580699-300x199.jpg\"},{\"@type\":\"BreadcrumbList\",\"@id\":\"https:\\\/\\\/informelitoral.com.ar\\\/la-asamblea-ambiental-realizo-una-masiva-caravana-contra-upm\\\/#breadcrumb\",\"itemListElement\":[{\"@type\":\"ListItem\",\"position\":1,\"name\":\"Portada\",\"item\":\"https:\\\/\\\/informelitoral.com.ar\\\/\"},{\"@type\":\"ListItem\",\"position\":2,\"name\":\"Gualeguaych\u00fa: la Asamblea Ambiental realiz\u00f3 una masiva caravana contra UPM\"}]},{\"@type\":\"WebSite\",\"@id\":\"https:\\\/\\\/informelitoral.com.ar\\\/#website\",\"url\":\"https:\\\/\\\/informelitoral.com.ar\\\/\",\"name\":\"Informe Litoral\",\"description\":\"&quot;Nos informamos&quot; \",\"publisher\":{\"@id\":\"https:\\\/\\\/informelitoral.com.ar\\\/#organization\"},\"potentialAction\":[{\"@type\":\"SearchAction\",\"target\":{\"@type\":\"EntryPoint\",\"urlTemplate\":\"https:\\\/\\\/informelitoral.com.ar\\\/?s={search_term_string}\"},\"query-input\":{\"@type\":\"PropertyValueSpecification\",\"valueRequired\":true,\"valueName\":\"search_term_string\"}}],\"inLanguage\":\"es\"},{\"@type\":\"Organization\",\"@id\":\"https:\\\/\\\/informelitoral.com.ar\\\/#organization\",\"name\":\"Informe Litoral\",\"url\":\"https:\\\/\\\/informelitoral.com.ar\\\/\",\"logo\":{\"@type\":\"ImageObject\",\"inLanguage\":\"es\",\"@id\":\"https:\\\/\\\/informelitoral.com.ar\\\/#\\\/schema\\\/logo\\\/image\\\/\",\"url\":\"https:\\\/\\\/informelitoral.com.ar\\\/%77%70%2d%63%6f%6e%74%65%6e%74\\\/uploads\\\/2021\\\/01\\\/circulo.png\",\"contentUrl\":\"https:\\\/\\\/informelitoral.com.ar\\\/%77%70%2d%63%6f%6e%74%65%6e%74\\\/uploads\\\/2021\\\/01\\\/circulo.png\",\"width\":723,\"height\":731,\"caption\":\"Informe Litoral\"},\"image\":{\"@id\":\"https:\\\/\\\/informelitoral.com.ar\\\/#\\\/schema\\\/logo\\\/image\\\/\"},\"sameAs\":[\"https:\\\/\\\/www.facebook.com\\\/informelitoral\\\/\",\"https:\\\/\\\/x.com\\\/InformeLitoral\",\"https:\\\/\\\/www.instagram.com\\\/informelitoral\\\/\",\"https:\\\/\\\/www.youtube.com\\\/channel\\\/UCua4Qvz8Icb6MYqhoq9xLXw\"]},{\"@type\":\"Person\",\"@id\":\"https:\\\/\\\/informelitoral.com.ar\\\/#\\\/schema\\\/person\\\/b9d00407c836482871ef1d57bf8e3180\",\"name\":\"Gonzalo Schmidt\",\"image\":{\"@type\":\"ImageObject\",\"inLanguage\":\"es\",\"@id\":\"https:\\\/\\\/secure.gravatar.com\\\/avatar\\\/31a1a7b66ff2de83bd0e9fd79d026630d2d99e55e8bfe501287647b4fd9743de?s=96&d=mm&r=g\",\"url\":\"https:\\\/\\\/secure.gravatar.com\\\/avatar\\\/31a1a7b66ff2de83bd0e9fd79d026630d2d99e55e8bfe501287647b4fd9743de?s=96&d=mm&r=g\",\"contentUrl\":\"https:\\\/\\\/secure.gravatar.com\\\/avatar\\\/31a1a7b66ff2de83bd0e9fd79d026630d2d99e55e8bfe501287647b4fd9743de?s=96&d=mm&r=g\",\"caption\":\"Gonzalo Schmidt\"},\"description\":\"Sitio web de noticias de la provincia de Entre R\u00edos, Argentina. Informaci\u00f3n y entretenimiento. Informe Litoral, nos informamos.\",\"sameAs\":[\"http:\\\/\\\/www.isletasnoticias.com.ar\"],\"url\":\"https:\\\/\\\/informelitoral.com.ar\\\/author\\\/gonzalo\\\/\"}]}<\/script>","yoast_head_json":{"title":"Gualeguaych\u00fa: la Asamblea Ambiental realiz\u00f3 una masiva caravana contra UPM - Informe Litoral","robots":{"index":"index","follow":"follow","max-snippet":"max-snippet:-1","max-image-preview":"max-image-preview:large","max-video-preview":"max-video-preview:-1"},"canonical":"https:\/\/informelitoral.com.ar\/la-asamblea-ambiental-realizo-una-masiva-caravana-contra-upm\/","og_locale":"es_ES","og_type":"article","og_title":"Gualeguaych\u00fa: la Asamblea Ambiental realiz\u00f3 una masiva caravana contra UPM - Informe Litoral","og_description":"Junto a vecinos participaron de una caravana al puente General San Mart&iacute;n, cruzaron a Uruguay y leyeron una proclama donde expresaron su rechazo al aumento de la producci&oacute;n de la pastera. La Asamblea Ciudadana Ambiental de Gualeguaych&uacute; y vecinos de la localidad, realizaron este domingo una masiva caravana al puente General San Mart&iacute;n, cruzaron al [&hellip;]","og_url":"https:\/\/informelitoral.com.ar\/la-asamblea-ambiental-realizo-una-masiva-caravana-contra-upm\/","og_site_name":"Informe Litoral","article_publisher":"https:\/\/www.facebook.com\/informelitoral\/","article_published_time":"2014-06-23T03:04:21+00:00","article_modified_time":"2014-06-23T03:06:13+00:00","og_image":[{"width":761,"height":507,"url":"https:\/\/informelitoral.com.ar\/%77%70%2d%63%6f%6e%74%65%6e%74\/uploads\/2014\/06\/upm.jpg_2069580699.jpg","type":"image\/jpeg"}],"author":"Gonzalo Schmidt","twitter_card":"summary_large_image","twitter_creator":"@InformeLitoral","twitter_site":"@InformeLitoral","twitter_misc":{"Escrito por":"Gonzalo Schmidt","Tiempo de lectura":"2 minutos"},"schema":{"@context":"https:\/\/schema.org","@graph":[{"@type":"Article","@id":"https:\/\/informelitoral.com.ar\/la-asamblea-ambiental-realizo-una-masiva-caravana-contra-upm\/#article","isPartOf":{"@id":"https:\/\/informelitoral.com.ar\/la-asamblea-ambiental-realizo-una-masiva-caravana-contra-upm\/"},"author":{"name":"Gonzalo Schmidt","@id":"https:\/\/informelitoral.com.ar\/#\/schema\/person\/b9d00407c836482871ef1d57bf8e3180"},"headline":"Gualeguaych\u00fa: la Asamblea Ambiental realiz\u00f3 una masiva caravana contra UPM","datePublished":"2014-06-23T03:04:21+00:00","dateModified":"2014-06-23T03:06:13+00:00","mainEntityOfPage":{"@id":"https:\/\/informelitoral.com.ar\/la-asamblea-ambiental-realizo-una-masiva-caravana-contra-upm\/"},"wordCount":482,"commentCount":0,"publisher":{"@id":"https:\/\/informelitoral.com.ar\/#organization"},"image":{"@id":"https:\/\/informelitoral.com.ar\/la-asamblea-ambiental-realizo-una-masiva-caravana-contra-upm\/#primaryimage"},"thumbnailUrl":"http:\/\/www.isletasnoticias.com.ar\/%77%70%2d%63%6f%6e%74%65%6e%74\/uploads\/2014\/06\/upm.jpg_2069580699-300x199.jpg","articleSection":["Entre R\u00edos"],"inLanguage":"es","potentialAction":[{"@type":"CommentAction","name":"Comment","target":["https:\/\/informelitoral.com.ar\/la-asamblea-ambiental-realizo-una-masiva-caravana-contra-upm\/#respond"]}]},{"@type":"WebPage","@id":"https:\/\/informelitoral.com.ar\/la-asamblea-ambiental-realizo-una-masiva-caravana-contra-upm\/","url":"https:\/\/informelitoral.com.ar\/la-asamblea-ambiental-realizo-una-masiva-caravana-contra-upm\/","name":"Gualeguaych\u00fa: la Asamblea Ambiental realiz\u00f3 una masiva caravana contra UPM - Informe Litoral","isPartOf":{"@id":"https:\/\/informelitoral.com.ar\/#website"},"primaryImageOfPage":{"@id":"https:\/\/informelitoral.com.ar\/la-asamblea-ambiental-realizo-una-masiva-caravana-contra-upm\/#primaryimage"},"image":{"@id":"https:\/\/informelitoral.com.ar\/la-asamblea-ambiental-realizo-una-masiva-caravana-contra-upm\/#primaryimage"},"thumbnailUrl":"http:\/\/www.isletasnoticias.com.ar\/%77%70%2d%63%6f%6e%74%65%6e%74\/uploads\/2014\/06\/upm.jpg_2069580699-300x199.jpg","datePublished":"2014-06-23T03:04:21+00:00","dateModified":"2014-06-23T03:06:13+00:00","breadcrumb":{"@id":"https:\/\/informelitoral.com.ar\/la-asamblea-ambiental-realizo-una-masiva-caravana-contra-upm\/#breadcrumb"},"inLanguage":"es","potentialAction":[{"@type":"ReadAction","target":["https:\/\/informelitoral.com.ar\/la-asamblea-ambiental-realizo-una-masiva-caravana-contra-upm\/"]}]},{"@type":"ImageObject","inLanguage":"es","@id":"https:\/\/informelitoral.com.ar\/la-asamblea-ambiental-realizo-una-masiva-caravana-contra-upm\/#primaryimage","url":"http:\/\/www.isletasnoticias.com.ar\/%77%70%2d%63%6f%6e%74%65%6e%74\/uploads\/2014\/06\/upm.jpg_2069580699-300x199.jpg","contentUrl":"http:\/\/www.isletasnoticias.com.ar\/%77%70%2d%63%6f%6e%74%65%6e%74\/uploads\/2014\/06\/upm.jpg_2069580699-300x199.jpg"},{"@type":"BreadcrumbList","@id":"https:\/\/informelitoral.com.ar\/la-asamblea-ambiental-realizo-una-masiva-caravana-contra-upm\/#breadcrumb","itemListElement":[{"@type":"ListItem","position":1,"name":"Portada","item":"https:\/\/informelitoral.com.ar\/"},{"@type":"ListItem","position":2,"name":"Gualeguaych\u00fa: la Asamblea Ambiental realiz\u00f3 una masiva caravana contra UPM"}]},{"@type":"WebSite","@id":"https:\/\/informelitoral.com.ar\/#website","url":"https:\/\/informelitoral.com.ar\/","name":"Informe Litoral","description":"&quot;Nos informamos&quot; ","publisher":{"@id":"https:\/\/informelitoral.com.ar\/#organization"},"potentialAction":[{"@type":"SearchAction","target":{"@type":"EntryPoint","urlTemplate":"https:\/\/informelitoral.com.ar\/?s={search_term_string}"},"query-input":{"@type":"PropertyValueSpecification","valueRequired":true,"valueName":"search_term_string"}}],"inLanguage":"es"},{"@type":"Organization","@id":"https:\/\/informelitoral.com.ar\/#organization","name":"Informe Litoral","url":"https:\/\/informelitoral.com.ar\/","logo":{"@type":"ImageObject","inLanguage":"es","@id":"https:\/\/informelitoral.com.ar\/#\/schema\/logo\/image\/","url":"https:\/\/informelitoral.com.ar\/%77%70%2d%63%6f%6e%74%65%6e%74\/uploads\/2021\/01\/circulo.png","contentUrl":"https:\/\/informelitoral.com.ar\/%77%70%2d%63%6f%6e%74%65%6e%74\/uploads\/2021\/01\/circulo.png","width":723,"height":731,"caption":"Informe Litoral"},"image":{"@id":"https:\/\/informelitoral.com.ar\/#\/schema\/logo\/image\/"},"sameAs":["https:\/\/www.facebook.com\/informelitoral\/","https:\/\/x.com\/InformeLitoral","https:\/\/www.instagram.com\/informelitoral\/","https:\/\/www.youtube.com\/channel\/UCua4Qvz8Icb6MYqhoq9xLXw"]},{"@type":"Person","@id":"https:\/\/informelitoral.com.ar\/#\/schema\/person\/b9d00407c836482871ef1d57bf8e3180","name":"Gonzalo Schmidt","image":{"@type":"ImageObject","inLanguage":"es","@id":"https:\/\/secure.gravatar.com\/avatar\/31a1a7b66ff2de83bd0e9fd79d026630d2d99e55e8bfe501287647b4fd9743de?s=96&d=mm&r=g","url":"https:\/\/secure.gravatar.com\/avatar\/31a1a7b66ff2de83bd0e9fd79d026630d2d99e55e8bfe501287647b4fd9743de?s=96&d=mm&r=g","contentUrl":"https:\/\/secure.gravatar.com\/avatar\/31a1a7b66ff2de83bd0e9fd79d026630d2d99e55e8bfe501287647b4fd9743de?s=96&d=mm&r=g","caption":"Gonzalo Schmidt"},"description":"Sitio web de noticias de la provincia de Entre R\u00edos, Argentina. Informaci\u00f3n y entretenimiento. Informe Litoral, nos informamos.","sameAs":["http:\/\/www.isletasnoticias.com.ar"],"url":"https:\/\/informelitoral.com.ar\/author\/gonzalo\/"}]}},"_links":{"self":[{"href":"https:\/\/informelitoral.com.ar\/%77%70%2d%6a%73%6f%6e\/wp\/v2\/posts\/7202","targetHints":{"allow":["GET"]}}],"collection":[{"href":"https:\/\/informelitoral.com.ar\/%77%70%2d%6a%73%6f%6e\/wp\/v2\/posts"}],"about":[{"href":"https:\/\/informelitoral.com.ar\/%77%70%2d%6a%73%6f%6e\/wp\/v2\/types\/post"}],"author":[{"embeddable":true,"href":"https:\/\/informelitoral.com.ar\/%77%70%2d%6a%73%6f%6e\/wp\/v2\/users\/2"}],"replies":[{"embeddable":true,"href":"https:\/\/informelitoral.com.ar\/%77%70%2d%6a%73%6f%6e\/wp\/v2\/comments?post=7202"}],"version-history":[{"count":0,"href":"https:\/\/informelitoral.com.ar\/%77%70%2d%6a%73%6f%6e\/wp\/v2\/posts\/7202\/revisions"}],"wp:attachment":[{"href":"https:\/\/informelitoral.com.ar\/%77%70%2d%6a%73%6f%6e\/wp\/v2\/media?parent=7202"}],"wp:term":[{"taxonomy":"category","embeddable":true,"href":"https:\/\/informelitoral.com.ar\/%77%70%2d%6a%73%6f%6e\/wp\/v2\/categories?post=7202"},{"taxonomy":"post_tag","embeddable":true,"href":"https:\/\/informelitoral.com.ar\/%77%70%2d%6a%73%6f%6e\/wp\/v2\/tags?post=7202"}],"curies":[{"name":"wp","href":"https:\/\/api.w.org\/{rel}","templated":true}]}}