{"id":71879,"date":"2022-02-16T10:16:34","date_gmt":"2022-02-16T13:16:34","guid":{"rendered":"https:\/\/www.informelitoral.com.ar\/?p=71879"},"modified":"2022-02-16T10:16:34","modified_gmt":"2022-02-16T13:16:34","slug":"stratta-el-camino-de-esperanza-que-transitamos-nos-necesita-unidos-en-el-dialogo-y-en-la-construccion-de-consenso","status":"publish","type":"post","link":"https:\/\/informelitoral.com.ar\/stratta-el-camino-de-esperanza-que-transitamos-nos-necesita-unidos-en-el-dialogo-y-en-la-construccion-de-consenso\/","title":{"rendered":"Stratta: \u201cEl camino de esperanza que transitamos nos necesita unidos en el di\u00e1logo y en la construcci\u00f3n de consenso\u00bb"},"content":{"rendered":"<p>Tal y como lo fija la Constituci\u00f3n Provincial, el gobernador Gustavo Bordet emiti\u00f3 su discurso en la apertura del 143\u00ba Per\u00edodo Legislativo de Sesiones Ordinarias y en la oportunidad inform\u00f3 sobre el estado general de la administraci\u00f3n p\u00fablica a las y los legisladores entrerrianos. Lo hizo este martes en el Centro Provincial de Convenciones (CPC) de Paran\u00e1.<\/p>\n<p>La vicegobernadora y presidenta de la C\u00e1mara alta, Laura Stratta, hizo referencia al discurso del mandatario entrerriano y resalt\u00f3: \u201cEl camino de esperanza que estamos transitando las y los entrerrianos, nos necesita unidos, en el di\u00e1logo y en la construcci\u00f3n de consensos, para consolidar las conquistas de un presente que nos permita avanzar hacia un futuro de igualdad y m\u00e1s oportunidades para nuestra provincia\u201d.<\/p>\n<p>Asimismo, celebr\u00f3 que \u201chabiendo llevado adelante una hist\u00f3rica campa\u00f1a de vacunaci\u00f3n en todo el territorio, podamos compartir juntos esta realidad que es fruto del esfuerzo de nuestro pueblo, pero tambi\u00e9n es el resultado de un Estado provincial que sostuvo la inversi\u00f3n p\u00fablica como una herramienta indispensable para el desarrollo de cada comunidad\u201d, remarc\u00f3.<\/p>\n<p>Y agreg\u00f3: \u201cEstando en las puertas de un nuevo per\u00edodo legislativo, como dijo Gustavo Bordet hoy, la uni\u00f3n es la tarea m\u00e1s importante que nos demanda la historia, y creo fuertemente que esa es la forma en que mejor construimos las y los entrerrianos\u201d.<\/p>\n<p>La presidenta de la C\u00e1mara alta, adem\u00e1s, destac\u00f3 que el mandatario entrerriano \u201cnos convoc\u00f3 a que podamos hablar con honestidad y sancionar las leyes que Entre R\u00edos necesita\u201d, al tiempo que asever\u00f3: \u201cSi nosotros no debatimos de verdad, si no lo hacemos con grandeza poco podremos hacer por la Entre R\u00edos que viene\u201d.<\/p>\n<p>La palabra de Gieco, Gay y Morchio<\/p>\n<p>La senadora Claudia Gieco (Diamante- Frente Justicialista) consider\u00f3 que el discurso del gobernador \u201cfue muy positivo para un a\u00f1o complejo como fue el 2021, pero con un 2022 lleno de expectativas, de superaciones y oportunidades y de muchos desaf\u00edos laborales, por los anuncios que realiz\u00f3 para la Legislatura\u201d. Y a\u00f1adi\u00f3: \u201cEn lo personal, estoy muy feliz por las obras que el gobernador anunci\u00f3 para el Departamento Diamante\u201d.<\/p>\n<p>En tanto, el presidente del bloque del Frente Justicialista, Armando Gay (Concordia) expres\u00f3: \u201cEl mensaje del gobernador fue muy positivo, se desarroll\u00f3 todo el trabajo que se hizo durante el 2021 y obviamente con una agenda muy amplia, tambi\u00e9n de la legislatura, que ser\u00e1 muy activa para el 2022. Pero fundamentalmente el desaf\u00edo que nos da la oportunidad, como le ha pasado a distintos pa\u00edses cuando salen de una crisis profunda\u201d, dijo el legislador. \u201cHoy el desaf\u00edo est\u00e1 en generar la matriz productiva, la creaci\u00f3n de empleo y volver a tener la actitud y el empuje para el desarrollo final de la segunda etapa de gesti\u00f3n\u201d, subray\u00f3 Gay.<\/p>\n<p>Por su parte, el presidente de bloque de Cambiemos, Francisco Morchio (Gualeguay) opin\u00f3: \u201cNosotros siempre tratamos de ser una oposici\u00f3n constructiva y buscar los consensos\u201d. Y continu\u00f3: \u201cComo legislador, me llama profundamente la atenci\u00f3n la cantidad de proyectos que piensa mandar el Ejecutivo, tal como lo expres\u00f3 el gobernador. Pero otros proyectos, como la reforma jubilatoria, que es algo que se viene anunciando, eso es responsabilidad de los legisladores\u201d.<\/p>\n<p>Presencias<\/p>\n<p>La jornada cont\u00f3 con la presencia de la vicegobernadora Laura Stratta, las y los integrantes de la Asamblea Legislativa; las y los ministros del gabinete provincial; representantes de la Justicia; legisladores nacionales; presidentes municipales de localidades entrerrianas; referentes empresariales, sindicales y eclesi\u00e1sticos; autoridades de las fuerzas armadas y seguridad; rectores y decanos universitarios. Adem\u00e1s, estuvieron presentes Juan Manzur, jefe de Gabinete de Ministros de la Presidencia de la Naci\u00f3n y el ex gobernador y actual embajador de Argentina en Israel y Chipre, Sergio Urribarri, entre otros invitados especiales. Acompa\u00f1aron al mandatario entrerriano, su esposa Mariel \u00c1vila y su padre Elvio Bordet.<\/p>\n","protected":false},"excerpt":{"rendered":"<p>Al t\u00e9rmino del discurso del gobernador Gustavo Bordet ante la Asamblea Legislativa 2022, la vicegobernadora Laura Stratta se refiri\u00f3 a las palabras del mandatario entrerriano. Opinaron, adem\u00e1s, la senadora Claudia Gieco y los presidentes de bloque de la C\u00e1mara alta.<\/p>\n","protected":false},"author":8,"featured_media":71880,"comment_status":"open","ping_status":"open","sticky":false,"template":"","format":"standard","meta":{"fifu_image_url":"","fifu_image_alt":"","footnotes":""},"categories":[6],"tags":[3150,680],"class_list":{"0":"post-71879","1":"post","2":"type-post","3":"status-publish","4":"format-standard","5":"has-post-thumbnail","7":"category-entre-rios","8":"tag-asamblea-legislativa","9":"tag-laura-stratta"},"yoast_head":"<title>Stratta: \u201cEl camino de esperanza que transitamos nos necesita unidos en el di\u00e1logo y en la construcci\u00f3n de consenso&quot; - Informe Litoral<\/title>\n<meta name=\"robots\" content=\"index, follow, max-snippet:-1, max-image-preview:large, max-video-preview:-1\" \/>\n<link rel=\"canonical\" href=\"https:\/\/informelitoral.com.ar\/stratta-el-camino-de-esperanza-que-transitamos-nos-necesita-unidos-en-el-dialogo-y-en-la-construccion-de-consenso\/\" \/>\n<meta property=\"og:locale\" content=\"es_ES\" \/>\n<meta property=\"og:type\" content=\"article\" \/>\n<meta property=\"og:title\" content=\"Stratta: \u201cEl camino de esperanza que transitamos nos necesita unidos en el di\u00e1logo y en la construcci\u00f3n de consenso&quot; - Informe Litoral\" \/>\n<meta property=\"og:description\" content=\"Al t\u00e9rmino del discurso del gobernador Gustavo Bordet ante la Asamblea Legislativa 2022, la vicegobernadora Laura Stratta se refiri\u00f3 a las palabras del mandatario entrerriano. Opinaron, adem\u00e1s, la senadora Claudia Gieco y los presidentes de bloque de la C\u00e1mara alta.\" \/>\n<meta property=\"og:url\" content=\"https:\/\/informelitoral.com.ar\/stratta-el-camino-de-esperanza-que-transitamos-nos-necesita-unidos-en-el-dialogo-y-en-la-construccion-de-consenso\/\" \/>\n<meta property=\"og:site_name\" content=\"Informe Litoral\" \/>\n<meta property=\"article:publisher\" content=\"https:\/\/www.facebook.com\/informelitoral\/\" \/>\n<meta property=\"article:published_time\" content=\"2022-02-16T13:16:34+00:00\" \/>\n<meta property=\"og:image\" content=\"https:\/\/informelitoral.com.ar\/%77%70%2d%63%6f%6e%74%65%6e%74\/uploads\/2022\/02\/p_1645006792.jpg\" \/>\n\t<meta property=\"og:image:width\" content=\"1920\" \/>\n\t<meta property=\"og:image:height\" content=\"800\" \/>\n\t<meta property=\"og:image:type\" content=\"image\/jpeg\" \/>\n<meta name=\"author\" content=\"Sebastian\" \/>\n<meta name=\"twitter:card\" content=\"summary_large_image\" \/>\n<meta name=\"twitter:creator\" content=\"@InformeLitoral\" \/>\n<meta name=\"twitter:site\" content=\"@InformeLitoral\" \/>\n<meta name=\"twitter:label1\" content=\"Escrito por\" \/>\n\t<meta name=\"twitter:data1\" content=\"Sebastian\" \/>\n\t<meta name=\"twitter:label2\" content=\"Tiempo de lectura\" \/>\n\t<meta name=\"twitter:data2\" content=\"3 minutos\" \/>\n<script type=\"application\/ld+json\" class=\"yoast-schema-graph\">{\"@context\":\"https:\\\/\\\/schema.org\",\"@graph\":[{\"@type\":\"Article\",\"@id\":\"https:\\\/\\\/informelitoral.com.ar\\\/stratta-el-camino-de-esperanza-que-transitamos-nos-necesita-unidos-en-el-dialogo-y-en-la-construccion-de-consenso\\\/#article\",\"isPartOf\":{\"@id\":\"https:\\\/\\\/informelitoral.com.ar\\\/stratta-el-camino-de-esperanza-que-transitamos-nos-necesita-unidos-en-el-dialogo-y-en-la-construccion-de-consenso\\\/\"},\"author\":{\"name\":\"Sebastian\",\"@id\":\"https:\\\/\\\/informelitoral.com.ar\\\/#\\\/schema\\\/person\\\/f05f9f461677119578717524b127d6d5\"},\"headline\":\"Stratta: \u201cEl camino de esperanza que transitamos nos necesita unidos en el di\u00e1logo y en la construcci\u00f3n de consenso\u00bb\",\"datePublished\":\"2022-02-16T13:16:34+00:00\",\"mainEntityOfPage\":{\"@id\":\"https:\\\/\\\/informelitoral.com.ar\\\/stratta-el-camino-de-esperanza-que-transitamos-nos-necesita-unidos-en-el-dialogo-y-en-la-construccion-de-consenso\\\/\"},\"wordCount\":676,\"commentCount\":0,\"publisher\":{\"@id\":\"https:\\\/\\\/informelitoral.com.ar\\\/#organization\"},\"image\":{\"@id\":\"https:\\\/\\\/informelitoral.com.ar\\\/stratta-el-camino-de-esperanza-que-transitamos-nos-necesita-unidos-en-el-dialogo-y-en-la-construccion-de-consenso\\\/#primaryimage\"},\"thumbnailUrl\":\"https:\\\/\\\/informelitoral.com.ar\\\/%77%70%2d%63%6f%6e%74%65%6e%74\\\/uploads\\\/2022\\\/02\\\/p_1645006792.jpg\",\"keywords\":[\"Asamblea legislativa\",\"Laura Stratta\"],\"articleSection\":[\"Entre R\u00edos\"],\"inLanguage\":\"es\",\"potentialAction\":[{\"@type\":\"CommentAction\",\"name\":\"Comment\",\"target\":[\"https:\\\/\\\/informelitoral.com.ar\\\/stratta-el-camino-de-esperanza-que-transitamos-nos-necesita-unidos-en-el-dialogo-y-en-la-construccion-de-consenso\\\/#respond\"]}]},{\"@type\":\"WebPage\",\"@id\":\"https:\\\/\\\/informelitoral.com.ar\\\/stratta-el-camino-de-esperanza-que-transitamos-nos-necesita-unidos-en-el-dialogo-y-en-la-construccion-de-consenso\\\/\",\"url\":\"https:\\\/\\\/informelitoral.com.ar\\\/stratta-el-camino-de-esperanza-que-transitamos-nos-necesita-unidos-en-el-dialogo-y-en-la-construccion-de-consenso\\\/\",\"name\":\"Stratta: \u201cEl camino de esperanza que transitamos nos necesita unidos en el di\u00e1logo y en la construcci\u00f3n de consenso\\\" - Informe Litoral\",\"isPartOf\":{\"@id\":\"https:\\\/\\\/informelitoral.com.ar\\\/#website\"},\"primaryImageOfPage\":{\"@id\":\"https:\\\/\\\/informelitoral.com.ar\\\/stratta-el-camino-de-esperanza-que-transitamos-nos-necesita-unidos-en-el-dialogo-y-en-la-construccion-de-consenso\\\/#primaryimage\"},\"image\":{\"@id\":\"https:\\\/\\\/informelitoral.com.ar\\\/stratta-el-camino-de-esperanza-que-transitamos-nos-necesita-unidos-en-el-dialogo-y-en-la-construccion-de-consenso\\\/#primaryimage\"},\"thumbnailUrl\":\"https:\\\/\\\/informelitoral.com.ar\\\/%77%70%2d%63%6f%6e%74%65%6e%74\\\/uploads\\\/2022\\\/02\\\/p_1645006792.jpg\",\"datePublished\":\"2022-02-16T13:16:34+00:00\",\"breadcrumb\":{\"@id\":\"https:\\\/\\\/informelitoral.com.ar\\\/stratta-el-camino-de-esperanza-que-transitamos-nos-necesita-unidos-en-el-dialogo-y-en-la-construccion-de-consenso\\\/#breadcrumb\"},\"inLanguage\":\"es\",\"potentialAction\":[{\"@type\":\"ReadAction\",\"target\":[\"https:\\\/\\\/informelitoral.com.ar\\\/stratta-el-camino-de-esperanza-que-transitamos-nos-necesita-unidos-en-el-dialogo-y-en-la-construccion-de-consenso\\\/\"]}]},{\"@type\":\"ImageObject\",\"inLanguage\":\"es\",\"@id\":\"https:\\\/\\\/informelitoral.com.ar\\\/stratta-el-camino-de-esperanza-que-transitamos-nos-necesita-unidos-en-el-dialogo-y-en-la-construccion-de-consenso\\\/#primaryimage\",\"url\":\"https:\\\/\\\/informelitoral.com.ar\\\/%77%70%2d%63%6f%6e%74%65%6e%74\\\/uploads\\\/2022\\\/02\\\/p_1645006792.jpg\",\"contentUrl\":\"https:\\\/\\\/informelitoral.com.ar\\\/%77%70%2d%63%6f%6e%74%65%6e%74\\\/uploads\\\/2022\\\/02\\\/p_1645006792.jpg\",\"width\":1920,\"height\":800},{\"@type\":\"BreadcrumbList\",\"@id\":\"https:\\\/\\\/informelitoral.com.ar\\\/stratta-el-camino-de-esperanza-que-transitamos-nos-necesita-unidos-en-el-dialogo-y-en-la-construccion-de-consenso\\\/#breadcrumb\",\"itemListElement\":[{\"@type\":\"ListItem\",\"position\":1,\"name\":\"Portada\",\"item\":\"https:\\\/\\\/informelitoral.com.ar\\\/\"},{\"@type\":\"ListItem\",\"position\":2,\"name\":\"Stratta: \u201cEl camino de esperanza que transitamos nos necesita unidos en el di\u00e1logo y en la construcci\u00f3n de consenso\u00bb\"}]},{\"@type\":\"WebSite\",\"@id\":\"https:\\\/\\\/informelitoral.com.ar\\\/#website\",\"url\":\"https:\\\/\\\/informelitoral.com.ar\\\/\",\"name\":\"Informe Litoral\",\"description\":\"&quot;Nos informamos&quot; \",\"publisher\":{\"@id\":\"https:\\\/\\\/informelitoral.com.ar\\\/#organization\"},\"potentialAction\":[{\"@type\":\"SearchAction\",\"target\":{\"@type\":\"EntryPoint\",\"urlTemplate\":\"https:\\\/\\\/informelitoral.com.ar\\\/?s={search_term_string}\"},\"query-input\":{\"@type\":\"PropertyValueSpecification\",\"valueRequired\":true,\"valueName\":\"search_term_string\"}}],\"inLanguage\":\"es\"},{\"@type\":\"Organization\",\"@id\":\"https:\\\/\\\/informelitoral.com.ar\\\/#organization\",\"name\":\"Informe Litoral\",\"url\":\"https:\\\/\\\/informelitoral.com.ar\\\/\",\"logo\":{\"@type\":\"ImageObject\",\"inLanguage\":\"es\",\"@id\":\"https:\\\/\\\/informelitoral.com.ar\\\/#\\\/schema\\\/logo\\\/image\\\/\",\"url\":\"https:\\\/\\\/informelitoral.com.ar\\\/%77%70%2d%63%6f%6e%74%65%6e%74\\\/uploads\\\/2021\\\/01\\\/circulo.png\",\"contentUrl\":\"https:\\\/\\\/informelitoral.com.ar\\\/%77%70%2d%63%6f%6e%74%65%6e%74\\\/uploads\\\/2021\\\/01\\\/circulo.png\",\"width\":723,\"height\":731,\"caption\":\"Informe Litoral\"},\"image\":{\"@id\":\"https:\\\/\\\/informelitoral.com.ar\\\/#\\\/schema\\\/logo\\\/image\\\/\"},\"sameAs\":[\"https:\\\/\\\/www.facebook.com\\\/informelitoral\\\/\",\"https:\\\/\\\/x.com\\\/InformeLitoral\",\"https:\\\/\\\/www.instagram.com\\\/informelitoral\\\/\",\"https:\\\/\\\/www.youtube.com\\\/channel\\\/UCua4Qvz8Icb6MYqhoq9xLXw\"]},{\"@type\":\"Person\",\"@id\":\"https:\\\/\\\/informelitoral.com.ar\\\/#\\\/schema\\\/person\\\/f05f9f461677119578717524b127d6d5\",\"name\":\"Sebastian\",\"image\":{\"@type\":\"ImageObject\",\"inLanguage\":\"es\",\"@id\":\"https:\\\/\\\/secure.gravatar.com\\\/avatar\\\/b71bf7481d447dfb9583c7f2798e7cc64de6efb9067b74633ed8c31059a3bd82?s=96&d=mm&r=g\",\"url\":\"https:\\\/\\\/secure.gravatar.com\\\/avatar\\\/b71bf7481d447dfb9583c7f2798e7cc64de6efb9067b74633ed8c31059a3bd82?s=96&d=mm&r=g\",\"contentUrl\":\"https:\\\/\\\/secure.gravatar.com\\\/avatar\\\/b71bf7481d447dfb9583c7f2798e7cc64de6efb9067b74633ed8c31059a3bd82?s=96&d=mm&r=g\",\"caption\":\"Sebastian\"},\"url\":\"https:\\\/\\\/informelitoral.com.ar\\\/author\\\/sebastian\\\/\"}]}<\/script>","yoast_head_json":{"title":"Stratta: \u201cEl camino de esperanza que transitamos nos necesita unidos en el di\u00e1logo y en la construcci\u00f3n de consenso\" - Informe Litoral","robots":{"index":"index","follow":"follow","max-snippet":"max-snippet:-1","max-image-preview":"max-image-preview:large","max-video-preview":"max-video-preview:-1"},"canonical":"https:\/\/informelitoral.com.ar\/stratta-el-camino-de-esperanza-que-transitamos-nos-necesita-unidos-en-el-dialogo-y-en-la-construccion-de-consenso\/","og_locale":"es_ES","og_type":"article","og_title":"Stratta: \u201cEl camino de esperanza que transitamos nos necesita unidos en el di\u00e1logo y en la construcci\u00f3n de consenso\" - Informe Litoral","og_description":"Al t\u00e9rmino del discurso del gobernador Gustavo Bordet ante la Asamblea Legislativa 2022, la vicegobernadora Laura Stratta se refiri\u00f3 a las palabras del mandatario entrerriano. Opinaron, adem\u00e1s, la senadora Claudia Gieco y los presidentes de bloque de la C\u00e1mara alta.","og_url":"https:\/\/informelitoral.com.ar\/stratta-el-camino-de-esperanza-que-transitamos-nos-necesita-unidos-en-el-dialogo-y-en-la-construccion-de-consenso\/","og_site_name":"Informe Litoral","article_publisher":"https:\/\/www.facebook.com\/informelitoral\/","article_published_time":"2022-02-16T13:16:34+00:00","og_image":[{"width":1920,"height":800,"url":"https:\/\/informelitoral.com.ar\/%77%70%2d%63%6f%6e%74%65%6e%74\/uploads\/2022\/02\/p_1645006792.jpg","type":"image\/jpeg"}],"author":"Sebastian","twitter_card":"summary_large_image","twitter_creator":"@InformeLitoral","twitter_site":"@InformeLitoral","twitter_misc":{"Escrito por":"Sebastian","Tiempo de lectura":"3 minutos"},"schema":{"@context":"https:\/\/schema.org","@graph":[{"@type":"Article","@id":"https:\/\/informelitoral.com.ar\/stratta-el-camino-de-esperanza-que-transitamos-nos-necesita-unidos-en-el-dialogo-y-en-la-construccion-de-consenso\/#article","isPartOf":{"@id":"https:\/\/informelitoral.com.ar\/stratta-el-camino-de-esperanza-que-transitamos-nos-necesita-unidos-en-el-dialogo-y-en-la-construccion-de-consenso\/"},"author":{"name":"Sebastian","@id":"https:\/\/informelitoral.com.ar\/#\/schema\/person\/f05f9f461677119578717524b127d6d5"},"headline":"Stratta: \u201cEl camino de esperanza que transitamos nos necesita unidos en el di\u00e1logo y en la construcci\u00f3n de consenso\u00bb","datePublished":"2022-02-16T13:16:34+00:00","mainEntityOfPage":{"@id":"https:\/\/informelitoral.com.ar\/stratta-el-camino-de-esperanza-que-transitamos-nos-necesita-unidos-en-el-dialogo-y-en-la-construccion-de-consenso\/"},"wordCount":676,"commentCount":0,"publisher":{"@id":"https:\/\/informelitoral.com.ar\/#organization"},"image":{"@id":"https:\/\/informelitoral.com.ar\/stratta-el-camino-de-esperanza-que-transitamos-nos-necesita-unidos-en-el-dialogo-y-en-la-construccion-de-consenso\/#primaryimage"},"thumbnailUrl":"https:\/\/informelitoral.com.ar\/%77%70%2d%63%6f%6e%74%65%6e%74\/uploads\/2022\/02\/p_1645006792.jpg","keywords":["Asamblea legislativa","Laura Stratta"],"articleSection":["Entre R\u00edos"],"inLanguage":"es","potentialAction":[{"@type":"CommentAction","name":"Comment","target":["https:\/\/informelitoral.com.ar\/stratta-el-camino-de-esperanza-que-transitamos-nos-necesita-unidos-en-el-dialogo-y-en-la-construccion-de-consenso\/#respond"]}]},{"@type":"WebPage","@id":"https:\/\/informelitoral.com.ar\/stratta-el-camino-de-esperanza-que-transitamos-nos-necesita-unidos-en-el-dialogo-y-en-la-construccion-de-consenso\/","url":"https:\/\/informelitoral.com.ar\/stratta-el-camino-de-esperanza-que-transitamos-nos-necesita-unidos-en-el-dialogo-y-en-la-construccion-de-consenso\/","name":"Stratta: \u201cEl camino de esperanza que transitamos nos necesita unidos en el di\u00e1logo y en la construcci\u00f3n de consenso\" - Informe Litoral","isPartOf":{"@id":"https:\/\/informelitoral.com.ar\/#website"},"primaryImageOfPage":{"@id":"https:\/\/informelitoral.com.ar\/stratta-el-camino-de-esperanza-que-transitamos-nos-necesita-unidos-en-el-dialogo-y-en-la-construccion-de-consenso\/#primaryimage"},"image":{"@id":"https:\/\/informelitoral.com.ar\/stratta-el-camino-de-esperanza-que-transitamos-nos-necesita-unidos-en-el-dialogo-y-en-la-construccion-de-consenso\/#primaryimage"},"thumbnailUrl":"https:\/\/informelitoral.com.ar\/%77%70%2d%63%6f%6e%74%65%6e%74\/uploads\/2022\/02\/p_1645006792.jpg","datePublished":"2022-02-16T13:16:34+00:00","breadcrumb":{"@id":"https:\/\/informelitoral.com.ar\/stratta-el-camino-de-esperanza-que-transitamos-nos-necesita-unidos-en-el-dialogo-y-en-la-construccion-de-consenso\/#breadcrumb"},"inLanguage":"es","potentialAction":[{"@type":"ReadAction","target":["https:\/\/informelitoral.com.ar\/stratta-el-camino-de-esperanza-que-transitamos-nos-necesita-unidos-en-el-dialogo-y-en-la-construccion-de-consenso\/"]}]},{"@type":"ImageObject","inLanguage":"es","@id":"https:\/\/informelitoral.com.ar\/stratta-el-camino-de-esperanza-que-transitamos-nos-necesita-unidos-en-el-dialogo-y-en-la-construccion-de-consenso\/#primaryimage","url":"https:\/\/informelitoral.com.ar\/%77%70%2d%63%6f%6e%74%65%6e%74\/uploads\/2022\/02\/p_1645006792.jpg","contentUrl":"https:\/\/informelitoral.com.ar\/%77%70%2d%63%6f%6e%74%65%6e%74\/uploads\/2022\/02\/p_1645006792.jpg","width":1920,"height":800},{"@type":"BreadcrumbList","@id":"https:\/\/informelitoral.com.ar\/stratta-el-camino-de-esperanza-que-transitamos-nos-necesita-unidos-en-el-dialogo-y-en-la-construccion-de-consenso\/#breadcrumb","itemListElement":[{"@type":"ListItem","position":1,"name":"Portada","item":"https:\/\/informelitoral.com.ar\/"},{"@type":"ListItem","position":2,"name":"Stratta: \u201cEl camino de esperanza que transitamos nos necesita unidos en el di\u00e1logo y en la construcci\u00f3n de consenso\u00bb"}]},{"@type":"WebSite","@id":"https:\/\/informelitoral.com.ar\/#website","url":"https:\/\/informelitoral.com.ar\/","name":"Informe Litoral","description":"&quot;Nos informamos&quot; ","publisher":{"@id":"https:\/\/informelitoral.com.ar\/#organization"},"potentialAction":[{"@type":"SearchAction","target":{"@type":"EntryPoint","urlTemplate":"https:\/\/informelitoral.com.ar\/?s={search_term_string}"},"query-input":{"@type":"PropertyValueSpecification","valueRequired":true,"valueName":"search_term_string"}}],"inLanguage":"es"},{"@type":"Organization","@id":"https:\/\/informelitoral.com.ar\/#organization","name":"Informe Litoral","url":"https:\/\/informelitoral.com.ar\/","logo":{"@type":"ImageObject","inLanguage":"es","@id":"https:\/\/informelitoral.com.ar\/#\/schema\/logo\/image\/","url":"https:\/\/informelitoral.com.ar\/%77%70%2d%63%6f%6e%74%65%6e%74\/uploads\/2021\/01\/circulo.png","contentUrl":"https:\/\/informelitoral.com.ar\/%77%70%2d%63%6f%6e%74%65%6e%74\/uploads\/2021\/01\/circulo.png","width":723,"height":731,"caption":"Informe Litoral"},"image":{"@id":"https:\/\/informelitoral.com.ar\/#\/schema\/logo\/image\/"},"sameAs":["https:\/\/www.facebook.com\/informelitoral\/","https:\/\/x.com\/InformeLitoral","https:\/\/www.instagram.com\/informelitoral\/","https:\/\/www.youtube.com\/channel\/UCua4Qvz8Icb6MYqhoq9xLXw"]},{"@type":"Person","@id":"https:\/\/informelitoral.com.ar\/#\/schema\/person\/f05f9f461677119578717524b127d6d5","name":"Sebastian","image":{"@type":"ImageObject","inLanguage":"es","@id":"https:\/\/secure.gravatar.com\/avatar\/b71bf7481d447dfb9583c7f2798e7cc64de6efb9067b74633ed8c31059a3bd82?s=96&d=mm&r=g","url":"https:\/\/secure.gravatar.com\/avatar\/b71bf7481d447dfb9583c7f2798e7cc64de6efb9067b74633ed8c31059a3bd82?s=96&d=mm&r=g","contentUrl":"https:\/\/secure.gravatar.com\/avatar\/b71bf7481d447dfb9583c7f2798e7cc64de6efb9067b74633ed8c31059a3bd82?s=96&d=mm&r=g","caption":"Sebastian"},"url":"https:\/\/informelitoral.com.ar\/author\/sebastian\/"}]}},"_links":{"self":[{"href":"https:\/\/informelitoral.com.ar\/%77%70%2d%6a%73%6f%6e\/wp\/v2\/posts\/71879","targetHints":{"allow":["GET"]}}],"collection":[{"href":"https:\/\/informelitoral.com.ar\/%77%70%2d%6a%73%6f%6e\/wp\/v2\/posts"}],"about":[{"href":"https:\/\/informelitoral.com.ar\/%77%70%2d%6a%73%6f%6e\/wp\/v2\/types\/post"}],"author":[{"embeddable":true,"href":"https:\/\/informelitoral.com.ar\/%77%70%2d%6a%73%6f%6e\/wp\/v2\/users\/8"}],"replies":[{"embeddable":true,"href":"https:\/\/informelitoral.com.ar\/%77%70%2d%6a%73%6f%6e\/wp\/v2\/comments?post=71879"}],"version-history":[{"count":0,"href":"https:\/\/informelitoral.com.ar\/%77%70%2d%6a%73%6f%6e\/wp\/v2\/posts\/71879\/revisions"}],"wp:featuredmedia":[{"embeddable":true,"href":"https:\/\/informelitoral.com.ar\/%77%70%2d%6a%73%6f%6e\/wp\/v2\/media\/71880"}],"wp:attachment":[{"href":"https:\/\/informelitoral.com.ar\/%77%70%2d%6a%73%6f%6e\/wp\/v2\/media?parent=71879"}],"wp:term":[{"taxonomy":"category","embeddable":true,"href":"https:\/\/informelitoral.com.ar\/%77%70%2d%6a%73%6f%6e\/wp\/v2\/categories?post=71879"},{"taxonomy":"post_tag","embeddable":true,"href":"https:\/\/informelitoral.com.ar\/%77%70%2d%6a%73%6f%6e\/wp\/v2\/tags?post=71879"}],"curies":[{"name":"wp","href":"https:\/\/api.w.org\/{rel}","templated":true}]}}